{"id":8539,"date":"2026-01-21T20:54:27","date_gmt":"2026-01-22T00:54:27","guid":{"rendered":"https:\/\/innoticiasbo.com\/?p=8539"},"modified":"2026-01-21T20:54:27","modified_gmt":"2026-01-22T00:54:27","slug":"feminicida-que-termino-con-la-vida-de-ingrid-es-condenado-con-30-anos-de-carcel","status":"publish","type":"post","link":"https:\/\/innoticiasbo.com\/index.php\/2026\/01\/21\/feminicida-que-termino-con-la-vida-de-ingrid-es-condenado-con-30-anos-de-carcel\/","title":{"rendered":"FEMINICIDA QUE TERMIN\u00d3 CON LA VIDA DE INGRID ES CONDENADO CON 30 A\u00d1OS DE C\u00c1RCEL&nbsp;"},"content":{"rendered":"\n<p class=\"p1\">Cochabamba, 21 de enero, 2026.- El Fiscal Departamental de Cochabamba, Osvaldo Tejerina R\u00edos, inform\u00f3 que, en audiencia de medidas cautelares, se demostr\u00f3 que Omar M.A.R., de 43 a\u00f1os de edad, es autor del delito de Feminicidio cometido en contra de su novia Ingrid L.C.C., de 30 a\u00f1os, mam\u00e1 de dos ni\u00f1os. Ante la evidencias el Juzgado de Instrucci\u00f3n Penal, Anticorrupci\u00f3n y Contra la Violencia a la Mujer N\u00ba 2 de Sacaba dict\u00f3 sentencia de 30 a\u00f1os de presidio sin derecho a indulto en el penal de m\u00e1xima seguridad de El Abra. Los actos investigativos realizados por el Equipo Multidisciplinario de la Fiscal\u00eda Especializada en Delitos contra la Vida permitieron que en menos de 48 horas este caso sea resuelto.<\/p>\n\n\n\n<p class=\"p1\">\u201cLa Fiscal\u00eda present\u00f3 todos los elementos probatorios colectados de manera preliminar como el acta de inspecci\u00f3n ocular, certificado m\u00e9dico forense, declaraciones testificales, entre otras pruebas que demuestran de manera contundente que el sujeto es autor del delito, mismo que, al verse descubierto, reconoci\u00f3 haber cometido el crimen y solicit\u00f3 someterse a la salida alternativa de procedimiento abreviado, que fue debidamente valoradas por la autoridad jurisdiccional y estableci\u00f3 la condena\u201d, se\u00f1al\u00f3 Tejerina.<\/p>\n\n\n\n<p class=\"p1\">La autoridad explic\u00f3 que, de acuerdo a los antecedentes, el 19 de enero de 2026, a horas 11:00 a.m., el Ministerio Publico fue alertado sobre la existencia del cuerpo de una persona de sexo femenino, con evidentes signos de violencia, al interior de un inmueble ubicado en la zona El Abra, OTB. Luis Espinal, donde se tom\u00f3 contacto con la madre de la v\u00edctima, quien manifest\u00f3 que desde el d\u00eda s\u00e1bado buscaban a su hija apuntando como principal sospechoso a Omar, quien luego de su aprehensi\u00f3n, confes\u00f3 detalladamente el hecho. La v\u00edctima dej\u00f3 en la orfandad a dos hijos de 10 y 6 a\u00f1os de edad.<\/p>\n\n\n\n<p class=\"p1\">Fuente: FGE<\/p>\n","protected":false},"excerpt":{"rendered":"<p>Cochabamba, 21 de enero, 2026.- El Fiscal Departamental de Cochabamba, Osvaldo Tejerina R\u00edos, inform\u00f3 que, en audiencia de medidas cautelares, se demostr\u00f3 que Omar M.A.R., de 43 a\u00f1os de edad, es autor del delito de Feminicidio cometido en contra de su novia Ingrid L.C.C., de 30 a\u00f1os, mam\u00e1 de dos ni\u00f1os. Ante la evidencias el&#8230;<\/p>\n","protected":false},"author":6,"featured_media":8538,"comment_status":"closed","ping_status":"open","sticky":false,"template":"","format":"standard","meta":{"_jetpack_memberships_contains_paid_content":false,"footnotes":"","jetpack_publicize_message":"FEMINICIDA QUE TERMIN\u00d3 CON LA VIDA DE INGRID ES CONDENADO CON 30 A\u00d1OS DE C\u00c1RCEL","jetpack_publicize_feature_enabled":true,"jetpack_social_post_already_shared":true,"jetpack_social_options":{"image_generator_settings":{"template":"highway","enabled":false},"version":2}},"categories":[1],"tags":[],"class_list":["post-8539","post","type-post","status-publish","format-standard","has-post-thumbnail","hentry","category-bolivia"],"jetpack_publicize_connections":[],"yoast_head":"<!-- This site is optimized with the Yoast SEO plugin v23.4 - https:\/\/yoast.com\/wordpress\/plugins\/seo\/ -->\n<title>FEMINICIDA QUE TERMIN\u00d3 CON LA VIDA DE INGRID ES CONDENADO CON 30 A\u00d1OS DE C\u00c1RCEL&nbsp; - innoticiasbo.com<\/title>\n<meta name=\"robots\" content=\"index, follow, max-snippet:-1, max-image-preview:large, max-video-preview:-1\" \/>\n<link rel=\"canonical\" href=\"https:\/\/innoticiasbo.com\/index.php\/2026\/01\/21\/feminicida-que-termino-con-la-vida-de-ingrid-es-condenado-con-30-anos-de-carcel\/\" \/>\n<meta property=\"og:locale\" content=\"es_ES\" \/>\n<meta property=\"og:type\" content=\"article\" \/>\n<meta property=\"og:title\" content=\"FEMINICIDA QUE TERMIN\u00d3 CON LA VIDA DE INGRID ES CONDENADO CON 30 A\u00d1OS DE C\u00c1RCEL&nbsp; - innoticiasbo.com\" \/>\n<meta property=\"og:description\" content=\"Cochabamba, 21 de enero, 2026.- El Fiscal Departamental de Cochabamba, Osvaldo Tejerina R\u00edos, inform\u00f3 que, en audiencia de medidas cautelares, se demostr\u00f3 que Omar M.A.R., de 43 a\u00f1os de edad, es autor del delito de Feminicidio cometido en contra de su novia Ingrid L.C.C., de 30 a\u00f1os, mam\u00e1 de dos ni\u00f1os. Ante la evidencias el...\" \/>\n<meta property=\"og:url\" content=\"https:\/\/innoticiasbo.com\/index.php\/2026\/01\/21\/feminicida-que-termino-con-la-vida-de-ingrid-es-condenado-con-30-anos-de-carcel\/\" \/>\n<meta property=\"og:site_name\" content=\"innoticiasbo.com\" \/>\n<meta property=\"article:publisher\" content=\"https:\/\/www.facebook.com\/innoticiasbolivia\" \/>\n<meta property=\"article:published_time\" content=\"2026-01-22T00:54:27+00:00\" \/>\n<meta property=\"og:image\" content=\"https:\/\/i0.wp.com\/innoticiasbo.com\/wp-content\/uploads\/2026\/01\/0015068a-2b43-4f43-be98-2298a4ad9ffd.jpg?fit=431%2C538&ssl=1\" \/>\n\t<meta property=\"og:image:width\" content=\"431\" \/>\n\t<meta property=\"og:image:height\" content=\"538\" \/>\n\t<meta property=\"og:image:type\" content=\"image\/jpeg\" \/>\n<meta name=\"author\" content=\"Eliza Riva\" \/>\n<meta name=\"twitter:card\" content=\"summary_large_image\" \/>\n<meta name=\"twitter:creator\" content=\"@innoticiasbo\" \/>\n<meta name=\"twitter:site\" content=\"@innoticiasbo\" \/>\n<meta name=\"twitter:label1\" content=\"Escrito por\" \/>\n\t<meta name=\"twitter:data1\" content=\"Eliza Riva\" \/>\n\t<meta name=\"twitter:label2\" content=\"Tiempo de lectura\" \/>\n\t<meta name=\"twitter:data2\" content=\"2 minutos\" \/>\n<script type=\"application\/ld+json\" class=\"yoast-schema-graph\">{\"@context\":\"https:\/\/schema.org\",\"@graph\":[{\"@type\":\"Article\",\"@id\":\"https:\/\/innoticiasbo.com\/index.php\/2026\/01\/21\/feminicida-que-termino-con-la-vida-de-ingrid-es-condenado-con-30-anos-de-carcel\/#article\",\"isPartOf\":{\"@id\":\"https:\/\/innoticiasbo.com\/index.php\/2026\/01\/21\/feminicida-que-termino-con-la-vida-de-ingrid-es-condenado-con-30-anos-de-carcel\/\"},\"author\":{\"name\":\"Eliza Riva\",\"@id\":\"https:\/\/innoticiasbo.com\/#\/schema\/person\/8c935b6b11c0223d8f77dc01fc948202\"},\"headline\":\"FEMINICIDA QUE TERMIN\u00d3 CON LA VIDA DE INGRID ES CONDENADO CON 30 A\u00d1OS DE C\u00c1RCEL&nbsp;\",\"datePublished\":\"2026-01-22T00:54:27+00:00\",\"dateModified\":\"2026-01-22T00:54:27+00:00\",\"mainEntityOfPage\":{\"@id\":\"https:\/\/innoticiasbo.com\/index.php\/2026\/01\/21\/feminicida-que-termino-con-la-vida-de-ingrid-es-condenado-con-30-anos-de-carcel\/\"},\"wordCount\":328,\"publisher\":{\"@id\":\"https:\/\/innoticiasbo.com\/#organization\"},\"image\":{\"@id\":\"https:\/\/innoticiasbo.com\/index.php\/2026\/01\/21\/feminicida-que-termino-con-la-vida-de-ingrid-es-condenado-con-30-anos-de-carcel\/#primaryimage\"},\"thumbnailUrl\":\"https:\/\/i0.wp.com\/innoticiasbo.com\/wp-content\/uploads\/2026\/01\/0015068a-2b43-4f43-be98-2298a4ad9ffd.jpg?fit=431%2C538&ssl=1\",\"articleSection\":[\"Bolivia\"],\"inLanguage\":\"es\"},{\"@type\":\"WebPage\",\"@id\":\"https:\/\/innoticiasbo.com\/index.php\/2026\/01\/21\/feminicida-que-termino-con-la-vida-de-ingrid-es-condenado-con-30-anos-de-carcel\/\",\"url\":\"https:\/\/innoticiasbo.com\/index.php\/2026\/01\/21\/feminicida-que-termino-con-la-vida-de-ingrid-es-condenado-con-30-anos-de-carcel\/\",\"name\":\"FEMINICIDA QUE TERMIN\u00d3 CON LA VIDA DE INGRID ES CONDENADO CON 30 A\u00d1OS DE C\u00c1RCEL&nbsp; - innoticiasbo.com\",\"isPartOf\":{\"@id\":\"https:\/\/innoticiasbo.com\/#website\"},\"primaryImageOfPage\":{\"@id\":\"https:\/\/innoticiasbo.com\/index.php\/2026\/01\/21\/feminicida-que-termino-con-la-vida-de-ingrid-es-condenado-con-30-anos-de-carcel\/#primaryimage\"},\"image\":{\"@id\":\"https:\/\/innoticiasbo.com\/index.php\/2026\/01\/21\/feminicida-que-termino-con-la-vida-de-ingrid-es-condenado-con-30-anos-de-carcel\/#primaryimage\"},\"thumbnailUrl\":\"https:\/\/i0.wp.com\/innoticiasbo.com\/wp-content\/uploads\/2026\/01\/0015068a-2b43-4f43-be98-2298a4ad9ffd.jpg?fit=431%2C538&ssl=1\",\"datePublished\":\"2026-01-22T00:54:27+00:00\",\"dateModified\":\"2026-01-22T00:54:27+00:00\",\"breadcrumb\":{\"@id\":\"https:\/\/innoticiasbo.com\/index.php\/2026\/01\/21\/feminicida-que-termino-con-la-vida-de-ingrid-es-condenado-con-30-anos-de-carcel\/#breadcrumb\"},\"inLanguage\":\"es\",\"potentialAction\":[{\"@type\":\"ReadAction\",\"target\":[\"https:\/\/innoticiasbo.com\/index.php\/2026\/01\/21\/feminicida-que-termino-con-la-vida-de-ingrid-es-condenado-con-30-anos-de-carcel\/\"]}]},{\"@type\":\"ImageObject\",\"inLanguage\":\"es\",\"@id\":\"https:\/\/innoticiasbo.com\/index.php\/2026\/01\/21\/feminicida-que-termino-con-la-vida-de-ingrid-es-condenado-con-30-anos-de-carcel\/#primaryimage\",\"url\":\"https:\/\/i0.wp.com\/innoticiasbo.com\/wp-content\/uploads\/2026\/01\/0015068a-2b43-4f43-be98-2298a4ad9ffd.jpg?fit=431%2C538&ssl=1\",\"contentUrl\":\"https:\/\/i0.wp.com\/innoticiasbo.com\/wp-content\/uploads\/2026\/01\/0015068a-2b43-4f43-be98-2298a4ad9ffd.jpg?fit=431%2C538&ssl=1\",\"width\":431,\"height\":538},{\"@type\":\"BreadcrumbList\",\"@id\":\"https:\/\/innoticiasbo.com\/index.php\/2026\/01\/21\/feminicida-que-termino-con-la-vida-de-ingrid-es-condenado-con-30-anos-de-carcel\/#breadcrumb\",\"itemListElement\":[{\"@type\":\"ListItem\",\"position\":1,\"name\":\"Portada\",\"item\":\"https:\/\/innoticiasbo.com\/\"},{\"@type\":\"ListItem\",\"position\":2,\"name\":\"FEMINICIDA QUE TERMIN\u00d3 CON LA VIDA DE INGRID ES CONDENADO CON 30 A\u00d1OS DE C\u00c1RCEL&nbsp;\"}]},{\"@type\":\"WebSite\",\"@id\":\"https:\/\/innoticiasbo.com\/#website\",\"url\":\"https:\/\/innoticiasbo.com\/\",\"name\":\"innoticiasbo.com\",\"description\":\"\",\"publisher\":{\"@id\":\"https:\/\/innoticiasbo.com\/#organization\"},\"potentialAction\":[{\"@type\":\"SearchAction\",\"target\":{\"@type\":\"EntryPoint\",\"urlTemplate\":\"https:\/\/innoticiasbo.com\/?s={search_term_string}\"},\"query-input\":{\"@type\":\"PropertyValueSpecification\",\"valueRequired\":true,\"valueName\":\"search_term_string\"}}],\"inLanguage\":\"es\"},{\"@type\":\"Organization\",\"@id\":\"https:\/\/innoticiasbo.com\/#organization\",\"name\":\"innoticiasbo.com\",\"url\":\"https:\/\/innoticiasbo.com\/\",\"logo\":{\"@type\":\"ImageObject\",\"inLanguage\":\"es\",\"@id\":\"https:\/\/innoticiasbo.com\/#\/schema\/logo\/image\/\",\"url\":\"https:\/\/i0.wp.com\/innoticiasbo.com\/wp-content\/uploads\/2026\/04\/cropped-IN-LOGO.png?fit=1476%2C1476&ssl=1\",\"contentUrl\":\"https:\/\/i0.wp.com\/innoticiasbo.com\/wp-content\/uploads\/2026\/04\/cropped-IN-LOGO.png?fit=1476%2C1476&ssl=1\",\"width\":1476,\"height\":1476,\"caption\":\"innoticiasbo.com\"},\"image\":{\"@id\":\"https:\/\/innoticiasbo.com\/#\/schema\/logo\/image\/\"},\"sameAs\":[\"https:\/\/www.facebook.com\/innoticiasbolivia\",\"https:\/\/x.com\/innoticiasbo\",\"https:\/\/www.instagram.com\/innoticiasbo\",\"https:\/\/www.youtube.com\/innoticiasbo\"]},{\"@type\":\"Person\",\"@id\":\"https:\/\/innoticiasbo.com\/#\/schema\/person\/8c935b6b11c0223d8f77dc01fc948202\",\"name\":\"Eliza Riva\",\"image\":{\"@type\":\"ImageObject\",\"inLanguage\":\"es\",\"@id\":\"https:\/\/innoticiasbo.com\/#\/schema\/person\/image\/\",\"url\":\"https:\/\/secure.gravatar.com\/avatar\/fdc172c2af344133d19e57e4b7acdee4?s=96&d=mm&r=g\",\"contentUrl\":\"https:\/\/secure.gravatar.com\/avatar\/fdc172c2af344133d19e57e4b7acdee4?s=96&d=mm&r=g\",\"caption\":\"Eliza Riva\"},\"sameAs\":[\"http:\/\/www.innoticiasbo.com\"],\"url\":\"https:\/\/innoticiasbo.com\/index.php\/author\/prensa-4\/\"}]}<\/script>\n<!-- \/ Yoast SEO plugin. -->","yoast_head_json":{"title":"FEMINICIDA QUE TERMIN\u00d3 CON LA VIDA DE INGRID ES CONDENADO CON 30 A\u00d1OS DE C\u00c1RCEL&nbsp; - innoticiasbo.com","robots":{"index":"index","follow":"follow","max-snippet":"max-snippet:-1","max-image-preview":"max-image-preview:large","max-video-preview":"max-video-preview:-1"},"canonical":"https:\/\/innoticiasbo.com\/index.php\/2026\/01\/21\/feminicida-que-termino-con-la-vida-de-ingrid-es-condenado-con-30-anos-de-carcel\/","og_locale":"es_ES","og_type":"article","og_title":"FEMINICIDA QUE TERMIN\u00d3 CON LA VIDA DE INGRID ES CONDENADO CON 30 A\u00d1OS DE C\u00c1RCEL&nbsp; - innoticiasbo.com","og_description":"Cochabamba, 21 de enero, 2026.- El Fiscal Departamental de Cochabamba, Osvaldo Tejerina R\u00edos, inform\u00f3 que, en audiencia de medidas cautelares, se demostr\u00f3 que Omar M.A.R., de 43 a\u00f1os de edad, es autor del delito de Feminicidio cometido en contra de su novia Ingrid L.C.C., de 30 a\u00f1os, mam\u00e1 de dos ni\u00f1os. Ante la evidencias el...","og_url":"https:\/\/innoticiasbo.com\/index.php\/2026\/01\/21\/feminicida-que-termino-con-la-vida-de-ingrid-es-condenado-con-30-anos-de-carcel\/","og_site_name":"innoticiasbo.com","article_publisher":"https:\/\/www.facebook.com\/innoticiasbolivia","article_published_time":"2026-01-22T00:54:27+00:00","og_image":[{"width":431,"height":538,"url":"https:\/\/i0.wp.com\/innoticiasbo.com\/wp-content\/uploads\/2026\/01\/0015068a-2b43-4f43-be98-2298a4ad9ffd.jpg?fit=431%2C538&ssl=1","type":"image\/jpeg"}],"author":"Eliza Riva","twitter_card":"summary_large_image","twitter_creator":"@innoticiasbo","twitter_site":"@innoticiasbo","twitter_misc":{"Escrito por":"Eliza Riva","Tiempo de lectura":"2 minutos"},"schema":{"@context":"https:\/\/schema.org","@graph":[{"@type":"Article","@id":"https:\/\/innoticiasbo.com\/index.php\/2026\/01\/21\/feminicida-que-termino-con-la-vida-de-ingrid-es-condenado-con-30-anos-de-carcel\/#article","isPartOf":{"@id":"https:\/\/innoticiasbo.com\/index.php\/2026\/01\/21\/feminicida-que-termino-con-la-vida-de-ingrid-es-condenado-con-30-anos-de-carcel\/"},"author":{"name":"Eliza Riva","@id":"https:\/\/innoticiasbo.com\/#\/schema\/person\/8c935b6b11c0223d8f77dc01fc948202"},"headline":"FEMINICIDA QUE TERMIN\u00d3 CON LA VIDA DE INGRID ES CONDENADO CON 30 A\u00d1OS DE C\u00c1RCEL&nbsp;","datePublished":"2026-01-22T00:54:27+00:00","dateModified":"2026-01-22T00:54:27+00:00","mainEntityOfPage":{"@id":"https:\/\/innoticiasbo.com\/index.php\/2026\/01\/21\/feminicida-que-termino-con-la-vida-de-ingrid-es-condenado-con-30-anos-de-carcel\/"},"wordCount":328,"publisher":{"@id":"https:\/\/innoticiasbo.com\/#organization"},"image":{"@id":"https:\/\/innoticiasbo.com\/index.php\/2026\/01\/21\/feminicida-que-termino-con-la-vida-de-ingrid-es-condenado-con-30-anos-de-carcel\/#primaryimage"},"thumbnailUrl":"https:\/\/i0.wp.com\/innoticiasbo.com\/wp-content\/uploads\/2026\/01\/0015068a-2b43-4f43-be98-2298a4ad9ffd.jpg?fit=431%2C538&ssl=1","articleSection":["Bolivia"],"inLanguage":"es"},{"@type":"WebPage","@id":"https:\/\/innoticiasbo.com\/index.php\/2026\/01\/21\/feminicida-que-termino-con-la-vida-de-ingrid-es-condenado-con-30-anos-de-carcel\/","url":"https:\/\/innoticiasbo.com\/index.php\/2026\/01\/21\/feminicida-que-termino-con-la-vida-de-ingrid-es-condenado-con-30-anos-de-carcel\/","name":"FEMINICIDA QUE TERMIN\u00d3 CON LA VIDA DE INGRID ES CONDENADO CON 30 A\u00d1OS DE C\u00c1RCEL&nbsp; - innoticiasbo.com","isPartOf":{"@id":"https:\/\/innoticiasbo.com\/#website"},"primaryImageOfPage":{"@id":"https:\/\/innoticiasbo.com\/index.php\/2026\/01\/21\/feminicida-que-termino-con-la-vida-de-ingrid-es-condenado-con-30-anos-de-carcel\/#primaryimage"},"image":{"@id":"https:\/\/innoticiasbo.com\/index.php\/2026\/01\/21\/feminicida-que-termino-con-la-vida-de-ingrid-es-condenado-con-30-anos-de-carcel\/#primaryimage"},"thumbnailUrl":"https:\/\/i0.wp.com\/innoticiasbo.com\/wp-content\/uploads\/2026\/01\/0015068a-2b43-4f43-be98-2298a4ad9ffd.jpg?fit=431%2C538&ssl=1","datePublished":"2026-01-22T00:54:27+00:00","dateModified":"2026-01-22T00:54:27+00:00","breadcrumb":{"@id":"https:\/\/innoticiasbo.com\/index.php\/2026\/01\/21\/feminicida-que-termino-con-la-vida-de-ingrid-es-condenado-con-30-anos-de-carcel\/#breadcrumb"},"inLanguage":"es","potentialAction":[{"@type":"ReadAction","target":["https:\/\/innoticiasbo.com\/index.php\/2026\/01\/21\/feminicida-que-termino-con-la-vida-de-ingrid-es-condenado-con-30-anos-de-carcel\/"]}]},{"@type":"ImageObject","inLanguage":"es","@id":"https:\/\/innoticiasbo.com\/index.php\/2026\/01\/21\/feminicida-que-termino-con-la-vida-de-ingrid-es-condenado-con-30-anos-de-carcel\/#primaryimage","url":"https:\/\/i0.wp.com\/innoticiasbo.com\/wp-content\/uploads\/2026\/01\/0015068a-2b43-4f43-be98-2298a4ad9ffd.jpg?fit=431%2C538&ssl=1","contentUrl":"https:\/\/i0.wp.com\/innoticiasbo.com\/wp-content\/uploads\/2026\/01\/0015068a-2b43-4f43-be98-2298a4ad9ffd.jpg?fit=431%2C538&ssl=1","width":431,"height":538},{"@type":"BreadcrumbList","@id":"https:\/\/innoticiasbo.com\/index.php\/2026\/01\/21\/feminicida-que-termino-con-la-vida-de-ingrid-es-condenado-con-30-anos-de-carcel\/#breadcrumb","itemListElement":[{"@type":"ListItem","position":1,"name":"Portada","item":"https:\/\/innoticiasbo.com\/"},{"@type":"ListItem","position":2,"name":"FEMINICIDA QUE TERMIN\u00d3 CON LA VIDA DE INGRID ES CONDENADO CON 30 A\u00d1OS DE C\u00c1RCEL&nbsp;"}]},{"@type":"WebSite","@id":"https:\/\/innoticiasbo.com\/#website","url":"https:\/\/innoticiasbo.com\/","name":"innoticiasbo.com","description":"","publisher":{"@id":"https:\/\/innoticiasbo.com\/#organization"},"potentialAction":[{"@type":"SearchAction","target":{"@type":"EntryPoint","urlTemplate":"https:\/\/innoticiasbo.com\/?s={search_term_string}"},"query-input":{"@type":"PropertyValueSpecification","valueRequired":true,"valueName":"search_term_string"}}],"inLanguage":"es"},{"@type":"Organization","@id":"https:\/\/innoticiasbo.com\/#organization","name":"innoticiasbo.com","url":"https:\/\/innoticiasbo.com\/","logo":{"@type":"ImageObject","inLanguage":"es","@id":"https:\/\/innoticiasbo.com\/#\/schema\/logo\/image\/","url":"https:\/\/i0.wp.com\/innoticiasbo.com\/wp-content\/uploads\/2026\/04\/cropped-IN-LOGO.png?fit=1476%2C1476&ssl=1","contentUrl":"https:\/\/i0.wp.com\/innoticiasbo.com\/wp-content\/uploads\/2026\/04\/cropped-IN-LOGO.png?fit=1476%2C1476&ssl=1","width":1476,"height":1476,"caption":"innoticiasbo.com"},"image":{"@id":"https:\/\/innoticiasbo.com\/#\/schema\/logo\/image\/"},"sameAs":["https:\/\/www.facebook.com\/innoticiasbolivia","https:\/\/x.com\/innoticiasbo","https:\/\/www.instagram.com\/innoticiasbo","https:\/\/www.youtube.com\/innoticiasbo"]},{"@type":"Person","@id":"https:\/\/innoticiasbo.com\/#\/schema\/person\/8c935b6b11c0223d8f77dc01fc948202","name":"Eliza Riva","image":{"@type":"ImageObject","inLanguage":"es","@id":"https:\/\/innoticiasbo.com\/#\/schema\/person\/image\/","url":"https:\/\/secure.gravatar.com\/avatar\/fdc172c2af344133d19e57e4b7acdee4?s=96&d=mm&r=g","contentUrl":"https:\/\/secure.gravatar.com\/avatar\/fdc172c2af344133d19e57e4b7acdee4?s=96&d=mm&r=g","caption":"Eliza Riva"},"sameAs":["http:\/\/www.innoticiasbo.com"],"url":"https:\/\/innoticiasbo.com\/index.php\/author\/prensa-4\/"}]}},"jetpack_featured_media_url":"https:\/\/i0.wp.com\/innoticiasbo.com\/wp-content\/uploads\/2026\/01\/0015068a-2b43-4f43-be98-2298a4ad9ffd.jpg?fit=431%2C538&ssl=1","jetpack_likes_enabled":true,"jetpack_sharing_enabled":true,"jetpack_shortlink":"https:\/\/wp.me\/pg298x-2dJ","_links":{"self":[{"href":"https:\/\/innoticiasbo.com\/index.php\/wp-json\/wp\/v2\/posts\/8539","targetHints":{"allow":["GET"]}}],"collection":[{"href":"https:\/\/innoticiasbo.com\/index.php\/wp-json\/wp\/v2\/posts"}],"about":[{"href":"https:\/\/innoticiasbo.com\/index.php\/wp-json\/wp\/v2\/types\/post"}],"author":[{"embeddable":true,"href":"https:\/\/innoticiasbo.com\/index.php\/wp-json\/wp\/v2\/users\/6"}],"replies":[{"embeddable":true,"href":"https:\/\/innoticiasbo.com\/index.php\/wp-json\/wp\/v2\/comments?post=8539"}],"version-history":[{"count":1,"href":"https:\/\/innoticiasbo.com\/index.php\/wp-json\/wp\/v2\/posts\/8539\/revisions"}],"predecessor-version":[{"id":8540,"href":"https:\/\/innoticiasbo.com\/index.php\/wp-json\/wp\/v2\/posts\/8539\/revisions\/8540"}],"wp:featuredmedia":[{"embeddable":true,"href":"https:\/\/innoticiasbo.com\/index.php\/wp-json\/wp\/v2\/media\/8538"}],"wp:attachment":[{"href":"https:\/\/innoticiasbo.com\/index.php\/wp-json\/wp\/v2\/media?parent=8539"}],"wp:term":[{"taxonomy":"category","embeddable":true,"href":"https:\/\/innoticiasbo.com\/index.php\/wp-json\/wp\/v2\/categories?post=8539"},{"taxonomy":"post_tag","embeddable":true,"href":"https:\/\/innoticiasbo.com\/index.php\/wp-json\/wp\/v2\/tags?post=8539"}],"curies":[{"name":"wp","href":"https:\/\/api.w.org\/{rel}","templated":true}]}}