{"id":8533,"date":"2026-01-21T20:09:29","date_gmt":"2026-01-22T00:09:29","guid":{"rendered":"https:\/\/innoticiasbo.com\/?p=8533"},"modified":"2026-01-21T20:09:58","modified_gmt":"2026-01-22T00:09:58","slug":"sabemos-lo-que-tenemos-que-hacer-manfred-presenta-su-plan-de-gobierno-2026-2031-a-la-prensa-cochabambina","status":"publish","type":"post","link":"https:\/\/innoticiasbo.com\/index.php\/2026\/01\/21\/sabemos-lo-que-tenemos-que-hacer-manfred-presenta-su-plan-de-gobierno-2026-2031-a-la-prensa-cochabambina\/","title":{"rendered":"\u201cSABEMOS LO QUE TENEMOS QUE HACER\u201d: MANFRED PRESENTA SU PLAN DE GOBIERNO 2026\u20132031 A LA PRENSA COCHABAMBINA"},"content":{"rendered":"<p>Cochabamba, 21 de enero de 2025.- El alcalde de Cochabamba y candidato por APB S\u00famate, Manfred Reyes Villa, present\u00f3 ante los medios de comunicaci\u00f3n su Programa de Gobierno Municipal \u201cContinuidad de Progreso\u201d 2026\u20132031, una propuesta que se sustenta en cuatro principios rectores del desarrollo municipal y cinco pilares estrat\u00e9gicos orientados a consolidar una ciudad humana, moderna, sostenible y competitiva, con obras estructurales en vialidad, agua potable y alcantarillado, salud, educaci\u00f3n, econom\u00eda y alianzas p\u00fablico-privadas.<\/p>\n<p><img data-recalc-dims=\"1\" loading=\"lazy\" decoding=\"async\" src=\"https:\/\/i0.wp.com\/innoticiasbo.com\/wp-content\/uploads\/2026\/01\/img-20260121-wa03103347289645776665212.jpg?resize=640%2C426&#038;ssl=1\" class=\"wp-image-8528 alignnone size-full\" width=\"640\" height=\"426\" srcset=\"https:\/\/i0.wp.com\/innoticiasbo.com\/wp-content\/uploads\/2026\/01\/img-20260121-wa03103347289645776665212.jpg?w=1600&amp;ssl=1 1600w, https:\/\/i0.wp.com\/innoticiasbo.com\/wp-content\/uploads\/2026\/01\/img-20260121-wa03103347289645776665212.jpg?resize=300%2C200&amp;ssl=1 300w, https:\/\/i0.wp.com\/innoticiasbo.com\/wp-content\/uploads\/2026\/01\/img-20260121-wa03103347289645776665212.jpg?resize=1024%2C682&amp;ssl=1 1024w, https:\/\/i0.wp.com\/innoticiasbo.com\/wp-content\/uploads\/2026\/01\/img-20260121-wa03103347289645776665212.jpg?resize=768%2C512&amp;ssl=1 768w, https:\/\/i0.wp.com\/innoticiasbo.com\/wp-content\/uploads\/2026\/01\/img-20260121-wa03103347289645776665212.jpg?resize=1536%2C1023&amp;ssl=1 1536w, https:\/\/i0.wp.com\/innoticiasbo.com\/wp-content\/uploads\/2026\/01\/img-20260121-wa03103347289645776665212.jpg?resize=600%2C400&amp;ssl=1 600w, https:\/\/i0.wp.com\/innoticiasbo.com\/wp-content\/uploads\/2026\/01\/img-20260121-wa03103347289645776665212.jpg?w=1280&amp;ssl=1 1280w\" sizes=\"auto, (max-width: 640px) 100vw, 640px\" \/><\/p>\n<p>La ma\u00f1ana de este mi\u00e9rcoles 21 de enero, Reyes Villa sostuvo un desayuno trabajo con periodistas, donde socializ\u00f3 los logros m\u00e1s importantes de la gesti\u00f3n municipal 2021\u20132025 y dio a conocer los lineamientos que marcar\u00e1n la pr\u00f3xima administraci\u00f3n, con el compromiso de poner a las personas en el centro de la gesti\u00f3n municipal y dar continuidad a los proyectos estrat\u00e9gicos para el desarrollo integral de Cochabamba.<\/p>\n<p>PRINCIPIOS RECTORES DEL DESARROLLO<\/p>\n<p>El Programa de Gobierno se apoya en cuatro principios fundamentales:<\/p>\n<p>1. Desarrollo humano integral<br \/>\n2. Desarrollo urbano sostenible<br \/>\n3. Desarrollo econ\u00f3mico local sostenible<br \/>\n4. Gobernanza eficiente y fortalecimiento institucional<\/p>\n<p>Estos principios se articulan en cinco pilares estrat\u00e9gicos:<\/p>\n<p>\u2022 Desarrollo social y humano<br \/>\n\u2022 Ordenamiento territorial e infraestructura<br \/>\n\u2022 Medio ambiente y sostenibilidad<br \/>\n\u2022 Fortalecimiento econ\u00f3mico<br \/>\n\u2022 Gobernanza y fortalecimiento institucional.<\/p>\n<p><img data-recalc-dims=\"1\" loading=\"lazy\" decoding=\"async\" src=\"https:\/\/i0.wp.com\/innoticiasbo.com\/wp-content\/uploads\/2026\/01\/img-20260121-wa03128743843492851941196.jpg?resize=640%2C426&#038;ssl=1\" class=\"wp-image-8529 alignnone size-full\" width=\"640\" height=\"426\" srcset=\"https:\/\/i0.wp.com\/innoticiasbo.com\/wp-content\/uploads\/2026\/01\/img-20260121-wa03128743843492851941196.jpg?w=1600&amp;ssl=1 1600w, https:\/\/i0.wp.com\/innoticiasbo.com\/wp-content\/uploads\/2026\/01\/img-20260121-wa03128743843492851941196.jpg?resize=300%2C200&amp;ssl=1 300w, https:\/\/i0.wp.com\/innoticiasbo.com\/wp-content\/uploads\/2026\/01\/img-20260121-wa03128743843492851941196.jpg?resize=1024%2C682&amp;ssl=1 1024w, https:\/\/i0.wp.com\/innoticiasbo.com\/wp-content\/uploads\/2026\/01\/img-20260121-wa03128743843492851941196.jpg?resize=768%2C512&amp;ssl=1 768w, https:\/\/i0.wp.com\/innoticiasbo.com\/wp-content\/uploads\/2026\/01\/img-20260121-wa03128743843492851941196.jpg?resize=1536%2C1023&amp;ssl=1 1536w, https:\/\/i0.wp.com\/innoticiasbo.com\/wp-content\/uploads\/2026\/01\/img-20260121-wa03128743843492851941196.jpg?resize=600%2C400&amp;ssl=1 600w, https:\/\/i0.wp.com\/innoticiasbo.com\/wp-content\/uploads\/2026\/01\/img-20260121-wa03128743843492851941196.jpg?w=1280&amp;ssl=1 1280w\" sizes=\"auto, (max-width: 640px) 100vw, 640px\" \/><\/p>\n<p>Obras estructurales y movilidad urbana<br \/>\nEn el eje de infraestructura vial y ordenamiento territorial, el alcalde anunci\u00f3 proyectos de alto impacto para mejorar la transitabilidad y descongestionar la ciudad, entre ellos:<\/p>\n<p>\u2022 Construcci\u00f3n del un t\u00fanel gemelo del Abra, separando el transporte pesado del liviano para evitar el ingreso de camiones al centro urbano<br \/>\n\u2022 Construcci\u00f3n de un distribuidor vial en la avenida 6 de Agosto y avenida Roma<br \/>\n\u2022 Paso a desnivel en el Sombrero de Chola, punto estrat\u00e9gico de circulaci\u00f3n<br \/>\n\u2022 Distribuidor en la rotonda del Servicio de Caminos<br \/>\n\u2022 Construcci\u00f3n de un puente en la zona Irland\u00e9s sobre el r\u00edo Rocha, reemplazando el desv\u00edo temporal afectado por lluvias.<br \/>\n\u2022 Conclusi\u00f3n del pavimento de la Circunvalaci\u00f3n II, tramo Los Cafetales\u2013Jacinto Anaya<br \/>\n\u2022 Miles de metros de pavimentaci\u00f3n r\u00edgida en calles priorizadas<\/p>\n<p>Asimismo, se ratific\u00f3 la implementaci\u00f3n de buses el\u00e9ctricos, la ampliaci\u00f3n de la ciclov\u00eda metropolitana en los ejes norte, sur, este, oeste y centro, y la construcci\u00f3n de aceras inclusivas.<\/p>\n<p><img data-recalc-dims=\"1\" loading=\"lazy\" decoding=\"async\" src=\"https:\/\/i0.wp.com\/innoticiasbo.com\/wp-content\/uploads\/2026\/01\/img-20260121-wa03135536337158430748178.jpg?resize=640%2C426&#038;ssl=1\" class=\"wp-image-8530 alignnone size-full\" width=\"640\" height=\"426\" srcset=\"https:\/\/i0.wp.com\/innoticiasbo.com\/wp-content\/uploads\/2026\/01\/img-20260121-wa03135536337158430748178.jpg?w=1600&amp;ssl=1 1600w, https:\/\/i0.wp.com\/innoticiasbo.com\/wp-content\/uploads\/2026\/01\/img-20260121-wa03135536337158430748178.jpg?resize=300%2C200&amp;ssl=1 300w, https:\/\/i0.wp.com\/innoticiasbo.com\/wp-content\/uploads\/2026\/01\/img-20260121-wa03135536337158430748178.jpg?resize=1024%2C682&amp;ssl=1 1024w, https:\/\/i0.wp.com\/innoticiasbo.com\/wp-content\/uploads\/2026\/01\/img-20260121-wa03135536337158430748178.jpg?resize=768%2C512&amp;ssl=1 768w, https:\/\/i0.wp.com\/innoticiasbo.com\/wp-content\/uploads\/2026\/01\/img-20260121-wa03135536337158430748178.jpg?resize=1536%2C1023&amp;ssl=1 1536w, https:\/\/i0.wp.com\/innoticiasbo.com\/wp-content\/uploads\/2026\/01\/img-20260121-wa03135536337158430748178.jpg?resize=600%2C400&amp;ssl=1 600w, https:\/\/i0.wp.com\/innoticiasbo.com\/wp-content\/uploads\/2026\/01\/img-20260121-wa03135536337158430748178.jpg?w=1280&amp;ssl=1 1280w\" sizes=\"auto, (max-width: 640px) 100vw, 640px\" \/><\/p>\n<p>AGUA POTABLE, ALCANTARILLADO Y SANEAMIENTO<\/p>\n<p>Reyes Villa destac\u00f3 que uno de los mayores avances de la gesti\u00f3n fue la expansi\u00f3n hist\u00f3rica de la cobertura de agua potable y alcantarillado, beneficiando a m\u00e1s de 177.500 habitantes. Para el periodo 2026\u20132031 se prioriza:<\/p>\n<p>\u2022 M\u00e1ximo funcionamiento de la Planta de Tratamiento de Albarrancho.<br \/>\n\u2022 Conclusi\u00f3n de los emisarios suroeste, sureste y Tamborada Norte.<br \/>\n\u2022 Fortalecimiento integral de la infraestructura sanitaria del municipio.<\/p>\n<p>Medio ambiente, ciudad universitaria y desarrollo sostenible<\/p>\n<p>El plan contempla consolidar a Cochabamba como ciudad universitaria, polo de servicios de salud y referente tecnol\u00f3gico, adem\u00e1s de fortalecer su identidad como Ciudad Jard\u00edn. En materia ambiental se impulsar\u00e1n:<\/p>\n<p>\u2022 Canal y circuito colector de la laguna Alalay<br \/>\n\u2022 Senderos ecotur\u00edsticos en Alalay, Casa de Piedra y Jard\u00edn Bot\u00e1nico<br \/>\n\u2022 Implementaci\u00f3n de bosques urbanos y cinturones ecol\u00f3gicos en la cota 3000<br \/>\n\u2022 Plan de arborizaci\u00f3n barrial \u201cUn \u00e1rbol por familia\u201d<br \/>\n\u2022 Categorizaci\u00f3n del Jard\u00edn Bot\u00e1nico como mariposario nacional<br \/>\n\u2022 Plataforma digital de denuncias ambientales.<\/p>\n<p><img data-recalc-dims=\"1\" loading=\"lazy\" decoding=\"async\" src=\"https:\/\/i0.wp.com\/innoticiasbo.com\/wp-content\/uploads\/2026\/01\/img-20260121-wa03011000608737629415762.jpg?resize=640%2C426&#038;ssl=1\" class=\"wp-image-8531 alignnone size-full\" width=\"640\" height=\"426\" srcset=\"https:\/\/i0.wp.com\/innoticiasbo.com\/wp-content\/uploads\/2026\/01\/img-20260121-wa03011000608737629415762.jpg?w=1600&amp;ssl=1 1600w, https:\/\/i0.wp.com\/innoticiasbo.com\/wp-content\/uploads\/2026\/01\/img-20260121-wa03011000608737629415762.jpg?resize=300%2C200&amp;ssl=1 300w, https:\/\/i0.wp.com\/innoticiasbo.com\/wp-content\/uploads\/2026\/01\/img-20260121-wa03011000608737629415762.jpg?resize=1024%2C682&amp;ssl=1 1024w, https:\/\/i0.wp.com\/innoticiasbo.com\/wp-content\/uploads\/2026\/01\/img-20260121-wa03011000608737629415762.jpg?resize=768%2C512&amp;ssl=1 768w, https:\/\/i0.wp.com\/innoticiasbo.com\/wp-content\/uploads\/2026\/01\/img-20260121-wa03011000608737629415762.jpg?resize=1536%2C1023&amp;ssl=1 1536w, https:\/\/i0.wp.com\/innoticiasbo.com\/wp-content\/uploads\/2026\/01\/img-20260121-wa03011000608737629415762.jpg?resize=600%2C400&amp;ssl=1 600w, https:\/\/i0.wp.com\/innoticiasbo.com\/wp-content\/uploads\/2026\/01\/img-20260121-wa03011000608737629415762.jpg?w=1280&amp;ssl=1 1280w\" sizes=\"auto, (max-width: 640px) 100vw, 640px\" \/><\/p>\n<p>ECONOM\u00cdA, MERCADOS Y MODERNIZACI\u00d3N<\/p>\n<p>Entre los proyectos estrat\u00e9gicos destacan la construcci\u00f3n del Mercado Modelo Calatayud y el Mercado Modelo de la Papa Paulo, orientados a mejorar las condiciones de comercio, el orden y la seguridad alimentaria.<\/p>\n<p>En el eje econ\u00f3mico, se fortalecer\u00e1 la FEXCO como motor de desarrollo, el apoyo al emprendimiento juvenil y productivo, y la consolidaci\u00f3n de alianzas p\u00fablico-privadas mediante concesiones, arrendamientos mixtos y acuerdos estrat\u00e9gicos.<br \/>\nGobernanza y digitalizaci\u00f3n<br \/>\nEl alcalde anunci\u00f3 la digitalizaci\u00f3n integral de la gesti\u00f3n municipal, con:<\/p>\n<p>\u2022 Construcci\u00f3n del Data Center Municipal.<br \/>\n\u2022 Digitalizaci\u00f3n de tr\u00e1mites y datos.<br \/>\n\u2022 Normativa \u00fanica con regulaciones de construcci\u00f3n. accesibles, transparentes y con costos establecidos<br \/>\n\u2022 Agilizaci\u00f3n de la aprobaci\u00f3n de viviendas, edificios y obras.<\/p>\n<p>Durante su intervenci\u00f3n, Reyes Villa enfatiz\u00f3 que los resultados alcanzados responden a una gesti\u00f3n planificada y con visi\u00f3n de futuro.<\/p>\n<p>\u201cSabemos lo que tenemos que hacer, conocemos la ciudad y sabemos c\u00f3mo seguir avanzando\u201d, afirm\u00f3.<\/p>\n<p>Finalmente, el l\u00edder de APB S\u00famate denunci\u00f3 la existencia de guerra sucia, se\u00f1alando que algunos actores \u201chablan de lo que no saben y utilizan cifras que no son reales\u201d, reiterando que su propuesta se sustenta en datos verificables, obras concretas y resultados visibles para la poblaci\u00f3n cochabambina.<\/p>\n","protected":false},"excerpt":{"rendered":"<p>Cochabamba, 21 de enero de 2025.- El alcalde de Cochabamba y candidato por APB S\u00famate, Manfred Reyes Villa, present\u00f3 ante los medios de comunicaci\u00f3n su Programa de Gobierno Municipal \u201cContinuidad de Progreso\u201d 2026\u20132031, una propuesta que se sustenta en cuatro principios rectores del desarrollo municipal y cinco pilares estrat\u00e9gicos orientados a consolidar una ciudad humana,&#8230;<\/p>\n","protected":false},"author":2,"featured_media":8532,"comment_status":"open","ping_status":"open","sticky":false,"template":"","format":"standard","meta":{"_jetpack_memberships_contains_paid_content":false,"footnotes":"","jetpack_publicize_message":"","jetpack_publicize_feature_enabled":true,"jetpack_social_post_already_shared":true,"jetpack_social_options":{"image_generator_settings":{"template":"highway","enabled":false},"version":2}},"categories":[2,3],"tags":[31,1119,1011],"class_list":["post-8533","post","type-post","status-publish","format-standard","has-post-thumbnail","hentry","category-cochabamba","category-politica","tag-manfred-reyes-villa","tag-plan-de-gobierno","tag-subnacionales"],"jetpack_publicize_connections":[],"yoast_head":"<!-- This site is optimized with the Yoast SEO plugin v23.4 - https:\/\/yoast.com\/wordpress\/plugins\/seo\/ -->\n<title>\u201cSABEMOS LO QUE TENEMOS QUE HACER\u201d: MANFRED PRESENTA SU PLAN DE GOBIERNO 2026\u20132031 A LA PRENSA COCHABAMBINA - innoticiasbo.com<\/title>\n<meta name=\"robots\" content=\"index, follow, max-snippet:-1, max-image-preview:large, max-video-preview:-1\" \/>\n<link rel=\"canonical\" href=\"https:\/\/innoticiasbo.com\/index.php\/2026\/01\/21\/sabemos-lo-que-tenemos-que-hacer-manfred-presenta-su-plan-de-gobierno-2026-2031-a-la-prensa-cochabambina\/\" \/>\n<meta property=\"og:locale\" content=\"es_ES\" \/>\n<meta property=\"og:type\" content=\"article\" \/>\n<meta property=\"og:title\" content=\"\u201cSABEMOS LO QUE TENEMOS QUE HACER\u201d: MANFRED PRESENTA SU PLAN DE GOBIERNO 2026\u20132031 A LA PRENSA COCHABAMBINA - innoticiasbo.com\" \/>\n<meta property=\"og:description\" content=\"Cochabamba, 21 de enero de 2025.- El alcalde de Cochabamba y candidato por APB S\u00famate, Manfred Reyes Villa, present\u00f3 ante los medios de comunicaci\u00f3n su Programa de Gobierno Municipal \u201cContinuidad de Progreso\u201d 2026\u20132031, una propuesta que se sustenta en cuatro principios rectores del desarrollo municipal y cinco pilares estrat\u00e9gicos orientados a consolidar una ciudad humana,...\" \/>\n<meta property=\"og:url\" content=\"https:\/\/innoticiasbo.com\/index.php\/2026\/01\/21\/sabemos-lo-que-tenemos-que-hacer-manfred-presenta-su-plan-de-gobierno-2026-2031-a-la-prensa-cochabambina\/\" \/>\n<meta property=\"og:site_name\" content=\"innoticiasbo.com\" \/>\n<meta property=\"article:publisher\" content=\"https:\/\/www.facebook.com\/innoticiasbolivia\" \/>\n<meta property=\"article:published_time\" content=\"2026-01-22T00:09:29+00:00\" \/>\n<meta property=\"article:modified_time\" content=\"2026-01-22T00:09:58+00:00\" \/>\n<meta property=\"og:image\" content=\"https:\/\/i0.wp.com\/innoticiasbo.com\/wp-content\/uploads\/2026\/01\/IMG-20260121-WA0310.jpg?fit=1600%2C1066&ssl=1\" \/>\n\t<meta property=\"og:image:width\" content=\"1600\" \/>\n\t<meta property=\"og:image:height\" content=\"1066\" \/>\n\t<meta property=\"og:image:type\" content=\"image\/jpeg\" \/>\n<meta name=\"author\" content=\"Prensa\" \/>\n<meta name=\"twitter:card\" content=\"summary_large_image\" \/>\n<meta name=\"twitter:creator\" content=\"@innoticiasbo\" \/>\n<meta name=\"twitter:site\" content=\"@innoticiasbo\" \/>\n<meta name=\"twitter:label1\" content=\"Escrito por\" \/>\n\t<meta name=\"twitter:data1\" content=\"Prensa\" \/>\n\t<meta name=\"twitter:label2\" content=\"Tiempo de lectura\" \/>\n\t<meta name=\"twitter:data2\" content=\"4 minutos\" \/>\n<script type=\"application\/ld+json\" class=\"yoast-schema-graph\">{\"@context\":\"https:\/\/schema.org\",\"@graph\":[{\"@type\":\"Article\",\"@id\":\"https:\/\/innoticiasbo.com\/index.php\/2026\/01\/21\/sabemos-lo-que-tenemos-que-hacer-manfred-presenta-su-plan-de-gobierno-2026-2031-a-la-prensa-cochabambina\/#article\",\"isPartOf\":{\"@id\":\"https:\/\/innoticiasbo.com\/index.php\/2026\/01\/21\/sabemos-lo-que-tenemos-que-hacer-manfred-presenta-su-plan-de-gobierno-2026-2031-a-la-prensa-cochabambina\/\"},\"author\":{\"name\":\"Prensa\",\"@id\":\"https:\/\/innoticiasbo.com\/#\/schema\/person\/589cd527c4211df1b943bdad85ec07ce\"},\"headline\":\"\u201cSABEMOS LO QUE TENEMOS QUE HACER\u201d: MANFRED PRESENTA SU PLAN DE GOBIERNO 2026\u20132031 A LA PRENSA COCHABAMBINA\",\"datePublished\":\"2026-01-22T00:09:29+00:00\",\"dateModified\":\"2026-01-22T00:09:58+00:00\",\"mainEntityOfPage\":{\"@id\":\"https:\/\/innoticiasbo.com\/index.php\/2026\/01\/21\/sabemos-lo-que-tenemos-que-hacer-manfred-presenta-su-plan-de-gobierno-2026-2031-a-la-prensa-cochabambina\/\"},\"wordCount\":787,\"commentCount\":0,\"publisher\":{\"@id\":\"https:\/\/innoticiasbo.com\/#organization\"},\"image\":{\"@id\":\"https:\/\/innoticiasbo.com\/index.php\/2026\/01\/21\/sabemos-lo-que-tenemos-que-hacer-manfred-presenta-su-plan-de-gobierno-2026-2031-a-la-prensa-cochabambina\/#primaryimage\"},\"thumbnailUrl\":\"https:\/\/i0.wp.com\/innoticiasbo.com\/wp-content\/uploads\/2026\/01\/IMG-20260121-WA0310.jpg?fit=1600%2C1066&ssl=1\",\"keywords\":[\"Manfred Reyes Villa\",\"plan de gobierno\",\"subnacionales\"],\"articleSection\":[\"Cochabamba\",\"Pol\u00edtica\"],\"inLanguage\":\"es\",\"potentialAction\":[{\"@type\":\"CommentAction\",\"name\":\"Comment\",\"target\":[\"https:\/\/innoticiasbo.com\/index.php\/2026\/01\/21\/sabemos-lo-que-tenemos-que-hacer-manfred-presenta-su-plan-de-gobierno-2026-2031-a-la-prensa-cochabambina\/#respond\"]}]},{\"@type\":\"WebPage\",\"@id\":\"https:\/\/innoticiasbo.com\/index.php\/2026\/01\/21\/sabemos-lo-que-tenemos-que-hacer-manfred-presenta-su-plan-de-gobierno-2026-2031-a-la-prensa-cochabambina\/\",\"url\":\"https:\/\/innoticiasbo.com\/index.php\/2026\/01\/21\/sabemos-lo-que-tenemos-que-hacer-manfred-presenta-su-plan-de-gobierno-2026-2031-a-la-prensa-cochabambina\/\",\"name\":\"\u201cSABEMOS LO QUE TENEMOS QUE HACER\u201d: MANFRED PRESENTA SU PLAN DE GOBIERNO 2026\u20132031 A LA PRENSA COCHABAMBINA - innoticiasbo.com\",\"isPartOf\":{\"@id\":\"https:\/\/innoticiasbo.com\/#website\"},\"primaryImageOfPage\":{\"@id\":\"https:\/\/innoticiasbo.com\/index.php\/2026\/01\/21\/sabemos-lo-que-tenemos-que-hacer-manfred-presenta-su-plan-de-gobierno-2026-2031-a-la-prensa-cochabambina\/#primaryimage\"},\"image\":{\"@id\":\"https:\/\/innoticiasbo.com\/index.php\/2026\/01\/21\/sabemos-lo-que-tenemos-que-hacer-manfred-presenta-su-plan-de-gobierno-2026-2031-a-la-prensa-cochabambina\/#primaryimage\"},\"thumbnailUrl\":\"https:\/\/i0.wp.com\/innoticiasbo.com\/wp-content\/uploads\/2026\/01\/IMG-20260121-WA0310.jpg?fit=1600%2C1066&ssl=1\",\"datePublished\":\"2026-01-22T00:09:29+00:00\",\"dateModified\":\"2026-01-22T00:09:58+00:00\",\"breadcrumb\":{\"@id\":\"https:\/\/innoticiasbo.com\/index.php\/2026\/01\/21\/sabemos-lo-que-tenemos-que-hacer-manfred-presenta-su-plan-de-gobierno-2026-2031-a-la-prensa-cochabambina\/#breadcrumb\"},\"inLanguage\":\"es\",\"potentialAction\":[{\"@type\":\"ReadAction\",\"target\":[\"https:\/\/innoticiasbo.com\/index.php\/2026\/01\/21\/sabemos-lo-que-tenemos-que-hacer-manfred-presenta-su-plan-de-gobierno-2026-2031-a-la-prensa-cochabambina\/\"]}]},{\"@type\":\"ImageObject\",\"inLanguage\":\"es\",\"@id\":\"https:\/\/innoticiasbo.com\/index.php\/2026\/01\/21\/sabemos-lo-que-tenemos-que-hacer-manfred-presenta-su-plan-de-gobierno-2026-2031-a-la-prensa-cochabambina\/#primaryimage\",\"url\":\"https:\/\/i0.wp.com\/innoticiasbo.com\/wp-content\/uploads\/2026\/01\/IMG-20260121-WA0310.jpg?fit=1600%2C1066&ssl=1\",\"contentUrl\":\"https:\/\/i0.wp.com\/innoticiasbo.com\/wp-content\/uploads\/2026\/01\/IMG-20260121-WA0310.jpg?fit=1600%2C1066&ssl=1\",\"width\":1600,\"height\":1066},{\"@type\":\"BreadcrumbList\",\"@id\":\"https:\/\/innoticiasbo.com\/index.php\/2026\/01\/21\/sabemos-lo-que-tenemos-que-hacer-manfred-presenta-su-plan-de-gobierno-2026-2031-a-la-prensa-cochabambina\/#breadcrumb\",\"itemListElement\":[{\"@type\":\"ListItem\",\"position\":1,\"name\":\"Portada\",\"item\":\"https:\/\/innoticiasbo.com\/\"},{\"@type\":\"ListItem\",\"position\":2,\"name\":\"\u201cSABEMOS LO QUE TENEMOS QUE HACER\u201d: MANFRED PRESENTA SU PLAN DE GOBIERNO 2026\u20132031 A LA PRENSA COCHABAMBINA\"}]},{\"@type\":\"WebSite\",\"@id\":\"https:\/\/innoticiasbo.com\/#website\",\"url\":\"https:\/\/innoticiasbo.com\/\",\"name\":\"innoticiasbo.com\",\"description\":\"\",\"publisher\":{\"@id\":\"https:\/\/innoticiasbo.com\/#organization\"},\"potentialAction\":[{\"@type\":\"SearchAction\",\"target\":{\"@type\":\"EntryPoint\",\"urlTemplate\":\"https:\/\/innoticiasbo.com\/?s={search_term_string}\"},\"query-input\":{\"@type\":\"PropertyValueSpecification\",\"valueRequired\":true,\"valueName\":\"search_term_string\"}}],\"inLanguage\":\"es\"},{\"@type\":\"Organization\",\"@id\":\"https:\/\/innoticiasbo.com\/#organization\",\"name\":\"innoticiasbo.com\",\"url\":\"https:\/\/innoticiasbo.com\/\",\"logo\":{\"@type\":\"ImageObject\",\"inLanguage\":\"es\",\"@id\":\"https:\/\/innoticiasbo.com\/#\/schema\/logo\/image\/\",\"url\":\"https:\/\/i0.wp.com\/innoticiasbo.com\/wp-content\/uploads\/2026\/04\/cropped-IN-LOGO.png?fit=1476%2C1476&ssl=1\",\"contentUrl\":\"https:\/\/i0.wp.com\/innoticiasbo.com\/wp-content\/uploads\/2026\/04\/cropped-IN-LOGO.png?fit=1476%2C1476&ssl=1\",\"width\":1476,\"height\":1476,\"caption\":\"innoticiasbo.com\"},\"image\":{\"@id\":\"https:\/\/innoticiasbo.com\/#\/schema\/logo\/image\/\"},\"sameAs\":[\"https:\/\/www.facebook.com\/innoticiasbolivia\",\"https:\/\/x.com\/innoticiasbo\",\"https:\/\/www.instagram.com\/innoticiasbo\",\"https:\/\/www.youtube.com\/innoticiasbo\"]},{\"@type\":\"Person\",\"@id\":\"https:\/\/innoticiasbo.com\/#\/schema\/person\/589cd527c4211df1b943bdad85ec07ce\",\"name\":\"Prensa\",\"image\":{\"@type\":\"ImageObject\",\"inLanguage\":\"es\",\"@id\":\"https:\/\/innoticiasbo.com\/#\/schema\/person\/image\/\",\"url\":\"https:\/\/secure.gravatar.com\/avatar\/d359bbdf112023c1c0a3ec7fe1600657?s=96&d=mm&r=g\",\"contentUrl\":\"https:\/\/secure.gravatar.com\/avatar\/d359bbdf112023c1c0a3ec7fe1600657?s=96&d=mm&r=g\",\"caption\":\"Prensa\"},\"sameAs\":[\"http:\/\/www.innoticiasbo.com\"],\"url\":\"https:\/\/innoticiasbo.com\/index.php\/author\/prensa\/\"}]}<\/script>\n<!-- \/ Yoast SEO plugin. -->","yoast_head_json":{"title":"\u201cSABEMOS LO QUE TENEMOS QUE HACER\u201d: MANFRED PRESENTA SU PLAN DE GOBIERNO 2026\u20132031 A LA PRENSA COCHABAMBINA - innoticiasbo.com","robots":{"index":"index","follow":"follow","max-snippet":"max-snippet:-1","max-image-preview":"max-image-preview:large","max-video-preview":"max-video-preview:-1"},"canonical":"https:\/\/innoticiasbo.com\/index.php\/2026\/01\/21\/sabemos-lo-que-tenemos-que-hacer-manfred-presenta-su-plan-de-gobierno-2026-2031-a-la-prensa-cochabambina\/","og_locale":"es_ES","og_type":"article","og_title":"\u201cSABEMOS LO QUE TENEMOS QUE HACER\u201d: MANFRED PRESENTA SU PLAN DE GOBIERNO 2026\u20132031 A LA PRENSA COCHABAMBINA - innoticiasbo.com","og_description":"Cochabamba, 21 de enero de 2025.- El alcalde de Cochabamba y candidato por APB S\u00famate, Manfred Reyes Villa, present\u00f3 ante los medios de comunicaci\u00f3n su Programa de Gobierno Municipal \u201cContinuidad de Progreso\u201d 2026\u20132031, una propuesta que se sustenta en cuatro principios rectores del desarrollo municipal y cinco pilares estrat\u00e9gicos orientados a consolidar una ciudad humana,...","og_url":"https:\/\/innoticiasbo.com\/index.php\/2026\/01\/21\/sabemos-lo-que-tenemos-que-hacer-manfred-presenta-su-plan-de-gobierno-2026-2031-a-la-prensa-cochabambina\/","og_site_name":"innoticiasbo.com","article_publisher":"https:\/\/www.facebook.com\/innoticiasbolivia","article_published_time":"2026-01-22T00:09:29+00:00","article_modified_time":"2026-01-22T00:09:58+00:00","og_image":[{"width":1600,"height":1066,"url":"https:\/\/i0.wp.com\/innoticiasbo.com\/wp-content\/uploads\/2026\/01\/IMG-20260121-WA0310.jpg?fit=1600%2C1066&ssl=1","type":"image\/jpeg"}],"author":"Prensa","twitter_card":"summary_large_image","twitter_creator":"@innoticiasbo","twitter_site":"@innoticiasbo","twitter_misc":{"Escrito por":"Prensa","Tiempo de lectura":"4 minutos"},"schema":{"@context":"https:\/\/schema.org","@graph":[{"@type":"Article","@id":"https:\/\/innoticiasbo.com\/index.php\/2026\/01\/21\/sabemos-lo-que-tenemos-que-hacer-manfred-presenta-su-plan-de-gobierno-2026-2031-a-la-prensa-cochabambina\/#article","isPartOf":{"@id":"https:\/\/innoticiasbo.com\/index.php\/2026\/01\/21\/sabemos-lo-que-tenemos-que-hacer-manfred-presenta-su-plan-de-gobierno-2026-2031-a-la-prensa-cochabambina\/"},"author":{"name":"Prensa","@id":"https:\/\/innoticiasbo.com\/#\/schema\/person\/589cd527c4211df1b943bdad85ec07ce"},"headline":"\u201cSABEMOS LO QUE TENEMOS QUE HACER\u201d: MANFRED PRESENTA SU PLAN DE GOBIERNO 2026\u20132031 A LA PRENSA COCHABAMBINA","datePublished":"2026-01-22T00:09:29+00:00","dateModified":"2026-01-22T00:09:58+00:00","mainEntityOfPage":{"@id":"https:\/\/innoticiasbo.com\/index.php\/2026\/01\/21\/sabemos-lo-que-tenemos-que-hacer-manfred-presenta-su-plan-de-gobierno-2026-2031-a-la-prensa-cochabambina\/"},"wordCount":787,"commentCount":0,"publisher":{"@id":"https:\/\/innoticiasbo.com\/#organization"},"image":{"@id":"https:\/\/innoticiasbo.com\/index.php\/2026\/01\/21\/sabemos-lo-que-tenemos-que-hacer-manfred-presenta-su-plan-de-gobierno-2026-2031-a-la-prensa-cochabambina\/#primaryimage"},"thumbnailUrl":"https:\/\/i0.wp.com\/innoticiasbo.com\/wp-content\/uploads\/2026\/01\/IMG-20260121-WA0310.jpg?fit=1600%2C1066&ssl=1","keywords":["Manfred Reyes Villa","plan de gobierno","subnacionales"],"articleSection":["Cochabamba","Pol\u00edtica"],"inLanguage":"es","potentialAction":[{"@type":"CommentAction","name":"Comment","target":["https:\/\/innoticiasbo.com\/index.php\/2026\/01\/21\/sabemos-lo-que-tenemos-que-hacer-manfred-presenta-su-plan-de-gobierno-2026-2031-a-la-prensa-cochabambina\/#respond"]}]},{"@type":"WebPage","@id":"https:\/\/innoticiasbo.com\/index.php\/2026\/01\/21\/sabemos-lo-que-tenemos-que-hacer-manfred-presenta-su-plan-de-gobierno-2026-2031-a-la-prensa-cochabambina\/","url":"https:\/\/innoticiasbo.com\/index.php\/2026\/01\/21\/sabemos-lo-que-tenemos-que-hacer-manfred-presenta-su-plan-de-gobierno-2026-2031-a-la-prensa-cochabambina\/","name":"\u201cSABEMOS LO QUE TENEMOS QUE HACER\u201d: MANFRED PRESENTA SU PLAN DE GOBIERNO 2026\u20132031 A LA PRENSA COCHABAMBINA - innoticiasbo.com","isPartOf":{"@id":"https:\/\/innoticiasbo.com\/#website"},"primaryImageOfPage":{"@id":"https:\/\/innoticiasbo.com\/index.php\/2026\/01\/21\/sabemos-lo-que-tenemos-que-hacer-manfred-presenta-su-plan-de-gobierno-2026-2031-a-la-prensa-cochabambina\/#primaryimage"},"image":{"@id":"https:\/\/innoticiasbo.com\/index.php\/2026\/01\/21\/sabemos-lo-que-tenemos-que-hacer-manfred-presenta-su-plan-de-gobierno-2026-2031-a-la-prensa-cochabambina\/#primaryimage"},"thumbnailUrl":"https:\/\/i0.wp.com\/innoticiasbo.com\/wp-content\/uploads\/2026\/01\/IMG-20260121-WA0310.jpg?fit=1600%2C1066&ssl=1","datePublished":"2026-01-22T00:09:29+00:00","dateModified":"2026-01-22T00:09:58+00:00","breadcrumb":{"@id":"https:\/\/innoticiasbo.com\/index.php\/2026\/01\/21\/sabemos-lo-que-tenemos-que-hacer-manfred-presenta-su-plan-de-gobierno-2026-2031-a-la-prensa-cochabambina\/#breadcrumb"},"inLanguage":"es","potentialAction":[{"@type":"ReadAction","target":["https:\/\/innoticiasbo.com\/index.php\/2026\/01\/21\/sabemos-lo-que-tenemos-que-hacer-manfred-presenta-su-plan-de-gobierno-2026-2031-a-la-prensa-cochabambina\/"]}]},{"@type":"ImageObject","inLanguage":"es","@id":"https:\/\/innoticiasbo.com\/index.php\/2026\/01\/21\/sabemos-lo-que-tenemos-que-hacer-manfred-presenta-su-plan-de-gobierno-2026-2031-a-la-prensa-cochabambina\/#primaryimage","url":"https:\/\/i0.wp.com\/innoticiasbo.com\/wp-content\/uploads\/2026\/01\/IMG-20260121-WA0310.jpg?fit=1600%2C1066&ssl=1","contentUrl":"https:\/\/i0.wp.com\/innoticiasbo.com\/wp-content\/uploads\/2026\/01\/IMG-20260121-WA0310.jpg?fit=1600%2C1066&ssl=1","width":1600,"height":1066},{"@type":"BreadcrumbList","@id":"https:\/\/innoticiasbo.com\/index.php\/2026\/01\/21\/sabemos-lo-que-tenemos-que-hacer-manfred-presenta-su-plan-de-gobierno-2026-2031-a-la-prensa-cochabambina\/#breadcrumb","itemListElement":[{"@type":"ListItem","position":1,"name":"Portada","item":"https:\/\/innoticiasbo.com\/"},{"@type":"ListItem","position":2,"name":"\u201cSABEMOS LO QUE TENEMOS QUE HACER\u201d: MANFRED PRESENTA SU PLAN DE GOBIERNO 2026\u20132031 A LA PRENSA COCHABAMBINA"}]},{"@type":"WebSite","@id":"https:\/\/innoticiasbo.com\/#website","url":"https:\/\/innoticiasbo.com\/","name":"innoticiasbo.com","description":"","publisher":{"@id":"https:\/\/innoticiasbo.com\/#organization"},"potentialAction":[{"@type":"SearchAction","target":{"@type":"EntryPoint","urlTemplate":"https:\/\/innoticiasbo.com\/?s={search_term_string}"},"query-input":{"@type":"PropertyValueSpecification","valueRequired":true,"valueName":"search_term_string"}}],"inLanguage":"es"},{"@type":"Organization","@id":"https:\/\/innoticiasbo.com\/#organization","name":"innoticiasbo.com","url":"https:\/\/innoticiasbo.com\/","logo":{"@type":"ImageObject","inLanguage":"es","@id":"https:\/\/innoticiasbo.com\/#\/schema\/logo\/image\/","url":"https:\/\/i0.wp.com\/innoticiasbo.com\/wp-content\/uploads\/2026\/04\/cropped-IN-LOGO.png?fit=1476%2C1476&ssl=1","contentUrl":"https:\/\/i0.wp.com\/innoticiasbo.com\/wp-content\/uploads\/2026\/04\/cropped-IN-LOGO.png?fit=1476%2C1476&ssl=1","width":1476,"height":1476,"caption":"innoticiasbo.com"},"image":{"@id":"https:\/\/innoticiasbo.com\/#\/schema\/logo\/image\/"},"sameAs":["https:\/\/www.facebook.com\/innoticiasbolivia","https:\/\/x.com\/innoticiasbo","https:\/\/www.instagram.com\/innoticiasbo","https:\/\/www.youtube.com\/innoticiasbo"]},{"@type":"Person","@id":"https:\/\/innoticiasbo.com\/#\/schema\/person\/589cd527c4211df1b943bdad85ec07ce","name":"Prensa","image":{"@type":"ImageObject","inLanguage":"es","@id":"https:\/\/innoticiasbo.com\/#\/schema\/person\/image\/","url":"https:\/\/secure.gravatar.com\/avatar\/d359bbdf112023c1c0a3ec7fe1600657?s=96&d=mm&r=g","contentUrl":"https:\/\/secure.gravatar.com\/avatar\/d359bbdf112023c1c0a3ec7fe1600657?s=96&d=mm&r=g","caption":"Prensa"},"sameAs":["http:\/\/www.innoticiasbo.com"],"url":"https:\/\/innoticiasbo.com\/index.php\/author\/prensa\/"}]}},"jetpack_featured_media_url":"https:\/\/i0.wp.com\/innoticiasbo.com\/wp-content\/uploads\/2026\/01\/IMG-20260121-WA0310.jpg?fit=1600%2C1066&ssl=1","jetpack_likes_enabled":true,"jetpack_sharing_enabled":true,"jetpack_shortlink":"https:\/\/wp.me\/pg298x-2dD","_links":{"self":[{"href":"https:\/\/innoticiasbo.com\/index.php\/wp-json\/wp\/v2\/posts\/8533","targetHints":{"allow":["GET"]}}],"collection":[{"href":"https:\/\/innoticiasbo.com\/index.php\/wp-json\/wp\/v2\/posts"}],"about":[{"href":"https:\/\/innoticiasbo.com\/index.php\/wp-json\/wp\/v2\/types\/post"}],"author":[{"embeddable":true,"href":"https:\/\/innoticiasbo.com\/index.php\/wp-json\/wp\/v2\/users\/2"}],"replies":[{"embeddable":true,"href":"https:\/\/innoticiasbo.com\/index.php\/wp-json\/wp\/v2\/comments?post=8533"}],"version-history":[{"count":1,"href":"https:\/\/innoticiasbo.com\/index.php\/wp-json\/wp\/v2\/posts\/8533\/revisions"}],"predecessor-version":[{"id":8534,"href":"https:\/\/innoticiasbo.com\/index.php\/wp-json\/wp\/v2\/posts\/8533\/revisions\/8534"}],"wp:featuredmedia":[{"embeddable":true,"href":"https:\/\/innoticiasbo.com\/index.php\/wp-json\/wp\/v2\/media\/8532"}],"wp:attachment":[{"href":"https:\/\/innoticiasbo.com\/index.php\/wp-json\/wp\/v2\/media?parent=8533"}],"wp:term":[{"taxonomy":"category","embeddable":true,"href":"https:\/\/innoticiasbo.com\/index.php\/wp-json\/wp\/v2\/categories?post=8533"},{"taxonomy":"post_tag","embeddable":true,"href":"https:\/\/innoticiasbo.com\/index.php\/wp-json\/wp\/v2\/tags?post=8533"}],"curies":[{"name":"wp","href":"https:\/\/api.w.org\/{rel}","templated":true}]}}