{"id":844,"date":"2024-09-19T02:30:00","date_gmt":"2024-09-19T02:30:00","guid":{"rendered":"https:\/\/innoticiasbo.com\/?p=844"},"modified":"2024-09-19T02:30:12","modified_gmt":"2024-09-19T02:30:12","slug":"andronico-rodriguez-no-soy-parte-de-ningun-plan-maquiavelico","status":"publish","type":"post","link":"https:\/\/innoticiasbo.com\/index.php\/2024\/09\/19\/andronico-rodriguez-no-soy-parte-de-ningun-plan-maquiavelico\/","title":{"rendered":"ANDR\u00d3NICO RODR\u00cdGUEZ: \u00abNO SOY PARTE DE NING\u00daN PLAN MAQUIAV\u00c9LICO\u00bb"},"content":{"rendered":"\n<p>La Paz, 18 de septiembre de 2024.- El presidente de la C\u00e1mara de Senadores, Andr\u00f3nico Rodr\u00edguez, neg\u00f3 este mi\u00e9rcoles ser parte de un \u201cplan maquiav\u00e9lico\u201d para llegar a la presidencia del Estado mediante un \u201cgolpe de Estado\u201d o la renuncia del presidente Luis Arce y el vicepresidente David Choquehuanca.<\/p>\n\n\n\n<p><br \/>\u201cQuiero expresar con mucha vehemencia que no soy parte de ning\u00fan plan y no me voy a prestar a este hecho de supuesto plan maquiav\u00e9lico que desembocar\u00eda en un golpe de Estado o la renuncia del presidente y vicepresidente como afirma el Gobierno\u201d, dijo.<\/p>\n\n\n\n<p><br \/>Tras haber acompa\u00f1ado a Morales en el inicio de la marcha desde Caracollo exigi\u00f3 pruebas al gobierno y defendi\u00f3 el derecho de Evo Morales de marchar y pedir atenci\u00f3n a su pliego petitorio. Pidi\u00f3 apertura y di\u00e1logo abierto para resolver los conflictos.<\/p>\n\n\n\n<p><br \/>\u201c\u00bfAhora por ser Evo no cuenta en este pa\u00eds?, \u00bfpor ser marcha evista, no merece atenci\u00f3n?, m\u00e1s bien hay que mandar grupos de choque, hay que mandar polic\u00edas, hay que detener. No vamos a resolver de esa manera. Debemos ocuparnos de temas m\u00e1s importantes en este pa\u00eds\u201d, manifest\u00f3 Rodr\u00edguez.<\/p>\n\n\n\n\n\n<p><br \/>Rodriguez tambi\u00e9n argument\u00f3 que la repostulaci\u00f3n tiene varias interpretaciones.<br \/>\u201cTambi\u00e9n me pregunto y pregunto al propio Gobierno y dicen \u00bfpor qu\u00e9 el Evo se aferra tanto de tomar el poder por el poder?, y yo les pregunto: \u00bfpor qu\u00e9 en el Gobierno se aferran tanto para evitar de que Evo corra en este proceso electoral?, \u00bfcu\u00e1l de estos dos tiene mayor peso para etiquetar \u2018esto es bueno, esto es malo\u2019. Van a decir, el refer\u00e9ndum (21F), la opini\u00f3n consultiva, el fallo constitucional o la Constituci\u00f3n Pol\u00edtica del Estado. Hay opiniones e interpretaciones al respecto, a todo gusto de parte de abogados constitucionalistas. \u00bfPor qu\u00e9 tanto miedo?\u201d, cuestion\u00f3 Rodr\u00edguez.<\/p>\n\n\n\n<h1 class=\"wp-block-heading\">EvoMorales #marchaparasalvarbolivia #MAS #Bolivia #Andr\u00f3nicoRodriguez #innoticias<\/h1>\n\n\n\n<figure class=\"wp-block-image size-large\"><img data-recalc-dims=\"1\" loading=\"lazy\" decoding=\"async\" width=\"640\" height=\"338\" src=\"https:\/\/i0.wp.com\/innoticiasbo.com\/wp-content\/uploads\/2024\/09\/screenshot_20240918_222901_google1026310670312803065.jpg?resize=640%2C338&#038;ssl=1\" alt=\"\" class=\"wp-image-847\" srcset=\"https:\/\/i0.wp.com\/innoticiasbo.com\/wp-content\/uploads\/2024\/09\/screenshot_20240918_222901_google1026310670312803065.jpg?w=754&amp;ssl=1 754w, https:\/\/i0.wp.com\/innoticiasbo.com\/wp-content\/uploads\/2024\/09\/screenshot_20240918_222901_google1026310670312803065.jpg?resize=300%2C158&amp;ssl=1 300w\" sizes=\"auto, (max-width: 640px) 100vw, 640px\" \/><\/figure>\n","protected":false},"excerpt":{"rendered":"<p>La Paz, 18 de septiembre de 2024.- El presidente de la C\u00e1mara de Senadores, Andr\u00f3nico Rodr\u00edguez, neg\u00f3 este mi\u00e9rcoles ser parte de un \u201cplan maquiav\u00e9lico\u201d para llegar a la presidencia del Estado mediante un \u201cgolpe de Estado\u201d o la renuncia del presidente Luis Arce y el vicepresidente David Choquehuanca. \u201cQuiero expresar con mucha vehemencia que&#8230;<\/p>\n","protected":false},"author":2,"featured_media":848,"comment_status":"open","ping_status":"open","sticky":false,"template":"","format":"standard","meta":{"_jetpack_memberships_contains_paid_content":false,"footnotes":"","jetpack_publicize_message":"","jetpack_publicize_feature_enabled":true,"jetpack_social_post_already_shared":true,"jetpack_social_options":{"image_generator_settings":{"template":"highway","enabled":false},"version":2}},"categories":[1,3],"tags":[],"class_list":["post-844","post","type-post","status-publish","format-standard","has-post-thumbnail","hentry","category-bolivia","category-politica"],"jetpack_publicize_connections":[],"yoast_head":"<!-- This site is optimized with the Yoast SEO plugin v23.4 - https:\/\/yoast.com\/wordpress\/plugins\/seo\/ -->\n<title>ANDR\u00d3NICO RODR\u00cdGUEZ: &quot;NO SOY PARTE DE NING\u00daN PLAN MAQUIAV\u00c9LICO&quot; - innoticiasbo.com<\/title>\n<meta name=\"robots\" content=\"index, follow, max-snippet:-1, max-image-preview:large, max-video-preview:-1\" \/>\n<link rel=\"canonical\" href=\"https:\/\/innoticiasbo.com\/index.php\/2024\/09\/19\/andronico-rodriguez-no-soy-parte-de-ningun-plan-maquiavelico\/\" \/>\n<meta property=\"og:locale\" content=\"es_ES\" \/>\n<meta property=\"og:type\" content=\"article\" \/>\n<meta property=\"og:title\" content=\"ANDR\u00d3NICO RODR\u00cdGUEZ: &quot;NO SOY PARTE DE NING\u00daN PLAN MAQUIAV\u00c9LICO&quot; - innoticiasbo.com\" \/>\n<meta property=\"og:description\" content=\"La Paz, 18 de septiembre de 2024.- El presidente de la C\u00e1mara de Senadores, Andr\u00f3nico Rodr\u00edguez, neg\u00f3 este mi\u00e9rcoles ser parte de un \u201cplan maquiav\u00e9lico\u201d para llegar a la presidencia del Estado mediante un \u201cgolpe de Estado\u201d o la renuncia del presidente Luis Arce y el vicepresidente David Choquehuanca. \u201cQuiero expresar con mucha vehemencia que...\" \/>\n<meta property=\"og:url\" content=\"https:\/\/innoticiasbo.com\/index.php\/2024\/09\/19\/andronico-rodriguez-no-soy-parte-de-ningun-plan-maquiavelico\/\" \/>\n<meta property=\"og:site_name\" content=\"innoticiasbo.com\" \/>\n<meta property=\"article:publisher\" content=\"https:\/\/www.facebook.com\/innoticiasbolivia\" \/>\n<meta property=\"article:published_time\" content=\"2024-09-19T02:30:00+00:00\" \/>\n<meta property=\"article:modified_time\" content=\"2024-09-19T02:30:12+00:00\" \/>\n<meta property=\"og:image\" content=\"https:\/\/i0.wp.com\/innoticiasbo.com\/wp-content\/uploads\/2024\/09\/andronico_11.jpg?fit=1000%2C623&ssl=1\" \/>\n\t<meta property=\"og:image:width\" content=\"1000\" \/>\n\t<meta property=\"og:image:height\" content=\"623\" \/>\n\t<meta property=\"og:image:type\" content=\"image\/jpeg\" \/>\n<meta name=\"author\" content=\"Prensa\" \/>\n<meta name=\"twitter:card\" content=\"summary_large_image\" \/>\n<meta name=\"twitter:creator\" content=\"@innoticiasbo\" \/>\n<meta name=\"twitter:site\" content=\"@innoticiasbo\" \/>\n<meta name=\"twitter:label1\" content=\"Escrito por\" \/>\n\t<meta name=\"twitter:data1\" content=\"Prensa\" \/>\n\t<meta name=\"twitter:label2\" content=\"Tiempo de lectura\" \/>\n\t<meta name=\"twitter:data2\" content=\"2 minutos\" \/>\n<script type=\"application\/ld+json\" class=\"yoast-schema-graph\">{\"@context\":\"https:\/\/schema.org\",\"@graph\":[{\"@type\":\"Article\",\"@id\":\"https:\/\/innoticiasbo.com\/index.php\/2024\/09\/19\/andronico-rodriguez-no-soy-parte-de-ningun-plan-maquiavelico\/#article\",\"isPartOf\":{\"@id\":\"https:\/\/innoticiasbo.com\/index.php\/2024\/09\/19\/andronico-rodriguez-no-soy-parte-de-ningun-plan-maquiavelico\/\"},\"author\":{\"name\":\"Prensa\",\"@id\":\"https:\/\/innoticiasbo.com\/#\/schema\/person\/589cd527c4211df1b943bdad85ec07ce\"},\"headline\":\"ANDR\u00d3NICO RODR\u00cdGUEZ: \u00abNO SOY PARTE DE NING\u00daN PLAN MAQUIAV\u00c9LICO\u00bb\",\"datePublished\":\"2024-09-19T02:30:00+00:00\",\"dateModified\":\"2024-09-19T02:30:12+00:00\",\"mainEntityOfPage\":{\"@id\":\"https:\/\/innoticiasbo.com\/index.php\/2024\/09\/19\/andronico-rodriguez-no-soy-parte-de-ningun-plan-maquiavelico\/\"},\"wordCount\":338,\"commentCount\":0,\"publisher\":{\"@id\":\"https:\/\/innoticiasbo.com\/#organization\"},\"image\":{\"@id\":\"https:\/\/innoticiasbo.com\/index.php\/2024\/09\/19\/andronico-rodriguez-no-soy-parte-de-ningun-plan-maquiavelico\/#primaryimage\"},\"thumbnailUrl\":\"https:\/\/i0.wp.com\/innoticiasbo.com\/wp-content\/uploads\/2024\/09\/andronico_11.jpg?fit=1000%2C623&ssl=1\",\"articleSection\":[\"Bolivia\",\"Pol\u00edtica\"],\"inLanguage\":\"es\",\"potentialAction\":[{\"@type\":\"CommentAction\",\"name\":\"Comment\",\"target\":[\"https:\/\/innoticiasbo.com\/index.php\/2024\/09\/19\/andronico-rodriguez-no-soy-parte-de-ningun-plan-maquiavelico\/#respond\"]}]},{\"@type\":\"WebPage\",\"@id\":\"https:\/\/innoticiasbo.com\/index.php\/2024\/09\/19\/andronico-rodriguez-no-soy-parte-de-ningun-plan-maquiavelico\/\",\"url\":\"https:\/\/innoticiasbo.com\/index.php\/2024\/09\/19\/andronico-rodriguez-no-soy-parte-de-ningun-plan-maquiavelico\/\",\"name\":\"ANDR\u00d3NICO RODR\u00cdGUEZ: \\\"NO SOY PARTE DE NING\u00daN PLAN MAQUIAV\u00c9LICO\\\" - innoticiasbo.com\",\"isPartOf\":{\"@id\":\"https:\/\/innoticiasbo.com\/#website\"},\"primaryImageOfPage\":{\"@id\":\"https:\/\/innoticiasbo.com\/index.php\/2024\/09\/19\/andronico-rodriguez-no-soy-parte-de-ningun-plan-maquiavelico\/#primaryimage\"},\"image\":{\"@id\":\"https:\/\/innoticiasbo.com\/index.php\/2024\/09\/19\/andronico-rodriguez-no-soy-parte-de-ningun-plan-maquiavelico\/#primaryimage\"},\"thumbnailUrl\":\"https:\/\/i0.wp.com\/innoticiasbo.com\/wp-content\/uploads\/2024\/09\/andronico_11.jpg?fit=1000%2C623&ssl=1\",\"datePublished\":\"2024-09-19T02:30:00+00:00\",\"dateModified\":\"2024-09-19T02:30:12+00:00\",\"breadcrumb\":{\"@id\":\"https:\/\/innoticiasbo.com\/index.php\/2024\/09\/19\/andronico-rodriguez-no-soy-parte-de-ningun-plan-maquiavelico\/#breadcrumb\"},\"inLanguage\":\"es\",\"potentialAction\":[{\"@type\":\"ReadAction\",\"target\":[\"https:\/\/innoticiasbo.com\/index.php\/2024\/09\/19\/andronico-rodriguez-no-soy-parte-de-ningun-plan-maquiavelico\/\"]}]},{\"@type\":\"ImageObject\",\"inLanguage\":\"es\",\"@id\":\"https:\/\/innoticiasbo.com\/index.php\/2024\/09\/19\/andronico-rodriguez-no-soy-parte-de-ningun-plan-maquiavelico\/#primaryimage\",\"url\":\"https:\/\/i0.wp.com\/innoticiasbo.com\/wp-content\/uploads\/2024\/09\/andronico_11.jpg?fit=1000%2C623&ssl=1\",\"contentUrl\":\"https:\/\/i0.wp.com\/innoticiasbo.com\/wp-content\/uploads\/2024\/09\/andronico_11.jpg?fit=1000%2C623&ssl=1\",\"width\":1000,\"height\":623},{\"@type\":\"BreadcrumbList\",\"@id\":\"https:\/\/innoticiasbo.com\/index.php\/2024\/09\/19\/andronico-rodriguez-no-soy-parte-de-ningun-plan-maquiavelico\/#breadcrumb\",\"itemListElement\":[{\"@type\":\"ListItem\",\"position\":1,\"name\":\"Portada\",\"item\":\"https:\/\/innoticiasbo.com\/\"},{\"@type\":\"ListItem\",\"position\":2,\"name\":\"ANDR\u00d3NICO RODR\u00cdGUEZ: \u00abNO SOY PARTE DE NING\u00daN PLAN MAQUIAV\u00c9LICO\u00bb\"}]},{\"@type\":\"WebSite\",\"@id\":\"https:\/\/innoticiasbo.com\/#website\",\"url\":\"https:\/\/innoticiasbo.com\/\",\"name\":\"innoticiasbo.com\",\"description\":\"\",\"publisher\":{\"@id\":\"https:\/\/innoticiasbo.com\/#organization\"},\"potentialAction\":[{\"@type\":\"SearchAction\",\"target\":{\"@type\":\"EntryPoint\",\"urlTemplate\":\"https:\/\/innoticiasbo.com\/?s={search_term_string}\"},\"query-input\":{\"@type\":\"PropertyValueSpecification\",\"valueRequired\":true,\"valueName\":\"search_term_string\"}}],\"inLanguage\":\"es\"},{\"@type\":\"Organization\",\"@id\":\"https:\/\/innoticiasbo.com\/#organization\",\"name\":\"innoticiasbo.com\",\"url\":\"https:\/\/innoticiasbo.com\/\",\"logo\":{\"@type\":\"ImageObject\",\"inLanguage\":\"es\",\"@id\":\"https:\/\/innoticiasbo.com\/#\/schema\/logo\/image\/\",\"url\":\"https:\/\/i0.wp.com\/innoticiasbo.com\/wp-content\/uploads\/2026\/04\/cropped-IN-LOGO.png?fit=1476%2C1476&ssl=1\",\"contentUrl\":\"https:\/\/i0.wp.com\/innoticiasbo.com\/wp-content\/uploads\/2026\/04\/cropped-IN-LOGO.png?fit=1476%2C1476&ssl=1\",\"width\":1476,\"height\":1476,\"caption\":\"innoticiasbo.com\"},\"image\":{\"@id\":\"https:\/\/innoticiasbo.com\/#\/schema\/logo\/image\/\"},\"sameAs\":[\"https:\/\/www.facebook.com\/innoticiasbolivia\",\"https:\/\/x.com\/innoticiasbo\",\"https:\/\/www.instagram.com\/innoticiasbo\",\"https:\/\/www.youtube.com\/innoticiasbo\"]},{\"@type\":\"Person\",\"@id\":\"https:\/\/innoticiasbo.com\/#\/schema\/person\/589cd527c4211df1b943bdad85ec07ce\",\"name\":\"Prensa\",\"image\":{\"@type\":\"ImageObject\",\"inLanguage\":\"es\",\"@id\":\"https:\/\/innoticiasbo.com\/#\/schema\/person\/image\/\",\"url\":\"https:\/\/secure.gravatar.com\/avatar\/d359bbdf112023c1c0a3ec7fe1600657?s=96&d=mm&r=g\",\"contentUrl\":\"https:\/\/secure.gravatar.com\/avatar\/d359bbdf112023c1c0a3ec7fe1600657?s=96&d=mm&r=g\",\"caption\":\"Prensa\"},\"sameAs\":[\"http:\/\/www.innoticiasbo.com\"],\"url\":\"https:\/\/innoticiasbo.com\/index.php\/author\/prensa\/\"}]}<\/script>\n<!-- \/ Yoast SEO plugin. -->","yoast_head_json":{"title":"ANDR\u00d3NICO RODR\u00cdGUEZ: \"NO SOY PARTE DE NING\u00daN PLAN MAQUIAV\u00c9LICO\" - innoticiasbo.com","robots":{"index":"index","follow":"follow","max-snippet":"max-snippet:-1","max-image-preview":"max-image-preview:large","max-video-preview":"max-video-preview:-1"},"canonical":"https:\/\/innoticiasbo.com\/index.php\/2024\/09\/19\/andronico-rodriguez-no-soy-parte-de-ningun-plan-maquiavelico\/","og_locale":"es_ES","og_type":"article","og_title":"ANDR\u00d3NICO RODR\u00cdGUEZ: \"NO SOY PARTE DE NING\u00daN PLAN MAQUIAV\u00c9LICO\" - innoticiasbo.com","og_description":"La Paz, 18 de septiembre de 2024.- El presidente de la C\u00e1mara de Senadores, Andr\u00f3nico Rodr\u00edguez, neg\u00f3 este mi\u00e9rcoles ser parte de un \u201cplan maquiav\u00e9lico\u201d para llegar a la presidencia del Estado mediante un \u201cgolpe de Estado\u201d o la renuncia del presidente Luis Arce y el vicepresidente David Choquehuanca. \u201cQuiero expresar con mucha vehemencia que...","og_url":"https:\/\/innoticiasbo.com\/index.php\/2024\/09\/19\/andronico-rodriguez-no-soy-parte-de-ningun-plan-maquiavelico\/","og_site_name":"innoticiasbo.com","article_publisher":"https:\/\/www.facebook.com\/innoticiasbolivia","article_published_time":"2024-09-19T02:30:00+00:00","article_modified_time":"2024-09-19T02:30:12+00:00","og_image":[{"width":1000,"height":623,"url":"https:\/\/i0.wp.com\/innoticiasbo.com\/wp-content\/uploads\/2024\/09\/andronico_11.jpg?fit=1000%2C623&ssl=1","type":"image\/jpeg"}],"author":"Prensa","twitter_card":"summary_large_image","twitter_creator":"@innoticiasbo","twitter_site":"@innoticiasbo","twitter_misc":{"Escrito por":"Prensa","Tiempo de lectura":"2 minutos"},"schema":{"@context":"https:\/\/schema.org","@graph":[{"@type":"Article","@id":"https:\/\/innoticiasbo.com\/index.php\/2024\/09\/19\/andronico-rodriguez-no-soy-parte-de-ningun-plan-maquiavelico\/#article","isPartOf":{"@id":"https:\/\/innoticiasbo.com\/index.php\/2024\/09\/19\/andronico-rodriguez-no-soy-parte-de-ningun-plan-maquiavelico\/"},"author":{"name":"Prensa","@id":"https:\/\/innoticiasbo.com\/#\/schema\/person\/589cd527c4211df1b943bdad85ec07ce"},"headline":"ANDR\u00d3NICO RODR\u00cdGUEZ: \u00abNO SOY PARTE DE NING\u00daN PLAN MAQUIAV\u00c9LICO\u00bb","datePublished":"2024-09-19T02:30:00+00:00","dateModified":"2024-09-19T02:30:12+00:00","mainEntityOfPage":{"@id":"https:\/\/innoticiasbo.com\/index.php\/2024\/09\/19\/andronico-rodriguez-no-soy-parte-de-ningun-plan-maquiavelico\/"},"wordCount":338,"commentCount":0,"publisher":{"@id":"https:\/\/innoticiasbo.com\/#organization"},"image":{"@id":"https:\/\/innoticiasbo.com\/index.php\/2024\/09\/19\/andronico-rodriguez-no-soy-parte-de-ningun-plan-maquiavelico\/#primaryimage"},"thumbnailUrl":"https:\/\/i0.wp.com\/innoticiasbo.com\/wp-content\/uploads\/2024\/09\/andronico_11.jpg?fit=1000%2C623&ssl=1","articleSection":["Bolivia","Pol\u00edtica"],"inLanguage":"es","potentialAction":[{"@type":"CommentAction","name":"Comment","target":["https:\/\/innoticiasbo.com\/index.php\/2024\/09\/19\/andronico-rodriguez-no-soy-parte-de-ningun-plan-maquiavelico\/#respond"]}]},{"@type":"WebPage","@id":"https:\/\/innoticiasbo.com\/index.php\/2024\/09\/19\/andronico-rodriguez-no-soy-parte-de-ningun-plan-maquiavelico\/","url":"https:\/\/innoticiasbo.com\/index.php\/2024\/09\/19\/andronico-rodriguez-no-soy-parte-de-ningun-plan-maquiavelico\/","name":"ANDR\u00d3NICO RODR\u00cdGUEZ: \"NO SOY PARTE DE NING\u00daN PLAN MAQUIAV\u00c9LICO\" - innoticiasbo.com","isPartOf":{"@id":"https:\/\/innoticiasbo.com\/#website"},"primaryImageOfPage":{"@id":"https:\/\/innoticiasbo.com\/index.php\/2024\/09\/19\/andronico-rodriguez-no-soy-parte-de-ningun-plan-maquiavelico\/#primaryimage"},"image":{"@id":"https:\/\/innoticiasbo.com\/index.php\/2024\/09\/19\/andronico-rodriguez-no-soy-parte-de-ningun-plan-maquiavelico\/#primaryimage"},"thumbnailUrl":"https:\/\/i0.wp.com\/innoticiasbo.com\/wp-content\/uploads\/2024\/09\/andronico_11.jpg?fit=1000%2C623&ssl=1","datePublished":"2024-09-19T02:30:00+00:00","dateModified":"2024-09-19T02:30:12+00:00","breadcrumb":{"@id":"https:\/\/innoticiasbo.com\/index.php\/2024\/09\/19\/andronico-rodriguez-no-soy-parte-de-ningun-plan-maquiavelico\/#breadcrumb"},"inLanguage":"es","potentialAction":[{"@type":"ReadAction","target":["https:\/\/innoticiasbo.com\/index.php\/2024\/09\/19\/andronico-rodriguez-no-soy-parte-de-ningun-plan-maquiavelico\/"]}]},{"@type":"ImageObject","inLanguage":"es","@id":"https:\/\/innoticiasbo.com\/index.php\/2024\/09\/19\/andronico-rodriguez-no-soy-parte-de-ningun-plan-maquiavelico\/#primaryimage","url":"https:\/\/i0.wp.com\/innoticiasbo.com\/wp-content\/uploads\/2024\/09\/andronico_11.jpg?fit=1000%2C623&ssl=1","contentUrl":"https:\/\/i0.wp.com\/innoticiasbo.com\/wp-content\/uploads\/2024\/09\/andronico_11.jpg?fit=1000%2C623&ssl=1","width":1000,"height":623},{"@type":"BreadcrumbList","@id":"https:\/\/innoticiasbo.com\/index.php\/2024\/09\/19\/andronico-rodriguez-no-soy-parte-de-ningun-plan-maquiavelico\/#breadcrumb","itemListElement":[{"@type":"ListItem","position":1,"name":"Portada","item":"https:\/\/innoticiasbo.com\/"},{"@type":"ListItem","position":2,"name":"ANDR\u00d3NICO RODR\u00cdGUEZ: \u00abNO SOY PARTE DE NING\u00daN PLAN MAQUIAV\u00c9LICO\u00bb"}]},{"@type":"WebSite","@id":"https:\/\/innoticiasbo.com\/#website","url":"https:\/\/innoticiasbo.com\/","name":"innoticiasbo.com","description":"","publisher":{"@id":"https:\/\/innoticiasbo.com\/#organization"},"potentialAction":[{"@type":"SearchAction","target":{"@type":"EntryPoint","urlTemplate":"https:\/\/innoticiasbo.com\/?s={search_term_string}"},"query-input":{"@type":"PropertyValueSpecification","valueRequired":true,"valueName":"search_term_string"}}],"inLanguage":"es"},{"@type":"Organization","@id":"https:\/\/innoticiasbo.com\/#organization","name":"innoticiasbo.com","url":"https:\/\/innoticiasbo.com\/","logo":{"@type":"ImageObject","inLanguage":"es","@id":"https:\/\/innoticiasbo.com\/#\/schema\/logo\/image\/","url":"https:\/\/i0.wp.com\/innoticiasbo.com\/wp-content\/uploads\/2026\/04\/cropped-IN-LOGO.png?fit=1476%2C1476&ssl=1","contentUrl":"https:\/\/i0.wp.com\/innoticiasbo.com\/wp-content\/uploads\/2026\/04\/cropped-IN-LOGO.png?fit=1476%2C1476&ssl=1","width":1476,"height":1476,"caption":"innoticiasbo.com"},"image":{"@id":"https:\/\/innoticiasbo.com\/#\/schema\/logo\/image\/"},"sameAs":["https:\/\/www.facebook.com\/innoticiasbolivia","https:\/\/x.com\/innoticiasbo","https:\/\/www.instagram.com\/innoticiasbo","https:\/\/www.youtube.com\/innoticiasbo"]},{"@type":"Person","@id":"https:\/\/innoticiasbo.com\/#\/schema\/person\/589cd527c4211df1b943bdad85ec07ce","name":"Prensa","image":{"@type":"ImageObject","inLanguage":"es","@id":"https:\/\/innoticiasbo.com\/#\/schema\/person\/image\/","url":"https:\/\/secure.gravatar.com\/avatar\/d359bbdf112023c1c0a3ec7fe1600657?s=96&d=mm&r=g","contentUrl":"https:\/\/secure.gravatar.com\/avatar\/d359bbdf112023c1c0a3ec7fe1600657?s=96&d=mm&r=g","caption":"Prensa"},"sameAs":["http:\/\/www.innoticiasbo.com"],"url":"https:\/\/innoticiasbo.com\/index.php\/author\/prensa\/"}]}},"jetpack_featured_media_url":"https:\/\/i0.wp.com\/innoticiasbo.com\/wp-content\/uploads\/2024\/09\/andronico_11.jpg?fit=1000%2C623&ssl=1","jetpack_likes_enabled":true,"jetpack_sharing_enabled":true,"jetpack_shortlink":"https:\/\/wp.me\/pg298x-dC","_links":{"self":[{"href":"https:\/\/innoticiasbo.com\/index.php\/wp-json\/wp\/v2\/posts\/844","targetHints":{"allow":["GET"]}}],"collection":[{"href":"https:\/\/innoticiasbo.com\/index.php\/wp-json\/wp\/v2\/posts"}],"about":[{"href":"https:\/\/innoticiasbo.com\/index.php\/wp-json\/wp\/v2\/types\/post"}],"author":[{"embeddable":true,"href":"https:\/\/innoticiasbo.com\/index.php\/wp-json\/wp\/v2\/users\/2"}],"replies":[{"embeddable":true,"href":"https:\/\/innoticiasbo.com\/index.php\/wp-json\/wp\/v2\/comments?post=844"}],"version-history":[{"count":2,"href":"https:\/\/innoticiasbo.com\/index.php\/wp-json\/wp\/v2\/posts\/844\/revisions"}],"predecessor-version":[{"id":849,"href":"https:\/\/innoticiasbo.com\/index.php\/wp-json\/wp\/v2\/posts\/844\/revisions\/849"}],"wp:featuredmedia":[{"embeddable":true,"href":"https:\/\/innoticiasbo.com\/index.php\/wp-json\/wp\/v2\/media\/848"}],"wp:attachment":[{"href":"https:\/\/innoticiasbo.com\/index.php\/wp-json\/wp\/v2\/media?parent=844"}],"wp:term":[{"taxonomy":"category","embeddable":true,"href":"https:\/\/innoticiasbo.com\/index.php\/wp-json\/wp\/v2\/categories?post=844"},{"taxonomy":"post_tag","embeddable":true,"href":"https:\/\/innoticiasbo.com\/index.php\/wp-json\/wp\/v2\/tags?post=844"}],"curies":[{"name":"wp","href":"https:\/\/api.w.org\/{rel}","templated":true}]}}