{"id":842,"date":"2024-09-19T02:14:40","date_gmt":"2024-09-19T02:14:40","guid":{"rendered":"https:\/\/innoticiasbo.com\/?p=842"},"modified":"2024-09-19T02:14:48","modified_gmt":"2024-09-19T02:14:48","slug":"brigadas-de-veterinarios-voluntarios-refuerzan-rescate-de-animales-afectados-por-los-incendios","status":"publish","type":"post","link":"https:\/\/innoticiasbo.com\/index.php\/2024\/09\/19\/brigadas-de-veterinarios-voluntarios-refuerzan-rescate-de-animales-afectados-por-los-incendios\/","title":{"rendered":"BRIGADAS DE VETERINARIOS VOLUNTARIOS REFUERZAN RESCATE DE ANIMALES AFECTADOS POR LOS INCENDIOS"},"content":{"rendered":"\n<p>Santa Cruz, 18 de septiembre de 2024.- Brigadas del Ministerio de Medio Ambiente y Agua y veterinarios voluntarios est\u00e1n desplazados en las zonas m\u00e1s afectadas por incendios forestales en Santa Cruz y Beni, para reforzar los trabajos de rescate y asistencia a los animales silvestres, en el marco de la campa\u00f1a \u201cPor los que no tienen voz\u201d.<\/p>\n\n\n\n<p>\u201cEmpezamos este martes y vimos con mucha complacencia que 15 profesionales de los departamentos de La Paz, Cochabamba y Chuquisaca ingresaron al \u00c1rea Natural de Manejo Integrado San Mat\u00edas (Santa Cruz), y este lunes ingresar\u00e1n brigadas a otras \u00e1reas\u201d, inform\u00f3 el viceministro de Medio Ambiente, Franz Quispe, quien acompa\u00f1a a las brigadas.<\/p>\n\n\n\n<p>En San Mat\u00edas se rescat\u00f3 una tortuga macho terrestre que presenta problemas en miembros anterior y posteriores, y un tapir hembra joven que presenta quemaduras en patas.<\/p>\n\n\n\n<p>La directora de la Carrera de Medicina Veterinaria y Zootecnia de la Universidad T\u00e9cnica Privada Cosmos (Unitepc) de La Paz, Carla P\u00e9rez, explic\u00f3 que se efectuaron tratamientos paliativos y curativos a los animales encontrados.<\/p>\n\n\n\n<p>Las especies permanecer\u00e1n en observaci\u00f3n y tratamiento durante dos semanas para posteriormente ser reinsertados a su h\u00e1bitat natural.<\/p>\n\n\n\n<p>La campa\u00f1a \u201cPor los que no tienen voz\u201d transporta gratuitamente a veterinarios voluntarios hacia zonas afectadas por los incendios forestales, para que puedan brindar atenci\u00f3n m\u00e9dica y tratamiento a los animales silvestres afectados por el fuego y la humareda.<\/p>\n\n\n\n<p>El viceministro de Medio Ambiente agradeci\u00f3 a los voluntarios que se sumaron a la campa\u00f1a e inst\u00f3 a otros profesionales en veterinaria y biolog\u00eda a apoyar esta causa en favor de los animales silvestres que no tienen voz.<\/p>\n\n\n\n<figure class=\"wp-block-image size-large\"><img data-recalc-dims=\"1\" loading=\"lazy\" decoding=\"async\" width=\"640\" height=\"427\" src=\"https:\/\/i0.wp.com\/innoticiasbo.com\/wp-content\/uploads\/2024\/09\/img-20240918-wa01142682859330063300191.jpg?resize=640%2C427&#038;ssl=1\" alt=\"\" class=\"wp-image-837\" srcset=\"https:\/\/i0.wp.com\/innoticiasbo.com\/wp-content\/uploads\/2024\/09\/img-20240918-wa01142682859330063300191.jpg?resize=1024%2C683&amp;ssl=1 1024w, https:\/\/i0.wp.com\/innoticiasbo.com\/wp-content\/uploads\/2024\/09\/img-20240918-wa01142682859330063300191.jpg?resize=300%2C200&amp;ssl=1 300w, https:\/\/i0.wp.com\/innoticiasbo.com\/wp-content\/uploads\/2024\/09\/img-20240918-wa01142682859330063300191.jpg?resize=768%2C512&amp;ssl=1 768w, https:\/\/i0.wp.com\/innoticiasbo.com\/wp-content\/uploads\/2024\/09\/img-20240918-wa01142682859330063300191.jpg?resize=1536%2C1025&amp;ssl=1 1536w, https:\/\/i0.wp.com\/innoticiasbo.com\/wp-content\/uploads\/2024\/09\/img-20240918-wa01142682859330063300191.jpg?resize=600%2C400&amp;ssl=1 600w, https:\/\/i0.wp.com\/innoticiasbo.com\/wp-content\/uploads\/2024\/09\/img-20240918-wa01142682859330063300191.jpg?w=2000&amp;ssl=1 2000w, https:\/\/i0.wp.com\/innoticiasbo.com\/wp-content\/uploads\/2024\/09\/img-20240918-wa01142682859330063300191.jpg?w=1280&amp;ssl=1 1280w, https:\/\/i0.wp.com\/innoticiasbo.com\/wp-content\/uploads\/2024\/09\/img-20240918-wa01142682859330063300191.jpg?w=1920&amp;ssl=1 1920w\" sizes=\"auto, (max-width: 640px) 100vw, 640px\" \/><\/figure>\n\n\n\n<figure class=\"wp-block-image\"><img data-recalc-dims=\"1\" loading=\"lazy\" decoding=\"async\" width=\"640\" height=\"480\" src=\"https:\/\/i0.wp.com\/innoticiasbo.com\/wp-content\/uploads\/2024\/09\/img-20240918-wa01116286776980508786027.jpg?resize=640%2C480&#038;ssl=1\" alt=\"\" class=\"wp-image-839\" srcset=\"https:\/\/i0.wp.com\/innoticiasbo.com\/wp-content\/uploads\/2024\/09\/img-20240918-wa01116286776980508786027.jpg?resize=1024%2C768&amp;ssl=1 1024w, https:\/\/i0.wp.com\/innoticiasbo.com\/wp-content\/uploads\/2024\/09\/img-20240918-wa01116286776980508786027.jpg?resize=300%2C225&amp;ssl=1 300w, https:\/\/i0.wp.com\/innoticiasbo.com\/wp-content\/uploads\/2024\/09\/img-20240918-wa01116286776980508786027.jpg?resize=768%2C576&amp;ssl=1 768w, https:\/\/i0.wp.com\/innoticiasbo.com\/wp-content\/uploads\/2024\/09\/img-20240918-wa01116286776980508786027.jpg?resize=1536%2C1152&amp;ssl=1 1536w, https:\/\/i0.wp.com\/innoticiasbo.com\/wp-content\/uploads\/2024\/09\/img-20240918-wa01116286776980508786027.jpg?w=2000&amp;ssl=1 2000w, https:\/\/i0.wp.com\/innoticiasbo.com\/wp-content\/uploads\/2024\/09\/img-20240918-wa01116286776980508786027.jpg?w=1280&amp;ssl=1 1280w, https:\/\/i0.wp.com\/innoticiasbo.com\/wp-content\/uploads\/2024\/09\/img-20240918-wa01116286776980508786027.jpg?w=1920&amp;ssl=1 1920w\" sizes=\"auto, (max-width: 640px) 100vw, 640px\" \/><\/figure>\n\n\n\n<figure class=\"wp-block-image\"><img data-recalc-dims=\"1\" loading=\"lazy\" decoding=\"async\" width=\"640\" height=\"480\" src=\"https:\/\/i0.wp.com\/innoticiasbo.com\/wp-content\/uploads\/2024\/09\/img-20240918-wa01207441025856364679443.jpg?resize=640%2C480&#038;ssl=1\" alt=\"\" class=\"wp-image-840\" srcset=\"https:\/\/i0.wp.com\/innoticiasbo.com\/wp-content\/uploads\/2024\/09\/img-20240918-wa01207441025856364679443.jpg?resize=1024%2C768&amp;ssl=1 1024w, https:\/\/i0.wp.com\/innoticiasbo.com\/wp-content\/uploads\/2024\/09\/img-20240918-wa01207441025856364679443.jpg?resize=300%2C225&amp;ssl=1 300w, https:\/\/i0.wp.com\/innoticiasbo.com\/wp-content\/uploads\/2024\/09\/img-20240918-wa01207441025856364679443.jpg?resize=768%2C576&amp;ssl=1 768w, https:\/\/i0.wp.com\/innoticiasbo.com\/wp-content\/uploads\/2024\/09\/img-20240918-wa01207441025856364679443.jpg?resize=1536%2C1152&amp;ssl=1 1536w, https:\/\/i0.wp.com\/innoticiasbo.com\/wp-content\/uploads\/2024\/09\/img-20240918-wa01207441025856364679443.jpg?w=2000&amp;ssl=1 2000w, https:\/\/i0.wp.com\/innoticiasbo.com\/wp-content\/uploads\/2024\/09\/img-20240918-wa01207441025856364679443.jpg?w=1280&amp;ssl=1 1280w, https:\/\/i0.wp.com\/innoticiasbo.com\/wp-content\/uploads\/2024\/09\/img-20240918-wa01207441025856364679443.jpg?w=1920&amp;ssl=1 1920w\" sizes=\"auto, (max-width: 640px) 100vw, 640px\" \/><\/figure>\n\n\n\n<figure class=\"wp-block-image\"><img data-recalc-dims=\"1\" loading=\"lazy\" decoding=\"async\" width=\"640\" height=\"480\" src=\"https:\/\/i0.wp.com\/innoticiasbo.com\/wp-content\/uploads\/2024\/09\/img-20240918-wa01184296378600214298660.jpg?resize=640%2C480&#038;ssl=1\" alt=\"\" class=\"wp-image-838\" srcset=\"https:\/\/i0.wp.com\/innoticiasbo.com\/wp-content\/uploads\/2024\/09\/img-20240918-wa01184296378600214298660.jpg?resize=1024%2C768&amp;ssl=1 1024w, https:\/\/i0.wp.com\/innoticiasbo.com\/wp-content\/uploads\/2024\/09\/img-20240918-wa01184296378600214298660.jpg?resize=300%2C225&amp;ssl=1 300w, https:\/\/i0.wp.com\/innoticiasbo.com\/wp-content\/uploads\/2024\/09\/img-20240918-wa01184296378600214298660.jpg?resize=768%2C576&amp;ssl=1 768w, https:\/\/i0.wp.com\/innoticiasbo.com\/wp-content\/uploads\/2024\/09\/img-20240918-wa01184296378600214298660.jpg?resize=1536%2C1152&amp;ssl=1 1536w, https:\/\/i0.wp.com\/innoticiasbo.com\/wp-content\/uploads\/2024\/09\/img-20240918-wa01184296378600214298660.jpg?w=2000&amp;ssl=1 2000w, https:\/\/i0.wp.com\/innoticiasbo.com\/wp-content\/uploads\/2024\/09\/img-20240918-wa01184296378600214298660.jpg?w=1280&amp;ssl=1 1280w, https:\/\/i0.wp.com\/innoticiasbo.com\/wp-content\/uploads\/2024\/09\/img-20240918-wa01184296378600214298660.jpg?w=1920&amp;ssl=1 1920w\" sizes=\"auto, (max-width: 640px) 100vw, 640px\" \/><\/figure>\n","protected":false},"excerpt":{"rendered":"<p>Santa Cruz, 18 de septiembre de 2024.- Brigadas del Ministerio de Medio Ambiente y Agua y veterinarios voluntarios est\u00e1n desplazados en las zonas m\u00e1s afectadas por incendios forestales en Santa Cruz y Beni, para reforzar los trabajos de rescate y asistencia a los animales silvestres, en el marco de la campa\u00f1a \u201cPor los que no&#8230;<\/p>\n","protected":false},"author":2,"featured_media":841,"comment_status":"open","ping_status":"open","sticky":false,"template":"","format":"standard","meta":{"_jetpack_memberships_contains_paid_content":false,"footnotes":"","jetpack_publicize_message":"","jetpack_publicize_feature_enabled":true,"jetpack_social_post_already_shared":true,"jetpack_social_options":{"image_generator_settings":{"template":"highway","enabled":false},"version":2}},"categories":[1],"tags":[],"class_list":["post-842","post","type-post","status-publish","format-standard","has-post-thumbnail","hentry","category-bolivia"],"jetpack_publicize_connections":[],"yoast_head":"<!-- This site is optimized with the Yoast SEO plugin v23.4 - https:\/\/yoast.com\/wordpress\/plugins\/seo\/ -->\n<title>BRIGADAS DE VETERINARIOS VOLUNTARIOS REFUERZAN RESCATE DE ANIMALES AFECTADOS POR LOS INCENDIOS - innoticiasbo.com<\/title>\n<meta name=\"robots\" content=\"index, follow, max-snippet:-1, max-image-preview:large, max-video-preview:-1\" \/>\n<link rel=\"canonical\" href=\"https:\/\/innoticiasbo.com\/index.php\/2024\/09\/19\/brigadas-de-veterinarios-voluntarios-refuerzan-rescate-de-animales-afectados-por-los-incendios\/\" \/>\n<meta property=\"og:locale\" content=\"es_ES\" \/>\n<meta property=\"og:type\" content=\"article\" \/>\n<meta property=\"og:title\" content=\"BRIGADAS DE VETERINARIOS VOLUNTARIOS REFUERZAN RESCATE DE ANIMALES AFECTADOS POR LOS INCENDIOS - innoticiasbo.com\" \/>\n<meta property=\"og:description\" content=\"Santa Cruz, 18 de septiembre de 2024.- Brigadas del Ministerio de Medio Ambiente y Agua y veterinarios voluntarios est\u00e1n desplazados en las zonas m\u00e1s afectadas por incendios forestales en Santa Cruz y Beni, para reforzar los trabajos de rescate y asistencia a los animales silvestres, en el marco de la campa\u00f1a \u201cPor los que no...\" \/>\n<meta property=\"og:url\" content=\"https:\/\/innoticiasbo.com\/index.php\/2024\/09\/19\/brigadas-de-veterinarios-voluntarios-refuerzan-rescate-de-animales-afectados-por-los-incendios\/\" \/>\n<meta property=\"og:site_name\" content=\"innoticiasbo.com\" \/>\n<meta property=\"article:publisher\" content=\"https:\/\/www.facebook.com\/innoticiasbolivia\" \/>\n<meta property=\"article:published_time\" content=\"2024-09-19T02:14:40+00:00\" \/>\n<meta property=\"article:modified_time\" content=\"2024-09-19T02:14:48+00:00\" \/>\n<meta property=\"og:image\" content=\"https:\/\/i0.wp.com\/innoticiasbo.com\/wp-content\/uploads\/2024\/09\/IMG-20240918-WA0112.jpg?fit=1179%2C645&ssl=1\" \/>\n\t<meta property=\"og:image:width\" content=\"1179\" \/>\n\t<meta property=\"og:image:height\" content=\"645\" \/>\n\t<meta property=\"og:image:type\" content=\"image\/jpeg\" \/>\n<meta name=\"author\" content=\"Prensa\" \/>\n<meta name=\"twitter:card\" content=\"summary_large_image\" \/>\n<meta name=\"twitter:creator\" content=\"@innoticiasbo\" \/>\n<meta name=\"twitter:site\" content=\"@innoticiasbo\" \/>\n<meta name=\"twitter:label1\" content=\"Escrito por\" \/>\n\t<meta name=\"twitter:data1\" content=\"Prensa\" \/>\n\t<meta name=\"twitter:label2\" content=\"Tiempo de lectura\" \/>\n\t<meta name=\"twitter:data2\" content=\"1 minuto\" \/>\n<script type=\"application\/ld+json\" class=\"yoast-schema-graph\">{\"@context\":\"https:\/\/schema.org\",\"@graph\":[{\"@type\":\"Article\",\"@id\":\"https:\/\/innoticiasbo.com\/index.php\/2024\/09\/19\/brigadas-de-veterinarios-voluntarios-refuerzan-rescate-de-animales-afectados-por-los-incendios\/#article\",\"isPartOf\":{\"@id\":\"https:\/\/innoticiasbo.com\/index.php\/2024\/09\/19\/brigadas-de-veterinarios-voluntarios-refuerzan-rescate-de-animales-afectados-por-los-incendios\/\"},\"author\":{\"name\":\"Prensa\",\"@id\":\"https:\/\/innoticiasbo.com\/#\/schema\/person\/589cd527c4211df1b943bdad85ec07ce\"},\"headline\":\"BRIGADAS DE VETERINARIOS VOLUNTARIOS REFUERZAN RESCATE DE ANIMALES AFECTADOS POR LOS INCENDIOS\",\"datePublished\":\"2024-09-19T02:14:40+00:00\",\"dateModified\":\"2024-09-19T02:14:48+00:00\",\"mainEntityOfPage\":{\"@id\":\"https:\/\/innoticiasbo.com\/index.php\/2024\/09\/19\/brigadas-de-veterinarios-voluntarios-refuerzan-rescate-de-animales-afectados-por-los-incendios\/\"},\"wordCount\":292,\"commentCount\":0,\"publisher\":{\"@id\":\"https:\/\/innoticiasbo.com\/#organization\"},\"image\":{\"@id\":\"https:\/\/innoticiasbo.com\/index.php\/2024\/09\/19\/brigadas-de-veterinarios-voluntarios-refuerzan-rescate-de-animales-afectados-por-los-incendios\/#primaryimage\"},\"thumbnailUrl\":\"https:\/\/i0.wp.com\/innoticiasbo.com\/wp-content\/uploads\/2024\/09\/IMG-20240918-WA0112.jpg?fit=1179%2C645&ssl=1\",\"articleSection\":[\"Bolivia\"],\"inLanguage\":\"es\",\"potentialAction\":[{\"@type\":\"CommentAction\",\"name\":\"Comment\",\"target\":[\"https:\/\/innoticiasbo.com\/index.php\/2024\/09\/19\/brigadas-de-veterinarios-voluntarios-refuerzan-rescate-de-animales-afectados-por-los-incendios\/#respond\"]}]},{\"@type\":\"WebPage\",\"@id\":\"https:\/\/innoticiasbo.com\/index.php\/2024\/09\/19\/brigadas-de-veterinarios-voluntarios-refuerzan-rescate-de-animales-afectados-por-los-incendios\/\",\"url\":\"https:\/\/innoticiasbo.com\/index.php\/2024\/09\/19\/brigadas-de-veterinarios-voluntarios-refuerzan-rescate-de-animales-afectados-por-los-incendios\/\",\"name\":\"BRIGADAS DE VETERINARIOS VOLUNTARIOS REFUERZAN RESCATE DE ANIMALES AFECTADOS POR LOS INCENDIOS - innoticiasbo.com\",\"isPartOf\":{\"@id\":\"https:\/\/innoticiasbo.com\/#website\"},\"primaryImageOfPage\":{\"@id\":\"https:\/\/innoticiasbo.com\/index.php\/2024\/09\/19\/brigadas-de-veterinarios-voluntarios-refuerzan-rescate-de-animales-afectados-por-los-incendios\/#primaryimage\"},\"image\":{\"@id\":\"https:\/\/innoticiasbo.com\/index.php\/2024\/09\/19\/brigadas-de-veterinarios-voluntarios-refuerzan-rescate-de-animales-afectados-por-los-incendios\/#primaryimage\"},\"thumbnailUrl\":\"https:\/\/i0.wp.com\/innoticiasbo.com\/wp-content\/uploads\/2024\/09\/IMG-20240918-WA0112.jpg?fit=1179%2C645&ssl=1\",\"datePublished\":\"2024-09-19T02:14:40+00:00\",\"dateModified\":\"2024-09-19T02:14:48+00:00\",\"breadcrumb\":{\"@id\":\"https:\/\/innoticiasbo.com\/index.php\/2024\/09\/19\/brigadas-de-veterinarios-voluntarios-refuerzan-rescate-de-animales-afectados-por-los-incendios\/#breadcrumb\"},\"inLanguage\":\"es\",\"potentialAction\":[{\"@type\":\"ReadAction\",\"target\":[\"https:\/\/innoticiasbo.com\/index.php\/2024\/09\/19\/brigadas-de-veterinarios-voluntarios-refuerzan-rescate-de-animales-afectados-por-los-incendios\/\"]}]},{\"@type\":\"ImageObject\",\"inLanguage\":\"es\",\"@id\":\"https:\/\/innoticiasbo.com\/index.php\/2024\/09\/19\/brigadas-de-veterinarios-voluntarios-refuerzan-rescate-de-animales-afectados-por-los-incendios\/#primaryimage\",\"url\":\"https:\/\/i0.wp.com\/innoticiasbo.com\/wp-content\/uploads\/2024\/09\/IMG-20240918-WA0112.jpg?fit=1179%2C645&ssl=1\",\"contentUrl\":\"https:\/\/i0.wp.com\/innoticiasbo.com\/wp-content\/uploads\/2024\/09\/IMG-20240918-WA0112.jpg?fit=1179%2C645&ssl=1\",\"width\":1179,\"height\":645},{\"@type\":\"BreadcrumbList\",\"@id\":\"https:\/\/innoticiasbo.com\/index.php\/2024\/09\/19\/brigadas-de-veterinarios-voluntarios-refuerzan-rescate-de-animales-afectados-por-los-incendios\/#breadcrumb\",\"itemListElement\":[{\"@type\":\"ListItem\",\"position\":1,\"name\":\"Portada\",\"item\":\"https:\/\/innoticiasbo.com\/\"},{\"@type\":\"ListItem\",\"position\":2,\"name\":\"BRIGADAS DE VETERINARIOS VOLUNTARIOS REFUERZAN RESCATE DE ANIMALES AFECTADOS POR LOS INCENDIOS\"}]},{\"@type\":\"WebSite\",\"@id\":\"https:\/\/innoticiasbo.com\/#website\",\"url\":\"https:\/\/innoticiasbo.com\/\",\"name\":\"innoticiasbo.com\",\"description\":\"\",\"publisher\":{\"@id\":\"https:\/\/innoticiasbo.com\/#organization\"},\"potentialAction\":[{\"@type\":\"SearchAction\",\"target\":{\"@type\":\"EntryPoint\",\"urlTemplate\":\"https:\/\/innoticiasbo.com\/?s={search_term_string}\"},\"query-input\":{\"@type\":\"PropertyValueSpecification\",\"valueRequired\":true,\"valueName\":\"search_term_string\"}}],\"inLanguage\":\"es\"},{\"@type\":\"Organization\",\"@id\":\"https:\/\/innoticiasbo.com\/#organization\",\"name\":\"innoticiasbo.com\",\"url\":\"https:\/\/innoticiasbo.com\/\",\"logo\":{\"@type\":\"ImageObject\",\"inLanguage\":\"es\",\"@id\":\"https:\/\/innoticiasbo.com\/#\/schema\/logo\/image\/\",\"url\":\"https:\/\/i0.wp.com\/innoticiasbo.com\/wp-content\/uploads\/2026\/04\/cropped-IN-LOGO.png?fit=1476%2C1476&ssl=1\",\"contentUrl\":\"https:\/\/i0.wp.com\/innoticiasbo.com\/wp-content\/uploads\/2026\/04\/cropped-IN-LOGO.png?fit=1476%2C1476&ssl=1\",\"width\":1476,\"height\":1476,\"caption\":\"innoticiasbo.com\"},\"image\":{\"@id\":\"https:\/\/innoticiasbo.com\/#\/schema\/logo\/image\/\"},\"sameAs\":[\"https:\/\/www.facebook.com\/innoticiasbolivia\",\"https:\/\/x.com\/innoticiasbo\",\"https:\/\/www.instagram.com\/innoticiasbo\",\"https:\/\/www.youtube.com\/innoticiasbo\"]},{\"@type\":\"Person\",\"@id\":\"https:\/\/innoticiasbo.com\/#\/schema\/person\/589cd527c4211df1b943bdad85ec07ce\",\"name\":\"Prensa\",\"image\":{\"@type\":\"ImageObject\",\"inLanguage\":\"es\",\"@id\":\"https:\/\/innoticiasbo.com\/#\/schema\/person\/image\/\",\"url\":\"https:\/\/secure.gravatar.com\/avatar\/d359bbdf112023c1c0a3ec7fe1600657?s=96&d=mm&r=g\",\"contentUrl\":\"https:\/\/secure.gravatar.com\/avatar\/d359bbdf112023c1c0a3ec7fe1600657?s=96&d=mm&r=g\",\"caption\":\"Prensa\"},\"sameAs\":[\"http:\/\/www.innoticiasbo.com\"],\"url\":\"https:\/\/innoticiasbo.com\/index.php\/author\/prensa\/\"}]}<\/script>\n<!-- \/ Yoast SEO plugin. -->","yoast_head_json":{"title":"BRIGADAS DE VETERINARIOS VOLUNTARIOS REFUERZAN RESCATE DE ANIMALES AFECTADOS POR LOS INCENDIOS - innoticiasbo.com","robots":{"index":"index","follow":"follow","max-snippet":"max-snippet:-1","max-image-preview":"max-image-preview:large","max-video-preview":"max-video-preview:-1"},"canonical":"https:\/\/innoticiasbo.com\/index.php\/2024\/09\/19\/brigadas-de-veterinarios-voluntarios-refuerzan-rescate-de-animales-afectados-por-los-incendios\/","og_locale":"es_ES","og_type":"article","og_title":"BRIGADAS DE VETERINARIOS VOLUNTARIOS REFUERZAN RESCATE DE ANIMALES AFECTADOS POR LOS INCENDIOS - innoticiasbo.com","og_description":"Santa Cruz, 18 de septiembre de 2024.- Brigadas del Ministerio de Medio Ambiente y Agua y veterinarios voluntarios est\u00e1n desplazados en las zonas m\u00e1s afectadas por incendios forestales en Santa Cruz y Beni, para reforzar los trabajos de rescate y asistencia a los animales silvestres, en el marco de la campa\u00f1a \u201cPor los que no...","og_url":"https:\/\/innoticiasbo.com\/index.php\/2024\/09\/19\/brigadas-de-veterinarios-voluntarios-refuerzan-rescate-de-animales-afectados-por-los-incendios\/","og_site_name":"innoticiasbo.com","article_publisher":"https:\/\/www.facebook.com\/innoticiasbolivia","article_published_time":"2024-09-19T02:14:40+00:00","article_modified_time":"2024-09-19T02:14:48+00:00","og_image":[{"width":1179,"height":645,"url":"https:\/\/i0.wp.com\/innoticiasbo.com\/wp-content\/uploads\/2024\/09\/IMG-20240918-WA0112.jpg?fit=1179%2C645&ssl=1","type":"image\/jpeg"}],"author":"Prensa","twitter_card":"summary_large_image","twitter_creator":"@innoticiasbo","twitter_site":"@innoticiasbo","twitter_misc":{"Escrito por":"Prensa","Tiempo de lectura":"1 minuto"},"schema":{"@context":"https:\/\/schema.org","@graph":[{"@type":"Article","@id":"https:\/\/innoticiasbo.com\/index.php\/2024\/09\/19\/brigadas-de-veterinarios-voluntarios-refuerzan-rescate-de-animales-afectados-por-los-incendios\/#article","isPartOf":{"@id":"https:\/\/innoticiasbo.com\/index.php\/2024\/09\/19\/brigadas-de-veterinarios-voluntarios-refuerzan-rescate-de-animales-afectados-por-los-incendios\/"},"author":{"name":"Prensa","@id":"https:\/\/innoticiasbo.com\/#\/schema\/person\/589cd527c4211df1b943bdad85ec07ce"},"headline":"BRIGADAS DE VETERINARIOS VOLUNTARIOS REFUERZAN RESCATE DE ANIMALES AFECTADOS POR LOS INCENDIOS","datePublished":"2024-09-19T02:14:40+00:00","dateModified":"2024-09-19T02:14:48+00:00","mainEntityOfPage":{"@id":"https:\/\/innoticiasbo.com\/index.php\/2024\/09\/19\/brigadas-de-veterinarios-voluntarios-refuerzan-rescate-de-animales-afectados-por-los-incendios\/"},"wordCount":292,"commentCount":0,"publisher":{"@id":"https:\/\/innoticiasbo.com\/#organization"},"image":{"@id":"https:\/\/innoticiasbo.com\/index.php\/2024\/09\/19\/brigadas-de-veterinarios-voluntarios-refuerzan-rescate-de-animales-afectados-por-los-incendios\/#primaryimage"},"thumbnailUrl":"https:\/\/i0.wp.com\/innoticiasbo.com\/wp-content\/uploads\/2024\/09\/IMG-20240918-WA0112.jpg?fit=1179%2C645&ssl=1","articleSection":["Bolivia"],"inLanguage":"es","potentialAction":[{"@type":"CommentAction","name":"Comment","target":["https:\/\/innoticiasbo.com\/index.php\/2024\/09\/19\/brigadas-de-veterinarios-voluntarios-refuerzan-rescate-de-animales-afectados-por-los-incendios\/#respond"]}]},{"@type":"WebPage","@id":"https:\/\/innoticiasbo.com\/index.php\/2024\/09\/19\/brigadas-de-veterinarios-voluntarios-refuerzan-rescate-de-animales-afectados-por-los-incendios\/","url":"https:\/\/innoticiasbo.com\/index.php\/2024\/09\/19\/brigadas-de-veterinarios-voluntarios-refuerzan-rescate-de-animales-afectados-por-los-incendios\/","name":"BRIGADAS DE VETERINARIOS VOLUNTARIOS REFUERZAN RESCATE DE ANIMALES AFECTADOS POR LOS INCENDIOS - innoticiasbo.com","isPartOf":{"@id":"https:\/\/innoticiasbo.com\/#website"},"primaryImageOfPage":{"@id":"https:\/\/innoticiasbo.com\/index.php\/2024\/09\/19\/brigadas-de-veterinarios-voluntarios-refuerzan-rescate-de-animales-afectados-por-los-incendios\/#primaryimage"},"image":{"@id":"https:\/\/innoticiasbo.com\/index.php\/2024\/09\/19\/brigadas-de-veterinarios-voluntarios-refuerzan-rescate-de-animales-afectados-por-los-incendios\/#primaryimage"},"thumbnailUrl":"https:\/\/i0.wp.com\/innoticiasbo.com\/wp-content\/uploads\/2024\/09\/IMG-20240918-WA0112.jpg?fit=1179%2C645&ssl=1","datePublished":"2024-09-19T02:14:40+00:00","dateModified":"2024-09-19T02:14:48+00:00","breadcrumb":{"@id":"https:\/\/innoticiasbo.com\/index.php\/2024\/09\/19\/brigadas-de-veterinarios-voluntarios-refuerzan-rescate-de-animales-afectados-por-los-incendios\/#breadcrumb"},"inLanguage":"es","potentialAction":[{"@type":"ReadAction","target":["https:\/\/innoticiasbo.com\/index.php\/2024\/09\/19\/brigadas-de-veterinarios-voluntarios-refuerzan-rescate-de-animales-afectados-por-los-incendios\/"]}]},{"@type":"ImageObject","inLanguage":"es","@id":"https:\/\/innoticiasbo.com\/index.php\/2024\/09\/19\/brigadas-de-veterinarios-voluntarios-refuerzan-rescate-de-animales-afectados-por-los-incendios\/#primaryimage","url":"https:\/\/i0.wp.com\/innoticiasbo.com\/wp-content\/uploads\/2024\/09\/IMG-20240918-WA0112.jpg?fit=1179%2C645&ssl=1","contentUrl":"https:\/\/i0.wp.com\/innoticiasbo.com\/wp-content\/uploads\/2024\/09\/IMG-20240918-WA0112.jpg?fit=1179%2C645&ssl=1","width":1179,"height":645},{"@type":"BreadcrumbList","@id":"https:\/\/innoticiasbo.com\/index.php\/2024\/09\/19\/brigadas-de-veterinarios-voluntarios-refuerzan-rescate-de-animales-afectados-por-los-incendios\/#breadcrumb","itemListElement":[{"@type":"ListItem","position":1,"name":"Portada","item":"https:\/\/innoticiasbo.com\/"},{"@type":"ListItem","position":2,"name":"BRIGADAS DE VETERINARIOS VOLUNTARIOS REFUERZAN RESCATE DE ANIMALES AFECTADOS POR LOS INCENDIOS"}]},{"@type":"WebSite","@id":"https:\/\/innoticiasbo.com\/#website","url":"https:\/\/innoticiasbo.com\/","name":"innoticiasbo.com","description":"","publisher":{"@id":"https:\/\/innoticiasbo.com\/#organization"},"potentialAction":[{"@type":"SearchAction","target":{"@type":"EntryPoint","urlTemplate":"https:\/\/innoticiasbo.com\/?s={search_term_string}"},"query-input":{"@type":"PropertyValueSpecification","valueRequired":true,"valueName":"search_term_string"}}],"inLanguage":"es"},{"@type":"Organization","@id":"https:\/\/innoticiasbo.com\/#organization","name":"innoticiasbo.com","url":"https:\/\/innoticiasbo.com\/","logo":{"@type":"ImageObject","inLanguage":"es","@id":"https:\/\/innoticiasbo.com\/#\/schema\/logo\/image\/","url":"https:\/\/i0.wp.com\/innoticiasbo.com\/wp-content\/uploads\/2026\/04\/cropped-IN-LOGO.png?fit=1476%2C1476&ssl=1","contentUrl":"https:\/\/i0.wp.com\/innoticiasbo.com\/wp-content\/uploads\/2026\/04\/cropped-IN-LOGO.png?fit=1476%2C1476&ssl=1","width":1476,"height":1476,"caption":"innoticiasbo.com"},"image":{"@id":"https:\/\/innoticiasbo.com\/#\/schema\/logo\/image\/"},"sameAs":["https:\/\/www.facebook.com\/innoticiasbolivia","https:\/\/x.com\/innoticiasbo","https:\/\/www.instagram.com\/innoticiasbo","https:\/\/www.youtube.com\/innoticiasbo"]},{"@type":"Person","@id":"https:\/\/innoticiasbo.com\/#\/schema\/person\/589cd527c4211df1b943bdad85ec07ce","name":"Prensa","image":{"@type":"ImageObject","inLanguage":"es","@id":"https:\/\/innoticiasbo.com\/#\/schema\/person\/image\/","url":"https:\/\/secure.gravatar.com\/avatar\/d359bbdf112023c1c0a3ec7fe1600657?s=96&d=mm&r=g","contentUrl":"https:\/\/secure.gravatar.com\/avatar\/d359bbdf112023c1c0a3ec7fe1600657?s=96&d=mm&r=g","caption":"Prensa"},"sameAs":["http:\/\/www.innoticiasbo.com"],"url":"https:\/\/innoticiasbo.com\/index.php\/author\/prensa\/"}]}},"jetpack_featured_media_url":"https:\/\/i0.wp.com\/innoticiasbo.com\/wp-content\/uploads\/2024\/09\/IMG-20240918-WA0112.jpg?fit=1179%2C645&ssl=1","jetpack_likes_enabled":true,"jetpack_sharing_enabled":true,"jetpack_shortlink":"https:\/\/wp.me\/pg298x-dA","_links":{"self":[{"href":"https:\/\/innoticiasbo.com\/index.php\/wp-json\/wp\/v2\/posts\/842","targetHints":{"allow":["GET"]}}],"collection":[{"href":"https:\/\/innoticiasbo.com\/index.php\/wp-json\/wp\/v2\/posts"}],"about":[{"href":"https:\/\/innoticiasbo.com\/index.php\/wp-json\/wp\/v2\/types\/post"}],"author":[{"embeddable":true,"href":"https:\/\/innoticiasbo.com\/index.php\/wp-json\/wp\/v2\/users\/2"}],"replies":[{"embeddable":true,"href":"https:\/\/innoticiasbo.com\/index.php\/wp-json\/wp\/v2\/comments?post=842"}],"version-history":[{"count":1,"href":"https:\/\/innoticiasbo.com\/index.php\/wp-json\/wp\/v2\/posts\/842\/revisions"}],"predecessor-version":[{"id":843,"href":"https:\/\/innoticiasbo.com\/index.php\/wp-json\/wp\/v2\/posts\/842\/revisions\/843"}],"wp:featuredmedia":[{"embeddable":true,"href":"https:\/\/innoticiasbo.com\/index.php\/wp-json\/wp\/v2\/media\/841"}],"wp:attachment":[{"href":"https:\/\/innoticiasbo.com\/index.php\/wp-json\/wp\/v2\/media?parent=842"}],"wp:term":[{"taxonomy":"category","embeddable":true,"href":"https:\/\/innoticiasbo.com\/index.php\/wp-json\/wp\/v2\/categories?post=842"},{"taxonomy":"post_tag","embeddable":true,"href":"https:\/\/innoticiasbo.com\/index.php\/wp-json\/wp\/v2\/tags?post=842"}],"curies":[{"name":"wp","href":"https:\/\/api.w.org\/{rel}","templated":true}]}}