{"id":8408,"date":"2025-12-11T20:32:45","date_gmt":"2025-12-12T00:32:45","guid":{"rendered":"https:\/\/innoticiasbo.com\/?p=8408"},"modified":"2025-12-11T20:32:45","modified_gmt":"2025-12-12T00:32:45","slug":"cocaleros-refuerzan-seguridad-de-evo-morales-tras-detencion-de-arce","status":"publish","type":"post","link":"https:\/\/innoticiasbo.com\/index.php\/2025\/12\/11\/cocaleros-refuerzan-seguridad-de-evo-morales-tras-detencion-de-arce\/","title":{"rendered":"COCALEROS REFUERZAN SEGURIDAD DE EVO MORALES TRAS DETENCI\u00d3N DE ARCE"},"content":{"rendered":"\n<p class=\"p1\">Cochabamba, 11 de diciembre, 2025.- El ex senador y dirigente del Tr\u00f3pico de Cochabamba, Leonardo Loza inform\u00f3 que la seguridad del expresidente Evo Morales fue reforzada tras la detenci\u00f3n del exmandatario Luis Arce.&nbsp;<\/p>\n\n\n\n<p class=\"p1\">\u201cTenemos informaci\u00f3n, una vez m\u00e1s se atrever\u00e1n a hacer una intervenci\u00f3n, supuestamente para detener a Evo Morales, pero nosotros creemos que es para asesinar. Nuestra vigilia contin\u00faa, se refuerza para cuidar a nuestro hermano Evo Morales\u201d, dijo el senador Loza, en conferencia de prensa, este jueves.<\/p>\n\n\n\n<p class=\"p1\">Leonardo Loza asegura que Morales sigue en el Tr\u00f3pico de Cochabamba. El ex mandatario se encuentra protegido por cocaleros que realizaron varios cordones de seguridad, en Lauca \u00d1, tras un presunto plan de&nbsp; asesinato.<\/p>\n\n\n\n<p class=\"p1\">El ex senador afirm\u00f3 que&nbsp; no cuestionan la detenci\u00f3n de Lucho Arce, sin embargo, dijo que temen que se est\u00e9 desatando una \u201ccaser\u00eda\u201d por el caso Fondo Ind\u00edgena.<\/p>\n\n\n\n<p class=\"p1\">Contra Morales hay una \u00f3rden de aprehensi\u00f3n en una denuncias por Trata de Personas y Estupro.<\/p>\n\n\n\n<p class=\"p1\">#corrupcion #fondoindigena #evomorales #innoticias&nbsp;<\/p>\n","protected":false},"excerpt":{"rendered":"<p>Cochabamba, 11 de diciembre, 2025.- El ex senador y dirigente del Tr\u00f3pico de Cochabamba, Leonardo Loza inform\u00f3 que la seguridad del expresidente Evo Morales fue reforzada tras la detenci\u00f3n del exmandatario Luis Arce.&nbsp; \u201cTenemos informaci\u00f3n, una vez m\u00e1s se atrever\u00e1n a hacer una intervenci\u00f3n, supuestamente para detener a Evo Morales, pero nosotros creemos que es&#8230;<\/p>\n","protected":false},"author":6,"featured_media":8407,"comment_status":"closed","ping_status":"open","sticky":false,"template":"","format":"standard","meta":{"_jetpack_memberships_contains_paid_content":false,"footnotes":"","jetpack_publicize_message":"COCALEROS REFUERZAN SEGURIDAD DE EVO MORALES TRAS DETENCI\u00d3N DE ARCE","jetpack_publicize_feature_enabled":true,"jetpack_social_post_already_shared":true,"jetpack_social_options":{"image_generator_settings":{"template":"highway","enabled":false},"version":2}},"categories":[1],"tags":[],"class_list":["post-8408","post","type-post","status-publish","format-standard","has-post-thumbnail","hentry","category-bolivia"],"jetpack_publicize_connections":[],"yoast_head":"<!-- This site is optimized with the Yoast SEO plugin v23.4 - https:\/\/yoast.com\/wordpress\/plugins\/seo\/ -->\n<title>COCALEROS REFUERZAN SEGURIDAD DE EVO MORALES TRAS DETENCI\u00d3N DE ARCE - innoticiasbo.com<\/title>\n<meta name=\"robots\" content=\"index, follow, max-snippet:-1, max-image-preview:large, max-video-preview:-1\" \/>\n<link rel=\"canonical\" href=\"https:\/\/innoticiasbo.com\/index.php\/2025\/12\/11\/cocaleros-refuerzan-seguridad-de-evo-morales-tras-detencion-de-arce\/\" \/>\n<meta property=\"og:locale\" content=\"es_ES\" \/>\n<meta property=\"og:type\" content=\"article\" \/>\n<meta property=\"og:title\" content=\"COCALEROS REFUERZAN SEGURIDAD DE EVO MORALES TRAS DETENCI\u00d3N DE ARCE - innoticiasbo.com\" \/>\n<meta property=\"og:description\" content=\"Cochabamba, 11 de diciembre, 2025.- El ex senador y dirigente del Tr\u00f3pico de Cochabamba, Leonardo Loza inform\u00f3 que la seguridad del expresidente Evo Morales fue reforzada tras la detenci\u00f3n del exmandatario Luis Arce.&nbsp; \u201cTenemos informaci\u00f3n, una vez m\u00e1s se atrever\u00e1n a hacer una intervenci\u00f3n, supuestamente para detener a Evo Morales, pero nosotros creemos que es...\" \/>\n<meta property=\"og:url\" content=\"https:\/\/innoticiasbo.com\/index.php\/2025\/12\/11\/cocaleros-refuerzan-seguridad-de-evo-morales-tras-detencion-de-arce\/\" \/>\n<meta property=\"og:site_name\" content=\"innoticiasbo.com\" \/>\n<meta property=\"article:publisher\" content=\"https:\/\/www.facebook.com\/innoticiasbolivia\" \/>\n<meta property=\"article:published_time\" content=\"2025-12-12T00:32:45+00:00\" \/>\n<meta property=\"og:image\" content=\"https:\/\/i0.wp.com\/innoticiasbo.com\/wp-content\/uploads\/2025\/12\/img_7467.jpg?fit=1200%2C675&ssl=1\" \/>\n\t<meta property=\"og:image:width\" content=\"1200\" \/>\n\t<meta property=\"og:image:height\" content=\"675\" \/>\n\t<meta property=\"og:image:type\" content=\"image\/jpeg\" \/>\n<meta name=\"author\" content=\"Eliza Riva\" \/>\n<meta name=\"twitter:card\" content=\"summary_large_image\" \/>\n<meta name=\"twitter:creator\" content=\"@innoticiasbo\" \/>\n<meta name=\"twitter:site\" content=\"@innoticiasbo\" \/>\n<meta name=\"twitter:label1\" content=\"Escrito por\" \/>\n\t<meta name=\"twitter:data1\" content=\"Eliza Riva\" \/>\n\t<meta name=\"twitter:label2\" content=\"Tiempo de lectura\" \/>\n\t<meta name=\"twitter:data2\" content=\"1 minuto\" \/>\n<script type=\"application\/ld+json\" class=\"yoast-schema-graph\">{\"@context\":\"https:\/\/schema.org\",\"@graph\":[{\"@type\":\"Article\",\"@id\":\"https:\/\/innoticiasbo.com\/index.php\/2025\/12\/11\/cocaleros-refuerzan-seguridad-de-evo-morales-tras-detencion-de-arce\/#article\",\"isPartOf\":{\"@id\":\"https:\/\/innoticiasbo.com\/index.php\/2025\/12\/11\/cocaleros-refuerzan-seguridad-de-evo-morales-tras-detencion-de-arce\/\"},\"author\":{\"name\":\"Eliza Riva\",\"@id\":\"https:\/\/innoticiasbo.com\/#\/schema\/person\/8c935b6b11c0223d8f77dc01fc948202\"},\"headline\":\"COCALEROS REFUERZAN SEGURIDAD DE EVO MORALES TRAS DETENCI\u00d3N DE ARCE\",\"datePublished\":\"2025-12-12T00:32:45+00:00\",\"dateModified\":\"2025-12-12T00:32:45+00:00\",\"mainEntityOfPage\":{\"@id\":\"https:\/\/innoticiasbo.com\/index.php\/2025\/12\/11\/cocaleros-refuerzan-seguridad-de-evo-morales-tras-detencion-de-arce\/\"},\"wordCount\":186,\"publisher\":{\"@id\":\"https:\/\/innoticiasbo.com\/#organization\"},\"image\":{\"@id\":\"https:\/\/innoticiasbo.com\/index.php\/2025\/12\/11\/cocaleros-refuerzan-seguridad-de-evo-morales-tras-detencion-de-arce\/#primaryimage\"},\"thumbnailUrl\":\"https:\/\/i0.wp.com\/innoticiasbo.com\/wp-content\/uploads\/2025\/12\/img_7467.jpg?fit=1200%2C675&ssl=1\",\"articleSection\":[\"Bolivia\"],\"inLanguage\":\"es\"},{\"@type\":\"WebPage\",\"@id\":\"https:\/\/innoticiasbo.com\/index.php\/2025\/12\/11\/cocaleros-refuerzan-seguridad-de-evo-morales-tras-detencion-de-arce\/\",\"url\":\"https:\/\/innoticiasbo.com\/index.php\/2025\/12\/11\/cocaleros-refuerzan-seguridad-de-evo-morales-tras-detencion-de-arce\/\",\"name\":\"COCALEROS REFUERZAN SEGURIDAD DE EVO MORALES TRAS DETENCI\u00d3N DE ARCE - innoticiasbo.com\",\"isPartOf\":{\"@id\":\"https:\/\/innoticiasbo.com\/#website\"},\"primaryImageOfPage\":{\"@id\":\"https:\/\/innoticiasbo.com\/index.php\/2025\/12\/11\/cocaleros-refuerzan-seguridad-de-evo-morales-tras-detencion-de-arce\/#primaryimage\"},\"image\":{\"@id\":\"https:\/\/innoticiasbo.com\/index.php\/2025\/12\/11\/cocaleros-refuerzan-seguridad-de-evo-morales-tras-detencion-de-arce\/#primaryimage\"},\"thumbnailUrl\":\"https:\/\/i0.wp.com\/innoticiasbo.com\/wp-content\/uploads\/2025\/12\/img_7467.jpg?fit=1200%2C675&ssl=1\",\"datePublished\":\"2025-12-12T00:32:45+00:00\",\"dateModified\":\"2025-12-12T00:32:45+00:00\",\"breadcrumb\":{\"@id\":\"https:\/\/innoticiasbo.com\/index.php\/2025\/12\/11\/cocaleros-refuerzan-seguridad-de-evo-morales-tras-detencion-de-arce\/#breadcrumb\"},\"inLanguage\":\"es\",\"potentialAction\":[{\"@type\":\"ReadAction\",\"target\":[\"https:\/\/innoticiasbo.com\/index.php\/2025\/12\/11\/cocaleros-refuerzan-seguridad-de-evo-morales-tras-detencion-de-arce\/\"]}]},{\"@type\":\"ImageObject\",\"inLanguage\":\"es\",\"@id\":\"https:\/\/innoticiasbo.com\/index.php\/2025\/12\/11\/cocaleros-refuerzan-seguridad-de-evo-morales-tras-detencion-de-arce\/#primaryimage\",\"url\":\"https:\/\/i0.wp.com\/innoticiasbo.com\/wp-content\/uploads\/2025\/12\/img_7467.jpg?fit=1200%2C675&ssl=1\",\"contentUrl\":\"https:\/\/i0.wp.com\/innoticiasbo.com\/wp-content\/uploads\/2025\/12\/img_7467.jpg?fit=1200%2C675&ssl=1\",\"width\":1200,\"height\":675},{\"@type\":\"BreadcrumbList\",\"@id\":\"https:\/\/innoticiasbo.com\/index.php\/2025\/12\/11\/cocaleros-refuerzan-seguridad-de-evo-morales-tras-detencion-de-arce\/#breadcrumb\",\"itemListElement\":[{\"@type\":\"ListItem\",\"position\":1,\"name\":\"Portada\",\"item\":\"https:\/\/innoticiasbo.com\/\"},{\"@type\":\"ListItem\",\"position\":2,\"name\":\"COCALEROS REFUERZAN SEGURIDAD DE EVO MORALES TRAS DETENCI\u00d3N DE ARCE\"}]},{\"@type\":\"WebSite\",\"@id\":\"https:\/\/innoticiasbo.com\/#website\",\"url\":\"https:\/\/innoticiasbo.com\/\",\"name\":\"innoticiasbo.com\",\"description\":\"\",\"publisher\":{\"@id\":\"https:\/\/innoticiasbo.com\/#organization\"},\"potentialAction\":[{\"@type\":\"SearchAction\",\"target\":{\"@type\":\"EntryPoint\",\"urlTemplate\":\"https:\/\/innoticiasbo.com\/?s={search_term_string}\"},\"query-input\":{\"@type\":\"PropertyValueSpecification\",\"valueRequired\":true,\"valueName\":\"search_term_string\"}}],\"inLanguage\":\"es\"},{\"@type\":\"Organization\",\"@id\":\"https:\/\/innoticiasbo.com\/#organization\",\"name\":\"innoticiasbo.com\",\"url\":\"https:\/\/innoticiasbo.com\/\",\"logo\":{\"@type\":\"ImageObject\",\"inLanguage\":\"es\",\"@id\":\"https:\/\/innoticiasbo.com\/#\/schema\/logo\/image\/\",\"url\":\"https:\/\/i0.wp.com\/innoticiasbo.com\/wp-content\/uploads\/2026\/04\/cropped-IN-LOGO.png?fit=1476%2C1476&ssl=1\",\"contentUrl\":\"https:\/\/i0.wp.com\/innoticiasbo.com\/wp-content\/uploads\/2026\/04\/cropped-IN-LOGO.png?fit=1476%2C1476&ssl=1\",\"width\":1476,\"height\":1476,\"caption\":\"innoticiasbo.com\"},\"image\":{\"@id\":\"https:\/\/innoticiasbo.com\/#\/schema\/logo\/image\/\"},\"sameAs\":[\"https:\/\/www.facebook.com\/innoticiasbolivia\",\"https:\/\/x.com\/innoticiasbo\",\"https:\/\/www.instagram.com\/innoticiasbo\",\"https:\/\/www.youtube.com\/innoticiasbo\"]},{\"@type\":\"Person\",\"@id\":\"https:\/\/innoticiasbo.com\/#\/schema\/person\/8c935b6b11c0223d8f77dc01fc948202\",\"name\":\"Eliza Riva\",\"image\":{\"@type\":\"ImageObject\",\"inLanguage\":\"es\",\"@id\":\"https:\/\/innoticiasbo.com\/#\/schema\/person\/image\/\",\"url\":\"https:\/\/secure.gravatar.com\/avatar\/fdc172c2af344133d19e57e4b7acdee4?s=96&d=mm&r=g\",\"contentUrl\":\"https:\/\/secure.gravatar.com\/avatar\/fdc172c2af344133d19e57e4b7acdee4?s=96&d=mm&r=g\",\"caption\":\"Eliza Riva\"},\"sameAs\":[\"http:\/\/www.innoticiasbo.com\"],\"url\":\"https:\/\/innoticiasbo.com\/index.php\/author\/prensa-4\/\"}]}<\/script>\n<!-- \/ Yoast SEO plugin. -->","yoast_head_json":{"title":"COCALEROS REFUERZAN SEGURIDAD DE EVO MORALES TRAS DETENCI\u00d3N DE ARCE - innoticiasbo.com","robots":{"index":"index","follow":"follow","max-snippet":"max-snippet:-1","max-image-preview":"max-image-preview:large","max-video-preview":"max-video-preview:-1"},"canonical":"https:\/\/innoticiasbo.com\/index.php\/2025\/12\/11\/cocaleros-refuerzan-seguridad-de-evo-morales-tras-detencion-de-arce\/","og_locale":"es_ES","og_type":"article","og_title":"COCALEROS REFUERZAN SEGURIDAD DE EVO MORALES TRAS DETENCI\u00d3N DE ARCE - innoticiasbo.com","og_description":"Cochabamba, 11 de diciembre, 2025.- El ex senador y dirigente del Tr\u00f3pico de Cochabamba, Leonardo Loza inform\u00f3 que la seguridad del expresidente Evo Morales fue reforzada tras la detenci\u00f3n del exmandatario Luis Arce.&nbsp; \u201cTenemos informaci\u00f3n, una vez m\u00e1s se atrever\u00e1n a hacer una intervenci\u00f3n, supuestamente para detener a Evo Morales, pero nosotros creemos que es...","og_url":"https:\/\/innoticiasbo.com\/index.php\/2025\/12\/11\/cocaleros-refuerzan-seguridad-de-evo-morales-tras-detencion-de-arce\/","og_site_name":"innoticiasbo.com","article_publisher":"https:\/\/www.facebook.com\/innoticiasbolivia","article_published_time":"2025-12-12T00:32:45+00:00","og_image":[{"width":1200,"height":675,"url":"https:\/\/i0.wp.com\/innoticiasbo.com\/wp-content\/uploads\/2025\/12\/img_7467.jpg?fit=1200%2C675&ssl=1","type":"image\/jpeg"}],"author":"Eliza Riva","twitter_card":"summary_large_image","twitter_creator":"@innoticiasbo","twitter_site":"@innoticiasbo","twitter_misc":{"Escrito por":"Eliza Riva","Tiempo de lectura":"1 minuto"},"schema":{"@context":"https:\/\/schema.org","@graph":[{"@type":"Article","@id":"https:\/\/innoticiasbo.com\/index.php\/2025\/12\/11\/cocaleros-refuerzan-seguridad-de-evo-morales-tras-detencion-de-arce\/#article","isPartOf":{"@id":"https:\/\/innoticiasbo.com\/index.php\/2025\/12\/11\/cocaleros-refuerzan-seguridad-de-evo-morales-tras-detencion-de-arce\/"},"author":{"name":"Eliza Riva","@id":"https:\/\/innoticiasbo.com\/#\/schema\/person\/8c935b6b11c0223d8f77dc01fc948202"},"headline":"COCALEROS REFUERZAN SEGURIDAD DE EVO MORALES TRAS DETENCI\u00d3N DE ARCE","datePublished":"2025-12-12T00:32:45+00:00","dateModified":"2025-12-12T00:32:45+00:00","mainEntityOfPage":{"@id":"https:\/\/innoticiasbo.com\/index.php\/2025\/12\/11\/cocaleros-refuerzan-seguridad-de-evo-morales-tras-detencion-de-arce\/"},"wordCount":186,"publisher":{"@id":"https:\/\/innoticiasbo.com\/#organization"},"image":{"@id":"https:\/\/innoticiasbo.com\/index.php\/2025\/12\/11\/cocaleros-refuerzan-seguridad-de-evo-morales-tras-detencion-de-arce\/#primaryimage"},"thumbnailUrl":"https:\/\/i0.wp.com\/innoticiasbo.com\/wp-content\/uploads\/2025\/12\/img_7467.jpg?fit=1200%2C675&ssl=1","articleSection":["Bolivia"],"inLanguage":"es"},{"@type":"WebPage","@id":"https:\/\/innoticiasbo.com\/index.php\/2025\/12\/11\/cocaleros-refuerzan-seguridad-de-evo-morales-tras-detencion-de-arce\/","url":"https:\/\/innoticiasbo.com\/index.php\/2025\/12\/11\/cocaleros-refuerzan-seguridad-de-evo-morales-tras-detencion-de-arce\/","name":"COCALEROS REFUERZAN SEGURIDAD DE EVO MORALES TRAS DETENCI\u00d3N DE ARCE - innoticiasbo.com","isPartOf":{"@id":"https:\/\/innoticiasbo.com\/#website"},"primaryImageOfPage":{"@id":"https:\/\/innoticiasbo.com\/index.php\/2025\/12\/11\/cocaleros-refuerzan-seguridad-de-evo-morales-tras-detencion-de-arce\/#primaryimage"},"image":{"@id":"https:\/\/innoticiasbo.com\/index.php\/2025\/12\/11\/cocaleros-refuerzan-seguridad-de-evo-morales-tras-detencion-de-arce\/#primaryimage"},"thumbnailUrl":"https:\/\/i0.wp.com\/innoticiasbo.com\/wp-content\/uploads\/2025\/12\/img_7467.jpg?fit=1200%2C675&ssl=1","datePublished":"2025-12-12T00:32:45+00:00","dateModified":"2025-12-12T00:32:45+00:00","breadcrumb":{"@id":"https:\/\/innoticiasbo.com\/index.php\/2025\/12\/11\/cocaleros-refuerzan-seguridad-de-evo-morales-tras-detencion-de-arce\/#breadcrumb"},"inLanguage":"es","potentialAction":[{"@type":"ReadAction","target":["https:\/\/innoticiasbo.com\/index.php\/2025\/12\/11\/cocaleros-refuerzan-seguridad-de-evo-morales-tras-detencion-de-arce\/"]}]},{"@type":"ImageObject","inLanguage":"es","@id":"https:\/\/innoticiasbo.com\/index.php\/2025\/12\/11\/cocaleros-refuerzan-seguridad-de-evo-morales-tras-detencion-de-arce\/#primaryimage","url":"https:\/\/i0.wp.com\/innoticiasbo.com\/wp-content\/uploads\/2025\/12\/img_7467.jpg?fit=1200%2C675&ssl=1","contentUrl":"https:\/\/i0.wp.com\/innoticiasbo.com\/wp-content\/uploads\/2025\/12\/img_7467.jpg?fit=1200%2C675&ssl=1","width":1200,"height":675},{"@type":"BreadcrumbList","@id":"https:\/\/innoticiasbo.com\/index.php\/2025\/12\/11\/cocaleros-refuerzan-seguridad-de-evo-morales-tras-detencion-de-arce\/#breadcrumb","itemListElement":[{"@type":"ListItem","position":1,"name":"Portada","item":"https:\/\/innoticiasbo.com\/"},{"@type":"ListItem","position":2,"name":"COCALEROS REFUERZAN SEGURIDAD DE EVO MORALES TRAS DETENCI\u00d3N DE ARCE"}]},{"@type":"WebSite","@id":"https:\/\/innoticiasbo.com\/#website","url":"https:\/\/innoticiasbo.com\/","name":"innoticiasbo.com","description":"","publisher":{"@id":"https:\/\/innoticiasbo.com\/#organization"},"potentialAction":[{"@type":"SearchAction","target":{"@type":"EntryPoint","urlTemplate":"https:\/\/innoticiasbo.com\/?s={search_term_string}"},"query-input":{"@type":"PropertyValueSpecification","valueRequired":true,"valueName":"search_term_string"}}],"inLanguage":"es"},{"@type":"Organization","@id":"https:\/\/innoticiasbo.com\/#organization","name":"innoticiasbo.com","url":"https:\/\/innoticiasbo.com\/","logo":{"@type":"ImageObject","inLanguage":"es","@id":"https:\/\/innoticiasbo.com\/#\/schema\/logo\/image\/","url":"https:\/\/i0.wp.com\/innoticiasbo.com\/wp-content\/uploads\/2026\/04\/cropped-IN-LOGO.png?fit=1476%2C1476&ssl=1","contentUrl":"https:\/\/i0.wp.com\/innoticiasbo.com\/wp-content\/uploads\/2026\/04\/cropped-IN-LOGO.png?fit=1476%2C1476&ssl=1","width":1476,"height":1476,"caption":"innoticiasbo.com"},"image":{"@id":"https:\/\/innoticiasbo.com\/#\/schema\/logo\/image\/"},"sameAs":["https:\/\/www.facebook.com\/innoticiasbolivia","https:\/\/x.com\/innoticiasbo","https:\/\/www.instagram.com\/innoticiasbo","https:\/\/www.youtube.com\/innoticiasbo"]},{"@type":"Person","@id":"https:\/\/innoticiasbo.com\/#\/schema\/person\/8c935b6b11c0223d8f77dc01fc948202","name":"Eliza Riva","image":{"@type":"ImageObject","inLanguage":"es","@id":"https:\/\/innoticiasbo.com\/#\/schema\/person\/image\/","url":"https:\/\/secure.gravatar.com\/avatar\/fdc172c2af344133d19e57e4b7acdee4?s=96&d=mm&r=g","contentUrl":"https:\/\/secure.gravatar.com\/avatar\/fdc172c2af344133d19e57e4b7acdee4?s=96&d=mm&r=g","caption":"Eliza Riva"},"sameAs":["http:\/\/www.innoticiasbo.com"],"url":"https:\/\/innoticiasbo.com\/index.php\/author\/prensa-4\/"}]}},"jetpack_featured_media_url":"https:\/\/i0.wp.com\/innoticiasbo.com\/wp-content\/uploads\/2025\/12\/img_7467.jpg?fit=1200%2C675&ssl=1","jetpack_likes_enabled":true,"jetpack_sharing_enabled":true,"jetpack_shortlink":"https:\/\/wp.me\/pg298x-2bC","_links":{"self":[{"href":"https:\/\/innoticiasbo.com\/index.php\/wp-json\/wp\/v2\/posts\/8408","targetHints":{"allow":["GET"]}}],"collection":[{"href":"https:\/\/innoticiasbo.com\/index.php\/wp-json\/wp\/v2\/posts"}],"about":[{"href":"https:\/\/innoticiasbo.com\/index.php\/wp-json\/wp\/v2\/types\/post"}],"author":[{"embeddable":true,"href":"https:\/\/innoticiasbo.com\/index.php\/wp-json\/wp\/v2\/users\/6"}],"replies":[{"embeddable":true,"href":"https:\/\/innoticiasbo.com\/index.php\/wp-json\/wp\/v2\/comments?post=8408"}],"version-history":[{"count":1,"href":"https:\/\/innoticiasbo.com\/index.php\/wp-json\/wp\/v2\/posts\/8408\/revisions"}],"predecessor-version":[{"id":8409,"href":"https:\/\/innoticiasbo.com\/index.php\/wp-json\/wp\/v2\/posts\/8408\/revisions\/8409"}],"wp:featuredmedia":[{"embeddable":true,"href":"https:\/\/innoticiasbo.com\/index.php\/wp-json\/wp\/v2\/media\/8407"}],"wp:attachment":[{"href":"https:\/\/innoticiasbo.com\/index.php\/wp-json\/wp\/v2\/media?parent=8408"}],"wp:term":[{"taxonomy":"category","embeddable":true,"href":"https:\/\/innoticiasbo.com\/index.php\/wp-json\/wp\/v2\/categories?post=8408"},{"taxonomy":"post_tag","embeddable":true,"href":"https:\/\/innoticiasbo.com\/index.php\/wp-json\/wp\/v2\/tags?post=8408"}],"curies":[{"name":"wp","href":"https:\/\/api.w.org\/{rel}","templated":true}]}}