{"id":8404,"date":"2025-12-09T20:35:02","date_gmt":"2025-12-10T00:35:02","guid":{"rendered":"https:\/\/innoticiasbo.com\/?p=8404"},"modified":"2025-12-09T20:35:45","modified_gmt":"2025-12-10T00:35:45","slug":"subteniente-aprehendido-declara-que-disparo-para-ahuyentar-y-que-fue-emboscado-en-cotapachi-era-del-grupo-delta","status":"publish","type":"post","link":"https:\/\/innoticiasbo.com\/index.php\/2025\/12\/09\/subteniente-aprehendido-declara-que-disparo-para-ahuyentar-y-que-fue-emboscado-en-cotapachi-era-del-grupo-delta\/","title":{"rendered":"SUBTENIENTE APREHENDIDO DECLARA QUE DISPAR\u00d3 \u201cPARA AHUYENTAR\u201d Y QUE FUE EMBOSCADO EN COTAPACHI, ERA DEL GRUPO \u201cDELTA\u201d"},"content":{"rendered":"<p>Cochabamba, 9 de diciembre de 2025.- El subteniente de la Polic\u00eda Boliviana que fue aprehendido e imputado por homicidio brind\u00f3 su declaraci\u00f3n ante la Fiscal\u00eda, detallando c\u00f3mo \u2014seg\u00fan su versi\u00f3n\u2014 se desarroll\u00f3 el operativo de desbloqueo.<\/p>\n<p>El efectivo formaba parte de un grupo DELTA enviado para despejar la v\u00eda y permitir el ingreso de los carros basureros al sector. De acuerdo con su testimonio, la intervenci\u00f3n fue interrumpida cuando \u00e9l y otros polic\u00edas fueron emboscados por comunarios, quienes presuntamente utilizaron artefactos explosivos, piedras y palos para agredir al contingente.<\/p>\n<p><img data-recalc-dims=\"1\" loading=\"lazy\" decoding=\"async\" src=\"https:\/\/i0.wp.com\/innoticiasbo.com\/wp-content\/uploads\/2025\/12\/screenshot_20251209_203245_capcut7091465418180725853.jpg?resize=640%2C355&#038;ssl=1\" class=\"wp-image-8402 alignnone size-full\" width=\"640\" height=\"355\" srcset=\"https:\/\/i0.wp.com\/innoticiasbo.com\/wp-content\/uploads\/2025\/12\/screenshot_20251209_203245_capcut7091465418180725853.jpg?w=1079&amp;ssl=1 1079w, https:\/\/i0.wp.com\/innoticiasbo.com\/wp-content\/uploads\/2025\/12\/screenshot_20251209_203245_capcut7091465418180725853.jpg?resize=300%2C166&amp;ssl=1 300w, https:\/\/i0.wp.com\/innoticiasbo.com\/wp-content\/uploads\/2025\/12\/screenshot_20251209_203245_capcut7091465418180725853.jpg?resize=1024%2C568&amp;ssl=1 1024w, https:\/\/i0.wp.com\/innoticiasbo.com\/wp-content\/uploads\/2025\/12\/screenshot_20251209_203245_capcut7091465418180725853.jpg?resize=768%2C426&amp;ssl=1 768w\" sizes=\"auto, (max-width: 640px) 100vw, 640px\" \/><\/p>\n<p>El subteniente relat\u00f3 que una de sus compa\u00f1eras, una polic\u00eda mujer, fue \u201cbrutalmente golpeada\u201d durante el ataque por enardecidos comunarios. Afirm\u00f3 que fue en ese momento que decidi\u00f3 utilizar su arma de fuego.<\/p>\n<p>Seg\u00fan su declaraci\u00f3n textual ante la Fiscal\u00eda, el disparo no fue dirigido hacia ninguna persona espec\u00edfica: \u201cUtilic\u00e9 mi arma de fuego para ahuyentar a los comunarios y evitar que sigan golpeando a mis camaradas. El disparo lo realic\u00e9 hacia el suelo, no contra nadie en particular\u201d, se\u00f1al\u00f3 seg\u00fan fuentes pr\u00f3ximas al caso.<\/p>\n<p>Esta versi\u00f3n ser\u00e1 contrastada con las pericias bal\u00edsticas, los casquillos colectados, testimonios y dem\u00e1s elementos probatorios que investiga el Ministerio P\u00fablico en el caso.<\/p>\n<p>Las autoridades a\u00fan trabajan en el esclarecimiento total de los hechos que derivaron en la muerte de dos personas, mientras la Fiscal\u00eda contin\u00faa ampliando declaraciones y realizando actos investigativos en coordinaci\u00f3n con la Polic\u00eda y el IDIF.<\/p>\n","protected":false},"excerpt":{"rendered":"<p>Cochabamba, 9 de diciembre de 2025.- El subteniente de la Polic\u00eda Boliviana que fue aprehendido e imputado por homicidio brind\u00f3 su declaraci\u00f3n ante la Fiscal\u00eda, detallando c\u00f3mo \u2014seg\u00fan su versi\u00f3n\u2014 se desarroll\u00f3 el operativo de desbloqueo. El efectivo formaba parte de un grupo DELTA enviado para despejar la v\u00eda y permitir el ingreso de los&#8230;<\/p>\n","protected":false},"author":2,"featured_media":8403,"comment_status":"open","ping_status":"open","sticky":false,"template":"","format":"standard","meta":{"_jetpack_memberships_contains_paid_content":false,"footnotes":"","jetpack_publicize_message":"","jetpack_publicize_feature_enabled":true,"jetpack_social_post_already_shared":true,"jetpack_social_options":{"image_generator_settings":{"template":"highway","enabled":false},"version":2}},"categories":[1,2,15],"tags":[65,1005,1094,35,1095],"class_list":["post-8404","post","type-post","status-publish","format-standard","has-post-thumbnail","hentry","category-bolivia","category-cochabamba","category-seguridad","tag-basura","tag-conflicto","tag-cotapachi","tag-fallecidos","tag-policia-aprehendido"],"jetpack_publicize_connections":[],"yoast_head":"<!-- This site is optimized with the Yoast SEO plugin v23.4 - https:\/\/yoast.com\/wordpress\/plugins\/seo\/ -->\n<title>SUBTENIENTE APREHENDIDO DECLARA QUE DISPAR\u00d3 \u201cPARA AHUYENTAR\u201d Y QUE FUE EMBOSCADO EN COTAPACHI, ERA DEL GRUPO \u201cDELTA\u201d - innoticiasbo.com<\/title>\n<meta name=\"robots\" content=\"index, follow, max-snippet:-1, max-image-preview:large, max-video-preview:-1\" \/>\n<link rel=\"canonical\" href=\"https:\/\/innoticiasbo.com\/index.php\/2025\/12\/09\/subteniente-aprehendido-declara-que-disparo-para-ahuyentar-y-que-fue-emboscado-en-cotapachi-era-del-grupo-delta\/\" \/>\n<meta property=\"og:locale\" content=\"es_ES\" \/>\n<meta property=\"og:type\" content=\"article\" \/>\n<meta property=\"og:title\" content=\"SUBTENIENTE APREHENDIDO DECLARA QUE DISPAR\u00d3 \u201cPARA AHUYENTAR\u201d Y QUE FUE EMBOSCADO EN COTAPACHI, ERA DEL GRUPO \u201cDELTA\u201d - innoticiasbo.com\" \/>\n<meta property=\"og:description\" content=\"Cochabamba, 9 de diciembre de 2025.- El subteniente de la Polic\u00eda Boliviana que fue aprehendido e imputado por homicidio brind\u00f3 su declaraci\u00f3n ante la Fiscal\u00eda, detallando c\u00f3mo \u2014seg\u00fan su versi\u00f3n\u2014 se desarroll\u00f3 el operativo de desbloqueo. El efectivo formaba parte de un grupo DELTA enviado para despejar la v\u00eda y permitir el ingreso de los...\" \/>\n<meta property=\"og:url\" content=\"https:\/\/innoticiasbo.com\/index.php\/2025\/12\/09\/subteniente-aprehendido-declara-que-disparo-para-ahuyentar-y-que-fue-emboscado-en-cotapachi-era-del-grupo-delta\/\" \/>\n<meta property=\"og:site_name\" content=\"innoticiasbo.com\" \/>\n<meta property=\"article:publisher\" content=\"https:\/\/www.facebook.com\/innoticiasbolivia\" \/>\n<meta property=\"article:published_time\" content=\"2025-12-10T00:35:02+00:00\" \/>\n<meta property=\"article:modified_time\" content=\"2025-12-10T00:35:45+00:00\" \/>\n<meta property=\"og:image\" content=\"https:\/\/i0.wp.com\/innoticiasbo.com\/wp-content\/uploads\/2025\/12\/Screenshot_20251209_203245_CapCut.jpg?fit=1079%2C598&ssl=1\" \/>\n\t<meta property=\"og:image:width\" content=\"1079\" \/>\n\t<meta property=\"og:image:height\" content=\"598\" \/>\n\t<meta property=\"og:image:type\" content=\"image\/jpeg\" \/>\n<meta name=\"author\" content=\"Prensa\" \/>\n<meta name=\"twitter:card\" content=\"summary_large_image\" \/>\n<meta name=\"twitter:creator\" content=\"@innoticiasbo\" \/>\n<meta name=\"twitter:site\" content=\"@innoticiasbo\" \/>\n<meta name=\"twitter:label1\" content=\"Escrito por\" \/>\n\t<meta name=\"twitter:data1\" content=\"Prensa\" \/>\n\t<meta name=\"twitter:label2\" content=\"Tiempo de lectura\" \/>\n\t<meta name=\"twitter:data2\" content=\"1 minuto\" \/>\n<script type=\"application\/ld+json\" class=\"yoast-schema-graph\">{\"@context\":\"https:\/\/schema.org\",\"@graph\":[{\"@type\":\"Article\",\"@id\":\"https:\/\/innoticiasbo.com\/index.php\/2025\/12\/09\/subteniente-aprehendido-declara-que-disparo-para-ahuyentar-y-que-fue-emboscado-en-cotapachi-era-del-grupo-delta\/#article\",\"isPartOf\":{\"@id\":\"https:\/\/innoticiasbo.com\/index.php\/2025\/12\/09\/subteniente-aprehendido-declara-que-disparo-para-ahuyentar-y-que-fue-emboscado-en-cotapachi-era-del-grupo-delta\/\"},\"author\":{\"name\":\"Prensa\",\"@id\":\"https:\/\/innoticiasbo.com\/#\/schema\/person\/589cd527c4211df1b943bdad85ec07ce\"},\"headline\":\"SUBTENIENTE APREHENDIDO DECLARA QUE DISPAR\u00d3 \u201cPARA AHUYENTAR\u201d Y QUE FUE EMBOSCADO EN COTAPACHI, ERA DEL GRUPO \u201cDELTA\u201d\",\"datePublished\":\"2025-12-10T00:35:02+00:00\",\"dateModified\":\"2025-12-10T00:35:45+00:00\",\"mainEntityOfPage\":{\"@id\":\"https:\/\/innoticiasbo.com\/index.php\/2025\/12\/09\/subteniente-aprehendido-declara-que-disparo-para-ahuyentar-y-que-fue-emboscado-en-cotapachi-era-del-grupo-delta\/\"},\"wordCount\":278,\"commentCount\":0,\"publisher\":{\"@id\":\"https:\/\/innoticiasbo.com\/#organization\"},\"image\":{\"@id\":\"https:\/\/innoticiasbo.com\/index.php\/2025\/12\/09\/subteniente-aprehendido-declara-que-disparo-para-ahuyentar-y-que-fue-emboscado-en-cotapachi-era-del-grupo-delta\/#primaryimage\"},\"thumbnailUrl\":\"https:\/\/i0.wp.com\/innoticiasbo.com\/wp-content\/uploads\/2025\/12\/Screenshot_20251209_203245_CapCut.jpg?fit=1079%2C598&ssl=1\",\"keywords\":[\"basura\",\"conflicto\",\"Cotapachi\",\"fallecidos\",\"polic\u00eda aprehendido\"],\"articleSection\":[\"Bolivia\",\"Cochabamba\",\"Seguridad\"],\"inLanguage\":\"es\",\"potentialAction\":[{\"@type\":\"CommentAction\",\"name\":\"Comment\",\"target\":[\"https:\/\/innoticiasbo.com\/index.php\/2025\/12\/09\/subteniente-aprehendido-declara-que-disparo-para-ahuyentar-y-que-fue-emboscado-en-cotapachi-era-del-grupo-delta\/#respond\"]}]},{\"@type\":\"WebPage\",\"@id\":\"https:\/\/innoticiasbo.com\/index.php\/2025\/12\/09\/subteniente-aprehendido-declara-que-disparo-para-ahuyentar-y-que-fue-emboscado-en-cotapachi-era-del-grupo-delta\/\",\"url\":\"https:\/\/innoticiasbo.com\/index.php\/2025\/12\/09\/subteniente-aprehendido-declara-que-disparo-para-ahuyentar-y-que-fue-emboscado-en-cotapachi-era-del-grupo-delta\/\",\"name\":\"SUBTENIENTE APREHENDIDO DECLARA QUE DISPAR\u00d3 \u201cPARA AHUYENTAR\u201d Y QUE FUE EMBOSCADO EN COTAPACHI, ERA DEL GRUPO \u201cDELTA\u201d - innoticiasbo.com\",\"isPartOf\":{\"@id\":\"https:\/\/innoticiasbo.com\/#website\"},\"primaryImageOfPage\":{\"@id\":\"https:\/\/innoticiasbo.com\/index.php\/2025\/12\/09\/subteniente-aprehendido-declara-que-disparo-para-ahuyentar-y-que-fue-emboscado-en-cotapachi-era-del-grupo-delta\/#primaryimage\"},\"image\":{\"@id\":\"https:\/\/innoticiasbo.com\/index.php\/2025\/12\/09\/subteniente-aprehendido-declara-que-disparo-para-ahuyentar-y-que-fue-emboscado-en-cotapachi-era-del-grupo-delta\/#primaryimage\"},\"thumbnailUrl\":\"https:\/\/i0.wp.com\/innoticiasbo.com\/wp-content\/uploads\/2025\/12\/Screenshot_20251209_203245_CapCut.jpg?fit=1079%2C598&ssl=1\",\"datePublished\":\"2025-12-10T00:35:02+00:00\",\"dateModified\":\"2025-12-10T00:35:45+00:00\",\"breadcrumb\":{\"@id\":\"https:\/\/innoticiasbo.com\/index.php\/2025\/12\/09\/subteniente-aprehendido-declara-que-disparo-para-ahuyentar-y-que-fue-emboscado-en-cotapachi-era-del-grupo-delta\/#breadcrumb\"},\"inLanguage\":\"es\",\"potentialAction\":[{\"@type\":\"ReadAction\",\"target\":[\"https:\/\/innoticiasbo.com\/index.php\/2025\/12\/09\/subteniente-aprehendido-declara-que-disparo-para-ahuyentar-y-que-fue-emboscado-en-cotapachi-era-del-grupo-delta\/\"]}]},{\"@type\":\"ImageObject\",\"inLanguage\":\"es\",\"@id\":\"https:\/\/innoticiasbo.com\/index.php\/2025\/12\/09\/subteniente-aprehendido-declara-que-disparo-para-ahuyentar-y-que-fue-emboscado-en-cotapachi-era-del-grupo-delta\/#primaryimage\",\"url\":\"https:\/\/i0.wp.com\/innoticiasbo.com\/wp-content\/uploads\/2025\/12\/Screenshot_20251209_203245_CapCut.jpg?fit=1079%2C598&ssl=1\",\"contentUrl\":\"https:\/\/i0.wp.com\/innoticiasbo.com\/wp-content\/uploads\/2025\/12\/Screenshot_20251209_203245_CapCut.jpg?fit=1079%2C598&ssl=1\",\"width\":1079,\"height\":598},{\"@type\":\"BreadcrumbList\",\"@id\":\"https:\/\/innoticiasbo.com\/index.php\/2025\/12\/09\/subteniente-aprehendido-declara-que-disparo-para-ahuyentar-y-que-fue-emboscado-en-cotapachi-era-del-grupo-delta\/#breadcrumb\",\"itemListElement\":[{\"@type\":\"ListItem\",\"position\":1,\"name\":\"Portada\",\"item\":\"https:\/\/innoticiasbo.com\/\"},{\"@type\":\"ListItem\",\"position\":2,\"name\":\"SUBTENIENTE APREHENDIDO DECLARA QUE DISPAR\u00d3 \u201cPARA AHUYENTAR\u201d Y QUE FUE EMBOSCADO EN COTAPACHI, ERA DEL GRUPO \u201cDELTA\u201d\"}]},{\"@type\":\"WebSite\",\"@id\":\"https:\/\/innoticiasbo.com\/#website\",\"url\":\"https:\/\/innoticiasbo.com\/\",\"name\":\"innoticiasbo.com\",\"description\":\"\",\"publisher\":{\"@id\":\"https:\/\/innoticiasbo.com\/#organization\"},\"potentialAction\":[{\"@type\":\"SearchAction\",\"target\":{\"@type\":\"EntryPoint\",\"urlTemplate\":\"https:\/\/innoticiasbo.com\/?s={search_term_string}\"},\"query-input\":{\"@type\":\"PropertyValueSpecification\",\"valueRequired\":true,\"valueName\":\"search_term_string\"}}],\"inLanguage\":\"es\"},{\"@type\":\"Organization\",\"@id\":\"https:\/\/innoticiasbo.com\/#organization\",\"name\":\"innoticiasbo.com\",\"url\":\"https:\/\/innoticiasbo.com\/\",\"logo\":{\"@type\":\"ImageObject\",\"inLanguage\":\"es\",\"@id\":\"https:\/\/innoticiasbo.com\/#\/schema\/logo\/image\/\",\"url\":\"https:\/\/i0.wp.com\/innoticiasbo.com\/wp-content\/uploads\/2026\/04\/cropped-IN-LOGO.png?fit=1476%2C1476&ssl=1\",\"contentUrl\":\"https:\/\/i0.wp.com\/innoticiasbo.com\/wp-content\/uploads\/2026\/04\/cropped-IN-LOGO.png?fit=1476%2C1476&ssl=1\",\"width\":1476,\"height\":1476,\"caption\":\"innoticiasbo.com\"},\"image\":{\"@id\":\"https:\/\/innoticiasbo.com\/#\/schema\/logo\/image\/\"},\"sameAs\":[\"https:\/\/www.facebook.com\/innoticiasbolivia\",\"https:\/\/x.com\/innoticiasbo\",\"https:\/\/www.instagram.com\/innoticiasbo\",\"https:\/\/www.youtube.com\/innoticiasbo\"]},{\"@type\":\"Person\",\"@id\":\"https:\/\/innoticiasbo.com\/#\/schema\/person\/589cd527c4211df1b943bdad85ec07ce\",\"name\":\"Prensa\",\"image\":{\"@type\":\"ImageObject\",\"inLanguage\":\"es\",\"@id\":\"https:\/\/innoticiasbo.com\/#\/schema\/person\/image\/\",\"url\":\"https:\/\/secure.gravatar.com\/avatar\/d359bbdf112023c1c0a3ec7fe1600657?s=96&d=mm&r=g\",\"contentUrl\":\"https:\/\/secure.gravatar.com\/avatar\/d359bbdf112023c1c0a3ec7fe1600657?s=96&d=mm&r=g\",\"caption\":\"Prensa\"},\"sameAs\":[\"http:\/\/www.innoticiasbo.com\"],\"url\":\"https:\/\/innoticiasbo.com\/index.php\/author\/prensa\/\"}]}<\/script>\n<!-- \/ Yoast SEO plugin. -->","yoast_head_json":{"title":"SUBTENIENTE APREHENDIDO DECLARA QUE DISPAR\u00d3 \u201cPARA AHUYENTAR\u201d Y QUE FUE EMBOSCADO EN COTAPACHI, ERA DEL GRUPO \u201cDELTA\u201d - innoticiasbo.com","robots":{"index":"index","follow":"follow","max-snippet":"max-snippet:-1","max-image-preview":"max-image-preview:large","max-video-preview":"max-video-preview:-1"},"canonical":"https:\/\/innoticiasbo.com\/index.php\/2025\/12\/09\/subteniente-aprehendido-declara-que-disparo-para-ahuyentar-y-que-fue-emboscado-en-cotapachi-era-del-grupo-delta\/","og_locale":"es_ES","og_type":"article","og_title":"SUBTENIENTE APREHENDIDO DECLARA QUE DISPAR\u00d3 \u201cPARA AHUYENTAR\u201d Y QUE FUE EMBOSCADO EN COTAPACHI, ERA DEL GRUPO \u201cDELTA\u201d - innoticiasbo.com","og_description":"Cochabamba, 9 de diciembre de 2025.- El subteniente de la Polic\u00eda Boliviana que fue aprehendido e imputado por homicidio brind\u00f3 su declaraci\u00f3n ante la Fiscal\u00eda, detallando c\u00f3mo \u2014seg\u00fan su versi\u00f3n\u2014 se desarroll\u00f3 el operativo de desbloqueo. El efectivo formaba parte de un grupo DELTA enviado para despejar la v\u00eda y permitir el ingreso de los...","og_url":"https:\/\/innoticiasbo.com\/index.php\/2025\/12\/09\/subteniente-aprehendido-declara-que-disparo-para-ahuyentar-y-que-fue-emboscado-en-cotapachi-era-del-grupo-delta\/","og_site_name":"innoticiasbo.com","article_publisher":"https:\/\/www.facebook.com\/innoticiasbolivia","article_published_time":"2025-12-10T00:35:02+00:00","article_modified_time":"2025-12-10T00:35:45+00:00","og_image":[{"width":1079,"height":598,"url":"https:\/\/i0.wp.com\/innoticiasbo.com\/wp-content\/uploads\/2025\/12\/Screenshot_20251209_203245_CapCut.jpg?fit=1079%2C598&ssl=1","type":"image\/jpeg"}],"author":"Prensa","twitter_card":"summary_large_image","twitter_creator":"@innoticiasbo","twitter_site":"@innoticiasbo","twitter_misc":{"Escrito por":"Prensa","Tiempo de lectura":"1 minuto"},"schema":{"@context":"https:\/\/schema.org","@graph":[{"@type":"Article","@id":"https:\/\/innoticiasbo.com\/index.php\/2025\/12\/09\/subteniente-aprehendido-declara-que-disparo-para-ahuyentar-y-que-fue-emboscado-en-cotapachi-era-del-grupo-delta\/#article","isPartOf":{"@id":"https:\/\/innoticiasbo.com\/index.php\/2025\/12\/09\/subteniente-aprehendido-declara-que-disparo-para-ahuyentar-y-que-fue-emboscado-en-cotapachi-era-del-grupo-delta\/"},"author":{"name":"Prensa","@id":"https:\/\/innoticiasbo.com\/#\/schema\/person\/589cd527c4211df1b943bdad85ec07ce"},"headline":"SUBTENIENTE APREHENDIDO DECLARA QUE DISPAR\u00d3 \u201cPARA AHUYENTAR\u201d Y QUE FUE EMBOSCADO EN COTAPACHI, ERA DEL GRUPO \u201cDELTA\u201d","datePublished":"2025-12-10T00:35:02+00:00","dateModified":"2025-12-10T00:35:45+00:00","mainEntityOfPage":{"@id":"https:\/\/innoticiasbo.com\/index.php\/2025\/12\/09\/subteniente-aprehendido-declara-que-disparo-para-ahuyentar-y-que-fue-emboscado-en-cotapachi-era-del-grupo-delta\/"},"wordCount":278,"commentCount":0,"publisher":{"@id":"https:\/\/innoticiasbo.com\/#organization"},"image":{"@id":"https:\/\/innoticiasbo.com\/index.php\/2025\/12\/09\/subteniente-aprehendido-declara-que-disparo-para-ahuyentar-y-que-fue-emboscado-en-cotapachi-era-del-grupo-delta\/#primaryimage"},"thumbnailUrl":"https:\/\/i0.wp.com\/innoticiasbo.com\/wp-content\/uploads\/2025\/12\/Screenshot_20251209_203245_CapCut.jpg?fit=1079%2C598&ssl=1","keywords":["basura","conflicto","Cotapachi","fallecidos","polic\u00eda aprehendido"],"articleSection":["Bolivia","Cochabamba","Seguridad"],"inLanguage":"es","potentialAction":[{"@type":"CommentAction","name":"Comment","target":["https:\/\/innoticiasbo.com\/index.php\/2025\/12\/09\/subteniente-aprehendido-declara-que-disparo-para-ahuyentar-y-que-fue-emboscado-en-cotapachi-era-del-grupo-delta\/#respond"]}]},{"@type":"WebPage","@id":"https:\/\/innoticiasbo.com\/index.php\/2025\/12\/09\/subteniente-aprehendido-declara-que-disparo-para-ahuyentar-y-que-fue-emboscado-en-cotapachi-era-del-grupo-delta\/","url":"https:\/\/innoticiasbo.com\/index.php\/2025\/12\/09\/subteniente-aprehendido-declara-que-disparo-para-ahuyentar-y-que-fue-emboscado-en-cotapachi-era-del-grupo-delta\/","name":"SUBTENIENTE APREHENDIDO DECLARA QUE DISPAR\u00d3 \u201cPARA AHUYENTAR\u201d Y QUE FUE EMBOSCADO EN COTAPACHI, ERA DEL GRUPO \u201cDELTA\u201d - innoticiasbo.com","isPartOf":{"@id":"https:\/\/innoticiasbo.com\/#website"},"primaryImageOfPage":{"@id":"https:\/\/innoticiasbo.com\/index.php\/2025\/12\/09\/subteniente-aprehendido-declara-que-disparo-para-ahuyentar-y-que-fue-emboscado-en-cotapachi-era-del-grupo-delta\/#primaryimage"},"image":{"@id":"https:\/\/innoticiasbo.com\/index.php\/2025\/12\/09\/subteniente-aprehendido-declara-que-disparo-para-ahuyentar-y-que-fue-emboscado-en-cotapachi-era-del-grupo-delta\/#primaryimage"},"thumbnailUrl":"https:\/\/i0.wp.com\/innoticiasbo.com\/wp-content\/uploads\/2025\/12\/Screenshot_20251209_203245_CapCut.jpg?fit=1079%2C598&ssl=1","datePublished":"2025-12-10T00:35:02+00:00","dateModified":"2025-12-10T00:35:45+00:00","breadcrumb":{"@id":"https:\/\/innoticiasbo.com\/index.php\/2025\/12\/09\/subteniente-aprehendido-declara-que-disparo-para-ahuyentar-y-que-fue-emboscado-en-cotapachi-era-del-grupo-delta\/#breadcrumb"},"inLanguage":"es","potentialAction":[{"@type":"ReadAction","target":["https:\/\/innoticiasbo.com\/index.php\/2025\/12\/09\/subteniente-aprehendido-declara-que-disparo-para-ahuyentar-y-que-fue-emboscado-en-cotapachi-era-del-grupo-delta\/"]}]},{"@type":"ImageObject","inLanguage":"es","@id":"https:\/\/innoticiasbo.com\/index.php\/2025\/12\/09\/subteniente-aprehendido-declara-que-disparo-para-ahuyentar-y-que-fue-emboscado-en-cotapachi-era-del-grupo-delta\/#primaryimage","url":"https:\/\/i0.wp.com\/innoticiasbo.com\/wp-content\/uploads\/2025\/12\/Screenshot_20251209_203245_CapCut.jpg?fit=1079%2C598&ssl=1","contentUrl":"https:\/\/i0.wp.com\/innoticiasbo.com\/wp-content\/uploads\/2025\/12\/Screenshot_20251209_203245_CapCut.jpg?fit=1079%2C598&ssl=1","width":1079,"height":598},{"@type":"BreadcrumbList","@id":"https:\/\/innoticiasbo.com\/index.php\/2025\/12\/09\/subteniente-aprehendido-declara-que-disparo-para-ahuyentar-y-que-fue-emboscado-en-cotapachi-era-del-grupo-delta\/#breadcrumb","itemListElement":[{"@type":"ListItem","position":1,"name":"Portada","item":"https:\/\/innoticiasbo.com\/"},{"@type":"ListItem","position":2,"name":"SUBTENIENTE APREHENDIDO DECLARA QUE DISPAR\u00d3 \u201cPARA AHUYENTAR\u201d Y QUE FUE EMBOSCADO EN COTAPACHI, ERA DEL GRUPO \u201cDELTA\u201d"}]},{"@type":"WebSite","@id":"https:\/\/innoticiasbo.com\/#website","url":"https:\/\/innoticiasbo.com\/","name":"innoticiasbo.com","description":"","publisher":{"@id":"https:\/\/innoticiasbo.com\/#organization"},"potentialAction":[{"@type":"SearchAction","target":{"@type":"EntryPoint","urlTemplate":"https:\/\/innoticiasbo.com\/?s={search_term_string}"},"query-input":{"@type":"PropertyValueSpecification","valueRequired":true,"valueName":"search_term_string"}}],"inLanguage":"es"},{"@type":"Organization","@id":"https:\/\/innoticiasbo.com\/#organization","name":"innoticiasbo.com","url":"https:\/\/innoticiasbo.com\/","logo":{"@type":"ImageObject","inLanguage":"es","@id":"https:\/\/innoticiasbo.com\/#\/schema\/logo\/image\/","url":"https:\/\/i0.wp.com\/innoticiasbo.com\/wp-content\/uploads\/2026\/04\/cropped-IN-LOGO.png?fit=1476%2C1476&ssl=1","contentUrl":"https:\/\/i0.wp.com\/innoticiasbo.com\/wp-content\/uploads\/2026\/04\/cropped-IN-LOGO.png?fit=1476%2C1476&ssl=1","width":1476,"height":1476,"caption":"innoticiasbo.com"},"image":{"@id":"https:\/\/innoticiasbo.com\/#\/schema\/logo\/image\/"},"sameAs":["https:\/\/www.facebook.com\/innoticiasbolivia","https:\/\/x.com\/innoticiasbo","https:\/\/www.instagram.com\/innoticiasbo","https:\/\/www.youtube.com\/innoticiasbo"]},{"@type":"Person","@id":"https:\/\/innoticiasbo.com\/#\/schema\/person\/589cd527c4211df1b943bdad85ec07ce","name":"Prensa","image":{"@type":"ImageObject","inLanguage":"es","@id":"https:\/\/innoticiasbo.com\/#\/schema\/person\/image\/","url":"https:\/\/secure.gravatar.com\/avatar\/d359bbdf112023c1c0a3ec7fe1600657?s=96&d=mm&r=g","contentUrl":"https:\/\/secure.gravatar.com\/avatar\/d359bbdf112023c1c0a3ec7fe1600657?s=96&d=mm&r=g","caption":"Prensa"},"sameAs":["http:\/\/www.innoticiasbo.com"],"url":"https:\/\/innoticiasbo.com\/index.php\/author\/prensa\/"}]}},"jetpack_featured_media_url":"https:\/\/i0.wp.com\/innoticiasbo.com\/wp-content\/uploads\/2025\/12\/Screenshot_20251209_203245_CapCut.jpg?fit=1079%2C598&ssl=1","jetpack_likes_enabled":true,"jetpack_sharing_enabled":true,"jetpack_shortlink":"https:\/\/wp.me\/pg298x-2by","_links":{"self":[{"href":"https:\/\/innoticiasbo.com\/index.php\/wp-json\/wp\/v2\/posts\/8404","targetHints":{"allow":["GET"]}}],"collection":[{"href":"https:\/\/innoticiasbo.com\/index.php\/wp-json\/wp\/v2\/posts"}],"about":[{"href":"https:\/\/innoticiasbo.com\/index.php\/wp-json\/wp\/v2\/types\/post"}],"author":[{"embeddable":true,"href":"https:\/\/innoticiasbo.com\/index.php\/wp-json\/wp\/v2\/users\/2"}],"replies":[{"embeddable":true,"href":"https:\/\/innoticiasbo.com\/index.php\/wp-json\/wp\/v2\/comments?post=8404"}],"version-history":[{"count":1,"href":"https:\/\/innoticiasbo.com\/index.php\/wp-json\/wp\/v2\/posts\/8404\/revisions"}],"predecessor-version":[{"id":8405,"href":"https:\/\/innoticiasbo.com\/index.php\/wp-json\/wp\/v2\/posts\/8404\/revisions\/8405"}],"wp:featuredmedia":[{"embeddable":true,"href":"https:\/\/innoticiasbo.com\/index.php\/wp-json\/wp\/v2\/media\/8403"}],"wp:attachment":[{"href":"https:\/\/innoticiasbo.com\/index.php\/wp-json\/wp\/v2\/media?parent=8404"}],"wp:term":[{"taxonomy":"category","embeddable":true,"href":"https:\/\/innoticiasbo.com\/index.php\/wp-json\/wp\/v2\/categories?post=8404"},{"taxonomy":"post_tag","embeddable":true,"href":"https:\/\/innoticiasbo.com\/index.php\/wp-json\/wp\/v2\/tags?post=8404"}],"curies":[{"name":"wp","href":"https:\/\/api.w.org\/{rel}","templated":true}]}}