{"id":8400,"date":"2025-12-09T19:28:57","date_gmt":"2025-12-09T23:28:57","guid":{"rendered":"https:\/\/innoticiasbo.com\/?p=8400"},"modified":"2025-12-09T19:28:57","modified_gmt":"2025-12-09T23:28:57","slug":"urgente-detienen-a-un-policia-que-admitio-que-disparo-contra-las-dos-personas-que-perdieron-la-vida-en-cotapachi","status":"publish","type":"post","link":"https:\/\/innoticiasbo.com\/index.php\/2025\/12\/09\/urgente-detienen-a-un-policia-que-admitio-que-disparo-contra-las-dos-personas-que-perdieron-la-vida-en-cotapachi\/","title":{"rendered":"#Urgente DETIENEN A UN POLIC\u00cdA QUE ADMITI\u00d3 QUE DISPAR\u00d3 CONTRA LAS DOS PERSONAS QUE PERDIERON LA VIDA EN COTAPACHI"},"content":{"rendered":"\n<p><\/p>\n\n\n\n<p><\/p>\n\n\n\n<p class=\"p4\">Cochabamba, 9 de diciembre, 2025.- Tras su aprensi\u00f3n y toma de declaraciones, un polic\u00eda con grado de subteniente fue detenido acusado de homicidio, por la muerte de dos hombres que participaban del bloqueo en el botadero de basura en Cotapachi.<\/p>\n\n\n\n<p class=\"p4\">Entre las pruebas para la acusaci\u00f3n estan las declaraciones del acusados, testigos y fotograf\u00edas, adem\u00e1s de las pruebas de guantelete.<\/p>\n\n\n\n<p class=\"p4\">\u201cEl uniformado reconoci\u00f3 el uso de su arma de fuego y tambi\u00e9n hay otros elementos probatorios. Tras su aprehension, pasar\u00e1 a ser detenido para su imputaci\u00f3n\u201d, dijo el fiscal Departemental, Osvaldo Tejerina, tras cumplir una inspecci\u00f3n al lugar de los hechos, junto a una comisi\u00f3n de fiscales, en Cotapachi, Quillacollo.<\/p>\n\n\n\n<p>Circula una imagen donde se ve claramente al uniformado haciendo uso de su arma de fuego.<\/p>\n\n\n\n<p><\/p>\n","protected":false},"excerpt":{"rendered":"<p>Cochabamba, 9 de diciembre, 2025.- Tras su aprensi\u00f3n y toma de declaraciones, un polic\u00eda con grado de subteniente fue detenido acusado de homicidio, por la muerte de dos hombres que participaban del bloqueo en el botadero de basura en Cotapachi. Entre las pruebas para la acusaci\u00f3n estan las declaraciones del acusados, testigos y fotograf\u00edas, adem\u00e1s&#8230;<\/p>\n","protected":false},"author":6,"featured_media":8399,"comment_status":"closed","ping_status":"open","sticky":false,"template":"","format":"standard","meta":{"_jetpack_memberships_contains_paid_content":false,"footnotes":"","jetpack_publicize_message":"#Urgente DETIENEN A UN POLIC\u00cdA QUE ADMITI\u00d3 QUE DISPAR\u00d3 CONTRA LAS DOS PERSONAS QUE PERDIERON LA VIDA EN COTAPACHI","jetpack_publicize_feature_enabled":true,"jetpack_social_post_already_shared":true,"jetpack_social_options":{"image_generator_settings":{"template":"highway","enabled":false},"version":2}},"categories":[1],"tags":[],"class_list":["post-8400","post","type-post","status-publish","format-standard","has-post-thumbnail","hentry","category-bolivia"],"jetpack_publicize_connections":[],"yoast_head":"<!-- This site is optimized with the Yoast SEO plugin v23.4 - https:\/\/yoast.com\/wordpress\/plugins\/seo\/ -->\n<title>#Urgente DETIENEN A UN POLIC\u00cdA QUE ADMITI\u00d3 QUE DISPAR\u00d3 CONTRA LAS DOS PERSONAS QUE PERDIERON LA VIDA EN COTAPACHI - innoticiasbo.com<\/title>\n<meta name=\"robots\" content=\"index, follow, max-snippet:-1, max-image-preview:large, max-video-preview:-1\" \/>\n<link rel=\"canonical\" href=\"https:\/\/innoticiasbo.com\/index.php\/2025\/12\/09\/urgente-detienen-a-un-policia-que-admitio-que-disparo-contra-las-dos-personas-que-perdieron-la-vida-en-cotapachi\/\" \/>\n<meta property=\"og:locale\" content=\"es_ES\" \/>\n<meta property=\"og:type\" content=\"article\" \/>\n<meta property=\"og:title\" content=\"#Urgente DETIENEN A UN POLIC\u00cdA QUE ADMITI\u00d3 QUE DISPAR\u00d3 CONTRA LAS DOS PERSONAS QUE PERDIERON LA VIDA EN COTAPACHI - innoticiasbo.com\" \/>\n<meta property=\"og:description\" content=\"Cochabamba, 9 de diciembre, 2025.- Tras su aprensi\u00f3n y toma de declaraciones, un polic\u00eda con grado de subteniente fue detenido acusado de homicidio, por la muerte de dos hombres que participaban del bloqueo en el botadero de basura en Cotapachi. Entre las pruebas para la acusaci\u00f3n estan las declaraciones del acusados, testigos y fotograf\u00edas, adem\u00e1s...\" \/>\n<meta property=\"og:url\" content=\"https:\/\/innoticiasbo.com\/index.php\/2025\/12\/09\/urgente-detienen-a-un-policia-que-admitio-que-disparo-contra-las-dos-personas-que-perdieron-la-vida-en-cotapachi\/\" \/>\n<meta property=\"og:site_name\" content=\"innoticiasbo.com\" \/>\n<meta property=\"article:publisher\" content=\"https:\/\/www.facebook.com\/innoticiasbolivia\" \/>\n<meta property=\"article:published_time\" content=\"2025-12-09T23:28:57+00:00\" \/>\n<meta property=\"og:image\" content=\"https:\/\/i0.wp.com\/innoticiasbo.com\/wp-content\/uploads\/2025\/12\/img_7436.jpg?fit=2000%2C1417&ssl=1\" \/>\n\t<meta property=\"og:image:width\" content=\"2000\" \/>\n\t<meta property=\"og:image:height\" content=\"1417\" \/>\n\t<meta property=\"og:image:type\" content=\"image\/jpeg\" \/>\n<meta name=\"author\" content=\"Eliza Riva\" \/>\n<meta name=\"twitter:card\" content=\"summary_large_image\" \/>\n<meta name=\"twitter:creator\" content=\"@innoticiasbo\" \/>\n<meta name=\"twitter:site\" content=\"@innoticiasbo\" \/>\n<meta name=\"twitter:label1\" content=\"Escrito por\" \/>\n\t<meta name=\"twitter:data1\" content=\"Eliza Riva\" \/>\n\t<meta name=\"twitter:label2\" content=\"Tiempo de lectura\" \/>\n\t<meta name=\"twitter:data2\" content=\"1 minuto\" \/>\n<script type=\"application\/ld+json\" class=\"yoast-schema-graph\">{\"@context\":\"https:\/\/schema.org\",\"@graph\":[{\"@type\":\"Article\",\"@id\":\"https:\/\/innoticiasbo.com\/index.php\/2025\/12\/09\/urgente-detienen-a-un-policia-que-admitio-que-disparo-contra-las-dos-personas-que-perdieron-la-vida-en-cotapachi\/#article\",\"isPartOf\":{\"@id\":\"https:\/\/innoticiasbo.com\/index.php\/2025\/12\/09\/urgente-detienen-a-un-policia-que-admitio-que-disparo-contra-las-dos-personas-que-perdieron-la-vida-en-cotapachi\/\"},\"author\":{\"name\":\"Eliza Riva\",\"@id\":\"https:\/\/innoticiasbo.com\/#\/schema\/person\/8c935b6b11c0223d8f77dc01fc948202\"},\"headline\":\"#Urgente DETIENEN A UN POLIC\u00cdA QUE ADMITI\u00d3 QUE DISPAR\u00d3 CONTRA LAS DOS PERSONAS QUE PERDIERON LA VIDA EN COTAPACHI\",\"datePublished\":\"2025-12-09T23:28:57+00:00\",\"dateModified\":\"2025-12-09T23:28:57+00:00\",\"mainEntityOfPage\":{\"@id\":\"https:\/\/innoticiasbo.com\/index.php\/2025\/12\/09\/urgente-detienen-a-un-policia-que-admitio-que-disparo-contra-las-dos-personas-que-perdieron-la-vida-en-cotapachi\/\"},\"wordCount\":154,\"publisher\":{\"@id\":\"https:\/\/innoticiasbo.com\/#organization\"},\"image\":{\"@id\":\"https:\/\/innoticiasbo.com\/index.php\/2025\/12\/09\/urgente-detienen-a-un-policia-que-admitio-que-disparo-contra-las-dos-personas-que-perdieron-la-vida-en-cotapachi\/#primaryimage\"},\"thumbnailUrl\":\"https:\/\/i0.wp.com\/innoticiasbo.com\/wp-content\/uploads\/2025\/12\/img_7436.jpg?fit=2000%2C1417&ssl=1\",\"articleSection\":[\"Bolivia\"],\"inLanguage\":\"es\"},{\"@type\":\"WebPage\",\"@id\":\"https:\/\/innoticiasbo.com\/index.php\/2025\/12\/09\/urgente-detienen-a-un-policia-que-admitio-que-disparo-contra-las-dos-personas-que-perdieron-la-vida-en-cotapachi\/\",\"url\":\"https:\/\/innoticiasbo.com\/index.php\/2025\/12\/09\/urgente-detienen-a-un-policia-que-admitio-que-disparo-contra-las-dos-personas-que-perdieron-la-vida-en-cotapachi\/\",\"name\":\"#Urgente DETIENEN A UN POLIC\u00cdA QUE ADMITI\u00d3 QUE DISPAR\u00d3 CONTRA LAS DOS PERSONAS QUE PERDIERON LA VIDA EN COTAPACHI - innoticiasbo.com\",\"isPartOf\":{\"@id\":\"https:\/\/innoticiasbo.com\/#website\"},\"primaryImageOfPage\":{\"@id\":\"https:\/\/innoticiasbo.com\/index.php\/2025\/12\/09\/urgente-detienen-a-un-policia-que-admitio-que-disparo-contra-las-dos-personas-que-perdieron-la-vida-en-cotapachi\/#primaryimage\"},\"image\":{\"@id\":\"https:\/\/innoticiasbo.com\/index.php\/2025\/12\/09\/urgente-detienen-a-un-policia-que-admitio-que-disparo-contra-las-dos-personas-que-perdieron-la-vida-en-cotapachi\/#primaryimage\"},\"thumbnailUrl\":\"https:\/\/i0.wp.com\/innoticiasbo.com\/wp-content\/uploads\/2025\/12\/img_7436.jpg?fit=2000%2C1417&ssl=1\",\"datePublished\":\"2025-12-09T23:28:57+00:00\",\"dateModified\":\"2025-12-09T23:28:57+00:00\",\"breadcrumb\":{\"@id\":\"https:\/\/innoticiasbo.com\/index.php\/2025\/12\/09\/urgente-detienen-a-un-policia-que-admitio-que-disparo-contra-las-dos-personas-que-perdieron-la-vida-en-cotapachi\/#breadcrumb\"},\"inLanguage\":\"es\",\"potentialAction\":[{\"@type\":\"ReadAction\",\"target\":[\"https:\/\/innoticiasbo.com\/index.php\/2025\/12\/09\/urgente-detienen-a-un-policia-que-admitio-que-disparo-contra-las-dos-personas-que-perdieron-la-vida-en-cotapachi\/\"]}]},{\"@type\":\"ImageObject\",\"inLanguage\":\"es\",\"@id\":\"https:\/\/innoticiasbo.com\/index.php\/2025\/12\/09\/urgente-detienen-a-un-policia-que-admitio-que-disparo-contra-las-dos-personas-que-perdieron-la-vida-en-cotapachi\/#primaryimage\",\"url\":\"https:\/\/i0.wp.com\/innoticiasbo.com\/wp-content\/uploads\/2025\/12\/img_7436.jpg?fit=2000%2C1417&ssl=1\",\"contentUrl\":\"https:\/\/i0.wp.com\/innoticiasbo.com\/wp-content\/uploads\/2025\/12\/img_7436.jpg?fit=2000%2C1417&ssl=1\",\"width\":2000,\"height\":1417},{\"@type\":\"BreadcrumbList\",\"@id\":\"https:\/\/innoticiasbo.com\/index.php\/2025\/12\/09\/urgente-detienen-a-un-policia-que-admitio-que-disparo-contra-las-dos-personas-que-perdieron-la-vida-en-cotapachi\/#breadcrumb\",\"itemListElement\":[{\"@type\":\"ListItem\",\"position\":1,\"name\":\"Portada\",\"item\":\"https:\/\/innoticiasbo.com\/\"},{\"@type\":\"ListItem\",\"position\":2,\"name\":\"#Urgente DETIENEN A UN POLIC\u00cdA QUE ADMITI\u00d3 QUE DISPAR\u00d3 CONTRA LAS DOS PERSONAS QUE PERDIERON LA VIDA EN COTAPACHI\"}]},{\"@type\":\"WebSite\",\"@id\":\"https:\/\/innoticiasbo.com\/#website\",\"url\":\"https:\/\/innoticiasbo.com\/\",\"name\":\"innoticiasbo.com\",\"description\":\"\",\"publisher\":{\"@id\":\"https:\/\/innoticiasbo.com\/#organization\"},\"potentialAction\":[{\"@type\":\"SearchAction\",\"target\":{\"@type\":\"EntryPoint\",\"urlTemplate\":\"https:\/\/innoticiasbo.com\/?s={search_term_string}\"},\"query-input\":{\"@type\":\"PropertyValueSpecification\",\"valueRequired\":true,\"valueName\":\"search_term_string\"}}],\"inLanguage\":\"es\"},{\"@type\":\"Organization\",\"@id\":\"https:\/\/innoticiasbo.com\/#organization\",\"name\":\"innoticiasbo.com\",\"url\":\"https:\/\/innoticiasbo.com\/\",\"logo\":{\"@type\":\"ImageObject\",\"inLanguage\":\"es\",\"@id\":\"https:\/\/innoticiasbo.com\/#\/schema\/logo\/image\/\",\"url\":\"https:\/\/i0.wp.com\/innoticiasbo.com\/wp-content\/uploads\/2026\/04\/cropped-IN-LOGO.png?fit=1476%2C1476&ssl=1\",\"contentUrl\":\"https:\/\/i0.wp.com\/innoticiasbo.com\/wp-content\/uploads\/2026\/04\/cropped-IN-LOGO.png?fit=1476%2C1476&ssl=1\",\"width\":1476,\"height\":1476,\"caption\":\"innoticiasbo.com\"},\"image\":{\"@id\":\"https:\/\/innoticiasbo.com\/#\/schema\/logo\/image\/\"},\"sameAs\":[\"https:\/\/www.facebook.com\/innoticiasbolivia\",\"https:\/\/x.com\/innoticiasbo\",\"https:\/\/www.instagram.com\/innoticiasbo\",\"https:\/\/www.youtube.com\/innoticiasbo\"]},{\"@type\":\"Person\",\"@id\":\"https:\/\/innoticiasbo.com\/#\/schema\/person\/8c935b6b11c0223d8f77dc01fc948202\",\"name\":\"Eliza Riva\",\"image\":{\"@type\":\"ImageObject\",\"inLanguage\":\"es\",\"@id\":\"https:\/\/innoticiasbo.com\/#\/schema\/person\/image\/\",\"url\":\"https:\/\/secure.gravatar.com\/avatar\/fdc172c2af344133d19e57e4b7acdee4?s=96&d=mm&r=g\",\"contentUrl\":\"https:\/\/secure.gravatar.com\/avatar\/fdc172c2af344133d19e57e4b7acdee4?s=96&d=mm&r=g\",\"caption\":\"Eliza Riva\"},\"sameAs\":[\"http:\/\/www.innoticiasbo.com\"],\"url\":\"https:\/\/innoticiasbo.com\/index.php\/author\/prensa-4\/\"}]}<\/script>\n<!-- \/ Yoast SEO plugin. -->","yoast_head_json":{"title":"#Urgente DETIENEN A UN POLIC\u00cdA QUE ADMITI\u00d3 QUE DISPAR\u00d3 CONTRA LAS DOS PERSONAS QUE PERDIERON LA VIDA EN COTAPACHI - innoticiasbo.com","robots":{"index":"index","follow":"follow","max-snippet":"max-snippet:-1","max-image-preview":"max-image-preview:large","max-video-preview":"max-video-preview:-1"},"canonical":"https:\/\/innoticiasbo.com\/index.php\/2025\/12\/09\/urgente-detienen-a-un-policia-que-admitio-que-disparo-contra-las-dos-personas-que-perdieron-la-vida-en-cotapachi\/","og_locale":"es_ES","og_type":"article","og_title":"#Urgente DETIENEN A UN POLIC\u00cdA QUE ADMITI\u00d3 QUE DISPAR\u00d3 CONTRA LAS DOS PERSONAS QUE PERDIERON LA VIDA EN COTAPACHI - innoticiasbo.com","og_description":"Cochabamba, 9 de diciembre, 2025.- Tras su aprensi\u00f3n y toma de declaraciones, un polic\u00eda con grado de subteniente fue detenido acusado de homicidio, por la muerte de dos hombres que participaban del bloqueo en el botadero de basura en Cotapachi. Entre las pruebas para la acusaci\u00f3n estan las declaraciones del acusados, testigos y fotograf\u00edas, adem\u00e1s...","og_url":"https:\/\/innoticiasbo.com\/index.php\/2025\/12\/09\/urgente-detienen-a-un-policia-que-admitio-que-disparo-contra-las-dos-personas-que-perdieron-la-vida-en-cotapachi\/","og_site_name":"innoticiasbo.com","article_publisher":"https:\/\/www.facebook.com\/innoticiasbolivia","article_published_time":"2025-12-09T23:28:57+00:00","og_image":[{"width":2000,"height":1417,"url":"https:\/\/i0.wp.com\/innoticiasbo.com\/wp-content\/uploads\/2025\/12\/img_7436.jpg?fit=2000%2C1417&ssl=1","type":"image\/jpeg"}],"author":"Eliza Riva","twitter_card":"summary_large_image","twitter_creator":"@innoticiasbo","twitter_site":"@innoticiasbo","twitter_misc":{"Escrito por":"Eliza Riva","Tiempo de lectura":"1 minuto"},"schema":{"@context":"https:\/\/schema.org","@graph":[{"@type":"Article","@id":"https:\/\/innoticiasbo.com\/index.php\/2025\/12\/09\/urgente-detienen-a-un-policia-que-admitio-que-disparo-contra-las-dos-personas-que-perdieron-la-vida-en-cotapachi\/#article","isPartOf":{"@id":"https:\/\/innoticiasbo.com\/index.php\/2025\/12\/09\/urgente-detienen-a-un-policia-que-admitio-que-disparo-contra-las-dos-personas-que-perdieron-la-vida-en-cotapachi\/"},"author":{"name":"Eliza Riva","@id":"https:\/\/innoticiasbo.com\/#\/schema\/person\/8c935b6b11c0223d8f77dc01fc948202"},"headline":"#Urgente DETIENEN A UN POLIC\u00cdA QUE ADMITI\u00d3 QUE DISPAR\u00d3 CONTRA LAS DOS PERSONAS QUE PERDIERON LA VIDA EN COTAPACHI","datePublished":"2025-12-09T23:28:57+00:00","dateModified":"2025-12-09T23:28:57+00:00","mainEntityOfPage":{"@id":"https:\/\/innoticiasbo.com\/index.php\/2025\/12\/09\/urgente-detienen-a-un-policia-que-admitio-que-disparo-contra-las-dos-personas-que-perdieron-la-vida-en-cotapachi\/"},"wordCount":154,"publisher":{"@id":"https:\/\/innoticiasbo.com\/#organization"},"image":{"@id":"https:\/\/innoticiasbo.com\/index.php\/2025\/12\/09\/urgente-detienen-a-un-policia-que-admitio-que-disparo-contra-las-dos-personas-que-perdieron-la-vida-en-cotapachi\/#primaryimage"},"thumbnailUrl":"https:\/\/i0.wp.com\/innoticiasbo.com\/wp-content\/uploads\/2025\/12\/img_7436.jpg?fit=2000%2C1417&ssl=1","articleSection":["Bolivia"],"inLanguage":"es"},{"@type":"WebPage","@id":"https:\/\/innoticiasbo.com\/index.php\/2025\/12\/09\/urgente-detienen-a-un-policia-que-admitio-que-disparo-contra-las-dos-personas-que-perdieron-la-vida-en-cotapachi\/","url":"https:\/\/innoticiasbo.com\/index.php\/2025\/12\/09\/urgente-detienen-a-un-policia-que-admitio-que-disparo-contra-las-dos-personas-que-perdieron-la-vida-en-cotapachi\/","name":"#Urgente DETIENEN A UN POLIC\u00cdA QUE ADMITI\u00d3 QUE DISPAR\u00d3 CONTRA LAS DOS PERSONAS QUE PERDIERON LA VIDA EN COTAPACHI - innoticiasbo.com","isPartOf":{"@id":"https:\/\/innoticiasbo.com\/#website"},"primaryImageOfPage":{"@id":"https:\/\/innoticiasbo.com\/index.php\/2025\/12\/09\/urgente-detienen-a-un-policia-que-admitio-que-disparo-contra-las-dos-personas-que-perdieron-la-vida-en-cotapachi\/#primaryimage"},"image":{"@id":"https:\/\/innoticiasbo.com\/index.php\/2025\/12\/09\/urgente-detienen-a-un-policia-que-admitio-que-disparo-contra-las-dos-personas-que-perdieron-la-vida-en-cotapachi\/#primaryimage"},"thumbnailUrl":"https:\/\/i0.wp.com\/innoticiasbo.com\/wp-content\/uploads\/2025\/12\/img_7436.jpg?fit=2000%2C1417&ssl=1","datePublished":"2025-12-09T23:28:57+00:00","dateModified":"2025-12-09T23:28:57+00:00","breadcrumb":{"@id":"https:\/\/innoticiasbo.com\/index.php\/2025\/12\/09\/urgente-detienen-a-un-policia-que-admitio-que-disparo-contra-las-dos-personas-que-perdieron-la-vida-en-cotapachi\/#breadcrumb"},"inLanguage":"es","potentialAction":[{"@type":"ReadAction","target":["https:\/\/innoticiasbo.com\/index.php\/2025\/12\/09\/urgente-detienen-a-un-policia-que-admitio-que-disparo-contra-las-dos-personas-que-perdieron-la-vida-en-cotapachi\/"]}]},{"@type":"ImageObject","inLanguage":"es","@id":"https:\/\/innoticiasbo.com\/index.php\/2025\/12\/09\/urgente-detienen-a-un-policia-que-admitio-que-disparo-contra-las-dos-personas-que-perdieron-la-vida-en-cotapachi\/#primaryimage","url":"https:\/\/i0.wp.com\/innoticiasbo.com\/wp-content\/uploads\/2025\/12\/img_7436.jpg?fit=2000%2C1417&ssl=1","contentUrl":"https:\/\/i0.wp.com\/innoticiasbo.com\/wp-content\/uploads\/2025\/12\/img_7436.jpg?fit=2000%2C1417&ssl=1","width":2000,"height":1417},{"@type":"BreadcrumbList","@id":"https:\/\/innoticiasbo.com\/index.php\/2025\/12\/09\/urgente-detienen-a-un-policia-que-admitio-que-disparo-contra-las-dos-personas-que-perdieron-la-vida-en-cotapachi\/#breadcrumb","itemListElement":[{"@type":"ListItem","position":1,"name":"Portada","item":"https:\/\/innoticiasbo.com\/"},{"@type":"ListItem","position":2,"name":"#Urgente DETIENEN A UN POLIC\u00cdA QUE ADMITI\u00d3 QUE DISPAR\u00d3 CONTRA LAS DOS PERSONAS QUE PERDIERON LA VIDA EN COTAPACHI"}]},{"@type":"WebSite","@id":"https:\/\/innoticiasbo.com\/#website","url":"https:\/\/innoticiasbo.com\/","name":"innoticiasbo.com","description":"","publisher":{"@id":"https:\/\/innoticiasbo.com\/#organization"},"potentialAction":[{"@type":"SearchAction","target":{"@type":"EntryPoint","urlTemplate":"https:\/\/innoticiasbo.com\/?s={search_term_string}"},"query-input":{"@type":"PropertyValueSpecification","valueRequired":true,"valueName":"search_term_string"}}],"inLanguage":"es"},{"@type":"Organization","@id":"https:\/\/innoticiasbo.com\/#organization","name":"innoticiasbo.com","url":"https:\/\/innoticiasbo.com\/","logo":{"@type":"ImageObject","inLanguage":"es","@id":"https:\/\/innoticiasbo.com\/#\/schema\/logo\/image\/","url":"https:\/\/i0.wp.com\/innoticiasbo.com\/wp-content\/uploads\/2026\/04\/cropped-IN-LOGO.png?fit=1476%2C1476&ssl=1","contentUrl":"https:\/\/i0.wp.com\/innoticiasbo.com\/wp-content\/uploads\/2026\/04\/cropped-IN-LOGO.png?fit=1476%2C1476&ssl=1","width":1476,"height":1476,"caption":"innoticiasbo.com"},"image":{"@id":"https:\/\/innoticiasbo.com\/#\/schema\/logo\/image\/"},"sameAs":["https:\/\/www.facebook.com\/innoticiasbolivia","https:\/\/x.com\/innoticiasbo","https:\/\/www.instagram.com\/innoticiasbo","https:\/\/www.youtube.com\/innoticiasbo"]},{"@type":"Person","@id":"https:\/\/innoticiasbo.com\/#\/schema\/person\/8c935b6b11c0223d8f77dc01fc948202","name":"Eliza Riva","image":{"@type":"ImageObject","inLanguage":"es","@id":"https:\/\/innoticiasbo.com\/#\/schema\/person\/image\/","url":"https:\/\/secure.gravatar.com\/avatar\/fdc172c2af344133d19e57e4b7acdee4?s=96&d=mm&r=g","contentUrl":"https:\/\/secure.gravatar.com\/avatar\/fdc172c2af344133d19e57e4b7acdee4?s=96&d=mm&r=g","caption":"Eliza Riva"},"sameAs":["http:\/\/www.innoticiasbo.com"],"url":"https:\/\/innoticiasbo.com\/index.php\/author\/prensa-4\/"}]}},"jetpack_featured_media_url":"https:\/\/i0.wp.com\/innoticiasbo.com\/wp-content\/uploads\/2025\/12\/img_7436.jpg?fit=2000%2C1417&ssl=1","jetpack_likes_enabled":true,"jetpack_sharing_enabled":true,"jetpack_shortlink":"https:\/\/wp.me\/pg298x-2bu","_links":{"self":[{"href":"https:\/\/innoticiasbo.com\/index.php\/wp-json\/wp\/v2\/posts\/8400","targetHints":{"allow":["GET"]}}],"collection":[{"href":"https:\/\/innoticiasbo.com\/index.php\/wp-json\/wp\/v2\/posts"}],"about":[{"href":"https:\/\/innoticiasbo.com\/index.php\/wp-json\/wp\/v2\/types\/post"}],"author":[{"embeddable":true,"href":"https:\/\/innoticiasbo.com\/index.php\/wp-json\/wp\/v2\/users\/6"}],"replies":[{"embeddable":true,"href":"https:\/\/innoticiasbo.com\/index.php\/wp-json\/wp\/v2\/comments?post=8400"}],"version-history":[{"count":1,"href":"https:\/\/innoticiasbo.com\/index.php\/wp-json\/wp\/v2\/posts\/8400\/revisions"}],"predecessor-version":[{"id":8401,"href":"https:\/\/innoticiasbo.com\/index.php\/wp-json\/wp\/v2\/posts\/8400\/revisions\/8401"}],"wp:featuredmedia":[{"embeddable":true,"href":"https:\/\/innoticiasbo.com\/index.php\/wp-json\/wp\/v2\/media\/8399"}],"wp:attachment":[{"href":"https:\/\/innoticiasbo.com\/index.php\/wp-json\/wp\/v2\/media?parent=8400"}],"wp:term":[{"taxonomy":"category","embeddable":true,"href":"https:\/\/innoticiasbo.com\/index.php\/wp-json\/wp\/v2\/categories?post=8400"},{"taxonomy":"post_tag","embeddable":true,"href":"https:\/\/innoticiasbo.com\/index.php\/wp-json\/wp\/v2\/tags?post=8400"}],"curies":[{"name":"wp","href":"https:\/\/api.w.org\/{rel}","templated":true}]}}