{"id":8393,"date":"2025-12-07T10:44:24","date_gmt":"2025-12-07T14:44:24","guid":{"rendered":"https:\/\/innoticiasbo.com\/?p=8393"},"modified":"2025-12-07T10:45:12","modified_gmt":"2025-12-07T14:45:12","slug":"entrevista-a-dennis-lema-andrade","status":"publish","type":"post","link":"https:\/\/innoticiasbo.com\/index.php\/2025\/12\/07\/entrevista-a-dennis-lema-andrade\/","title":{"rendered":"ENTREVISTA A DENNIS LEMA ANDRADE"},"content":{"rendered":"<p>COCHABAMBA: CREATIVIDAD DESDE EL CAOS<\/p>\n<p>Dennis Lema Andrade naci\u00f3 en Cochabamba en 1986. Es arquitecto de profesi\u00f3n y escribe art\u00edculos para la prensa nacional.<\/p>\n<p><img data-recalc-dims=\"1\" loading=\"lazy\" decoding=\"async\" src=\"https:\/\/i0.wp.com\/innoticiasbo.com\/wp-content\/uploads\/2025\/12\/img-20251201-wa002918866971309246405682.jpg?resize=640%2C961&#038;ssl=1\" class=\"wp-image-8391 alignnone size-full\" width=\"640\" height=\"961\" srcset=\"https:\/\/i0.wp.com\/innoticiasbo.com\/wp-content\/uploads\/2025\/12\/img-20251201-wa002918866971309246405682.jpg?w=1066&amp;ssl=1 1066w, https:\/\/i0.wp.com\/innoticiasbo.com\/wp-content\/uploads\/2025\/12\/img-20251201-wa002918866971309246405682.jpg?resize=200%2C300&amp;ssl=1 200w, https:\/\/i0.wp.com\/innoticiasbo.com\/wp-content\/uploads\/2025\/12\/img-20251201-wa002918866971309246405682.jpg?resize=682%2C1024&amp;ssl=1 682w, https:\/\/i0.wp.com\/innoticiasbo.com\/wp-content\/uploads\/2025\/12\/img-20251201-wa002918866971309246405682.jpg?resize=768%2C1153&amp;ssl=1 768w, https:\/\/i0.wp.com\/innoticiasbo.com\/wp-content\/uploads\/2025\/12\/img-20251201-wa002918866971309246405682.jpg?resize=1023%2C1536&amp;ssl=1 1023w\" sizes=\"auto, (max-width: 640px) 100vw, 640px\" \/><\/p>\n<p>1. M\u00e1s all\u00e1 de la queja general contra la pol\u00edtica, \u00bfcu\u00e1l es el diagn\u00f3stico de fondo que haces de la Cochabamba de hoy?<\/p>\n<p>Siguiendo la (mala) costumbre nacional, nuestras ciudades han sido secuestradas por pol\u00edticos ajenos al desarrollo urbano del siglo XXI, que improvisan y se benefician de un desorden que ellos contribuyen en generar. Cochabamba, en particular, est\u00e1 estancada en paradigmas obsoletos de los 90, donde el hormig\u00f3n armado y el autom\u00f3vil aplastan cualquier visi\u00f3n de sostenibilidad que prioriza al ciudadano y al medio ambiente.<br \/>\nPara dar el salto al 2026, la clave no est\u00e1 en contar con un presupuesto abultado, sino en imponer la imaginaci\u00f3n, el sentido com\u00fan, la \u00e9tica, y trabajar con un equipo t\u00e9cnico s\u00f3lido, capaz de analizar cada distrito para dinamizar los espacios existentes y reciclar aquellos que est\u00e1n en desuso, logrando distritos creativos donde la econom\u00eda camine de la mano de la cultura y la identidad.<br \/>\nEs fundamental comprender que una ciudad es esencialmente ca\u00f3tica, y que su organizaci\u00f3n debe realizarse y transformarse dentro del caos. Aunque suene tentador, no podemos derrumbarla y construirla de nuevo.<\/p>\n<p>2. Dices que hay que conectar econom\u00eda con identidad. Para eso, \u00bfqu\u00e9 lugar concreto en la ciudad te parece el m\u00e1s simb\u00f3lico y c\u00f3mo lo reinventar\u00edas?<\/p>\n<p>El mejor ejemplo son nuestros mercados. Son un espacio de encuentro entre campo y ciudad. All\u00ed hay comida, s\u00ed, pero tambi\u00e9n sabidur\u00eda popular. Hablar con un vendedor en La Cancha o en un mercado de barrio es abrir una puerta a relatos vivos que no aparecen en gu\u00edas tur\u00edsticas. Entonces, \u00bfpor qu\u00e9 no propiciar que los mercados sean tambi\u00e9n centros culturales? Crear circuitos donde el productor sea el proveedor directo, y fusionar los puestos de venta con una plaza de comidas y de encuentro. Imaginate poder se\u00f1alar los alimentos de tu agrado, que los cocinen delante de ti, sentarte a comer ah\u00ed mismo, ir al puesto de al lado y tomar un caf\u00e9 de origen preparado por un barista local, comer un postre, etc&#8230; La Alcald\u00eda puede intervenir con mobiliario urbano, iluminaci\u00f3n adecuada y parqueos de bicicletas para crear un entorno donde la gente no s\u00f3lo vaya a comprar, sino a socializar, a pasar un buen momento. Se puede transformar los mercados para que sean un atractivo aut\u00e9ntico tanto para el cochabambino como para el turista.<\/p>\n<p>3. \u00bfA qu\u00e9 te refieres con reciclar espacios?<\/p>\n<p>Siguiendo el modelo de los \u201cCentros Felicidad\u201d de Bogot\u00e1, podemos identificar equipamientos municipales subutilizados y transformarlos en verdaderos polos de cohesi\u00f3n social. Espacios con una oferta recreativa y cultural diversa e inclusiva, sin distinci\u00f3n de capacidad econ\u00f3mica, edad o g\u00e9nero. Es posible remodelar esos centros bajo un concepto de polifuncionalidad y eficiencia. Que un mismo lugar concentre espacios deportivos, culturales, ambientes con wifi para trabajar, biblioteca, cafeter\u00eda comunitaria, etc. Se trata de devolverle la inversi\u00f3n p\u00fablica a la gente, de crear puntos de encuentro donde la comunidad se fortalezca. Repito: no se trata de construir desde cero con grandes presupuestos, sino de reinventar con inteligencia lo que ya tenemos.<\/p>\n<p>4. Uno de los problemas m\u00e1s visibles y cr\u00f3nicos en Cochabamba es la basura. \u00bfC\u00f3mo podr\u00eda solucionarse?<\/p>\n<p>Hay que dejar de ver la basura como un problema y empezar a gestionarla como una fuente de empleo y riqueza. La clave es elaborar un programa serio y gradual de separaci\u00f3n de residuos desde las casas, respaldado por una gran campa\u00f1a educativa permanente y, tambi\u00e9n, por mecanismos de multas progresivas para quien no se sume a este esfuerzo colectivo. Lo org\u00e1nico, que es m\u00e1s del 60% de nuestra basura, debe convertirse en compost de calidad para comercializar. Paralelamente, con incentivos tributarios, podemos fomentar una industria local que recicle textiles, llantas y pl\u00e1sticos. Esto no es ciencia ficci\u00f3n: es econom\u00eda circular.<\/p>\n<p>5. La inseguridad y la falta de vida nocturna son quejas constantes. T\u00fa hablas de dinamizar espacios urbanos. \u00bfC\u00f3mo aplicar\u00edas eso espec\u00edficamente para reactivar la Noche en Cochabamba de manera segura y ordenada?<\/p>\n<p>Para reactivar la noche de manera segura y ordenada, necesitamos que la Alcald\u00eda implemente una verdadera \u201cadministraci\u00f3n de la noche\u201d. Esto implica medidas concretas: refuncionalizar edificios p\u00fablicos para actividades culturales y recreativas nocturnas; intervenir en zonas residenciales para transformar calles en peatonales por las noches, permitiendo que las plantas bajas operen como restaurantes o caf\u00e9s de barrio; organizar paseos nocturnos en bicicleta y extender horarios en cines, museos y bibliotecas para crear espacios de encuentro seguros. En transporte, se puede regular horarios e incentivar empresas de transporte compartido o bajo demanda, lo que tambi\u00e9n genera empleo.<br \/>\nPara evitar el descontrol, se debe crear el cargo t\u00e9cnico y apol\u00edtico de \u201cZar de la Noche\u201d (o un nombre m\u00e1s interesante), una figura que estudie los fen\u00f3menos sociales, determine la viabilidad de las actividades y act\u00fae como intermediario neutral entre comercios, vecinos y la instituci\u00f3n. No se trata de dejar que la noche se regule sola, sino de gestionarla con visi\u00f3n.<\/p>\n<p>6. T\u00fa has sido muy cr\u00edtico con iniciativas como el \u00abD\u00eda del Peat\u00f3n\u00bb. \u00bfCu\u00e1l es tu postura y qu\u00e9 alternativa propones?<\/p>\n<p>El \u201cD\u00eda del Peat\u00f3n\u201d es s\u00f3lo una ficci\u00f3n c\u00edvica. Tres domingos al a\u00f1o, Cochabamba se disfraza de sostenibilidad: calles sin autos, familias en bicicleta y caminantes con sonrisa de postal, montan un meloso simulacro de armon\u00eda urbana.<br \/>\nPero, \u00bfde qu\u00e9 sirven 72 horas de paz peatonal en una urbe donde, los \u201crestantes\u201d 362 d\u00edas, el transporte p\u00fablico y privado arrolla al peat\u00f3n como a un fantasma? \u00bfDe qu\u00e9 sirven en un valle donde el aire espeso sabe a incendio y resignaci\u00f3n? \u00bfDe qu\u00e9 sirven si la basura no se separa, ni se recicla, ni tiene un destino final que no sea el paisaje urbano?<br \/>\nEl \u201cD\u00eda del Peat\u00f3n\u201d no es una pol\u00edtica p\u00fablica, es un acto pol\u00edtico. Un barniz verde que los gobernantes nos untan en los ojos para simular acci\u00f3n y evadir su obligaci\u00f3n de construir una ciudad sostenible, que cobije, con cari\u00f1o, al ciudadano los 365 d\u00edas del a\u00f1o. Es un minuto de silencio \u2014la mayor\u00eda ignora en honor a qu\u00e9 o a qui\u00e9n\u2014 antes de que se restablezca el reino las bocinas y el smog.<\/p>\n<p>7. Para terminar, una pregunta que parafrasea a Rodrigo Paz: \u00bfLa Alcald\u00eda sirve a los ciudadanos o m\u00e1s bien se sirve de ellos?<\/p>\n<p>En este pa\u00eds estamos desamparados quienes no formamos parte de un partido pol\u00edtico, asociaci\u00f3n, confederaci\u00f3n, sindicato o cualquier otro tipo de organizaci\u00f3n con capacidad de movilizaci\u00f3n; aquellos ciudadanos que realizamos nuestras denuncias por la v\u00eda formal, que no nos costuramos los labios ni recurrimos al bloqueo, huelga de hambre o a los dinamitazos como m\u00e9todo de presi\u00f3n; personas que en lugar de dedicarnos al deporte nacional de la conspiraci\u00f3n, optamos por vivir una vida personal y familiar y seguir de cerca el crecimiento de nuestros hijos.<br \/>\nEntretanto, nuestros derechos son constantemente atropellados. Somos v\u00edctimas diarias de vecinos maleducados, de un deficiente control de uso de suelo y de bloqueos arbitrarios y mezquinos que no nos dejan vivir en paz. Como estamos sueltos y dispersos y no hacemos bulla ni generamos desorden, las autoridades no s\u00f3lo nos ignoran, sino que nos castigan reparando el asfalto o el alcantarillado o pintando la se\u00f1alizaci\u00f3n de las v\u00edas en horas pico, por ejemplo, o con escandalosa pirotecnia en las fiestas patrias o en la efem\u00e9ride departamental, o con excesiva y extorsiva burocracia, o con funcionarios que nos tratan con la punta del zapato cuando vamos a hacer un tr\u00e1mite o una consulta\u2026<br \/>\nEn lugar de maltratarnos y extorsionarnos, las autoridades tienen que ser m\u00e1s solidarias con los ciudadanos, tienen que tratarnos con el cari\u00f1o, respeto y paciencia que demanda el cargo de servidores p\u00fablicos.<\/p>\n","protected":false},"excerpt":{"rendered":"<p>COCHABAMBA: CREATIVIDAD DESDE EL CAOS Dennis Lema Andrade naci\u00f3 en Cochabamba en 1986. Es arquitecto de profesi\u00f3n y escribe art\u00edculos para la prensa nacional. 1. M\u00e1s all\u00e1 de la queja general contra la pol\u00edtica, \u00bfcu\u00e1l es el diagn\u00f3stico de fondo que haces de la Cochabamba de hoy? Siguiendo la (mala) costumbre nacional, nuestras ciudades han&#8230;<\/p>\n","protected":false},"author":2,"featured_media":8392,"comment_status":"open","ping_status":"open","sticky":false,"template":"","format":"standard","meta":{"_jetpack_memberships_contains_paid_content":false,"footnotes":"","jetpack_publicize_message":"","jetpack_publicize_feature_enabled":true,"jetpack_social_post_already_shared":true,"jetpack_social_options":{"image_generator_settings":{"template":"highway","enabled":false},"version":2}},"categories":[2],"tags":[6,1093,910],"class_list":["post-8393","post","type-post","status-publish","format-standard","has-post-thumbnail","hentry","category-cochabamba","tag-cochabamba","tag-dennis-lema-andrade","tag-entrevista"],"jetpack_publicize_connections":[],"yoast_head":"<!-- This site is optimized with the Yoast SEO plugin v23.4 - https:\/\/yoast.com\/wordpress\/plugins\/seo\/ -->\n<title>ENTREVISTA A DENNIS LEMA ANDRADE - innoticiasbo.com<\/title>\n<meta name=\"robots\" content=\"index, follow, max-snippet:-1, max-image-preview:large, max-video-preview:-1\" \/>\n<link rel=\"canonical\" href=\"https:\/\/innoticiasbo.com\/index.php\/2025\/12\/07\/entrevista-a-dennis-lema-andrade\/\" \/>\n<meta property=\"og:locale\" content=\"es_ES\" \/>\n<meta property=\"og:type\" content=\"article\" \/>\n<meta property=\"og:title\" content=\"ENTREVISTA A DENNIS LEMA ANDRADE - innoticiasbo.com\" \/>\n<meta property=\"og:description\" content=\"COCHABAMBA: CREATIVIDAD DESDE EL CAOS Dennis Lema Andrade naci\u00f3 en Cochabamba en 1986. Es arquitecto de profesi\u00f3n y escribe art\u00edculos para la prensa nacional. 1. M\u00e1s all\u00e1 de la queja general contra la pol\u00edtica, \u00bfcu\u00e1l es el diagn\u00f3stico de fondo que haces de la Cochabamba de hoy? Siguiendo la (mala) costumbre nacional, nuestras ciudades han...\" \/>\n<meta property=\"og:url\" content=\"https:\/\/innoticiasbo.com\/index.php\/2025\/12\/07\/entrevista-a-dennis-lema-andrade\/\" \/>\n<meta property=\"og:site_name\" content=\"innoticiasbo.com\" \/>\n<meta property=\"article:publisher\" content=\"https:\/\/www.facebook.com\/innoticiasbolivia\" \/>\n<meta property=\"article:published_time\" content=\"2025-12-07T14:44:24+00:00\" \/>\n<meta property=\"article:modified_time\" content=\"2025-12-07T14:45:12+00:00\" \/>\n<meta property=\"og:image\" content=\"https:\/\/i0.wp.com\/innoticiasbo.com\/wp-content\/uploads\/2025\/12\/Screenshot_20251207_104437_WhatsApp.jpg?fit=1080%2C809&ssl=1\" \/>\n\t<meta property=\"og:image:width\" content=\"1080\" \/>\n\t<meta property=\"og:image:height\" content=\"809\" \/>\n\t<meta property=\"og:image:type\" content=\"image\/jpeg\" \/>\n<meta name=\"author\" content=\"Prensa\" \/>\n<meta name=\"twitter:card\" content=\"summary_large_image\" \/>\n<meta name=\"twitter:creator\" content=\"@innoticiasbo\" \/>\n<meta name=\"twitter:site\" content=\"@innoticiasbo\" \/>\n<meta name=\"twitter:label1\" content=\"Escrito por\" \/>\n\t<meta name=\"twitter:data1\" content=\"Prensa\" \/>\n\t<meta name=\"twitter:label2\" content=\"Tiempo de lectura\" \/>\n\t<meta name=\"twitter:data2\" content=\"7 minutos\" \/>\n<script type=\"application\/ld+json\" class=\"yoast-schema-graph\">{\"@context\":\"https:\/\/schema.org\",\"@graph\":[{\"@type\":\"Article\",\"@id\":\"https:\/\/innoticiasbo.com\/index.php\/2025\/12\/07\/entrevista-a-dennis-lema-andrade\/#article\",\"isPartOf\":{\"@id\":\"https:\/\/innoticiasbo.com\/index.php\/2025\/12\/07\/entrevista-a-dennis-lema-andrade\/\"},\"author\":{\"name\":\"Prensa\",\"@id\":\"https:\/\/innoticiasbo.com\/#\/schema\/person\/589cd527c4211df1b943bdad85ec07ce\"},\"headline\":\"ENTREVISTA A DENNIS LEMA ANDRADE\",\"datePublished\":\"2025-12-07T14:44:24+00:00\",\"dateModified\":\"2025-12-07T14:45:12+00:00\",\"mainEntityOfPage\":{\"@id\":\"https:\/\/innoticiasbo.com\/index.php\/2025\/12\/07\/entrevista-a-dennis-lema-andrade\/\"},\"wordCount\":1393,\"commentCount\":0,\"publisher\":{\"@id\":\"https:\/\/innoticiasbo.com\/#organization\"},\"image\":{\"@id\":\"https:\/\/innoticiasbo.com\/index.php\/2025\/12\/07\/entrevista-a-dennis-lema-andrade\/#primaryimage\"},\"thumbnailUrl\":\"https:\/\/i0.wp.com\/innoticiasbo.com\/wp-content\/uploads\/2025\/12\/Screenshot_20251207_104437_WhatsApp.jpg?fit=1080%2C809&ssl=1\",\"keywords\":[\"Cochabamba\",\"Dennis Lema Andrade\",\"Entrevista\"],\"articleSection\":[\"Cochabamba\"],\"inLanguage\":\"es\",\"potentialAction\":[{\"@type\":\"CommentAction\",\"name\":\"Comment\",\"target\":[\"https:\/\/innoticiasbo.com\/index.php\/2025\/12\/07\/entrevista-a-dennis-lema-andrade\/#respond\"]}]},{\"@type\":\"WebPage\",\"@id\":\"https:\/\/innoticiasbo.com\/index.php\/2025\/12\/07\/entrevista-a-dennis-lema-andrade\/\",\"url\":\"https:\/\/innoticiasbo.com\/index.php\/2025\/12\/07\/entrevista-a-dennis-lema-andrade\/\",\"name\":\"ENTREVISTA A DENNIS LEMA ANDRADE - innoticiasbo.com\",\"isPartOf\":{\"@id\":\"https:\/\/innoticiasbo.com\/#website\"},\"primaryImageOfPage\":{\"@id\":\"https:\/\/innoticiasbo.com\/index.php\/2025\/12\/07\/entrevista-a-dennis-lema-andrade\/#primaryimage\"},\"image\":{\"@id\":\"https:\/\/innoticiasbo.com\/index.php\/2025\/12\/07\/entrevista-a-dennis-lema-andrade\/#primaryimage\"},\"thumbnailUrl\":\"https:\/\/i0.wp.com\/innoticiasbo.com\/wp-content\/uploads\/2025\/12\/Screenshot_20251207_104437_WhatsApp.jpg?fit=1080%2C809&ssl=1\",\"datePublished\":\"2025-12-07T14:44:24+00:00\",\"dateModified\":\"2025-12-07T14:45:12+00:00\",\"breadcrumb\":{\"@id\":\"https:\/\/innoticiasbo.com\/index.php\/2025\/12\/07\/entrevista-a-dennis-lema-andrade\/#breadcrumb\"},\"inLanguage\":\"es\",\"potentialAction\":[{\"@type\":\"ReadAction\",\"target\":[\"https:\/\/innoticiasbo.com\/index.php\/2025\/12\/07\/entrevista-a-dennis-lema-andrade\/\"]}]},{\"@type\":\"ImageObject\",\"inLanguage\":\"es\",\"@id\":\"https:\/\/innoticiasbo.com\/index.php\/2025\/12\/07\/entrevista-a-dennis-lema-andrade\/#primaryimage\",\"url\":\"https:\/\/i0.wp.com\/innoticiasbo.com\/wp-content\/uploads\/2025\/12\/Screenshot_20251207_104437_WhatsApp.jpg?fit=1080%2C809&ssl=1\",\"contentUrl\":\"https:\/\/i0.wp.com\/innoticiasbo.com\/wp-content\/uploads\/2025\/12\/Screenshot_20251207_104437_WhatsApp.jpg?fit=1080%2C809&ssl=1\",\"width\":1080,\"height\":809},{\"@type\":\"BreadcrumbList\",\"@id\":\"https:\/\/innoticiasbo.com\/index.php\/2025\/12\/07\/entrevista-a-dennis-lema-andrade\/#breadcrumb\",\"itemListElement\":[{\"@type\":\"ListItem\",\"position\":1,\"name\":\"Portada\",\"item\":\"https:\/\/innoticiasbo.com\/\"},{\"@type\":\"ListItem\",\"position\":2,\"name\":\"ENTREVISTA A DENNIS LEMA ANDRADE\"}]},{\"@type\":\"WebSite\",\"@id\":\"https:\/\/innoticiasbo.com\/#website\",\"url\":\"https:\/\/innoticiasbo.com\/\",\"name\":\"innoticiasbo.com\",\"description\":\"\",\"publisher\":{\"@id\":\"https:\/\/innoticiasbo.com\/#organization\"},\"potentialAction\":[{\"@type\":\"SearchAction\",\"target\":{\"@type\":\"EntryPoint\",\"urlTemplate\":\"https:\/\/innoticiasbo.com\/?s={search_term_string}\"},\"query-input\":{\"@type\":\"PropertyValueSpecification\",\"valueRequired\":true,\"valueName\":\"search_term_string\"}}],\"inLanguage\":\"es\"},{\"@type\":\"Organization\",\"@id\":\"https:\/\/innoticiasbo.com\/#organization\",\"name\":\"innoticiasbo.com\",\"url\":\"https:\/\/innoticiasbo.com\/\",\"logo\":{\"@type\":\"ImageObject\",\"inLanguage\":\"es\",\"@id\":\"https:\/\/innoticiasbo.com\/#\/schema\/logo\/image\/\",\"url\":\"https:\/\/i0.wp.com\/innoticiasbo.com\/wp-content\/uploads\/2026\/04\/cropped-IN-LOGO.png?fit=1476%2C1476&ssl=1\",\"contentUrl\":\"https:\/\/i0.wp.com\/innoticiasbo.com\/wp-content\/uploads\/2026\/04\/cropped-IN-LOGO.png?fit=1476%2C1476&ssl=1\",\"width\":1476,\"height\":1476,\"caption\":\"innoticiasbo.com\"},\"image\":{\"@id\":\"https:\/\/innoticiasbo.com\/#\/schema\/logo\/image\/\"},\"sameAs\":[\"https:\/\/www.facebook.com\/innoticiasbolivia\",\"https:\/\/x.com\/innoticiasbo\",\"https:\/\/www.instagram.com\/innoticiasbo\",\"https:\/\/www.youtube.com\/innoticiasbo\"]},{\"@type\":\"Person\",\"@id\":\"https:\/\/innoticiasbo.com\/#\/schema\/person\/589cd527c4211df1b943bdad85ec07ce\",\"name\":\"Prensa\",\"image\":{\"@type\":\"ImageObject\",\"inLanguage\":\"es\",\"@id\":\"https:\/\/innoticiasbo.com\/#\/schema\/person\/image\/\",\"url\":\"https:\/\/secure.gravatar.com\/avatar\/d359bbdf112023c1c0a3ec7fe1600657?s=96&d=mm&r=g\",\"contentUrl\":\"https:\/\/secure.gravatar.com\/avatar\/d359bbdf112023c1c0a3ec7fe1600657?s=96&d=mm&r=g\",\"caption\":\"Prensa\"},\"sameAs\":[\"http:\/\/www.innoticiasbo.com\"],\"url\":\"https:\/\/innoticiasbo.com\/index.php\/author\/prensa\/\"}]}<\/script>\n<!-- \/ Yoast SEO plugin. -->","yoast_head_json":{"title":"ENTREVISTA A DENNIS LEMA ANDRADE - innoticiasbo.com","robots":{"index":"index","follow":"follow","max-snippet":"max-snippet:-1","max-image-preview":"max-image-preview:large","max-video-preview":"max-video-preview:-1"},"canonical":"https:\/\/innoticiasbo.com\/index.php\/2025\/12\/07\/entrevista-a-dennis-lema-andrade\/","og_locale":"es_ES","og_type":"article","og_title":"ENTREVISTA A DENNIS LEMA ANDRADE - innoticiasbo.com","og_description":"COCHABAMBA: CREATIVIDAD DESDE EL CAOS Dennis Lema Andrade naci\u00f3 en Cochabamba en 1986. Es arquitecto de profesi\u00f3n y escribe art\u00edculos para la prensa nacional. 1. M\u00e1s all\u00e1 de la queja general contra la pol\u00edtica, \u00bfcu\u00e1l es el diagn\u00f3stico de fondo que haces de la Cochabamba de hoy? Siguiendo la (mala) costumbre nacional, nuestras ciudades han...","og_url":"https:\/\/innoticiasbo.com\/index.php\/2025\/12\/07\/entrevista-a-dennis-lema-andrade\/","og_site_name":"innoticiasbo.com","article_publisher":"https:\/\/www.facebook.com\/innoticiasbolivia","article_published_time":"2025-12-07T14:44:24+00:00","article_modified_time":"2025-12-07T14:45:12+00:00","og_image":[{"width":1080,"height":809,"url":"https:\/\/i0.wp.com\/innoticiasbo.com\/wp-content\/uploads\/2025\/12\/Screenshot_20251207_104437_WhatsApp.jpg?fit=1080%2C809&ssl=1","type":"image\/jpeg"}],"author":"Prensa","twitter_card":"summary_large_image","twitter_creator":"@innoticiasbo","twitter_site":"@innoticiasbo","twitter_misc":{"Escrito por":"Prensa","Tiempo de lectura":"7 minutos"},"schema":{"@context":"https:\/\/schema.org","@graph":[{"@type":"Article","@id":"https:\/\/innoticiasbo.com\/index.php\/2025\/12\/07\/entrevista-a-dennis-lema-andrade\/#article","isPartOf":{"@id":"https:\/\/innoticiasbo.com\/index.php\/2025\/12\/07\/entrevista-a-dennis-lema-andrade\/"},"author":{"name":"Prensa","@id":"https:\/\/innoticiasbo.com\/#\/schema\/person\/589cd527c4211df1b943bdad85ec07ce"},"headline":"ENTREVISTA A DENNIS LEMA ANDRADE","datePublished":"2025-12-07T14:44:24+00:00","dateModified":"2025-12-07T14:45:12+00:00","mainEntityOfPage":{"@id":"https:\/\/innoticiasbo.com\/index.php\/2025\/12\/07\/entrevista-a-dennis-lema-andrade\/"},"wordCount":1393,"commentCount":0,"publisher":{"@id":"https:\/\/innoticiasbo.com\/#organization"},"image":{"@id":"https:\/\/innoticiasbo.com\/index.php\/2025\/12\/07\/entrevista-a-dennis-lema-andrade\/#primaryimage"},"thumbnailUrl":"https:\/\/i0.wp.com\/innoticiasbo.com\/wp-content\/uploads\/2025\/12\/Screenshot_20251207_104437_WhatsApp.jpg?fit=1080%2C809&ssl=1","keywords":["Cochabamba","Dennis Lema Andrade","Entrevista"],"articleSection":["Cochabamba"],"inLanguage":"es","potentialAction":[{"@type":"CommentAction","name":"Comment","target":["https:\/\/innoticiasbo.com\/index.php\/2025\/12\/07\/entrevista-a-dennis-lema-andrade\/#respond"]}]},{"@type":"WebPage","@id":"https:\/\/innoticiasbo.com\/index.php\/2025\/12\/07\/entrevista-a-dennis-lema-andrade\/","url":"https:\/\/innoticiasbo.com\/index.php\/2025\/12\/07\/entrevista-a-dennis-lema-andrade\/","name":"ENTREVISTA A DENNIS LEMA ANDRADE - innoticiasbo.com","isPartOf":{"@id":"https:\/\/innoticiasbo.com\/#website"},"primaryImageOfPage":{"@id":"https:\/\/innoticiasbo.com\/index.php\/2025\/12\/07\/entrevista-a-dennis-lema-andrade\/#primaryimage"},"image":{"@id":"https:\/\/innoticiasbo.com\/index.php\/2025\/12\/07\/entrevista-a-dennis-lema-andrade\/#primaryimage"},"thumbnailUrl":"https:\/\/i0.wp.com\/innoticiasbo.com\/wp-content\/uploads\/2025\/12\/Screenshot_20251207_104437_WhatsApp.jpg?fit=1080%2C809&ssl=1","datePublished":"2025-12-07T14:44:24+00:00","dateModified":"2025-12-07T14:45:12+00:00","breadcrumb":{"@id":"https:\/\/innoticiasbo.com\/index.php\/2025\/12\/07\/entrevista-a-dennis-lema-andrade\/#breadcrumb"},"inLanguage":"es","potentialAction":[{"@type":"ReadAction","target":["https:\/\/innoticiasbo.com\/index.php\/2025\/12\/07\/entrevista-a-dennis-lema-andrade\/"]}]},{"@type":"ImageObject","inLanguage":"es","@id":"https:\/\/innoticiasbo.com\/index.php\/2025\/12\/07\/entrevista-a-dennis-lema-andrade\/#primaryimage","url":"https:\/\/i0.wp.com\/innoticiasbo.com\/wp-content\/uploads\/2025\/12\/Screenshot_20251207_104437_WhatsApp.jpg?fit=1080%2C809&ssl=1","contentUrl":"https:\/\/i0.wp.com\/innoticiasbo.com\/wp-content\/uploads\/2025\/12\/Screenshot_20251207_104437_WhatsApp.jpg?fit=1080%2C809&ssl=1","width":1080,"height":809},{"@type":"BreadcrumbList","@id":"https:\/\/innoticiasbo.com\/index.php\/2025\/12\/07\/entrevista-a-dennis-lema-andrade\/#breadcrumb","itemListElement":[{"@type":"ListItem","position":1,"name":"Portada","item":"https:\/\/innoticiasbo.com\/"},{"@type":"ListItem","position":2,"name":"ENTREVISTA A DENNIS LEMA ANDRADE"}]},{"@type":"WebSite","@id":"https:\/\/innoticiasbo.com\/#website","url":"https:\/\/innoticiasbo.com\/","name":"innoticiasbo.com","description":"","publisher":{"@id":"https:\/\/innoticiasbo.com\/#organization"},"potentialAction":[{"@type":"SearchAction","target":{"@type":"EntryPoint","urlTemplate":"https:\/\/innoticiasbo.com\/?s={search_term_string}"},"query-input":{"@type":"PropertyValueSpecification","valueRequired":true,"valueName":"search_term_string"}}],"inLanguage":"es"},{"@type":"Organization","@id":"https:\/\/innoticiasbo.com\/#organization","name":"innoticiasbo.com","url":"https:\/\/innoticiasbo.com\/","logo":{"@type":"ImageObject","inLanguage":"es","@id":"https:\/\/innoticiasbo.com\/#\/schema\/logo\/image\/","url":"https:\/\/i0.wp.com\/innoticiasbo.com\/wp-content\/uploads\/2026\/04\/cropped-IN-LOGO.png?fit=1476%2C1476&ssl=1","contentUrl":"https:\/\/i0.wp.com\/innoticiasbo.com\/wp-content\/uploads\/2026\/04\/cropped-IN-LOGO.png?fit=1476%2C1476&ssl=1","width":1476,"height":1476,"caption":"innoticiasbo.com"},"image":{"@id":"https:\/\/innoticiasbo.com\/#\/schema\/logo\/image\/"},"sameAs":["https:\/\/www.facebook.com\/innoticiasbolivia","https:\/\/x.com\/innoticiasbo","https:\/\/www.instagram.com\/innoticiasbo","https:\/\/www.youtube.com\/innoticiasbo"]},{"@type":"Person","@id":"https:\/\/innoticiasbo.com\/#\/schema\/person\/589cd527c4211df1b943bdad85ec07ce","name":"Prensa","image":{"@type":"ImageObject","inLanguage":"es","@id":"https:\/\/innoticiasbo.com\/#\/schema\/person\/image\/","url":"https:\/\/secure.gravatar.com\/avatar\/d359bbdf112023c1c0a3ec7fe1600657?s=96&d=mm&r=g","contentUrl":"https:\/\/secure.gravatar.com\/avatar\/d359bbdf112023c1c0a3ec7fe1600657?s=96&d=mm&r=g","caption":"Prensa"},"sameAs":["http:\/\/www.innoticiasbo.com"],"url":"https:\/\/innoticiasbo.com\/index.php\/author\/prensa\/"}]}},"jetpack_featured_media_url":"https:\/\/i0.wp.com\/innoticiasbo.com\/wp-content\/uploads\/2025\/12\/Screenshot_20251207_104437_WhatsApp.jpg?fit=1080%2C809&ssl=1","jetpack_likes_enabled":true,"jetpack_sharing_enabled":true,"jetpack_shortlink":"https:\/\/wp.me\/pg298x-2bn","_links":{"self":[{"href":"https:\/\/innoticiasbo.com\/index.php\/wp-json\/wp\/v2\/posts\/8393","targetHints":{"allow":["GET"]}}],"collection":[{"href":"https:\/\/innoticiasbo.com\/index.php\/wp-json\/wp\/v2\/posts"}],"about":[{"href":"https:\/\/innoticiasbo.com\/index.php\/wp-json\/wp\/v2\/types\/post"}],"author":[{"embeddable":true,"href":"https:\/\/innoticiasbo.com\/index.php\/wp-json\/wp\/v2\/users\/2"}],"replies":[{"embeddable":true,"href":"https:\/\/innoticiasbo.com\/index.php\/wp-json\/wp\/v2\/comments?post=8393"}],"version-history":[{"count":1,"href":"https:\/\/innoticiasbo.com\/index.php\/wp-json\/wp\/v2\/posts\/8393\/revisions"}],"predecessor-version":[{"id":8394,"href":"https:\/\/innoticiasbo.com\/index.php\/wp-json\/wp\/v2\/posts\/8393\/revisions\/8394"}],"wp:featuredmedia":[{"embeddable":true,"href":"https:\/\/innoticiasbo.com\/index.php\/wp-json\/wp\/v2\/media\/8392"}],"wp:attachment":[{"href":"https:\/\/innoticiasbo.com\/index.php\/wp-json\/wp\/v2\/media?parent=8393"}],"wp:term":[{"taxonomy":"category","embeddable":true,"href":"https:\/\/innoticiasbo.com\/index.php\/wp-json\/wp\/v2\/categories?post=8393"},{"taxonomy":"post_tag","embeddable":true,"href":"https:\/\/innoticiasbo.com\/index.php\/wp-json\/wp\/v2\/tags?post=8393"}],"curies":[{"name":"wp","href":"https:\/\/api.w.org\/{rel}","templated":true}]}}