{"id":8389,"date":"2025-12-07T02:39:24","date_gmt":"2025-12-07T06:39:24","guid":{"rendered":"https:\/\/innoticiasbo.com\/?p=8389"},"modified":"2025-12-07T02:40:12","modified_gmt":"2025-12-07T06:40:12","slug":"el-tribunal-constitucional-plurinacional-puede-frenar-el-atropello-antidemocratico","status":"publish","type":"post","link":"https:\/\/innoticiasbo.com\/index.php\/2025\/12\/07\/el-tribunal-constitucional-plurinacional-puede-frenar-el-atropello-antidemocratico\/","title":{"rendered":"EL TRIBUNAL CONSTITUCIONAL PLURINACIONAL PUEDE FRENAR EL ATROPELLO ANTIDEMOCR\u00c1TICO"},"content":{"rendered":"<p>En #Colombia acaban de aprobar la personer\u00eda jur\u00eddica del Pacto Hist\u00f3rico (la coalici\u00f3n que llev\u00f3 al actual presidente Petro al poder). Esta organizaci\u00f3n pas\u00f3 de ser una alianza a convertirse un partido pol\u00edtico. El plazo para la inscripci\u00f3n de candidaturas para las elecciones legislativas del pr\u00f3ximo mes de marzo, se cumple dentro de cinco d\u00edas. Obviamente, como corresponde en un Estado de Derecho, el Pacto Hist\u00f3rico podr\u00e1 inscribir sus candidatos inmediatamente.<\/p>\n<p><img data-recalc-dims=\"1\" loading=\"lazy\" decoding=\"async\" src=\"https:\/\/i0.wp.com\/innoticiasbo.com\/wp-content\/uploads\/2025\/12\/img-20251024-wa02533367822733494706172.jpg?resize=640%2C640&#038;ssl=1\" class=\"wp-image-8386 alignnone size-full\" width=\"640\" height=\"640\" srcset=\"https:\/\/i0.wp.com\/innoticiasbo.com\/wp-content\/uploads\/2025\/12\/img-20251024-wa02533367822733494706172.jpg?w=1080&amp;ssl=1 1080w, https:\/\/i0.wp.com\/innoticiasbo.com\/wp-content\/uploads\/2025\/12\/img-20251024-wa02533367822733494706172.jpg?resize=300%2C300&amp;ssl=1 300w, https:\/\/i0.wp.com\/innoticiasbo.com\/wp-content\/uploads\/2025\/12\/img-20251024-wa02533367822733494706172.jpg?resize=1024%2C1024&amp;ssl=1 1024w, https:\/\/i0.wp.com\/innoticiasbo.com\/wp-content\/uploads\/2025\/12\/img-20251024-wa02533367822733494706172.jpg?resize=150%2C150&amp;ssl=1 150w, https:\/\/i0.wp.com\/innoticiasbo.com\/wp-content\/uploads\/2025\/12\/img-20251024-wa02533367822733494706172.jpg?resize=768%2C768&amp;ssl=1 768w\" sizes=\"auto, (max-width: 640px) 100vw, 640px\" \/><\/p>\n<p>En #Bolivia en cambio, decenas de organizaciones pol\u00edticas que obtuvieron su personer\u00eda jur\u00eddica en los \u00faltimos tres meses, est\u00e1n siendo impedidas de presentar sus candidatos para las elecciones auton\u00f3micas del pr\u00f3ximo 22 de marzo. Esto debido a un absurdo jur\u00eddico que est\u00e1 en la ley de partidos pol\u00edticos, que exige que dichas personer\u00edas jur\u00eddicas debieron ser obtenidas \u00a1seis meses antes de las elecciones!<\/p>\n<p>En La Asamblea legislativa, a tiempo de aprobar la ley de convocatoria a las elecciones auton\u00f3micas, se plante\u00f3 reparar esa injusta conculcaci\u00f3n de los derechos humanos, pero la mayor\u00eda parlamentaria, quien sabe con que criterio, rechazo esa posibilidad.<\/p>\n<p><img data-recalc-dims=\"1\" loading=\"lazy\" decoding=\"async\" src=\"https:\/\/i0.wp.com\/innoticiasbo.com\/wp-content\/uploads\/2025\/12\/img-20251206-wa01004723291354948811139.jpg?resize=334%2C332&#038;ssl=1\" class=\"wp-image-8387 alignnone size-full\" width=\"334\" height=\"332\" srcset=\"https:\/\/i0.wp.com\/innoticiasbo.com\/wp-content\/uploads\/2025\/12\/img-20251206-wa01004723291354948811139.jpg?w=334&amp;ssl=1 334w, https:\/\/i0.wp.com\/innoticiasbo.com\/wp-content\/uploads\/2025\/12\/img-20251206-wa01004723291354948811139.jpg?resize=300%2C298&amp;ssl=1 300w, https:\/\/i0.wp.com\/innoticiasbo.com\/wp-content\/uploads\/2025\/12\/img-20251206-wa01004723291354948811139.jpg?resize=150%2C150&amp;ssl=1 150w\" sizes=\"auto, (max-width: 334px) 100vw, 334px\" \/><\/p>\n<p>Ahora est\u00e1 en manos del Tribunal Constitucional Plurinacional declarar la nulidad de esa irracional disposici\u00f3n de la ley y permitir que las organizaciones pol\u00edticas que tienen personer\u00eda jur\u00eddica vigente, aprobada en los \u00faltimos tres meses, puedan ejercer a plenitud su derecho ciudadano a competir en las elecciones auton\u00f3micas.<\/p>\n<p>Estaremos atentos al accionar del Tribunal Constitucional, que est\u00e1 ante una prueba de fuego.<\/p>\n","protected":false},"excerpt":{"rendered":"<p>En #Colombia acaban de aprobar la personer\u00eda jur\u00eddica del Pacto Hist\u00f3rico (la coalici\u00f3n que llev\u00f3 al actual presidente Petro al poder). Esta organizaci\u00f3n pas\u00f3 de ser una alianza a convertirse un partido pol\u00edtico. El plazo para la inscripci\u00f3n de candidaturas para las elecciones legislativas del pr\u00f3ximo mes de marzo, se cumple dentro de cinco d\u00edas&#8230;.<\/p>\n","protected":false},"author":2,"featured_media":8388,"comment_status":"open","ping_status":"open","sticky":false,"template":"","format":"standard","meta":{"_jetpack_memberships_contains_paid_content":false,"footnotes":"","jetpack_publicize_message":"","jetpack_publicize_feature_enabled":true,"jetpack_social_post_already_shared":true,"jetpack_social_options":{"image_generator_settings":{"template":"highway","enabled":false},"version":2}},"categories":[1,17,3],"tags":[502,271,1092],"class_list":["post-8389","post","type-post","status-publish","format-standard","has-post-thumbnail","hentry","category-bolivia","category-opinion","category-politica","tag-democracia","tag-ricardo-paz","tag-tribunal-constitucional-plurinacional"],"jetpack_publicize_connections":[],"yoast_head":"<!-- This site is optimized with the Yoast SEO plugin v23.4 - https:\/\/yoast.com\/wordpress\/plugins\/seo\/ -->\n<title>EL TRIBUNAL CONSTITUCIONAL PLURINACIONAL PUEDE FRENAR EL ATROPELLO ANTIDEMOCR\u00c1TICO - innoticiasbo.com<\/title>\n<meta name=\"robots\" content=\"index, follow, max-snippet:-1, max-image-preview:large, max-video-preview:-1\" \/>\n<link rel=\"canonical\" href=\"https:\/\/innoticiasbo.com\/index.php\/2025\/12\/07\/el-tribunal-constitucional-plurinacional-puede-frenar-el-atropello-antidemocratico\/\" \/>\n<meta property=\"og:locale\" content=\"es_ES\" \/>\n<meta property=\"og:type\" content=\"article\" \/>\n<meta property=\"og:title\" content=\"EL TRIBUNAL CONSTITUCIONAL PLURINACIONAL PUEDE FRENAR EL ATROPELLO ANTIDEMOCR\u00c1TICO - innoticiasbo.com\" \/>\n<meta property=\"og:description\" content=\"En #Colombia acaban de aprobar la personer\u00eda jur\u00eddica del Pacto Hist\u00f3rico (la coalici\u00f3n que llev\u00f3 al actual presidente Petro al poder). Esta organizaci\u00f3n pas\u00f3 de ser una alianza a convertirse un partido pol\u00edtico. El plazo para la inscripci\u00f3n de candidaturas para las elecciones legislativas del pr\u00f3ximo mes de marzo, se cumple dentro de cinco d\u00edas....\" \/>\n<meta property=\"og:url\" content=\"https:\/\/innoticiasbo.com\/index.php\/2025\/12\/07\/el-tribunal-constitucional-plurinacional-puede-frenar-el-atropello-antidemocratico\/\" \/>\n<meta property=\"og:site_name\" content=\"innoticiasbo.com\" \/>\n<meta property=\"article:publisher\" content=\"https:\/\/www.facebook.com\/innoticiasbolivia\" \/>\n<meta property=\"article:published_time\" content=\"2025-12-07T06:39:24+00:00\" \/>\n<meta property=\"article:modified_time\" content=\"2025-12-07T06:40:12+00:00\" \/>\n<meta property=\"og:image\" content=\"https:\/\/i0.wp.com\/innoticiasbo.com\/wp-content\/uploads\/2025\/12\/IMG-20251206-WA0100.jpg?fit=334%2C332&ssl=1\" \/>\n\t<meta property=\"og:image:width\" content=\"334\" \/>\n\t<meta property=\"og:image:height\" content=\"332\" \/>\n\t<meta property=\"og:image:type\" content=\"image\/jpeg\" \/>\n<meta name=\"author\" content=\"Prensa\" \/>\n<meta name=\"twitter:card\" content=\"summary_large_image\" \/>\n<meta name=\"twitter:creator\" content=\"@innoticiasbo\" \/>\n<meta name=\"twitter:site\" content=\"@innoticiasbo\" \/>\n<meta name=\"twitter:label1\" content=\"Escrito por\" \/>\n\t<meta name=\"twitter:data1\" content=\"Prensa\" \/>\n\t<meta name=\"twitter:label2\" content=\"Tiempo de lectura\" \/>\n\t<meta name=\"twitter:data2\" content=\"1 minuto\" \/>\n<script type=\"application\/ld+json\" class=\"yoast-schema-graph\">{\"@context\":\"https:\/\/schema.org\",\"@graph\":[{\"@type\":\"Article\",\"@id\":\"https:\/\/innoticiasbo.com\/index.php\/2025\/12\/07\/el-tribunal-constitucional-plurinacional-puede-frenar-el-atropello-antidemocratico\/#article\",\"isPartOf\":{\"@id\":\"https:\/\/innoticiasbo.com\/index.php\/2025\/12\/07\/el-tribunal-constitucional-plurinacional-puede-frenar-el-atropello-antidemocratico\/\"},\"author\":{\"name\":\"Prensa\",\"@id\":\"https:\/\/innoticiasbo.com\/#\/schema\/person\/589cd527c4211df1b943bdad85ec07ce\"},\"headline\":\"EL TRIBUNAL CONSTITUCIONAL PLURINACIONAL PUEDE FRENAR EL ATROPELLO ANTIDEMOCR\u00c1TICO\",\"datePublished\":\"2025-12-07T06:39:24+00:00\",\"dateModified\":\"2025-12-07T06:40:12+00:00\",\"mainEntityOfPage\":{\"@id\":\"https:\/\/innoticiasbo.com\/index.php\/2025\/12\/07\/el-tribunal-constitucional-plurinacional-puede-frenar-el-atropello-antidemocratico\/\"},\"wordCount\":271,\"commentCount\":0,\"publisher\":{\"@id\":\"https:\/\/innoticiasbo.com\/#organization\"},\"image\":{\"@id\":\"https:\/\/innoticiasbo.com\/index.php\/2025\/12\/07\/el-tribunal-constitucional-plurinacional-puede-frenar-el-atropello-antidemocratico\/#primaryimage\"},\"thumbnailUrl\":\"https:\/\/i0.wp.com\/innoticiasbo.com\/wp-content\/uploads\/2025\/12\/IMG-20251206-WA0100.jpg?fit=334%2C332&ssl=1\",\"keywords\":[\"democracia\",\"Ricardo Paz\",\"Tribunal Constitucional Plurinacional\"],\"articleSection\":[\"Bolivia\",\"Opini\u00f3n\",\"Pol\u00edtica\"],\"inLanguage\":\"es\",\"potentialAction\":[{\"@type\":\"CommentAction\",\"name\":\"Comment\",\"target\":[\"https:\/\/innoticiasbo.com\/index.php\/2025\/12\/07\/el-tribunal-constitucional-plurinacional-puede-frenar-el-atropello-antidemocratico\/#respond\"]}]},{\"@type\":\"WebPage\",\"@id\":\"https:\/\/innoticiasbo.com\/index.php\/2025\/12\/07\/el-tribunal-constitucional-plurinacional-puede-frenar-el-atropello-antidemocratico\/\",\"url\":\"https:\/\/innoticiasbo.com\/index.php\/2025\/12\/07\/el-tribunal-constitucional-plurinacional-puede-frenar-el-atropello-antidemocratico\/\",\"name\":\"EL TRIBUNAL CONSTITUCIONAL PLURINACIONAL PUEDE FRENAR EL ATROPELLO ANTIDEMOCR\u00c1TICO - innoticiasbo.com\",\"isPartOf\":{\"@id\":\"https:\/\/innoticiasbo.com\/#website\"},\"primaryImageOfPage\":{\"@id\":\"https:\/\/innoticiasbo.com\/index.php\/2025\/12\/07\/el-tribunal-constitucional-plurinacional-puede-frenar-el-atropello-antidemocratico\/#primaryimage\"},\"image\":{\"@id\":\"https:\/\/innoticiasbo.com\/index.php\/2025\/12\/07\/el-tribunal-constitucional-plurinacional-puede-frenar-el-atropello-antidemocratico\/#primaryimage\"},\"thumbnailUrl\":\"https:\/\/i0.wp.com\/innoticiasbo.com\/wp-content\/uploads\/2025\/12\/IMG-20251206-WA0100.jpg?fit=334%2C332&ssl=1\",\"datePublished\":\"2025-12-07T06:39:24+00:00\",\"dateModified\":\"2025-12-07T06:40:12+00:00\",\"breadcrumb\":{\"@id\":\"https:\/\/innoticiasbo.com\/index.php\/2025\/12\/07\/el-tribunal-constitucional-plurinacional-puede-frenar-el-atropello-antidemocratico\/#breadcrumb\"},\"inLanguage\":\"es\",\"potentialAction\":[{\"@type\":\"ReadAction\",\"target\":[\"https:\/\/innoticiasbo.com\/index.php\/2025\/12\/07\/el-tribunal-constitucional-plurinacional-puede-frenar-el-atropello-antidemocratico\/\"]}]},{\"@type\":\"ImageObject\",\"inLanguage\":\"es\",\"@id\":\"https:\/\/innoticiasbo.com\/index.php\/2025\/12\/07\/el-tribunal-constitucional-plurinacional-puede-frenar-el-atropello-antidemocratico\/#primaryimage\",\"url\":\"https:\/\/i0.wp.com\/innoticiasbo.com\/wp-content\/uploads\/2025\/12\/IMG-20251206-WA0100.jpg?fit=334%2C332&ssl=1\",\"contentUrl\":\"https:\/\/i0.wp.com\/innoticiasbo.com\/wp-content\/uploads\/2025\/12\/IMG-20251206-WA0100.jpg?fit=334%2C332&ssl=1\",\"width\":334,\"height\":332},{\"@type\":\"BreadcrumbList\",\"@id\":\"https:\/\/innoticiasbo.com\/index.php\/2025\/12\/07\/el-tribunal-constitucional-plurinacional-puede-frenar-el-atropello-antidemocratico\/#breadcrumb\",\"itemListElement\":[{\"@type\":\"ListItem\",\"position\":1,\"name\":\"Portada\",\"item\":\"https:\/\/innoticiasbo.com\/\"},{\"@type\":\"ListItem\",\"position\":2,\"name\":\"EL TRIBUNAL CONSTITUCIONAL PLURINACIONAL PUEDE FRENAR EL ATROPELLO ANTIDEMOCR\u00c1TICO\"}]},{\"@type\":\"WebSite\",\"@id\":\"https:\/\/innoticiasbo.com\/#website\",\"url\":\"https:\/\/innoticiasbo.com\/\",\"name\":\"innoticiasbo.com\",\"description\":\"\",\"publisher\":{\"@id\":\"https:\/\/innoticiasbo.com\/#organization\"},\"potentialAction\":[{\"@type\":\"SearchAction\",\"target\":{\"@type\":\"EntryPoint\",\"urlTemplate\":\"https:\/\/innoticiasbo.com\/?s={search_term_string}\"},\"query-input\":{\"@type\":\"PropertyValueSpecification\",\"valueRequired\":true,\"valueName\":\"search_term_string\"}}],\"inLanguage\":\"es\"},{\"@type\":\"Organization\",\"@id\":\"https:\/\/innoticiasbo.com\/#organization\",\"name\":\"innoticiasbo.com\",\"url\":\"https:\/\/innoticiasbo.com\/\",\"logo\":{\"@type\":\"ImageObject\",\"inLanguage\":\"es\",\"@id\":\"https:\/\/innoticiasbo.com\/#\/schema\/logo\/image\/\",\"url\":\"https:\/\/i0.wp.com\/innoticiasbo.com\/wp-content\/uploads\/2026\/04\/cropped-IN-LOGO.png?fit=1476%2C1476&ssl=1\",\"contentUrl\":\"https:\/\/i0.wp.com\/innoticiasbo.com\/wp-content\/uploads\/2026\/04\/cropped-IN-LOGO.png?fit=1476%2C1476&ssl=1\",\"width\":1476,\"height\":1476,\"caption\":\"innoticiasbo.com\"},\"image\":{\"@id\":\"https:\/\/innoticiasbo.com\/#\/schema\/logo\/image\/\"},\"sameAs\":[\"https:\/\/www.facebook.com\/innoticiasbolivia\",\"https:\/\/x.com\/innoticiasbo\",\"https:\/\/www.instagram.com\/innoticiasbo\",\"https:\/\/www.youtube.com\/innoticiasbo\"]},{\"@type\":\"Person\",\"@id\":\"https:\/\/innoticiasbo.com\/#\/schema\/person\/589cd527c4211df1b943bdad85ec07ce\",\"name\":\"Prensa\",\"image\":{\"@type\":\"ImageObject\",\"inLanguage\":\"es\",\"@id\":\"https:\/\/innoticiasbo.com\/#\/schema\/person\/image\/\",\"url\":\"https:\/\/secure.gravatar.com\/avatar\/d359bbdf112023c1c0a3ec7fe1600657?s=96&d=mm&r=g\",\"contentUrl\":\"https:\/\/secure.gravatar.com\/avatar\/d359bbdf112023c1c0a3ec7fe1600657?s=96&d=mm&r=g\",\"caption\":\"Prensa\"},\"sameAs\":[\"http:\/\/www.innoticiasbo.com\"],\"url\":\"https:\/\/innoticiasbo.com\/index.php\/author\/prensa\/\"}]}<\/script>\n<!-- \/ Yoast SEO plugin. -->","yoast_head_json":{"title":"EL TRIBUNAL CONSTITUCIONAL PLURINACIONAL PUEDE FRENAR EL ATROPELLO ANTIDEMOCR\u00c1TICO - innoticiasbo.com","robots":{"index":"index","follow":"follow","max-snippet":"max-snippet:-1","max-image-preview":"max-image-preview:large","max-video-preview":"max-video-preview:-1"},"canonical":"https:\/\/innoticiasbo.com\/index.php\/2025\/12\/07\/el-tribunal-constitucional-plurinacional-puede-frenar-el-atropello-antidemocratico\/","og_locale":"es_ES","og_type":"article","og_title":"EL TRIBUNAL CONSTITUCIONAL PLURINACIONAL PUEDE FRENAR EL ATROPELLO ANTIDEMOCR\u00c1TICO - innoticiasbo.com","og_description":"En #Colombia acaban de aprobar la personer\u00eda jur\u00eddica del Pacto Hist\u00f3rico (la coalici\u00f3n que llev\u00f3 al actual presidente Petro al poder). Esta organizaci\u00f3n pas\u00f3 de ser una alianza a convertirse un partido pol\u00edtico. El plazo para la inscripci\u00f3n de candidaturas para las elecciones legislativas del pr\u00f3ximo mes de marzo, se cumple dentro de cinco d\u00edas....","og_url":"https:\/\/innoticiasbo.com\/index.php\/2025\/12\/07\/el-tribunal-constitucional-plurinacional-puede-frenar-el-atropello-antidemocratico\/","og_site_name":"innoticiasbo.com","article_publisher":"https:\/\/www.facebook.com\/innoticiasbolivia","article_published_time":"2025-12-07T06:39:24+00:00","article_modified_time":"2025-12-07T06:40:12+00:00","og_image":[{"width":334,"height":332,"url":"https:\/\/i0.wp.com\/innoticiasbo.com\/wp-content\/uploads\/2025\/12\/IMG-20251206-WA0100.jpg?fit=334%2C332&ssl=1","type":"image\/jpeg"}],"author":"Prensa","twitter_card":"summary_large_image","twitter_creator":"@innoticiasbo","twitter_site":"@innoticiasbo","twitter_misc":{"Escrito por":"Prensa","Tiempo de lectura":"1 minuto"},"schema":{"@context":"https:\/\/schema.org","@graph":[{"@type":"Article","@id":"https:\/\/innoticiasbo.com\/index.php\/2025\/12\/07\/el-tribunal-constitucional-plurinacional-puede-frenar-el-atropello-antidemocratico\/#article","isPartOf":{"@id":"https:\/\/innoticiasbo.com\/index.php\/2025\/12\/07\/el-tribunal-constitucional-plurinacional-puede-frenar-el-atropello-antidemocratico\/"},"author":{"name":"Prensa","@id":"https:\/\/innoticiasbo.com\/#\/schema\/person\/589cd527c4211df1b943bdad85ec07ce"},"headline":"EL TRIBUNAL CONSTITUCIONAL PLURINACIONAL PUEDE FRENAR EL ATROPELLO ANTIDEMOCR\u00c1TICO","datePublished":"2025-12-07T06:39:24+00:00","dateModified":"2025-12-07T06:40:12+00:00","mainEntityOfPage":{"@id":"https:\/\/innoticiasbo.com\/index.php\/2025\/12\/07\/el-tribunal-constitucional-plurinacional-puede-frenar-el-atropello-antidemocratico\/"},"wordCount":271,"commentCount":0,"publisher":{"@id":"https:\/\/innoticiasbo.com\/#organization"},"image":{"@id":"https:\/\/innoticiasbo.com\/index.php\/2025\/12\/07\/el-tribunal-constitucional-plurinacional-puede-frenar-el-atropello-antidemocratico\/#primaryimage"},"thumbnailUrl":"https:\/\/i0.wp.com\/innoticiasbo.com\/wp-content\/uploads\/2025\/12\/IMG-20251206-WA0100.jpg?fit=334%2C332&ssl=1","keywords":["democracia","Ricardo Paz","Tribunal Constitucional Plurinacional"],"articleSection":["Bolivia","Opini\u00f3n","Pol\u00edtica"],"inLanguage":"es","potentialAction":[{"@type":"CommentAction","name":"Comment","target":["https:\/\/innoticiasbo.com\/index.php\/2025\/12\/07\/el-tribunal-constitucional-plurinacional-puede-frenar-el-atropello-antidemocratico\/#respond"]}]},{"@type":"WebPage","@id":"https:\/\/innoticiasbo.com\/index.php\/2025\/12\/07\/el-tribunal-constitucional-plurinacional-puede-frenar-el-atropello-antidemocratico\/","url":"https:\/\/innoticiasbo.com\/index.php\/2025\/12\/07\/el-tribunal-constitucional-plurinacional-puede-frenar-el-atropello-antidemocratico\/","name":"EL TRIBUNAL CONSTITUCIONAL PLURINACIONAL PUEDE FRENAR EL ATROPELLO ANTIDEMOCR\u00c1TICO - innoticiasbo.com","isPartOf":{"@id":"https:\/\/innoticiasbo.com\/#website"},"primaryImageOfPage":{"@id":"https:\/\/innoticiasbo.com\/index.php\/2025\/12\/07\/el-tribunal-constitucional-plurinacional-puede-frenar-el-atropello-antidemocratico\/#primaryimage"},"image":{"@id":"https:\/\/innoticiasbo.com\/index.php\/2025\/12\/07\/el-tribunal-constitucional-plurinacional-puede-frenar-el-atropello-antidemocratico\/#primaryimage"},"thumbnailUrl":"https:\/\/i0.wp.com\/innoticiasbo.com\/wp-content\/uploads\/2025\/12\/IMG-20251206-WA0100.jpg?fit=334%2C332&ssl=1","datePublished":"2025-12-07T06:39:24+00:00","dateModified":"2025-12-07T06:40:12+00:00","breadcrumb":{"@id":"https:\/\/innoticiasbo.com\/index.php\/2025\/12\/07\/el-tribunal-constitucional-plurinacional-puede-frenar-el-atropello-antidemocratico\/#breadcrumb"},"inLanguage":"es","potentialAction":[{"@type":"ReadAction","target":["https:\/\/innoticiasbo.com\/index.php\/2025\/12\/07\/el-tribunal-constitucional-plurinacional-puede-frenar-el-atropello-antidemocratico\/"]}]},{"@type":"ImageObject","inLanguage":"es","@id":"https:\/\/innoticiasbo.com\/index.php\/2025\/12\/07\/el-tribunal-constitucional-plurinacional-puede-frenar-el-atropello-antidemocratico\/#primaryimage","url":"https:\/\/i0.wp.com\/innoticiasbo.com\/wp-content\/uploads\/2025\/12\/IMG-20251206-WA0100.jpg?fit=334%2C332&ssl=1","contentUrl":"https:\/\/i0.wp.com\/innoticiasbo.com\/wp-content\/uploads\/2025\/12\/IMG-20251206-WA0100.jpg?fit=334%2C332&ssl=1","width":334,"height":332},{"@type":"BreadcrumbList","@id":"https:\/\/innoticiasbo.com\/index.php\/2025\/12\/07\/el-tribunal-constitucional-plurinacional-puede-frenar-el-atropello-antidemocratico\/#breadcrumb","itemListElement":[{"@type":"ListItem","position":1,"name":"Portada","item":"https:\/\/innoticiasbo.com\/"},{"@type":"ListItem","position":2,"name":"EL TRIBUNAL CONSTITUCIONAL PLURINACIONAL PUEDE FRENAR EL ATROPELLO ANTIDEMOCR\u00c1TICO"}]},{"@type":"WebSite","@id":"https:\/\/innoticiasbo.com\/#website","url":"https:\/\/innoticiasbo.com\/","name":"innoticiasbo.com","description":"","publisher":{"@id":"https:\/\/innoticiasbo.com\/#organization"},"potentialAction":[{"@type":"SearchAction","target":{"@type":"EntryPoint","urlTemplate":"https:\/\/innoticiasbo.com\/?s={search_term_string}"},"query-input":{"@type":"PropertyValueSpecification","valueRequired":true,"valueName":"search_term_string"}}],"inLanguage":"es"},{"@type":"Organization","@id":"https:\/\/innoticiasbo.com\/#organization","name":"innoticiasbo.com","url":"https:\/\/innoticiasbo.com\/","logo":{"@type":"ImageObject","inLanguage":"es","@id":"https:\/\/innoticiasbo.com\/#\/schema\/logo\/image\/","url":"https:\/\/i0.wp.com\/innoticiasbo.com\/wp-content\/uploads\/2026\/04\/cropped-IN-LOGO.png?fit=1476%2C1476&ssl=1","contentUrl":"https:\/\/i0.wp.com\/innoticiasbo.com\/wp-content\/uploads\/2026\/04\/cropped-IN-LOGO.png?fit=1476%2C1476&ssl=1","width":1476,"height":1476,"caption":"innoticiasbo.com"},"image":{"@id":"https:\/\/innoticiasbo.com\/#\/schema\/logo\/image\/"},"sameAs":["https:\/\/www.facebook.com\/innoticiasbolivia","https:\/\/x.com\/innoticiasbo","https:\/\/www.instagram.com\/innoticiasbo","https:\/\/www.youtube.com\/innoticiasbo"]},{"@type":"Person","@id":"https:\/\/innoticiasbo.com\/#\/schema\/person\/589cd527c4211df1b943bdad85ec07ce","name":"Prensa","image":{"@type":"ImageObject","inLanguage":"es","@id":"https:\/\/innoticiasbo.com\/#\/schema\/person\/image\/","url":"https:\/\/secure.gravatar.com\/avatar\/d359bbdf112023c1c0a3ec7fe1600657?s=96&d=mm&r=g","contentUrl":"https:\/\/secure.gravatar.com\/avatar\/d359bbdf112023c1c0a3ec7fe1600657?s=96&d=mm&r=g","caption":"Prensa"},"sameAs":["http:\/\/www.innoticiasbo.com"],"url":"https:\/\/innoticiasbo.com\/index.php\/author\/prensa\/"}]}},"jetpack_featured_media_url":"https:\/\/i0.wp.com\/innoticiasbo.com\/wp-content\/uploads\/2025\/12\/IMG-20251206-WA0100.jpg?fit=334%2C332&ssl=1","jetpack_likes_enabled":true,"jetpack_sharing_enabled":true,"jetpack_shortlink":"https:\/\/wp.me\/pg298x-2bj","_links":{"self":[{"href":"https:\/\/innoticiasbo.com\/index.php\/wp-json\/wp\/v2\/posts\/8389","targetHints":{"allow":["GET"]}}],"collection":[{"href":"https:\/\/innoticiasbo.com\/index.php\/wp-json\/wp\/v2\/posts"}],"about":[{"href":"https:\/\/innoticiasbo.com\/index.php\/wp-json\/wp\/v2\/types\/post"}],"author":[{"embeddable":true,"href":"https:\/\/innoticiasbo.com\/index.php\/wp-json\/wp\/v2\/users\/2"}],"replies":[{"embeddable":true,"href":"https:\/\/innoticiasbo.com\/index.php\/wp-json\/wp\/v2\/comments?post=8389"}],"version-history":[{"count":1,"href":"https:\/\/innoticiasbo.com\/index.php\/wp-json\/wp\/v2\/posts\/8389\/revisions"}],"predecessor-version":[{"id":8390,"href":"https:\/\/innoticiasbo.com\/index.php\/wp-json\/wp\/v2\/posts\/8389\/revisions\/8390"}],"wp:featuredmedia":[{"embeddable":true,"href":"https:\/\/innoticiasbo.com\/index.php\/wp-json\/wp\/v2\/media\/8388"}],"wp:attachment":[{"href":"https:\/\/innoticiasbo.com\/index.php\/wp-json\/wp\/v2\/media?parent=8389"}],"wp:term":[{"taxonomy":"category","embeddable":true,"href":"https:\/\/innoticiasbo.com\/index.php\/wp-json\/wp\/v2\/categories?post=8389"},{"taxonomy":"post_tag","embeddable":true,"href":"https:\/\/innoticiasbo.com\/index.php\/wp-json\/wp\/v2\/tags?post=8389"}],"curies":[{"name":"wp","href":"https:\/\/api.w.org\/{rel}","templated":true}]}}