{"id":8384,"date":"2025-12-04T14:47:17","date_gmt":"2025-12-04T18:47:17","guid":{"rendered":"https:\/\/innoticiasbo.com\/?p=8384"},"modified":"2025-12-04T14:47:56","modified_gmt":"2025-12-04T18:47:56","slug":"el-exalcalde-gonzalo-terceros-habla-del-avatar-chaly-de-la-gente-cizanoso-y-polemico-creado-con-su-imagen-para-hacer-politica","status":"publish","type":"post","link":"https:\/\/innoticiasbo.com\/index.php\/2025\/12\/04\/el-exalcalde-gonzalo-terceros-habla-del-avatar-chaly-de-la-gente-cizanoso-y-polemico-creado-con-su-imagen-para-hacer-politica\/","title":{"rendered":"EL EXALCALDE GONZALO TERCEROS HABLA DEL AVATAR \u201cCHALY DE LA GENTE\u201d, CIZA\u00d1OSO Y POL\u00c9MICO, CREADO CON SU IMAGEN PARA HACER POL\u00cdTICA"},"content":{"rendered":"<p>Cochabamba, 4 de diciembre de 2024.- En Cochabamba no solo aparecen candidatos: tambi\u00e9n aparecen avatares. Y uno de los m\u00e1s comentados es \u201cChaly de la Gente\u201d, un personaje de TikTok con bigote, sonrisa p\u00edcara y un vaso de alcohol en la mano, que lleva meses circulando y lanzando dardos pol\u00edticos desde el anonimato.<\/p>\n<p><img data-recalc-dims=\"1\" loading=\"lazy\" decoding=\"async\" src=\"https:\/\/i0.wp.com\/innoticiasbo.com\/wp-content\/uploads\/2025\/12\/fb_img_17648740017965491648050642471168.jpg?resize=640%2C357&#038;ssl=1\" class=\"wp-image-8382 alignnone size-full\" width=\"640\" height=\"357\" srcset=\"https:\/\/i0.wp.com\/innoticiasbo.com\/wp-content\/uploads\/2025\/12\/fb_img_17648740017965491648050642471168.jpg?w=1080&amp;ssl=1 1080w, https:\/\/i0.wp.com\/innoticiasbo.com\/wp-content\/uploads\/2025\/12\/fb_img_17648740017965491648050642471168.jpg?resize=300%2C167&amp;ssl=1 300w, https:\/\/i0.wp.com\/innoticiasbo.com\/wp-content\/uploads\/2025\/12\/fb_img_17648740017965491648050642471168.jpg?resize=1024%2C571&amp;ssl=1 1024w, https:\/\/i0.wp.com\/innoticiasbo.com\/wp-content\/uploads\/2025\/12\/fb_img_17648740017965491648050642471168.jpg?resize=768%2C428&amp;ssl=1 768w\" sizes=\"auto, (max-width: 640px) 100vw, 640px\" \/><\/p>\n<p>El creador del avatar es un misterio, pero su rostro no: usa la imagen del exalcalde Chaly Terceros, quien hoy, por primera vez, decidi\u00f3 sentarse frente a su copia digital \u00fanicamente en nuestro streaming #ElAvispero para hablar del fen\u00f3meno que lo ha puesto nuevamente, en el centro de la conversaci\u00f3n.<\/p>\n<p>\u201cPRIMERO ME DIO RISA\u2026 DESPU\u00c9S PREOCUPACI\u00d3N\u201d<\/p>\n<p>Terceros confes\u00f3 que reci\u00e9n hace una semana vio por primera vez el avatar.<br \/>\n\u201cAl principio me dio risa, pens\u00e9 que era una broma. Pero luego me preocup\u00f3 porque la gente cree que soy yo\u201d, relat\u00f3.<\/p>\n<p>Explic\u00f3 que personas de su entorno comenzaron a reclamarle por los videos, pensando que \u00e9l mismo se estaba dedicando a criticar pol\u00edticos desde las sombras.<\/p>\n<p>\u201cNo soy yo, ni tengo nada que ver con esto. Es una imagen creada con inteligencia artificial y con un prop\u00f3sito claramente electoral\u201d, dijo.<\/p>\n<p>DENUNCIAS, IA Y UN AVATAR BEBEDOR<\/p>\n<p>Chaly Terceros indic\u00f3 que cumpli\u00f3 con su responsabilidad y present\u00f3 denuncias ante TikTok por el uso indebido de su imagen.<br \/>\nSin embargo, expertos le dijeron que el avatar podr\u00eda reaparecer en cualquier momento desde otras cuentas. \u201cParece que lleg\u00f3 para quedarse, pero yo ya hice lo que ten\u00eda que hacer\u201d, afirm\u00f3.<\/p>\n<p>Tambi\u00e9n aclar\u00f3 algo que le incomoda especialmente:\u201cYo soy cristiano, no bebo, y el avatar aparece en todos los videos con whisky, cerveza o lo que sea. Ese no soy yo\u201d.<\/p>\n<p>\u00bfY UN REGRESO A LA POL\u00cdTICA?<\/p>\n<p>Terceros fue directo:<br \/>\n\u201cTodo tiene su momento. Mi ciclo pas\u00f3. El poder es un caramelo delicioso \u2014te da estatus, log\u00edstica, atenci\u00f3n, es muy dif\u00edcil dejar el poder, pero yo creo que se cumplen ciclos y que hay que dar oportunidad a los j\u00f3venes (\u2026) pero yo ahora disfruto mi vida privada, mi familia y mi tranquilidad\u201d, afirm\u00f3.<\/p>\n<p>Descart\u00f3 de forma tajante cualquier candidatura y volvi\u00f3 a remarcar:<br \/>\n\u201cNo es mi avatar. No tiene nada que ver conmigo.\u201d<\/p>\n<p>\u00bfQU\u00c9 LE DICE CHALY TERCEROS A SU DOBLE DIGITAL?<\/p>\n<p>Cuando El Avispero le pregunt\u00f3 qu\u00e9 le dir\u00eda a ese doble digital que le est\u00e1 generando dolores de cabeza, respondi\u00f3:\u201cLe dir\u00eda que le pido respeto, tolerancia, que deje de tomar temas personales, a mi no me gusta hablar mal de la gente, las formas cuentan\u201d.<\/p>\n<p>El futuro de Terceros: an\u00e1lisis s\u00ed, candidatura no. Finalmente anunci\u00f3 que, lejos de la pol\u00edtica activa, ahora se dedicar\u00e1 al an\u00e1lisis y la reflexi\u00f3n p\u00fablica, respaldado por sus dos maestr\u00edas en Sociolog\u00eda y Ciencia Pol\u00edtica.<\/p>\n<p>Un retorno, s\u00ed\u2026pero para hacer an\u00e1lisis con un Chaly Terceros de carne y hueso, no en versi\u00f3n avatar.<br \/>\n#gonzaloterceros #exalcalde #Chalydelagente #avatar #inteligenciaartificial #ElAvispero #innnoticias<\/p>\n","protected":false},"excerpt":{"rendered":"<p>Cochabamba, 4 de diciembre de 2024.- En Cochabamba no solo aparecen candidatos: tambi\u00e9n aparecen avatares. Y uno de los m\u00e1s comentados es \u201cChaly de la Gente\u201d, un personaje de TikTok con bigote, sonrisa p\u00edcara y un vaso de alcohol en la mano, que lleva meses circulando y lanzando dardos pol\u00edticos desde el anonimato. El creador&#8230;<\/p>\n","protected":false},"author":2,"featured_media":8383,"comment_status":"open","ping_status":"open","sticky":false,"template":"","format":"standard","meta":{"_jetpack_memberships_contains_paid_content":false,"footnotes":"","jetpack_publicize_message":"","jetpack_publicize_feature_enabled":true,"jetpack_social_post_already_shared":true,"jetpack_social_options":{"image_generator_settings":{"template":"highway","enabled":false},"version":2}},"categories":[2,3],"tags":[1090,1091,1089,1088,22],"class_list":["post-8384","post","type-post","status-publish","format-standard","has-post-thumbnail","hentry","category-cochabamba","category-politica","tag-avatar","tag-chaly-de-la-gente","tag-exalcalde","tag-gonzalo-terceros","tag-innoticias"],"jetpack_publicize_connections":[],"yoast_head":"<!-- This site is optimized with the Yoast SEO plugin v23.4 - https:\/\/yoast.com\/wordpress\/plugins\/seo\/ -->\n<title>EL EXALCALDE GONZALO TERCEROS HABLA DEL AVATAR \u201cCHALY DE LA GENTE\u201d, CIZA\u00d1OSO Y POL\u00c9MICO, CREADO CON SU IMAGEN PARA HACER POL\u00cdTICA - innoticiasbo.com<\/title>\n<meta name=\"robots\" content=\"index, follow, max-snippet:-1, max-image-preview:large, max-video-preview:-1\" \/>\n<link rel=\"canonical\" href=\"https:\/\/innoticiasbo.com\/index.php\/2025\/12\/04\/el-exalcalde-gonzalo-terceros-habla-del-avatar-chaly-de-la-gente-cizanoso-y-polemico-creado-con-su-imagen-para-hacer-politica\/\" \/>\n<meta property=\"og:locale\" content=\"es_ES\" \/>\n<meta property=\"og:type\" content=\"article\" \/>\n<meta property=\"og:title\" content=\"EL EXALCALDE GONZALO TERCEROS HABLA DEL AVATAR \u201cCHALY DE LA GENTE\u201d, CIZA\u00d1OSO Y POL\u00c9MICO, CREADO CON SU IMAGEN PARA HACER POL\u00cdTICA - innoticiasbo.com\" \/>\n<meta property=\"og:description\" content=\"Cochabamba, 4 de diciembre de 2024.- En Cochabamba no solo aparecen candidatos: tambi\u00e9n aparecen avatares. Y uno de los m\u00e1s comentados es \u201cChaly de la Gente\u201d, un personaje de TikTok con bigote, sonrisa p\u00edcara y un vaso de alcohol en la mano, que lleva meses circulando y lanzando dardos pol\u00edticos desde el anonimato. El creador...\" \/>\n<meta property=\"og:url\" content=\"https:\/\/innoticiasbo.com\/index.php\/2025\/12\/04\/el-exalcalde-gonzalo-terceros-habla-del-avatar-chaly-de-la-gente-cizanoso-y-polemico-creado-con-su-imagen-para-hacer-politica\/\" \/>\n<meta property=\"og:site_name\" content=\"innoticiasbo.com\" \/>\n<meta property=\"article:publisher\" content=\"https:\/\/www.facebook.com\/innoticiasbolivia\" \/>\n<meta property=\"article:published_time\" content=\"2025-12-04T18:47:17+00:00\" \/>\n<meta property=\"article:modified_time\" content=\"2025-12-04T18:47:56+00:00\" \/>\n<meta property=\"og:image\" content=\"https:\/\/i0.wp.com\/innoticiasbo.com\/wp-content\/uploads\/2025\/12\/FB_IMG_1764874001796.jpg?fit=1080%2C602&ssl=1\" \/>\n\t<meta property=\"og:image:width\" content=\"1080\" \/>\n\t<meta property=\"og:image:height\" content=\"602\" \/>\n\t<meta property=\"og:image:type\" content=\"image\/jpeg\" \/>\n<meta name=\"author\" content=\"Prensa\" \/>\n<meta name=\"twitter:card\" content=\"summary_large_image\" \/>\n<meta name=\"twitter:creator\" content=\"@innoticiasbo\" \/>\n<meta name=\"twitter:site\" content=\"@innoticiasbo\" \/>\n<meta name=\"twitter:label1\" content=\"Escrito por\" \/>\n\t<meta name=\"twitter:data1\" content=\"Prensa\" \/>\n\t<meta name=\"twitter:label2\" content=\"Tiempo de lectura\" \/>\n\t<meta name=\"twitter:data2\" content=\"3 minutos\" \/>\n<script type=\"application\/ld+json\" class=\"yoast-schema-graph\">{\"@context\":\"https:\/\/schema.org\",\"@graph\":[{\"@type\":\"Article\",\"@id\":\"https:\/\/innoticiasbo.com\/index.php\/2025\/12\/04\/el-exalcalde-gonzalo-terceros-habla-del-avatar-chaly-de-la-gente-cizanoso-y-polemico-creado-con-su-imagen-para-hacer-politica\/#article\",\"isPartOf\":{\"@id\":\"https:\/\/innoticiasbo.com\/index.php\/2025\/12\/04\/el-exalcalde-gonzalo-terceros-habla-del-avatar-chaly-de-la-gente-cizanoso-y-polemico-creado-con-su-imagen-para-hacer-politica\/\"},\"author\":{\"name\":\"Prensa\",\"@id\":\"https:\/\/innoticiasbo.com\/#\/schema\/person\/589cd527c4211df1b943bdad85ec07ce\"},\"headline\":\"EL EXALCALDE GONZALO TERCEROS HABLA DEL AVATAR \u201cCHALY DE LA GENTE\u201d, CIZA\u00d1OSO Y POL\u00c9MICO, CREADO CON SU IMAGEN PARA HACER POL\u00cdTICA\",\"datePublished\":\"2025-12-04T18:47:17+00:00\",\"dateModified\":\"2025-12-04T18:47:56+00:00\",\"mainEntityOfPage\":{\"@id\":\"https:\/\/innoticiasbo.com\/index.php\/2025\/12\/04\/el-exalcalde-gonzalo-terceros-habla-del-avatar-chaly-de-la-gente-cizanoso-y-polemico-creado-con-su-imagen-para-hacer-politica\/\"},\"wordCount\":533,\"commentCount\":0,\"publisher\":{\"@id\":\"https:\/\/innoticiasbo.com\/#organization\"},\"image\":{\"@id\":\"https:\/\/innoticiasbo.com\/index.php\/2025\/12\/04\/el-exalcalde-gonzalo-terceros-habla-del-avatar-chaly-de-la-gente-cizanoso-y-polemico-creado-con-su-imagen-para-hacer-politica\/#primaryimage\"},\"thumbnailUrl\":\"https:\/\/i0.wp.com\/innoticiasbo.com\/wp-content\/uploads\/2025\/12\/FB_IMG_1764874001796.jpg?fit=1080%2C602&ssl=1\",\"keywords\":[\"avatar\",\"Chaly de la Gente\",\"exalcalde\",\"Gonzalo Terceros\",\"innoticias\"],\"articleSection\":[\"Cochabamba\",\"Pol\u00edtica\"],\"inLanguage\":\"es\",\"potentialAction\":[{\"@type\":\"CommentAction\",\"name\":\"Comment\",\"target\":[\"https:\/\/innoticiasbo.com\/index.php\/2025\/12\/04\/el-exalcalde-gonzalo-terceros-habla-del-avatar-chaly-de-la-gente-cizanoso-y-polemico-creado-con-su-imagen-para-hacer-politica\/#respond\"]}]},{\"@type\":\"WebPage\",\"@id\":\"https:\/\/innoticiasbo.com\/index.php\/2025\/12\/04\/el-exalcalde-gonzalo-terceros-habla-del-avatar-chaly-de-la-gente-cizanoso-y-polemico-creado-con-su-imagen-para-hacer-politica\/\",\"url\":\"https:\/\/innoticiasbo.com\/index.php\/2025\/12\/04\/el-exalcalde-gonzalo-terceros-habla-del-avatar-chaly-de-la-gente-cizanoso-y-polemico-creado-con-su-imagen-para-hacer-politica\/\",\"name\":\"EL EXALCALDE GONZALO TERCEROS HABLA DEL AVATAR \u201cCHALY DE LA GENTE\u201d, CIZA\u00d1OSO Y POL\u00c9MICO, CREADO CON SU IMAGEN PARA HACER POL\u00cdTICA - innoticiasbo.com\",\"isPartOf\":{\"@id\":\"https:\/\/innoticiasbo.com\/#website\"},\"primaryImageOfPage\":{\"@id\":\"https:\/\/innoticiasbo.com\/index.php\/2025\/12\/04\/el-exalcalde-gonzalo-terceros-habla-del-avatar-chaly-de-la-gente-cizanoso-y-polemico-creado-con-su-imagen-para-hacer-politica\/#primaryimage\"},\"image\":{\"@id\":\"https:\/\/innoticiasbo.com\/index.php\/2025\/12\/04\/el-exalcalde-gonzalo-terceros-habla-del-avatar-chaly-de-la-gente-cizanoso-y-polemico-creado-con-su-imagen-para-hacer-politica\/#primaryimage\"},\"thumbnailUrl\":\"https:\/\/i0.wp.com\/innoticiasbo.com\/wp-content\/uploads\/2025\/12\/FB_IMG_1764874001796.jpg?fit=1080%2C602&ssl=1\",\"datePublished\":\"2025-12-04T18:47:17+00:00\",\"dateModified\":\"2025-12-04T18:47:56+00:00\",\"breadcrumb\":{\"@id\":\"https:\/\/innoticiasbo.com\/index.php\/2025\/12\/04\/el-exalcalde-gonzalo-terceros-habla-del-avatar-chaly-de-la-gente-cizanoso-y-polemico-creado-con-su-imagen-para-hacer-politica\/#breadcrumb\"},\"inLanguage\":\"es\",\"potentialAction\":[{\"@type\":\"ReadAction\",\"target\":[\"https:\/\/innoticiasbo.com\/index.php\/2025\/12\/04\/el-exalcalde-gonzalo-terceros-habla-del-avatar-chaly-de-la-gente-cizanoso-y-polemico-creado-con-su-imagen-para-hacer-politica\/\"]}]},{\"@type\":\"ImageObject\",\"inLanguage\":\"es\",\"@id\":\"https:\/\/innoticiasbo.com\/index.php\/2025\/12\/04\/el-exalcalde-gonzalo-terceros-habla-del-avatar-chaly-de-la-gente-cizanoso-y-polemico-creado-con-su-imagen-para-hacer-politica\/#primaryimage\",\"url\":\"https:\/\/i0.wp.com\/innoticiasbo.com\/wp-content\/uploads\/2025\/12\/FB_IMG_1764874001796.jpg?fit=1080%2C602&ssl=1\",\"contentUrl\":\"https:\/\/i0.wp.com\/innoticiasbo.com\/wp-content\/uploads\/2025\/12\/FB_IMG_1764874001796.jpg?fit=1080%2C602&ssl=1\",\"width\":1080,\"height\":602},{\"@type\":\"BreadcrumbList\",\"@id\":\"https:\/\/innoticiasbo.com\/index.php\/2025\/12\/04\/el-exalcalde-gonzalo-terceros-habla-del-avatar-chaly-de-la-gente-cizanoso-y-polemico-creado-con-su-imagen-para-hacer-politica\/#breadcrumb\",\"itemListElement\":[{\"@type\":\"ListItem\",\"position\":1,\"name\":\"Portada\",\"item\":\"https:\/\/innoticiasbo.com\/\"},{\"@type\":\"ListItem\",\"position\":2,\"name\":\"EL EXALCALDE GONZALO TERCEROS HABLA DEL AVATAR \u201cCHALY DE LA GENTE\u201d, CIZA\u00d1OSO Y POL\u00c9MICO, CREADO CON SU IMAGEN PARA HACER POL\u00cdTICA\"}]},{\"@type\":\"WebSite\",\"@id\":\"https:\/\/innoticiasbo.com\/#website\",\"url\":\"https:\/\/innoticiasbo.com\/\",\"name\":\"innoticiasbo.com\",\"description\":\"\",\"publisher\":{\"@id\":\"https:\/\/innoticiasbo.com\/#organization\"},\"potentialAction\":[{\"@type\":\"SearchAction\",\"target\":{\"@type\":\"EntryPoint\",\"urlTemplate\":\"https:\/\/innoticiasbo.com\/?s={search_term_string}\"},\"query-input\":{\"@type\":\"PropertyValueSpecification\",\"valueRequired\":true,\"valueName\":\"search_term_string\"}}],\"inLanguage\":\"es\"},{\"@type\":\"Organization\",\"@id\":\"https:\/\/innoticiasbo.com\/#organization\",\"name\":\"innoticiasbo.com\",\"url\":\"https:\/\/innoticiasbo.com\/\",\"logo\":{\"@type\":\"ImageObject\",\"inLanguage\":\"es\",\"@id\":\"https:\/\/innoticiasbo.com\/#\/schema\/logo\/image\/\",\"url\":\"https:\/\/i0.wp.com\/innoticiasbo.com\/wp-content\/uploads\/2026\/04\/cropped-IN-LOGO.png?fit=1476%2C1476&ssl=1\",\"contentUrl\":\"https:\/\/i0.wp.com\/innoticiasbo.com\/wp-content\/uploads\/2026\/04\/cropped-IN-LOGO.png?fit=1476%2C1476&ssl=1\",\"width\":1476,\"height\":1476,\"caption\":\"innoticiasbo.com\"},\"image\":{\"@id\":\"https:\/\/innoticiasbo.com\/#\/schema\/logo\/image\/\"},\"sameAs\":[\"https:\/\/www.facebook.com\/innoticiasbolivia\",\"https:\/\/x.com\/innoticiasbo\",\"https:\/\/www.instagram.com\/innoticiasbo\",\"https:\/\/www.youtube.com\/innoticiasbo\"]},{\"@type\":\"Person\",\"@id\":\"https:\/\/innoticiasbo.com\/#\/schema\/person\/589cd527c4211df1b943bdad85ec07ce\",\"name\":\"Prensa\",\"image\":{\"@type\":\"ImageObject\",\"inLanguage\":\"es\",\"@id\":\"https:\/\/innoticiasbo.com\/#\/schema\/person\/image\/\",\"url\":\"https:\/\/secure.gravatar.com\/avatar\/d359bbdf112023c1c0a3ec7fe1600657?s=96&d=mm&r=g\",\"contentUrl\":\"https:\/\/secure.gravatar.com\/avatar\/d359bbdf112023c1c0a3ec7fe1600657?s=96&d=mm&r=g\",\"caption\":\"Prensa\"},\"sameAs\":[\"http:\/\/www.innoticiasbo.com\"],\"url\":\"https:\/\/innoticiasbo.com\/index.php\/author\/prensa\/\"}]}<\/script>\n<!-- \/ Yoast SEO plugin. -->","yoast_head_json":{"title":"EL EXALCALDE GONZALO TERCEROS HABLA DEL AVATAR \u201cCHALY DE LA GENTE\u201d, CIZA\u00d1OSO Y POL\u00c9MICO, CREADO CON SU IMAGEN PARA HACER POL\u00cdTICA - innoticiasbo.com","robots":{"index":"index","follow":"follow","max-snippet":"max-snippet:-1","max-image-preview":"max-image-preview:large","max-video-preview":"max-video-preview:-1"},"canonical":"https:\/\/innoticiasbo.com\/index.php\/2025\/12\/04\/el-exalcalde-gonzalo-terceros-habla-del-avatar-chaly-de-la-gente-cizanoso-y-polemico-creado-con-su-imagen-para-hacer-politica\/","og_locale":"es_ES","og_type":"article","og_title":"EL EXALCALDE GONZALO TERCEROS HABLA DEL AVATAR \u201cCHALY DE LA GENTE\u201d, CIZA\u00d1OSO Y POL\u00c9MICO, CREADO CON SU IMAGEN PARA HACER POL\u00cdTICA - innoticiasbo.com","og_description":"Cochabamba, 4 de diciembre de 2024.- En Cochabamba no solo aparecen candidatos: tambi\u00e9n aparecen avatares. Y uno de los m\u00e1s comentados es \u201cChaly de la Gente\u201d, un personaje de TikTok con bigote, sonrisa p\u00edcara y un vaso de alcohol en la mano, que lleva meses circulando y lanzando dardos pol\u00edticos desde el anonimato. El creador...","og_url":"https:\/\/innoticiasbo.com\/index.php\/2025\/12\/04\/el-exalcalde-gonzalo-terceros-habla-del-avatar-chaly-de-la-gente-cizanoso-y-polemico-creado-con-su-imagen-para-hacer-politica\/","og_site_name":"innoticiasbo.com","article_publisher":"https:\/\/www.facebook.com\/innoticiasbolivia","article_published_time":"2025-12-04T18:47:17+00:00","article_modified_time":"2025-12-04T18:47:56+00:00","og_image":[{"width":1080,"height":602,"url":"https:\/\/i0.wp.com\/innoticiasbo.com\/wp-content\/uploads\/2025\/12\/FB_IMG_1764874001796.jpg?fit=1080%2C602&ssl=1","type":"image\/jpeg"}],"author":"Prensa","twitter_card":"summary_large_image","twitter_creator":"@innoticiasbo","twitter_site":"@innoticiasbo","twitter_misc":{"Escrito por":"Prensa","Tiempo de lectura":"3 minutos"},"schema":{"@context":"https:\/\/schema.org","@graph":[{"@type":"Article","@id":"https:\/\/innoticiasbo.com\/index.php\/2025\/12\/04\/el-exalcalde-gonzalo-terceros-habla-del-avatar-chaly-de-la-gente-cizanoso-y-polemico-creado-con-su-imagen-para-hacer-politica\/#article","isPartOf":{"@id":"https:\/\/innoticiasbo.com\/index.php\/2025\/12\/04\/el-exalcalde-gonzalo-terceros-habla-del-avatar-chaly-de-la-gente-cizanoso-y-polemico-creado-con-su-imagen-para-hacer-politica\/"},"author":{"name":"Prensa","@id":"https:\/\/innoticiasbo.com\/#\/schema\/person\/589cd527c4211df1b943bdad85ec07ce"},"headline":"EL EXALCALDE GONZALO TERCEROS HABLA DEL AVATAR \u201cCHALY DE LA GENTE\u201d, CIZA\u00d1OSO Y POL\u00c9MICO, CREADO CON SU IMAGEN PARA HACER POL\u00cdTICA","datePublished":"2025-12-04T18:47:17+00:00","dateModified":"2025-12-04T18:47:56+00:00","mainEntityOfPage":{"@id":"https:\/\/innoticiasbo.com\/index.php\/2025\/12\/04\/el-exalcalde-gonzalo-terceros-habla-del-avatar-chaly-de-la-gente-cizanoso-y-polemico-creado-con-su-imagen-para-hacer-politica\/"},"wordCount":533,"commentCount":0,"publisher":{"@id":"https:\/\/innoticiasbo.com\/#organization"},"image":{"@id":"https:\/\/innoticiasbo.com\/index.php\/2025\/12\/04\/el-exalcalde-gonzalo-terceros-habla-del-avatar-chaly-de-la-gente-cizanoso-y-polemico-creado-con-su-imagen-para-hacer-politica\/#primaryimage"},"thumbnailUrl":"https:\/\/i0.wp.com\/innoticiasbo.com\/wp-content\/uploads\/2025\/12\/FB_IMG_1764874001796.jpg?fit=1080%2C602&ssl=1","keywords":["avatar","Chaly de la Gente","exalcalde","Gonzalo Terceros","innoticias"],"articleSection":["Cochabamba","Pol\u00edtica"],"inLanguage":"es","potentialAction":[{"@type":"CommentAction","name":"Comment","target":["https:\/\/innoticiasbo.com\/index.php\/2025\/12\/04\/el-exalcalde-gonzalo-terceros-habla-del-avatar-chaly-de-la-gente-cizanoso-y-polemico-creado-con-su-imagen-para-hacer-politica\/#respond"]}]},{"@type":"WebPage","@id":"https:\/\/innoticiasbo.com\/index.php\/2025\/12\/04\/el-exalcalde-gonzalo-terceros-habla-del-avatar-chaly-de-la-gente-cizanoso-y-polemico-creado-con-su-imagen-para-hacer-politica\/","url":"https:\/\/innoticiasbo.com\/index.php\/2025\/12\/04\/el-exalcalde-gonzalo-terceros-habla-del-avatar-chaly-de-la-gente-cizanoso-y-polemico-creado-con-su-imagen-para-hacer-politica\/","name":"EL EXALCALDE GONZALO TERCEROS HABLA DEL AVATAR \u201cCHALY DE LA GENTE\u201d, CIZA\u00d1OSO Y POL\u00c9MICO, CREADO CON SU IMAGEN PARA HACER POL\u00cdTICA - innoticiasbo.com","isPartOf":{"@id":"https:\/\/innoticiasbo.com\/#website"},"primaryImageOfPage":{"@id":"https:\/\/innoticiasbo.com\/index.php\/2025\/12\/04\/el-exalcalde-gonzalo-terceros-habla-del-avatar-chaly-de-la-gente-cizanoso-y-polemico-creado-con-su-imagen-para-hacer-politica\/#primaryimage"},"image":{"@id":"https:\/\/innoticiasbo.com\/index.php\/2025\/12\/04\/el-exalcalde-gonzalo-terceros-habla-del-avatar-chaly-de-la-gente-cizanoso-y-polemico-creado-con-su-imagen-para-hacer-politica\/#primaryimage"},"thumbnailUrl":"https:\/\/i0.wp.com\/innoticiasbo.com\/wp-content\/uploads\/2025\/12\/FB_IMG_1764874001796.jpg?fit=1080%2C602&ssl=1","datePublished":"2025-12-04T18:47:17+00:00","dateModified":"2025-12-04T18:47:56+00:00","breadcrumb":{"@id":"https:\/\/innoticiasbo.com\/index.php\/2025\/12\/04\/el-exalcalde-gonzalo-terceros-habla-del-avatar-chaly-de-la-gente-cizanoso-y-polemico-creado-con-su-imagen-para-hacer-politica\/#breadcrumb"},"inLanguage":"es","potentialAction":[{"@type":"ReadAction","target":["https:\/\/innoticiasbo.com\/index.php\/2025\/12\/04\/el-exalcalde-gonzalo-terceros-habla-del-avatar-chaly-de-la-gente-cizanoso-y-polemico-creado-con-su-imagen-para-hacer-politica\/"]}]},{"@type":"ImageObject","inLanguage":"es","@id":"https:\/\/innoticiasbo.com\/index.php\/2025\/12\/04\/el-exalcalde-gonzalo-terceros-habla-del-avatar-chaly-de-la-gente-cizanoso-y-polemico-creado-con-su-imagen-para-hacer-politica\/#primaryimage","url":"https:\/\/i0.wp.com\/innoticiasbo.com\/wp-content\/uploads\/2025\/12\/FB_IMG_1764874001796.jpg?fit=1080%2C602&ssl=1","contentUrl":"https:\/\/i0.wp.com\/innoticiasbo.com\/wp-content\/uploads\/2025\/12\/FB_IMG_1764874001796.jpg?fit=1080%2C602&ssl=1","width":1080,"height":602},{"@type":"BreadcrumbList","@id":"https:\/\/innoticiasbo.com\/index.php\/2025\/12\/04\/el-exalcalde-gonzalo-terceros-habla-del-avatar-chaly-de-la-gente-cizanoso-y-polemico-creado-con-su-imagen-para-hacer-politica\/#breadcrumb","itemListElement":[{"@type":"ListItem","position":1,"name":"Portada","item":"https:\/\/innoticiasbo.com\/"},{"@type":"ListItem","position":2,"name":"EL EXALCALDE GONZALO TERCEROS HABLA DEL AVATAR \u201cCHALY DE LA GENTE\u201d, CIZA\u00d1OSO Y POL\u00c9MICO, CREADO CON SU IMAGEN PARA HACER POL\u00cdTICA"}]},{"@type":"WebSite","@id":"https:\/\/innoticiasbo.com\/#website","url":"https:\/\/innoticiasbo.com\/","name":"innoticiasbo.com","description":"","publisher":{"@id":"https:\/\/innoticiasbo.com\/#organization"},"potentialAction":[{"@type":"SearchAction","target":{"@type":"EntryPoint","urlTemplate":"https:\/\/innoticiasbo.com\/?s={search_term_string}"},"query-input":{"@type":"PropertyValueSpecification","valueRequired":true,"valueName":"search_term_string"}}],"inLanguage":"es"},{"@type":"Organization","@id":"https:\/\/innoticiasbo.com\/#organization","name":"innoticiasbo.com","url":"https:\/\/innoticiasbo.com\/","logo":{"@type":"ImageObject","inLanguage":"es","@id":"https:\/\/innoticiasbo.com\/#\/schema\/logo\/image\/","url":"https:\/\/i0.wp.com\/innoticiasbo.com\/wp-content\/uploads\/2026\/04\/cropped-IN-LOGO.png?fit=1476%2C1476&ssl=1","contentUrl":"https:\/\/i0.wp.com\/innoticiasbo.com\/wp-content\/uploads\/2026\/04\/cropped-IN-LOGO.png?fit=1476%2C1476&ssl=1","width":1476,"height":1476,"caption":"innoticiasbo.com"},"image":{"@id":"https:\/\/innoticiasbo.com\/#\/schema\/logo\/image\/"},"sameAs":["https:\/\/www.facebook.com\/innoticiasbolivia","https:\/\/x.com\/innoticiasbo","https:\/\/www.instagram.com\/innoticiasbo","https:\/\/www.youtube.com\/innoticiasbo"]},{"@type":"Person","@id":"https:\/\/innoticiasbo.com\/#\/schema\/person\/589cd527c4211df1b943bdad85ec07ce","name":"Prensa","image":{"@type":"ImageObject","inLanguage":"es","@id":"https:\/\/innoticiasbo.com\/#\/schema\/person\/image\/","url":"https:\/\/secure.gravatar.com\/avatar\/d359bbdf112023c1c0a3ec7fe1600657?s=96&d=mm&r=g","contentUrl":"https:\/\/secure.gravatar.com\/avatar\/d359bbdf112023c1c0a3ec7fe1600657?s=96&d=mm&r=g","caption":"Prensa"},"sameAs":["http:\/\/www.innoticiasbo.com"],"url":"https:\/\/innoticiasbo.com\/index.php\/author\/prensa\/"}]}},"jetpack_featured_media_url":"https:\/\/i0.wp.com\/innoticiasbo.com\/wp-content\/uploads\/2025\/12\/FB_IMG_1764874001796.jpg?fit=1080%2C602&ssl=1","jetpack_likes_enabled":true,"jetpack_sharing_enabled":true,"jetpack_shortlink":"https:\/\/wp.me\/pg298x-2be","_links":{"self":[{"href":"https:\/\/innoticiasbo.com\/index.php\/wp-json\/wp\/v2\/posts\/8384","targetHints":{"allow":["GET"]}}],"collection":[{"href":"https:\/\/innoticiasbo.com\/index.php\/wp-json\/wp\/v2\/posts"}],"about":[{"href":"https:\/\/innoticiasbo.com\/index.php\/wp-json\/wp\/v2\/types\/post"}],"author":[{"embeddable":true,"href":"https:\/\/innoticiasbo.com\/index.php\/wp-json\/wp\/v2\/users\/2"}],"replies":[{"embeddable":true,"href":"https:\/\/innoticiasbo.com\/index.php\/wp-json\/wp\/v2\/comments?post=8384"}],"version-history":[{"count":1,"href":"https:\/\/innoticiasbo.com\/index.php\/wp-json\/wp\/v2\/posts\/8384\/revisions"}],"predecessor-version":[{"id":8385,"href":"https:\/\/innoticiasbo.com\/index.php\/wp-json\/wp\/v2\/posts\/8384\/revisions\/8385"}],"wp:featuredmedia":[{"embeddable":true,"href":"https:\/\/innoticiasbo.com\/index.php\/wp-json\/wp\/v2\/media\/8383"}],"wp:attachment":[{"href":"https:\/\/innoticiasbo.com\/index.php\/wp-json\/wp\/v2\/media?parent=8384"}],"wp:term":[{"taxonomy":"category","embeddable":true,"href":"https:\/\/innoticiasbo.com\/index.php\/wp-json\/wp\/v2\/categories?post=8384"},{"taxonomy":"post_tag","embeddable":true,"href":"https:\/\/innoticiasbo.com\/index.php\/wp-json\/wp\/v2\/tags?post=8384"}],"curies":[{"name":"wp","href":"https:\/\/api.w.org\/{rel}","templated":true}]}}