{"id":8380,"date":"2025-12-04T12:07:25","date_gmt":"2025-12-04T16:07:25","guid":{"rendered":"https:\/\/innoticiasbo.com\/?p=8380"},"modified":"2025-12-04T12:07:59","modified_gmt":"2025-12-04T16:07:59","slug":"las-redes-sociales-el-nuevo-patibulo-del-siglo-xxi","status":"publish","type":"post","link":"https:\/\/innoticiasbo.com\/index.php\/2025\/12\/04\/las-redes-sociales-el-nuevo-patibulo-del-siglo-xxi\/","title":{"rendered":"LAS REDES SOCIALES: EL NUEVO PAT\u00cdBULO DEL SIGLO XXI"},"content":{"rendered":"<p>Gamal Serhan Jaldin (@gamalbolivia)<\/p>\n<p>La historia del castigo p\u00fablico siempre tuvo dos ingredientes centrales: el escarnio y la audiencia. No se trataba solo de sancionar una falta, sino de hacerlo frente a todos para reforzar un orden moral. Hoy el escenario cambi\u00f3, pero la l\u00f3gica se mantiene. El pat\u00edbulo ya no se levanta en una plaza, sino en una pantalla. Las redes sociales se han convertido en ese espacio donde cualquiera puede acusar, juzgar y ejecutar una reputaci\u00f3n en cuesti\u00f3n de minutos. No importa la prueba, solo la emoci\u00f3n del instante.<\/p>\n<p><img data-recalc-dims=\"1\" loading=\"lazy\" decoding=\"async\" src=\"https:\/\/i0.wp.com\/innoticiasbo.com\/wp-content\/uploads\/2025\/12\/img-20251204-wa01263680524107104690460.jpg?resize=640%2C640&#038;ssl=1\" class=\"wp-image-8377 alignnone size-full\" width=\"640\" height=\"640\" srcset=\"https:\/\/i0.wp.com\/innoticiasbo.com\/wp-content\/uploads\/2025\/12\/img-20251204-wa01263680524107104690460.jpg?w=1080&amp;ssl=1 1080w, https:\/\/i0.wp.com\/innoticiasbo.com\/wp-content\/uploads\/2025\/12\/img-20251204-wa01263680524107104690460.jpg?resize=300%2C300&amp;ssl=1 300w, https:\/\/i0.wp.com\/innoticiasbo.com\/wp-content\/uploads\/2025\/12\/img-20251204-wa01263680524107104690460.jpg?resize=1024%2C1024&amp;ssl=1 1024w, https:\/\/i0.wp.com\/innoticiasbo.com\/wp-content\/uploads\/2025\/12\/img-20251204-wa01263680524107104690460.jpg?resize=150%2C150&amp;ssl=1 150w, https:\/\/i0.wp.com\/innoticiasbo.com\/wp-content\/uploads\/2025\/12\/img-20251204-wa01263680524107104690460.jpg?resize=768%2C768&amp;ssl=1 768w\" sizes=\"auto, (max-width: 640px) 100vw, 640px\" \/><\/p>\n<p>En estas plataformas la verdad pierde terreno ante la velocidad. La acusaci\u00f3n inicial suele llegar sin contexto y con la facilidad que da un dispositivo en la mano. Una captura, un fragmento de video o una frase aislada bastan para encender una hoguera digital. Lo que viene despu\u00e9s ya no es debate, sino reacci\u00f3n. La corriente emocional avanza con inercia propia y la conversaci\u00f3n se vuelve una carrera por condenar antes de entender.<\/p>\n<p>Los algoritmos potencian este fen\u00f3meno. No son neutrales y responden a la l\u00f3gica de la atenci\u00f3n. Premian lo que genera impacto, y pocas cosas impactan m\u00e1s que la indignaci\u00f3n. As\u00ed se forman burbujas donde cada usuario recibe solo lo que confirma su postura. La discrepancia se siente como una amenaza. Se instala la idea de que opinar distinto equivale a ser enemigo.<\/p>\n<p>La aparente distancia emocional y el anonimato facilitan la deshumanizaci\u00f3n. Es sencillo emitir juicios o comentarios que no se har\u00edan en persona, ya que el acusado se reduce a un avatar, perdiendo su condici\u00f3n de individuo y convirti\u00e9ndose en un s\u00edmbolo susceptible de ser atacado por la multitud.<\/p>\n<p>El ciclo de condena en redes sociales suele seguir un patr\u00f3n: una acusaci\u00f3n inicial, una ola de indignaci\u00f3n, exigencias de castigo y, finalmente, el silencio. La reputaci\u00f3n del acusado, independientemente de su culpabilidad, puede quedar gravemente da\u00f1ada, y en muchos casos no existe reparaci\u00f3n posible.<\/p>\n<p>Cualquier persona puede verse expuesta a este proceso, no solo figuras p\u00fablicas. Basta con expresar una opini\u00f3n que desaf\u00ede la corriente dominante o cometer un error para convertirse en blanco de la presi\u00f3n social, lo que puede llevar al silencio y a la polarizaci\u00f3n del di\u00e1logo.<\/p>\n<p>Las redes sociales tambi\u00e9n han distorsionado la idea de justicia. Hoy un comentario malinterpretado puede pesar m\u00e1s que a\u00f1os de conducta ejemplar. La reacci\u00f3n colectiva suele imponerse sobre la verificaci\u00f3n. La emoci\u00f3n reemplaza al an\u00e1lisis y la consigna desplaza al argumento. La justicia, si quiere seguir siendo tal, necesita pausa y evidencia. Las redes ofrecen lo contrario.<\/p>\n<p><img data-recalc-dims=\"1\" loading=\"lazy\" decoding=\"async\" src=\"https:\/\/i0.wp.com\/innoticiasbo.com\/wp-content\/uploads\/2025\/12\/concepto-de-red-social-iconos-3d-volando-sobre-el-telefono-inteligente-en-un-boceto-dibujado-13271114497310106080.jpg?resize=612%2C612&#038;ssl=1\" class=\"wp-image-8378 alignnone size-full\" width=\"612\" height=\"612\" srcset=\"https:\/\/i0.wp.com\/innoticiasbo.com\/wp-content\/uploads\/2025\/12\/concepto-de-red-social-iconos-3d-volando-sobre-el-telefono-inteligente-en-un-boceto-dibujado-13271114497310106080.jpg?w=612&amp;ssl=1 612w, https:\/\/i0.wp.com\/innoticiasbo.com\/wp-content\/uploads\/2025\/12\/concepto-de-red-social-iconos-3d-volando-sobre-el-telefono-inteligente-en-un-boceto-dibujado-13271114497310106080.jpg?resize=300%2C300&amp;ssl=1 300w, https:\/\/i0.wp.com\/innoticiasbo.com\/wp-content\/uploads\/2025\/12\/concepto-de-red-social-iconos-3d-volando-sobre-el-telefono-inteligente-en-un-boceto-dibujado-13271114497310106080.jpg?resize=150%2C150&amp;ssl=1 150w\" sizes=\"auto, (max-width: 612px) 100vw, 612px\" \/><\/p>\n<p>Las plataformas tienen responsabilidad en moderar sin arbitrar caprichos, pero los usuarios tambi\u00e9n deben asumir la suya. Recuperar proporci\u00f3n, contexto y empat\u00eda es indispensable. Pensar antes de compartir. Escuchar antes de condenar. Hay que recordar que detr\u00e1s de cada pantalla hay una persona, no un estereotipo listo para ser golpeado.<\/p>\n<p>Salir de este ciclo exige valent\u00eda. No para gritar m\u00e1s fuerte, sino para dialogar sin miedo. La verdad no se define por votaci\u00f3n y el desacuerdo no deber\u00eda ser motivo de destrucci\u00f3n p\u00fablica. La tecnolog\u00eda seguir\u00e1 cambiando, pero el reto principal es humano. El siglo XXI necesita ciudadanos capaces de debatir con respeto y reconocer la dignidad del otro incluso cuando molesta o contradice.<\/p>\n<p>La tecnolog\u00eda seguir\u00e1 evolucionando, pero el reto principal es humano. Las redes sociales pueden ser espacios de di\u00e1logo si se renuncia al impulso de castigar sin escuchar. El siglo XXI necesita ciudadanos capaces de debatir con respeto y reconocer la dignidad del otro, incluso en la diferencia.<\/p>\n","protected":false},"excerpt":{"rendered":"<p>Gamal Serhan Jaldin (@gamalbolivia) La historia del castigo p\u00fablico siempre tuvo dos ingredientes centrales: el escarnio y la audiencia. No se trataba solo de sancionar una falta, sino de hacerlo frente a todos para reforzar un orden moral. Hoy el escenario cambi\u00f3, pero la l\u00f3gica se mantiene. El pat\u00edbulo ya no se levanta en una&#8230;<\/p>\n","protected":false},"author":2,"featured_media":8379,"comment_status":"open","ping_status":"open","sticky":false,"template":"","format":"standard","meta":{"_jetpack_memberships_contains_paid_content":false,"footnotes":"","jetpack_publicize_message":"","jetpack_publicize_feature_enabled":true,"jetpack_social_post_already_shared":true,"jetpack_social_options":{"image_generator_settings":{"template":"highway","enabled":false},"version":2}},"categories":[1,17],"tags":[535,1087,1002],"class_list":["post-8380","post","type-post","status-publish","format-standard","has-post-thumbnail","hentry","category-bolivia","category-opinion","tag-gamal-serhan","tag-patibulo","tag-redes-sociales"],"jetpack_publicize_connections":[],"yoast_head":"<!-- This site is optimized with the Yoast SEO plugin v23.4 - https:\/\/yoast.com\/wordpress\/plugins\/seo\/ -->\n<title>LAS REDES SOCIALES: EL NUEVO PAT\u00cdBULO DEL SIGLO XXI - innoticiasbo.com<\/title>\n<meta name=\"robots\" content=\"index, follow, max-snippet:-1, max-image-preview:large, max-video-preview:-1\" \/>\n<link rel=\"canonical\" href=\"https:\/\/innoticiasbo.com\/index.php\/2025\/12\/04\/las-redes-sociales-el-nuevo-patibulo-del-siglo-xxi\/\" \/>\n<meta property=\"og:locale\" content=\"es_ES\" \/>\n<meta property=\"og:type\" content=\"article\" \/>\n<meta property=\"og:title\" content=\"LAS REDES SOCIALES: EL NUEVO PAT\u00cdBULO DEL SIGLO XXI - innoticiasbo.com\" \/>\n<meta property=\"og:description\" content=\"Gamal Serhan Jaldin (@gamalbolivia) La historia del castigo p\u00fablico siempre tuvo dos ingredientes centrales: el escarnio y la audiencia. No se trataba solo de sancionar una falta, sino de hacerlo frente a todos para reforzar un orden moral. Hoy el escenario cambi\u00f3, pero la l\u00f3gica se mantiene. El pat\u00edbulo ya no se levanta en una...\" \/>\n<meta property=\"og:url\" content=\"https:\/\/innoticiasbo.com\/index.php\/2025\/12\/04\/las-redes-sociales-el-nuevo-patibulo-del-siglo-xxi\/\" \/>\n<meta property=\"og:site_name\" content=\"innoticiasbo.com\" \/>\n<meta property=\"article:publisher\" content=\"https:\/\/www.facebook.com\/innoticiasbolivia\" \/>\n<meta property=\"article:published_time\" content=\"2025-12-04T16:07:25+00:00\" \/>\n<meta property=\"article:modified_time\" content=\"2025-12-04T16:07:59+00:00\" \/>\n<meta property=\"og:image\" content=\"https:\/\/i0.wp.com\/innoticiasbo.com\/wp-content\/uploads\/2025\/12\/IMG-20251204-WA0126.jpg?fit=1080%2C1080&ssl=1\" \/>\n\t<meta property=\"og:image:width\" content=\"1080\" \/>\n\t<meta property=\"og:image:height\" content=\"1080\" \/>\n\t<meta property=\"og:image:type\" content=\"image\/jpeg\" \/>\n<meta name=\"author\" content=\"Prensa\" \/>\n<meta name=\"twitter:card\" content=\"summary_large_image\" \/>\n<meta name=\"twitter:creator\" content=\"@innoticiasbo\" \/>\n<meta name=\"twitter:site\" content=\"@innoticiasbo\" \/>\n<meta name=\"twitter:label1\" content=\"Escrito por\" \/>\n\t<meta name=\"twitter:data1\" content=\"Prensa\" \/>\n\t<meta name=\"twitter:label2\" content=\"Tiempo de lectura\" \/>\n\t<meta name=\"twitter:data2\" content=\"3 minutos\" \/>\n<script type=\"application\/ld+json\" class=\"yoast-schema-graph\">{\"@context\":\"https:\/\/schema.org\",\"@graph\":[{\"@type\":\"Article\",\"@id\":\"https:\/\/innoticiasbo.com\/index.php\/2025\/12\/04\/las-redes-sociales-el-nuevo-patibulo-del-siglo-xxi\/#article\",\"isPartOf\":{\"@id\":\"https:\/\/innoticiasbo.com\/index.php\/2025\/12\/04\/las-redes-sociales-el-nuevo-patibulo-del-siglo-xxi\/\"},\"author\":{\"name\":\"Prensa\",\"@id\":\"https:\/\/innoticiasbo.com\/#\/schema\/person\/589cd527c4211df1b943bdad85ec07ce\"},\"headline\":\"LAS REDES SOCIALES: EL NUEVO PAT\u00cdBULO DEL SIGLO XXI\",\"datePublished\":\"2025-12-04T16:07:25+00:00\",\"dateModified\":\"2025-12-04T16:07:59+00:00\",\"mainEntityOfPage\":{\"@id\":\"https:\/\/innoticiasbo.com\/index.php\/2025\/12\/04\/las-redes-sociales-el-nuevo-patibulo-del-siglo-xxi\/\"},\"wordCount\":645,\"commentCount\":0,\"publisher\":{\"@id\":\"https:\/\/innoticiasbo.com\/#organization\"},\"image\":{\"@id\":\"https:\/\/innoticiasbo.com\/index.php\/2025\/12\/04\/las-redes-sociales-el-nuevo-patibulo-del-siglo-xxi\/#primaryimage\"},\"thumbnailUrl\":\"https:\/\/i0.wp.com\/innoticiasbo.com\/wp-content\/uploads\/2025\/12\/IMG-20251204-WA0126.jpg?fit=1080%2C1080&ssl=1\",\"keywords\":[\"Gamal Serhan\",\"pat\u00edbulo\",\"redes sociales\"],\"articleSection\":[\"Bolivia\",\"Opini\u00f3n\"],\"inLanguage\":\"es\",\"potentialAction\":[{\"@type\":\"CommentAction\",\"name\":\"Comment\",\"target\":[\"https:\/\/innoticiasbo.com\/index.php\/2025\/12\/04\/las-redes-sociales-el-nuevo-patibulo-del-siglo-xxi\/#respond\"]}]},{\"@type\":\"WebPage\",\"@id\":\"https:\/\/innoticiasbo.com\/index.php\/2025\/12\/04\/las-redes-sociales-el-nuevo-patibulo-del-siglo-xxi\/\",\"url\":\"https:\/\/innoticiasbo.com\/index.php\/2025\/12\/04\/las-redes-sociales-el-nuevo-patibulo-del-siglo-xxi\/\",\"name\":\"LAS REDES SOCIALES: EL NUEVO PAT\u00cdBULO DEL SIGLO XXI - innoticiasbo.com\",\"isPartOf\":{\"@id\":\"https:\/\/innoticiasbo.com\/#website\"},\"primaryImageOfPage\":{\"@id\":\"https:\/\/innoticiasbo.com\/index.php\/2025\/12\/04\/las-redes-sociales-el-nuevo-patibulo-del-siglo-xxi\/#primaryimage\"},\"image\":{\"@id\":\"https:\/\/innoticiasbo.com\/index.php\/2025\/12\/04\/las-redes-sociales-el-nuevo-patibulo-del-siglo-xxi\/#primaryimage\"},\"thumbnailUrl\":\"https:\/\/i0.wp.com\/innoticiasbo.com\/wp-content\/uploads\/2025\/12\/IMG-20251204-WA0126.jpg?fit=1080%2C1080&ssl=1\",\"datePublished\":\"2025-12-04T16:07:25+00:00\",\"dateModified\":\"2025-12-04T16:07:59+00:00\",\"breadcrumb\":{\"@id\":\"https:\/\/innoticiasbo.com\/index.php\/2025\/12\/04\/las-redes-sociales-el-nuevo-patibulo-del-siglo-xxi\/#breadcrumb\"},\"inLanguage\":\"es\",\"potentialAction\":[{\"@type\":\"ReadAction\",\"target\":[\"https:\/\/innoticiasbo.com\/index.php\/2025\/12\/04\/las-redes-sociales-el-nuevo-patibulo-del-siglo-xxi\/\"]}]},{\"@type\":\"ImageObject\",\"inLanguage\":\"es\",\"@id\":\"https:\/\/innoticiasbo.com\/index.php\/2025\/12\/04\/las-redes-sociales-el-nuevo-patibulo-del-siglo-xxi\/#primaryimage\",\"url\":\"https:\/\/i0.wp.com\/innoticiasbo.com\/wp-content\/uploads\/2025\/12\/IMG-20251204-WA0126.jpg?fit=1080%2C1080&ssl=1\",\"contentUrl\":\"https:\/\/i0.wp.com\/innoticiasbo.com\/wp-content\/uploads\/2025\/12\/IMG-20251204-WA0126.jpg?fit=1080%2C1080&ssl=1\",\"width\":1080,\"height\":1080},{\"@type\":\"BreadcrumbList\",\"@id\":\"https:\/\/innoticiasbo.com\/index.php\/2025\/12\/04\/las-redes-sociales-el-nuevo-patibulo-del-siglo-xxi\/#breadcrumb\",\"itemListElement\":[{\"@type\":\"ListItem\",\"position\":1,\"name\":\"Portada\",\"item\":\"https:\/\/innoticiasbo.com\/\"},{\"@type\":\"ListItem\",\"position\":2,\"name\":\"LAS REDES SOCIALES: EL NUEVO PAT\u00cdBULO DEL SIGLO XXI\"}]},{\"@type\":\"WebSite\",\"@id\":\"https:\/\/innoticiasbo.com\/#website\",\"url\":\"https:\/\/innoticiasbo.com\/\",\"name\":\"innoticiasbo.com\",\"description\":\"\",\"publisher\":{\"@id\":\"https:\/\/innoticiasbo.com\/#organization\"},\"potentialAction\":[{\"@type\":\"SearchAction\",\"target\":{\"@type\":\"EntryPoint\",\"urlTemplate\":\"https:\/\/innoticiasbo.com\/?s={search_term_string}\"},\"query-input\":{\"@type\":\"PropertyValueSpecification\",\"valueRequired\":true,\"valueName\":\"search_term_string\"}}],\"inLanguage\":\"es\"},{\"@type\":\"Organization\",\"@id\":\"https:\/\/innoticiasbo.com\/#organization\",\"name\":\"innoticiasbo.com\",\"url\":\"https:\/\/innoticiasbo.com\/\",\"logo\":{\"@type\":\"ImageObject\",\"inLanguage\":\"es\",\"@id\":\"https:\/\/innoticiasbo.com\/#\/schema\/logo\/image\/\",\"url\":\"https:\/\/i0.wp.com\/innoticiasbo.com\/wp-content\/uploads\/2026\/04\/cropped-IN-LOGO.png?fit=1476%2C1476&ssl=1\",\"contentUrl\":\"https:\/\/i0.wp.com\/innoticiasbo.com\/wp-content\/uploads\/2026\/04\/cropped-IN-LOGO.png?fit=1476%2C1476&ssl=1\",\"width\":1476,\"height\":1476,\"caption\":\"innoticiasbo.com\"},\"image\":{\"@id\":\"https:\/\/innoticiasbo.com\/#\/schema\/logo\/image\/\"},\"sameAs\":[\"https:\/\/www.facebook.com\/innoticiasbolivia\",\"https:\/\/x.com\/innoticiasbo\",\"https:\/\/www.instagram.com\/innoticiasbo\",\"https:\/\/www.youtube.com\/innoticiasbo\"]},{\"@type\":\"Person\",\"@id\":\"https:\/\/innoticiasbo.com\/#\/schema\/person\/589cd527c4211df1b943bdad85ec07ce\",\"name\":\"Prensa\",\"image\":{\"@type\":\"ImageObject\",\"inLanguage\":\"es\",\"@id\":\"https:\/\/innoticiasbo.com\/#\/schema\/person\/image\/\",\"url\":\"https:\/\/secure.gravatar.com\/avatar\/d359bbdf112023c1c0a3ec7fe1600657?s=96&d=mm&r=g\",\"contentUrl\":\"https:\/\/secure.gravatar.com\/avatar\/d359bbdf112023c1c0a3ec7fe1600657?s=96&d=mm&r=g\",\"caption\":\"Prensa\"},\"sameAs\":[\"http:\/\/www.innoticiasbo.com\"],\"url\":\"https:\/\/innoticiasbo.com\/index.php\/author\/prensa\/\"}]}<\/script>\n<!-- \/ Yoast SEO plugin. -->","yoast_head_json":{"title":"LAS REDES SOCIALES: EL NUEVO PAT\u00cdBULO DEL SIGLO XXI - innoticiasbo.com","robots":{"index":"index","follow":"follow","max-snippet":"max-snippet:-1","max-image-preview":"max-image-preview:large","max-video-preview":"max-video-preview:-1"},"canonical":"https:\/\/innoticiasbo.com\/index.php\/2025\/12\/04\/las-redes-sociales-el-nuevo-patibulo-del-siglo-xxi\/","og_locale":"es_ES","og_type":"article","og_title":"LAS REDES SOCIALES: EL NUEVO PAT\u00cdBULO DEL SIGLO XXI - innoticiasbo.com","og_description":"Gamal Serhan Jaldin (@gamalbolivia) La historia del castigo p\u00fablico siempre tuvo dos ingredientes centrales: el escarnio y la audiencia. No se trataba solo de sancionar una falta, sino de hacerlo frente a todos para reforzar un orden moral. Hoy el escenario cambi\u00f3, pero la l\u00f3gica se mantiene. El pat\u00edbulo ya no se levanta en una...","og_url":"https:\/\/innoticiasbo.com\/index.php\/2025\/12\/04\/las-redes-sociales-el-nuevo-patibulo-del-siglo-xxi\/","og_site_name":"innoticiasbo.com","article_publisher":"https:\/\/www.facebook.com\/innoticiasbolivia","article_published_time":"2025-12-04T16:07:25+00:00","article_modified_time":"2025-12-04T16:07:59+00:00","og_image":[{"width":1080,"height":1080,"url":"https:\/\/i0.wp.com\/innoticiasbo.com\/wp-content\/uploads\/2025\/12\/IMG-20251204-WA0126.jpg?fit=1080%2C1080&ssl=1","type":"image\/jpeg"}],"author":"Prensa","twitter_card":"summary_large_image","twitter_creator":"@innoticiasbo","twitter_site":"@innoticiasbo","twitter_misc":{"Escrito por":"Prensa","Tiempo de lectura":"3 minutos"},"schema":{"@context":"https:\/\/schema.org","@graph":[{"@type":"Article","@id":"https:\/\/innoticiasbo.com\/index.php\/2025\/12\/04\/las-redes-sociales-el-nuevo-patibulo-del-siglo-xxi\/#article","isPartOf":{"@id":"https:\/\/innoticiasbo.com\/index.php\/2025\/12\/04\/las-redes-sociales-el-nuevo-patibulo-del-siglo-xxi\/"},"author":{"name":"Prensa","@id":"https:\/\/innoticiasbo.com\/#\/schema\/person\/589cd527c4211df1b943bdad85ec07ce"},"headline":"LAS REDES SOCIALES: EL NUEVO PAT\u00cdBULO DEL SIGLO XXI","datePublished":"2025-12-04T16:07:25+00:00","dateModified":"2025-12-04T16:07:59+00:00","mainEntityOfPage":{"@id":"https:\/\/innoticiasbo.com\/index.php\/2025\/12\/04\/las-redes-sociales-el-nuevo-patibulo-del-siglo-xxi\/"},"wordCount":645,"commentCount":0,"publisher":{"@id":"https:\/\/innoticiasbo.com\/#organization"},"image":{"@id":"https:\/\/innoticiasbo.com\/index.php\/2025\/12\/04\/las-redes-sociales-el-nuevo-patibulo-del-siglo-xxi\/#primaryimage"},"thumbnailUrl":"https:\/\/i0.wp.com\/innoticiasbo.com\/wp-content\/uploads\/2025\/12\/IMG-20251204-WA0126.jpg?fit=1080%2C1080&ssl=1","keywords":["Gamal Serhan","pat\u00edbulo","redes sociales"],"articleSection":["Bolivia","Opini\u00f3n"],"inLanguage":"es","potentialAction":[{"@type":"CommentAction","name":"Comment","target":["https:\/\/innoticiasbo.com\/index.php\/2025\/12\/04\/las-redes-sociales-el-nuevo-patibulo-del-siglo-xxi\/#respond"]}]},{"@type":"WebPage","@id":"https:\/\/innoticiasbo.com\/index.php\/2025\/12\/04\/las-redes-sociales-el-nuevo-patibulo-del-siglo-xxi\/","url":"https:\/\/innoticiasbo.com\/index.php\/2025\/12\/04\/las-redes-sociales-el-nuevo-patibulo-del-siglo-xxi\/","name":"LAS REDES SOCIALES: EL NUEVO PAT\u00cdBULO DEL SIGLO XXI - innoticiasbo.com","isPartOf":{"@id":"https:\/\/innoticiasbo.com\/#website"},"primaryImageOfPage":{"@id":"https:\/\/innoticiasbo.com\/index.php\/2025\/12\/04\/las-redes-sociales-el-nuevo-patibulo-del-siglo-xxi\/#primaryimage"},"image":{"@id":"https:\/\/innoticiasbo.com\/index.php\/2025\/12\/04\/las-redes-sociales-el-nuevo-patibulo-del-siglo-xxi\/#primaryimage"},"thumbnailUrl":"https:\/\/i0.wp.com\/innoticiasbo.com\/wp-content\/uploads\/2025\/12\/IMG-20251204-WA0126.jpg?fit=1080%2C1080&ssl=1","datePublished":"2025-12-04T16:07:25+00:00","dateModified":"2025-12-04T16:07:59+00:00","breadcrumb":{"@id":"https:\/\/innoticiasbo.com\/index.php\/2025\/12\/04\/las-redes-sociales-el-nuevo-patibulo-del-siglo-xxi\/#breadcrumb"},"inLanguage":"es","potentialAction":[{"@type":"ReadAction","target":["https:\/\/innoticiasbo.com\/index.php\/2025\/12\/04\/las-redes-sociales-el-nuevo-patibulo-del-siglo-xxi\/"]}]},{"@type":"ImageObject","inLanguage":"es","@id":"https:\/\/innoticiasbo.com\/index.php\/2025\/12\/04\/las-redes-sociales-el-nuevo-patibulo-del-siglo-xxi\/#primaryimage","url":"https:\/\/i0.wp.com\/innoticiasbo.com\/wp-content\/uploads\/2025\/12\/IMG-20251204-WA0126.jpg?fit=1080%2C1080&ssl=1","contentUrl":"https:\/\/i0.wp.com\/innoticiasbo.com\/wp-content\/uploads\/2025\/12\/IMG-20251204-WA0126.jpg?fit=1080%2C1080&ssl=1","width":1080,"height":1080},{"@type":"BreadcrumbList","@id":"https:\/\/innoticiasbo.com\/index.php\/2025\/12\/04\/las-redes-sociales-el-nuevo-patibulo-del-siglo-xxi\/#breadcrumb","itemListElement":[{"@type":"ListItem","position":1,"name":"Portada","item":"https:\/\/innoticiasbo.com\/"},{"@type":"ListItem","position":2,"name":"LAS REDES SOCIALES: EL NUEVO PAT\u00cdBULO DEL SIGLO XXI"}]},{"@type":"WebSite","@id":"https:\/\/innoticiasbo.com\/#website","url":"https:\/\/innoticiasbo.com\/","name":"innoticiasbo.com","description":"","publisher":{"@id":"https:\/\/innoticiasbo.com\/#organization"},"potentialAction":[{"@type":"SearchAction","target":{"@type":"EntryPoint","urlTemplate":"https:\/\/innoticiasbo.com\/?s={search_term_string}"},"query-input":{"@type":"PropertyValueSpecification","valueRequired":true,"valueName":"search_term_string"}}],"inLanguage":"es"},{"@type":"Organization","@id":"https:\/\/innoticiasbo.com\/#organization","name":"innoticiasbo.com","url":"https:\/\/innoticiasbo.com\/","logo":{"@type":"ImageObject","inLanguage":"es","@id":"https:\/\/innoticiasbo.com\/#\/schema\/logo\/image\/","url":"https:\/\/i0.wp.com\/innoticiasbo.com\/wp-content\/uploads\/2026\/04\/cropped-IN-LOGO.png?fit=1476%2C1476&ssl=1","contentUrl":"https:\/\/i0.wp.com\/innoticiasbo.com\/wp-content\/uploads\/2026\/04\/cropped-IN-LOGO.png?fit=1476%2C1476&ssl=1","width":1476,"height":1476,"caption":"innoticiasbo.com"},"image":{"@id":"https:\/\/innoticiasbo.com\/#\/schema\/logo\/image\/"},"sameAs":["https:\/\/www.facebook.com\/innoticiasbolivia","https:\/\/x.com\/innoticiasbo","https:\/\/www.instagram.com\/innoticiasbo","https:\/\/www.youtube.com\/innoticiasbo"]},{"@type":"Person","@id":"https:\/\/innoticiasbo.com\/#\/schema\/person\/589cd527c4211df1b943bdad85ec07ce","name":"Prensa","image":{"@type":"ImageObject","inLanguage":"es","@id":"https:\/\/innoticiasbo.com\/#\/schema\/person\/image\/","url":"https:\/\/secure.gravatar.com\/avatar\/d359bbdf112023c1c0a3ec7fe1600657?s=96&d=mm&r=g","contentUrl":"https:\/\/secure.gravatar.com\/avatar\/d359bbdf112023c1c0a3ec7fe1600657?s=96&d=mm&r=g","caption":"Prensa"},"sameAs":["http:\/\/www.innoticiasbo.com"],"url":"https:\/\/innoticiasbo.com\/index.php\/author\/prensa\/"}]}},"jetpack_featured_media_url":"https:\/\/i0.wp.com\/innoticiasbo.com\/wp-content\/uploads\/2025\/12\/IMG-20251204-WA0126.jpg?fit=1080%2C1080&ssl=1","jetpack_likes_enabled":true,"jetpack_sharing_enabled":true,"jetpack_shortlink":"https:\/\/wp.me\/pg298x-2ba","_links":{"self":[{"href":"https:\/\/innoticiasbo.com\/index.php\/wp-json\/wp\/v2\/posts\/8380","targetHints":{"allow":["GET"]}}],"collection":[{"href":"https:\/\/innoticiasbo.com\/index.php\/wp-json\/wp\/v2\/posts"}],"about":[{"href":"https:\/\/innoticiasbo.com\/index.php\/wp-json\/wp\/v2\/types\/post"}],"author":[{"embeddable":true,"href":"https:\/\/innoticiasbo.com\/index.php\/wp-json\/wp\/v2\/users\/2"}],"replies":[{"embeddable":true,"href":"https:\/\/innoticiasbo.com\/index.php\/wp-json\/wp\/v2\/comments?post=8380"}],"version-history":[{"count":1,"href":"https:\/\/innoticiasbo.com\/index.php\/wp-json\/wp\/v2\/posts\/8380\/revisions"}],"predecessor-version":[{"id":8381,"href":"https:\/\/innoticiasbo.com\/index.php\/wp-json\/wp\/v2\/posts\/8380\/revisions\/8381"}],"wp:featuredmedia":[{"embeddable":true,"href":"https:\/\/innoticiasbo.com\/index.php\/wp-json\/wp\/v2\/media\/8379"}],"wp:attachment":[{"href":"https:\/\/innoticiasbo.com\/index.php\/wp-json\/wp\/v2\/media?parent=8380"}],"wp:term":[{"taxonomy":"category","embeddable":true,"href":"https:\/\/innoticiasbo.com\/index.php\/wp-json\/wp\/v2\/categories?post=8380"},{"taxonomy":"post_tag","embeddable":true,"href":"https:\/\/innoticiasbo.com\/index.php\/wp-json\/wp\/v2\/tags?post=8380"}],"curies":[{"name":"wp","href":"https:\/\/api.w.org\/{rel}","templated":true}]}}