{"id":8370,"date":"2025-12-03T16:16:23","date_gmt":"2025-12-03T20:16:23","guid":{"rendered":"https:\/\/innoticiasbo.com\/?p=8370"},"modified":"2025-12-03T16:17:46","modified_gmt":"2025-12-03T20:17:46","slug":"por-que-hablar-de-la-chicha","status":"publish","type":"post","link":"https:\/\/innoticiasbo.com\/index.php\/2025\/12\/03\/por-que-hablar-de-la-chicha\/","title":{"rendered":"\u00bfPOR QU\u00c9 HABLAR DE LA CHICHA?"},"content":{"rendered":"<p>La historia de Cochabamba se escribe con ma\u00edz fermentado. Hasta fines del siglo XIX, la chicha \u2014m\u00e1s que una bebida\u2014 era el territorio neutral donde patr\u00f3n y pe\u00f3n compart\u00edan mesa y disolv\u00edan, en \u00e1ureo licor, jerarqu\u00edas, formalidades y prejuicios. Pero esa democracia espont\u00e1nea, biling\u00fce y multicolor, result\u00f3 cada vez m\u00e1s inc\u00f3moda para la \u00e9lite afrancesada que, sin remordimiento, hubiera cambiado el chicharr\u00f3n por el Cordon Bleu. As\u00ed, mientras la ciudad financiaba su postal de progreso con los impuestos a la chicha, la misma Municipalidad expulsaba a las chicher\u00edas como si fueran un c\u00e1ncer urbano. Hoy, cuando la \u201creconciliaci\u00f3n social\u201d est\u00e1 reducida a eslogan de campa\u00f1a, recordar esta fractura \u2014y el rol que en ella jug\u00f3 la bebida ancestral\u2014 es un paso s\u00f3lido hacia un verdadero reencuentro entre cochabambinos.<\/p>\n<p><img data-recalc-dims=\"1\" loading=\"lazy\" decoding=\"async\" src=\"https:\/\/i0.wp.com\/innoticiasbo.com\/wp-content\/uploads\/2025\/12\/columna-de-opinion-in-noticias_20251203_161319_00006144706041558653953.jpg?resize=640%2C640&#038;ssl=1\" class=\"wp-image-8368 alignnone size-full\" width=\"640\" height=\"640\" srcset=\"https:\/\/i0.wp.com\/innoticiasbo.com\/wp-content\/uploads\/2025\/12\/columna-de-opinion-in-noticias_20251203_161319_00006144706041558653953.jpg?w=1080&amp;ssl=1 1080w, https:\/\/i0.wp.com\/innoticiasbo.com\/wp-content\/uploads\/2025\/12\/columna-de-opinion-in-noticias_20251203_161319_00006144706041558653953.jpg?resize=300%2C300&amp;ssl=1 300w, https:\/\/i0.wp.com\/innoticiasbo.com\/wp-content\/uploads\/2025\/12\/columna-de-opinion-in-noticias_20251203_161319_00006144706041558653953.jpg?resize=1024%2C1024&amp;ssl=1 1024w, https:\/\/i0.wp.com\/innoticiasbo.com\/wp-content\/uploads\/2025\/12\/columna-de-opinion-in-noticias_20251203_161319_00006144706041558653953.jpg?resize=150%2C150&amp;ssl=1 150w, https:\/\/i0.wp.com\/innoticiasbo.com\/wp-content\/uploads\/2025\/12\/columna-de-opinion-in-noticias_20251203_161319_00006144706041558653953.jpg?resize=768%2C768&amp;ssl=1 768w\" sizes=\"auto, (max-width: 640px) 100vw, 640px\" \/><\/p>\n<p>Me atrevo a exhumar este recuerdo inc\u00f3modo tras leer el maravilloso libro \u201cMa\u00edz, Chicha y Modernidad\u201d, de H. Solares y G. Rodr\u00edguez, que desentra\u00f1a la historia de la chicha en Cochabamba. Con gran amenidad, describe dos periodos curiosamente contradictorios: uno de expansi\u00f3n y \u201ctolerancia\u201d (1825-1879), y otro de represi\u00f3n y exilio forzoso (1880-1900).<\/p>\n<p>En su paso por la Llajta en 1835, Alcide d&#8217;Orbigny escribi\u00f3 con asombro: \u201cNada iguala la pasi\u00f3n que los indios y los mestizos tienen por la chicha\u201d. Infaltable en la mesa desnuda del artesano y en el fest\u00edn del patr\u00f3n, del negociante pr\u00f3spero, del p\u00e1rroco intransigente o del pol\u00edtico influyente, era el motor de la fiesta, de la pasi\u00f3n amorosa, de la pelea callejera y hasta del nacimiento de sociedades comerciales. Sin embargo, con los a\u00f1os, los caballeros de bast\u00f3n, levita, sombrero y aliento olor a an\u00eds empezaron a sentir alergia a esos establecimientos donde el glamour era aplastado por la bulla, los banderines blancos, las rikunchinchus y una multitud que devoraba chicharr\u00f3n, picantes y laguas y beb\u00eda ingentes cantidades de chicha al ritmo de cuecas, huay\u00f1os y bailecitos.<\/p>\n<p>Fue as\u00ed que, en nombre de una \u201cmodernizaci\u00f3n\u201d basada en imposibles c\u00e1nones europeos, se emprendi\u00f3 la cacer\u00eda. La narrativa fue deliberadamente ofensiva y gener\u00f3 fisuras, fracturas y heridas que perduran hasta hoy en una sociedad acentuadamente heterog\u00e9nea. Se acus\u00f3 a las chicher\u00edas de fomentar el vicio y la holgazaner\u00eda. La chicha fue estigmatizada como la tentaci\u00f3n donde el obrero pecador derrochaba el fruto de su trabajo. El matutino \u201cEl Heraldo\u201d lleg\u00f3 al exceso de tildarla de \u201cbebida que fomenta las fiebres y los sarampiones y diezma a la poblaci\u00f3n de una manera espantosa\u201d. De pronto, las chicher\u00edas cargaron con toda la culpa de la insalubridad y la inseguridad. Su desalojo, sin embargo, no vino acompa\u00f1ado de ninguna soluci\u00f3n real. No se erradicaron los basurales, no se tendi\u00f3 el alcantarillado, no se atac\u00f3 la desigualdad social ni se contuvo el narcotr\u00e1fico, importantes coautores del peligro y las enfermedades.<\/p>\n<p>Con las patentes y los impuestos desmedidos sobre la chicha y el muko, la Municipalidad financi\u00f3 obras que usted, estimado cochalo experto en chismes de barrio pero ajeno a nuestra historia urbana, ni se imagina: el Estadio F\u00e9lix Capriles (nombrado en honor de un promotor del deporte y, no por casualidad, recaudador del impuesto a la chicha), la Casa de la Cultura, el Mercado Central, la apertura de la Av. Blanco Galindo, terrenos para la UMSS, redes de agua potable, alcantarillado, colegios y un largu\u00edsimo etc\u00e9tera. Eran tan cuantiosos los recursos que generaba que, faltaba m\u00e1s, fue tambi\u00e9n fuente de corrupci\u00f3n. Los funcionarios de entonces recurrieron a aquella pr\u00e1ctica \u2014tan ancestral como la chicha\u2014 en la que somos tan virtuosos: el \u201credireccionamiento creativo\u201d de fondos, maquillando registros de chicher\u00edas y evaporando cantidades de botellas vendidas como por arte de magia contable.<\/p>\n<p>\u00bfPor qu\u00e9 hablar de la chicha? Porque durante siglos fue el sistema circulatorio de nuestra econom\u00eda. Porque sin ella ser\u00edamos hu\u00e9rfanos de cultura regional. Porque la chicher\u00eda acompa\u00f1\u00f3 nuestra trama urbana desde la fundaci\u00f3n y dio lugar a importantes suburbios como Cala Cala, Recoleta o Muyurina. Porque consigui\u00f3 lo que la pol\u00edtica nunca logr\u00f3: crear fraternidad entre cholos y mestizos que, frente a una machujarra, se volv\u00edan \u201cvallunos\u201d. Porque nuestros parques y v\u00edas homenajean a latifundistas, presidentes extranjeros y fil\u00f3sofos lejanos, pero ni un miserable callej\u00f3n recuerda a la \u201cfondista\u201d Hip\u00f3lita Abasto.<\/p>\n<p>Ninguna ola modernizadora, cargada de glamour importado y complejos de inferioridad, ha logrado quebrantar a la chicha, ra\u00edz fuerte y profunda de la identidad cochabambina. El desaf\u00edo es enriquecer esta identidad, conciliando lo que debe conciliarse y corrigiendo lo que debe corregirse. Basta la sencilla iniciativa de introducirla en restaurantes para que ocupe su lugar leg\u00edtimo junto a singanis y vinos. No se trata de beberla hasta perder la consciencia, sino de honrar lo que simboliza. A puertas de las elecciones subnacionales, empezar a saldar esa deuda hist\u00f3rica ser\u00eda el brindis m\u00e1s aut\u00e9ntico.<\/p>\n","protected":false},"excerpt":{"rendered":"<p>La historia de Cochabamba se escribe con ma\u00edz fermentado. Hasta fines del siglo XIX, la chicha \u2014m\u00e1s que una bebida\u2014 era el territorio neutral donde patr\u00f3n y pe\u00f3n compart\u00edan mesa y disolv\u00edan, en \u00e1ureo licor, jerarqu\u00edas, formalidades y prejuicios. Pero esa democracia espont\u00e1nea, biling\u00fce y multicolor, result\u00f3 cada vez m\u00e1s inc\u00f3moda para la \u00e9lite afrancesada&#8230;<\/p>\n","protected":false},"author":2,"featured_media":8369,"comment_status":"open","ping_status":"open","sticky":false,"template":"","format":"standard","meta":{"_jetpack_memberships_contains_paid_content":false,"footnotes":"","jetpack_publicize_message":"","jetpack_publicize_feature_enabled":true,"jetpack_social_post_already_shared":true,"jetpack_social_options":{"image_generator_settings":{"template":"highway","enabled":false},"version":2}},"categories":[1,2,17],"tags":[1085,601,1084,855],"class_list":["post-8370","post","type-post","status-publish","format-standard","has-post-thumbnail","hentry","category-bolivia","category-cochabamba","category-opinion","tag-chicha","tag-cultura","tag-dennis-lema-andrea-de","tag-historia"],"jetpack_publicize_connections":[],"yoast_head":"<!-- This site is optimized with the Yoast SEO plugin v23.4 - https:\/\/yoast.com\/wordpress\/plugins\/seo\/ -->\n<title>\u00bfPOR QU\u00c9 HABLAR DE LA CHICHA? - innoticiasbo.com<\/title>\n<meta name=\"robots\" content=\"index, follow, max-snippet:-1, max-image-preview:large, max-video-preview:-1\" \/>\n<link rel=\"canonical\" href=\"https:\/\/innoticiasbo.com\/index.php\/2025\/12\/03\/por-que-hablar-de-la-chicha\/\" \/>\n<meta property=\"og:locale\" content=\"es_ES\" \/>\n<meta property=\"og:type\" content=\"article\" \/>\n<meta property=\"og:title\" content=\"\u00bfPOR QU\u00c9 HABLAR DE LA CHICHA? - innoticiasbo.com\" \/>\n<meta property=\"og:description\" content=\"La historia de Cochabamba se escribe con ma\u00edz fermentado. Hasta fines del siglo XIX, la chicha \u2014m\u00e1s que una bebida\u2014 era el territorio neutral donde patr\u00f3n y pe\u00f3n compart\u00edan mesa y disolv\u00edan, en \u00e1ureo licor, jerarqu\u00edas, formalidades y prejuicios. Pero esa democracia espont\u00e1nea, biling\u00fce y multicolor, result\u00f3 cada vez m\u00e1s inc\u00f3moda para la \u00e9lite afrancesada...\" \/>\n<meta property=\"og:url\" content=\"https:\/\/innoticiasbo.com\/index.php\/2025\/12\/03\/por-que-hablar-de-la-chicha\/\" \/>\n<meta property=\"og:site_name\" content=\"innoticiasbo.com\" \/>\n<meta property=\"article:publisher\" content=\"https:\/\/www.facebook.com\/innoticiasbolivia\" \/>\n<meta property=\"article:published_time\" content=\"2025-12-03T20:16:23+00:00\" \/>\n<meta property=\"article:modified_time\" content=\"2025-12-03T20:17:46+00:00\" \/>\n<meta property=\"og:image\" content=\"https:\/\/i0.wp.com\/innoticiasbo.com\/wp-content\/uploads\/2025\/12\/COLUMNA-DE-OPINION-IN-NOTICIAS_20251203_161319_0000.png?fit=1080%2C1080&ssl=1\" \/>\n\t<meta property=\"og:image:width\" content=\"1080\" \/>\n\t<meta property=\"og:image:height\" content=\"1080\" \/>\n\t<meta property=\"og:image:type\" content=\"image\/png\" \/>\n<meta name=\"author\" content=\"Prensa\" \/>\n<meta name=\"twitter:card\" content=\"summary_large_image\" \/>\n<meta name=\"twitter:creator\" content=\"@innoticiasbo\" \/>\n<meta name=\"twitter:site\" content=\"@innoticiasbo\" \/>\n<meta name=\"twitter:label1\" content=\"Escrito por\" \/>\n\t<meta name=\"twitter:data1\" content=\"Prensa\" \/>\n\t<meta name=\"twitter:label2\" content=\"Tiempo de lectura\" \/>\n\t<meta name=\"twitter:data2\" content=\"4 minutos\" \/>\n<script type=\"application\/ld+json\" class=\"yoast-schema-graph\">{\"@context\":\"https:\/\/schema.org\",\"@graph\":[{\"@type\":\"Article\",\"@id\":\"https:\/\/innoticiasbo.com\/index.php\/2025\/12\/03\/por-que-hablar-de-la-chicha\/#article\",\"isPartOf\":{\"@id\":\"https:\/\/innoticiasbo.com\/index.php\/2025\/12\/03\/por-que-hablar-de-la-chicha\/\"},\"author\":{\"name\":\"Prensa\",\"@id\":\"https:\/\/innoticiasbo.com\/#\/schema\/person\/589cd527c4211df1b943bdad85ec07ce\"},\"headline\":\"\u00bfPOR QU\u00c9 HABLAR DE LA CHICHA?\",\"datePublished\":\"2025-12-03T20:16:23+00:00\",\"dateModified\":\"2025-12-03T20:17:46+00:00\",\"mainEntityOfPage\":{\"@id\":\"https:\/\/innoticiasbo.com\/index.php\/2025\/12\/03\/por-que-hablar-de-la-chicha\/\"},\"wordCount\":863,\"commentCount\":0,\"publisher\":{\"@id\":\"https:\/\/innoticiasbo.com\/#organization\"},\"image\":{\"@id\":\"https:\/\/innoticiasbo.com\/index.php\/2025\/12\/03\/por-que-hablar-de-la-chicha\/#primaryimage\"},\"thumbnailUrl\":\"https:\/\/i0.wp.com\/innoticiasbo.com\/wp-content\/uploads\/2025\/12\/COLUMNA-DE-OPINION-IN-NOTICIAS_20251203_161319_0000.png?fit=1080%2C1080&ssl=1\",\"keywords\":[\"chicha\",\"cultura\",\"Dennis Lema Andrea de\",\"historia\"],\"articleSection\":[\"Bolivia\",\"Cochabamba\",\"Opini\u00f3n\"],\"inLanguage\":\"es\",\"potentialAction\":[{\"@type\":\"CommentAction\",\"name\":\"Comment\",\"target\":[\"https:\/\/innoticiasbo.com\/index.php\/2025\/12\/03\/por-que-hablar-de-la-chicha\/#respond\"]}]},{\"@type\":\"WebPage\",\"@id\":\"https:\/\/innoticiasbo.com\/index.php\/2025\/12\/03\/por-que-hablar-de-la-chicha\/\",\"url\":\"https:\/\/innoticiasbo.com\/index.php\/2025\/12\/03\/por-que-hablar-de-la-chicha\/\",\"name\":\"\u00bfPOR QU\u00c9 HABLAR DE LA CHICHA? - innoticiasbo.com\",\"isPartOf\":{\"@id\":\"https:\/\/innoticiasbo.com\/#website\"},\"primaryImageOfPage\":{\"@id\":\"https:\/\/innoticiasbo.com\/index.php\/2025\/12\/03\/por-que-hablar-de-la-chicha\/#primaryimage\"},\"image\":{\"@id\":\"https:\/\/innoticiasbo.com\/index.php\/2025\/12\/03\/por-que-hablar-de-la-chicha\/#primaryimage\"},\"thumbnailUrl\":\"https:\/\/i0.wp.com\/innoticiasbo.com\/wp-content\/uploads\/2025\/12\/COLUMNA-DE-OPINION-IN-NOTICIAS_20251203_161319_0000.png?fit=1080%2C1080&ssl=1\",\"datePublished\":\"2025-12-03T20:16:23+00:00\",\"dateModified\":\"2025-12-03T20:17:46+00:00\",\"breadcrumb\":{\"@id\":\"https:\/\/innoticiasbo.com\/index.php\/2025\/12\/03\/por-que-hablar-de-la-chicha\/#breadcrumb\"},\"inLanguage\":\"es\",\"potentialAction\":[{\"@type\":\"ReadAction\",\"target\":[\"https:\/\/innoticiasbo.com\/index.php\/2025\/12\/03\/por-que-hablar-de-la-chicha\/\"]}]},{\"@type\":\"ImageObject\",\"inLanguage\":\"es\",\"@id\":\"https:\/\/innoticiasbo.com\/index.php\/2025\/12\/03\/por-que-hablar-de-la-chicha\/#primaryimage\",\"url\":\"https:\/\/i0.wp.com\/innoticiasbo.com\/wp-content\/uploads\/2025\/12\/COLUMNA-DE-OPINION-IN-NOTICIAS_20251203_161319_0000.png?fit=1080%2C1080&ssl=1\",\"contentUrl\":\"https:\/\/i0.wp.com\/innoticiasbo.com\/wp-content\/uploads\/2025\/12\/COLUMNA-DE-OPINION-IN-NOTICIAS_20251203_161319_0000.png?fit=1080%2C1080&ssl=1\",\"width\":1080,\"height\":1080},{\"@type\":\"BreadcrumbList\",\"@id\":\"https:\/\/innoticiasbo.com\/index.php\/2025\/12\/03\/por-que-hablar-de-la-chicha\/#breadcrumb\",\"itemListElement\":[{\"@type\":\"ListItem\",\"position\":1,\"name\":\"Portada\",\"item\":\"https:\/\/innoticiasbo.com\/\"},{\"@type\":\"ListItem\",\"position\":2,\"name\":\"\u00bfPOR QU\u00c9 HABLAR DE LA CHICHA?\"}]},{\"@type\":\"WebSite\",\"@id\":\"https:\/\/innoticiasbo.com\/#website\",\"url\":\"https:\/\/innoticiasbo.com\/\",\"name\":\"innoticiasbo.com\",\"description\":\"\",\"publisher\":{\"@id\":\"https:\/\/innoticiasbo.com\/#organization\"},\"potentialAction\":[{\"@type\":\"SearchAction\",\"target\":{\"@type\":\"EntryPoint\",\"urlTemplate\":\"https:\/\/innoticiasbo.com\/?s={search_term_string}\"},\"query-input\":{\"@type\":\"PropertyValueSpecification\",\"valueRequired\":true,\"valueName\":\"search_term_string\"}}],\"inLanguage\":\"es\"},{\"@type\":\"Organization\",\"@id\":\"https:\/\/innoticiasbo.com\/#organization\",\"name\":\"innoticiasbo.com\",\"url\":\"https:\/\/innoticiasbo.com\/\",\"logo\":{\"@type\":\"ImageObject\",\"inLanguage\":\"es\",\"@id\":\"https:\/\/innoticiasbo.com\/#\/schema\/logo\/image\/\",\"url\":\"https:\/\/i0.wp.com\/innoticiasbo.com\/wp-content\/uploads\/2026\/04\/cropped-IN-LOGO.png?fit=1476%2C1476&ssl=1\",\"contentUrl\":\"https:\/\/i0.wp.com\/innoticiasbo.com\/wp-content\/uploads\/2026\/04\/cropped-IN-LOGO.png?fit=1476%2C1476&ssl=1\",\"width\":1476,\"height\":1476,\"caption\":\"innoticiasbo.com\"},\"image\":{\"@id\":\"https:\/\/innoticiasbo.com\/#\/schema\/logo\/image\/\"},\"sameAs\":[\"https:\/\/www.facebook.com\/innoticiasbolivia\",\"https:\/\/x.com\/innoticiasbo\",\"https:\/\/www.instagram.com\/innoticiasbo\",\"https:\/\/www.youtube.com\/innoticiasbo\"]},{\"@type\":\"Person\",\"@id\":\"https:\/\/innoticiasbo.com\/#\/schema\/person\/589cd527c4211df1b943bdad85ec07ce\",\"name\":\"Prensa\",\"image\":{\"@type\":\"ImageObject\",\"inLanguage\":\"es\",\"@id\":\"https:\/\/innoticiasbo.com\/#\/schema\/person\/image\/\",\"url\":\"https:\/\/secure.gravatar.com\/avatar\/d359bbdf112023c1c0a3ec7fe1600657?s=96&d=mm&r=g\",\"contentUrl\":\"https:\/\/secure.gravatar.com\/avatar\/d359bbdf112023c1c0a3ec7fe1600657?s=96&d=mm&r=g\",\"caption\":\"Prensa\"},\"sameAs\":[\"http:\/\/www.innoticiasbo.com\"],\"url\":\"https:\/\/innoticiasbo.com\/index.php\/author\/prensa\/\"}]}<\/script>\n<!-- \/ Yoast SEO plugin. -->","yoast_head_json":{"title":"\u00bfPOR QU\u00c9 HABLAR DE LA CHICHA? - innoticiasbo.com","robots":{"index":"index","follow":"follow","max-snippet":"max-snippet:-1","max-image-preview":"max-image-preview:large","max-video-preview":"max-video-preview:-1"},"canonical":"https:\/\/innoticiasbo.com\/index.php\/2025\/12\/03\/por-que-hablar-de-la-chicha\/","og_locale":"es_ES","og_type":"article","og_title":"\u00bfPOR QU\u00c9 HABLAR DE LA CHICHA? - innoticiasbo.com","og_description":"La historia de Cochabamba se escribe con ma\u00edz fermentado. Hasta fines del siglo XIX, la chicha \u2014m\u00e1s que una bebida\u2014 era el territorio neutral donde patr\u00f3n y pe\u00f3n compart\u00edan mesa y disolv\u00edan, en \u00e1ureo licor, jerarqu\u00edas, formalidades y prejuicios. Pero esa democracia espont\u00e1nea, biling\u00fce y multicolor, result\u00f3 cada vez m\u00e1s inc\u00f3moda para la \u00e9lite afrancesada...","og_url":"https:\/\/innoticiasbo.com\/index.php\/2025\/12\/03\/por-que-hablar-de-la-chicha\/","og_site_name":"innoticiasbo.com","article_publisher":"https:\/\/www.facebook.com\/innoticiasbolivia","article_published_time":"2025-12-03T20:16:23+00:00","article_modified_time":"2025-12-03T20:17:46+00:00","og_image":[{"width":1080,"height":1080,"url":"https:\/\/i0.wp.com\/innoticiasbo.com\/wp-content\/uploads\/2025\/12\/COLUMNA-DE-OPINION-IN-NOTICIAS_20251203_161319_0000.png?fit=1080%2C1080&ssl=1","type":"image\/png"}],"author":"Prensa","twitter_card":"summary_large_image","twitter_creator":"@innoticiasbo","twitter_site":"@innoticiasbo","twitter_misc":{"Escrito por":"Prensa","Tiempo de lectura":"4 minutos"},"schema":{"@context":"https:\/\/schema.org","@graph":[{"@type":"Article","@id":"https:\/\/innoticiasbo.com\/index.php\/2025\/12\/03\/por-que-hablar-de-la-chicha\/#article","isPartOf":{"@id":"https:\/\/innoticiasbo.com\/index.php\/2025\/12\/03\/por-que-hablar-de-la-chicha\/"},"author":{"name":"Prensa","@id":"https:\/\/innoticiasbo.com\/#\/schema\/person\/589cd527c4211df1b943bdad85ec07ce"},"headline":"\u00bfPOR QU\u00c9 HABLAR DE LA CHICHA?","datePublished":"2025-12-03T20:16:23+00:00","dateModified":"2025-12-03T20:17:46+00:00","mainEntityOfPage":{"@id":"https:\/\/innoticiasbo.com\/index.php\/2025\/12\/03\/por-que-hablar-de-la-chicha\/"},"wordCount":863,"commentCount":0,"publisher":{"@id":"https:\/\/innoticiasbo.com\/#organization"},"image":{"@id":"https:\/\/innoticiasbo.com\/index.php\/2025\/12\/03\/por-que-hablar-de-la-chicha\/#primaryimage"},"thumbnailUrl":"https:\/\/i0.wp.com\/innoticiasbo.com\/wp-content\/uploads\/2025\/12\/COLUMNA-DE-OPINION-IN-NOTICIAS_20251203_161319_0000.png?fit=1080%2C1080&ssl=1","keywords":["chicha","cultura","Dennis Lema Andrea de","historia"],"articleSection":["Bolivia","Cochabamba","Opini\u00f3n"],"inLanguage":"es","potentialAction":[{"@type":"CommentAction","name":"Comment","target":["https:\/\/innoticiasbo.com\/index.php\/2025\/12\/03\/por-que-hablar-de-la-chicha\/#respond"]}]},{"@type":"WebPage","@id":"https:\/\/innoticiasbo.com\/index.php\/2025\/12\/03\/por-que-hablar-de-la-chicha\/","url":"https:\/\/innoticiasbo.com\/index.php\/2025\/12\/03\/por-que-hablar-de-la-chicha\/","name":"\u00bfPOR QU\u00c9 HABLAR DE LA CHICHA? - innoticiasbo.com","isPartOf":{"@id":"https:\/\/innoticiasbo.com\/#website"},"primaryImageOfPage":{"@id":"https:\/\/innoticiasbo.com\/index.php\/2025\/12\/03\/por-que-hablar-de-la-chicha\/#primaryimage"},"image":{"@id":"https:\/\/innoticiasbo.com\/index.php\/2025\/12\/03\/por-que-hablar-de-la-chicha\/#primaryimage"},"thumbnailUrl":"https:\/\/i0.wp.com\/innoticiasbo.com\/wp-content\/uploads\/2025\/12\/COLUMNA-DE-OPINION-IN-NOTICIAS_20251203_161319_0000.png?fit=1080%2C1080&ssl=1","datePublished":"2025-12-03T20:16:23+00:00","dateModified":"2025-12-03T20:17:46+00:00","breadcrumb":{"@id":"https:\/\/innoticiasbo.com\/index.php\/2025\/12\/03\/por-que-hablar-de-la-chicha\/#breadcrumb"},"inLanguage":"es","potentialAction":[{"@type":"ReadAction","target":["https:\/\/innoticiasbo.com\/index.php\/2025\/12\/03\/por-que-hablar-de-la-chicha\/"]}]},{"@type":"ImageObject","inLanguage":"es","@id":"https:\/\/innoticiasbo.com\/index.php\/2025\/12\/03\/por-que-hablar-de-la-chicha\/#primaryimage","url":"https:\/\/i0.wp.com\/innoticiasbo.com\/wp-content\/uploads\/2025\/12\/COLUMNA-DE-OPINION-IN-NOTICIAS_20251203_161319_0000.png?fit=1080%2C1080&ssl=1","contentUrl":"https:\/\/i0.wp.com\/innoticiasbo.com\/wp-content\/uploads\/2025\/12\/COLUMNA-DE-OPINION-IN-NOTICIAS_20251203_161319_0000.png?fit=1080%2C1080&ssl=1","width":1080,"height":1080},{"@type":"BreadcrumbList","@id":"https:\/\/innoticiasbo.com\/index.php\/2025\/12\/03\/por-que-hablar-de-la-chicha\/#breadcrumb","itemListElement":[{"@type":"ListItem","position":1,"name":"Portada","item":"https:\/\/innoticiasbo.com\/"},{"@type":"ListItem","position":2,"name":"\u00bfPOR QU\u00c9 HABLAR DE LA CHICHA?"}]},{"@type":"WebSite","@id":"https:\/\/innoticiasbo.com\/#website","url":"https:\/\/innoticiasbo.com\/","name":"innoticiasbo.com","description":"","publisher":{"@id":"https:\/\/innoticiasbo.com\/#organization"},"potentialAction":[{"@type":"SearchAction","target":{"@type":"EntryPoint","urlTemplate":"https:\/\/innoticiasbo.com\/?s={search_term_string}"},"query-input":{"@type":"PropertyValueSpecification","valueRequired":true,"valueName":"search_term_string"}}],"inLanguage":"es"},{"@type":"Organization","@id":"https:\/\/innoticiasbo.com\/#organization","name":"innoticiasbo.com","url":"https:\/\/innoticiasbo.com\/","logo":{"@type":"ImageObject","inLanguage":"es","@id":"https:\/\/innoticiasbo.com\/#\/schema\/logo\/image\/","url":"https:\/\/i0.wp.com\/innoticiasbo.com\/wp-content\/uploads\/2026\/04\/cropped-IN-LOGO.png?fit=1476%2C1476&ssl=1","contentUrl":"https:\/\/i0.wp.com\/innoticiasbo.com\/wp-content\/uploads\/2026\/04\/cropped-IN-LOGO.png?fit=1476%2C1476&ssl=1","width":1476,"height":1476,"caption":"innoticiasbo.com"},"image":{"@id":"https:\/\/innoticiasbo.com\/#\/schema\/logo\/image\/"},"sameAs":["https:\/\/www.facebook.com\/innoticiasbolivia","https:\/\/x.com\/innoticiasbo","https:\/\/www.instagram.com\/innoticiasbo","https:\/\/www.youtube.com\/innoticiasbo"]},{"@type":"Person","@id":"https:\/\/innoticiasbo.com\/#\/schema\/person\/589cd527c4211df1b943bdad85ec07ce","name":"Prensa","image":{"@type":"ImageObject","inLanguage":"es","@id":"https:\/\/innoticiasbo.com\/#\/schema\/person\/image\/","url":"https:\/\/secure.gravatar.com\/avatar\/d359bbdf112023c1c0a3ec7fe1600657?s=96&d=mm&r=g","contentUrl":"https:\/\/secure.gravatar.com\/avatar\/d359bbdf112023c1c0a3ec7fe1600657?s=96&d=mm&r=g","caption":"Prensa"},"sameAs":["http:\/\/www.innoticiasbo.com"],"url":"https:\/\/innoticiasbo.com\/index.php\/author\/prensa\/"}]}},"jetpack_featured_media_url":"https:\/\/i0.wp.com\/innoticiasbo.com\/wp-content\/uploads\/2025\/12\/COLUMNA-DE-OPINION-IN-NOTICIAS_20251203_161319_0000.png?fit=1080%2C1080&ssl=1","jetpack_likes_enabled":true,"jetpack_sharing_enabled":true,"jetpack_shortlink":"https:\/\/wp.me\/pg298x-2b0","_links":{"self":[{"href":"https:\/\/innoticiasbo.com\/index.php\/wp-json\/wp\/v2\/posts\/8370","targetHints":{"allow":["GET"]}}],"collection":[{"href":"https:\/\/innoticiasbo.com\/index.php\/wp-json\/wp\/v2\/posts"}],"about":[{"href":"https:\/\/innoticiasbo.com\/index.php\/wp-json\/wp\/v2\/types\/post"}],"author":[{"embeddable":true,"href":"https:\/\/innoticiasbo.com\/index.php\/wp-json\/wp\/v2\/users\/2"}],"replies":[{"embeddable":true,"href":"https:\/\/innoticiasbo.com\/index.php\/wp-json\/wp\/v2\/comments?post=8370"}],"version-history":[{"count":1,"href":"https:\/\/innoticiasbo.com\/index.php\/wp-json\/wp\/v2\/posts\/8370\/revisions"}],"predecessor-version":[{"id":8371,"href":"https:\/\/innoticiasbo.com\/index.php\/wp-json\/wp\/v2\/posts\/8370\/revisions\/8371"}],"wp:featuredmedia":[{"embeddable":true,"href":"https:\/\/innoticiasbo.com\/index.php\/wp-json\/wp\/v2\/media\/8369"}],"wp:attachment":[{"href":"https:\/\/innoticiasbo.com\/index.php\/wp-json\/wp\/v2\/media?parent=8370"}],"wp:term":[{"taxonomy":"category","embeddable":true,"href":"https:\/\/innoticiasbo.com\/index.php\/wp-json\/wp\/v2\/categories?post=8370"},{"taxonomy":"post_tag","embeddable":true,"href":"https:\/\/innoticiasbo.com\/index.php\/wp-json\/wp\/v2\/tags?post=8370"}],"curies":[{"name":"wp","href":"https:\/\/api.w.org\/{rel}","templated":true}]}}