{"id":8366,"date":"2025-12-03T16:05:22","date_gmt":"2025-12-03T20:05:22","guid":{"rendered":"https:\/\/innoticiasbo.com\/?p=8366"},"modified":"2025-12-03T16:05:29","modified_gmt":"2025-12-03T20:05:29","slug":"jaime-veizaga-a-dos-meses-de-entregar-terrapuerto-he-escuchado-de-todo-pero-no-me-amilano","status":"publish","type":"post","link":"https:\/\/innoticiasbo.com\/index.php\/2025\/12\/03\/jaime-veizaga-a-dos-meses-de-entregar-terrapuerto-he-escuchado-de-todo-pero-no-me-amilano\/","title":{"rendered":"JAIME VEIZAGA A DOS MESES DE ENTREGAR TERRAPUERTO: \u201cHE ESCUCHADO DE TODO, PERO NO ME AMILANO\u201d"},"content":{"rendered":"<p>Cochabamba, 3 de diciembre de 2025.- El empresario se confes\u00f3 en El Avispero: reivindic\u00f3 la compra de la antigua terminal, habl\u00f3 de apoyo y cr\u00edticas, record\u00f3 su origen humilde y anunci\u00f3 nuevos sue\u00f1os para Cochabamba.<\/p>\n<p>A dos meses de entregar Terrapuerto \u2014la que ser\u00e1, seg\u00fan sus palabras, \u201cla terminal de buses m\u00e1s moderna y tecnol\u00f3gica de Latinoam\u00e9rica\u201d\u2014 el empresario Jaime Veizaga abri\u00f3 su historia, sus batallas y sus sue\u00f1os en una extensa entrevista con El Avispero. Lo hizo con orgullo, pero tambi\u00e9n con la serenidad de quien asegura haber resistido d\u00e9cadas de cuestionamientos.<\/p>\n<p><img data-recalc-dims=\"1\" loading=\"lazy\" decoding=\"async\" src=\"https:\/\/i0.wp.com\/innoticiasbo.com\/wp-content\/uploads\/2025\/12\/screenshot_20251203_160132_capcut8712247698987054558.jpg?resize=640%2C359&#038;ssl=1\" class=\"wp-image-8355 alignnone size-full\" width=\"640\" height=\"359\" srcset=\"https:\/\/i0.wp.com\/innoticiasbo.com\/wp-content\/uploads\/2025\/12\/screenshot_20251203_160132_capcut8712247698987054558.jpg?w=1079&amp;ssl=1 1079w, https:\/\/i0.wp.com\/innoticiasbo.com\/wp-content\/uploads\/2025\/12\/screenshot_20251203_160132_capcut8712247698987054558.jpg?resize=300%2C168&amp;ssl=1 300w, https:\/\/i0.wp.com\/innoticiasbo.com\/wp-content\/uploads\/2025\/12\/screenshot_20251203_160132_capcut8712247698987054558.jpg?resize=1024%2C575&amp;ssl=1 1024w, https:\/\/i0.wp.com\/innoticiasbo.com\/wp-content\/uploads\/2025\/12\/screenshot_20251203_160132_capcut8712247698987054558.jpg?resize=768%2C431&amp;ssl=1 768w\" sizes=\"auto, (max-width: 640px) 100vw, 640px\" \/><\/p>\n<p>\u201cEn enero de 2026 vamos a entrar al aeropuerto; esta terminal ser\u00e1 un referente para toda la regi\u00f3n\u201d, afirm\u00f3 con satisfacci\u00f3n, en referencia al inicio de operaciones internas y a la conexi\u00f3n directa con transporte a\u00e9reo, ferroviario y terrestre.<\/p>\n<p>LA COMPRA DE LA TERMINAL, LICITACI\u00d3N, DECRETO Y RESPUESTA A LAS CR\u00cdTICAS<\/p>\n<p>Frente a las voces que insisten en que la antigua terminal era un predio estatal, Veizaga respondi\u00f3 mostrando documentos: recortes de prensa de los a\u00f1os 90 y el decreto supremo que permiti\u00f3 la privatizaci\u00f3n.<\/p>\n<p><img data-recalc-dims=\"1\" loading=\"lazy\" decoding=\"async\" src=\"https:\/\/i0.wp.com\/innoticiasbo.com\/wp-content\/uploads\/2025\/12\/screenshot_20251203_155125_capcut6432842910311401331.jpg?resize=640%2C368&#038;ssl=1\" class=\"wp-image-8356 alignnone size-full\" width=\"640\" height=\"368\" srcset=\"https:\/\/i0.wp.com\/innoticiasbo.com\/wp-content\/uploads\/2025\/12\/screenshot_20251203_155125_capcut6432842910311401331.jpg?w=1055&amp;ssl=1 1055w, https:\/\/i0.wp.com\/innoticiasbo.com\/wp-content\/uploads\/2025\/12\/screenshot_20251203_155125_capcut6432842910311401331.jpg?resize=300%2C172&amp;ssl=1 300w, https:\/\/i0.wp.com\/innoticiasbo.com\/wp-content\/uploads\/2025\/12\/screenshot_20251203_155125_capcut6432842910311401331.jpg?resize=1024%2C588&amp;ssl=1 1024w, https:\/\/i0.wp.com\/innoticiasbo.com\/wp-content\/uploads\/2025\/12\/screenshot_20251203_155125_capcut6432842910311401331.jpg?resize=768%2C441&amp;ssl=1 768w\" sizes=\"auto, (max-width: 640px) 100vw, 640px\" \/><\/p>\n<p>\u201cHe escuchado cada cosa. Que de d\u00f3nde los Veizaga tienen plata. Lo que hicimos fue atrevernos en los 90 a presentarnos a la licitaci\u00f3n para privatizar la terminal de buses. Pagamos 3.4 millones de d\u00f3lares con esfuerzo, con cr\u00e9ditos y asoci\u00e1ndonos con el sindicato de minibuses. Hoy eso equivale a 30 millones\u201d, record\u00f3.<\/p>\n<p>DE COCHABAMBA AL MUNDO: ELOGIOS, SOCIOS Y PROPUESTAS<\/p>\n<p>Aunque admite cr\u00edticas, no duda en subrayar que tambi\u00e9n recibe reconocimiento internacional.<br \/>\n\u201cMientras algunos nos cuestionan, hay gente de B\u00e9lgica que me llama, hay propuestas de Santa Cruz para hacer una terminal igual, proveedores chinos que quieren asociarse. Est\u00e1n muy satisfechos con el dise\u00f1o y la funcionalidad de Terrapuerto.\u201d<\/p>\n<p><img data-recalc-dims=\"1\" loading=\"lazy\" decoding=\"async\" src=\"https:\/\/i0.wp.com\/innoticiasbo.com\/wp-content\/uploads\/2025\/12\/screenshot_20251203_155448_gallery79104408521911465.jpg?resize=640%2C362&#038;ssl=1\" class=\"wp-image-8357 alignnone size-full\" width=\"640\" height=\"362\" srcset=\"https:\/\/i0.wp.com\/innoticiasbo.com\/wp-content\/uploads\/2025\/12\/screenshot_20251203_155448_gallery79104408521911465.jpg?w=1079&amp;ssl=1 1079w, https:\/\/i0.wp.com\/innoticiasbo.com\/wp-content\/uploads\/2025\/12\/screenshot_20251203_155448_gallery79104408521911465.jpg?resize=300%2C170&amp;ssl=1 300w, https:\/\/i0.wp.com\/innoticiasbo.com\/wp-content\/uploads\/2025\/12\/screenshot_20251203_155448_gallery79104408521911465.jpg?resize=1024%2C579&amp;ssl=1 1024w, https:\/\/i0.wp.com\/innoticiasbo.com\/wp-content\/uploads\/2025\/12\/screenshot_20251203_155448_gallery79104408521911465.jpg?resize=768%2C434&amp;ssl=1 768w\" sizes=\"auto, (max-width: 640px) 100vw, 640px\" \/><\/p>\n<p>Anunci\u00f3 que la zona del Barrancho vive una transformaci\u00f3n sin precedentes: la plusval\u00eda pas\u00f3 de 20 a 400 d\u00f3lares el metro cuadrado, y ya hay inversionistas del pa\u00eds y del exterior buscando instalar hoteles, centros comerciales y negocios complementarios.<\/p>\n<p><img data-recalc-dims=\"1\" loading=\"lazy\" decoding=\"async\" src=\"https:\/\/i0.wp.com\/innoticiasbo.com\/wp-content\/uploads\/2025\/12\/foto-115962700843408300365.jpg?resize=640%2C359&#038;ssl=1\" class=\"wp-image-8358 alignnone size-full\" width=\"640\" height=\"359\" srcset=\"https:\/\/i0.wp.com\/innoticiasbo.com\/wp-content\/uploads\/2025\/12\/foto-115962700843408300365.jpg?w=750&amp;ssl=1 750w, https:\/\/i0.wp.com\/innoticiasbo.com\/wp-content\/uploads\/2025\/12\/foto-115962700843408300365.jpg?resize=300%2C168&amp;ssl=1 300w\" sizes=\"auto, (max-width: 640px) 100vw, 640px\" \/><\/p>\n<p>SU INFANCIA, SU ESFUERZO Y SU LEGADO<\/p>\n<p>Uno de los momentos m\u00e1s emotivos de la entrevista fue cuando Veizaga cont\u00f3 su historia personal.<br \/>\nNacido en Totora, de familia humilde, record\u00f3:<br \/>\n\u2022\t\u201cHablo quechua perfectamente.\u201d<br \/>\n\u2022\t\u201cA los 13 a\u00f1os llegu\u00e9 a Cochabamba; estudi\u00e9 en el Colegio Sucre, donde fui presidente de curso.\u201d<br \/>\n\u2022\t\u201cEn la universidad estudiaba y trabajaba de todo para sostenerme.\u201d<br \/>\n\u2022\t\u201cMe cas\u00e9 a los 20 a\u00f1os; ya voy a cumplir 45 a\u00f1os de matrimonio.\u201d<br \/>\n\u201cYo no necesito un apellido de abolengo para invertir o para hacer cosas. Yo vengo de la carencia, del esfuerzo. Y quiero dejar un legado social para Cochabamba.\u201d<\/p>\n<p><img data-recalc-dims=\"1\" loading=\"lazy\" decoding=\"async\" src=\"https:\/\/i0.wp.com\/innoticiasbo.com\/wp-content\/uploads\/2025\/12\/2019n2932747572161390345872800.jpg?resize=640%2C351&#038;ssl=1\" class=\"wp-image-8359 alignnone size-full\" width=\"640\" height=\"351\" srcset=\"https:\/\/i0.wp.com\/innoticiasbo.com\/wp-content\/uploads\/2025\/12\/2019n2932747572161390345872800.jpg?w=765&amp;ssl=1 765w, https:\/\/i0.wp.com\/innoticiasbo.com\/wp-content\/uploads\/2025\/12\/2019n2932747572161390345872800.jpg?resize=300%2C165&amp;ssl=1 300w\" sizes=\"auto, (max-width: 640px) 100vw, 640px\" \/><\/p>\n<p>\u201cSI TIENEN ALGO, QUE LO DENUNCIEN EN FISCAL\u00cdA\u201d<\/p>\n<p>Consultado sobre las denuncias y descalificaciones en redes sociales, fue directo:<br \/>\n\u201cEscucho de todo, pero no me amilano. Si alguien tiene algo, que denuncie en la Fiscal\u00eda. No tienen nada. Hemos hecho todo en el marco de la ley.\u201d<\/p>\n<p>EL PROYECTO CONSOLIDADO Y LA VISI\u00d3N DE CIUDAD<\/p>\n<p>Veizaga destac\u00f3 que Terrapuerto es un proyecto consolidado, con una integraci\u00f3n \u00fanica:\u201cSe encuentra con el tren metropolitano y con el aeropuerto. Esto nunca antes se hab\u00eda dado en Bolivia.\u201d<\/p>\n<p><img data-recalc-dims=\"1\" loading=\"lazy\" decoding=\"async\" src=\"https:\/\/i0.wp.com\/innoticiasbo.com\/wp-content\/uploads\/2025\/12\/screenshot_20251203_155946_gallery7770471656528311001.jpg?resize=640%2C363&#038;ssl=1\" class=\"wp-image-8365 alignnone size-full\" width=\"640\" height=\"363\" srcset=\"https:\/\/i0.wp.com\/innoticiasbo.com\/wp-content\/uploads\/2025\/12\/screenshot_20251203_155946_gallery7770471656528311001.jpg?w=1068&amp;ssl=1 1068w, https:\/\/i0.wp.com\/innoticiasbo.com\/wp-content\/uploads\/2025\/12\/screenshot_20251203_155946_gallery7770471656528311001.jpg?resize=300%2C170&amp;ssl=1 300w, https:\/\/i0.wp.com\/innoticiasbo.com\/wp-content\/uploads\/2025\/12\/screenshot_20251203_155946_gallery7770471656528311001.jpg?resize=1024%2C581&amp;ssl=1 1024w, https:\/\/i0.wp.com\/innoticiasbo.com\/wp-content\/uploads\/2025\/12\/screenshot_20251203_155946_gallery7770471656528311001.jpg?resize=768%2C436&amp;ssl=1 768w\" sizes=\"auto, (max-width: 640px) 100vw, 640px\" \/>Record\u00f3 tambi\u00e9n una an\u00e9cdota de Santa Cruz:\u201cEl alcalde de La Guardia me recibi\u00f3 con todo su equipo t\u00e9cnico. Me dijo: \u2018\u00bfUsted ha venido a invertir? \u00bfQu\u00e9 necesita?\u2019 Y orden\u00f3 que me faciliten todo. Porque entend\u00eda que yo llevaba empleo y desarrollo. En Cochabamba, en cambio, muchas veces ocurre lo contrario: se obstaculiza.\u201d<\/p>\n<p>LOS SUE\u00d1OS QUE VIENEN<\/p>\n<p>Veizaga plante\u00f3 una visi\u00f3n para Cochabamba como ciudad universitaria, tecnol\u00f3gica, tur\u00edstica, de servicios y comercio.<br \/>\nY anunci\u00f3 que, tras entregar Terrapuerto, formar\u00e1 una fundaci\u00f3n para apoyar a ni\u00f1os y causas sociales, en l\u00ednea con su participaci\u00f3n hist\u00f3rica en campa\u00f1as solidarias como Telemarat\u00f3n.<br \/>\n\u201cMi sue\u00f1o siempre fue trabajar y dejar un legado para Cochabamba. Creo que hemos roto el maleficio.\u201d<\/p>\n<p>LA HISTORIA DE LA COMPRA DE LA TERMINAL DE BUSES<\/p>\n<p>A mediados de los a\u00f1os 90 ante la situaci\u00f3n de las empresas estatales, el gobierno de Gonzalo S\u00e1nchez de Lozada, Bolivia desarroll\u00f3 pol\u00edticas de Capitalizaci\u00f3n y Privatizaci\u00f3n. Paralelamente, Cochabamba impulsaba otro proyecto prioritario: la construcci\u00f3n del nuevo Hospital Viedma, cuya infraestructura antigua estaba colapsada y requer\u00eda una fuerte inversi\u00f3n que el Estado no pod\u00eda cubrir con fondos ordinarios.<\/p>\n<p>Entonces CORDECO decidi\u00f3 que los recursos provenientes de la venta de la Terminal se destinar\u00edan parcialmente al financiamiento del Hospital Viedma, estimado en m\u00e1s de 9,4 millones de d\u00f3lares, de los cuales 2,5 millones ser\u00edan cubiertos por la privatizaci\u00f3nl de la Terminal. El resto provendr\u00eda de fondos espa\u00f1oles, ingleses y aportes departamentales.<\/p>\n<p><img data-recalc-dims=\"1\" loading=\"lazy\" decoding=\"async\" src=\"https:\/\/i0.wp.com\/innoticiasbo.com\/wp-content\/uploads\/2025\/12\/screenshot_20251203_155234_capcut9013696458259375535.jpg?resize=640%2C368&#038;ssl=1\" class=\"wp-image-8360 alignnone size-full\" width=\"640\" height=\"368\" srcset=\"https:\/\/i0.wp.com\/innoticiasbo.com\/wp-content\/uploads\/2025\/12\/screenshot_20251203_155234_capcut9013696458259375535.jpg?w=1055&amp;ssl=1 1055w, https:\/\/i0.wp.com\/innoticiasbo.com\/wp-content\/uploads\/2025\/12\/screenshot_20251203_155234_capcut9013696458259375535.jpg?resize=300%2C172&amp;ssl=1 300w, https:\/\/i0.wp.com\/innoticiasbo.com\/wp-content\/uploads\/2025\/12\/screenshot_20251203_155234_capcut9013696458259375535.jpg?resize=1024%2C588&amp;ssl=1 1024w, https:\/\/i0.wp.com\/innoticiasbo.com\/wp-content\/uploads\/2025\/12\/screenshot_20251203_155234_capcut9013696458259375535.jpg?resize=768%2C441&amp;ssl=1 768w\" sizes=\"auto, (max-width: 640px) 100vw, 640px\" \/><\/p>\n<p>Se realizaron dos convocatorias para la licitaci\u00f3n. En la segunda, la Terminal fue adjudicada a Mar\u00eda Antonieta Zambrana Nogales por 3,423,500 d\u00f3lares. El proceso quedo formalizado mediante el Decreto Supremo 24230 de febrero de 1996. La transferencia se concret\u00f3 en mayo de ese mismo a\u00f1o a la sociedad conformada por DIPROMAC y el Sindicato de \u00d3mnibus que obtuvo el 33% del paquete accionario.<\/p>\n<p>Los 3,4 millones de d\u00f3lares se destinaron mayoritariamente a proyectos de infraestructura econ\u00f3mica y social. En particular, 2,5 millones se asignaron a la construcci\u00f3n del nuevo Hospital Viedma, cuyo financiamiento fue ratificado por CORDECO. Con esta garant\u00eda econ\u00f3mica, se lanzaron las licitaciones de obras en 1994 y se asegur\u00f3 el avance del proyecto, catalogado como de urgencia nacional.<\/p>\n<p><img data-recalc-dims=\"1\" loading=\"lazy\" decoding=\"async\" src=\"https:\/\/i0.wp.com\/innoticiasbo.com\/wp-content\/uploads\/2025\/12\/screenshot_20251203_155427_capcut3868189077123661652.jpg?resize=640%2C364&#038;ssl=1\" class=\"wp-image-8361 alignnone size-full\" width=\"640\" height=\"364\" srcset=\"https:\/\/i0.wp.com\/innoticiasbo.com\/wp-content\/uploads\/2025\/12\/screenshot_20251203_155427_capcut3868189077123661652.jpg?w=1065&amp;ssl=1 1065w, https:\/\/i0.wp.com\/innoticiasbo.com\/wp-content\/uploads\/2025\/12\/screenshot_20251203_155427_capcut3868189077123661652.jpg?resize=300%2C171&amp;ssl=1 300w, https:\/\/i0.wp.com\/innoticiasbo.com\/wp-content\/uploads\/2025\/12\/screenshot_20251203_155427_capcut3868189077123661652.jpg?resize=1024%2C583&amp;ssl=1 1024w, https:\/\/i0.wp.com\/innoticiasbo.com\/wp-content\/uploads\/2025\/12\/screenshot_20251203_155427_capcut3868189077123661652.jpg?resize=768%2C437&amp;ssl=1 768w\" sizes=\"auto, (max-width: 640px) 100vw, 640px\" \/><\/p>\n<p>La privatizaci\u00f3n de la Terminal represent\u00f3 un hecho excepcional dentro de la pol\u00edtica de la \u00e9poca, ya que los nuevos propietarios fueron capitales privados y nacionales, no extranjeros. Este punto fue considerado un logro local. Para el directorio liderado por Jaime Veizaga, la compra marc\u00f3 el inicio de un proyecto de largo plazo que, a\u00f1os despu\u00e9s, desembocar\u00eda en la visi\u00f3n del Terrapuerto Bolivia S.A., concebido como un centro moderno de transporte multimodal.<\/p>\n<p>Veizaga asegur\u00f3 que su intenci\u00f3n siempre fue romper el \u201cmaleficio\u201d que, seg\u00fan \u00e9l, persigue a los cochabambinos: \u201cEse mito de que no podemos hacer proyectos grandes o que tenemos que irnos a otro lado para lograrlo.\u201d<\/p>\n<p>#Terminaldebuses #JaimeVeizaga #Cochabamba #innoticias #ElAvispero #Terrapuerto  #elogios #legado #transporte #desarrollo<\/p>\n","protected":false},"excerpt":{"rendered":"<p>Cochabamba, 3 de diciembre de 2025.- El empresario se confes\u00f3 en El Avispero: reivindic\u00f3 la compra de la antigua terminal, habl\u00f3 de apoyo y cr\u00edticas, record\u00f3 su origen humilde y anunci\u00f3 nuevos sue\u00f1os para Cochabamba. A dos meses de entregar Terrapuerto \u2014la que ser\u00e1, seg\u00fan sus palabras, \u201cla terminal de buses m\u00e1s moderna y tecnol\u00f3gica&#8230;<\/p>\n","protected":false},"author":2,"featured_media":8363,"comment_status":"open","ping_status":"open","sticky":false,"template":"","format":"standard","meta":{"_jetpack_memberships_contains_paid_content":false,"footnotes":"","jetpack_publicize_message":"","jetpack_publicize_feature_enabled":true,"jetpack_social_post_already_shared":true,"jetpack_social_options":{"image_generator_settings":{"template":"highway","enabled":false},"version":2}},"categories":[1,2,16],"tags":[6,1083,1080,1082,469,1081,468,467],"class_list":["post-8366","post","type-post","status-publish","format-standard","has-post-thumbnail","hentry","category-bolivia","category-cochabamba","category-economia","tag-cochabamba","tag-desarrollo","tag-jaime-veizaga","tag-legado","tag-obra","tag-privatizacion","tag-terminal-de-buses","tag-terrapuerto"],"jetpack_publicize_connections":[],"yoast_head":"<!-- This site is optimized with the Yoast SEO plugin v23.4 - https:\/\/yoast.com\/wordpress\/plugins\/seo\/ -->\n<title>JAIME VEIZAGA A DOS MESES DE ENTREGAR TERRAPUERTO: \u201cHE ESCUCHADO DE TODO, PERO NO ME AMILANO\u201d - innoticiasbo.com<\/title>\n<meta name=\"robots\" content=\"index, follow, max-snippet:-1, max-image-preview:large, max-video-preview:-1\" \/>\n<link rel=\"canonical\" href=\"https:\/\/innoticiasbo.com\/index.php\/2025\/12\/03\/jaime-veizaga-a-dos-meses-de-entregar-terrapuerto-he-escuchado-de-todo-pero-no-me-amilano\/\" \/>\n<meta property=\"og:locale\" content=\"es_ES\" \/>\n<meta property=\"og:type\" content=\"article\" \/>\n<meta property=\"og:title\" content=\"JAIME VEIZAGA A DOS MESES DE ENTREGAR TERRAPUERTO: \u201cHE ESCUCHADO DE TODO, PERO NO ME AMILANO\u201d - innoticiasbo.com\" \/>\n<meta property=\"og:description\" content=\"Cochabamba, 3 de diciembre de 2025.- El empresario se confes\u00f3 en El Avispero: reivindic\u00f3 la compra de la antigua terminal, habl\u00f3 de apoyo y cr\u00edticas, record\u00f3 su origen humilde y anunci\u00f3 nuevos sue\u00f1os para Cochabamba. A dos meses de entregar Terrapuerto \u2014la que ser\u00e1, seg\u00fan sus palabras, \u201cla terminal de buses m\u00e1s moderna y tecnol\u00f3gica...\" \/>\n<meta property=\"og:url\" content=\"https:\/\/innoticiasbo.com\/index.php\/2025\/12\/03\/jaime-veizaga-a-dos-meses-de-entregar-terrapuerto-he-escuchado-de-todo-pero-no-me-amilano\/\" \/>\n<meta property=\"og:site_name\" content=\"innoticiasbo.com\" \/>\n<meta property=\"article:publisher\" content=\"https:\/\/www.facebook.com\/innoticiasbolivia\" \/>\n<meta property=\"article:published_time\" content=\"2025-12-03T20:05:22+00:00\" \/>\n<meta property=\"article:modified_time\" content=\"2025-12-03T20:05:29+00:00\" \/>\n<meta property=\"og:image\" content=\"https:\/\/i0.wp.com\/innoticiasbo.com\/wp-content\/uploads\/2025\/12\/Screenshot_20251203_160132_CapCut.jpg?fit=1079%2C606&ssl=1\" \/>\n\t<meta property=\"og:image:width\" content=\"1079\" \/>\n\t<meta property=\"og:image:height\" content=\"606\" \/>\n\t<meta property=\"og:image:type\" content=\"image\/jpeg\" \/>\n<meta name=\"author\" content=\"Prensa\" \/>\n<meta name=\"twitter:card\" content=\"summary_large_image\" \/>\n<meta name=\"twitter:creator\" content=\"@innoticiasbo\" \/>\n<meta name=\"twitter:site\" content=\"@innoticiasbo\" \/>\n<meta name=\"twitter:label1\" content=\"Escrito por\" \/>\n\t<meta name=\"twitter:data1\" content=\"Prensa\" \/>\n\t<meta name=\"twitter:label2\" content=\"Tiempo de lectura\" \/>\n\t<meta name=\"twitter:data2\" content=\"5 minutos\" \/>\n<script type=\"application\/ld+json\" class=\"yoast-schema-graph\">{\"@context\":\"https:\/\/schema.org\",\"@graph\":[{\"@type\":\"Article\",\"@id\":\"https:\/\/innoticiasbo.com\/index.php\/2025\/12\/03\/jaime-veizaga-a-dos-meses-de-entregar-terrapuerto-he-escuchado-de-todo-pero-no-me-amilano\/#article\",\"isPartOf\":{\"@id\":\"https:\/\/innoticiasbo.com\/index.php\/2025\/12\/03\/jaime-veizaga-a-dos-meses-de-entregar-terrapuerto-he-escuchado-de-todo-pero-no-me-amilano\/\"},\"author\":{\"name\":\"Prensa\",\"@id\":\"https:\/\/innoticiasbo.com\/#\/schema\/person\/589cd527c4211df1b943bdad85ec07ce\"},\"headline\":\"JAIME VEIZAGA A DOS MESES DE ENTREGAR TERRAPUERTO: \u201cHE ESCUCHADO DE TODO, PERO NO ME AMILANO\u201d\",\"datePublished\":\"2025-12-03T20:05:22+00:00\",\"dateModified\":\"2025-12-03T20:05:29+00:00\",\"mainEntityOfPage\":{\"@id\":\"https:\/\/innoticiasbo.com\/index.php\/2025\/12\/03\/jaime-veizaga-a-dos-meses-de-entregar-terrapuerto-he-escuchado-de-todo-pero-no-me-amilano\/\"},\"wordCount\":1075,\"commentCount\":0,\"publisher\":{\"@id\":\"https:\/\/innoticiasbo.com\/#organization\"},\"image\":{\"@id\":\"https:\/\/innoticiasbo.com\/index.php\/2025\/12\/03\/jaime-veizaga-a-dos-meses-de-entregar-terrapuerto-he-escuchado-de-todo-pero-no-me-amilano\/#primaryimage\"},\"thumbnailUrl\":\"https:\/\/i0.wp.com\/innoticiasbo.com\/wp-content\/uploads\/2025\/12\/Screenshot_20251203_160132_CapCut.jpg?fit=1079%2C606&ssl=1\",\"keywords\":[\"Cochabamba\",\"desarrollo\",\"Jaime Veizaga\",\"legado\",\"obra\",\"privatizaci\u00f3n\",\"terminal de buses\",\"terrapuerto\"],\"articleSection\":[\"Bolivia\",\"Cochabamba\",\"Econom\u00eda\"],\"inLanguage\":\"es\",\"potentialAction\":[{\"@type\":\"CommentAction\",\"name\":\"Comment\",\"target\":[\"https:\/\/innoticiasbo.com\/index.php\/2025\/12\/03\/jaime-veizaga-a-dos-meses-de-entregar-terrapuerto-he-escuchado-de-todo-pero-no-me-amilano\/#respond\"]}]},{\"@type\":\"WebPage\",\"@id\":\"https:\/\/innoticiasbo.com\/index.php\/2025\/12\/03\/jaime-veizaga-a-dos-meses-de-entregar-terrapuerto-he-escuchado-de-todo-pero-no-me-amilano\/\",\"url\":\"https:\/\/innoticiasbo.com\/index.php\/2025\/12\/03\/jaime-veizaga-a-dos-meses-de-entregar-terrapuerto-he-escuchado-de-todo-pero-no-me-amilano\/\",\"name\":\"JAIME VEIZAGA A DOS MESES DE ENTREGAR TERRAPUERTO: \u201cHE ESCUCHADO DE TODO, PERO NO ME AMILANO\u201d - innoticiasbo.com\",\"isPartOf\":{\"@id\":\"https:\/\/innoticiasbo.com\/#website\"},\"primaryImageOfPage\":{\"@id\":\"https:\/\/innoticiasbo.com\/index.php\/2025\/12\/03\/jaime-veizaga-a-dos-meses-de-entregar-terrapuerto-he-escuchado-de-todo-pero-no-me-amilano\/#primaryimage\"},\"image\":{\"@id\":\"https:\/\/innoticiasbo.com\/index.php\/2025\/12\/03\/jaime-veizaga-a-dos-meses-de-entregar-terrapuerto-he-escuchado-de-todo-pero-no-me-amilano\/#primaryimage\"},\"thumbnailUrl\":\"https:\/\/i0.wp.com\/innoticiasbo.com\/wp-content\/uploads\/2025\/12\/Screenshot_20251203_160132_CapCut.jpg?fit=1079%2C606&ssl=1\",\"datePublished\":\"2025-12-03T20:05:22+00:00\",\"dateModified\":\"2025-12-03T20:05:29+00:00\",\"breadcrumb\":{\"@id\":\"https:\/\/innoticiasbo.com\/index.php\/2025\/12\/03\/jaime-veizaga-a-dos-meses-de-entregar-terrapuerto-he-escuchado-de-todo-pero-no-me-amilano\/#breadcrumb\"},\"inLanguage\":\"es\",\"potentialAction\":[{\"@type\":\"ReadAction\",\"target\":[\"https:\/\/innoticiasbo.com\/index.php\/2025\/12\/03\/jaime-veizaga-a-dos-meses-de-entregar-terrapuerto-he-escuchado-de-todo-pero-no-me-amilano\/\"]}]},{\"@type\":\"ImageObject\",\"inLanguage\":\"es\",\"@id\":\"https:\/\/innoticiasbo.com\/index.php\/2025\/12\/03\/jaime-veizaga-a-dos-meses-de-entregar-terrapuerto-he-escuchado-de-todo-pero-no-me-amilano\/#primaryimage\",\"url\":\"https:\/\/i0.wp.com\/innoticiasbo.com\/wp-content\/uploads\/2025\/12\/Screenshot_20251203_160132_CapCut.jpg?fit=1079%2C606&ssl=1\",\"contentUrl\":\"https:\/\/i0.wp.com\/innoticiasbo.com\/wp-content\/uploads\/2025\/12\/Screenshot_20251203_160132_CapCut.jpg?fit=1079%2C606&ssl=1\",\"width\":1079,\"height\":606},{\"@type\":\"BreadcrumbList\",\"@id\":\"https:\/\/innoticiasbo.com\/index.php\/2025\/12\/03\/jaime-veizaga-a-dos-meses-de-entregar-terrapuerto-he-escuchado-de-todo-pero-no-me-amilano\/#breadcrumb\",\"itemListElement\":[{\"@type\":\"ListItem\",\"position\":1,\"name\":\"Portada\",\"item\":\"https:\/\/innoticiasbo.com\/\"},{\"@type\":\"ListItem\",\"position\":2,\"name\":\"JAIME VEIZAGA A DOS MESES DE ENTREGAR TERRAPUERTO: \u201cHE ESCUCHADO DE TODO, PERO NO ME AMILANO\u201d\"}]},{\"@type\":\"WebSite\",\"@id\":\"https:\/\/innoticiasbo.com\/#website\",\"url\":\"https:\/\/innoticiasbo.com\/\",\"name\":\"innoticiasbo.com\",\"description\":\"\",\"publisher\":{\"@id\":\"https:\/\/innoticiasbo.com\/#organization\"},\"potentialAction\":[{\"@type\":\"SearchAction\",\"target\":{\"@type\":\"EntryPoint\",\"urlTemplate\":\"https:\/\/innoticiasbo.com\/?s={search_term_string}\"},\"query-input\":{\"@type\":\"PropertyValueSpecification\",\"valueRequired\":true,\"valueName\":\"search_term_string\"}}],\"inLanguage\":\"es\"},{\"@type\":\"Organization\",\"@id\":\"https:\/\/innoticiasbo.com\/#organization\",\"name\":\"innoticiasbo.com\",\"url\":\"https:\/\/innoticiasbo.com\/\",\"logo\":{\"@type\":\"ImageObject\",\"inLanguage\":\"es\",\"@id\":\"https:\/\/innoticiasbo.com\/#\/schema\/logo\/image\/\",\"url\":\"https:\/\/i0.wp.com\/innoticiasbo.com\/wp-content\/uploads\/2026\/04\/cropped-IN-LOGO.png?fit=1476%2C1476&ssl=1\",\"contentUrl\":\"https:\/\/i0.wp.com\/innoticiasbo.com\/wp-content\/uploads\/2026\/04\/cropped-IN-LOGO.png?fit=1476%2C1476&ssl=1\",\"width\":1476,\"height\":1476,\"caption\":\"innoticiasbo.com\"},\"image\":{\"@id\":\"https:\/\/innoticiasbo.com\/#\/schema\/logo\/image\/\"},\"sameAs\":[\"https:\/\/www.facebook.com\/innoticiasbolivia\",\"https:\/\/x.com\/innoticiasbo\",\"https:\/\/www.instagram.com\/innoticiasbo\",\"https:\/\/www.youtube.com\/innoticiasbo\"]},{\"@type\":\"Person\",\"@id\":\"https:\/\/innoticiasbo.com\/#\/schema\/person\/589cd527c4211df1b943bdad85ec07ce\",\"name\":\"Prensa\",\"image\":{\"@type\":\"ImageObject\",\"inLanguage\":\"es\",\"@id\":\"https:\/\/innoticiasbo.com\/#\/schema\/person\/image\/\",\"url\":\"https:\/\/secure.gravatar.com\/avatar\/d359bbdf112023c1c0a3ec7fe1600657?s=96&d=mm&r=g\",\"contentUrl\":\"https:\/\/secure.gravatar.com\/avatar\/d359bbdf112023c1c0a3ec7fe1600657?s=96&d=mm&r=g\",\"caption\":\"Prensa\"},\"sameAs\":[\"http:\/\/www.innoticiasbo.com\"],\"url\":\"https:\/\/innoticiasbo.com\/index.php\/author\/prensa\/\"}]}<\/script>\n<!-- \/ Yoast SEO plugin. -->","yoast_head_json":{"title":"JAIME VEIZAGA A DOS MESES DE ENTREGAR TERRAPUERTO: \u201cHE ESCUCHADO DE TODO, PERO NO ME AMILANO\u201d - innoticiasbo.com","robots":{"index":"index","follow":"follow","max-snippet":"max-snippet:-1","max-image-preview":"max-image-preview:large","max-video-preview":"max-video-preview:-1"},"canonical":"https:\/\/innoticiasbo.com\/index.php\/2025\/12\/03\/jaime-veizaga-a-dos-meses-de-entregar-terrapuerto-he-escuchado-de-todo-pero-no-me-amilano\/","og_locale":"es_ES","og_type":"article","og_title":"JAIME VEIZAGA A DOS MESES DE ENTREGAR TERRAPUERTO: \u201cHE ESCUCHADO DE TODO, PERO NO ME AMILANO\u201d - innoticiasbo.com","og_description":"Cochabamba, 3 de diciembre de 2025.- El empresario se confes\u00f3 en El Avispero: reivindic\u00f3 la compra de la antigua terminal, habl\u00f3 de apoyo y cr\u00edticas, record\u00f3 su origen humilde y anunci\u00f3 nuevos sue\u00f1os para Cochabamba. A dos meses de entregar Terrapuerto \u2014la que ser\u00e1, seg\u00fan sus palabras, \u201cla terminal de buses m\u00e1s moderna y tecnol\u00f3gica...","og_url":"https:\/\/innoticiasbo.com\/index.php\/2025\/12\/03\/jaime-veizaga-a-dos-meses-de-entregar-terrapuerto-he-escuchado-de-todo-pero-no-me-amilano\/","og_site_name":"innoticiasbo.com","article_publisher":"https:\/\/www.facebook.com\/innoticiasbolivia","article_published_time":"2025-12-03T20:05:22+00:00","article_modified_time":"2025-12-03T20:05:29+00:00","og_image":[{"width":1079,"height":606,"url":"https:\/\/i0.wp.com\/innoticiasbo.com\/wp-content\/uploads\/2025\/12\/Screenshot_20251203_160132_CapCut.jpg?fit=1079%2C606&ssl=1","type":"image\/jpeg"}],"author":"Prensa","twitter_card":"summary_large_image","twitter_creator":"@innoticiasbo","twitter_site":"@innoticiasbo","twitter_misc":{"Escrito por":"Prensa","Tiempo de lectura":"5 minutos"},"schema":{"@context":"https:\/\/schema.org","@graph":[{"@type":"Article","@id":"https:\/\/innoticiasbo.com\/index.php\/2025\/12\/03\/jaime-veizaga-a-dos-meses-de-entregar-terrapuerto-he-escuchado-de-todo-pero-no-me-amilano\/#article","isPartOf":{"@id":"https:\/\/innoticiasbo.com\/index.php\/2025\/12\/03\/jaime-veizaga-a-dos-meses-de-entregar-terrapuerto-he-escuchado-de-todo-pero-no-me-amilano\/"},"author":{"name":"Prensa","@id":"https:\/\/innoticiasbo.com\/#\/schema\/person\/589cd527c4211df1b943bdad85ec07ce"},"headline":"JAIME VEIZAGA A DOS MESES DE ENTREGAR TERRAPUERTO: \u201cHE ESCUCHADO DE TODO, PERO NO ME AMILANO\u201d","datePublished":"2025-12-03T20:05:22+00:00","dateModified":"2025-12-03T20:05:29+00:00","mainEntityOfPage":{"@id":"https:\/\/innoticiasbo.com\/index.php\/2025\/12\/03\/jaime-veizaga-a-dos-meses-de-entregar-terrapuerto-he-escuchado-de-todo-pero-no-me-amilano\/"},"wordCount":1075,"commentCount":0,"publisher":{"@id":"https:\/\/innoticiasbo.com\/#organization"},"image":{"@id":"https:\/\/innoticiasbo.com\/index.php\/2025\/12\/03\/jaime-veizaga-a-dos-meses-de-entregar-terrapuerto-he-escuchado-de-todo-pero-no-me-amilano\/#primaryimage"},"thumbnailUrl":"https:\/\/i0.wp.com\/innoticiasbo.com\/wp-content\/uploads\/2025\/12\/Screenshot_20251203_160132_CapCut.jpg?fit=1079%2C606&ssl=1","keywords":["Cochabamba","desarrollo","Jaime Veizaga","legado","obra","privatizaci\u00f3n","terminal de buses","terrapuerto"],"articleSection":["Bolivia","Cochabamba","Econom\u00eda"],"inLanguage":"es","potentialAction":[{"@type":"CommentAction","name":"Comment","target":["https:\/\/innoticiasbo.com\/index.php\/2025\/12\/03\/jaime-veizaga-a-dos-meses-de-entregar-terrapuerto-he-escuchado-de-todo-pero-no-me-amilano\/#respond"]}]},{"@type":"WebPage","@id":"https:\/\/innoticiasbo.com\/index.php\/2025\/12\/03\/jaime-veizaga-a-dos-meses-de-entregar-terrapuerto-he-escuchado-de-todo-pero-no-me-amilano\/","url":"https:\/\/innoticiasbo.com\/index.php\/2025\/12\/03\/jaime-veizaga-a-dos-meses-de-entregar-terrapuerto-he-escuchado-de-todo-pero-no-me-amilano\/","name":"JAIME VEIZAGA A DOS MESES DE ENTREGAR TERRAPUERTO: \u201cHE ESCUCHADO DE TODO, PERO NO ME AMILANO\u201d - innoticiasbo.com","isPartOf":{"@id":"https:\/\/innoticiasbo.com\/#website"},"primaryImageOfPage":{"@id":"https:\/\/innoticiasbo.com\/index.php\/2025\/12\/03\/jaime-veizaga-a-dos-meses-de-entregar-terrapuerto-he-escuchado-de-todo-pero-no-me-amilano\/#primaryimage"},"image":{"@id":"https:\/\/innoticiasbo.com\/index.php\/2025\/12\/03\/jaime-veizaga-a-dos-meses-de-entregar-terrapuerto-he-escuchado-de-todo-pero-no-me-amilano\/#primaryimage"},"thumbnailUrl":"https:\/\/i0.wp.com\/innoticiasbo.com\/wp-content\/uploads\/2025\/12\/Screenshot_20251203_160132_CapCut.jpg?fit=1079%2C606&ssl=1","datePublished":"2025-12-03T20:05:22+00:00","dateModified":"2025-12-03T20:05:29+00:00","breadcrumb":{"@id":"https:\/\/innoticiasbo.com\/index.php\/2025\/12\/03\/jaime-veizaga-a-dos-meses-de-entregar-terrapuerto-he-escuchado-de-todo-pero-no-me-amilano\/#breadcrumb"},"inLanguage":"es","potentialAction":[{"@type":"ReadAction","target":["https:\/\/innoticiasbo.com\/index.php\/2025\/12\/03\/jaime-veizaga-a-dos-meses-de-entregar-terrapuerto-he-escuchado-de-todo-pero-no-me-amilano\/"]}]},{"@type":"ImageObject","inLanguage":"es","@id":"https:\/\/innoticiasbo.com\/index.php\/2025\/12\/03\/jaime-veizaga-a-dos-meses-de-entregar-terrapuerto-he-escuchado-de-todo-pero-no-me-amilano\/#primaryimage","url":"https:\/\/i0.wp.com\/innoticiasbo.com\/wp-content\/uploads\/2025\/12\/Screenshot_20251203_160132_CapCut.jpg?fit=1079%2C606&ssl=1","contentUrl":"https:\/\/i0.wp.com\/innoticiasbo.com\/wp-content\/uploads\/2025\/12\/Screenshot_20251203_160132_CapCut.jpg?fit=1079%2C606&ssl=1","width":1079,"height":606},{"@type":"BreadcrumbList","@id":"https:\/\/innoticiasbo.com\/index.php\/2025\/12\/03\/jaime-veizaga-a-dos-meses-de-entregar-terrapuerto-he-escuchado-de-todo-pero-no-me-amilano\/#breadcrumb","itemListElement":[{"@type":"ListItem","position":1,"name":"Portada","item":"https:\/\/innoticiasbo.com\/"},{"@type":"ListItem","position":2,"name":"JAIME VEIZAGA A DOS MESES DE ENTREGAR TERRAPUERTO: \u201cHE ESCUCHADO DE TODO, PERO NO ME AMILANO\u201d"}]},{"@type":"WebSite","@id":"https:\/\/innoticiasbo.com\/#website","url":"https:\/\/innoticiasbo.com\/","name":"innoticiasbo.com","description":"","publisher":{"@id":"https:\/\/innoticiasbo.com\/#organization"},"potentialAction":[{"@type":"SearchAction","target":{"@type":"EntryPoint","urlTemplate":"https:\/\/innoticiasbo.com\/?s={search_term_string}"},"query-input":{"@type":"PropertyValueSpecification","valueRequired":true,"valueName":"search_term_string"}}],"inLanguage":"es"},{"@type":"Organization","@id":"https:\/\/innoticiasbo.com\/#organization","name":"innoticiasbo.com","url":"https:\/\/innoticiasbo.com\/","logo":{"@type":"ImageObject","inLanguage":"es","@id":"https:\/\/innoticiasbo.com\/#\/schema\/logo\/image\/","url":"https:\/\/i0.wp.com\/innoticiasbo.com\/wp-content\/uploads\/2026\/04\/cropped-IN-LOGO.png?fit=1476%2C1476&ssl=1","contentUrl":"https:\/\/i0.wp.com\/innoticiasbo.com\/wp-content\/uploads\/2026\/04\/cropped-IN-LOGO.png?fit=1476%2C1476&ssl=1","width":1476,"height":1476,"caption":"innoticiasbo.com"},"image":{"@id":"https:\/\/innoticiasbo.com\/#\/schema\/logo\/image\/"},"sameAs":["https:\/\/www.facebook.com\/innoticiasbolivia","https:\/\/x.com\/innoticiasbo","https:\/\/www.instagram.com\/innoticiasbo","https:\/\/www.youtube.com\/innoticiasbo"]},{"@type":"Person","@id":"https:\/\/innoticiasbo.com\/#\/schema\/person\/589cd527c4211df1b943bdad85ec07ce","name":"Prensa","image":{"@type":"ImageObject","inLanguage":"es","@id":"https:\/\/innoticiasbo.com\/#\/schema\/person\/image\/","url":"https:\/\/secure.gravatar.com\/avatar\/d359bbdf112023c1c0a3ec7fe1600657?s=96&d=mm&r=g","contentUrl":"https:\/\/secure.gravatar.com\/avatar\/d359bbdf112023c1c0a3ec7fe1600657?s=96&d=mm&r=g","caption":"Prensa"},"sameAs":["http:\/\/www.innoticiasbo.com"],"url":"https:\/\/innoticiasbo.com\/index.php\/author\/prensa\/"}]}},"jetpack_featured_media_url":"https:\/\/i0.wp.com\/innoticiasbo.com\/wp-content\/uploads\/2025\/12\/Screenshot_20251203_160132_CapCut.jpg?fit=1079%2C606&ssl=1","jetpack_likes_enabled":true,"jetpack_sharing_enabled":true,"jetpack_shortlink":"https:\/\/wp.me\/pg298x-2aW","_links":{"self":[{"href":"https:\/\/innoticiasbo.com\/index.php\/wp-json\/wp\/v2\/posts\/8366","targetHints":{"allow":["GET"]}}],"collection":[{"href":"https:\/\/innoticiasbo.com\/index.php\/wp-json\/wp\/v2\/posts"}],"about":[{"href":"https:\/\/innoticiasbo.com\/index.php\/wp-json\/wp\/v2\/types\/post"}],"author":[{"embeddable":true,"href":"https:\/\/innoticiasbo.com\/index.php\/wp-json\/wp\/v2\/users\/2"}],"replies":[{"embeddable":true,"href":"https:\/\/innoticiasbo.com\/index.php\/wp-json\/wp\/v2\/comments?post=8366"}],"version-history":[{"count":1,"href":"https:\/\/innoticiasbo.com\/index.php\/wp-json\/wp\/v2\/posts\/8366\/revisions"}],"predecessor-version":[{"id":8367,"href":"https:\/\/innoticiasbo.com\/index.php\/wp-json\/wp\/v2\/posts\/8366\/revisions\/8367"}],"wp:featuredmedia":[{"embeddable":true,"href":"https:\/\/innoticiasbo.com\/index.php\/wp-json\/wp\/v2\/media\/8363"}],"wp:attachment":[{"href":"https:\/\/innoticiasbo.com\/index.php\/wp-json\/wp\/v2\/media?parent=8366"}],"wp:term":[{"taxonomy":"category","embeddable":true,"href":"https:\/\/innoticiasbo.com\/index.php\/wp-json\/wp\/v2\/categories?post=8366"},{"taxonomy":"post_tag","embeddable":true,"href":"https:\/\/innoticiasbo.com\/index.php\/wp-json\/wp\/v2\/tags?post=8366"}],"curies":[{"name":"wp","href":"https:\/\/api.w.org\/{rel}","templated":true}]}}