{"id":8344,"date":"2025-12-01T00:35:16","date_gmt":"2025-12-01T04:35:16","guid":{"rendered":"https:\/\/innoticiasbo.com\/?p=8344"},"modified":"2025-12-01T00:35:52","modified_gmt":"2025-12-01T04:35:52","slug":"reescribiendo-la-historia-democratica","status":"publish","type":"post","link":"https:\/\/innoticiasbo.com\/index.php\/2025\/12\/01\/reescribiendo-la-historia-democratica\/","title":{"rendered":"REESCRIBIENDO LA HISTORIA DEMOCR\u00c1TICA"},"content":{"rendered":"<div>\n<div style=\"line-height:1.0791666666666666; direction:ltrmargin-left:0px; text-indent:0px; text-align:left;\"><span style=\"font-size:14.666666666666666px; font-weight:400; font-style:normal; color:#000000; letter-spacing:0em;\">El 14 de octubre de 1982, cuando se recuper\u00f3 la democracia, Hern\u00e1n Siles Zuazo manifestaba: \u201cGobernar Bolivia hoy es algo muy dif\u00edcil por el ruinoso estado en que qued\u00f3 tras las sucesivas administraciones de facto, por eso conf\u00edo en el pueblo del pa\u00eds y en la solidaridad internacional y lo que es fundamental, en que el gobierno sea ejemplo de autoridad, de decencia, de responsabilidad y de conducta, y no de la declamaci\u00f3n sino en la pr\u00e1ctica\u201d. Hoy se repite la historia y hemos heredado un pa\u00eds igual de ruinoso, no de los militares, sino de unos civiles convertidos en una lacra pol\u00edtica que nunca m\u00e1s deber\u00edan volver. La pol\u00edtica es c\u00edclica y el discurso del actual mandatario Rodrigo Paz, iguala lo dicho por Siles Zuazo hace 43 a\u00f1os.<\/span><\/p>\n<p><img data-recalc-dims=\"1\" loading=\"lazy\" decoding=\"async\" src=\"https:\/\/i0.wp.com\/innoticiasbo.com\/wp-content\/uploads\/2025\/12\/img-20251201-wa00001740071895035812131.jpg?resize=640%2C640&#038;ssl=1\" class=\"wp-image-8342 alignnone size-full\" width=\"640\" height=\"640\" srcset=\"https:\/\/i0.wp.com\/innoticiasbo.com\/wp-content\/uploads\/2025\/12\/img-20251201-wa00001740071895035812131.jpg?w=1080&amp;ssl=1 1080w, https:\/\/i0.wp.com\/innoticiasbo.com\/wp-content\/uploads\/2025\/12\/img-20251201-wa00001740071895035812131.jpg?resize=300%2C300&amp;ssl=1 300w, https:\/\/i0.wp.com\/innoticiasbo.com\/wp-content\/uploads\/2025\/12\/img-20251201-wa00001740071895035812131.jpg?resize=1024%2C1024&amp;ssl=1 1024w, https:\/\/i0.wp.com\/innoticiasbo.com\/wp-content\/uploads\/2025\/12\/img-20251201-wa00001740071895035812131.jpg?resize=150%2C150&amp;ssl=1 150w, https:\/\/i0.wp.com\/innoticiasbo.com\/wp-content\/uploads\/2025\/12\/img-20251201-wa00001740071895035812131.jpg?resize=768%2C768&amp;ssl=1 768w\" sizes=\"auto, (max-width: 640px) 100vw, 640px\" \/>\n<\/div>\n<div style=\"line-height:1.0791666666666666; direction:ltrmargin-left:0px; text-indent:0px; text-align:left;\"><span style=\"font-size:14.666666666666666px; font-weight:400; font-style:normal; color:#000000; letter-spacing:0em;\">18 a\u00f1os de gobiernos militares en el pa\u00eds y un lustro de desajustes econ\u00f3micos, la cr\u00edtica situaci\u00f3n de las exportaciones bolivianas y al agotamiento del modelo del capitalismo de Estado impulsado desde 1952. La d\u00e9cada de los 80 fue un per\u00edodo perdido para el desarrollo econ\u00f3mico, industrial y social. La crisis de la deuda externa afect\u00f3 a todos, en los gobiernos militares se cortaron programas, sobre todo en salud y en el agro. La fr\u00e1gil estabilidad se agrav\u00f3 con el manejo incorrecto de los fondos p\u00fablicos en beneficio de personas, de grupos y de camaradas de las Fuerzas Armadas en desmedro de planes de desarrollo o de la atenci\u00f3n social. No hab\u00eda atenci\u00f3n al mediano o al peque\u00f1o productor agr\u00edcola y los grandes programas como el algod\u00f3n en el departamento de Santa Cruz o el az\u00facar en el norte del departamento de La Paz ya eran un fracaso. La agroindustria era incipiente y la producci\u00f3n a gran escala estaba todav\u00eda en sus inicios. No exist\u00eda un contrato de venta de gas al Brasil y las relaciones comerciales con Argentina enfrentaban un dilema pol\u00edtico por la cercan\u00eda de la Junta Militar de ese pa\u00eds con los fascistas bolivianos para provecho solamente de las c\u00fapulas gobernantes. El cambio del d\u00f3lar era un indicador del creciente proceso inflacionario y los \u201cpaquetes econ\u00f3micos\u201d solo reflejaban la crisis interna. El contrabando crec\u00eda a gran escala y los ingresos del circuito coca-coca\u00edna distorsionaban los datos estad\u00edsticos, fen\u00f3meno que hasta hoy se repite. <\/span>\n<\/div>\n<div style=\"line-height:1.0791666666666666; direction:ltrmargin-left:0px; text-indent:0px; text-align:left;\"><span style=\"font-size:14.666666666666666px; font-weight:400; font-style:normal; color:#000000; letter-spacing:0em;\">La Central Obrera Boliviana (COB) no participar\u00e1 en el futuro gobierno del presidente Hern\u00e1n Siles Zuazo, a menos que obreros y mineros sean designados en m\u00e1s de la mitad de los ministerios y se implante un programa econ\u00f3mico de \u201cliberaci\u00f3n nacional\u201d, dec\u00eda el secretario ejecutivo de esa organizaci\u00f3n, Juan Lech\u00edn Oquendo. Lech\u00edn afirmaba que ese programa econ\u00f3mico debe ser \u201cantiimperialista y sin ninguna vinculaci\u00f3n con el FMI\u201d. \u201cLa \u00fanica forma que la COB aceptar\u00e1 cogobernar ser\u00eda con un programa de econom\u00eda de liberaci\u00f3n, es decir, antiimperialista y sin ninguna vinculaci\u00f3n del FMI, y que el gabinete sea integrado en m\u00e1s de 50%\u201d, declaraba el 8 de octubre de 1982. <\/span>\n<\/div>\n<div style=\"line-height:1.0791666666666666; direction:ltrmargin-left:0px; text-indent:0px; text-align:left;\"><span style=\"font-size:14.666666666666666px; font-weight:400; font-style:normal; color:#000000; letter-spacing:0em;\">El presidente Hern\u00e1n Siles Zuazo, junto a su vicepresidente, Jaime Paz Zamora, prometieron terminar con la crisis econ\u00f3mica en 100 d\u00edas. Aunque el binomio aparec\u00eda unido en las fotograf\u00edas, era p\u00fablica la fractura entre los aliados por las diferencias de enfoque para enfrentar los mismos problemas. Siles y su partido, hab\u00edan aceptado la tesis mirista del \u201centronque hist\u00f3rico\u201d, pero comenzaron el quiebre por el protagonismo de Paz Zamora a fuerza de imponer su imagen y su discurso, interna y externamente.<\/span>\n<\/div>\n<div style=\"line-height:1.0791666666666666; direction:ltrmargin-left:0px; text-indent:0px; text-align:left;\"><span style=\"font-size:14.666666666666666px; font-weight:400; font-style:normal; color:#000000; letter-spacing:0em;\">En aquella recuperaci\u00f3n de la democracia boliviana, recibimos dos herencias perversas que hasta hoy no hemos podido superar: Una que mostraba una cercan\u00eda con el narcotr\u00e1fico, el crecimiento de las plantaciones de coca, su desv\u00edo al comercio ilegal y la relaci\u00f3n del tr\u00e1fico de coca\u00edna con la pol\u00edtica. La otra fue la corrupci\u00f3n, hermana siamesa de la dictadura, que sobrepaso los vol\u00famenes y formatos superiores a los del MNR y que parece haberse institucionalizado hasta hoy.<\/span>\n<\/div>\n<div style=\"line-height:1.0791666666666666; direction:ltrmargin-left:0px; text-indent:0px; text-align:left;\"><span style=\"font-size:14.666666666666666px; font-weight:400; font-style:normal; color:#000000; letter-spacing:0em;\">El peri\u00f3dico Presencia publicaba el 27 de agosto de 1986: Se estudiar\u00e1 la explotaci\u00f3n de litio en el salar de Uyuni. T\u00e9cnicos nacionales y extranjeros, que se reunir\u00e1n a partir de hoy en el congreso geol\u00f3gico boliviano, examinar\u00e1n los estudios geol\u00f3gicos realizados durante los \u00faltimos a\u00f1os sobre el salar de Uyuni. De acuerdo con estudios preliminares, se tiene establecido que en el salar de Uyuni se encuentra una de las reservas m\u00e1s grandes de litio en el mundo. Asimismo, se cuenta con reservas de cloruro de potasio, carbonato de sodio, boratos y otros compuestos utilizables en una diversidad de procesos industriales. Son 39 a\u00f1os de no hacer nada.<\/span>\n<\/div>\n<div style=\"line-height:1.0791666666666666; direction:ltrmargin-left:0px; text-indent:0px; text-align:left;\"><span style=\"font-size:14.666666666666666px; font-weight:400; font-style:normal; color:#000000; letter-spacing:0em;\">Hoy se trata de estabilizar la econom\u00eda y reducir el Estado, atacar en\u00e9rgicamente el d\u00e9ficit fiscal, no m\u00e1s contrataciones en las empresas del Estado y cerrar las que no sirven, ampliar la frontera del capitalismo y recuperar el control sobre las finanzas, reordenar la administraci\u00f3n del Estado y devolver la institucionalidad a sus instancias de gobernanza. Esa es la misi\u00f3n del nuevo gobierno, debe poder lograrlo.<\/span>\n<\/div>\n<div style=\"line-height:1.0791666666666666; direction:ltrmargin-left:0px; text-indent:0px; text-align:left;\"><span style=\"font-size:14.666666666666666px; font-weight:400; font-style:normal; color:#000000; letter-spacing:0em;\">\u201cUn pueblo que no conoce su historia est\u00e1 condenado a repetirla\u201d (George Santayana). <\/span><\/div>\n<\/div>\n","protected":false},"excerpt":{"rendered":"<p>El 14 de octubre de 1982, cuando se recuper\u00f3 la democracia, Hern\u00e1n Siles Zuazo manifestaba: \u201cGobernar Bolivia hoy es algo muy dif\u00edcil por el ruinoso estado en que qued\u00f3 tras las sucesivas administraciones de facto, por eso conf\u00edo en el pueblo del pa\u00eds y en la solidaridad internacional y lo que es fundamental, en que&#8230;<\/p>\n","protected":false},"author":2,"featured_media":8343,"comment_status":"open","ping_status":"open","sticky":false,"template":"","format":"standard","meta":{"_jetpack_memberships_contains_paid_content":false,"footnotes":"","jetpack_publicize_message":"","jetpack_publicize_feature_enabled":true,"jetpack_social_post_already_shared":true,"jetpack_social_options":{"image_generator_settings":{"template":"highway","enabled":false},"version":2}},"categories":[1,17,3],"tags":[502,1060,10],"class_list":["post-8344","post","type-post","status-publish","format-standard","has-post-thumbnail","hentry","category-bolivia","category-opinion","category-politica","tag-democracia","tag-fernando-berrios","tag-politica"],"jetpack_publicize_connections":[],"yoast_head":"<!-- This site is optimized with the Yoast SEO plugin v23.4 - https:\/\/yoast.com\/wordpress\/plugins\/seo\/ -->\n<title>REESCRIBIENDO LA HISTORIA DEMOCR\u00c1TICA - innoticiasbo.com<\/title>\n<meta name=\"robots\" content=\"index, follow, max-snippet:-1, max-image-preview:large, max-video-preview:-1\" \/>\n<link rel=\"canonical\" href=\"https:\/\/innoticiasbo.com\/index.php\/2025\/12\/01\/reescribiendo-la-historia-democratica\/\" \/>\n<meta property=\"og:locale\" content=\"es_ES\" \/>\n<meta property=\"og:type\" content=\"article\" \/>\n<meta property=\"og:title\" content=\"REESCRIBIENDO LA HISTORIA DEMOCR\u00c1TICA - innoticiasbo.com\" \/>\n<meta property=\"og:description\" content=\"El 14 de octubre de 1982, cuando se recuper\u00f3 la democracia, Hern\u00e1n Siles Zuazo manifestaba: \u201cGobernar Bolivia hoy es algo muy dif\u00edcil por el ruinoso estado en que qued\u00f3 tras las sucesivas administraciones de facto, por eso conf\u00edo en el pueblo del pa\u00eds y en la solidaridad internacional y lo que es fundamental, en que...\" \/>\n<meta property=\"og:url\" content=\"https:\/\/innoticiasbo.com\/index.php\/2025\/12\/01\/reescribiendo-la-historia-democratica\/\" \/>\n<meta property=\"og:site_name\" content=\"innoticiasbo.com\" \/>\n<meta property=\"article:publisher\" content=\"https:\/\/www.facebook.com\/innoticiasbolivia\" \/>\n<meta property=\"article:published_time\" content=\"2025-12-01T04:35:16+00:00\" \/>\n<meta property=\"article:modified_time\" content=\"2025-12-01T04:35:52+00:00\" \/>\n<meta property=\"og:image\" content=\"https:\/\/i0.wp.com\/innoticiasbo.com\/wp-content\/uploads\/2025\/12\/IMG-20251201-WA0000.jpg?fit=1080%2C1080&ssl=1\" \/>\n\t<meta property=\"og:image:width\" content=\"1080\" \/>\n\t<meta property=\"og:image:height\" content=\"1080\" \/>\n\t<meta property=\"og:image:type\" content=\"image\/jpeg\" \/>\n<meta name=\"author\" content=\"Prensa\" \/>\n<meta name=\"twitter:card\" content=\"summary_large_image\" \/>\n<meta name=\"twitter:creator\" content=\"@innoticiasbo\" \/>\n<meta name=\"twitter:site\" content=\"@innoticiasbo\" \/>\n<meta name=\"twitter:label1\" content=\"Escrito por\" \/>\n\t<meta name=\"twitter:data1\" content=\"Prensa\" \/>\n\t<meta name=\"twitter:label2\" content=\"Tiempo de lectura\" \/>\n\t<meta name=\"twitter:data2\" content=\"5 minutos\" \/>\n<script type=\"application\/ld+json\" class=\"yoast-schema-graph\">{\"@context\":\"https:\/\/schema.org\",\"@graph\":[{\"@type\":\"Article\",\"@id\":\"https:\/\/innoticiasbo.com\/index.php\/2025\/12\/01\/reescribiendo-la-historia-democratica\/#article\",\"isPartOf\":{\"@id\":\"https:\/\/innoticiasbo.com\/index.php\/2025\/12\/01\/reescribiendo-la-historia-democratica\/\"},\"author\":{\"name\":\"Prensa\",\"@id\":\"https:\/\/innoticiasbo.com\/#\/schema\/person\/589cd527c4211df1b943bdad85ec07ce\"},\"headline\":\"REESCRIBIENDO LA HISTORIA DEMOCR\u00c1TICA\",\"datePublished\":\"2025-12-01T04:35:16+00:00\",\"dateModified\":\"2025-12-01T04:35:52+00:00\",\"mainEntityOfPage\":{\"@id\":\"https:\/\/innoticiasbo.com\/index.php\/2025\/12\/01\/reescribiendo-la-historia-democratica\/\"},\"wordCount\":911,\"commentCount\":0,\"publisher\":{\"@id\":\"https:\/\/innoticiasbo.com\/#organization\"},\"image\":{\"@id\":\"https:\/\/innoticiasbo.com\/index.php\/2025\/12\/01\/reescribiendo-la-historia-democratica\/#primaryimage\"},\"thumbnailUrl\":\"https:\/\/i0.wp.com\/innoticiasbo.com\/wp-content\/uploads\/2025\/12\/IMG-20251201-WA0000.jpg?fit=1080%2C1080&ssl=1\",\"keywords\":[\"democracia\",\"Fernando Berr\u00edos\",\"Pol\u00edtica\"],\"articleSection\":[\"Bolivia\",\"Opini\u00f3n\",\"Pol\u00edtica\"],\"inLanguage\":\"es\",\"potentialAction\":[{\"@type\":\"CommentAction\",\"name\":\"Comment\",\"target\":[\"https:\/\/innoticiasbo.com\/index.php\/2025\/12\/01\/reescribiendo-la-historia-democratica\/#respond\"]}]},{\"@type\":\"WebPage\",\"@id\":\"https:\/\/innoticiasbo.com\/index.php\/2025\/12\/01\/reescribiendo-la-historia-democratica\/\",\"url\":\"https:\/\/innoticiasbo.com\/index.php\/2025\/12\/01\/reescribiendo-la-historia-democratica\/\",\"name\":\"REESCRIBIENDO LA HISTORIA DEMOCR\u00c1TICA - innoticiasbo.com\",\"isPartOf\":{\"@id\":\"https:\/\/innoticiasbo.com\/#website\"},\"primaryImageOfPage\":{\"@id\":\"https:\/\/innoticiasbo.com\/index.php\/2025\/12\/01\/reescribiendo-la-historia-democratica\/#primaryimage\"},\"image\":{\"@id\":\"https:\/\/innoticiasbo.com\/index.php\/2025\/12\/01\/reescribiendo-la-historia-democratica\/#primaryimage\"},\"thumbnailUrl\":\"https:\/\/i0.wp.com\/innoticiasbo.com\/wp-content\/uploads\/2025\/12\/IMG-20251201-WA0000.jpg?fit=1080%2C1080&ssl=1\",\"datePublished\":\"2025-12-01T04:35:16+00:00\",\"dateModified\":\"2025-12-01T04:35:52+00:00\",\"breadcrumb\":{\"@id\":\"https:\/\/innoticiasbo.com\/index.php\/2025\/12\/01\/reescribiendo-la-historia-democratica\/#breadcrumb\"},\"inLanguage\":\"es\",\"potentialAction\":[{\"@type\":\"ReadAction\",\"target\":[\"https:\/\/innoticiasbo.com\/index.php\/2025\/12\/01\/reescribiendo-la-historia-democratica\/\"]}]},{\"@type\":\"ImageObject\",\"inLanguage\":\"es\",\"@id\":\"https:\/\/innoticiasbo.com\/index.php\/2025\/12\/01\/reescribiendo-la-historia-democratica\/#primaryimage\",\"url\":\"https:\/\/i0.wp.com\/innoticiasbo.com\/wp-content\/uploads\/2025\/12\/IMG-20251201-WA0000.jpg?fit=1080%2C1080&ssl=1\",\"contentUrl\":\"https:\/\/i0.wp.com\/innoticiasbo.com\/wp-content\/uploads\/2025\/12\/IMG-20251201-WA0000.jpg?fit=1080%2C1080&ssl=1\",\"width\":1080,\"height\":1080},{\"@type\":\"BreadcrumbList\",\"@id\":\"https:\/\/innoticiasbo.com\/index.php\/2025\/12\/01\/reescribiendo-la-historia-democratica\/#breadcrumb\",\"itemListElement\":[{\"@type\":\"ListItem\",\"position\":1,\"name\":\"Portada\",\"item\":\"https:\/\/innoticiasbo.com\/\"},{\"@type\":\"ListItem\",\"position\":2,\"name\":\"REESCRIBIENDO LA HISTORIA DEMOCR\u00c1TICA\"}]},{\"@type\":\"WebSite\",\"@id\":\"https:\/\/innoticiasbo.com\/#website\",\"url\":\"https:\/\/innoticiasbo.com\/\",\"name\":\"innoticiasbo.com\",\"description\":\"\",\"publisher\":{\"@id\":\"https:\/\/innoticiasbo.com\/#organization\"},\"potentialAction\":[{\"@type\":\"SearchAction\",\"target\":{\"@type\":\"EntryPoint\",\"urlTemplate\":\"https:\/\/innoticiasbo.com\/?s={search_term_string}\"},\"query-input\":{\"@type\":\"PropertyValueSpecification\",\"valueRequired\":true,\"valueName\":\"search_term_string\"}}],\"inLanguage\":\"es\"},{\"@type\":\"Organization\",\"@id\":\"https:\/\/innoticiasbo.com\/#organization\",\"name\":\"innoticiasbo.com\",\"url\":\"https:\/\/innoticiasbo.com\/\",\"logo\":{\"@type\":\"ImageObject\",\"inLanguage\":\"es\",\"@id\":\"https:\/\/innoticiasbo.com\/#\/schema\/logo\/image\/\",\"url\":\"https:\/\/i0.wp.com\/innoticiasbo.com\/wp-content\/uploads\/2026\/04\/cropped-IN-LOGO.png?fit=1476%2C1476&ssl=1\",\"contentUrl\":\"https:\/\/i0.wp.com\/innoticiasbo.com\/wp-content\/uploads\/2026\/04\/cropped-IN-LOGO.png?fit=1476%2C1476&ssl=1\",\"width\":1476,\"height\":1476,\"caption\":\"innoticiasbo.com\"},\"image\":{\"@id\":\"https:\/\/innoticiasbo.com\/#\/schema\/logo\/image\/\"},\"sameAs\":[\"https:\/\/www.facebook.com\/innoticiasbolivia\",\"https:\/\/x.com\/innoticiasbo\",\"https:\/\/www.instagram.com\/innoticiasbo\",\"https:\/\/www.youtube.com\/innoticiasbo\"]},{\"@type\":\"Person\",\"@id\":\"https:\/\/innoticiasbo.com\/#\/schema\/person\/589cd527c4211df1b943bdad85ec07ce\",\"name\":\"Prensa\",\"image\":{\"@type\":\"ImageObject\",\"inLanguage\":\"es\",\"@id\":\"https:\/\/innoticiasbo.com\/#\/schema\/person\/image\/\",\"url\":\"https:\/\/secure.gravatar.com\/avatar\/d359bbdf112023c1c0a3ec7fe1600657?s=96&d=mm&r=g\",\"contentUrl\":\"https:\/\/secure.gravatar.com\/avatar\/d359bbdf112023c1c0a3ec7fe1600657?s=96&d=mm&r=g\",\"caption\":\"Prensa\"},\"sameAs\":[\"http:\/\/www.innoticiasbo.com\"],\"url\":\"https:\/\/innoticiasbo.com\/index.php\/author\/prensa\/\"}]}<\/script>\n<!-- \/ Yoast SEO plugin. -->","yoast_head_json":{"title":"REESCRIBIENDO LA HISTORIA DEMOCR\u00c1TICA - innoticiasbo.com","robots":{"index":"index","follow":"follow","max-snippet":"max-snippet:-1","max-image-preview":"max-image-preview:large","max-video-preview":"max-video-preview:-1"},"canonical":"https:\/\/innoticiasbo.com\/index.php\/2025\/12\/01\/reescribiendo-la-historia-democratica\/","og_locale":"es_ES","og_type":"article","og_title":"REESCRIBIENDO LA HISTORIA DEMOCR\u00c1TICA - innoticiasbo.com","og_description":"El 14 de octubre de 1982, cuando se recuper\u00f3 la democracia, Hern\u00e1n Siles Zuazo manifestaba: \u201cGobernar Bolivia hoy es algo muy dif\u00edcil por el ruinoso estado en que qued\u00f3 tras las sucesivas administraciones de facto, por eso conf\u00edo en el pueblo del pa\u00eds y en la solidaridad internacional y lo que es fundamental, en que...","og_url":"https:\/\/innoticiasbo.com\/index.php\/2025\/12\/01\/reescribiendo-la-historia-democratica\/","og_site_name":"innoticiasbo.com","article_publisher":"https:\/\/www.facebook.com\/innoticiasbolivia","article_published_time":"2025-12-01T04:35:16+00:00","article_modified_time":"2025-12-01T04:35:52+00:00","og_image":[{"width":1080,"height":1080,"url":"https:\/\/i0.wp.com\/innoticiasbo.com\/wp-content\/uploads\/2025\/12\/IMG-20251201-WA0000.jpg?fit=1080%2C1080&ssl=1","type":"image\/jpeg"}],"author":"Prensa","twitter_card":"summary_large_image","twitter_creator":"@innoticiasbo","twitter_site":"@innoticiasbo","twitter_misc":{"Escrito por":"Prensa","Tiempo de lectura":"5 minutos"},"schema":{"@context":"https:\/\/schema.org","@graph":[{"@type":"Article","@id":"https:\/\/innoticiasbo.com\/index.php\/2025\/12\/01\/reescribiendo-la-historia-democratica\/#article","isPartOf":{"@id":"https:\/\/innoticiasbo.com\/index.php\/2025\/12\/01\/reescribiendo-la-historia-democratica\/"},"author":{"name":"Prensa","@id":"https:\/\/innoticiasbo.com\/#\/schema\/person\/589cd527c4211df1b943bdad85ec07ce"},"headline":"REESCRIBIENDO LA HISTORIA DEMOCR\u00c1TICA","datePublished":"2025-12-01T04:35:16+00:00","dateModified":"2025-12-01T04:35:52+00:00","mainEntityOfPage":{"@id":"https:\/\/innoticiasbo.com\/index.php\/2025\/12\/01\/reescribiendo-la-historia-democratica\/"},"wordCount":911,"commentCount":0,"publisher":{"@id":"https:\/\/innoticiasbo.com\/#organization"},"image":{"@id":"https:\/\/innoticiasbo.com\/index.php\/2025\/12\/01\/reescribiendo-la-historia-democratica\/#primaryimage"},"thumbnailUrl":"https:\/\/i0.wp.com\/innoticiasbo.com\/wp-content\/uploads\/2025\/12\/IMG-20251201-WA0000.jpg?fit=1080%2C1080&ssl=1","keywords":["democracia","Fernando Berr\u00edos","Pol\u00edtica"],"articleSection":["Bolivia","Opini\u00f3n","Pol\u00edtica"],"inLanguage":"es","potentialAction":[{"@type":"CommentAction","name":"Comment","target":["https:\/\/innoticiasbo.com\/index.php\/2025\/12\/01\/reescribiendo-la-historia-democratica\/#respond"]}]},{"@type":"WebPage","@id":"https:\/\/innoticiasbo.com\/index.php\/2025\/12\/01\/reescribiendo-la-historia-democratica\/","url":"https:\/\/innoticiasbo.com\/index.php\/2025\/12\/01\/reescribiendo-la-historia-democratica\/","name":"REESCRIBIENDO LA HISTORIA DEMOCR\u00c1TICA - innoticiasbo.com","isPartOf":{"@id":"https:\/\/innoticiasbo.com\/#website"},"primaryImageOfPage":{"@id":"https:\/\/innoticiasbo.com\/index.php\/2025\/12\/01\/reescribiendo-la-historia-democratica\/#primaryimage"},"image":{"@id":"https:\/\/innoticiasbo.com\/index.php\/2025\/12\/01\/reescribiendo-la-historia-democratica\/#primaryimage"},"thumbnailUrl":"https:\/\/i0.wp.com\/innoticiasbo.com\/wp-content\/uploads\/2025\/12\/IMG-20251201-WA0000.jpg?fit=1080%2C1080&ssl=1","datePublished":"2025-12-01T04:35:16+00:00","dateModified":"2025-12-01T04:35:52+00:00","breadcrumb":{"@id":"https:\/\/innoticiasbo.com\/index.php\/2025\/12\/01\/reescribiendo-la-historia-democratica\/#breadcrumb"},"inLanguage":"es","potentialAction":[{"@type":"ReadAction","target":["https:\/\/innoticiasbo.com\/index.php\/2025\/12\/01\/reescribiendo-la-historia-democratica\/"]}]},{"@type":"ImageObject","inLanguage":"es","@id":"https:\/\/innoticiasbo.com\/index.php\/2025\/12\/01\/reescribiendo-la-historia-democratica\/#primaryimage","url":"https:\/\/i0.wp.com\/innoticiasbo.com\/wp-content\/uploads\/2025\/12\/IMG-20251201-WA0000.jpg?fit=1080%2C1080&ssl=1","contentUrl":"https:\/\/i0.wp.com\/innoticiasbo.com\/wp-content\/uploads\/2025\/12\/IMG-20251201-WA0000.jpg?fit=1080%2C1080&ssl=1","width":1080,"height":1080},{"@type":"BreadcrumbList","@id":"https:\/\/innoticiasbo.com\/index.php\/2025\/12\/01\/reescribiendo-la-historia-democratica\/#breadcrumb","itemListElement":[{"@type":"ListItem","position":1,"name":"Portada","item":"https:\/\/innoticiasbo.com\/"},{"@type":"ListItem","position":2,"name":"REESCRIBIENDO LA HISTORIA DEMOCR\u00c1TICA"}]},{"@type":"WebSite","@id":"https:\/\/innoticiasbo.com\/#website","url":"https:\/\/innoticiasbo.com\/","name":"innoticiasbo.com","description":"","publisher":{"@id":"https:\/\/innoticiasbo.com\/#organization"},"potentialAction":[{"@type":"SearchAction","target":{"@type":"EntryPoint","urlTemplate":"https:\/\/innoticiasbo.com\/?s={search_term_string}"},"query-input":{"@type":"PropertyValueSpecification","valueRequired":true,"valueName":"search_term_string"}}],"inLanguage":"es"},{"@type":"Organization","@id":"https:\/\/innoticiasbo.com\/#organization","name":"innoticiasbo.com","url":"https:\/\/innoticiasbo.com\/","logo":{"@type":"ImageObject","inLanguage":"es","@id":"https:\/\/innoticiasbo.com\/#\/schema\/logo\/image\/","url":"https:\/\/i0.wp.com\/innoticiasbo.com\/wp-content\/uploads\/2026\/04\/cropped-IN-LOGO.png?fit=1476%2C1476&ssl=1","contentUrl":"https:\/\/i0.wp.com\/innoticiasbo.com\/wp-content\/uploads\/2026\/04\/cropped-IN-LOGO.png?fit=1476%2C1476&ssl=1","width":1476,"height":1476,"caption":"innoticiasbo.com"},"image":{"@id":"https:\/\/innoticiasbo.com\/#\/schema\/logo\/image\/"},"sameAs":["https:\/\/www.facebook.com\/innoticiasbolivia","https:\/\/x.com\/innoticiasbo","https:\/\/www.instagram.com\/innoticiasbo","https:\/\/www.youtube.com\/innoticiasbo"]},{"@type":"Person","@id":"https:\/\/innoticiasbo.com\/#\/schema\/person\/589cd527c4211df1b943bdad85ec07ce","name":"Prensa","image":{"@type":"ImageObject","inLanguage":"es","@id":"https:\/\/innoticiasbo.com\/#\/schema\/person\/image\/","url":"https:\/\/secure.gravatar.com\/avatar\/d359bbdf112023c1c0a3ec7fe1600657?s=96&d=mm&r=g","contentUrl":"https:\/\/secure.gravatar.com\/avatar\/d359bbdf112023c1c0a3ec7fe1600657?s=96&d=mm&r=g","caption":"Prensa"},"sameAs":["http:\/\/www.innoticiasbo.com"],"url":"https:\/\/innoticiasbo.com\/index.php\/author\/prensa\/"}]}},"jetpack_featured_media_url":"https:\/\/i0.wp.com\/innoticiasbo.com\/wp-content\/uploads\/2025\/12\/IMG-20251201-WA0000.jpg?fit=1080%2C1080&ssl=1","jetpack_likes_enabled":true,"jetpack_sharing_enabled":true,"jetpack_shortlink":"https:\/\/wp.me\/pg298x-2aA","_links":{"self":[{"href":"https:\/\/innoticiasbo.com\/index.php\/wp-json\/wp\/v2\/posts\/8344","targetHints":{"allow":["GET"]}}],"collection":[{"href":"https:\/\/innoticiasbo.com\/index.php\/wp-json\/wp\/v2\/posts"}],"about":[{"href":"https:\/\/innoticiasbo.com\/index.php\/wp-json\/wp\/v2\/types\/post"}],"author":[{"embeddable":true,"href":"https:\/\/innoticiasbo.com\/index.php\/wp-json\/wp\/v2\/users\/2"}],"replies":[{"embeddable":true,"href":"https:\/\/innoticiasbo.com\/index.php\/wp-json\/wp\/v2\/comments?post=8344"}],"version-history":[{"count":1,"href":"https:\/\/innoticiasbo.com\/index.php\/wp-json\/wp\/v2\/posts\/8344\/revisions"}],"predecessor-version":[{"id":8345,"href":"https:\/\/innoticiasbo.com\/index.php\/wp-json\/wp\/v2\/posts\/8344\/revisions\/8345"}],"wp:featuredmedia":[{"embeddable":true,"href":"https:\/\/innoticiasbo.com\/index.php\/wp-json\/wp\/v2\/media\/8343"}],"wp:attachment":[{"href":"https:\/\/innoticiasbo.com\/index.php\/wp-json\/wp\/v2\/media?parent=8344"}],"wp:term":[{"taxonomy":"category","embeddable":true,"href":"https:\/\/innoticiasbo.com\/index.php\/wp-json\/wp\/v2\/categories?post=8344"},{"taxonomy":"post_tag","embeddable":true,"href":"https:\/\/innoticiasbo.com\/index.php\/wp-json\/wp\/v2\/tags?post=8344"}],"curies":[{"name":"wp","href":"https:\/\/api.w.org\/{rel}","templated":true}]}}