{"id":831,"date":"2024-09-19T02:10:31","date_gmt":"2024-09-19T02:10:31","guid":{"rendered":"https:\/\/innoticiasbo.com\/?p=831"},"modified":"2024-09-19T02:10:51","modified_gmt":"2024-09-19T02:10:51","slug":"evo-morales-continuara-en-la-marcha-por-decision-del-estado-mayor-del-pueblo","status":"publish","type":"post","link":"https:\/\/innoticiasbo.com\/index.php\/2024\/09\/19\/evo-morales-continuara-en-la-marcha-por-decision-del-estado-mayor-del-pueblo\/","title":{"rendered":"EVO MORALES CONTINUAR\u00c1 EN LA MARCHA POR DECISI\u00d3N DEL \u00abESTADO MAYOR DEL PUEBLO \u00ab"},"content":{"rendered":"\n<p>La Paz, 18 de septiembre de 2024.- Evo Morales continuar\u00e1 en la denominada \u201cMarcha para Salvar Bolivia\u201d iniciada el pasado 17 de septiembre de 2024 por decisi\u00f3n del \u201cEstado Mayor del Pueblo\u201d inform\u00f3 hace instantes el secretario ejecutivo de la Confederaci\u00f3n Sindical Unica de Trabajadores Campesinos de Bolivia (CSUTCB), Ponciano Santos.<\/p>\n\n\n\n<p><br \/>\u201cNuestro comandante Evo Morales Ayma y nuestro presidente de la direcci\u00f3n nacional por la determinaci\u00f3n del Estado Mayor del Pueblo por el Pacto de Unidad, va a continuar en esta marcha hasta llegar a la sede de gobierno\u201d, sostuvo&nbsp; Santos en un video difundido por Kawsachun Coca.<\/p>\n\n\n\n<figure class=\"wp-block-image size-large\"><img data-recalc-dims=\"1\" loading=\"lazy\" decoding=\"async\" width=\"640\" height=\"360\" src=\"https:\/\/i0.wp.com\/innoticiasbo.com\/wp-content\/uploads\/2024\/09\/md-2130945162469559707.jpg?resize=640%2C360&#038;ssl=1\" alt=\"\" class=\"wp-image-834\" srcset=\"https:\/\/i0.wp.com\/innoticiasbo.com\/wp-content\/uploads\/2024\/09\/md-2130945162469559707.jpg?w=992&amp;ssl=1 992w, https:\/\/i0.wp.com\/innoticiasbo.com\/wp-content\/uploads\/2024\/09\/md-2130945162469559707.jpg?resize=300%2C169&amp;ssl=1 300w, https:\/\/i0.wp.com\/innoticiasbo.com\/wp-content\/uploads\/2024\/09\/md-2130945162469559707.jpg?resize=768%2C432&amp;ssl=1 768w\" sizes=\"auto, (max-width: 640px) 100vw, 640px\" \/><\/figure>\n\n\n\n<p><br \/>Aseguran que la marcha llegar\u00e1 a la sede de gobierno y que se masificar\u00e1 conforme pasen los d\u00edas. La movilizaci\u00f3n se encuentra en la localidad de Huachaca y este jueves partir\u00e1n a las 6:30 con el objetivo de llegar hasta Patacamaya en la tercera jornada de movilizaci\u00f3n. <\/p>\n\n\n\n<h1 class=\"wp-block-heading\">EvoMorales #marchaparasalvarbolivia #MAS #Bolivia #innoticias<\/h1>\n","protected":false},"excerpt":{"rendered":"<p>La Paz, 18 de septiembre de 2024.- Evo Morales continuar\u00e1 en la denominada \u201cMarcha para Salvar Bolivia\u201d iniciada el pasado 17 de septiembre de 2024 por decisi\u00f3n del \u201cEstado Mayor del Pueblo\u201d inform\u00f3 hace instantes el secretario ejecutivo de la Confederaci\u00f3n Sindical Unica de Trabajadores Campesinos de Bolivia (CSUTCB), Ponciano Santos. \u201cNuestro comandante Evo Morales&#8230;<\/p>\n","protected":false},"author":2,"featured_media":835,"comment_status":"open","ping_status":"open","sticky":false,"template":"","format":"standard","meta":{"_jetpack_memberships_contains_paid_content":false,"footnotes":"","jetpack_publicize_message":"","jetpack_publicize_feature_enabled":true,"jetpack_social_post_already_shared":true,"jetpack_social_options":{"image_generator_settings":{"template":"highway","enabled":false},"version":2}},"categories":[1,3],"tags":[],"class_list":["post-831","post","type-post","status-publish","format-standard","has-post-thumbnail","hentry","category-bolivia","category-politica"],"jetpack_publicize_connections":[],"yoast_head":"<!-- This site is optimized with the Yoast SEO plugin v23.4 - https:\/\/yoast.com\/wordpress\/plugins\/seo\/ -->\n<title>EVO MORALES CONTINUAR\u00c1 EN LA MARCHA POR DECISI\u00d3N DEL &quot;ESTADO MAYOR DEL PUEBLO &quot; - innoticiasbo.com<\/title>\n<meta name=\"robots\" content=\"index, follow, max-snippet:-1, max-image-preview:large, max-video-preview:-1\" \/>\n<link rel=\"canonical\" href=\"https:\/\/innoticiasbo.com\/index.php\/2024\/09\/19\/evo-morales-continuara-en-la-marcha-por-decision-del-estado-mayor-del-pueblo\/\" \/>\n<meta property=\"og:locale\" content=\"es_ES\" \/>\n<meta property=\"og:type\" content=\"article\" \/>\n<meta property=\"og:title\" content=\"EVO MORALES CONTINUAR\u00c1 EN LA MARCHA POR DECISI\u00d3N DEL &quot;ESTADO MAYOR DEL PUEBLO &quot; - innoticiasbo.com\" \/>\n<meta property=\"og:description\" content=\"La Paz, 18 de septiembre de 2024.- Evo Morales continuar\u00e1 en la denominada \u201cMarcha para Salvar Bolivia\u201d iniciada el pasado 17 de septiembre de 2024 por decisi\u00f3n del \u201cEstado Mayor del Pueblo\u201d inform\u00f3 hace instantes el secretario ejecutivo de la Confederaci\u00f3n Sindical Unica de Trabajadores Campesinos de Bolivia (CSUTCB), Ponciano Santos. \u201cNuestro comandante Evo Morales...\" \/>\n<meta property=\"og:url\" content=\"https:\/\/innoticiasbo.com\/index.php\/2024\/09\/19\/evo-morales-continuara-en-la-marcha-por-decision-del-estado-mayor-del-pueblo\/\" \/>\n<meta property=\"og:site_name\" content=\"innoticiasbo.com\" \/>\n<meta property=\"article:publisher\" content=\"https:\/\/www.facebook.com\/innoticiasbolivia\" \/>\n<meta property=\"article:published_time\" content=\"2024-09-19T02:10:31+00:00\" \/>\n<meta property=\"article:modified_time\" content=\"2024-09-19T02:10:51+00:00\" \/>\n<meta property=\"og:image\" content=\"https:\/\/i0.wp.com\/innoticiasbo.com\/wp-content\/uploads\/2024\/09\/Screenshot_20240918_220948_CapCut.jpg?fit=1072%2C595&ssl=1\" \/>\n\t<meta property=\"og:image:width\" content=\"1072\" \/>\n\t<meta property=\"og:image:height\" content=\"595\" \/>\n\t<meta property=\"og:image:type\" content=\"image\/jpeg\" \/>\n<meta name=\"author\" content=\"Prensa\" \/>\n<meta name=\"twitter:card\" content=\"summary_large_image\" \/>\n<meta name=\"twitter:creator\" content=\"@innoticiasbo\" \/>\n<meta name=\"twitter:site\" content=\"@innoticiasbo\" \/>\n<meta name=\"twitter:label1\" content=\"Escrito por\" \/>\n\t<meta name=\"twitter:data1\" content=\"Prensa\" \/>\n\t<meta name=\"twitter:label2\" content=\"Tiempo de lectura\" \/>\n\t<meta name=\"twitter:data2\" content=\"1 minuto\" \/>\n<script type=\"application\/ld+json\" class=\"yoast-schema-graph\">{\"@context\":\"https:\/\/schema.org\",\"@graph\":[{\"@type\":\"Article\",\"@id\":\"https:\/\/innoticiasbo.com\/index.php\/2024\/09\/19\/evo-morales-continuara-en-la-marcha-por-decision-del-estado-mayor-del-pueblo\/#article\",\"isPartOf\":{\"@id\":\"https:\/\/innoticiasbo.com\/index.php\/2024\/09\/19\/evo-morales-continuara-en-la-marcha-por-decision-del-estado-mayor-del-pueblo\/\"},\"author\":{\"name\":\"Prensa\",\"@id\":\"https:\/\/innoticiasbo.com\/#\/schema\/person\/589cd527c4211df1b943bdad85ec07ce\"},\"headline\":\"EVO MORALES CONTINUAR\u00c1 EN LA MARCHA POR DECISI\u00d3N DEL \u00abESTADO MAYOR DEL PUEBLO \u00ab\",\"datePublished\":\"2024-09-19T02:10:31+00:00\",\"dateModified\":\"2024-09-19T02:10:51+00:00\",\"mainEntityOfPage\":{\"@id\":\"https:\/\/innoticiasbo.com\/index.php\/2024\/09\/19\/evo-morales-continuara-en-la-marcha-por-decision-del-estado-mayor-del-pueblo\/\"},\"wordCount\":169,\"commentCount\":0,\"publisher\":{\"@id\":\"https:\/\/innoticiasbo.com\/#organization\"},\"image\":{\"@id\":\"https:\/\/innoticiasbo.com\/index.php\/2024\/09\/19\/evo-morales-continuara-en-la-marcha-por-decision-del-estado-mayor-del-pueblo\/#primaryimage\"},\"thumbnailUrl\":\"https:\/\/i0.wp.com\/innoticiasbo.com\/wp-content\/uploads\/2024\/09\/Screenshot_20240918_220948_CapCut.jpg?fit=1072%2C595&ssl=1\",\"articleSection\":[\"Bolivia\",\"Pol\u00edtica\"],\"inLanguage\":\"es\",\"potentialAction\":[{\"@type\":\"CommentAction\",\"name\":\"Comment\",\"target\":[\"https:\/\/innoticiasbo.com\/index.php\/2024\/09\/19\/evo-morales-continuara-en-la-marcha-por-decision-del-estado-mayor-del-pueblo\/#respond\"]}]},{\"@type\":\"WebPage\",\"@id\":\"https:\/\/innoticiasbo.com\/index.php\/2024\/09\/19\/evo-morales-continuara-en-la-marcha-por-decision-del-estado-mayor-del-pueblo\/\",\"url\":\"https:\/\/innoticiasbo.com\/index.php\/2024\/09\/19\/evo-morales-continuara-en-la-marcha-por-decision-del-estado-mayor-del-pueblo\/\",\"name\":\"EVO MORALES CONTINUAR\u00c1 EN LA MARCHA POR DECISI\u00d3N DEL \\\"ESTADO MAYOR DEL PUEBLO \\\" - innoticiasbo.com\",\"isPartOf\":{\"@id\":\"https:\/\/innoticiasbo.com\/#website\"},\"primaryImageOfPage\":{\"@id\":\"https:\/\/innoticiasbo.com\/index.php\/2024\/09\/19\/evo-morales-continuara-en-la-marcha-por-decision-del-estado-mayor-del-pueblo\/#primaryimage\"},\"image\":{\"@id\":\"https:\/\/innoticiasbo.com\/index.php\/2024\/09\/19\/evo-morales-continuara-en-la-marcha-por-decision-del-estado-mayor-del-pueblo\/#primaryimage\"},\"thumbnailUrl\":\"https:\/\/i0.wp.com\/innoticiasbo.com\/wp-content\/uploads\/2024\/09\/Screenshot_20240918_220948_CapCut.jpg?fit=1072%2C595&ssl=1\",\"datePublished\":\"2024-09-19T02:10:31+00:00\",\"dateModified\":\"2024-09-19T02:10:51+00:00\",\"breadcrumb\":{\"@id\":\"https:\/\/innoticiasbo.com\/index.php\/2024\/09\/19\/evo-morales-continuara-en-la-marcha-por-decision-del-estado-mayor-del-pueblo\/#breadcrumb\"},\"inLanguage\":\"es\",\"potentialAction\":[{\"@type\":\"ReadAction\",\"target\":[\"https:\/\/innoticiasbo.com\/index.php\/2024\/09\/19\/evo-morales-continuara-en-la-marcha-por-decision-del-estado-mayor-del-pueblo\/\"]}]},{\"@type\":\"ImageObject\",\"inLanguage\":\"es\",\"@id\":\"https:\/\/innoticiasbo.com\/index.php\/2024\/09\/19\/evo-morales-continuara-en-la-marcha-por-decision-del-estado-mayor-del-pueblo\/#primaryimage\",\"url\":\"https:\/\/i0.wp.com\/innoticiasbo.com\/wp-content\/uploads\/2024\/09\/Screenshot_20240918_220948_CapCut.jpg?fit=1072%2C595&ssl=1\",\"contentUrl\":\"https:\/\/i0.wp.com\/innoticiasbo.com\/wp-content\/uploads\/2024\/09\/Screenshot_20240918_220948_CapCut.jpg?fit=1072%2C595&ssl=1\",\"width\":1072,\"height\":595},{\"@type\":\"BreadcrumbList\",\"@id\":\"https:\/\/innoticiasbo.com\/index.php\/2024\/09\/19\/evo-morales-continuara-en-la-marcha-por-decision-del-estado-mayor-del-pueblo\/#breadcrumb\",\"itemListElement\":[{\"@type\":\"ListItem\",\"position\":1,\"name\":\"Portada\",\"item\":\"https:\/\/innoticiasbo.com\/\"},{\"@type\":\"ListItem\",\"position\":2,\"name\":\"EVO MORALES CONTINUAR\u00c1 EN LA MARCHA POR DECISI\u00d3N DEL \u00abESTADO MAYOR DEL PUEBLO \u00ab\"}]},{\"@type\":\"WebSite\",\"@id\":\"https:\/\/innoticiasbo.com\/#website\",\"url\":\"https:\/\/innoticiasbo.com\/\",\"name\":\"innoticiasbo.com\",\"description\":\"\",\"publisher\":{\"@id\":\"https:\/\/innoticiasbo.com\/#organization\"},\"potentialAction\":[{\"@type\":\"SearchAction\",\"target\":{\"@type\":\"EntryPoint\",\"urlTemplate\":\"https:\/\/innoticiasbo.com\/?s={search_term_string}\"},\"query-input\":{\"@type\":\"PropertyValueSpecification\",\"valueRequired\":true,\"valueName\":\"search_term_string\"}}],\"inLanguage\":\"es\"},{\"@type\":\"Organization\",\"@id\":\"https:\/\/innoticiasbo.com\/#organization\",\"name\":\"innoticiasbo.com\",\"url\":\"https:\/\/innoticiasbo.com\/\",\"logo\":{\"@type\":\"ImageObject\",\"inLanguage\":\"es\",\"@id\":\"https:\/\/innoticiasbo.com\/#\/schema\/logo\/image\/\",\"url\":\"https:\/\/i0.wp.com\/innoticiasbo.com\/wp-content\/uploads\/2026\/04\/cropped-IN-LOGO.png?fit=1476%2C1476&ssl=1\",\"contentUrl\":\"https:\/\/i0.wp.com\/innoticiasbo.com\/wp-content\/uploads\/2026\/04\/cropped-IN-LOGO.png?fit=1476%2C1476&ssl=1\",\"width\":1476,\"height\":1476,\"caption\":\"innoticiasbo.com\"},\"image\":{\"@id\":\"https:\/\/innoticiasbo.com\/#\/schema\/logo\/image\/\"},\"sameAs\":[\"https:\/\/www.facebook.com\/innoticiasbolivia\",\"https:\/\/x.com\/innoticiasbo\",\"https:\/\/www.instagram.com\/innoticiasbo\",\"https:\/\/www.youtube.com\/innoticiasbo\"]},{\"@type\":\"Person\",\"@id\":\"https:\/\/innoticiasbo.com\/#\/schema\/person\/589cd527c4211df1b943bdad85ec07ce\",\"name\":\"Prensa\",\"image\":{\"@type\":\"ImageObject\",\"inLanguage\":\"es\",\"@id\":\"https:\/\/innoticiasbo.com\/#\/schema\/person\/image\/\",\"url\":\"https:\/\/secure.gravatar.com\/avatar\/d359bbdf112023c1c0a3ec7fe1600657?s=96&d=mm&r=g\",\"contentUrl\":\"https:\/\/secure.gravatar.com\/avatar\/d359bbdf112023c1c0a3ec7fe1600657?s=96&d=mm&r=g\",\"caption\":\"Prensa\"},\"sameAs\":[\"http:\/\/www.innoticiasbo.com\"],\"url\":\"https:\/\/innoticiasbo.com\/index.php\/author\/prensa\/\"}]}<\/script>\n<!-- \/ Yoast SEO plugin. -->","yoast_head_json":{"title":"EVO MORALES CONTINUAR\u00c1 EN LA MARCHA POR DECISI\u00d3N DEL \"ESTADO MAYOR DEL PUEBLO \" - innoticiasbo.com","robots":{"index":"index","follow":"follow","max-snippet":"max-snippet:-1","max-image-preview":"max-image-preview:large","max-video-preview":"max-video-preview:-1"},"canonical":"https:\/\/innoticiasbo.com\/index.php\/2024\/09\/19\/evo-morales-continuara-en-la-marcha-por-decision-del-estado-mayor-del-pueblo\/","og_locale":"es_ES","og_type":"article","og_title":"EVO MORALES CONTINUAR\u00c1 EN LA MARCHA POR DECISI\u00d3N DEL \"ESTADO MAYOR DEL PUEBLO \" - innoticiasbo.com","og_description":"La Paz, 18 de septiembre de 2024.- Evo Morales continuar\u00e1 en la denominada \u201cMarcha para Salvar Bolivia\u201d iniciada el pasado 17 de septiembre de 2024 por decisi\u00f3n del \u201cEstado Mayor del Pueblo\u201d inform\u00f3 hace instantes el secretario ejecutivo de la Confederaci\u00f3n Sindical Unica de Trabajadores Campesinos de Bolivia (CSUTCB), Ponciano Santos. \u201cNuestro comandante Evo Morales...","og_url":"https:\/\/innoticiasbo.com\/index.php\/2024\/09\/19\/evo-morales-continuara-en-la-marcha-por-decision-del-estado-mayor-del-pueblo\/","og_site_name":"innoticiasbo.com","article_publisher":"https:\/\/www.facebook.com\/innoticiasbolivia","article_published_time":"2024-09-19T02:10:31+00:00","article_modified_time":"2024-09-19T02:10:51+00:00","og_image":[{"width":1072,"height":595,"url":"https:\/\/i0.wp.com\/innoticiasbo.com\/wp-content\/uploads\/2024\/09\/Screenshot_20240918_220948_CapCut.jpg?fit=1072%2C595&ssl=1","type":"image\/jpeg"}],"author":"Prensa","twitter_card":"summary_large_image","twitter_creator":"@innoticiasbo","twitter_site":"@innoticiasbo","twitter_misc":{"Escrito por":"Prensa","Tiempo de lectura":"1 minuto"},"schema":{"@context":"https:\/\/schema.org","@graph":[{"@type":"Article","@id":"https:\/\/innoticiasbo.com\/index.php\/2024\/09\/19\/evo-morales-continuara-en-la-marcha-por-decision-del-estado-mayor-del-pueblo\/#article","isPartOf":{"@id":"https:\/\/innoticiasbo.com\/index.php\/2024\/09\/19\/evo-morales-continuara-en-la-marcha-por-decision-del-estado-mayor-del-pueblo\/"},"author":{"name":"Prensa","@id":"https:\/\/innoticiasbo.com\/#\/schema\/person\/589cd527c4211df1b943bdad85ec07ce"},"headline":"EVO MORALES CONTINUAR\u00c1 EN LA MARCHA POR DECISI\u00d3N DEL \u00abESTADO MAYOR DEL PUEBLO \u00ab","datePublished":"2024-09-19T02:10:31+00:00","dateModified":"2024-09-19T02:10:51+00:00","mainEntityOfPage":{"@id":"https:\/\/innoticiasbo.com\/index.php\/2024\/09\/19\/evo-morales-continuara-en-la-marcha-por-decision-del-estado-mayor-del-pueblo\/"},"wordCount":169,"commentCount":0,"publisher":{"@id":"https:\/\/innoticiasbo.com\/#organization"},"image":{"@id":"https:\/\/innoticiasbo.com\/index.php\/2024\/09\/19\/evo-morales-continuara-en-la-marcha-por-decision-del-estado-mayor-del-pueblo\/#primaryimage"},"thumbnailUrl":"https:\/\/i0.wp.com\/innoticiasbo.com\/wp-content\/uploads\/2024\/09\/Screenshot_20240918_220948_CapCut.jpg?fit=1072%2C595&ssl=1","articleSection":["Bolivia","Pol\u00edtica"],"inLanguage":"es","potentialAction":[{"@type":"CommentAction","name":"Comment","target":["https:\/\/innoticiasbo.com\/index.php\/2024\/09\/19\/evo-morales-continuara-en-la-marcha-por-decision-del-estado-mayor-del-pueblo\/#respond"]}]},{"@type":"WebPage","@id":"https:\/\/innoticiasbo.com\/index.php\/2024\/09\/19\/evo-morales-continuara-en-la-marcha-por-decision-del-estado-mayor-del-pueblo\/","url":"https:\/\/innoticiasbo.com\/index.php\/2024\/09\/19\/evo-morales-continuara-en-la-marcha-por-decision-del-estado-mayor-del-pueblo\/","name":"EVO MORALES CONTINUAR\u00c1 EN LA MARCHA POR DECISI\u00d3N DEL \"ESTADO MAYOR DEL PUEBLO \" - innoticiasbo.com","isPartOf":{"@id":"https:\/\/innoticiasbo.com\/#website"},"primaryImageOfPage":{"@id":"https:\/\/innoticiasbo.com\/index.php\/2024\/09\/19\/evo-morales-continuara-en-la-marcha-por-decision-del-estado-mayor-del-pueblo\/#primaryimage"},"image":{"@id":"https:\/\/innoticiasbo.com\/index.php\/2024\/09\/19\/evo-morales-continuara-en-la-marcha-por-decision-del-estado-mayor-del-pueblo\/#primaryimage"},"thumbnailUrl":"https:\/\/i0.wp.com\/innoticiasbo.com\/wp-content\/uploads\/2024\/09\/Screenshot_20240918_220948_CapCut.jpg?fit=1072%2C595&ssl=1","datePublished":"2024-09-19T02:10:31+00:00","dateModified":"2024-09-19T02:10:51+00:00","breadcrumb":{"@id":"https:\/\/innoticiasbo.com\/index.php\/2024\/09\/19\/evo-morales-continuara-en-la-marcha-por-decision-del-estado-mayor-del-pueblo\/#breadcrumb"},"inLanguage":"es","potentialAction":[{"@type":"ReadAction","target":["https:\/\/innoticiasbo.com\/index.php\/2024\/09\/19\/evo-morales-continuara-en-la-marcha-por-decision-del-estado-mayor-del-pueblo\/"]}]},{"@type":"ImageObject","inLanguage":"es","@id":"https:\/\/innoticiasbo.com\/index.php\/2024\/09\/19\/evo-morales-continuara-en-la-marcha-por-decision-del-estado-mayor-del-pueblo\/#primaryimage","url":"https:\/\/i0.wp.com\/innoticiasbo.com\/wp-content\/uploads\/2024\/09\/Screenshot_20240918_220948_CapCut.jpg?fit=1072%2C595&ssl=1","contentUrl":"https:\/\/i0.wp.com\/innoticiasbo.com\/wp-content\/uploads\/2024\/09\/Screenshot_20240918_220948_CapCut.jpg?fit=1072%2C595&ssl=1","width":1072,"height":595},{"@type":"BreadcrumbList","@id":"https:\/\/innoticiasbo.com\/index.php\/2024\/09\/19\/evo-morales-continuara-en-la-marcha-por-decision-del-estado-mayor-del-pueblo\/#breadcrumb","itemListElement":[{"@type":"ListItem","position":1,"name":"Portada","item":"https:\/\/innoticiasbo.com\/"},{"@type":"ListItem","position":2,"name":"EVO MORALES CONTINUAR\u00c1 EN LA MARCHA POR DECISI\u00d3N DEL \u00abESTADO MAYOR DEL PUEBLO \u00ab"}]},{"@type":"WebSite","@id":"https:\/\/innoticiasbo.com\/#website","url":"https:\/\/innoticiasbo.com\/","name":"innoticiasbo.com","description":"","publisher":{"@id":"https:\/\/innoticiasbo.com\/#organization"},"potentialAction":[{"@type":"SearchAction","target":{"@type":"EntryPoint","urlTemplate":"https:\/\/innoticiasbo.com\/?s={search_term_string}"},"query-input":{"@type":"PropertyValueSpecification","valueRequired":true,"valueName":"search_term_string"}}],"inLanguage":"es"},{"@type":"Organization","@id":"https:\/\/innoticiasbo.com\/#organization","name":"innoticiasbo.com","url":"https:\/\/innoticiasbo.com\/","logo":{"@type":"ImageObject","inLanguage":"es","@id":"https:\/\/innoticiasbo.com\/#\/schema\/logo\/image\/","url":"https:\/\/i0.wp.com\/innoticiasbo.com\/wp-content\/uploads\/2026\/04\/cropped-IN-LOGO.png?fit=1476%2C1476&ssl=1","contentUrl":"https:\/\/i0.wp.com\/innoticiasbo.com\/wp-content\/uploads\/2026\/04\/cropped-IN-LOGO.png?fit=1476%2C1476&ssl=1","width":1476,"height":1476,"caption":"innoticiasbo.com"},"image":{"@id":"https:\/\/innoticiasbo.com\/#\/schema\/logo\/image\/"},"sameAs":["https:\/\/www.facebook.com\/innoticiasbolivia","https:\/\/x.com\/innoticiasbo","https:\/\/www.instagram.com\/innoticiasbo","https:\/\/www.youtube.com\/innoticiasbo"]},{"@type":"Person","@id":"https:\/\/innoticiasbo.com\/#\/schema\/person\/589cd527c4211df1b943bdad85ec07ce","name":"Prensa","image":{"@type":"ImageObject","inLanguage":"es","@id":"https:\/\/innoticiasbo.com\/#\/schema\/person\/image\/","url":"https:\/\/secure.gravatar.com\/avatar\/d359bbdf112023c1c0a3ec7fe1600657?s=96&d=mm&r=g","contentUrl":"https:\/\/secure.gravatar.com\/avatar\/d359bbdf112023c1c0a3ec7fe1600657?s=96&d=mm&r=g","caption":"Prensa"},"sameAs":["http:\/\/www.innoticiasbo.com"],"url":"https:\/\/innoticiasbo.com\/index.php\/author\/prensa\/"}]}},"jetpack_featured_media_url":"https:\/\/i0.wp.com\/innoticiasbo.com\/wp-content\/uploads\/2024\/09\/Screenshot_20240918_220948_CapCut.jpg?fit=1072%2C595&ssl=1","jetpack_likes_enabled":true,"jetpack_sharing_enabled":true,"jetpack_shortlink":"https:\/\/wp.me\/pg298x-dp","_links":{"self":[{"href":"https:\/\/innoticiasbo.com\/index.php\/wp-json\/wp\/v2\/posts\/831","targetHints":{"allow":["GET"]}}],"collection":[{"href":"https:\/\/innoticiasbo.com\/index.php\/wp-json\/wp\/v2\/posts"}],"about":[{"href":"https:\/\/innoticiasbo.com\/index.php\/wp-json\/wp\/v2\/types\/post"}],"author":[{"embeddable":true,"href":"https:\/\/innoticiasbo.com\/index.php\/wp-json\/wp\/v2\/users\/2"}],"replies":[{"embeddable":true,"href":"https:\/\/innoticiasbo.com\/index.php\/wp-json\/wp\/v2\/comments?post=831"}],"version-history":[{"count":2,"href":"https:\/\/innoticiasbo.com\/index.php\/wp-json\/wp\/v2\/posts\/831\/revisions"}],"predecessor-version":[{"id":836,"href":"https:\/\/innoticiasbo.com\/index.php\/wp-json\/wp\/v2\/posts\/831\/revisions\/836"}],"wp:featuredmedia":[{"embeddable":true,"href":"https:\/\/innoticiasbo.com\/index.php\/wp-json\/wp\/v2\/media\/835"}],"wp:attachment":[{"href":"https:\/\/innoticiasbo.com\/index.php\/wp-json\/wp\/v2\/media?parent=831"}],"wp:term":[{"taxonomy":"category","embeddable":true,"href":"https:\/\/innoticiasbo.com\/index.php\/wp-json\/wp\/v2\/categories?post=831"},{"taxonomy":"post_tag","embeddable":true,"href":"https:\/\/innoticiasbo.com\/index.php\/wp-json\/wp\/v2\/tags?post=831"}],"curies":[{"name":"wp","href":"https:\/\/api.w.org\/{rel}","templated":true}]}}