{"id":8150,"date":"2025-10-30T10:09:34","date_gmt":"2025-10-30T14:09:34","guid":{"rendered":"https:\/\/innoticiasbo.com\/?p=8150"},"modified":"2025-10-30T10:10:53","modified_gmt":"2025-10-30T14:10:53","slug":"huracan-melissa-azota-cuba-tras-dejar-jamaica-en-zona-de-desastre","status":"publish","type":"post","link":"https:\/\/innoticiasbo.com\/index.php\/2025\/10\/30\/huracan-melissa-azota-cuba-tras-dejar-jamaica-en-zona-de-desastre\/","title":{"rendered":"Hurac\u00e1n Melissa azota Cuba tras dejar Jamaica en zona de desastre"},"content":{"rendered":"\n<p>30 de Octubre 2025 (00:00hrs)<\/p>\n\n\n\n<figure class=\"wp-block-gallery has-nested-images columns-default is-cropped wp-block-gallery-1 is-layout-flex wp-block-gallery-is-layout-flex\">\n<figure class=\"wp-block-image size-large\"><img data-recalc-dims=\"1\" loading=\"lazy\" decoding=\"async\" width=\"640\" height=\"280\" data-id=\"8148\" src=\"https:\/\/i0.wp.com\/innoticiasbo.com\/wp-content\/uploads\/2025\/10\/huracan-foto6823120166507842039.webp?resize=640%2C280&#038;ssl=1\" alt=\"\" class=\"wp-image-8148\" srcset=\"https:\/\/i0.wp.com\/innoticiasbo.com\/wp-content\/uploads\/2025\/10\/huracan-foto6823120166507842039.webp?resize=1024%2C448&amp;ssl=1 1024w, https:\/\/i0.wp.com\/innoticiasbo.com\/wp-content\/uploads\/2025\/10\/huracan-foto6823120166507842039.webp?resize=300%2C131&amp;ssl=1 300w, https:\/\/i0.wp.com\/innoticiasbo.com\/wp-content\/uploads\/2025\/10\/huracan-foto6823120166507842039.webp?resize=768%2C336&amp;ssl=1 768w, https:\/\/i0.wp.com\/innoticiasbo.com\/wp-content\/uploads\/2025\/10\/huracan-foto6823120166507842039.webp?w=1200&amp;ssl=1 1200w\" sizes=\"auto, (max-width: 640px) 100vw, 640px\" \/><figcaption class=\"wp-element-caption\">Traslados en Playa Siboney, en la provincia de Santiago de Cuba. CREDITO: Getty Images<\/figcaption><\/figure>\n<\/figure>\n\n\n\n<p><br><br>Traslados en Playa Siboney, en la provincia de Santiago de Cuba. CREDITO: Getty Images<br>El hurac\u00e1n Melissa azot\u00f3 Cuba tras dejar partes de la vecina Jamaica devastadas y conmocionadas por vientos feroces y lluvias torrenciales.<br><br>Los efectos del colosal hurac\u00e1n se sintieron en toda la regi\u00f3n, incluso en pa\u00edses que no se encontraban directamente en su trayectoria. En la vecina Hait\u00ed, los habitantes de un peque\u00f1o pueblo lloraban la muerte de 25 personas arrastradas por las inundaciones.<br><br>Melissa, el cicl\u00f3n tropical m\u00e1s intenso que azot\u00f3 Jamaica en casi dos siglos, es uno de los huracanes atl\u00e1nticos m\u00e1s fuertes registrados desde que se iniciaron los registros. Los climat\u00f3logos afirman que el calentamiento global antropog\u00e9nico contribuy\u00f3 a la r\u00e1pida intensificaci\u00f3n de las tormentas actuales.<br><br>Muchos jamaicanos amanecieron ayer sin electricidad, y se reportaron barrios enteros inundados. El primer ministro, Andrew Holness, declar\u00f3 el pa\u00eds zona de desastre, otorgando a las autoridades poderes adicionales como la emisi\u00f3n de \u00f3rdenes de evacuaci\u00f3n obligatoria para las regiones inundadas y la prevenci\u00f3n de la especulaci\u00f3n de precios.<br><br>Se reportaron da\u00f1os masivos en toda la isla, principalmente en la zona m\u00e1s occidental, donde la tormenta cicl\u00f3nica de categor\u00eda 5 se desplaz\u00f3 lentamente en diagonal, arrancando techos de edificios y volcando autom\u00f3viles. Las fotos mostraban un \u00e1rbol arrancado de ra\u00edz y carreteras cubiertas de grava y tierra.<br><br>El ministro de gobierno local de Jamaica, Desmond McKenzie, sostuvo que el hurac\u00e1n fue \u201cuna de las peores experiencias que (Jamaica) haya vivido jam\u00e1s\u201d.<br><br>Nuestra infraestructura se ha visto gravemente afectada\u201d, declar\u00f3. \u201cToda la isla de Jamaica ha sufrido las consecuencias de Melissa\u201d. Hay cerca de 15.000 personas en albergues y m\u00e1s de 530.000 sin electricidad, en un pa\u00eds de 2,8 millones de habitantes.<br><br>En Mandeville, la capital y ciudad m\u00e1s grande de la parroquia de Manchester, los residentes agradec\u00edan no haber sido tan afectados como otras partes de la isla, aunque los da\u00f1os graves eran visibles.<br><br>Las calles de la ciudad estaban sembradas de los escombros que el hurac\u00e1n hab\u00eda dejado a su paso: \u00e1rboles ca\u00eddos bloqueaban las carreteras, algunas casas hab\u00edan perdido sus techos y las l\u00edneas el\u00e9ctricas estaban derribadas.<br><br>Un residente, Jack Gardner, de 43 a\u00f1os, sostuvo que el hurac\u00e1n fue \u201cmuy mort\u00edfero\u201d, pero que su casa se mantuvo en pie.<br><br>\u201cNo ten\u00eda miedo\u201d, sostuvo. \u201cEstoy acostumbrado a las tormentas\u201d. Gardner cont\u00f3 que hab\u00eda vivido la tormenta Gilbert en 1988 cuando era ni\u00f1o, la tormenta Iv\u00e1n en 2004 y la tormenta Beryl, que azot\u00f3 Jamaica el a\u00f1o pasado. Las tormentas solo reciben nombre cuando se prev\u00e9 que tendr\u00e1n un impacto severo.<br><br>Otra residente de Mandeville, Lisa Henry, tambi\u00e9n se\u00f1al\u00f3 que no hab\u00eda tenido miedo. \u00abEstuve rezando sobre todo\u00bb, sostuvo la mujer de 35 a\u00f1os. \u00abPas\u00e9 por delante del instituto, Manchester High, y el techo estaba destrozado\u00bb, agreg\u00f3. \u00abS\u00ed, esto va a recuperar el pa\u00eds\u00bb.<br><br>Henry trabaja como cuidador de una anciana, pero se\u00f1al\u00f3 que la mujer \u201cno era muy consciente de lo que realmente estaba pasando, de lo que ocurr\u00eda\u201d.<br><br>El gobierno de Jamaica segu\u00eda evaluando ayer el alcance de los da\u00f1os, pero el coordinador residente de la ONU en el pa\u00eds afirm\u00f3 que se trataba de una \u201cdevastaci\u00f3n tremenda y sin precedentes\u201d.<br><br>\u201cTenemos personas viviendo en refugios en todo el pa\u00eds\u201d, sostuvo Dennis Zulu en una rueda de prensa, \u201cy en este momento, lo que estamos viendo en las evaluaciones preliminares es un pa\u00eds que fue devastado a niveles nunca antes vistos\u201d.<br><br>Alexander Pendry, gerente de respuesta global de la Cruz Roja Brit\u00e1nica, tambi\u00e9n afirm\u00f3 que los primeros indicios suger\u00edan que Melissa era una \u201ccat\u00e1strofe sin precedentes para la isla\u201d.<br><br>Seg\u00fan explic\u00f3, la prioridad de la Cruz Roja de Jamaica era brindar ayuda a la poblaci\u00f3n lo antes posible. \u201cLamentablemente, la experiencia nos dice que el impacto en las comunidades y las personas ser\u00e1 devastador y duradero\u201d, agreg\u00f3.<br><br>El ministro de Transporte de Jamaica, Daryl Vaz, declar\u00f3 que las autoridades se estaban apresurando para garantizar la reapertura de los aeropuertos tan pronto como fuera seguro y pr\u00e1ctico hacer llegar la ayuda humanitaria al pa\u00eds. Durante una visita al aeropuerto internacional Norman Manley en la capital, Kingston, el ministro afirm\u00f3 que su objetivo era que los vuelos de ayuda pudieran aterrizar ya hoy.<br><br>\u201cLa devastaci\u00f3n es inimaginable\u201d, sostuvo. \u201cCada hora es una hora perdida, y no tenemos tiempo que perder\u201d.<br><br>Aunque no fueron golpeados directamente por el hurac\u00e1n, otros pa\u00edses del Caribe se vieron afectados. Las autoridades de Hait\u00ed informaron que 25 personas fallecieron a causa de las inundaciones. El r\u00edo La Digue, en la localidad costera de Petit-Go\u00e2ve, se desbord\u00f3, inundando viviendas y arrastrando consigo a adultos y ni\u00f1os.<br><br>Jean Bertrand Subr\u00e8me, alcalde de Petit-Go\u00e2ve, declar\u00f3 que decenas de viviendas se hab\u00edan derrumbado y que a\u00fan hab\u00eda personas atrapadas. \u201cEstoy desbordado por la situaci\u00f3n\u00bb, agreg\u00f3, al tiempo que suplicaba al gobierno que ayudara a rescatar a las v\u00edctimas.<br><br>Se reportaron cuatro muertes en Jamaica y una en la Rep\u00fablica Dominicana, donde otra persona permanece desaparecida.<br><br>Un hurac\u00e1n de categor\u00eda 5 es el m\u00e1s alto en la escala Saffir-Simpson, con vientos sostenidos que superan las 157 mph (250 km\/h), pero el Centro Nacional de Huracnes de EEUU inform\u00f3 que Melissa ten\u00eda vientos sostenidos de 185 mph (298 km\/h) cuando toc\u00f3 tierra en Jamaica.<br><br>Incluso despu\u00e9s de perder algo de fuerza y ser degradada a tormenta de categor\u00eda 3, Melissa podr\u00eda ser catastr\u00f3fica para Cuba.<br><br>El presidente de Cuba, Miguel D\u00edaz-Canel, afirm\u00f3 ayer que Melissa hab\u00eda causado \u201cda\u00f1os extensos\u201d tras tocar tierra durante la noche en la costa sur del pa\u00eds insular.<br><br>\u201cHa sido una ma\u00f1ana muy dif\u00edcil\u201d, sostuvo D\u00edaz-Canel en redes sociales. \u201cLos da\u00f1os son extensos y el hurac\u00e1n Melissa a\u00fan se encuentra sobre territorio cubano. Insto a nuestra gente a no bajar la guardia, a mantener la disciplina y a permanecer a salvo en sus refugios\u201d.<br><br>M\u00e1s de 735.000 personas fueron trasladadas de sus hogares despu\u00e9s de que los meteor\u00f3logos advirtieran que el sistema de baja presi\u00f3n causar\u00eda da\u00f1os catastr\u00f3ficos en Santiago de Cuba, la segunda ciudad m\u00e1s grande de la isla. Un importante hotel de la ciudad sufri\u00f3 la rotura de sus ventanas y el derrumbe de parte de su techo.<br><br>Se prev\u00e9 que Melissa cruce la isla durante la ma\u00f1ana y llegue a las Bahamas ayer por la tarde. Actualmente es un hurac\u00e1n de categor\u00eda 2, aunque sigue siendo extremadamente peligroso, con vientos de 160 km\/h que pueden causar graves da\u00f1os incluso a viviendas de madera bien construidas y provocar cortes de luz en todo el pa\u00eds.<br><br>Los cient\u00edficos del clima han dicho que la intensificaci\u00f3n del hurac\u00e1n Melissa, con vientos que se duplicaron de 70 mph a 140 mph en solo un d\u00eda, es probablemente un s\u00edntoma del r\u00e1pido calentamiento de los oc\u00e9anos del mundo, parte de la crisis clim\u00e1tica impulsada por los humanos.<br><br>Muchos l\u00edderes caribe\u00f1os han pedido a los gobiernos ricos y altamente contaminantes que proporcionen reparaciones en forma de ayuda o alivio de la deuda a los pa\u00edses insulares tropicales.(The Guardian)<\/p>\n\n\n\n<p>Fuente: El Diario <\/p>\n","protected":false},"excerpt":{"rendered":"<p>30 de Octubre 2025 (00:00hrs) Traslados en Playa Siboney, en la provincia de Santiago de Cuba. CREDITO: Getty ImagesEl hurac\u00e1n Melissa azot\u00f3 Cuba tras dejar partes de la vecina Jamaica devastadas y conmocionadas por vientos feroces y lluvias torrenciales. Los efectos del colosal hurac\u00e1n se sintieron en toda la regi\u00f3n, incluso en pa\u00edses que no&#8230;<\/p>\n","protected":false},"author":7,"featured_media":8149,"comment_status":"open","ping_status":"open","sticky":false,"template":"","format":"standard","meta":{"_jetpack_memberships_contains_paid_content":false,"footnotes":"","jetpack_publicize_message":"","jetpack_publicize_feature_enabled":true,"jetpack_social_post_already_shared":true,"jetpack_social_options":{"image_generator_settings":{"template":"highway","enabled":false},"version":2}},"categories":[13,684,5],"tags":[],"class_list":["post-8150","post","type-post","status-publish","format-standard","has-post-thumbnail","hentry","category-elavispero","category-internacional","category-mundo"],"jetpack_publicize_connections":[],"yoast_head":"<!-- This site is optimized with the Yoast SEO plugin v23.4 - https:\/\/yoast.com\/wordpress\/plugins\/seo\/ -->\n<title>Hurac\u00e1n Melissa azota Cuba tras dejar Jamaica en zona de desastre - innoticiasbo.com<\/title>\n<meta name=\"robots\" content=\"index, follow, max-snippet:-1, max-image-preview:large, max-video-preview:-1\" \/>\n<link rel=\"canonical\" href=\"https:\/\/innoticiasbo.com\/index.php\/2025\/10\/30\/huracan-melissa-azota-cuba-tras-dejar-jamaica-en-zona-de-desastre\/\" \/>\n<meta property=\"og:locale\" content=\"es_ES\" \/>\n<meta property=\"og:type\" content=\"article\" \/>\n<meta property=\"og:title\" content=\"Hurac\u00e1n Melissa azota Cuba tras dejar Jamaica en zona de desastre - innoticiasbo.com\" \/>\n<meta property=\"og:description\" content=\"30 de Octubre 2025 (00:00hrs) Traslados en Playa Siboney, en la provincia de Santiago de Cuba. CREDITO: Getty ImagesEl hurac\u00e1n Melissa azot\u00f3 Cuba tras dejar partes de la vecina Jamaica devastadas y conmocionadas por vientos feroces y lluvias torrenciales. Los efectos del colosal hurac\u00e1n se sintieron en toda la regi\u00f3n, incluso en pa\u00edses que no...\" \/>\n<meta property=\"og:url\" content=\"https:\/\/innoticiasbo.com\/index.php\/2025\/10\/30\/huracan-melissa-azota-cuba-tras-dejar-jamaica-en-zona-de-desastre\/\" \/>\n<meta property=\"og:site_name\" content=\"innoticiasbo.com\" \/>\n<meta property=\"article:publisher\" content=\"https:\/\/www.facebook.com\/innoticiasbolivia\" \/>\n<meta property=\"article:published_time\" content=\"2025-10-30T14:09:34+00:00\" \/>\n<meta property=\"article:modified_time\" content=\"2025-10-30T14:10:53+00:00\" \/>\n<meta property=\"og:image\" content=\"https:\/\/i0.wp.com\/innoticiasbo.com\/wp-content\/uploads\/2025\/10\/HURACAN-FOTO.webp?fit=1200%2C525&ssl=1\" \/>\n\t<meta property=\"og:image:width\" content=\"1200\" \/>\n\t<meta property=\"og:image:height\" content=\"525\" \/>\n\t<meta property=\"og:image:type\" content=\"image\/webp\" \/>\n<meta name=\"author\" content=\"Abril Rodr\u00edguez\" \/>\n<meta name=\"twitter:card\" content=\"summary_large_image\" \/>\n<meta name=\"twitter:creator\" content=\"@innoticiasbo\" \/>\n<meta name=\"twitter:site\" content=\"@innoticiasbo\" \/>\n<meta name=\"twitter:label1\" content=\"Escrito por\" \/>\n\t<meta name=\"twitter:data1\" content=\"Abril Rodr\u00edguez\" \/>\n\t<meta name=\"twitter:label2\" content=\"Tiempo de lectura\" \/>\n\t<meta name=\"twitter:data2\" content=\"6 minutos\" \/>\n<script type=\"application\/ld+json\" class=\"yoast-schema-graph\">{\"@context\":\"https:\/\/schema.org\",\"@graph\":[{\"@type\":\"Article\",\"@id\":\"https:\/\/innoticiasbo.com\/index.php\/2025\/10\/30\/huracan-melissa-azota-cuba-tras-dejar-jamaica-en-zona-de-desastre\/#article\",\"isPartOf\":{\"@id\":\"https:\/\/innoticiasbo.com\/index.php\/2025\/10\/30\/huracan-melissa-azota-cuba-tras-dejar-jamaica-en-zona-de-desastre\/\"},\"author\":{\"name\":\"Abril Rodr\u00edguez\",\"@id\":\"https:\/\/innoticiasbo.com\/#\/schema\/person\/a3aa59f775293b57d2f63327b36c159f\"},\"headline\":\"Hurac\u00e1n Melissa azota Cuba tras dejar Jamaica en zona de desastre\",\"datePublished\":\"2025-10-30T14:09:34+00:00\",\"dateModified\":\"2025-10-30T14:10:53+00:00\",\"mainEntityOfPage\":{\"@id\":\"https:\/\/innoticiasbo.com\/index.php\/2025\/10\/30\/huracan-melissa-azota-cuba-tras-dejar-jamaica-en-zona-de-desastre\/\"},\"wordCount\":1287,\"commentCount\":0,\"publisher\":{\"@id\":\"https:\/\/innoticiasbo.com\/#organization\"},\"image\":{\"@id\":\"https:\/\/innoticiasbo.com\/index.php\/2025\/10\/30\/huracan-melissa-azota-cuba-tras-dejar-jamaica-en-zona-de-desastre\/#primaryimage\"},\"thumbnailUrl\":\"https:\/\/i0.wp.com\/innoticiasbo.com\/wp-content\/uploads\/2025\/10\/HURACAN-FOTO.webp?fit=1200%2C525&ssl=1\",\"articleSection\":[\"El Avispero\",\"Internacional\",\"Mundo\"],\"inLanguage\":\"es\",\"potentialAction\":[{\"@type\":\"CommentAction\",\"name\":\"Comment\",\"target\":[\"https:\/\/innoticiasbo.com\/index.php\/2025\/10\/30\/huracan-melissa-azota-cuba-tras-dejar-jamaica-en-zona-de-desastre\/#respond\"]}]},{\"@type\":\"WebPage\",\"@id\":\"https:\/\/innoticiasbo.com\/index.php\/2025\/10\/30\/huracan-melissa-azota-cuba-tras-dejar-jamaica-en-zona-de-desastre\/\",\"url\":\"https:\/\/innoticiasbo.com\/index.php\/2025\/10\/30\/huracan-melissa-azota-cuba-tras-dejar-jamaica-en-zona-de-desastre\/\",\"name\":\"Hurac\u00e1n Melissa azota Cuba tras dejar Jamaica en zona de desastre - innoticiasbo.com\",\"isPartOf\":{\"@id\":\"https:\/\/innoticiasbo.com\/#website\"},\"primaryImageOfPage\":{\"@id\":\"https:\/\/innoticiasbo.com\/index.php\/2025\/10\/30\/huracan-melissa-azota-cuba-tras-dejar-jamaica-en-zona-de-desastre\/#primaryimage\"},\"image\":{\"@id\":\"https:\/\/innoticiasbo.com\/index.php\/2025\/10\/30\/huracan-melissa-azota-cuba-tras-dejar-jamaica-en-zona-de-desastre\/#primaryimage\"},\"thumbnailUrl\":\"https:\/\/i0.wp.com\/innoticiasbo.com\/wp-content\/uploads\/2025\/10\/HURACAN-FOTO.webp?fit=1200%2C525&ssl=1\",\"datePublished\":\"2025-10-30T14:09:34+00:00\",\"dateModified\":\"2025-10-30T14:10:53+00:00\",\"breadcrumb\":{\"@id\":\"https:\/\/innoticiasbo.com\/index.php\/2025\/10\/30\/huracan-melissa-azota-cuba-tras-dejar-jamaica-en-zona-de-desastre\/#breadcrumb\"},\"inLanguage\":\"es\",\"potentialAction\":[{\"@type\":\"ReadAction\",\"target\":[\"https:\/\/innoticiasbo.com\/index.php\/2025\/10\/30\/huracan-melissa-azota-cuba-tras-dejar-jamaica-en-zona-de-desastre\/\"]}]},{\"@type\":\"ImageObject\",\"inLanguage\":\"es\",\"@id\":\"https:\/\/innoticiasbo.com\/index.php\/2025\/10\/30\/huracan-melissa-azota-cuba-tras-dejar-jamaica-en-zona-de-desastre\/#primaryimage\",\"url\":\"https:\/\/i0.wp.com\/innoticiasbo.com\/wp-content\/uploads\/2025\/10\/HURACAN-FOTO.webp?fit=1200%2C525&ssl=1\",\"contentUrl\":\"https:\/\/i0.wp.com\/innoticiasbo.com\/wp-content\/uploads\/2025\/10\/HURACAN-FOTO.webp?fit=1200%2C525&ssl=1\",\"width\":1200,\"height\":525},{\"@type\":\"BreadcrumbList\",\"@id\":\"https:\/\/innoticiasbo.com\/index.php\/2025\/10\/30\/huracan-melissa-azota-cuba-tras-dejar-jamaica-en-zona-de-desastre\/#breadcrumb\",\"itemListElement\":[{\"@type\":\"ListItem\",\"position\":1,\"name\":\"Portada\",\"item\":\"https:\/\/innoticiasbo.com\/\"},{\"@type\":\"ListItem\",\"position\":2,\"name\":\"Hurac\u00e1n Melissa azota Cuba tras dejar Jamaica en zona de desastre\"}]},{\"@type\":\"WebSite\",\"@id\":\"https:\/\/innoticiasbo.com\/#website\",\"url\":\"https:\/\/innoticiasbo.com\/\",\"name\":\"innoticiasbo.com\",\"description\":\"\",\"publisher\":{\"@id\":\"https:\/\/innoticiasbo.com\/#organization\"},\"potentialAction\":[{\"@type\":\"SearchAction\",\"target\":{\"@type\":\"EntryPoint\",\"urlTemplate\":\"https:\/\/innoticiasbo.com\/?s={search_term_string}\"},\"query-input\":{\"@type\":\"PropertyValueSpecification\",\"valueRequired\":true,\"valueName\":\"search_term_string\"}}],\"inLanguage\":\"es\"},{\"@type\":\"Organization\",\"@id\":\"https:\/\/innoticiasbo.com\/#organization\",\"name\":\"innoticiasbo.com\",\"url\":\"https:\/\/innoticiasbo.com\/\",\"logo\":{\"@type\":\"ImageObject\",\"inLanguage\":\"es\",\"@id\":\"https:\/\/innoticiasbo.com\/#\/schema\/logo\/image\/\",\"url\":\"https:\/\/i0.wp.com\/innoticiasbo.com\/wp-content\/uploads\/2026\/04\/cropped-IN-LOGO.png?fit=1476%2C1476&ssl=1\",\"contentUrl\":\"https:\/\/i0.wp.com\/innoticiasbo.com\/wp-content\/uploads\/2026\/04\/cropped-IN-LOGO.png?fit=1476%2C1476&ssl=1\",\"width\":1476,\"height\":1476,\"caption\":\"innoticiasbo.com\"},\"image\":{\"@id\":\"https:\/\/innoticiasbo.com\/#\/schema\/logo\/image\/\"},\"sameAs\":[\"https:\/\/www.facebook.com\/innoticiasbolivia\",\"https:\/\/x.com\/innoticiasbo\",\"https:\/\/www.instagram.com\/innoticiasbo\",\"https:\/\/www.youtube.com\/innoticiasbo\"]},{\"@type\":\"Person\",\"@id\":\"https:\/\/innoticiasbo.com\/#\/schema\/person\/a3aa59f775293b57d2f63327b36c159f\",\"name\":\"Abril Rodr\u00edguez\",\"image\":{\"@type\":\"ImageObject\",\"inLanguage\":\"es\",\"@id\":\"https:\/\/innoticiasbo.com\/#\/schema\/person\/image\/\",\"url\":\"https:\/\/secure.gravatar.com\/avatar\/f8e99d792cd766ba261d033b036cbf24?s=96&d=mm&r=g\",\"contentUrl\":\"https:\/\/secure.gravatar.com\/avatar\/f8e99d792cd766ba261d033b036cbf24?s=96&d=mm&r=g\",\"caption\":\"Abril Rodr\u00edguez\"},\"sameAs\":[\"http:\/\/www.innoticiasbo.com\"],\"url\":\"https:\/\/innoticiasbo.com\/index.php\/author\/prensa5\/\"}]}<\/script>\n<!-- \/ Yoast SEO plugin. -->","yoast_head_json":{"title":"Hurac\u00e1n Melissa azota Cuba tras dejar Jamaica en zona de desastre - innoticiasbo.com","robots":{"index":"index","follow":"follow","max-snippet":"max-snippet:-1","max-image-preview":"max-image-preview:large","max-video-preview":"max-video-preview:-1"},"canonical":"https:\/\/innoticiasbo.com\/index.php\/2025\/10\/30\/huracan-melissa-azota-cuba-tras-dejar-jamaica-en-zona-de-desastre\/","og_locale":"es_ES","og_type":"article","og_title":"Hurac\u00e1n Melissa azota Cuba tras dejar Jamaica en zona de desastre - innoticiasbo.com","og_description":"30 de Octubre 2025 (00:00hrs) Traslados en Playa Siboney, en la provincia de Santiago de Cuba. CREDITO: Getty ImagesEl hurac\u00e1n Melissa azot\u00f3 Cuba tras dejar partes de la vecina Jamaica devastadas y conmocionadas por vientos feroces y lluvias torrenciales. Los efectos del colosal hurac\u00e1n se sintieron en toda la regi\u00f3n, incluso en pa\u00edses que no...","og_url":"https:\/\/innoticiasbo.com\/index.php\/2025\/10\/30\/huracan-melissa-azota-cuba-tras-dejar-jamaica-en-zona-de-desastre\/","og_site_name":"innoticiasbo.com","article_publisher":"https:\/\/www.facebook.com\/innoticiasbolivia","article_published_time":"2025-10-30T14:09:34+00:00","article_modified_time":"2025-10-30T14:10:53+00:00","og_image":[{"width":1200,"height":525,"url":"https:\/\/i0.wp.com\/innoticiasbo.com\/wp-content\/uploads\/2025\/10\/HURACAN-FOTO.webp?fit=1200%2C525&ssl=1","type":"image\/webp"}],"author":"Abril Rodr\u00edguez","twitter_card":"summary_large_image","twitter_creator":"@innoticiasbo","twitter_site":"@innoticiasbo","twitter_misc":{"Escrito por":"Abril Rodr\u00edguez","Tiempo de lectura":"6 minutos"},"schema":{"@context":"https:\/\/schema.org","@graph":[{"@type":"Article","@id":"https:\/\/innoticiasbo.com\/index.php\/2025\/10\/30\/huracan-melissa-azota-cuba-tras-dejar-jamaica-en-zona-de-desastre\/#article","isPartOf":{"@id":"https:\/\/innoticiasbo.com\/index.php\/2025\/10\/30\/huracan-melissa-azota-cuba-tras-dejar-jamaica-en-zona-de-desastre\/"},"author":{"name":"Abril Rodr\u00edguez","@id":"https:\/\/innoticiasbo.com\/#\/schema\/person\/a3aa59f775293b57d2f63327b36c159f"},"headline":"Hurac\u00e1n Melissa azota Cuba tras dejar Jamaica en zona de desastre","datePublished":"2025-10-30T14:09:34+00:00","dateModified":"2025-10-30T14:10:53+00:00","mainEntityOfPage":{"@id":"https:\/\/innoticiasbo.com\/index.php\/2025\/10\/30\/huracan-melissa-azota-cuba-tras-dejar-jamaica-en-zona-de-desastre\/"},"wordCount":1287,"commentCount":0,"publisher":{"@id":"https:\/\/innoticiasbo.com\/#organization"},"image":{"@id":"https:\/\/innoticiasbo.com\/index.php\/2025\/10\/30\/huracan-melissa-azota-cuba-tras-dejar-jamaica-en-zona-de-desastre\/#primaryimage"},"thumbnailUrl":"https:\/\/i0.wp.com\/innoticiasbo.com\/wp-content\/uploads\/2025\/10\/HURACAN-FOTO.webp?fit=1200%2C525&ssl=1","articleSection":["El Avispero","Internacional","Mundo"],"inLanguage":"es","potentialAction":[{"@type":"CommentAction","name":"Comment","target":["https:\/\/innoticiasbo.com\/index.php\/2025\/10\/30\/huracan-melissa-azota-cuba-tras-dejar-jamaica-en-zona-de-desastre\/#respond"]}]},{"@type":"WebPage","@id":"https:\/\/innoticiasbo.com\/index.php\/2025\/10\/30\/huracan-melissa-azota-cuba-tras-dejar-jamaica-en-zona-de-desastre\/","url":"https:\/\/innoticiasbo.com\/index.php\/2025\/10\/30\/huracan-melissa-azota-cuba-tras-dejar-jamaica-en-zona-de-desastre\/","name":"Hurac\u00e1n Melissa azota Cuba tras dejar Jamaica en zona de desastre - innoticiasbo.com","isPartOf":{"@id":"https:\/\/innoticiasbo.com\/#website"},"primaryImageOfPage":{"@id":"https:\/\/innoticiasbo.com\/index.php\/2025\/10\/30\/huracan-melissa-azota-cuba-tras-dejar-jamaica-en-zona-de-desastre\/#primaryimage"},"image":{"@id":"https:\/\/innoticiasbo.com\/index.php\/2025\/10\/30\/huracan-melissa-azota-cuba-tras-dejar-jamaica-en-zona-de-desastre\/#primaryimage"},"thumbnailUrl":"https:\/\/i0.wp.com\/innoticiasbo.com\/wp-content\/uploads\/2025\/10\/HURACAN-FOTO.webp?fit=1200%2C525&ssl=1","datePublished":"2025-10-30T14:09:34+00:00","dateModified":"2025-10-30T14:10:53+00:00","breadcrumb":{"@id":"https:\/\/innoticiasbo.com\/index.php\/2025\/10\/30\/huracan-melissa-azota-cuba-tras-dejar-jamaica-en-zona-de-desastre\/#breadcrumb"},"inLanguage":"es","potentialAction":[{"@type":"ReadAction","target":["https:\/\/innoticiasbo.com\/index.php\/2025\/10\/30\/huracan-melissa-azota-cuba-tras-dejar-jamaica-en-zona-de-desastre\/"]}]},{"@type":"ImageObject","inLanguage":"es","@id":"https:\/\/innoticiasbo.com\/index.php\/2025\/10\/30\/huracan-melissa-azota-cuba-tras-dejar-jamaica-en-zona-de-desastre\/#primaryimage","url":"https:\/\/i0.wp.com\/innoticiasbo.com\/wp-content\/uploads\/2025\/10\/HURACAN-FOTO.webp?fit=1200%2C525&ssl=1","contentUrl":"https:\/\/i0.wp.com\/innoticiasbo.com\/wp-content\/uploads\/2025\/10\/HURACAN-FOTO.webp?fit=1200%2C525&ssl=1","width":1200,"height":525},{"@type":"BreadcrumbList","@id":"https:\/\/innoticiasbo.com\/index.php\/2025\/10\/30\/huracan-melissa-azota-cuba-tras-dejar-jamaica-en-zona-de-desastre\/#breadcrumb","itemListElement":[{"@type":"ListItem","position":1,"name":"Portada","item":"https:\/\/innoticiasbo.com\/"},{"@type":"ListItem","position":2,"name":"Hurac\u00e1n Melissa azota Cuba tras dejar Jamaica en zona de desastre"}]},{"@type":"WebSite","@id":"https:\/\/innoticiasbo.com\/#website","url":"https:\/\/innoticiasbo.com\/","name":"innoticiasbo.com","description":"","publisher":{"@id":"https:\/\/innoticiasbo.com\/#organization"},"potentialAction":[{"@type":"SearchAction","target":{"@type":"EntryPoint","urlTemplate":"https:\/\/innoticiasbo.com\/?s={search_term_string}"},"query-input":{"@type":"PropertyValueSpecification","valueRequired":true,"valueName":"search_term_string"}}],"inLanguage":"es"},{"@type":"Organization","@id":"https:\/\/innoticiasbo.com\/#organization","name":"innoticiasbo.com","url":"https:\/\/innoticiasbo.com\/","logo":{"@type":"ImageObject","inLanguage":"es","@id":"https:\/\/innoticiasbo.com\/#\/schema\/logo\/image\/","url":"https:\/\/i0.wp.com\/innoticiasbo.com\/wp-content\/uploads\/2026\/04\/cropped-IN-LOGO.png?fit=1476%2C1476&ssl=1","contentUrl":"https:\/\/i0.wp.com\/innoticiasbo.com\/wp-content\/uploads\/2026\/04\/cropped-IN-LOGO.png?fit=1476%2C1476&ssl=1","width":1476,"height":1476,"caption":"innoticiasbo.com"},"image":{"@id":"https:\/\/innoticiasbo.com\/#\/schema\/logo\/image\/"},"sameAs":["https:\/\/www.facebook.com\/innoticiasbolivia","https:\/\/x.com\/innoticiasbo","https:\/\/www.instagram.com\/innoticiasbo","https:\/\/www.youtube.com\/innoticiasbo"]},{"@type":"Person","@id":"https:\/\/innoticiasbo.com\/#\/schema\/person\/a3aa59f775293b57d2f63327b36c159f","name":"Abril Rodr\u00edguez","image":{"@type":"ImageObject","inLanguage":"es","@id":"https:\/\/innoticiasbo.com\/#\/schema\/person\/image\/","url":"https:\/\/secure.gravatar.com\/avatar\/f8e99d792cd766ba261d033b036cbf24?s=96&d=mm&r=g","contentUrl":"https:\/\/secure.gravatar.com\/avatar\/f8e99d792cd766ba261d033b036cbf24?s=96&d=mm&r=g","caption":"Abril Rodr\u00edguez"},"sameAs":["http:\/\/www.innoticiasbo.com"],"url":"https:\/\/innoticiasbo.com\/index.php\/author\/prensa5\/"}]}},"jetpack_featured_media_url":"https:\/\/i0.wp.com\/innoticiasbo.com\/wp-content\/uploads\/2025\/10\/HURACAN-FOTO.webp?fit=1200%2C525&ssl=1","jetpack_likes_enabled":true,"jetpack_sharing_enabled":true,"jetpack_shortlink":"https:\/\/wp.me\/pg298x-27s","_links":{"self":[{"href":"https:\/\/innoticiasbo.com\/index.php\/wp-json\/wp\/v2\/posts\/8150","targetHints":{"allow":["GET"]}}],"collection":[{"href":"https:\/\/innoticiasbo.com\/index.php\/wp-json\/wp\/v2\/posts"}],"about":[{"href":"https:\/\/innoticiasbo.com\/index.php\/wp-json\/wp\/v2\/types\/post"}],"author":[{"embeddable":true,"href":"https:\/\/innoticiasbo.com\/index.php\/wp-json\/wp\/v2\/users\/7"}],"replies":[{"embeddable":true,"href":"https:\/\/innoticiasbo.com\/index.php\/wp-json\/wp\/v2\/comments?post=8150"}],"version-history":[{"count":2,"href":"https:\/\/innoticiasbo.com\/index.php\/wp-json\/wp\/v2\/posts\/8150\/revisions"}],"predecessor-version":[{"id":8152,"href":"https:\/\/innoticiasbo.com\/index.php\/wp-json\/wp\/v2\/posts\/8150\/revisions\/8152"}],"wp:featuredmedia":[{"embeddable":true,"href":"https:\/\/innoticiasbo.com\/index.php\/wp-json\/wp\/v2\/media\/8149"}],"wp:attachment":[{"href":"https:\/\/innoticiasbo.com\/index.php\/wp-json\/wp\/v2\/media?parent=8150"}],"wp:term":[{"taxonomy":"category","embeddable":true,"href":"https:\/\/innoticiasbo.com\/index.php\/wp-json\/wp\/v2\/categories?post=8150"},{"taxonomy":"post_tag","embeddable":true,"href":"https:\/\/innoticiasbo.com\/index.php\/wp-json\/wp\/v2\/tags?post=8150"}],"curies":[{"name":"wp","href":"https:\/\/api.w.org\/{rel}","templated":true}]}}