{"id":8145,"date":"2025-10-30T10:03:08","date_gmt":"2025-10-30T14:03:08","guid":{"rendered":"https:\/\/innoticiasbo.com\/?p=8145"},"modified":"2025-10-30T10:11:02","modified_gmt":"2025-10-30T14:11:02","slug":"aprueban-credito-por-21-millones-de-euros-para-produccion-agropecuaria","status":"publish","type":"post","link":"https:\/\/innoticiasbo.com\/index.php\/2025\/10\/30\/aprueban-credito-por-21-millones-de-euros-para-produccion-agropecuaria\/","title":{"rendered":"Aprueban cr\u00e9dito por 21 millones de euros para producci\u00f3n agropecuaria"},"content":{"rendered":"\n<p>30 de Octubre 2025(00:00hrs)<\/p>\n\n\n\n<figure class=\"wp-block-gallery has-nested-images columns-default is-cropped wp-block-gallery-1 is-layout-flex wp-block-gallery-is-layout-flex\">\n<figure class=\"wp-block-image size-large\"><img data-recalc-dims=\"1\" loading=\"lazy\" decoding=\"async\" width=\"640\" height=\"435\" data-id=\"8143\" src=\"https:\/\/i0.wp.com\/innoticiasbo.com\/wp-content\/uploads\/2025\/10\/yamil-foto8939524111833208449.webp?resize=640%2C435&#038;ssl=1\" alt=\"\" class=\"wp-image-8143\" srcset=\"https:\/\/i0.wp.com\/innoticiasbo.com\/wp-content\/uploads\/2025\/10\/yamil-foto8939524111833208449.webp?w=800&amp;ssl=1 800w, https:\/\/i0.wp.com\/innoticiasbo.com\/wp-content\/uploads\/2025\/10\/yamil-foto8939524111833208449.webp?resize=300%2C204&amp;ssl=1 300w, https:\/\/i0.wp.com\/innoticiasbo.com\/wp-content\/uploads\/2025\/10\/yamil-foto8939524111833208449.webp?resize=768%2C522&amp;ssl=1 768w\" sizes=\"auto, (max-width: 640px) 100vw, 640px\" \/><\/figure>\n<figcaption class=\"blocks-gallery-caption wp-element-caption\">Ministro de Desarrollo Rural y Tierras, Yamil Flores. Foto ABi<\/figcaption><\/figure>\n\n\n\n<p>El Gobierno nacional aprob\u00f3 un proyecto de ley de cr\u00e9dito por m\u00e1s de 21 millones de euros con el Fondo Internacional de Desarrollo Agr\u00edcola (FIDA), destinado a impulsar la producci\u00f3n agropecuaria en municipios fronterizos vulnerables a la crisis clim\u00e1tica, inform\u00f3 el ministro de Desarrollo Rural y Tierras, Yamil Flores.<br \/><br \/>\u201cHoy hemos aprobado un proyecto de ley de cr\u00e9dito de m\u00e1s de 21 millones de euros con FIDA, que beneficiar\u00e1 a municipios vulnerables situados en frontera. Esto fortalece nuestro programa Marcha al Norte; vamos a seguir incentivando la producci\u00f3n\u201d, dijo la autoridad en conferencia de prensa.<br \/><br \/>El programa abarcar\u00e1 24 municipios de los departamentos de La Paz, Beni, Pando y parte de Santa Cruz, regiones consideradas estrat\u00e9gicas por su exposici\u00f3n a los efectos del cambio clim\u00e1tico.<br \/><br \/>\u201cVamos a garantizar la seguridad alimentaria con productos agr\u00edcolas de la canasta familiar\u201d, precis\u00f3 Flores.<br \/><br \/>El ministro destac\u00f3 que la iniciativa busca impulsar la producci\u00f3n amaz\u00f3nica, con especial \u00e9nfasis en cultivos como cacao, asa\u00ed y otros productos nativos, que han registrado un incremento del 270% en las exportaciones en los \u00faltimos a\u00f1os.<br \/><br \/>\u201cEste programa va a fortalecer significativamente al norte de nuestro pa\u00eds. Seguimos pensando en la producci\u00f3n nacional, m\u00e1s all\u00e1 de que nuestra gesti\u00f3n est\u00e1 concluyendo, pero no somos ego\u00edstas: seguimos aprobando este tipo de leyes en beneficio del pueblo\u201d, afirm\u00f3.<br \/><br \/>Flores subray\u00f3 que la medida se enmarca en la pol\u00edtica gubernamental de fomentar la producci\u00f3n sostenible y garantizar la seguridad alimentaria, priorizando a las comunidades m\u00e1s afectadas por la crisis clim\u00e1tica.<\/p>\n\n\n\n<p>Fuente: El Diario <\/p>\n","protected":false},"excerpt":{"rendered":"<p>30 de Octubre 2025(00:00hrs) El Gobierno nacional aprob\u00f3 un proyecto de ley de cr\u00e9dito por m\u00e1s de 21 millones de euros con el Fondo Internacional de Desarrollo Agr\u00edcola (FIDA), destinado a impulsar la producci\u00f3n agropecuaria en municipios fronterizos vulnerables a la crisis clim\u00e1tica, inform\u00f3 el ministro de Desarrollo Rural y Tierras, Yamil Flores. \u201cHoy hemos&#8230;<\/p>\n","protected":false},"author":7,"featured_media":8144,"comment_status":"open","ping_status":"open","sticky":false,"template":"","format":"standard","meta":{"_jetpack_memberships_contains_paid_content":false,"footnotes":"","jetpack_publicize_message":"","jetpack_publicize_feature_enabled":true,"jetpack_social_post_already_shared":true,"jetpack_social_options":{"image_generator_settings":{"template":"highway","enabled":false},"version":2}},"categories":[1,16,13],"tags":[],"class_list":["post-8145","post","type-post","status-publish","format-standard","has-post-thumbnail","hentry","category-bolivia","category-economia","category-elavispero"],"jetpack_publicize_connections":[],"yoast_head":"<!-- This site is optimized with the Yoast SEO plugin v23.4 - https:\/\/yoast.com\/wordpress\/plugins\/seo\/ -->\n<title>Aprueban cr\u00e9dito por 21 millones de euros para producci\u00f3n agropecuaria - innoticiasbo.com<\/title>\n<meta name=\"robots\" content=\"index, follow, max-snippet:-1, max-image-preview:large, max-video-preview:-1\" \/>\n<link rel=\"canonical\" href=\"https:\/\/innoticiasbo.com\/index.php\/2025\/10\/30\/aprueban-credito-por-21-millones-de-euros-para-produccion-agropecuaria\/\" \/>\n<meta property=\"og:locale\" content=\"es_ES\" \/>\n<meta property=\"og:type\" content=\"article\" \/>\n<meta property=\"og:title\" content=\"Aprueban cr\u00e9dito por 21 millones de euros para producci\u00f3n agropecuaria - innoticiasbo.com\" \/>\n<meta property=\"og:description\" content=\"30 de Octubre 2025(00:00hrs) El Gobierno nacional aprob\u00f3 un proyecto de ley de cr\u00e9dito por m\u00e1s de 21 millones de euros con el Fondo Internacional de Desarrollo Agr\u00edcola (FIDA), destinado a impulsar la producci\u00f3n agropecuaria en municipios fronterizos vulnerables a la crisis clim\u00e1tica, inform\u00f3 el ministro de Desarrollo Rural y Tierras, Yamil Flores. \u201cHoy hemos...\" \/>\n<meta property=\"og:url\" content=\"https:\/\/innoticiasbo.com\/index.php\/2025\/10\/30\/aprueban-credito-por-21-millones-de-euros-para-produccion-agropecuaria\/\" \/>\n<meta property=\"og:site_name\" content=\"innoticiasbo.com\" \/>\n<meta property=\"article:publisher\" content=\"https:\/\/www.facebook.com\/innoticiasbolivia\" \/>\n<meta property=\"article:published_time\" content=\"2025-10-30T14:03:08+00:00\" \/>\n<meta property=\"article:modified_time\" content=\"2025-10-30T14:11:02+00:00\" \/>\n<meta property=\"og:image\" content=\"https:\/\/i0.wp.com\/innoticiasbo.com\/wp-content\/uploads\/2025\/10\/YAMIL-FOTO.webp?fit=800%2C544&ssl=1\" \/>\n\t<meta property=\"og:image:width\" content=\"800\" \/>\n\t<meta property=\"og:image:height\" content=\"544\" \/>\n\t<meta property=\"og:image:type\" content=\"image\/webp\" \/>\n<meta name=\"author\" content=\"Abril Rodr\u00edguez\" \/>\n<meta name=\"twitter:card\" content=\"summary_large_image\" \/>\n<meta name=\"twitter:creator\" content=\"@innoticiasbo\" \/>\n<meta name=\"twitter:site\" content=\"@innoticiasbo\" \/>\n<meta name=\"twitter:label1\" content=\"Escrito por\" \/>\n\t<meta name=\"twitter:data1\" content=\"Abril Rodr\u00edguez\" \/>\n\t<meta name=\"twitter:label2\" content=\"Tiempo de lectura\" \/>\n\t<meta name=\"twitter:data2\" content=\"1 minuto\" \/>\n<script type=\"application\/ld+json\" class=\"yoast-schema-graph\">{\"@context\":\"https:\/\/schema.org\",\"@graph\":[{\"@type\":\"Article\",\"@id\":\"https:\/\/innoticiasbo.com\/index.php\/2025\/10\/30\/aprueban-credito-por-21-millones-de-euros-para-produccion-agropecuaria\/#article\",\"isPartOf\":{\"@id\":\"https:\/\/innoticiasbo.com\/index.php\/2025\/10\/30\/aprueban-credito-por-21-millones-de-euros-para-produccion-agropecuaria\/\"},\"author\":{\"name\":\"Abril Rodr\u00edguez\",\"@id\":\"https:\/\/innoticiasbo.com\/#\/schema\/person\/a3aa59f775293b57d2f63327b36c159f\"},\"headline\":\"Aprueban cr\u00e9dito por 21 millones de euros para producci\u00f3n agropecuaria\",\"datePublished\":\"2025-10-30T14:03:08+00:00\",\"dateModified\":\"2025-10-30T14:11:02+00:00\",\"mainEntityOfPage\":{\"@id\":\"https:\/\/innoticiasbo.com\/index.php\/2025\/10\/30\/aprueban-credito-por-21-millones-de-euros-para-produccion-agropecuaria\/\"},\"wordCount\":295,\"commentCount\":0,\"publisher\":{\"@id\":\"https:\/\/innoticiasbo.com\/#organization\"},\"image\":{\"@id\":\"https:\/\/innoticiasbo.com\/index.php\/2025\/10\/30\/aprueban-credito-por-21-millones-de-euros-para-produccion-agropecuaria\/#primaryimage\"},\"thumbnailUrl\":\"https:\/\/i0.wp.com\/innoticiasbo.com\/wp-content\/uploads\/2025\/10\/YAMIL-FOTO.webp?fit=800%2C544&ssl=1\",\"articleSection\":[\"Bolivia\",\"Econom\u00eda\",\"El Avispero\"],\"inLanguage\":\"es\",\"potentialAction\":[{\"@type\":\"CommentAction\",\"name\":\"Comment\",\"target\":[\"https:\/\/innoticiasbo.com\/index.php\/2025\/10\/30\/aprueban-credito-por-21-millones-de-euros-para-produccion-agropecuaria\/#respond\"]}]},{\"@type\":\"WebPage\",\"@id\":\"https:\/\/innoticiasbo.com\/index.php\/2025\/10\/30\/aprueban-credito-por-21-millones-de-euros-para-produccion-agropecuaria\/\",\"url\":\"https:\/\/innoticiasbo.com\/index.php\/2025\/10\/30\/aprueban-credito-por-21-millones-de-euros-para-produccion-agropecuaria\/\",\"name\":\"Aprueban cr\u00e9dito por 21 millones de euros para producci\u00f3n agropecuaria - innoticiasbo.com\",\"isPartOf\":{\"@id\":\"https:\/\/innoticiasbo.com\/#website\"},\"primaryImageOfPage\":{\"@id\":\"https:\/\/innoticiasbo.com\/index.php\/2025\/10\/30\/aprueban-credito-por-21-millones-de-euros-para-produccion-agropecuaria\/#primaryimage\"},\"image\":{\"@id\":\"https:\/\/innoticiasbo.com\/index.php\/2025\/10\/30\/aprueban-credito-por-21-millones-de-euros-para-produccion-agropecuaria\/#primaryimage\"},\"thumbnailUrl\":\"https:\/\/i0.wp.com\/innoticiasbo.com\/wp-content\/uploads\/2025\/10\/YAMIL-FOTO.webp?fit=800%2C544&ssl=1\",\"datePublished\":\"2025-10-30T14:03:08+00:00\",\"dateModified\":\"2025-10-30T14:11:02+00:00\",\"breadcrumb\":{\"@id\":\"https:\/\/innoticiasbo.com\/index.php\/2025\/10\/30\/aprueban-credito-por-21-millones-de-euros-para-produccion-agropecuaria\/#breadcrumb\"},\"inLanguage\":\"es\",\"potentialAction\":[{\"@type\":\"ReadAction\",\"target\":[\"https:\/\/innoticiasbo.com\/index.php\/2025\/10\/30\/aprueban-credito-por-21-millones-de-euros-para-produccion-agropecuaria\/\"]}]},{\"@type\":\"ImageObject\",\"inLanguage\":\"es\",\"@id\":\"https:\/\/innoticiasbo.com\/index.php\/2025\/10\/30\/aprueban-credito-por-21-millones-de-euros-para-produccion-agropecuaria\/#primaryimage\",\"url\":\"https:\/\/i0.wp.com\/innoticiasbo.com\/wp-content\/uploads\/2025\/10\/YAMIL-FOTO.webp?fit=800%2C544&ssl=1\",\"contentUrl\":\"https:\/\/i0.wp.com\/innoticiasbo.com\/wp-content\/uploads\/2025\/10\/YAMIL-FOTO.webp?fit=800%2C544&ssl=1\",\"width\":800,\"height\":544},{\"@type\":\"BreadcrumbList\",\"@id\":\"https:\/\/innoticiasbo.com\/index.php\/2025\/10\/30\/aprueban-credito-por-21-millones-de-euros-para-produccion-agropecuaria\/#breadcrumb\",\"itemListElement\":[{\"@type\":\"ListItem\",\"position\":1,\"name\":\"Portada\",\"item\":\"https:\/\/innoticiasbo.com\/\"},{\"@type\":\"ListItem\",\"position\":2,\"name\":\"Aprueban cr\u00e9dito por 21 millones de euros para producci\u00f3n agropecuaria\"}]},{\"@type\":\"WebSite\",\"@id\":\"https:\/\/innoticiasbo.com\/#website\",\"url\":\"https:\/\/innoticiasbo.com\/\",\"name\":\"innoticiasbo.com\",\"description\":\"\",\"publisher\":{\"@id\":\"https:\/\/innoticiasbo.com\/#organization\"},\"potentialAction\":[{\"@type\":\"SearchAction\",\"target\":{\"@type\":\"EntryPoint\",\"urlTemplate\":\"https:\/\/innoticiasbo.com\/?s={search_term_string}\"},\"query-input\":{\"@type\":\"PropertyValueSpecification\",\"valueRequired\":true,\"valueName\":\"search_term_string\"}}],\"inLanguage\":\"es\"},{\"@type\":\"Organization\",\"@id\":\"https:\/\/innoticiasbo.com\/#organization\",\"name\":\"innoticiasbo.com\",\"url\":\"https:\/\/innoticiasbo.com\/\",\"logo\":{\"@type\":\"ImageObject\",\"inLanguage\":\"es\",\"@id\":\"https:\/\/innoticiasbo.com\/#\/schema\/logo\/image\/\",\"url\":\"https:\/\/i0.wp.com\/innoticiasbo.com\/wp-content\/uploads\/2026\/04\/cropped-IN-LOGO.png?fit=1476%2C1476&ssl=1\",\"contentUrl\":\"https:\/\/i0.wp.com\/innoticiasbo.com\/wp-content\/uploads\/2026\/04\/cropped-IN-LOGO.png?fit=1476%2C1476&ssl=1\",\"width\":1476,\"height\":1476,\"caption\":\"innoticiasbo.com\"},\"image\":{\"@id\":\"https:\/\/innoticiasbo.com\/#\/schema\/logo\/image\/\"},\"sameAs\":[\"https:\/\/www.facebook.com\/innoticiasbolivia\",\"https:\/\/x.com\/innoticiasbo\",\"https:\/\/www.instagram.com\/innoticiasbo\",\"https:\/\/www.youtube.com\/innoticiasbo\"]},{\"@type\":\"Person\",\"@id\":\"https:\/\/innoticiasbo.com\/#\/schema\/person\/a3aa59f775293b57d2f63327b36c159f\",\"name\":\"Abril Rodr\u00edguez\",\"image\":{\"@type\":\"ImageObject\",\"inLanguage\":\"es\",\"@id\":\"https:\/\/innoticiasbo.com\/#\/schema\/person\/image\/\",\"url\":\"https:\/\/secure.gravatar.com\/avatar\/f8e99d792cd766ba261d033b036cbf24?s=96&d=mm&r=g\",\"contentUrl\":\"https:\/\/secure.gravatar.com\/avatar\/f8e99d792cd766ba261d033b036cbf24?s=96&d=mm&r=g\",\"caption\":\"Abril Rodr\u00edguez\"},\"sameAs\":[\"http:\/\/www.innoticiasbo.com\"],\"url\":\"https:\/\/innoticiasbo.com\/index.php\/author\/prensa5\/\"}]}<\/script>\n<!-- \/ Yoast SEO plugin. -->","yoast_head_json":{"title":"Aprueban cr\u00e9dito por 21 millones de euros para producci\u00f3n agropecuaria - innoticiasbo.com","robots":{"index":"index","follow":"follow","max-snippet":"max-snippet:-1","max-image-preview":"max-image-preview:large","max-video-preview":"max-video-preview:-1"},"canonical":"https:\/\/innoticiasbo.com\/index.php\/2025\/10\/30\/aprueban-credito-por-21-millones-de-euros-para-produccion-agropecuaria\/","og_locale":"es_ES","og_type":"article","og_title":"Aprueban cr\u00e9dito por 21 millones de euros para producci\u00f3n agropecuaria - innoticiasbo.com","og_description":"30 de Octubre 2025(00:00hrs) El Gobierno nacional aprob\u00f3 un proyecto de ley de cr\u00e9dito por m\u00e1s de 21 millones de euros con el Fondo Internacional de Desarrollo Agr\u00edcola (FIDA), destinado a impulsar la producci\u00f3n agropecuaria en municipios fronterizos vulnerables a la crisis clim\u00e1tica, inform\u00f3 el ministro de Desarrollo Rural y Tierras, Yamil Flores. \u201cHoy hemos...","og_url":"https:\/\/innoticiasbo.com\/index.php\/2025\/10\/30\/aprueban-credito-por-21-millones-de-euros-para-produccion-agropecuaria\/","og_site_name":"innoticiasbo.com","article_publisher":"https:\/\/www.facebook.com\/innoticiasbolivia","article_published_time":"2025-10-30T14:03:08+00:00","article_modified_time":"2025-10-30T14:11:02+00:00","og_image":[{"width":800,"height":544,"url":"https:\/\/i0.wp.com\/innoticiasbo.com\/wp-content\/uploads\/2025\/10\/YAMIL-FOTO.webp?fit=800%2C544&ssl=1","type":"image\/webp"}],"author":"Abril Rodr\u00edguez","twitter_card":"summary_large_image","twitter_creator":"@innoticiasbo","twitter_site":"@innoticiasbo","twitter_misc":{"Escrito por":"Abril Rodr\u00edguez","Tiempo de lectura":"1 minuto"},"schema":{"@context":"https:\/\/schema.org","@graph":[{"@type":"Article","@id":"https:\/\/innoticiasbo.com\/index.php\/2025\/10\/30\/aprueban-credito-por-21-millones-de-euros-para-produccion-agropecuaria\/#article","isPartOf":{"@id":"https:\/\/innoticiasbo.com\/index.php\/2025\/10\/30\/aprueban-credito-por-21-millones-de-euros-para-produccion-agropecuaria\/"},"author":{"name":"Abril Rodr\u00edguez","@id":"https:\/\/innoticiasbo.com\/#\/schema\/person\/a3aa59f775293b57d2f63327b36c159f"},"headline":"Aprueban cr\u00e9dito por 21 millones de euros para producci\u00f3n agropecuaria","datePublished":"2025-10-30T14:03:08+00:00","dateModified":"2025-10-30T14:11:02+00:00","mainEntityOfPage":{"@id":"https:\/\/innoticiasbo.com\/index.php\/2025\/10\/30\/aprueban-credito-por-21-millones-de-euros-para-produccion-agropecuaria\/"},"wordCount":295,"commentCount":0,"publisher":{"@id":"https:\/\/innoticiasbo.com\/#organization"},"image":{"@id":"https:\/\/innoticiasbo.com\/index.php\/2025\/10\/30\/aprueban-credito-por-21-millones-de-euros-para-produccion-agropecuaria\/#primaryimage"},"thumbnailUrl":"https:\/\/i0.wp.com\/innoticiasbo.com\/wp-content\/uploads\/2025\/10\/YAMIL-FOTO.webp?fit=800%2C544&ssl=1","articleSection":["Bolivia","Econom\u00eda","El Avispero"],"inLanguage":"es","potentialAction":[{"@type":"CommentAction","name":"Comment","target":["https:\/\/innoticiasbo.com\/index.php\/2025\/10\/30\/aprueban-credito-por-21-millones-de-euros-para-produccion-agropecuaria\/#respond"]}]},{"@type":"WebPage","@id":"https:\/\/innoticiasbo.com\/index.php\/2025\/10\/30\/aprueban-credito-por-21-millones-de-euros-para-produccion-agropecuaria\/","url":"https:\/\/innoticiasbo.com\/index.php\/2025\/10\/30\/aprueban-credito-por-21-millones-de-euros-para-produccion-agropecuaria\/","name":"Aprueban cr\u00e9dito por 21 millones de euros para producci\u00f3n agropecuaria - innoticiasbo.com","isPartOf":{"@id":"https:\/\/innoticiasbo.com\/#website"},"primaryImageOfPage":{"@id":"https:\/\/innoticiasbo.com\/index.php\/2025\/10\/30\/aprueban-credito-por-21-millones-de-euros-para-produccion-agropecuaria\/#primaryimage"},"image":{"@id":"https:\/\/innoticiasbo.com\/index.php\/2025\/10\/30\/aprueban-credito-por-21-millones-de-euros-para-produccion-agropecuaria\/#primaryimage"},"thumbnailUrl":"https:\/\/i0.wp.com\/innoticiasbo.com\/wp-content\/uploads\/2025\/10\/YAMIL-FOTO.webp?fit=800%2C544&ssl=1","datePublished":"2025-10-30T14:03:08+00:00","dateModified":"2025-10-30T14:11:02+00:00","breadcrumb":{"@id":"https:\/\/innoticiasbo.com\/index.php\/2025\/10\/30\/aprueban-credito-por-21-millones-de-euros-para-produccion-agropecuaria\/#breadcrumb"},"inLanguage":"es","potentialAction":[{"@type":"ReadAction","target":["https:\/\/innoticiasbo.com\/index.php\/2025\/10\/30\/aprueban-credito-por-21-millones-de-euros-para-produccion-agropecuaria\/"]}]},{"@type":"ImageObject","inLanguage":"es","@id":"https:\/\/innoticiasbo.com\/index.php\/2025\/10\/30\/aprueban-credito-por-21-millones-de-euros-para-produccion-agropecuaria\/#primaryimage","url":"https:\/\/i0.wp.com\/innoticiasbo.com\/wp-content\/uploads\/2025\/10\/YAMIL-FOTO.webp?fit=800%2C544&ssl=1","contentUrl":"https:\/\/i0.wp.com\/innoticiasbo.com\/wp-content\/uploads\/2025\/10\/YAMIL-FOTO.webp?fit=800%2C544&ssl=1","width":800,"height":544},{"@type":"BreadcrumbList","@id":"https:\/\/innoticiasbo.com\/index.php\/2025\/10\/30\/aprueban-credito-por-21-millones-de-euros-para-produccion-agropecuaria\/#breadcrumb","itemListElement":[{"@type":"ListItem","position":1,"name":"Portada","item":"https:\/\/innoticiasbo.com\/"},{"@type":"ListItem","position":2,"name":"Aprueban cr\u00e9dito por 21 millones de euros para producci\u00f3n agropecuaria"}]},{"@type":"WebSite","@id":"https:\/\/innoticiasbo.com\/#website","url":"https:\/\/innoticiasbo.com\/","name":"innoticiasbo.com","description":"","publisher":{"@id":"https:\/\/innoticiasbo.com\/#organization"},"potentialAction":[{"@type":"SearchAction","target":{"@type":"EntryPoint","urlTemplate":"https:\/\/innoticiasbo.com\/?s={search_term_string}"},"query-input":{"@type":"PropertyValueSpecification","valueRequired":true,"valueName":"search_term_string"}}],"inLanguage":"es"},{"@type":"Organization","@id":"https:\/\/innoticiasbo.com\/#organization","name":"innoticiasbo.com","url":"https:\/\/innoticiasbo.com\/","logo":{"@type":"ImageObject","inLanguage":"es","@id":"https:\/\/innoticiasbo.com\/#\/schema\/logo\/image\/","url":"https:\/\/i0.wp.com\/innoticiasbo.com\/wp-content\/uploads\/2026\/04\/cropped-IN-LOGO.png?fit=1476%2C1476&ssl=1","contentUrl":"https:\/\/i0.wp.com\/innoticiasbo.com\/wp-content\/uploads\/2026\/04\/cropped-IN-LOGO.png?fit=1476%2C1476&ssl=1","width":1476,"height":1476,"caption":"innoticiasbo.com"},"image":{"@id":"https:\/\/innoticiasbo.com\/#\/schema\/logo\/image\/"},"sameAs":["https:\/\/www.facebook.com\/innoticiasbolivia","https:\/\/x.com\/innoticiasbo","https:\/\/www.instagram.com\/innoticiasbo","https:\/\/www.youtube.com\/innoticiasbo"]},{"@type":"Person","@id":"https:\/\/innoticiasbo.com\/#\/schema\/person\/a3aa59f775293b57d2f63327b36c159f","name":"Abril Rodr\u00edguez","image":{"@type":"ImageObject","inLanguage":"es","@id":"https:\/\/innoticiasbo.com\/#\/schema\/person\/image\/","url":"https:\/\/secure.gravatar.com\/avatar\/f8e99d792cd766ba261d033b036cbf24?s=96&d=mm&r=g","contentUrl":"https:\/\/secure.gravatar.com\/avatar\/f8e99d792cd766ba261d033b036cbf24?s=96&d=mm&r=g","caption":"Abril Rodr\u00edguez"},"sameAs":["http:\/\/www.innoticiasbo.com"],"url":"https:\/\/innoticiasbo.com\/index.php\/author\/prensa5\/"}]}},"jetpack_featured_media_url":"https:\/\/i0.wp.com\/innoticiasbo.com\/wp-content\/uploads\/2025\/10\/YAMIL-FOTO.webp?fit=800%2C544&ssl=1","jetpack_likes_enabled":true,"jetpack_sharing_enabled":true,"jetpack_shortlink":"https:\/\/wp.me\/pg298x-27n","_links":{"self":[{"href":"https:\/\/innoticiasbo.com\/index.php\/wp-json\/wp\/v2\/posts\/8145","targetHints":{"allow":["GET"]}}],"collection":[{"href":"https:\/\/innoticiasbo.com\/index.php\/wp-json\/wp\/v2\/posts"}],"about":[{"href":"https:\/\/innoticiasbo.com\/index.php\/wp-json\/wp\/v2\/types\/post"}],"author":[{"embeddable":true,"href":"https:\/\/innoticiasbo.com\/index.php\/wp-json\/wp\/v2\/users\/7"}],"replies":[{"embeddable":true,"href":"https:\/\/innoticiasbo.com\/index.php\/wp-json\/wp\/v2\/comments?post=8145"}],"version-history":[{"count":2,"href":"https:\/\/innoticiasbo.com\/index.php\/wp-json\/wp\/v2\/posts\/8145\/revisions"}],"predecessor-version":[{"id":8153,"href":"https:\/\/innoticiasbo.com\/index.php\/wp-json\/wp\/v2\/posts\/8145\/revisions\/8153"}],"wp:featuredmedia":[{"embeddable":true,"href":"https:\/\/innoticiasbo.com\/index.php\/wp-json\/wp\/v2\/media\/8144"}],"wp:attachment":[{"href":"https:\/\/innoticiasbo.com\/index.php\/wp-json\/wp\/v2\/media?parent=8145"}],"wp:term":[{"taxonomy":"category","embeddable":true,"href":"https:\/\/innoticiasbo.com\/index.php\/wp-json\/wp\/v2\/categories?post=8145"},{"taxonomy":"post_tag","embeddable":true,"href":"https:\/\/innoticiasbo.com\/index.php\/wp-json\/wp\/v2\/tags?post=8145"}],"curies":[{"name":"wp","href":"https:\/\/api.w.org\/{rel}","templated":true}]}}