{"id":8141,"date":"2025-10-30T09:56:30","date_gmt":"2025-10-30T13:56:30","guid":{"rendered":"https:\/\/innoticiasbo.com\/?p=8141"},"modified":"2025-10-30T10:04:25","modified_gmt":"2025-10-30T14:04:25","slug":"la-cao-espera-que-privados-inicien-importacion-de-combustibles","status":"publish","type":"post","link":"https:\/\/innoticiasbo.com\/index.php\/2025\/10\/30\/la-cao-espera-que-privados-inicien-importacion-de-combustibles\/","title":{"rendered":"La CAO espera que privados inicien importaci\u00f3n de combustibles"},"content":{"rendered":"\n<p>El sector pide la eliminaci\u00f3n de Sustancias Controladas, debido a que considera que retrasa la internaci\u00f3n de di\u00e9sel y gasolina en el pa\u00eds.<\/p>\n\n\n\n<p>30 de Octubre 2025 (00:00hrs)<\/p>\n\n\n\n<figure class=\"wp-block-gallery has-nested-images columns-default is-cropped wp-block-gallery-1 is-layout-flex wp-block-gallery-is-layout-flex\">\n<figure class=\"wp-block-image size-large\"><img data-recalc-dims=\"1\" loading=\"lazy\" decoding=\"async\" width=\"640\" height=\"478\" data-id=\"8139\" src=\"https:\/\/i0.wp.com\/innoticiasbo.com\/wp-content\/uploads\/2025\/10\/17618324430488758996677149851153.jpg?resize=640%2C478&#038;ssl=1\" alt=\"\" class=\"wp-image-8139\" srcset=\"https:\/\/i0.wp.com\/innoticiasbo.com\/wp-content\/uploads\/2025\/10\/17618324430488758996677149851153.jpg?resize=1024%2C765&amp;ssl=1 1024w, https:\/\/i0.wp.com\/innoticiasbo.com\/wp-content\/uploads\/2025\/10\/17618324430488758996677149851153.jpg?resize=300%2C224&amp;ssl=1 300w, https:\/\/i0.wp.com\/innoticiasbo.com\/wp-content\/uploads\/2025\/10\/17618324430488758996677149851153.jpg?resize=768%2C574&amp;ssl=1 768w, https:\/\/i0.wp.com\/innoticiasbo.com\/wp-content\/uploads\/2025\/10\/17618324430488758996677149851153.jpg?w=1080&amp;ssl=1 1080w\" sizes=\"auto, (max-width: 640px) 100vw, 640px\" \/><\/figure>\n<\/figure>\n\n\n\n<p>Luego de que se promulgara la Ley Corta Excepcional y Transitoria para Garantizar el Abastecimiento de Di\u00e9sel y Gasolina en Situaci\u00f3n de Emergencia, la C\u00e1mara Agropecuaria del Oriente (CAO) espera que los privados inicien con la importaci\u00f3n de combustible.<br \/><br \/>De esta manera, el presidente de la CAO, Klaus Frerking, descart\u00f3 que su sector adquiera directamente los carburantes.<br \/><br \/>\u201cNosotros somos productores, estamos llamados a producir, somos consumidores de combustible y esperemos que haya los mayoristas y las estaciones de servicio, que haya empresarios que quieran traer para que nosotros empecemos a comprar\u201d, indic\u00f3 este mi\u00e9rcoles en conferencia de prensa.<br \/><br \/>CAO<br \/>Frerking tambi\u00e9n se refiri\u00f3 a algunas cr\u00edticas hacia la norma, que entr\u00f3 en vigencia el lunes, especialmente en lo que se refiere a la falta de control, posible desv\u00edo de combustible y el precio elevado que tendr\u00e1n los carburantes, pues se comercializar\u00e1n a precio internacional.<br \/><br \/>El presidente de la CAO reconoci\u00f3 estos escenarios, pero tambi\u00e9n record\u00f3 que hace meses se instal\u00f3 un mercado negro de di\u00e9sel y gasolina, con precios que superan los Bs 10 el litro. Por ello, se\u00f1al\u00f3 que es una \u201cley de emergencia\u201d, no una soluci\u00f3n total.<br \/><br \/>\u201cEsperemos que ayude para que asociaciones, empresarios, estaciones de servicio puedan importar combustible por el bien de todo el pa\u00eds, por el bien de todo el sector agropecuario\u201d, afirm\u00f3.<br \/><br \/>Asimismo, Frerking aprovech\u00f3 la oportunidad para cuestionar el trabajo de la Direcci\u00f3n General de Sustancias Controladas, debido a que cualquier intenci\u00f3n de importar combustible debe pasar por esa entidad.<br \/><br \/>\u201cSabemos que todav\u00eda la ley est\u00e1 con Sustancias Controladas, que es uno de los grandes puntos que nosotros como sector agropecuario pedimos la eliminaci\u00f3n de Sustancias Controladas porque participa mucho en la extorsi\u00f3n a todo el conglomerado productivo a nivel nacional\u201d, fustig\u00f3 el presidente de la CAO.<br \/><br \/>A lo largo del a\u00f1o, el sector productivo intent\u00f3 eliminar al di\u00e9sel y gasolina de la lista de sustancias sontroladas. Sin embargo, el Gobierno rechaz\u00f3 esta posibilidad, debido a que se puede utilizar el combustible para elaborar narc\u00f3ticos, explicaci\u00f3n que fue comprendida por los productores en aquella oportunidad.<\/p>\n\n\n\n<p>Fuente:La Raz\u00f3n <\/p>\n","protected":false},"excerpt":{"rendered":"<p>El sector pide la eliminaci\u00f3n de Sustancias Controladas, debido a que considera que retrasa la internaci\u00f3n de di\u00e9sel y gasolina en el pa\u00eds. 30 de Octubre 2025 (00:00hrs) Luego de que se promulgara la Ley Corta Excepcional y Transitoria para Garantizar el Abastecimiento de Di\u00e9sel y Gasolina en Situaci\u00f3n de Emergencia, la C\u00e1mara Agropecuaria del&#8230;<\/p>\n","protected":false},"author":7,"featured_media":8140,"comment_status":"open","ping_status":"open","sticky":false,"template":"","format":"standard","meta":{"_jetpack_memberships_contains_paid_content":false,"footnotes":"","jetpack_publicize_message":"","jetpack_publicize_feature_enabled":true,"jetpack_social_post_already_shared":true,"jetpack_social_options":{"image_generator_settings":{"template":"highway","enabled":false},"version":2}},"categories":[1,13],"tags":[],"class_list":["post-8141","post","type-post","status-publish","format-standard","has-post-thumbnail","hentry","category-bolivia","category-elavispero"],"jetpack_publicize_connections":[],"yoast_head":"<!-- This site is optimized with the Yoast SEO plugin v23.4 - https:\/\/yoast.com\/wordpress\/plugins\/seo\/ -->\n<title>La CAO espera que privados inicien importaci\u00f3n de combustibles - innoticiasbo.com<\/title>\n<meta name=\"robots\" content=\"index, follow, max-snippet:-1, max-image-preview:large, max-video-preview:-1\" \/>\n<link rel=\"canonical\" href=\"https:\/\/innoticiasbo.com\/index.php\/2025\/10\/30\/la-cao-espera-que-privados-inicien-importacion-de-combustibles\/\" \/>\n<meta property=\"og:locale\" content=\"es_ES\" \/>\n<meta property=\"og:type\" content=\"article\" \/>\n<meta property=\"og:title\" content=\"La CAO espera que privados inicien importaci\u00f3n de combustibles - innoticiasbo.com\" \/>\n<meta property=\"og:description\" content=\"El sector pide la eliminaci\u00f3n de Sustancias Controladas, debido a que considera que retrasa la internaci\u00f3n de di\u00e9sel y gasolina en el pa\u00eds. 30 de Octubre 2025 (00:00hrs) Luego de que se promulgara la Ley Corta Excepcional y Transitoria para Garantizar el Abastecimiento de Di\u00e9sel y Gasolina en Situaci\u00f3n de Emergencia, la C\u00e1mara Agropecuaria del...\" \/>\n<meta property=\"og:url\" content=\"https:\/\/innoticiasbo.com\/index.php\/2025\/10\/30\/la-cao-espera-que-privados-inicien-importacion-de-combustibles\/\" \/>\n<meta property=\"og:site_name\" content=\"innoticiasbo.com\" \/>\n<meta property=\"article:publisher\" content=\"https:\/\/www.facebook.com\/innoticiasbolivia\" \/>\n<meta property=\"article:published_time\" content=\"2025-10-30T13:56:30+00:00\" \/>\n<meta property=\"article:modified_time\" content=\"2025-10-30T14:04:25+00:00\" \/>\n<meta property=\"og:image\" content=\"https:\/\/i0.wp.com\/innoticiasbo.com\/wp-content\/uploads\/2025\/10\/1761832443048.jpg?fit=1080%2C807&ssl=1\" \/>\n\t<meta property=\"og:image:width\" content=\"1080\" \/>\n\t<meta property=\"og:image:height\" content=\"807\" \/>\n\t<meta property=\"og:image:type\" content=\"image\/jpeg\" \/>\n<meta name=\"author\" content=\"Abril Rodr\u00edguez\" \/>\n<meta name=\"twitter:card\" content=\"summary_large_image\" \/>\n<meta name=\"twitter:creator\" content=\"@innoticiasbo\" \/>\n<meta name=\"twitter:site\" content=\"@innoticiasbo\" \/>\n<meta name=\"twitter:label1\" content=\"Escrito por\" \/>\n\t<meta name=\"twitter:data1\" content=\"Abril Rodr\u00edguez\" \/>\n\t<meta name=\"twitter:label2\" content=\"Tiempo de lectura\" \/>\n\t<meta name=\"twitter:data2\" content=\"2 minutos\" \/>\n<script type=\"application\/ld+json\" class=\"yoast-schema-graph\">{\"@context\":\"https:\/\/schema.org\",\"@graph\":[{\"@type\":\"Article\",\"@id\":\"https:\/\/innoticiasbo.com\/index.php\/2025\/10\/30\/la-cao-espera-que-privados-inicien-importacion-de-combustibles\/#article\",\"isPartOf\":{\"@id\":\"https:\/\/innoticiasbo.com\/index.php\/2025\/10\/30\/la-cao-espera-que-privados-inicien-importacion-de-combustibles\/\"},\"author\":{\"name\":\"Abril Rodr\u00edguez\",\"@id\":\"https:\/\/innoticiasbo.com\/#\/schema\/person\/a3aa59f775293b57d2f63327b36c159f\"},\"headline\":\"La CAO espera que privados inicien importaci\u00f3n de combustibles\",\"datePublished\":\"2025-10-30T13:56:30+00:00\",\"dateModified\":\"2025-10-30T14:04:25+00:00\",\"mainEntityOfPage\":{\"@id\":\"https:\/\/innoticiasbo.com\/index.php\/2025\/10\/30\/la-cao-espera-que-privados-inicien-importacion-de-combustibles\/\"},\"wordCount\":408,\"commentCount\":0,\"publisher\":{\"@id\":\"https:\/\/innoticiasbo.com\/#organization\"},\"image\":{\"@id\":\"https:\/\/innoticiasbo.com\/index.php\/2025\/10\/30\/la-cao-espera-que-privados-inicien-importacion-de-combustibles\/#primaryimage\"},\"thumbnailUrl\":\"https:\/\/i0.wp.com\/innoticiasbo.com\/wp-content\/uploads\/2025\/10\/1761832443048.jpg?fit=1080%2C807&ssl=1\",\"articleSection\":[\"Bolivia\",\"El Avispero\"],\"inLanguage\":\"es\",\"potentialAction\":[{\"@type\":\"CommentAction\",\"name\":\"Comment\",\"target\":[\"https:\/\/innoticiasbo.com\/index.php\/2025\/10\/30\/la-cao-espera-que-privados-inicien-importacion-de-combustibles\/#respond\"]}]},{\"@type\":\"WebPage\",\"@id\":\"https:\/\/innoticiasbo.com\/index.php\/2025\/10\/30\/la-cao-espera-que-privados-inicien-importacion-de-combustibles\/\",\"url\":\"https:\/\/innoticiasbo.com\/index.php\/2025\/10\/30\/la-cao-espera-que-privados-inicien-importacion-de-combustibles\/\",\"name\":\"La CAO espera que privados inicien importaci\u00f3n de combustibles - innoticiasbo.com\",\"isPartOf\":{\"@id\":\"https:\/\/innoticiasbo.com\/#website\"},\"primaryImageOfPage\":{\"@id\":\"https:\/\/innoticiasbo.com\/index.php\/2025\/10\/30\/la-cao-espera-que-privados-inicien-importacion-de-combustibles\/#primaryimage\"},\"image\":{\"@id\":\"https:\/\/innoticiasbo.com\/index.php\/2025\/10\/30\/la-cao-espera-que-privados-inicien-importacion-de-combustibles\/#primaryimage\"},\"thumbnailUrl\":\"https:\/\/i0.wp.com\/innoticiasbo.com\/wp-content\/uploads\/2025\/10\/1761832443048.jpg?fit=1080%2C807&ssl=1\",\"datePublished\":\"2025-10-30T13:56:30+00:00\",\"dateModified\":\"2025-10-30T14:04:25+00:00\",\"breadcrumb\":{\"@id\":\"https:\/\/innoticiasbo.com\/index.php\/2025\/10\/30\/la-cao-espera-que-privados-inicien-importacion-de-combustibles\/#breadcrumb\"},\"inLanguage\":\"es\",\"potentialAction\":[{\"@type\":\"ReadAction\",\"target\":[\"https:\/\/innoticiasbo.com\/index.php\/2025\/10\/30\/la-cao-espera-que-privados-inicien-importacion-de-combustibles\/\"]}]},{\"@type\":\"ImageObject\",\"inLanguage\":\"es\",\"@id\":\"https:\/\/innoticiasbo.com\/index.php\/2025\/10\/30\/la-cao-espera-que-privados-inicien-importacion-de-combustibles\/#primaryimage\",\"url\":\"https:\/\/i0.wp.com\/innoticiasbo.com\/wp-content\/uploads\/2025\/10\/1761832443048.jpg?fit=1080%2C807&ssl=1\",\"contentUrl\":\"https:\/\/i0.wp.com\/innoticiasbo.com\/wp-content\/uploads\/2025\/10\/1761832443048.jpg?fit=1080%2C807&ssl=1\",\"width\":1080,\"height\":807},{\"@type\":\"BreadcrumbList\",\"@id\":\"https:\/\/innoticiasbo.com\/index.php\/2025\/10\/30\/la-cao-espera-que-privados-inicien-importacion-de-combustibles\/#breadcrumb\",\"itemListElement\":[{\"@type\":\"ListItem\",\"position\":1,\"name\":\"Portada\",\"item\":\"https:\/\/innoticiasbo.com\/\"},{\"@type\":\"ListItem\",\"position\":2,\"name\":\"La CAO espera que privados inicien importaci\u00f3n de combustibles\"}]},{\"@type\":\"WebSite\",\"@id\":\"https:\/\/innoticiasbo.com\/#website\",\"url\":\"https:\/\/innoticiasbo.com\/\",\"name\":\"innoticiasbo.com\",\"description\":\"\",\"publisher\":{\"@id\":\"https:\/\/innoticiasbo.com\/#organization\"},\"potentialAction\":[{\"@type\":\"SearchAction\",\"target\":{\"@type\":\"EntryPoint\",\"urlTemplate\":\"https:\/\/innoticiasbo.com\/?s={search_term_string}\"},\"query-input\":{\"@type\":\"PropertyValueSpecification\",\"valueRequired\":true,\"valueName\":\"search_term_string\"}}],\"inLanguage\":\"es\"},{\"@type\":\"Organization\",\"@id\":\"https:\/\/innoticiasbo.com\/#organization\",\"name\":\"innoticiasbo.com\",\"url\":\"https:\/\/innoticiasbo.com\/\",\"logo\":{\"@type\":\"ImageObject\",\"inLanguage\":\"es\",\"@id\":\"https:\/\/innoticiasbo.com\/#\/schema\/logo\/image\/\",\"url\":\"https:\/\/i0.wp.com\/innoticiasbo.com\/wp-content\/uploads\/2026\/04\/cropped-IN-LOGO.png?fit=1476%2C1476&ssl=1\",\"contentUrl\":\"https:\/\/i0.wp.com\/innoticiasbo.com\/wp-content\/uploads\/2026\/04\/cropped-IN-LOGO.png?fit=1476%2C1476&ssl=1\",\"width\":1476,\"height\":1476,\"caption\":\"innoticiasbo.com\"},\"image\":{\"@id\":\"https:\/\/innoticiasbo.com\/#\/schema\/logo\/image\/\"},\"sameAs\":[\"https:\/\/www.facebook.com\/innoticiasbolivia\",\"https:\/\/x.com\/innoticiasbo\",\"https:\/\/www.instagram.com\/innoticiasbo\",\"https:\/\/www.youtube.com\/innoticiasbo\"]},{\"@type\":\"Person\",\"@id\":\"https:\/\/innoticiasbo.com\/#\/schema\/person\/a3aa59f775293b57d2f63327b36c159f\",\"name\":\"Abril Rodr\u00edguez\",\"image\":{\"@type\":\"ImageObject\",\"inLanguage\":\"es\",\"@id\":\"https:\/\/innoticiasbo.com\/#\/schema\/person\/image\/\",\"url\":\"https:\/\/secure.gravatar.com\/avatar\/f8e99d792cd766ba261d033b036cbf24?s=96&d=mm&r=g\",\"contentUrl\":\"https:\/\/secure.gravatar.com\/avatar\/f8e99d792cd766ba261d033b036cbf24?s=96&d=mm&r=g\",\"caption\":\"Abril Rodr\u00edguez\"},\"sameAs\":[\"http:\/\/www.innoticiasbo.com\"],\"url\":\"https:\/\/innoticiasbo.com\/index.php\/author\/prensa5\/\"}]}<\/script>\n<!-- \/ Yoast SEO plugin. -->","yoast_head_json":{"title":"La CAO espera que privados inicien importaci\u00f3n de combustibles - innoticiasbo.com","robots":{"index":"index","follow":"follow","max-snippet":"max-snippet:-1","max-image-preview":"max-image-preview:large","max-video-preview":"max-video-preview:-1"},"canonical":"https:\/\/innoticiasbo.com\/index.php\/2025\/10\/30\/la-cao-espera-que-privados-inicien-importacion-de-combustibles\/","og_locale":"es_ES","og_type":"article","og_title":"La CAO espera que privados inicien importaci\u00f3n de combustibles - innoticiasbo.com","og_description":"El sector pide la eliminaci\u00f3n de Sustancias Controladas, debido a que considera que retrasa la internaci\u00f3n de di\u00e9sel y gasolina en el pa\u00eds. 30 de Octubre 2025 (00:00hrs) Luego de que se promulgara la Ley Corta Excepcional y Transitoria para Garantizar el Abastecimiento de Di\u00e9sel y Gasolina en Situaci\u00f3n de Emergencia, la C\u00e1mara Agropecuaria del...","og_url":"https:\/\/innoticiasbo.com\/index.php\/2025\/10\/30\/la-cao-espera-que-privados-inicien-importacion-de-combustibles\/","og_site_name":"innoticiasbo.com","article_publisher":"https:\/\/www.facebook.com\/innoticiasbolivia","article_published_time":"2025-10-30T13:56:30+00:00","article_modified_time":"2025-10-30T14:04:25+00:00","og_image":[{"width":1080,"height":807,"url":"https:\/\/i0.wp.com\/innoticiasbo.com\/wp-content\/uploads\/2025\/10\/1761832443048.jpg?fit=1080%2C807&ssl=1","type":"image\/jpeg"}],"author":"Abril Rodr\u00edguez","twitter_card":"summary_large_image","twitter_creator":"@innoticiasbo","twitter_site":"@innoticiasbo","twitter_misc":{"Escrito por":"Abril Rodr\u00edguez","Tiempo de lectura":"2 minutos"},"schema":{"@context":"https:\/\/schema.org","@graph":[{"@type":"Article","@id":"https:\/\/innoticiasbo.com\/index.php\/2025\/10\/30\/la-cao-espera-que-privados-inicien-importacion-de-combustibles\/#article","isPartOf":{"@id":"https:\/\/innoticiasbo.com\/index.php\/2025\/10\/30\/la-cao-espera-que-privados-inicien-importacion-de-combustibles\/"},"author":{"name":"Abril Rodr\u00edguez","@id":"https:\/\/innoticiasbo.com\/#\/schema\/person\/a3aa59f775293b57d2f63327b36c159f"},"headline":"La CAO espera que privados inicien importaci\u00f3n de combustibles","datePublished":"2025-10-30T13:56:30+00:00","dateModified":"2025-10-30T14:04:25+00:00","mainEntityOfPage":{"@id":"https:\/\/innoticiasbo.com\/index.php\/2025\/10\/30\/la-cao-espera-que-privados-inicien-importacion-de-combustibles\/"},"wordCount":408,"commentCount":0,"publisher":{"@id":"https:\/\/innoticiasbo.com\/#organization"},"image":{"@id":"https:\/\/innoticiasbo.com\/index.php\/2025\/10\/30\/la-cao-espera-que-privados-inicien-importacion-de-combustibles\/#primaryimage"},"thumbnailUrl":"https:\/\/i0.wp.com\/innoticiasbo.com\/wp-content\/uploads\/2025\/10\/1761832443048.jpg?fit=1080%2C807&ssl=1","articleSection":["Bolivia","El Avispero"],"inLanguage":"es","potentialAction":[{"@type":"CommentAction","name":"Comment","target":["https:\/\/innoticiasbo.com\/index.php\/2025\/10\/30\/la-cao-espera-que-privados-inicien-importacion-de-combustibles\/#respond"]}]},{"@type":"WebPage","@id":"https:\/\/innoticiasbo.com\/index.php\/2025\/10\/30\/la-cao-espera-que-privados-inicien-importacion-de-combustibles\/","url":"https:\/\/innoticiasbo.com\/index.php\/2025\/10\/30\/la-cao-espera-que-privados-inicien-importacion-de-combustibles\/","name":"La CAO espera que privados inicien importaci\u00f3n de combustibles - innoticiasbo.com","isPartOf":{"@id":"https:\/\/innoticiasbo.com\/#website"},"primaryImageOfPage":{"@id":"https:\/\/innoticiasbo.com\/index.php\/2025\/10\/30\/la-cao-espera-que-privados-inicien-importacion-de-combustibles\/#primaryimage"},"image":{"@id":"https:\/\/innoticiasbo.com\/index.php\/2025\/10\/30\/la-cao-espera-que-privados-inicien-importacion-de-combustibles\/#primaryimage"},"thumbnailUrl":"https:\/\/i0.wp.com\/innoticiasbo.com\/wp-content\/uploads\/2025\/10\/1761832443048.jpg?fit=1080%2C807&ssl=1","datePublished":"2025-10-30T13:56:30+00:00","dateModified":"2025-10-30T14:04:25+00:00","breadcrumb":{"@id":"https:\/\/innoticiasbo.com\/index.php\/2025\/10\/30\/la-cao-espera-que-privados-inicien-importacion-de-combustibles\/#breadcrumb"},"inLanguage":"es","potentialAction":[{"@type":"ReadAction","target":["https:\/\/innoticiasbo.com\/index.php\/2025\/10\/30\/la-cao-espera-que-privados-inicien-importacion-de-combustibles\/"]}]},{"@type":"ImageObject","inLanguage":"es","@id":"https:\/\/innoticiasbo.com\/index.php\/2025\/10\/30\/la-cao-espera-que-privados-inicien-importacion-de-combustibles\/#primaryimage","url":"https:\/\/i0.wp.com\/innoticiasbo.com\/wp-content\/uploads\/2025\/10\/1761832443048.jpg?fit=1080%2C807&ssl=1","contentUrl":"https:\/\/i0.wp.com\/innoticiasbo.com\/wp-content\/uploads\/2025\/10\/1761832443048.jpg?fit=1080%2C807&ssl=1","width":1080,"height":807},{"@type":"BreadcrumbList","@id":"https:\/\/innoticiasbo.com\/index.php\/2025\/10\/30\/la-cao-espera-que-privados-inicien-importacion-de-combustibles\/#breadcrumb","itemListElement":[{"@type":"ListItem","position":1,"name":"Portada","item":"https:\/\/innoticiasbo.com\/"},{"@type":"ListItem","position":2,"name":"La CAO espera que privados inicien importaci\u00f3n de combustibles"}]},{"@type":"WebSite","@id":"https:\/\/innoticiasbo.com\/#website","url":"https:\/\/innoticiasbo.com\/","name":"innoticiasbo.com","description":"","publisher":{"@id":"https:\/\/innoticiasbo.com\/#organization"},"potentialAction":[{"@type":"SearchAction","target":{"@type":"EntryPoint","urlTemplate":"https:\/\/innoticiasbo.com\/?s={search_term_string}"},"query-input":{"@type":"PropertyValueSpecification","valueRequired":true,"valueName":"search_term_string"}}],"inLanguage":"es"},{"@type":"Organization","@id":"https:\/\/innoticiasbo.com\/#organization","name":"innoticiasbo.com","url":"https:\/\/innoticiasbo.com\/","logo":{"@type":"ImageObject","inLanguage":"es","@id":"https:\/\/innoticiasbo.com\/#\/schema\/logo\/image\/","url":"https:\/\/i0.wp.com\/innoticiasbo.com\/wp-content\/uploads\/2026\/04\/cropped-IN-LOGO.png?fit=1476%2C1476&ssl=1","contentUrl":"https:\/\/i0.wp.com\/innoticiasbo.com\/wp-content\/uploads\/2026\/04\/cropped-IN-LOGO.png?fit=1476%2C1476&ssl=1","width":1476,"height":1476,"caption":"innoticiasbo.com"},"image":{"@id":"https:\/\/innoticiasbo.com\/#\/schema\/logo\/image\/"},"sameAs":["https:\/\/www.facebook.com\/innoticiasbolivia","https:\/\/x.com\/innoticiasbo","https:\/\/www.instagram.com\/innoticiasbo","https:\/\/www.youtube.com\/innoticiasbo"]},{"@type":"Person","@id":"https:\/\/innoticiasbo.com\/#\/schema\/person\/a3aa59f775293b57d2f63327b36c159f","name":"Abril Rodr\u00edguez","image":{"@type":"ImageObject","inLanguage":"es","@id":"https:\/\/innoticiasbo.com\/#\/schema\/person\/image\/","url":"https:\/\/secure.gravatar.com\/avatar\/f8e99d792cd766ba261d033b036cbf24?s=96&d=mm&r=g","contentUrl":"https:\/\/secure.gravatar.com\/avatar\/f8e99d792cd766ba261d033b036cbf24?s=96&d=mm&r=g","caption":"Abril Rodr\u00edguez"},"sameAs":["http:\/\/www.innoticiasbo.com"],"url":"https:\/\/innoticiasbo.com\/index.php\/author\/prensa5\/"}]}},"jetpack_featured_media_url":"https:\/\/i0.wp.com\/innoticiasbo.com\/wp-content\/uploads\/2025\/10\/1761832443048.jpg?fit=1080%2C807&ssl=1","jetpack_likes_enabled":true,"jetpack_sharing_enabled":true,"jetpack_shortlink":"https:\/\/wp.me\/pg298x-27j","_links":{"self":[{"href":"https:\/\/innoticiasbo.com\/index.php\/wp-json\/wp\/v2\/posts\/8141","targetHints":{"allow":["GET"]}}],"collection":[{"href":"https:\/\/innoticiasbo.com\/index.php\/wp-json\/wp\/v2\/posts"}],"about":[{"href":"https:\/\/innoticiasbo.com\/index.php\/wp-json\/wp\/v2\/types\/post"}],"author":[{"embeddable":true,"href":"https:\/\/innoticiasbo.com\/index.php\/wp-json\/wp\/v2\/users\/7"}],"replies":[{"embeddable":true,"href":"https:\/\/innoticiasbo.com\/index.php\/wp-json\/wp\/v2\/comments?post=8141"}],"version-history":[{"count":2,"href":"https:\/\/innoticiasbo.com\/index.php\/wp-json\/wp\/v2\/posts\/8141\/revisions"}],"predecessor-version":[{"id":8147,"href":"https:\/\/innoticiasbo.com\/index.php\/wp-json\/wp\/v2\/posts\/8141\/revisions\/8147"}],"wp:featuredmedia":[{"embeddable":true,"href":"https:\/\/innoticiasbo.com\/index.php\/wp-json\/wp\/v2\/media\/8140"}],"wp:attachment":[{"href":"https:\/\/innoticiasbo.com\/index.php\/wp-json\/wp\/v2\/media?parent=8141"}],"wp:term":[{"taxonomy":"category","embeddable":true,"href":"https:\/\/innoticiasbo.com\/index.php\/wp-json\/wp\/v2\/categories?post=8141"},{"taxonomy":"post_tag","embeddable":true,"href":"https:\/\/innoticiasbo.com\/index.php\/wp-json\/wp\/v2\/tags?post=8141"}],"curies":[{"name":"wp","href":"https:\/\/api.w.org\/{rel}","templated":true}]}}