{"id":8072,"date":"2025-10-24T10:17:42","date_gmt":"2025-10-24T14:17:42","guid":{"rendered":"https:\/\/innoticiasbo.com\/?p=8072"},"modified":"2025-10-24T10:18:04","modified_gmt":"2025-10-24T14:18:04","slug":"civicos-piden-promulgacion-de-la-ley-sancionada-arce-decidira-si-nos-ahonda-o-no-en-la-crisis","status":"publish","type":"post","link":"https:\/\/innoticiasbo.com\/index.php\/2025\/10\/24\/civicos-piden-promulgacion-de-la-ley-sancionada-arce-decidira-si-nos-ahonda-o-no-en-la-crisis\/","title":{"rendered":"C\u00edvicos piden promulgaci\u00f3n de la ley sancionada: \u201cArce decidir\u00e1 si nos ahonda o no en la crisis\u201d"},"content":{"rendered":"\n<figure class=\"wp-block-gallery has-nested-images columns-default is-cropped wp-block-gallery-1 is-layout-flex wp-block-gallery-is-layout-flex\">\n<figure class=\"wp-block-image size-large\"><img data-recalc-dims=\"1\" loading=\"lazy\" decoding=\"async\" width=\"350\" height=\"197\" data-id=\"8070\" src=\"https:\/\/i0.wp.com\/innoticiasbo.com\/wp-content\/uploads\/2025\/10\/17613139881473549509754409023762.webp?resize=350%2C197&#038;ssl=1\" alt=\"\" class=\"wp-image-8070\" srcset=\"https:\/\/i0.wp.com\/innoticiasbo.com\/wp-content\/uploads\/2025\/10\/17613139881473549509754409023762.webp?w=350&amp;ssl=1 350w, https:\/\/i0.wp.com\/innoticiasbo.com\/wp-content\/uploads\/2025\/10\/17613139881473549509754409023762.webp?resize=300%2C169&amp;ssl=1 300w\" sizes=\"auto, (max-width: 350px) 100vw, 350px\" \/><figcaption class=\"wp-element-caption\">Dirigente c\u00edvico Agust\u00edn Zambrana. Foto: Captura de video<\/figcaption><\/figure>\n<\/figure>\n\n\n\n<p>El Comit\u00e9 pro Santa Cruz pidi\u00f3 la ma\u00f1ana de este viernes al presidente Luis Arce la promulgaci\u00f3n inmediata de la \u201cLey Corta Excepcional y Transitoria para Garantizar el Abastecimiento de Di\u00e9sel y Gasolina en Situaci\u00f3n de Emergencia\u201d.<br><br>El vicepresidente c\u00edvico Agust\u00edn Zambrana asegur\u00f3 que esta iniciativa \u201cno es ideol\u00f3gica ni pol\u00edtica\u201d, por lo que deber\u00eda ser promulgada sin una larga espera en beneficio de todos los sectores golpeados por la crisis de combustibles. <br><br>Arce ahora tiene \u201cla decisi\u00f3n final. Luis Arce tendr\u00e1 que decidir si es que nos ayuda a salir de esta crisis o no, Luis Arce tendr\u00e1 que decidir si seguimos en esta crisis o no\u201d, afirm\u00f3 en una conferencia de prensa en Santa Cruz. <\/p>\n\n\n\n<p>En pasadas horas, la C\u00e1mara de Diputados sancion\u00f3 y remiti\u00f3 al Ejecutivo la ley que, en su Art\u00edculo 1,\u00a0 establece, por emergencia, \u201cun r\u00e9gimen excepcional, \u00e1gil y transparente para la importaci\u00f3n, internaci\u00f3n a territorio nacional; transporte en camiones cisternas\/vagones tanques ferroviarios\/barcazas fluviales a puertos internacionales; y despacho directo de combustibles gasolinas, di\u00e9sel o\u00edl y GLP por operadores privados a plantas de almacenaje y\/o estaciones de servicio autorizadas por la ANH, a fin de garantizar con car\u00e1cter de emergencia el abastecimiento nacional\u201d.<br><br>\u201cLuis Arce va a tener el documento sancionado, para que \u00e9l diga apruebo o rechazo. Lo que le decimos, desde el Comit\u00e9 pro Santa Cruz, es, se\u00f1or Arce, apru\u00e9belo porque esto lo requiere la gente (\u2026). Si no lo hace tambi\u00e9n sea valiente y diga a primeras horas: no lo voy a hacer, no me da la gana. (Pero) no nos tenga 10 d\u00edas m\u00e1s esperando si es que va a rechazar o no, porque es su facultad constitucional\u201d, agreg\u00f3 Zambrana. <br><br>En otra conferencia realizada en La Paz, el presidente del Comit\u00e9 pro Santa Cruz, Stello Cochamanidis, tambi\u00e9n inst\u00f3 al presidente Arce a promulgar la ley sancionada. <\/p>\n\n\n\n<p>\u201cEsta ley es transitoria, es solamente por 90 d\u00edas desde el momento en que est\u00e9 en la Gaceta Oficial, pero eso ya depende de la predisposici\u00f3n que tenga Arce de solucionar las cosas en el pa\u00eds o de seguir con su cantaleta de que todo est\u00e1 bien\u201d, afirm\u00f3 Cochamanidis.<\/p>\n\n\n\n<p>Fuente: El deber<\/p>\n","protected":false},"excerpt":{"rendered":"<p>El Comit\u00e9 pro Santa Cruz pidi\u00f3 la ma\u00f1ana de este viernes al presidente Luis Arce la promulgaci\u00f3n inmediata de la \u201cLey Corta Excepcional y Transitoria para Garantizar el Abastecimiento de Di\u00e9sel y Gasolina en Situaci\u00f3n de Emergencia\u201d. El vicepresidente c\u00edvico Agust\u00edn Zambrana asegur\u00f3 que esta iniciativa \u201cno es ideol\u00f3gica ni pol\u00edtica\u201d, por lo que deber\u00eda&#8230;<\/p>\n","protected":false},"author":7,"featured_media":8071,"comment_status":"open","ping_status":"open","sticky":false,"template":"","format":"standard","meta":{"_jetpack_memberships_contains_paid_content":false,"footnotes":"","jetpack_publicize_message":"","jetpack_publicize_feature_enabled":true,"jetpack_social_post_already_shared":true,"jetpack_social_options":{"image_generator_settings":{"template":"highway","enabled":false},"version":2}},"categories":[1,13],"tags":[],"class_list":["post-8072","post","type-post","status-publish","format-standard","has-post-thumbnail","hentry","category-bolivia","category-elavispero"],"jetpack_publicize_connections":[],"yoast_head":"<!-- This site is optimized with the Yoast SEO plugin v23.4 - https:\/\/yoast.com\/wordpress\/plugins\/seo\/ -->\n<title>C\u00edvicos piden promulgaci\u00f3n de la ley sancionada: \u201cArce decidir\u00e1 si nos ahonda o no en la crisis\u201d - innoticiasbo.com<\/title>\n<meta name=\"robots\" content=\"index, follow, max-snippet:-1, max-image-preview:large, max-video-preview:-1\" \/>\n<link rel=\"canonical\" href=\"https:\/\/innoticiasbo.com\/index.php\/2025\/10\/24\/civicos-piden-promulgacion-de-la-ley-sancionada-arce-decidira-si-nos-ahonda-o-no-en-la-crisis\/\" \/>\n<meta property=\"og:locale\" content=\"es_ES\" \/>\n<meta property=\"og:type\" content=\"article\" \/>\n<meta property=\"og:title\" content=\"C\u00edvicos piden promulgaci\u00f3n de la ley sancionada: \u201cArce decidir\u00e1 si nos ahonda o no en la crisis\u201d - innoticiasbo.com\" \/>\n<meta property=\"og:description\" content=\"El Comit\u00e9 pro Santa Cruz pidi\u00f3 la ma\u00f1ana de este viernes al presidente Luis Arce la promulgaci\u00f3n inmediata de la \u201cLey Corta Excepcional y Transitoria para Garantizar el Abastecimiento de Di\u00e9sel y Gasolina en Situaci\u00f3n de Emergencia\u201d. El vicepresidente c\u00edvico Agust\u00edn Zambrana asegur\u00f3 que esta iniciativa \u201cno es ideol\u00f3gica ni pol\u00edtica\u201d, por lo que deber\u00eda...\" \/>\n<meta property=\"og:url\" content=\"https:\/\/innoticiasbo.com\/index.php\/2025\/10\/24\/civicos-piden-promulgacion-de-la-ley-sancionada-arce-decidira-si-nos-ahonda-o-no-en-la-crisis\/\" \/>\n<meta property=\"og:site_name\" content=\"innoticiasbo.com\" \/>\n<meta property=\"article:publisher\" content=\"https:\/\/www.facebook.com\/innoticiasbolivia\" \/>\n<meta property=\"article:published_time\" content=\"2025-10-24T14:17:42+00:00\" \/>\n<meta property=\"article:modified_time\" content=\"2025-10-24T14:18:04+00:00\" \/>\n<meta property=\"og:image\" content=\"https:\/\/i0.wp.com\/innoticiasbo.com\/wp-content\/uploads\/2025\/10\/1761313988147.webp?fit=350%2C197&ssl=1\" \/>\n\t<meta property=\"og:image:width\" content=\"350\" \/>\n\t<meta property=\"og:image:height\" content=\"197\" \/>\n\t<meta property=\"og:image:type\" content=\"image\/webp\" \/>\n<meta name=\"author\" content=\"Abril Rodr\u00edguez\" \/>\n<meta name=\"twitter:card\" content=\"summary_large_image\" \/>\n<meta name=\"twitter:creator\" content=\"@innoticiasbo\" \/>\n<meta name=\"twitter:site\" content=\"@innoticiasbo\" \/>\n<meta name=\"twitter:label1\" content=\"Escrito por\" \/>\n\t<meta name=\"twitter:data1\" content=\"Abril Rodr\u00edguez\" \/>\n\t<meta name=\"twitter:label2\" content=\"Tiempo de lectura\" \/>\n\t<meta name=\"twitter:data2\" content=\"2 minutos\" \/>\n<script type=\"application\/ld+json\" class=\"yoast-schema-graph\">{\"@context\":\"https:\/\/schema.org\",\"@graph\":[{\"@type\":\"Article\",\"@id\":\"https:\/\/innoticiasbo.com\/index.php\/2025\/10\/24\/civicos-piden-promulgacion-de-la-ley-sancionada-arce-decidira-si-nos-ahonda-o-no-en-la-crisis\/#article\",\"isPartOf\":{\"@id\":\"https:\/\/innoticiasbo.com\/index.php\/2025\/10\/24\/civicos-piden-promulgacion-de-la-ley-sancionada-arce-decidira-si-nos-ahonda-o-no-en-la-crisis\/\"},\"author\":{\"name\":\"Abril Rodr\u00edguez\",\"@id\":\"https:\/\/innoticiasbo.com\/#\/schema\/person\/a3aa59f775293b57d2f63327b36c159f\"},\"headline\":\"C\u00edvicos piden promulgaci\u00f3n de la ley sancionada: \u201cArce decidir\u00e1 si nos ahonda o no en la crisis\u201d\",\"datePublished\":\"2025-10-24T14:17:42+00:00\",\"dateModified\":\"2025-10-24T14:18:04+00:00\",\"mainEntityOfPage\":{\"@id\":\"https:\/\/innoticiasbo.com\/index.php\/2025\/10\/24\/civicos-piden-promulgacion-de-la-ley-sancionada-arce-decidira-si-nos-ahonda-o-no-en-la-crisis\/\"},\"wordCount\":412,\"commentCount\":0,\"publisher\":{\"@id\":\"https:\/\/innoticiasbo.com\/#organization\"},\"image\":{\"@id\":\"https:\/\/innoticiasbo.com\/index.php\/2025\/10\/24\/civicos-piden-promulgacion-de-la-ley-sancionada-arce-decidira-si-nos-ahonda-o-no-en-la-crisis\/#primaryimage\"},\"thumbnailUrl\":\"https:\/\/i0.wp.com\/innoticiasbo.com\/wp-content\/uploads\/2025\/10\/1761313988147.webp?fit=350%2C197&ssl=1\",\"articleSection\":[\"Bolivia\",\"El Avispero\"],\"inLanguage\":\"es\",\"potentialAction\":[{\"@type\":\"CommentAction\",\"name\":\"Comment\",\"target\":[\"https:\/\/innoticiasbo.com\/index.php\/2025\/10\/24\/civicos-piden-promulgacion-de-la-ley-sancionada-arce-decidira-si-nos-ahonda-o-no-en-la-crisis\/#respond\"]}]},{\"@type\":\"WebPage\",\"@id\":\"https:\/\/innoticiasbo.com\/index.php\/2025\/10\/24\/civicos-piden-promulgacion-de-la-ley-sancionada-arce-decidira-si-nos-ahonda-o-no-en-la-crisis\/\",\"url\":\"https:\/\/innoticiasbo.com\/index.php\/2025\/10\/24\/civicos-piden-promulgacion-de-la-ley-sancionada-arce-decidira-si-nos-ahonda-o-no-en-la-crisis\/\",\"name\":\"C\u00edvicos piden promulgaci\u00f3n de la ley sancionada: \u201cArce decidir\u00e1 si nos ahonda o no en la crisis\u201d - innoticiasbo.com\",\"isPartOf\":{\"@id\":\"https:\/\/innoticiasbo.com\/#website\"},\"primaryImageOfPage\":{\"@id\":\"https:\/\/innoticiasbo.com\/index.php\/2025\/10\/24\/civicos-piden-promulgacion-de-la-ley-sancionada-arce-decidira-si-nos-ahonda-o-no-en-la-crisis\/#primaryimage\"},\"image\":{\"@id\":\"https:\/\/innoticiasbo.com\/index.php\/2025\/10\/24\/civicos-piden-promulgacion-de-la-ley-sancionada-arce-decidira-si-nos-ahonda-o-no-en-la-crisis\/#primaryimage\"},\"thumbnailUrl\":\"https:\/\/i0.wp.com\/innoticiasbo.com\/wp-content\/uploads\/2025\/10\/1761313988147.webp?fit=350%2C197&ssl=1\",\"datePublished\":\"2025-10-24T14:17:42+00:00\",\"dateModified\":\"2025-10-24T14:18:04+00:00\",\"breadcrumb\":{\"@id\":\"https:\/\/innoticiasbo.com\/index.php\/2025\/10\/24\/civicos-piden-promulgacion-de-la-ley-sancionada-arce-decidira-si-nos-ahonda-o-no-en-la-crisis\/#breadcrumb\"},\"inLanguage\":\"es\",\"potentialAction\":[{\"@type\":\"ReadAction\",\"target\":[\"https:\/\/innoticiasbo.com\/index.php\/2025\/10\/24\/civicos-piden-promulgacion-de-la-ley-sancionada-arce-decidira-si-nos-ahonda-o-no-en-la-crisis\/\"]}]},{\"@type\":\"ImageObject\",\"inLanguage\":\"es\",\"@id\":\"https:\/\/innoticiasbo.com\/index.php\/2025\/10\/24\/civicos-piden-promulgacion-de-la-ley-sancionada-arce-decidira-si-nos-ahonda-o-no-en-la-crisis\/#primaryimage\",\"url\":\"https:\/\/i0.wp.com\/innoticiasbo.com\/wp-content\/uploads\/2025\/10\/1761313988147.webp?fit=350%2C197&ssl=1\",\"contentUrl\":\"https:\/\/i0.wp.com\/innoticiasbo.com\/wp-content\/uploads\/2025\/10\/1761313988147.webp?fit=350%2C197&ssl=1\",\"width\":350,\"height\":197},{\"@type\":\"BreadcrumbList\",\"@id\":\"https:\/\/innoticiasbo.com\/index.php\/2025\/10\/24\/civicos-piden-promulgacion-de-la-ley-sancionada-arce-decidira-si-nos-ahonda-o-no-en-la-crisis\/#breadcrumb\",\"itemListElement\":[{\"@type\":\"ListItem\",\"position\":1,\"name\":\"Portada\",\"item\":\"https:\/\/innoticiasbo.com\/\"},{\"@type\":\"ListItem\",\"position\":2,\"name\":\"C\u00edvicos piden promulgaci\u00f3n de la ley sancionada: \u201cArce decidir\u00e1 si nos ahonda o no en la crisis\u201d\"}]},{\"@type\":\"WebSite\",\"@id\":\"https:\/\/innoticiasbo.com\/#website\",\"url\":\"https:\/\/innoticiasbo.com\/\",\"name\":\"innoticiasbo.com\",\"description\":\"\",\"publisher\":{\"@id\":\"https:\/\/innoticiasbo.com\/#organization\"},\"potentialAction\":[{\"@type\":\"SearchAction\",\"target\":{\"@type\":\"EntryPoint\",\"urlTemplate\":\"https:\/\/innoticiasbo.com\/?s={search_term_string}\"},\"query-input\":{\"@type\":\"PropertyValueSpecification\",\"valueRequired\":true,\"valueName\":\"search_term_string\"}}],\"inLanguage\":\"es\"},{\"@type\":\"Organization\",\"@id\":\"https:\/\/innoticiasbo.com\/#organization\",\"name\":\"innoticiasbo.com\",\"url\":\"https:\/\/innoticiasbo.com\/\",\"logo\":{\"@type\":\"ImageObject\",\"inLanguage\":\"es\",\"@id\":\"https:\/\/innoticiasbo.com\/#\/schema\/logo\/image\/\",\"url\":\"https:\/\/i0.wp.com\/innoticiasbo.com\/wp-content\/uploads\/2026\/04\/cropped-IN-LOGO.png?fit=1476%2C1476&ssl=1\",\"contentUrl\":\"https:\/\/i0.wp.com\/innoticiasbo.com\/wp-content\/uploads\/2026\/04\/cropped-IN-LOGO.png?fit=1476%2C1476&ssl=1\",\"width\":1476,\"height\":1476,\"caption\":\"innoticiasbo.com\"},\"image\":{\"@id\":\"https:\/\/innoticiasbo.com\/#\/schema\/logo\/image\/\"},\"sameAs\":[\"https:\/\/www.facebook.com\/innoticiasbolivia\",\"https:\/\/x.com\/innoticiasbo\",\"https:\/\/www.instagram.com\/innoticiasbo\",\"https:\/\/www.youtube.com\/innoticiasbo\"]},{\"@type\":\"Person\",\"@id\":\"https:\/\/innoticiasbo.com\/#\/schema\/person\/a3aa59f775293b57d2f63327b36c159f\",\"name\":\"Abril Rodr\u00edguez\",\"image\":{\"@type\":\"ImageObject\",\"inLanguage\":\"es\",\"@id\":\"https:\/\/innoticiasbo.com\/#\/schema\/person\/image\/\",\"url\":\"https:\/\/secure.gravatar.com\/avatar\/f8e99d792cd766ba261d033b036cbf24?s=96&d=mm&r=g\",\"contentUrl\":\"https:\/\/secure.gravatar.com\/avatar\/f8e99d792cd766ba261d033b036cbf24?s=96&d=mm&r=g\",\"caption\":\"Abril Rodr\u00edguez\"},\"sameAs\":[\"http:\/\/www.innoticiasbo.com\"],\"url\":\"https:\/\/innoticiasbo.com\/index.php\/author\/prensa5\/\"}]}<\/script>\n<!-- \/ Yoast SEO plugin. -->","yoast_head_json":{"title":"C\u00edvicos piden promulgaci\u00f3n de la ley sancionada: \u201cArce decidir\u00e1 si nos ahonda o no en la crisis\u201d - innoticiasbo.com","robots":{"index":"index","follow":"follow","max-snippet":"max-snippet:-1","max-image-preview":"max-image-preview:large","max-video-preview":"max-video-preview:-1"},"canonical":"https:\/\/innoticiasbo.com\/index.php\/2025\/10\/24\/civicos-piden-promulgacion-de-la-ley-sancionada-arce-decidira-si-nos-ahonda-o-no-en-la-crisis\/","og_locale":"es_ES","og_type":"article","og_title":"C\u00edvicos piden promulgaci\u00f3n de la ley sancionada: \u201cArce decidir\u00e1 si nos ahonda o no en la crisis\u201d - innoticiasbo.com","og_description":"El Comit\u00e9 pro Santa Cruz pidi\u00f3 la ma\u00f1ana de este viernes al presidente Luis Arce la promulgaci\u00f3n inmediata de la \u201cLey Corta Excepcional y Transitoria para Garantizar el Abastecimiento de Di\u00e9sel y Gasolina en Situaci\u00f3n de Emergencia\u201d. El vicepresidente c\u00edvico Agust\u00edn Zambrana asegur\u00f3 que esta iniciativa \u201cno es ideol\u00f3gica ni pol\u00edtica\u201d, por lo que deber\u00eda...","og_url":"https:\/\/innoticiasbo.com\/index.php\/2025\/10\/24\/civicos-piden-promulgacion-de-la-ley-sancionada-arce-decidira-si-nos-ahonda-o-no-en-la-crisis\/","og_site_name":"innoticiasbo.com","article_publisher":"https:\/\/www.facebook.com\/innoticiasbolivia","article_published_time":"2025-10-24T14:17:42+00:00","article_modified_time":"2025-10-24T14:18:04+00:00","og_image":[{"width":350,"height":197,"url":"https:\/\/i0.wp.com\/innoticiasbo.com\/wp-content\/uploads\/2025\/10\/1761313988147.webp?fit=350%2C197&ssl=1","type":"image\/webp"}],"author":"Abril Rodr\u00edguez","twitter_card":"summary_large_image","twitter_creator":"@innoticiasbo","twitter_site":"@innoticiasbo","twitter_misc":{"Escrito por":"Abril Rodr\u00edguez","Tiempo de lectura":"2 minutos"},"schema":{"@context":"https:\/\/schema.org","@graph":[{"@type":"Article","@id":"https:\/\/innoticiasbo.com\/index.php\/2025\/10\/24\/civicos-piden-promulgacion-de-la-ley-sancionada-arce-decidira-si-nos-ahonda-o-no-en-la-crisis\/#article","isPartOf":{"@id":"https:\/\/innoticiasbo.com\/index.php\/2025\/10\/24\/civicos-piden-promulgacion-de-la-ley-sancionada-arce-decidira-si-nos-ahonda-o-no-en-la-crisis\/"},"author":{"name":"Abril Rodr\u00edguez","@id":"https:\/\/innoticiasbo.com\/#\/schema\/person\/a3aa59f775293b57d2f63327b36c159f"},"headline":"C\u00edvicos piden promulgaci\u00f3n de la ley sancionada: \u201cArce decidir\u00e1 si nos ahonda o no en la crisis\u201d","datePublished":"2025-10-24T14:17:42+00:00","dateModified":"2025-10-24T14:18:04+00:00","mainEntityOfPage":{"@id":"https:\/\/innoticiasbo.com\/index.php\/2025\/10\/24\/civicos-piden-promulgacion-de-la-ley-sancionada-arce-decidira-si-nos-ahonda-o-no-en-la-crisis\/"},"wordCount":412,"commentCount":0,"publisher":{"@id":"https:\/\/innoticiasbo.com\/#organization"},"image":{"@id":"https:\/\/innoticiasbo.com\/index.php\/2025\/10\/24\/civicos-piden-promulgacion-de-la-ley-sancionada-arce-decidira-si-nos-ahonda-o-no-en-la-crisis\/#primaryimage"},"thumbnailUrl":"https:\/\/i0.wp.com\/innoticiasbo.com\/wp-content\/uploads\/2025\/10\/1761313988147.webp?fit=350%2C197&ssl=1","articleSection":["Bolivia","El Avispero"],"inLanguage":"es","potentialAction":[{"@type":"CommentAction","name":"Comment","target":["https:\/\/innoticiasbo.com\/index.php\/2025\/10\/24\/civicos-piden-promulgacion-de-la-ley-sancionada-arce-decidira-si-nos-ahonda-o-no-en-la-crisis\/#respond"]}]},{"@type":"WebPage","@id":"https:\/\/innoticiasbo.com\/index.php\/2025\/10\/24\/civicos-piden-promulgacion-de-la-ley-sancionada-arce-decidira-si-nos-ahonda-o-no-en-la-crisis\/","url":"https:\/\/innoticiasbo.com\/index.php\/2025\/10\/24\/civicos-piden-promulgacion-de-la-ley-sancionada-arce-decidira-si-nos-ahonda-o-no-en-la-crisis\/","name":"C\u00edvicos piden promulgaci\u00f3n de la ley sancionada: \u201cArce decidir\u00e1 si nos ahonda o no en la crisis\u201d - innoticiasbo.com","isPartOf":{"@id":"https:\/\/innoticiasbo.com\/#website"},"primaryImageOfPage":{"@id":"https:\/\/innoticiasbo.com\/index.php\/2025\/10\/24\/civicos-piden-promulgacion-de-la-ley-sancionada-arce-decidira-si-nos-ahonda-o-no-en-la-crisis\/#primaryimage"},"image":{"@id":"https:\/\/innoticiasbo.com\/index.php\/2025\/10\/24\/civicos-piden-promulgacion-de-la-ley-sancionada-arce-decidira-si-nos-ahonda-o-no-en-la-crisis\/#primaryimage"},"thumbnailUrl":"https:\/\/i0.wp.com\/innoticiasbo.com\/wp-content\/uploads\/2025\/10\/1761313988147.webp?fit=350%2C197&ssl=1","datePublished":"2025-10-24T14:17:42+00:00","dateModified":"2025-10-24T14:18:04+00:00","breadcrumb":{"@id":"https:\/\/innoticiasbo.com\/index.php\/2025\/10\/24\/civicos-piden-promulgacion-de-la-ley-sancionada-arce-decidira-si-nos-ahonda-o-no-en-la-crisis\/#breadcrumb"},"inLanguage":"es","potentialAction":[{"@type":"ReadAction","target":["https:\/\/innoticiasbo.com\/index.php\/2025\/10\/24\/civicos-piden-promulgacion-de-la-ley-sancionada-arce-decidira-si-nos-ahonda-o-no-en-la-crisis\/"]}]},{"@type":"ImageObject","inLanguage":"es","@id":"https:\/\/innoticiasbo.com\/index.php\/2025\/10\/24\/civicos-piden-promulgacion-de-la-ley-sancionada-arce-decidira-si-nos-ahonda-o-no-en-la-crisis\/#primaryimage","url":"https:\/\/i0.wp.com\/innoticiasbo.com\/wp-content\/uploads\/2025\/10\/1761313988147.webp?fit=350%2C197&ssl=1","contentUrl":"https:\/\/i0.wp.com\/innoticiasbo.com\/wp-content\/uploads\/2025\/10\/1761313988147.webp?fit=350%2C197&ssl=1","width":350,"height":197},{"@type":"BreadcrumbList","@id":"https:\/\/innoticiasbo.com\/index.php\/2025\/10\/24\/civicos-piden-promulgacion-de-la-ley-sancionada-arce-decidira-si-nos-ahonda-o-no-en-la-crisis\/#breadcrumb","itemListElement":[{"@type":"ListItem","position":1,"name":"Portada","item":"https:\/\/innoticiasbo.com\/"},{"@type":"ListItem","position":2,"name":"C\u00edvicos piden promulgaci\u00f3n de la ley sancionada: \u201cArce decidir\u00e1 si nos ahonda o no en la crisis\u201d"}]},{"@type":"WebSite","@id":"https:\/\/innoticiasbo.com\/#website","url":"https:\/\/innoticiasbo.com\/","name":"innoticiasbo.com","description":"","publisher":{"@id":"https:\/\/innoticiasbo.com\/#organization"},"potentialAction":[{"@type":"SearchAction","target":{"@type":"EntryPoint","urlTemplate":"https:\/\/innoticiasbo.com\/?s={search_term_string}"},"query-input":{"@type":"PropertyValueSpecification","valueRequired":true,"valueName":"search_term_string"}}],"inLanguage":"es"},{"@type":"Organization","@id":"https:\/\/innoticiasbo.com\/#organization","name":"innoticiasbo.com","url":"https:\/\/innoticiasbo.com\/","logo":{"@type":"ImageObject","inLanguage":"es","@id":"https:\/\/innoticiasbo.com\/#\/schema\/logo\/image\/","url":"https:\/\/i0.wp.com\/innoticiasbo.com\/wp-content\/uploads\/2026\/04\/cropped-IN-LOGO.png?fit=1476%2C1476&ssl=1","contentUrl":"https:\/\/i0.wp.com\/innoticiasbo.com\/wp-content\/uploads\/2026\/04\/cropped-IN-LOGO.png?fit=1476%2C1476&ssl=1","width":1476,"height":1476,"caption":"innoticiasbo.com"},"image":{"@id":"https:\/\/innoticiasbo.com\/#\/schema\/logo\/image\/"},"sameAs":["https:\/\/www.facebook.com\/innoticiasbolivia","https:\/\/x.com\/innoticiasbo","https:\/\/www.instagram.com\/innoticiasbo","https:\/\/www.youtube.com\/innoticiasbo"]},{"@type":"Person","@id":"https:\/\/innoticiasbo.com\/#\/schema\/person\/a3aa59f775293b57d2f63327b36c159f","name":"Abril Rodr\u00edguez","image":{"@type":"ImageObject","inLanguage":"es","@id":"https:\/\/innoticiasbo.com\/#\/schema\/person\/image\/","url":"https:\/\/secure.gravatar.com\/avatar\/f8e99d792cd766ba261d033b036cbf24?s=96&d=mm&r=g","contentUrl":"https:\/\/secure.gravatar.com\/avatar\/f8e99d792cd766ba261d033b036cbf24?s=96&d=mm&r=g","caption":"Abril Rodr\u00edguez"},"sameAs":["http:\/\/www.innoticiasbo.com"],"url":"https:\/\/innoticiasbo.com\/index.php\/author\/prensa5\/"}]}},"jetpack_featured_media_url":"https:\/\/i0.wp.com\/innoticiasbo.com\/wp-content\/uploads\/2025\/10\/1761313988147.webp?fit=350%2C197&ssl=1","jetpack_likes_enabled":true,"jetpack_sharing_enabled":true,"jetpack_shortlink":"https:\/\/wp.me\/pg298x-26c","_links":{"self":[{"href":"https:\/\/innoticiasbo.com\/index.php\/wp-json\/wp\/v2\/posts\/8072","targetHints":{"allow":["GET"]}}],"collection":[{"href":"https:\/\/innoticiasbo.com\/index.php\/wp-json\/wp\/v2\/posts"}],"about":[{"href":"https:\/\/innoticiasbo.com\/index.php\/wp-json\/wp\/v2\/types\/post"}],"author":[{"embeddable":true,"href":"https:\/\/innoticiasbo.com\/index.php\/wp-json\/wp\/v2\/users\/7"}],"replies":[{"embeddable":true,"href":"https:\/\/innoticiasbo.com\/index.php\/wp-json\/wp\/v2\/comments?post=8072"}],"version-history":[{"count":1,"href":"https:\/\/innoticiasbo.com\/index.php\/wp-json\/wp\/v2\/posts\/8072\/revisions"}],"predecessor-version":[{"id":8073,"href":"https:\/\/innoticiasbo.com\/index.php\/wp-json\/wp\/v2\/posts\/8072\/revisions\/8073"}],"wp:featuredmedia":[{"embeddable":true,"href":"https:\/\/innoticiasbo.com\/index.php\/wp-json\/wp\/v2\/media\/8071"}],"wp:attachment":[{"href":"https:\/\/innoticiasbo.com\/index.php\/wp-json\/wp\/v2\/media?parent=8072"}],"wp:term":[{"taxonomy":"category","embeddable":true,"href":"https:\/\/innoticiasbo.com\/index.php\/wp-json\/wp\/v2\/categories?post=8072"},{"taxonomy":"post_tag","embeddable":true,"href":"https:\/\/innoticiasbo.com\/index.php\/wp-json\/wp\/v2\/tags?post=8072"}],"curies":[{"name":"wp","href":"https:\/\/api.w.org\/{rel}","templated":true}]}}