{"id":8064,"date":"2025-10-24T09:18:35","date_gmt":"2025-10-24T13:18:35","guid":{"rendered":"https:\/\/innoticiasbo.com\/?p=8064"},"modified":"2025-10-24T09:19:12","modified_gmt":"2025-10-24T13:19:12","slug":"evistas-amenazan-si-tocan-a-evo-nos-vamos-a-levantar","status":"publish","type":"post","link":"https:\/\/innoticiasbo.com\/index.php\/2025\/10\/24\/evistas-amenazan-si-tocan-a-evo-nos-vamos-a-levantar\/","title":{"rendered":"Evistas amenazan, \u201csi tocan a Evo nos vamos a levantar\u201d"},"content":{"rendered":"\n<figure class=\"wp-block-gallery has-nested-images columns-default is-cropped wp-block-gallery-1 is-layout-flex wp-block-gallery-is-layout-flex\">\n<figure class=\"wp-block-image size-large\"><img data-recalc-dims=\"1\" loading=\"lazy\" decoding=\"async\" width=\"640\" height=\"365\" data-id=\"8062\" src=\"https:\/\/i0.wp.com\/innoticiasbo.com\/wp-content\/uploads\/2025\/10\/central-518896737817136520736.png?resize=640%2C365&#038;ssl=1\" alt=\"\" class=\"wp-image-8062\" srcset=\"https:\/\/i0.wp.com\/innoticiasbo.com\/wp-content\/uploads\/2025\/10\/central-518896737817136520736.png?w=944&amp;ssl=1 944w, https:\/\/i0.wp.com\/innoticiasbo.com\/wp-content\/uploads\/2025\/10\/central-518896737817136520736.png?resize=300%2C171&amp;ssl=1 300w, https:\/\/i0.wp.com\/innoticiasbo.com\/wp-content\/uploads\/2025\/10\/central-518896737817136520736.png?resize=768%2C439&amp;ssl=1 768w\" sizes=\"auto, (max-width: 640px) 100vw, 640px\" \/><\/figure>\n<\/figure>\n\n\n\n<p>Sectores sociales afines a Evo Morales se declaran en alerta y anticiparon que organizar\u00e1n una resistencia frontal ante el posible retorno de la DEA al territorio boliviano. Afirman que la organizaci\u00f3n antinarc\u00f3ticos pretender\u00eda atentar contra Evo Morales para apresarlo.<br><br>\u201cEste gobierno, que ha entrado a la cabeza de Rodrigo Paz y Edman Lara, es un gobierno de derecha disfrazado de populismo pro Yankee. Se han sometido y arrodillado desde el principio a los intereses imperiales de Estados Unidos, por tanto, que es lo que nos toca a nosotros como movimiento ind\u00edgena campesino, la resistencia a organizar a todos los sindicatos, a todas las organizaciones de base, a una resistencia frontal. Se nos viene la privatizaci\u00f3n de recursos naturales, modificaci\u00f3n de la constituci\u00f3n pol\u00edtica del estado para anular lo plurinacional del estado boliviano. Rodrigo Paz ya nos ha manifestado que va a volver la DEA, eso que significa que los grupos de inteligencia norteamericana van a estar en el pa\u00eds. Entonces, que es lo que quieren ellos, lo que ellos buscan es aniquilar al movimiento ind\u00edgena campesino, aniquilar a todos sus l\u00edderes nacionales y el primer l\u00edder el m\u00e1s importante del movimiento ind\u00edgena originario es el compa\u00f1ero Evo Morales y con seguridad van a querer atentar contra su vida, van a querer apresarlo. Por eso le decimos: no juegue con fuego, se\u00f1or Rodrigo Paz, porque si tocan a Evo todos los movimientos sociales nos vamos a levantar en defensa de nuestro l\u00edder\u201d, advirti\u00f3 el dirigente campesino.<br><br>Los sectores evistas afirmaron que seguir\u00e1n reforzando la seguridad, como lo han estado haciendo todos los d\u00edas hasta ahora, para resguardar la integridad f\u00edsica de Evo Morales. Hasta por 5 a\u00f1os m\u00e1s seguiremos, porque este 26 de octubre se cumplir\u00e1 un a\u00f1o donde casi fue asesinado nuestro hermano Evo.<br><br>\u00abUn a\u00f1o estamos cumpliendo de resguardar su integridad f\u00edsica y as\u00ed mismo de todos los ataques que se han hecho constantemente en toda la gesti\u00f3n de Luis Arce Catacora\u00bb, informaron.<br><br>Fuente: La voz Bolivia <\/p>\n","protected":false},"excerpt":{"rendered":"<p>Sectores sociales afines a Evo Morales se declaran en alerta y anticiparon que organizar\u00e1n una resistencia frontal ante el posible retorno de la DEA al territorio boliviano. Afirman que la organizaci\u00f3n antinarc\u00f3ticos pretender\u00eda atentar contra Evo Morales para apresarlo. \u201cEste gobierno, que ha entrado a la cabeza de Rodrigo Paz y Edman Lara, es un&#8230;<\/p>\n","protected":false},"author":7,"featured_media":8063,"comment_status":"open","ping_status":"open","sticky":false,"template":"","format":"standard","meta":{"_jetpack_memberships_contains_paid_content":false,"footnotes":"","jetpack_publicize_message":"","jetpack_publicize_feature_enabled":true,"jetpack_social_post_already_shared":true,"jetpack_social_options":{"image_generator_settings":{"template":"highway","enabled":false},"version":2}},"categories":[1,2],"tags":[],"class_list":["post-8064","post","type-post","status-publish","format-standard","has-post-thumbnail","hentry","category-bolivia","category-cochabamba"],"jetpack_publicize_connections":[],"yoast_head":"<!-- This site is optimized with the Yoast SEO plugin v23.4 - https:\/\/yoast.com\/wordpress\/plugins\/seo\/ -->\n<title>Evistas amenazan, \u201csi tocan a Evo nos vamos a levantar\u201d - innoticiasbo.com<\/title>\n<meta name=\"robots\" content=\"index, follow, max-snippet:-1, max-image-preview:large, max-video-preview:-1\" \/>\n<link rel=\"canonical\" href=\"https:\/\/innoticiasbo.com\/index.php\/2025\/10\/24\/evistas-amenazan-si-tocan-a-evo-nos-vamos-a-levantar\/\" \/>\n<meta property=\"og:locale\" content=\"es_ES\" \/>\n<meta property=\"og:type\" content=\"article\" \/>\n<meta property=\"og:title\" content=\"Evistas amenazan, \u201csi tocan a Evo nos vamos a levantar\u201d - innoticiasbo.com\" \/>\n<meta property=\"og:description\" content=\"Sectores sociales afines a Evo Morales se declaran en alerta y anticiparon que organizar\u00e1n una resistencia frontal ante el posible retorno de la DEA al territorio boliviano. Afirman que la organizaci\u00f3n antinarc\u00f3ticos pretender\u00eda atentar contra Evo Morales para apresarlo. \u201cEste gobierno, que ha entrado a la cabeza de Rodrigo Paz y Edman Lara, es un...\" \/>\n<meta property=\"og:url\" content=\"https:\/\/innoticiasbo.com\/index.php\/2025\/10\/24\/evistas-amenazan-si-tocan-a-evo-nos-vamos-a-levantar\/\" \/>\n<meta property=\"og:site_name\" content=\"innoticiasbo.com\" \/>\n<meta property=\"article:publisher\" content=\"https:\/\/www.facebook.com\/innoticiasbolivia\" \/>\n<meta property=\"article:published_time\" content=\"2025-10-24T13:18:35+00:00\" \/>\n<meta property=\"article:modified_time\" content=\"2025-10-24T13:19:12+00:00\" \/>\n<meta property=\"og:image\" content=\"https:\/\/i0.wp.com\/innoticiasbo.com\/wp-content\/uploads\/2025\/10\/central-51.png?fit=944%2C539&ssl=1\" \/>\n\t<meta property=\"og:image:width\" content=\"944\" \/>\n\t<meta property=\"og:image:height\" content=\"539\" \/>\n\t<meta property=\"og:image:type\" content=\"image\/png\" \/>\n<meta name=\"author\" content=\"Abril Rodr\u00edguez\" \/>\n<meta name=\"twitter:card\" content=\"summary_large_image\" \/>\n<meta name=\"twitter:creator\" content=\"@innoticiasbo\" \/>\n<meta name=\"twitter:site\" content=\"@innoticiasbo\" \/>\n<meta name=\"twitter:label1\" content=\"Escrito por\" \/>\n\t<meta name=\"twitter:data1\" content=\"Abril Rodr\u00edguez\" \/>\n\t<meta name=\"twitter:label2\" content=\"Tiempo de lectura\" \/>\n\t<meta name=\"twitter:data2\" content=\"2 minutos\" \/>\n<script type=\"application\/ld+json\" class=\"yoast-schema-graph\">{\"@context\":\"https:\/\/schema.org\",\"@graph\":[{\"@type\":\"Article\",\"@id\":\"https:\/\/innoticiasbo.com\/index.php\/2025\/10\/24\/evistas-amenazan-si-tocan-a-evo-nos-vamos-a-levantar\/#article\",\"isPartOf\":{\"@id\":\"https:\/\/innoticiasbo.com\/index.php\/2025\/10\/24\/evistas-amenazan-si-tocan-a-evo-nos-vamos-a-levantar\/\"},\"author\":{\"name\":\"Abril Rodr\u00edguez\",\"@id\":\"https:\/\/innoticiasbo.com\/#\/schema\/person\/a3aa59f775293b57d2f63327b36c159f\"},\"headline\":\"Evistas amenazan, \u201csi tocan a Evo nos vamos a levantar\u201d\",\"datePublished\":\"2025-10-24T13:18:35+00:00\",\"dateModified\":\"2025-10-24T13:19:12+00:00\",\"mainEntityOfPage\":{\"@id\":\"https:\/\/innoticiasbo.com\/index.php\/2025\/10\/24\/evistas-amenazan-si-tocan-a-evo-nos-vamos-a-levantar\/\"},\"wordCount\":363,\"commentCount\":0,\"publisher\":{\"@id\":\"https:\/\/innoticiasbo.com\/#organization\"},\"image\":{\"@id\":\"https:\/\/innoticiasbo.com\/index.php\/2025\/10\/24\/evistas-amenazan-si-tocan-a-evo-nos-vamos-a-levantar\/#primaryimage\"},\"thumbnailUrl\":\"https:\/\/i0.wp.com\/innoticiasbo.com\/wp-content\/uploads\/2025\/10\/central-51.png?fit=944%2C539&ssl=1\",\"articleSection\":[\"Bolivia\",\"Cochabamba\"],\"inLanguage\":\"es\",\"potentialAction\":[{\"@type\":\"CommentAction\",\"name\":\"Comment\",\"target\":[\"https:\/\/innoticiasbo.com\/index.php\/2025\/10\/24\/evistas-amenazan-si-tocan-a-evo-nos-vamos-a-levantar\/#respond\"]}]},{\"@type\":\"WebPage\",\"@id\":\"https:\/\/innoticiasbo.com\/index.php\/2025\/10\/24\/evistas-amenazan-si-tocan-a-evo-nos-vamos-a-levantar\/\",\"url\":\"https:\/\/innoticiasbo.com\/index.php\/2025\/10\/24\/evistas-amenazan-si-tocan-a-evo-nos-vamos-a-levantar\/\",\"name\":\"Evistas amenazan, \u201csi tocan a Evo nos vamos a levantar\u201d - innoticiasbo.com\",\"isPartOf\":{\"@id\":\"https:\/\/innoticiasbo.com\/#website\"},\"primaryImageOfPage\":{\"@id\":\"https:\/\/innoticiasbo.com\/index.php\/2025\/10\/24\/evistas-amenazan-si-tocan-a-evo-nos-vamos-a-levantar\/#primaryimage\"},\"image\":{\"@id\":\"https:\/\/innoticiasbo.com\/index.php\/2025\/10\/24\/evistas-amenazan-si-tocan-a-evo-nos-vamos-a-levantar\/#primaryimage\"},\"thumbnailUrl\":\"https:\/\/i0.wp.com\/innoticiasbo.com\/wp-content\/uploads\/2025\/10\/central-51.png?fit=944%2C539&ssl=1\",\"datePublished\":\"2025-10-24T13:18:35+00:00\",\"dateModified\":\"2025-10-24T13:19:12+00:00\",\"breadcrumb\":{\"@id\":\"https:\/\/innoticiasbo.com\/index.php\/2025\/10\/24\/evistas-amenazan-si-tocan-a-evo-nos-vamos-a-levantar\/#breadcrumb\"},\"inLanguage\":\"es\",\"potentialAction\":[{\"@type\":\"ReadAction\",\"target\":[\"https:\/\/innoticiasbo.com\/index.php\/2025\/10\/24\/evistas-amenazan-si-tocan-a-evo-nos-vamos-a-levantar\/\"]}]},{\"@type\":\"ImageObject\",\"inLanguage\":\"es\",\"@id\":\"https:\/\/innoticiasbo.com\/index.php\/2025\/10\/24\/evistas-amenazan-si-tocan-a-evo-nos-vamos-a-levantar\/#primaryimage\",\"url\":\"https:\/\/i0.wp.com\/innoticiasbo.com\/wp-content\/uploads\/2025\/10\/central-51.png?fit=944%2C539&ssl=1\",\"contentUrl\":\"https:\/\/i0.wp.com\/innoticiasbo.com\/wp-content\/uploads\/2025\/10\/central-51.png?fit=944%2C539&ssl=1\",\"width\":944,\"height\":539},{\"@type\":\"BreadcrumbList\",\"@id\":\"https:\/\/innoticiasbo.com\/index.php\/2025\/10\/24\/evistas-amenazan-si-tocan-a-evo-nos-vamos-a-levantar\/#breadcrumb\",\"itemListElement\":[{\"@type\":\"ListItem\",\"position\":1,\"name\":\"Portada\",\"item\":\"https:\/\/innoticiasbo.com\/\"},{\"@type\":\"ListItem\",\"position\":2,\"name\":\"Evistas amenazan, \u201csi tocan a Evo nos vamos a levantar\u201d\"}]},{\"@type\":\"WebSite\",\"@id\":\"https:\/\/innoticiasbo.com\/#website\",\"url\":\"https:\/\/innoticiasbo.com\/\",\"name\":\"innoticiasbo.com\",\"description\":\"\",\"publisher\":{\"@id\":\"https:\/\/innoticiasbo.com\/#organization\"},\"potentialAction\":[{\"@type\":\"SearchAction\",\"target\":{\"@type\":\"EntryPoint\",\"urlTemplate\":\"https:\/\/innoticiasbo.com\/?s={search_term_string}\"},\"query-input\":{\"@type\":\"PropertyValueSpecification\",\"valueRequired\":true,\"valueName\":\"search_term_string\"}}],\"inLanguage\":\"es\"},{\"@type\":\"Organization\",\"@id\":\"https:\/\/innoticiasbo.com\/#organization\",\"name\":\"innoticiasbo.com\",\"url\":\"https:\/\/innoticiasbo.com\/\",\"logo\":{\"@type\":\"ImageObject\",\"inLanguage\":\"es\",\"@id\":\"https:\/\/innoticiasbo.com\/#\/schema\/logo\/image\/\",\"url\":\"https:\/\/i0.wp.com\/innoticiasbo.com\/wp-content\/uploads\/2026\/04\/cropped-IN-LOGO.png?fit=1476%2C1476&ssl=1\",\"contentUrl\":\"https:\/\/i0.wp.com\/innoticiasbo.com\/wp-content\/uploads\/2026\/04\/cropped-IN-LOGO.png?fit=1476%2C1476&ssl=1\",\"width\":1476,\"height\":1476,\"caption\":\"innoticiasbo.com\"},\"image\":{\"@id\":\"https:\/\/innoticiasbo.com\/#\/schema\/logo\/image\/\"},\"sameAs\":[\"https:\/\/www.facebook.com\/innoticiasbolivia\",\"https:\/\/x.com\/innoticiasbo\",\"https:\/\/www.instagram.com\/innoticiasbo\",\"https:\/\/www.youtube.com\/innoticiasbo\"]},{\"@type\":\"Person\",\"@id\":\"https:\/\/innoticiasbo.com\/#\/schema\/person\/a3aa59f775293b57d2f63327b36c159f\",\"name\":\"Abril Rodr\u00edguez\",\"image\":{\"@type\":\"ImageObject\",\"inLanguage\":\"es\",\"@id\":\"https:\/\/innoticiasbo.com\/#\/schema\/person\/image\/\",\"url\":\"https:\/\/secure.gravatar.com\/avatar\/f8e99d792cd766ba261d033b036cbf24?s=96&d=mm&r=g\",\"contentUrl\":\"https:\/\/secure.gravatar.com\/avatar\/f8e99d792cd766ba261d033b036cbf24?s=96&d=mm&r=g\",\"caption\":\"Abril Rodr\u00edguez\"},\"sameAs\":[\"http:\/\/www.innoticiasbo.com\"],\"url\":\"https:\/\/innoticiasbo.com\/index.php\/author\/prensa5\/\"}]}<\/script>\n<!-- \/ Yoast SEO plugin. -->","yoast_head_json":{"title":"Evistas amenazan, \u201csi tocan a Evo nos vamos a levantar\u201d - innoticiasbo.com","robots":{"index":"index","follow":"follow","max-snippet":"max-snippet:-1","max-image-preview":"max-image-preview:large","max-video-preview":"max-video-preview:-1"},"canonical":"https:\/\/innoticiasbo.com\/index.php\/2025\/10\/24\/evistas-amenazan-si-tocan-a-evo-nos-vamos-a-levantar\/","og_locale":"es_ES","og_type":"article","og_title":"Evistas amenazan, \u201csi tocan a Evo nos vamos a levantar\u201d - innoticiasbo.com","og_description":"Sectores sociales afines a Evo Morales se declaran en alerta y anticiparon que organizar\u00e1n una resistencia frontal ante el posible retorno de la DEA al territorio boliviano. Afirman que la organizaci\u00f3n antinarc\u00f3ticos pretender\u00eda atentar contra Evo Morales para apresarlo. \u201cEste gobierno, que ha entrado a la cabeza de Rodrigo Paz y Edman Lara, es un...","og_url":"https:\/\/innoticiasbo.com\/index.php\/2025\/10\/24\/evistas-amenazan-si-tocan-a-evo-nos-vamos-a-levantar\/","og_site_name":"innoticiasbo.com","article_publisher":"https:\/\/www.facebook.com\/innoticiasbolivia","article_published_time":"2025-10-24T13:18:35+00:00","article_modified_time":"2025-10-24T13:19:12+00:00","og_image":[{"width":944,"height":539,"url":"https:\/\/i0.wp.com\/innoticiasbo.com\/wp-content\/uploads\/2025\/10\/central-51.png?fit=944%2C539&ssl=1","type":"image\/png"}],"author":"Abril Rodr\u00edguez","twitter_card":"summary_large_image","twitter_creator":"@innoticiasbo","twitter_site":"@innoticiasbo","twitter_misc":{"Escrito por":"Abril Rodr\u00edguez","Tiempo de lectura":"2 minutos"},"schema":{"@context":"https:\/\/schema.org","@graph":[{"@type":"Article","@id":"https:\/\/innoticiasbo.com\/index.php\/2025\/10\/24\/evistas-amenazan-si-tocan-a-evo-nos-vamos-a-levantar\/#article","isPartOf":{"@id":"https:\/\/innoticiasbo.com\/index.php\/2025\/10\/24\/evistas-amenazan-si-tocan-a-evo-nos-vamos-a-levantar\/"},"author":{"name":"Abril Rodr\u00edguez","@id":"https:\/\/innoticiasbo.com\/#\/schema\/person\/a3aa59f775293b57d2f63327b36c159f"},"headline":"Evistas amenazan, \u201csi tocan a Evo nos vamos a levantar\u201d","datePublished":"2025-10-24T13:18:35+00:00","dateModified":"2025-10-24T13:19:12+00:00","mainEntityOfPage":{"@id":"https:\/\/innoticiasbo.com\/index.php\/2025\/10\/24\/evistas-amenazan-si-tocan-a-evo-nos-vamos-a-levantar\/"},"wordCount":363,"commentCount":0,"publisher":{"@id":"https:\/\/innoticiasbo.com\/#organization"},"image":{"@id":"https:\/\/innoticiasbo.com\/index.php\/2025\/10\/24\/evistas-amenazan-si-tocan-a-evo-nos-vamos-a-levantar\/#primaryimage"},"thumbnailUrl":"https:\/\/i0.wp.com\/innoticiasbo.com\/wp-content\/uploads\/2025\/10\/central-51.png?fit=944%2C539&ssl=1","articleSection":["Bolivia","Cochabamba"],"inLanguage":"es","potentialAction":[{"@type":"CommentAction","name":"Comment","target":["https:\/\/innoticiasbo.com\/index.php\/2025\/10\/24\/evistas-amenazan-si-tocan-a-evo-nos-vamos-a-levantar\/#respond"]}]},{"@type":"WebPage","@id":"https:\/\/innoticiasbo.com\/index.php\/2025\/10\/24\/evistas-amenazan-si-tocan-a-evo-nos-vamos-a-levantar\/","url":"https:\/\/innoticiasbo.com\/index.php\/2025\/10\/24\/evistas-amenazan-si-tocan-a-evo-nos-vamos-a-levantar\/","name":"Evistas amenazan, \u201csi tocan a Evo nos vamos a levantar\u201d - innoticiasbo.com","isPartOf":{"@id":"https:\/\/innoticiasbo.com\/#website"},"primaryImageOfPage":{"@id":"https:\/\/innoticiasbo.com\/index.php\/2025\/10\/24\/evistas-amenazan-si-tocan-a-evo-nos-vamos-a-levantar\/#primaryimage"},"image":{"@id":"https:\/\/innoticiasbo.com\/index.php\/2025\/10\/24\/evistas-amenazan-si-tocan-a-evo-nos-vamos-a-levantar\/#primaryimage"},"thumbnailUrl":"https:\/\/i0.wp.com\/innoticiasbo.com\/wp-content\/uploads\/2025\/10\/central-51.png?fit=944%2C539&ssl=1","datePublished":"2025-10-24T13:18:35+00:00","dateModified":"2025-10-24T13:19:12+00:00","breadcrumb":{"@id":"https:\/\/innoticiasbo.com\/index.php\/2025\/10\/24\/evistas-amenazan-si-tocan-a-evo-nos-vamos-a-levantar\/#breadcrumb"},"inLanguage":"es","potentialAction":[{"@type":"ReadAction","target":["https:\/\/innoticiasbo.com\/index.php\/2025\/10\/24\/evistas-amenazan-si-tocan-a-evo-nos-vamos-a-levantar\/"]}]},{"@type":"ImageObject","inLanguage":"es","@id":"https:\/\/innoticiasbo.com\/index.php\/2025\/10\/24\/evistas-amenazan-si-tocan-a-evo-nos-vamos-a-levantar\/#primaryimage","url":"https:\/\/i0.wp.com\/innoticiasbo.com\/wp-content\/uploads\/2025\/10\/central-51.png?fit=944%2C539&ssl=1","contentUrl":"https:\/\/i0.wp.com\/innoticiasbo.com\/wp-content\/uploads\/2025\/10\/central-51.png?fit=944%2C539&ssl=1","width":944,"height":539},{"@type":"BreadcrumbList","@id":"https:\/\/innoticiasbo.com\/index.php\/2025\/10\/24\/evistas-amenazan-si-tocan-a-evo-nos-vamos-a-levantar\/#breadcrumb","itemListElement":[{"@type":"ListItem","position":1,"name":"Portada","item":"https:\/\/innoticiasbo.com\/"},{"@type":"ListItem","position":2,"name":"Evistas amenazan, \u201csi tocan a Evo nos vamos a levantar\u201d"}]},{"@type":"WebSite","@id":"https:\/\/innoticiasbo.com\/#website","url":"https:\/\/innoticiasbo.com\/","name":"innoticiasbo.com","description":"","publisher":{"@id":"https:\/\/innoticiasbo.com\/#organization"},"potentialAction":[{"@type":"SearchAction","target":{"@type":"EntryPoint","urlTemplate":"https:\/\/innoticiasbo.com\/?s={search_term_string}"},"query-input":{"@type":"PropertyValueSpecification","valueRequired":true,"valueName":"search_term_string"}}],"inLanguage":"es"},{"@type":"Organization","@id":"https:\/\/innoticiasbo.com\/#organization","name":"innoticiasbo.com","url":"https:\/\/innoticiasbo.com\/","logo":{"@type":"ImageObject","inLanguage":"es","@id":"https:\/\/innoticiasbo.com\/#\/schema\/logo\/image\/","url":"https:\/\/i0.wp.com\/innoticiasbo.com\/wp-content\/uploads\/2026\/04\/cropped-IN-LOGO.png?fit=1476%2C1476&ssl=1","contentUrl":"https:\/\/i0.wp.com\/innoticiasbo.com\/wp-content\/uploads\/2026\/04\/cropped-IN-LOGO.png?fit=1476%2C1476&ssl=1","width":1476,"height":1476,"caption":"innoticiasbo.com"},"image":{"@id":"https:\/\/innoticiasbo.com\/#\/schema\/logo\/image\/"},"sameAs":["https:\/\/www.facebook.com\/innoticiasbolivia","https:\/\/x.com\/innoticiasbo","https:\/\/www.instagram.com\/innoticiasbo","https:\/\/www.youtube.com\/innoticiasbo"]},{"@type":"Person","@id":"https:\/\/innoticiasbo.com\/#\/schema\/person\/a3aa59f775293b57d2f63327b36c159f","name":"Abril Rodr\u00edguez","image":{"@type":"ImageObject","inLanguage":"es","@id":"https:\/\/innoticiasbo.com\/#\/schema\/person\/image\/","url":"https:\/\/secure.gravatar.com\/avatar\/f8e99d792cd766ba261d033b036cbf24?s=96&d=mm&r=g","contentUrl":"https:\/\/secure.gravatar.com\/avatar\/f8e99d792cd766ba261d033b036cbf24?s=96&d=mm&r=g","caption":"Abril Rodr\u00edguez"},"sameAs":["http:\/\/www.innoticiasbo.com"],"url":"https:\/\/innoticiasbo.com\/index.php\/author\/prensa5\/"}]}},"jetpack_featured_media_url":"https:\/\/i0.wp.com\/innoticiasbo.com\/wp-content\/uploads\/2025\/10\/central-51.png?fit=944%2C539&ssl=1","jetpack_likes_enabled":true,"jetpack_sharing_enabled":true,"jetpack_shortlink":"https:\/\/wp.me\/pg298x-264","_links":{"self":[{"href":"https:\/\/innoticiasbo.com\/index.php\/wp-json\/wp\/v2\/posts\/8064","targetHints":{"allow":["GET"]}}],"collection":[{"href":"https:\/\/innoticiasbo.com\/index.php\/wp-json\/wp\/v2\/posts"}],"about":[{"href":"https:\/\/innoticiasbo.com\/index.php\/wp-json\/wp\/v2\/types\/post"}],"author":[{"embeddable":true,"href":"https:\/\/innoticiasbo.com\/index.php\/wp-json\/wp\/v2\/users\/7"}],"replies":[{"embeddable":true,"href":"https:\/\/innoticiasbo.com\/index.php\/wp-json\/wp\/v2\/comments?post=8064"}],"version-history":[{"count":1,"href":"https:\/\/innoticiasbo.com\/index.php\/wp-json\/wp\/v2\/posts\/8064\/revisions"}],"predecessor-version":[{"id":8065,"href":"https:\/\/innoticiasbo.com\/index.php\/wp-json\/wp\/v2\/posts\/8064\/revisions\/8065"}],"wp:featuredmedia":[{"embeddable":true,"href":"https:\/\/innoticiasbo.com\/index.php\/wp-json\/wp\/v2\/media\/8063"}],"wp:attachment":[{"href":"https:\/\/innoticiasbo.com\/index.php\/wp-json\/wp\/v2\/media?parent=8064"}],"wp:term":[{"taxonomy":"category","embeddable":true,"href":"https:\/\/innoticiasbo.com\/index.php\/wp-json\/wp\/v2\/categories?post=8064"},{"taxonomy":"post_tag","embeddable":true,"href":"https:\/\/innoticiasbo.com\/index.php\/wp-json\/wp\/v2\/tags?post=8064"}],"curies":[{"name":"wp","href":"https:\/\/api.w.org\/{rel}","templated":true}]}}