{"id":8052,"date":"2025-10-23T09:58:51","date_gmt":"2025-10-23T13:58:51","guid":{"rendered":"https:\/\/innoticiasbo.com\/?p=8052"},"modified":"2025-10-23T09:59:15","modified_gmt":"2025-10-23T13:59:15","slug":"el-candidato-chileno-johannes-kaiser-amenaza-con-cortar-todo-si-bolivia-no-controla-la-frontera","status":"publish","type":"post","link":"https:\/\/innoticiasbo.com\/index.php\/2025\/10\/23\/el-candidato-chileno-johannes-kaiser-amenaza-con-cortar-todo-si-bolivia-no-controla-la-frontera\/","title":{"rendered":"EL CANDIDATO CHILENO JOHANNES KAISER AMENAZA CON \u201cCORTAR TODO\u201d SI BOLIVIA NO CONTROLA LA FRONTERA"},"content":{"rendered":"\n<p><br><br>Chile, 23 de octubre de 2025.- El candidato presidencial chileno Johannes Kaiser lanz\u00f3 una dura advertencia al mandatario electo de Bolivia, Rodrigo Paz, al se\u00f1alar que Chile reducir\u00e1 a cero los beneficios bilaterales si el nuevo Gobierno no coopera en el control fronterizo y la devoluci\u00f3n de migrantes irregulares.<br><br>\u201cNo permitiremos m\u00e1s contrabando ni tr\u00e1fico de personas\u201d, declar\u00f3 Kaiser, exigiendo que Bolivia cumpla con lo que llam\u00f3 \u201cm\u00ednimos civilizatorios\u201d antes de restablecer relaciones comerciales o diplom\u00e1ticas plenas.<br><br>El tono del mensaje gener\u00f3 preocupaci\u00f3n en c\u00edrculos diplom\u00e1ticos, a pocos d\u00edas de que Rodrigo Paz asuma la Presidencia, abriendo un nuevo cap\u00edtulo en las relaciones entre La Paz y Santiago.<br><br>#Bolivia #Chile #RodrigoPaz #JohannesKaiser #RelacionesBilaterales<\/p>\n\n\n\n<figure class=\"wp-block-gallery has-nested-images columns-default is-cropped wp-block-gallery-1 is-layout-flex wp-block-gallery-is-layout-flex\">\n<figure class=\"wp-block-image size-large\"><img data-recalc-dims=\"1\" loading=\"lazy\" decoding=\"async\" width=\"640\" height=\"627\" data-id=\"8050\" src=\"https:\/\/i0.wp.com\/innoticiasbo.com\/wp-content\/uploads\/2025\/10\/17612278887221075573628524722522.jpg?resize=640%2C627&#038;ssl=1\" alt=\"\" class=\"wp-image-8050\" srcset=\"https:\/\/i0.wp.com\/innoticiasbo.com\/wp-content\/uploads\/2025\/10\/17612278887221075573628524722522.jpg?resize=1024%2C1003&amp;ssl=1 1024w, https:\/\/i0.wp.com\/innoticiasbo.com\/wp-content\/uploads\/2025\/10\/17612278887221075573628524722522.jpg?resize=300%2C294&amp;ssl=1 300w, https:\/\/i0.wp.com\/innoticiasbo.com\/wp-content\/uploads\/2025\/10\/17612278887221075573628524722522.jpg?resize=768%2C752&amp;ssl=1 768w, https:\/\/i0.wp.com\/innoticiasbo.com\/wp-content\/uploads\/2025\/10\/17612278887221075573628524722522.jpg?w=1080&amp;ssl=1 1080w\" sizes=\"auto, (max-width: 640px) 100vw, 640px\" \/><\/figure>\n<\/figure>\n","protected":false},"excerpt":{"rendered":"<p>Chile, 23 de octubre de 2025.- El candidato presidencial chileno Johannes Kaiser lanz\u00f3 una dura advertencia al mandatario electo de Bolivia, Rodrigo Paz, al se\u00f1alar que Chile reducir\u00e1 a cero los beneficios bilaterales si el nuevo Gobierno no coopera en el control fronterizo y la devoluci\u00f3n de migrantes irregulares. \u201cNo permitiremos m\u00e1s contrabando ni tr\u00e1fico&#8230;<\/p>\n","protected":false},"author":7,"featured_media":8051,"comment_status":"open","ping_status":"open","sticky":false,"template":"","format":"standard","meta":{"_jetpack_memberships_contains_paid_content":false,"footnotes":"","jetpack_publicize_message":"","jetpack_publicize_feature_enabled":true,"jetpack_social_post_already_shared":true,"jetpack_social_options":{"image_generator_settings":{"template":"highway","enabled":false},"version":2}},"categories":[1,684],"tags":[],"class_list":["post-8052","post","type-post","status-publish","format-standard","has-post-thumbnail","hentry","category-bolivia","category-internacional"],"jetpack_publicize_connections":[],"yoast_head":"<!-- This site is optimized with the Yoast SEO plugin v23.4 - https:\/\/yoast.com\/wordpress\/plugins\/seo\/ -->\n<title>EL CANDIDATO CHILENO JOHANNES KAISER AMENAZA CON \u201cCORTAR TODO\u201d SI BOLIVIA NO CONTROLA LA FRONTERA - innoticiasbo.com<\/title>\n<meta name=\"robots\" content=\"index, follow, max-snippet:-1, max-image-preview:large, max-video-preview:-1\" \/>\n<link rel=\"canonical\" href=\"https:\/\/innoticiasbo.com\/index.php\/2025\/10\/23\/el-candidato-chileno-johannes-kaiser-amenaza-con-cortar-todo-si-bolivia-no-controla-la-frontera\/\" \/>\n<meta property=\"og:locale\" content=\"es_ES\" \/>\n<meta property=\"og:type\" content=\"article\" \/>\n<meta property=\"og:title\" content=\"EL CANDIDATO CHILENO JOHANNES KAISER AMENAZA CON \u201cCORTAR TODO\u201d SI BOLIVIA NO CONTROLA LA FRONTERA - innoticiasbo.com\" \/>\n<meta property=\"og:description\" content=\"Chile, 23 de octubre de 2025.- El candidato presidencial chileno Johannes Kaiser lanz\u00f3 una dura advertencia al mandatario electo de Bolivia, Rodrigo Paz, al se\u00f1alar que Chile reducir\u00e1 a cero los beneficios bilaterales si el nuevo Gobierno no coopera en el control fronterizo y la devoluci\u00f3n de migrantes irregulares. \u201cNo permitiremos m\u00e1s contrabando ni tr\u00e1fico...\" \/>\n<meta property=\"og:url\" content=\"https:\/\/innoticiasbo.com\/index.php\/2025\/10\/23\/el-candidato-chileno-johannes-kaiser-amenaza-con-cortar-todo-si-bolivia-no-controla-la-frontera\/\" \/>\n<meta property=\"og:site_name\" content=\"innoticiasbo.com\" \/>\n<meta property=\"article:publisher\" content=\"https:\/\/www.facebook.com\/innoticiasbolivia\" \/>\n<meta property=\"article:published_time\" content=\"2025-10-23T13:58:51+00:00\" \/>\n<meta property=\"article:modified_time\" content=\"2025-10-23T13:59:15+00:00\" \/>\n<meta property=\"og:image\" content=\"https:\/\/i0.wp.com\/innoticiasbo.com\/wp-content\/uploads\/2025\/10\/1761227888722.jpg?fit=1080%2C1058&ssl=1\" \/>\n\t<meta property=\"og:image:width\" content=\"1080\" \/>\n\t<meta property=\"og:image:height\" content=\"1058\" \/>\n\t<meta property=\"og:image:type\" content=\"image\/jpeg\" \/>\n<meta name=\"author\" content=\"Abril Rodr\u00edguez\" \/>\n<meta name=\"twitter:card\" content=\"summary_large_image\" \/>\n<meta name=\"twitter:creator\" content=\"@innoticiasbo\" \/>\n<meta name=\"twitter:site\" content=\"@innoticiasbo\" \/>\n<meta name=\"twitter:label1\" content=\"Escrito por\" \/>\n\t<meta name=\"twitter:data1\" content=\"Abril Rodr\u00edguez\" \/>\n\t<meta name=\"twitter:label2\" content=\"Tiempo de lectura\" \/>\n\t<meta name=\"twitter:data2\" content=\"1 minuto\" \/>\n<script type=\"application\/ld+json\" class=\"yoast-schema-graph\">{\"@context\":\"https:\/\/schema.org\",\"@graph\":[{\"@type\":\"Article\",\"@id\":\"https:\/\/innoticiasbo.com\/index.php\/2025\/10\/23\/el-candidato-chileno-johannes-kaiser-amenaza-con-cortar-todo-si-bolivia-no-controla-la-frontera\/#article\",\"isPartOf\":{\"@id\":\"https:\/\/innoticiasbo.com\/index.php\/2025\/10\/23\/el-candidato-chileno-johannes-kaiser-amenaza-con-cortar-todo-si-bolivia-no-controla-la-frontera\/\"},\"author\":{\"name\":\"Abril Rodr\u00edguez\",\"@id\":\"https:\/\/innoticiasbo.com\/#\/schema\/person\/a3aa59f775293b57d2f63327b36c159f\"},\"headline\":\"EL CANDIDATO CHILENO JOHANNES KAISER AMENAZA CON \u201cCORTAR TODO\u201d SI BOLIVIA NO CONTROLA LA FRONTERA\",\"datePublished\":\"2025-10-23T13:58:51+00:00\",\"dateModified\":\"2025-10-23T13:59:15+00:00\",\"mainEntityOfPage\":{\"@id\":\"https:\/\/innoticiasbo.com\/index.php\/2025\/10\/23\/el-candidato-chileno-johannes-kaiser-amenaza-con-cortar-todo-si-bolivia-no-controla-la-frontera\/\"},\"wordCount\":138,\"commentCount\":0,\"publisher\":{\"@id\":\"https:\/\/innoticiasbo.com\/#organization\"},\"image\":{\"@id\":\"https:\/\/innoticiasbo.com\/index.php\/2025\/10\/23\/el-candidato-chileno-johannes-kaiser-amenaza-con-cortar-todo-si-bolivia-no-controla-la-frontera\/#primaryimage\"},\"thumbnailUrl\":\"https:\/\/i0.wp.com\/innoticiasbo.com\/wp-content\/uploads\/2025\/10\/1761227888722.jpg?fit=1080%2C1058&ssl=1\",\"articleSection\":[\"Bolivia\",\"Internacional\"],\"inLanguage\":\"es\",\"potentialAction\":[{\"@type\":\"CommentAction\",\"name\":\"Comment\",\"target\":[\"https:\/\/innoticiasbo.com\/index.php\/2025\/10\/23\/el-candidato-chileno-johannes-kaiser-amenaza-con-cortar-todo-si-bolivia-no-controla-la-frontera\/#respond\"]}]},{\"@type\":\"WebPage\",\"@id\":\"https:\/\/innoticiasbo.com\/index.php\/2025\/10\/23\/el-candidato-chileno-johannes-kaiser-amenaza-con-cortar-todo-si-bolivia-no-controla-la-frontera\/\",\"url\":\"https:\/\/innoticiasbo.com\/index.php\/2025\/10\/23\/el-candidato-chileno-johannes-kaiser-amenaza-con-cortar-todo-si-bolivia-no-controla-la-frontera\/\",\"name\":\"EL CANDIDATO CHILENO JOHANNES KAISER AMENAZA CON \u201cCORTAR TODO\u201d SI BOLIVIA NO CONTROLA LA FRONTERA - innoticiasbo.com\",\"isPartOf\":{\"@id\":\"https:\/\/innoticiasbo.com\/#website\"},\"primaryImageOfPage\":{\"@id\":\"https:\/\/innoticiasbo.com\/index.php\/2025\/10\/23\/el-candidato-chileno-johannes-kaiser-amenaza-con-cortar-todo-si-bolivia-no-controla-la-frontera\/#primaryimage\"},\"image\":{\"@id\":\"https:\/\/innoticiasbo.com\/index.php\/2025\/10\/23\/el-candidato-chileno-johannes-kaiser-amenaza-con-cortar-todo-si-bolivia-no-controla-la-frontera\/#primaryimage\"},\"thumbnailUrl\":\"https:\/\/i0.wp.com\/innoticiasbo.com\/wp-content\/uploads\/2025\/10\/1761227888722.jpg?fit=1080%2C1058&ssl=1\",\"datePublished\":\"2025-10-23T13:58:51+00:00\",\"dateModified\":\"2025-10-23T13:59:15+00:00\",\"breadcrumb\":{\"@id\":\"https:\/\/innoticiasbo.com\/index.php\/2025\/10\/23\/el-candidato-chileno-johannes-kaiser-amenaza-con-cortar-todo-si-bolivia-no-controla-la-frontera\/#breadcrumb\"},\"inLanguage\":\"es\",\"potentialAction\":[{\"@type\":\"ReadAction\",\"target\":[\"https:\/\/innoticiasbo.com\/index.php\/2025\/10\/23\/el-candidato-chileno-johannes-kaiser-amenaza-con-cortar-todo-si-bolivia-no-controla-la-frontera\/\"]}]},{\"@type\":\"ImageObject\",\"inLanguage\":\"es\",\"@id\":\"https:\/\/innoticiasbo.com\/index.php\/2025\/10\/23\/el-candidato-chileno-johannes-kaiser-amenaza-con-cortar-todo-si-bolivia-no-controla-la-frontera\/#primaryimage\",\"url\":\"https:\/\/i0.wp.com\/innoticiasbo.com\/wp-content\/uploads\/2025\/10\/1761227888722.jpg?fit=1080%2C1058&ssl=1\",\"contentUrl\":\"https:\/\/i0.wp.com\/innoticiasbo.com\/wp-content\/uploads\/2025\/10\/1761227888722.jpg?fit=1080%2C1058&ssl=1\",\"width\":1080,\"height\":1058},{\"@type\":\"BreadcrumbList\",\"@id\":\"https:\/\/innoticiasbo.com\/index.php\/2025\/10\/23\/el-candidato-chileno-johannes-kaiser-amenaza-con-cortar-todo-si-bolivia-no-controla-la-frontera\/#breadcrumb\",\"itemListElement\":[{\"@type\":\"ListItem\",\"position\":1,\"name\":\"Portada\",\"item\":\"https:\/\/innoticiasbo.com\/\"},{\"@type\":\"ListItem\",\"position\":2,\"name\":\"EL CANDIDATO CHILENO JOHANNES KAISER AMENAZA CON \u201cCORTAR TODO\u201d SI BOLIVIA NO CONTROLA LA FRONTERA\"}]},{\"@type\":\"WebSite\",\"@id\":\"https:\/\/innoticiasbo.com\/#website\",\"url\":\"https:\/\/innoticiasbo.com\/\",\"name\":\"innoticiasbo.com\",\"description\":\"\",\"publisher\":{\"@id\":\"https:\/\/innoticiasbo.com\/#organization\"},\"potentialAction\":[{\"@type\":\"SearchAction\",\"target\":{\"@type\":\"EntryPoint\",\"urlTemplate\":\"https:\/\/innoticiasbo.com\/?s={search_term_string}\"},\"query-input\":{\"@type\":\"PropertyValueSpecification\",\"valueRequired\":true,\"valueName\":\"search_term_string\"}}],\"inLanguage\":\"es\"},{\"@type\":\"Organization\",\"@id\":\"https:\/\/innoticiasbo.com\/#organization\",\"name\":\"innoticiasbo.com\",\"url\":\"https:\/\/innoticiasbo.com\/\",\"logo\":{\"@type\":\"ImageObject\",\"inLanguage\":\"es\",\"@id\":\"https:\/\/innoticiasbo.com\/#\/schema\/logo\/image\/\",\"url\":\"https:\/\/i0.wp.com\/innoticiasbo.com\/wp-content\/uploads\/2026\/04\/cropped-IN-LOGO.png?fit=1476%2C1476&ssl=1\",\"contentUrl\":\"https:\/\/i0.wp.com\/innoticiasbo.com\/wp-content\/uploads\/2026\/04\/cropped-IN-LOGO.png?fit=1476%2C1476&ssl=1\",\"width\":1476,\"height\":1476,\"caption\":\"innoticiasbo.com\"},\"image\":{\"@id\":\"https:\/\/innoticiasbo.com\/#\/schema\/logo\/image\/\"},\"sameAs\":[\"https:\/\/www.facebook.com\/innoticiasbolivia\",\"https:\/\/x.com\/innoticiasbo\",\"https:\/\/www.instagram.com\/innoticiasbo\",\"https:\/\/www.youtube.com\/innoticiasbo\"]},{\"@type\":\"Person\",\"@id\":\"https:\/\/innoticiasbo.com\/#\/schema\/person\/a3aa59f775293b57d2f63327b36c159f\",\"name\":\"Abril Rodr\u00edguez\",\"image\":{\"@type\":\"ImageObject\",\"inLanguage\":\"es\",\"@id\":\"https:\/\/innoticiasbo.com\/#\/schema\/person\/image\/\",\"url\":\"https:\/\/secure.gravatar.com\/avatar\/f8e99d792cd766ba261d033b036cbf24?s=96&d=mm&r=g\",\"contentUrl\":\"https:\/\/secure.gravatar.com\/avatar\/f8e99d792cd766ba261d033b036cbf24?s=96&d=mm&r=g\",\"caption\":\"Abril Rodr\u00edguez\"},\"sameAs\":[\"http:\/\/www.innoticiasbo.com\"],\"url\":\"https:\/\/innoticiasbo.com\/index.php\/author\/prensa5\/\"}]}<\/script>\n<!-- \/ Yoast SEO plugin. -->","yoast_head_json":{"title":"EL CANDIDATO CHILENO JOHANNES KAISER AMENAZA CON \u201cCORTAR TODO\u201d SI BOLIVIA NO CONTROLA LA FRONTERA - innoticiasbo.com","robots":{"index":"index","follow":"follow","max-snippet":"max-snippet:-1","max-image-preview":"max-image-preview:large","max-video-preview":"max-video-preview:-1"},"canonical":"https:\/\/innoticiasbo.com\/index.php\/2025\/10\/23\/el-candidato-chileno-johannes-kaiser-amenaza-con-cortar-todo-si-bolivia-no-controla-la-frontera\/","og_locale":"es_ES","og_type":"article","og_title":"EL CANDIDATO CHILENO JOHANNES KAISER AMENAZA CON \u201cCORTAR TODO\u201d SI BOLIVIA NO CONTROLA LA FRONTERA - innoticiasbo.com","og_description":"Chile, 23 de octubre de 2025.- El candidato presidencial chileno Johannes Kaiser lanz\u00f3 una dura advertencia al mandatario electo de Bolivia, Rodrigo Paz, al se\u00f1alar que Chile reducir\u00e1 a cero los beneficios bilaterales si el nuevo Gobierno no coopera en el control fronterizo y la devoluci\u00f3n de migrantes irregulares. \u201cNo permitiremos m\u00e1s contrabando ni tr\u00e1fico...","og_url":"https:\/\/innoticiasbo.com\/index.php\/2025\/10\/23\/el-candidato-chileno-johannes-kaiser-amenaza-con-cortar-todo-si-bolivia-no-controla-la-frontera\/","og_site_name":"innoticiasbo.com","article_publisher":"https:\/\/www.facebook.com\/innoticiasbolivia","article_published_time":"2025-10-23T13:58:51+00:00","article_modified_time":"2025-10-23T13:59:15+00:00","og_image":[{"width":1080,"height":1058,"url":"https:\/\/i0.wp.com\/innoticiasbo.com\/wp-content\/uploads\/2025\/10\/1761227888722.jpg?fit=1080%2C1058&ssl=1","type":"image\/jpeg"}],"author":"Abril Rodr\u00edguez","twitter_card":"summary_large_image","twitter_creator":"@innoticiasbo","twitter_site":"@innoticiasbo","twitter_misc":{"Escrito por":"Abril Rodr\u00edguez","Tiempo de lectura":"1 minuto"},"schema":{"@context":"https:\/\/schema.org","@graph":[{"@type":"Article","@id":"https:\/\/innoticiasbo.com\/index.php\/2025\/10\/23\/el-candidato-chileno-johannes-kaiser-amenaza-con-cortar-todo-si-bolivia-no-controla-la-frontera\/#article","isPartOf":{"@id":"https:\/\/innoticiasbo.com\/index.php\/2025\/10\/23\/el-candidato-chileno-johannes-kaiser-amenaza-con-cortar-todo-si-bolivia-no-controla-la-frontera\/"},"author":{"name":"Abril Rodr\u00edguez","@id":"https:\/\/innoticiasbo.com\/#\/schema\/person\/a3aa59f775293b57d2f63327b36c159f"},"headline":"EL CANDIDATO CHILENO JOHANNES KAISER AMENAZA CON \u201cCORTAR TODO\u201d SI BOLIVIA NO CONTROLA LA FRONTERA","datePublished":"2025-10-23T13:58:51+00:00","dateModified":"2025-10-23T13:59:15+00:00","mainEntityOfPage":{"@id":"https:\/\/innoticiasbo.com\/index.php\/2025\/10\/23\/el-candidato-chileno-johannes-kaiser-amenaza-con-cortar-todo-si-bolivia-no-controla-la-frontera\/"},"wordCount":138,"commentCount":0,"publisher":{"@id":"https:\/\/innoticiasbo.com\/#organization"},"image":{"@id":"https:\/\/innoticiasbo.com\/index.php\/2025\/10\/23\/el-candidato-chileno-johannes-kaiser-amenaza-con-cortar-todo-si-bolivia-no-controla-la-frontera\/#primaryimage"},"thumbnailUrl":"https:\/\/i0.wp.com\/innoticiasbo.com\/wp-content\/uploads\/2025\/10\/1761227888722.jpg?fit=1080%2C1058&ssl=1","articleSection":["Bolivia","Internacional"],"inLanguage":"es","potentialAction":[{"@type":"CommentAction","name":"Comment","target":["https:\/\/innoticiasbo.com\/index.php\/2025\/10\/23\/el-candidato-chileno-johannes-kaiser-amenaza-con-cortar-todo-si-bolivia-no-controla-la-frontera\/#respond"]}]},{"@type":"WebPage","@id":"https:\/\/innoticiasbo.com\/index.php\/2025\/10\/23\/el-candidato-chileno-johannes-kaiser-amenaza-con-cortar-todo-si-bolivia-no-controla-la-frontera\/","url":"https:\/\/innoticiasbo.com\/index.php\/2025\/10\/23\/el-candidato-chileno-johannes-kaiser-amenaza-con-cortar-todo-si-bolivia-no-controla-la-frontera\/","name":"EL CANDIDATO CHILENO JOHANNES KAISER AMENAZA CON \u201cCORTAR TODO\u201d SI BOLIVIA NO CONTROLA LA FRONTERA - innoticiasbo.com","isPartOf":{"@id":"https:\/\/innoticiasbo.com\/#website"},"primaryImageOfPage":{"@id":"https:\/\/innoticiasbo.com\/index.php\/2025\/10\/23\/el-candidato-chileno-johannes-kaiser-amenaza-con-cortar-todo-si-bolivia-no-controla-la-frontera\/#primaryimage"},"image":{"@id":"https:\/\/innoticiasbo.com\/index.php\/2025\/10\/23\/el-candidato-chileno-johannes-kaiser-amenaza-con-cortar-todo-si-bolivia-no-controla-la-frontera\/#primaryimage"},"thumbnailUrl":"https:\/\/i0.wp.com\/innoticiasbo.com\/wp-content\/uploads\/2025\/10\/1761227888722.jpg?fit=1080%2C1058&ssl=1","datePublished":"2025-10-23T13:58:51+00:00","dateModified":"2025-10-23T13:59:15+00:00","breadcrumb":{"@id":"https:\/\/innoticiasbo.com\/index.php\/2025\/10\/23\/el-candidato-chileno-johannes-kaiser-amenaza-con-cortar-todo-si-bolivia-no-controla-la-frontera\/#breadcrumb"},"inLanguage":"es","potentialAction":[{"@type":"ReadAction","target":["https:\/\/innoticiasbo.com\/index.php\/2025\/10\/23\/el-candidato-chileno-johannes-kaiser-amenaza-con-cortar-todo-si-bolivia-no-controla-la-frontera\/"]}]},{"@type":"ImageObject","inLanguage":"es","@id":"https:\/\/innoticiasbo.com\/index.php\/2025\/10\/23\/el-candidato-chileno-johannes-kaiser-amenaza-con-cortar-todo-si-bolivia-no-controla-la-frontera\/#primaryimage","url":"https:\/\/i0.wp.com\/innoticiasbo.com\/wp-content\/uploads\/2025\/10\/1761227888722.jpg?fit=1080%2C1058&ssl=1","contentUrl":"https:\/\/i0.wp.com\/innoticiasbo.com\/wp-content\/uploads\/2025\/10\/1761227888722.jpg?fit=1080%2C1058&ssl=1","width":1080,"height":1058},{"@type":"BreadcrumbList","@id":"https:\/\/innoticiasbo.com\/index.php\/2025\/10\/23\/el-candidato-chileno-johannes-kaiser-amenaza-con-cortar-todo-si-bolivia-no-controla-la-frontera\/#breadcrumb","itemListElement":[{"@type":"ListItem","position":1,"name":"Portada","item":"https:\/\/innoticiasbo.com\/"},{"@type":"ListItem","position":2,"name":"EL CANDIDATO CHILENO JOHANNES KAISER AMENAZA CON \u201cCORTAR TODO\u201d SI BOLIVIA NO CONTROLA LA FRONTERA"}]},{"@type":"WebSite","@id":"https:\/\/innoticiasbo.com\/#website","url":"https:\/\/innoticiasbo.com\/","name":"innoticiasbo.com","description":"","publisher":{"@id":"https:\/\/innoticiasbo.com\/#organization"},"potentialAction":[{"@type":"SearchAction","target":{"@type":"EntryPoint","urlTemplate":"https:\/\/innoticiasbo.com\/?s={search_term_string}"},"query-input":{"@type":"PropertyValueSpecification","valueRequired":true,"valueName":"search_term_string"}}],"inLanguage":"es"},{"@type":"Organization","@id":"https:\/\/innoticiasbo.com\/#organization","name":"innoticiasbo.com","url":"https:\/\/innoticiasbo.com\/","logo":{"@type":"ImageObject","inLanguage":"es","@id":"https:\/\/innoticiasbo.com\/#\/schema\/logo\/image\/","url":"https:\/\/i0.wp.com\/innoticiasbo.com\/wp-content\/uploads\/2026\/04\/cropped-IN-LOGO.png?fit=1476%2C1476&ssl=1","contentUrl":"https:\/\/i0.wp.com\/innoticiasbo.com\/wp-content\/uploads\/2026\/04\/cropped-IN-LOGO.png?fit=1476%2C1476&ssl=1","width":1476,"height":1476,"caption":"innoticiasbo.com"},"image":{"@id":"https:\/\/innoticiasbo.com\/#\/schema\/logo\/image\/"},"sameAs":["https:\/\/www.facebook.com\/innoticiasbolivia","https:\/\/x.com\/innoticiasbo","https:\/\/www.instagram.com\/innoticiasbo","https:\/\/www.youtube.com\/innoticiasbo"]},{"@type":"Person","@id":"https:\/\/innoticiasbo.com\/#\/schema\/person\/a3aa59f775293b57d2f63327b36c159f","name":"Abril Rodr\u00edguez","image":{"@type":"ImageObject","inLanguage":"es","@id":"https:\/\/innoticiasbo.com\/#\/schema\/person\/image\/","url":"https:\/\/secure.gravatar.com\/avatar\/f8e99d792cd766ba261d033b036cbf24?s=96&d=mm&r=g","contentUrl":"https:\/\/secure.gravatar.com\/avatar\/f8e99d792cd766ba261d033b036cbf24?s=96&d=mm&r=g","caption":"Abril Rodr\u00edguez"},"sameAs":["http:\/\/www.innoticiasbo.com"],"url":"https:\/\/innoticiasbo.com\/index.php\/author\/prensa5\/"}]}},"jetpack_featured_media_url":"https:\/\/i0.wp.com\/innoticiasbo.com\/wp-content\/uploads\/2025\/10\/1761227888722.jpg?fit=1080%2C1058&ssl=1","jetpack_likes_enabled":true,"jetpack_sharing_enabled":true,"jetpack_shortlink":"https:\/\/wp.me\/pg298x-25S","_links":{"self":[{"href":"https:\/\/innoticiasbo.com\/index.php\/wp-json\/wp\/v2\/posts\/8052","targetHints":{"allow":["GET"]}}],"collection":[{"href":"https:\/\/innoticiasbo.com\/index.php\/wp-json\/wp\/v2\/posts"}],"about":[{"href":"https:\/\/innoticiasbo.com\/index.php\/wp-json\/wp\/v2\/types\/post"}],"author":[{"embeddable":true,"href":"https:\/\/innoticiasbo.com\/index.php\/wp-json\/wp\/v2\/users\/7"}],"replies":[{"embeddable":true,"href":"https:\/\/innoticiasbo.com\/index.php\/wp-json\/wp\/v2\/comments?post=8052"}],"version-history":[{"count":1,"href":"https:\/\/innoticiasbo.com\/index.php\/wp-json\/wp\/v2\/posts\/8052\/revisions"}],"predecessor-version":[{"id":8053,"href":"https:\/\/innoticiasbo.com\/index.php\/wp-json\/wp\/v2\/posts\/8052\/revisions\/8053"}],"wp:featuredmedia":[{"embeddable":true,"href":"https:\/\/innoticiasbo.com\/index.php\/wp-json\/wp\/v2\/media\/8051"}],"wp:attachment":[{"href":"https:\/\/innoticiasbo.com\/index.php\/wp-json\/wp\/v2\/media?parent=8052"}],"wp:term":[{"taxonomy":"category","embeddable":true,"href":"https:\/\/innoticiasbo.com\/index.php\/wp-json\/wp\/v2\/categories?post=8052"},{"taxonomy":"post_tag","embeddable":true,"href":"https:\/\/innoticiasbo.com\/index.php\/wp-json\/wp\/v2\/tags?post=8052"}],"curies":[{"name":"wp","href":"https:\/\/api.w.org\/{rel}","templated":true}]}}