{"id":8044,"date":"2025-10-23T09:54:59","date_gmt":"2025-10-23T13:54:59","guid":{"rendered":"https:\/\/innoticiasbo.com\/?p=8044"},"modified":"2025-10-23T09:55:44","modified_gmt":"2025-10-23T13:55:44","slug":"denuncian-ataque-criminal-contra-voluntarios-que-sofocaban-incendio-en-el-parque-tunari","status":"publish","type":"post","link":"https:\/\/innoticiasbo.com\/index.php\/2025\/10\/23\/denuncian-ataque-criminal-contra-voluntarios-que-sofocaban-incendio-en-el-parque-tunari\/","title":{"rendered":"DENUNCIAN ATAQUE CRIMINAL CONTRA VOLUNTARIOS QUE SOFOCABAN INCENDIO EN EL PARQUE TUNARI"},"content":{"rendered":"\n<p><br><br>#Tiquipaya | La plataforma Tunari Sin Fuego denunci\u00f3 que personas \u201cmalintencionadas\u201d provocaron nuevos focos de calor mientras los voluntarios trabajaban anoche en la sofocaci\u00f3n de un incendio en el Parque Nacional Tunari, al norte de Tiquipaya.<br><\/p>\n\n\n\n<figure class=\"wp-block-gallery has-nested-images columns-default is-cropped wp-block-gallery-1 is-layout-flex wp-block-gallery-is-layout-flex\">\n<figure class=\"wp-block-image size-large\"><img data-recalc-dims=\"1\" loading=\"lazy\" decoding=\"async\" width=\"640\" height=\"381\" data-id=\"8042\" src=\"https:\/\/i0.wp.com\/innoticiasbo.com\/wp-content\/uploads\/2025\/10\/17612276513717921648148332567532.jpg?resize=640%2C381&#038;ssl=1\" alt=\"\" class=\"wp-image-8042\" srcset=\"https:\/\/i0.wp.com\/innoticiasbo.com\/wp-content\/uploads\/2025\/10\/17612276513717921648148332567532.jpg?resize=1024%2C609&amp;ssl=1 1024w, https:\/\/i0.wp.com\/innoticiasbo.com\/wp-content\/uploads\/2025\/10\/17612276513717921648148332567532.jpg?resize=300%2C178&amp;ssl=1 300w, https:\/\/i0.wp.com\/innoticiasbo.com\/wp-content\/uploads\/2025\/10\/17612276513717921648148332567532.jpg?resize=768%2C457&amp;ssl=1 768w, https:\/\/i0.wp.com\/innoticiasbo.com\/wp-content\/uploads\/2025\/10\/17612276513717921648148332567532.jpg?w=1080&amp;ssl=1 1080w\" sizes=\"auto, (max-width: 640px) 100vw, 640px\" \/><\/figure>\n<\/figure>\n\n\n\n<p><br>Seg\u00fan el reporte, mientras los equipos combat\u00edan las llamas en un sector, desconocidos prendieron fuego en inmediaciones de donde estaban estacionados los veh\u00edculos, atentando no solo contra los voluntarios, sino tambi\u00e9n contra los motorizados y equipos que, con tanto esfuerzo, han sido gestionados para proteger a la poblaci\u00f3n.<br><br>Desde la plataforma Tunari Sin Fuego calificaron el hecho como un acto criminal y exigieron una investigaci\u00f3n inmediata para identificar a los responsables.<br><br>El incendio logr\u00f3 ser controlado gracias al trabajo conjunto de las brigadas y fuerzas de rescate que actuaron con rapidez y coordinaci\u00f3n, evitando que el fuego se expanda y provoque un desastre de mayor magnitud.<br><br>Los voluntarios destacaron la intervenci\u00f3n de:<br>Bomberos de la Polic\u00eda de Quillacollo<br>Polic\u00eda Boliviana<br>UGR Gobernaci\u00f3n<br>SERNAP<br>SAR Bolivia<br>BEAR<br>DRACO<br>Jukumaris<br>Vecinos de la zona<br><br>La plataforma pidi\u00f3 a la ciudadan\u00eda valorar y proteger el trabajo de quienes arriesgan su vida para defender el Tunari, patrimonio natural de todos los cochabambinos.<br><br>#Tunari #Incendio #Tiquipaya #TunariSinFuego #Voluntarios #Cochabamba<\/p>\n","protected":false},"excerpt":{"rendered":"<p>#Tiquipaya | La plataforma Tunari Sin Fuego denunci\u00f3 que personas \u201cmalintencionadas\u201d provocaron nuevos focos de calor mientras los voluntarios trabajaban anoche en la sofocaci\u00f3n de un incendio en el Parque Nacional Tunari, al norte de Tiquipaya. Seg\u00fan el reporte, mientras los equipos combat\u00edan las llamas en un sector, desconocidos prendieron fuego en inmediaciones de donde&#8230;<\/p>\n","protected":false},"author":7,"featured_media":8043,"comment_status":"open","ping_status":"open","sticky":false,"template":"","format":"standard","meta":{"_jetpack_memberships_contains_paid_content":false,"footnotes":"","jetpack_publicize_message":"","jetpack_publicize_feature_enabled":true,"jetpack_social_post_already_shared":true,"jetpack_social_options":{"image_generator_settings":{"template":"highway","enabled":false},"version":2}},"categories":[1,2,13],"tags":[],"class_list":["post-8044","post","type-post","status-publish","format-standard","has-post-thumbnail","hentry","category-bolivia","category-cochabamba","category-elavispero"],"jetpack_publicize_connections":[],"yoast_head":"<!-- This site is optimized with the Yoast SEO plugin v23.4 - https:\/\/yoast.com\/wordpress\/plugins\/seo\/ -->\n<title>DENUNCIAN ATAQUE CRIMINAL CONTRA VOLUNTARIOS QUE SOFOCABAN INCENDIO EN EL PARQUE TUNARI - innoticiasbo.com<\/title>\n<meta name=\"robots\" content=\"index, follow, max-snippet:-1, max-image-preview:large, max-video-preview:-1\" \/>\n<link rel=\"canonical\" href=\"https:\/\/innoticiasbo.com\/index.php\/2025\/10\/23\/denuncian-ataque-criminal-contra-voluntarios-que-sofocaban-incendio-en-el-parque-tunari\/\" \/>\n<meta property=\"og:locale\" content=\"es_ES\" \/>\n<meta property=\"og:type\" content=\"article\" \/>\n<meta property=\"og:title\" content=\"DENUNCIAN ATAQUE CRIMINAL CONTRA VOLUNTARIOS QUE SOFOCABAN INCENDIO EN EL PARQUE TUNARI - innoticiasbo.com\" \/>\n<meta property=\"og:description\" content=\"#Tiquipaya | La plataforma Tunari Sin Fuego denunci\u00f3 que personas \u201cmalintencionadas\u201d provocaron nuevos focos de calor mientras los voluntarios trabajaban anoche en la sofocaci\u00f3n de un incendio en el Parque Nacional Tunari, al norte de Tiquipaya. Seg\u00fan el reporte, mientras los equipos combat\u00edan las llamas en un sector, desconocidos prendieron fuego en inmediaciones de donde...\" \/>\n<meta property=\"og:url\" content=\"https:\/\/innoticiasbo.com\/index.php\/2025\/10\/23\/denuncian-ataque-criminal-contra-voluntarios-que-sofocaban-incendio-en-el-parque-tunari\/\" \/>\n<meta property=\"og:site_name\" content=\"innoticiasbo.com\" \/>\n<meta property=\"article:publisher\" content=\"https:\/\/www.facebook.com\/innoticiasbolivia\" \/>\n<meta property=\"article:published_time\" content=\"2025-10-23T13:54:59+00:00\" \/>\n<meta property=\"article:modified_time\" content=\"2025-10-23T13:55:44+00:00\" \/>\n<meta property=\"og:image\" content=\"https:\/\/i0.wp.com\/innoticiasbo.com\/wp-content\/uploads\/2025\/10\/1761227651371.jpg?fit=1080%2C642&ssl=1\" \/>\n\t<meta property=\"og:image:width\" content=\"1080\" \/>\n\t<meta property=\"og:image:height\" content=\"642\" \/>\n\t<meta property=\"og:image:type\" content=\"image\/jpeg\" \/>\n<meta name=\"author\" content=\"Abril Rodr\u00edguez\" \/>\n<meta name=\"twitter:card\" content=\"summary_large_image\" \/>\n<meta name=\"twitter:creator\" content=\"@innoticiasbo\" \/>\n<meta name=\"twitter:site\" content=\"@innoticiasbo\" \/>\n<meta name=\"twitter:label1\" content=\"Escrito por\" \/>\n\t<meta name=\"twitter:data1\" content=\"Abril Rodr\u00edguez\" \/>\n\t<meta name=\"twitter:label2\" content=\"Tiempo de lectura\" \/>\n\t<meta name=\"twitter:data2\" content=\"1 minuto\" \/>\n<script type=\"application\/ld+json\" class=\"yoast-schema-graph\">{\"@context\":\"https:\/\/schema.org\",\"@graph\":[{\"@type\":\"Article\",\"@id\":\"https:\/\/innoticiasbo.com\/index.php\/2025\/10\/23\/denuncian-ataque-criminal-contra-voluntarios-que-sofocaban-incendio-en-el-parque-tunari\/#article\",\"isPartOf\":{\"@id\":\"https:\/\/innoticiasbo.com\/index.php\/2025\/10\/23\/denuncian-ataque-criminal-contra-voluntarios-que-sofocaban-incendio-en-el-parque-tunari\/\"},\"author\":{\"name\":\"Abril Rodr\u00edguez\",\"@id\":\"https:\/\/innoticiasbo.com\/#\/schema\/person\/a3aa59f775293b57d2f63327b36c159f\"},\"headline\":\"DENUNCIAN ATAQUE CRIMINAL CONTRA VOLUNTARIOS QUE SOFOCABAN INCENDIO EN EL PARQUE TUNARI\",\"datePublished\":\"2025-10-23T13:54:59+00:00\",\"dateModified\":\"2025-10-23T13:55:44+00:00\",\"mainEntityOfPage\":{\"@id\":\"https:\/\/innoticiasbo.com\/index.php\/2025\/10\/23\/denuncian-ataque-criminal-contra-voluntarios-que-sofocaban-incendio-en-el-parque-tunari\/\"},\"wordCount\":216,\"commentCount\":0,\"publisher\":{\"@id\":\"https:\/\/innoticiasbo.com\/#organization\"},\"image\":{\"@id\":\"https:\/\/innoticiasbo.com\/index.php\/2025\/10\/23\/denuncian-ataque-criminal-contra-voluntarios-que-sofocaban-incendio-en-el-parque-tunari\/#primaryimage\"},\"thumbnailUrl\":\"https:\/\/i0.wp.com\/innoticiasbo.com\/wp-content\/uploads\/2025\/10\/1761227651371.jpg?fit=1080%2C642&ssl=1\",\"articleSection\":[\"Bolivia\",\"Cochabamba\",\"El Avispero\"],\"inLanguage\":\"es\",\"potentialAction\":[{\"@type\":\"CommentAction\",\"name\":\"Comment\",\"target\":[\"https:\/\/innoticiasbo.com\/index.php\/2025\/10\/23\/denuncian-ataque-criminal-contra-voluntarios-que-sofocaban-incendio-en-el-parque-tunari\/#respond\"]}]},{\"@type\":\"WebPage\",\"@id\":\"https:\/\/innoticiasbo.com\/index.php\/2025\/10\/23\/denuncian-ataque-criminal-contra-voluntarios-que-sofocaban-incendio-en-el-parque-tunari\/\",\"url\":\"https:\/\/innoticiasbo.com\/index.php\/2025\/10\/23\/denuncian-ataque-criminal-contra-voluntarios-que-sofocaban-incendio-en-el-parque-tunari\/\",\"name\":\"DENUNCIAN ATAQUE CRIMINAL CONTRA VOLUNTARIOS QUE SOFOCABAN INCENDIO EN EL PARQUE TUNARI - innoticiasbo.com\",\"isPartOf\":{\"@id\":\"https:\/\/innoticiasbo.com\/#website\"},\"primaryImageOfPage\":{\"@id\":\"https:\/\/innoticiasbo.com\/index.php\/2025\/10\/23\/denuncian-ataque-criminal-contra-voluntarios-que-sofocaban-incendio-en-el-parque-tunari\/#primaryimage\"},\"image\":{\"@id\":\"https:\/\/innoticiasbo.com\/index.php\/2025\/10\/23\/denuncian-ataque-criminal-contra-voluntarios-que-sofocaban-incendio-en-el-parque-tunari\/#primaryimage\"},\"thumbnailUrl\":\"https:\/\/i0.wp.com\/innoticiasbo.com\/wp-content\/uploads\/2025\/10\/1761227651371.jpg?fit=1080%2C642&ssl=1\",\"datePublished\":\"2025-10-23T13:54:59+00:00\",\"dateModified\":\"2025-10-23T13:55:44+00:00\",\"breadcrumb\":{\"@id\":\"https:\/\/innoticiasbo.com\/index.php\/2025\/10\/23\/denuncian-ataque-criminal-contra-voluntarios-que-sofocaban-incendio-en-el-parque-tunari\/#breadcrumb\"},\"inLanguage\":\"es\",\"potentialAction\":[{\"@type\":\"ReadAction\",\"target\":[\"https:\/\/innoticiasbo.com\/index.php\/2025\/10\/23\/denuncian-ataque-criminal-contra-voluntarios-que-sofocaban-incendio-en-el-parque-tunari\/\"]}]},{\"@type\":\"ImageObject\",\"inLanguage\":\"es\",\"@id\":\"https:\/\/innoticiasbo.com\/index.php\/2025\/10\/23\/denuncian-ataque-criminal-contra-voluntarios-que-sofocaban-incendio-en-el-parque-tunari\/#primaryimage\",\"url\":\"https:\/\/i0.wp.com\/innoticiasbo.com\/wp-content\/uploads\/2025\/10\/1761227651371.jpg?fit=1080%2C642&ssl=1\",\"contentUrl\":\"https:\/\/i0.wp.com\/innoticiasbo.com\/wp-content\/uploads\/2025\/10\/1761227651371.jpg?fit=1080%2C642&ssl=1\",\"width\":1080,\"height\":642},{\"@type\":\"BreadcrumbList\",\"@id\":\"https:\/\/innoticiasbo.com\/index.php\/2025\/10\/23\/denuncian-ataque-criminal-contra-voluntarios-que-sofocaban-incendio-en-el-parque-tunari\/#breadcrumb\",\"itemListElement\":[{\"@type\":\"ListItem\",\"position\":1,\"name\":\"Portada\",\"item\":\"https:\/\/innoticiasbo.com\/\"},{\"@type\":\"ListItem\",\"position\":2,\"name\":\"DENUNCIAN ATAQUE CRIMINAL CONTRA VOLUNTARIOS QUE SOFOCABAN INCENDIO EN EL PARQUE TUNARI\"}]},{\"@type\":\"WebSite\",\"@id\":\"https:\/\/innoticiasbo.com\/#website\",\"url\":\"https:\/\/innoticiasbo.com\/\",\"name\":\"innoticiasbo.com\",\"description\":\"\",\"publisher\":{\"@id\":\"https:\/\/innoticiasbo.com\/#organization\"},\"potentialAction\":[{\"@type\":\"SearchAction\",\"target\":{\"@type\":\"EntryPoint\",\"urlTemplate\":\"https:\/\/innoticiasbo.com\/?s={search_term_string}\"},\"query-input\":{\"@type\":\"PropertyValueSpecification\",\"valueRequired\":true,\"valueName\":\"search_term_string\"}}],\"inLanguage\":\"es\"},{\"@type\":\"Organization\",\"@id\":\"https:\/\/innoticiasbo.com\/#organization\",\"name\":\"innoticiasbo.com\",\"url\":\"https:\/\/innoticiasbo.com\/\",\"logo\":{\"@type\":\"ImageObject\",\"inLanguage\":\"es\",\"@id\":\"https:\/\/innoticiasbo.com\/#\/schema\/logo\/image\/\",\"url\":\"https:\/\/i0.wp.com\/innoticiasbo.com\/wp-content\/uploads\/2026\/04\/cropped-IN-LOGO.png?fit=1476%2C1476&ssl=1\",\"contentUrl\":\"https:\/\/i0.wp.com\/innoticiasbo.com\/wp-content\/uploads\/2026\/04\/cropped-IN-LOGO.png?fit=1476%2C1476&ssl=1\",\"width\":1476,\"height\":1476,\"caption\":\"innoticiasbo.com\"},\"image\":{\"@id\":\"https:\/\/innoticiasbo.com\/#\/schema\/logo\/image\/\"},\"sameAs\":[\"https:\/\/www.facebook.com\/innoticiasbolivia\",\"https:\/\/x.com\/innoticiasbo\",\"https:\/\/www.instagram.com\/innoticiasbo\",\"https:\/\/www.youtube.com\/innoticiasbo\"]},{\"@type\":\"Person\",\"@id\":\"https:\/\/innoticiasbo.com\/#\/schema\/person\/a3aa59f775293b57d2f63327b36c159f\",\"name\":\"Abril Rodr\u00edguez\",\"image\":{\"@type\":\"ImageObject\",\"inLanguage\":\"es\",\"@id\":\"https:\/\/innoticiasbo.com\/#\/schema\/person\/image\/\",\"url\":\"https:\/\/secure.gravatar.com\/avatar\/f8e99d792cd766ba261d033b036cbf24?s=96&d=mm&r=g\",\"contentUrl\":\"https:\/\/secure.gravatar.com\/avatar\/f8e99d792cd766ba261d033b036cbf24?s=96&d=mm&r=g\",\"caption\":\"Abril Rodr\u00edguez\"},\"sameAs\":[\"http:\/\/www.innoticiasbo.com\"],\"url\":\"https:\/\/innoticiasbo.com\/index.php\/author\/prensa5\/\"}]}<\/script>\n<!-- \/ Yoast SEO plugin. -->","yoast_head_json":{"title":"DENUNCIAN ATAQUE CRIMINAL CONTRA VOLUNTARIOS QUE SOFOCABAN INCENDIO EN EL PARQUE TUNARI - innoticiasbo.com","robots":{"index":"index","follow":"follow","max-snippet":"max-snippet:-1","max-image-preview":"max-image-preview:large","max-video-preview":"max-video-preview:-1"},"canonical":"https:\/\/innoticiasbo.com\/index.php\/2025\/10\/23\/denuncian-ataque-criminal-contra-voluntarios-que-sofocaban-incendio-en-el-parque-tunari\/","og_locale":"es_ES","og_type":"article","og_title":"DENUNCIAN ATAQUE CRIMINAL CONTRA VOLUNTARIOS QUE SOFOCABAN INCENDIO EN EL PARQUE TUNARI - innoticiasbo.com","og_description":"#Tiquipaya | La plataforma Tunari Sin Fuego denunci\u00f3 que personas \u201cmalintencionadas\u201d provocaron nuevos focos de calor mientras los voluntarios trabajaban anoche en la sofocaci\u00f3n de un incendio en el Parque Nacional Tunari, al norte de Tiquipaya. Seg\u00fan el reporte, mientras los equipos combat\u00edan las llamas en un sector, desconocidos prendieron fuego en inmediaciones de donde...","og_url":"https:\/\/innoticiasbo.com\/index.php\/2025\/10\/23\/denuncian-ataque-criminal-contra-voluntarios-que-sofocaban-incendio-en-el-parque-tunari\/","og_site_name":"innoticiasbo.com","article_publisher":"https:\/\/www.facebook.com\/innoticiasbolivia","article_published_time":"2025-10-23T13:54:59+00:00","article_modified_time":"2025-10-23T13:55:44+00:00","og_image":[{"width":1080,"height":642,"url":"https:\/\/i0.wp.com\/innoticiasbo.com\/wp-content\/uploads\/2025\/10\/1761227651371.jpg?fit=1080%2C642&ssl=1","type":"image\/jpeg"}],"author":"Abril Rodr\u00edguez","twitter_card":"summary_large_image","twitter_creator":"@innoticiasbo","twitter_site":"@innoticiasbo","twitter_misc":{"Escrito por":"Abril Rodr\u00edguez","Tiempo de lectura":"1 minuto"},"schema":{"@context":"https:\/\/schema.org","@graph":[{"@type":"Article","@id":"https:\/\/innoticiasbo.com\/index.php\/2025\/10\/23\/denuncian-ataque-criminal-contra-voluntarios-que-sofocaban-incendio-en-el-parque-tunari\/#article","isPartOf":{"@id":"https:\/\/innoticiasbo.com\/index.php\/2025\/10\/23\/denuncian-ataque-criminal-contra-voluntarios-que-sofocaban-incendio-en-el-parque-tunari\/"},"author":{"name":"Abril Rodr\u00edguez","@id":"https:\/\/innoticiasbo.com\/#\/schema\/person\/a3aa59f775293b57d2f63327b36c159f"},"headline":"DENUNCIAN ATAQUE CRIMINAL CONTRA VOLUNTARIOS QUE SOFOCABAN INCENDIO EN EL PARQUE TUNARI","datePublished":"2025-10-23T13:54:59+00:00","dateModified":"2025-10-23T13:55:44+00:00","mainEntityOfPage":{"@id":"https:\/\/innoticiasbo.com\/index.php\/2025\/10\/23\/denuncian-ataque-criminal-contra-voluntarios-que-sofocaban-incendio-en-el-parque-tunari\/"},"wordCount":216,"commentCount":0,"publisher":{"@id":"https:\/\/innoticiasbo.com\/#organization"},"image":{"@id":"https:\/\/innoticiasbo.com\/index.php\/2025\/10\/23\/denuncian-ataque-criminal-contra-voluntarios-que-sofocaban-incendio-en-el-parque-tunari\/#primaryimage"},"thumbnailUrl":"https:\/\/i0.wp.com\/innoticiasbo.com\/wp-content\/uploads\/2025\/10\/1761227651371.jpg?fit=1080%2C642&ssl=1","articleSection":["Bolivia","Cochabamba","El Avispero"],"inLanguage":"es","potentialAction":[{"@type":"CommentAction","name":"Comment","target":["https:\/\/innoticiasbo.com\/index.php\/2025\/10\/23\/denuncian-ataque-criminal-contra-voluntarios-que-sofocaban-incendio-en-el-parque-tunari\/#respond"]}]},{"@type":"WebPage","@id":"https:\/\/innoticiasbo.com\/index.php\/2025\/10\/23\/denuncian-ataque-criminal-contra-voluntarios-que-sofocaban-incendio-en-el-parque-tunari\/","url":"https:\/\/innoticiasbo.com\/index.php\/2025\/10\/23\/denuncian-ataque-criminal-contra-voluntarios-que-sofocaban-incendio-en-el-parque-tunari\/","name":"DENUNCIAN ATAQUE CRIMINAL CONTRA VOLUNTARIOS QUE SOFOCABAN INCENDIO EN EL PARQUE TUNARI - innoticiasbo.com","isPartOf":{"@id":"https:\/\/innoticiasbo.com\/#website"},"primaryImageOfPage":{"@id":"https:\/\/innoticiasbo.com\/index.php\/2025\/10\/23\/denuncian-ataque-criminal-contra-voluntarios-que-sofocaban-incendio-en-el-parque-tunari\/#primaryimage"},"image":{"@id":"https:\/\/innoticiasbo.com\/index.php\/2025\/10\/23\/denuncian-ataque-criminal-contra-voluntarios-que-sofocaban-incendio-en-el-parque-tunari\/#primaryimage"},"thumbnailUrl":"https:\/\/i0.wp.com\/innoticiasbo.com\/wp-content\/uploads\/2025\/10\/1761227651371.jpg?fit=1080%2C642&ssl=1","datePublished":"2025-10-23T13:54:59+00:00","dateModified":"2025-10-23T13:55:44+00:00","breadcrumb":{"@id":"https:\/\/innoticiasbo.com\/index.php\/2025\/10\/23\/denuncian-ataque-criminal-contra-voluntarios-que-sofocaban-incendio-en-el-parque-tunari\/#breadcrumb"},"inLanguage":"es","potentialAction":[{"@type":"ReadAction","target":["https:\/\/innoticiasbo.com\/index.php\/2025\/10\/23\/denuncian-ataque-criminal-contra-voluntarios-que-sofocaban-incendio-en-el-parque-tunari\/"]}]},{"@type":"ImageObject","inLanguage":"es","@id":"https:\/\/innoticiasbo.com\/index.php\/2025\/10\/23\/denuncian-ataque-criminal-contra-voluntarios-que-sofocaban-incendio-en-el-parque-tunari\/#primaryimage","url":"https:\/\/i0.wp.com\/innoticiasbo.com\/wp-content\/uploads\/2025\/10\/1761227651371.jpg?fit=1080%2C642&ssl=1","contentUrl":"https:\/\/i0.wp.com\/innoticiasbo.com\/wp-content\/uploads\/2025\/10\/1761227651371.jpg?fit=1080%2C642&ssl=1","width":1080,"height":642},{"@type":"BreadcrumbList","@id":"https:\/\/innoticiasbo.com\/index.php\/2025\/10\/23\/denuncian-ataque-criminal-contra-voluntarios-que-sofocaban-incendio-en-el-parque-tunari\/#breadcrumb","itemListElement":[{"@type":"ListItem","position":1,"name":"Portada","item":"https:\/\/innoticiasbo.com\/"},{"@type":"ListItem","position":2,"name":"DENUNCIAN ATAQUE CRIMINAL CONTRA VOLUNTARIOS QUE SOFOCABAN INCENDIO EN EL PARQUE TUNARI"}]},{"@type":"WebSite","@id":"https:\/\/innoticiasbo.com\/#website","url":"https:\/\/innoticiasbo.com\/","name":"innoticiasbo.com","description":"","publisher":{"@id":"https:\/\/innoticiasbo.com\/#organization"},"potentialAction":[{"@type":"SearchAction","target":{"@type":"EntryPoint","urlTemplate":"https:\/\/innoticiasbo.com\/?s={search_term_string}"},"query-input":{"@type":"PropertyValueSpecification","valueRequired":true,"valueName":"search_term_string"}}],"inLanguage":"es"},{"@type":"Organization","@id":"https:\/\/innoticiasbo.com\/#organization","name":"innoticiasbo.com","url":"https:\/\/innoticiasbo.com\/","logo":{"@type":"ImageObject","inLanguage":"es","@id":"https:\/\/innoticiasbo.com\/#\/schema\/logo\/image\/","url":"https:\/\/i0.wp.com\/innoticiasbo.com\/wp-content\/uploads\/2026\/04\/cropped-IN-LOGO.png?fit=1476%2C1476&ssl=1","contentUrl":"https:\/\/i0.wp.com\/innoticiasbo.com\/wp-content\/uploads\/2026\/04\/cropped-IN-LOGO.png?fit=1476%2C1476&ssl=1","width":1476,"height":1476,"caption":"innoticiasbo.com"},"image":{"@id":"https:\/\/innoticiasbo.com\/#\/schema\/logo\/image\/"},"sameAs":["https:\/\/www.facebook.com\/innoticiasbolivia","https:\/\/x.com\/innoticiasbo","https:\/\/www.instagram.com\/innoticiasbo","https:\/\/www.youtube.com\/innoticiasbo"]},{"@type":"Person","@id":"https:\/\/innoticiasbo.com\/#\/schema\/person\/a3aa59f775293b57d2f63327b36c159f","name":"Abril Rodr\u00edguez","image":{"@type":"ImageObject","inLanguage":"es","@id":"https:\/\/innoticiasbo.com\/#\/schema\/person\/image\/","url":"https:\/\/secure.gravatar.com\/avatar\/f8e99d792cd766ba261d033b036cbf24?s=96&d=mm&r=g","contentUrl":"https:\/\/secure.gravatar.com\/avatar\/f8e99d792cd766ba261d033b036cbf24?s=96&d=mm&r=g","caption":"Abril Rodr\u00edguez"},"sameAs":["http:\/\/www.innoticiasbo.com"],"url":"https:\/\/innoticiasbo.com\/index.php\/author\/prensa5\/"}]}},"jetpack_featured_media_url":"https:\/\/i0.wp.com\/innoticiasbo.com\/wp-content\/uploads\/2025\/10\/1761227651371.jpg?fit=1080%2C642&ssl=1","jetpack_likes_enabled":true,"jetpack_sharing_enabled":true,"jetpack_shortlink":"https:\/\/wp.me\/pg298x-25K","_links":{"self":[{"href":"https:\/\/innoticiasbo.com\/index.php\/wp-json\/wp\/v2\/posts\/8044","targetHints":{"allow":["GET"]}}],"collection":[{"href":"https:\/\/innoticiasbo.com\/index.php\/wp-json\/wp\/v2\/posts"}],"about":[{"href":"https:\/\/innoticiasbo.com\/index.php\/wp-json\/wp\/v2\/types\/post"}],"author":[{"embeddable":true,"href":"https:\/\/innoticiasbo.com\/index.php\/wp-json\/wp\/v2\/users\/7"}],"replies":[{"embeddable":true,"href":"https:\/\/innoticiasbo.com\/index.php\/wp-json\/wp\/v2\/comments?post=8044"}],"version-history":[{"count":1,"href":"https:\/\/innoticiasbo.com\/index.php\/wp-json\/wp\/v2\/posts\/8044\/revisions"}],"predecessor-version":[{"id":8045,"href":"https:\/\/innoticiasbo.com\/index.php\/wp-json\/wp\/v2\/posts\/8044\/revisions\/8045"}],"wp:featuredmedia":[{"embeddable":true,"href":"https:\/\/innoticiasbo.com\/index.php\/wp-json\/wp\/v2\/media\/8043"}],"wp:attachment":[{"href":"https:\/\/innoticiasbo.com\/index.php\/wp-json\/wp\/v2\/media?parent=8044"}],"wp:term":[{"taxonomy":"category","embeddable":true,"href":"https:\/\/innoticiasbo.com\/index.php\/wp-json\/wp\/v2\/categories?post=8044"},{"taxonomy":"post_tag","embeddable":true,"href":"https:\/\/innoticiasbo.com\/index.php\/wp-json\/wp\/v2\/tags?post=8044"}],"curies":[{"name":"wp","href":"https:\/\/api.w.org\/{rel}","templated":true}]}}