{"id":8040,"date":"2025-10-23T09:52:54","date_gmt":"2025-10-23T13:52:54","guid":{"rendered":"https:\/\/innoticiasbo.com\/?p=8040"},"modified":"2025-10-23T09:53:21","modified_gmt":"2025-10-23T13:53:21","slug":"tuto-reconoce-la-victoria-de-rodrigo-y-ofrece-apoyo-de-su-bancada","status":"publish","type":"post","link":"https:\/\/innoticiasbo.com\/index.php\/2025\/10\/23\/tuto-reconoce-la-victoria-de-rodrigo-y-ofrece-apoyo-de-su-bancada\/","title":{"rendered":"TUTO RECONOCE LA VICTORIA DE RODRIGO&nbsp; Y OFRECE APOYO DE SU BANCADA"},"content":{"rendered":"\n<p><br><br>La Paz, 22 de octubre\u00a0 de 2025.- El candidato de la alianza Libre, Jorge \u201cTuto\u201d Quiroga, ratific\u00f3 que reconoce\u00a0 a\u00a0 Rodrigo Paz como presidente electo.<\/p>\n\n\n\n<figure class=\"wp-block-gallery has-nested-images columns-default is-cropped wp-block-gallery-1 is-layout-flex wp-block-gallery-is-layout-flex\">\n<figure class=\"wp-block-image size-large\"><img data-recalc-dims=\"1\" loading=\"lazy\" decoding=\"async\" width=\"640\" height=\"359\" data-id=\"8038\" src=\"https:\/\/i0.wp.com\/innoticiasbo.com\/wp-content\/uploads\/2025\/10\/17612275205751919865199267591000.jpg?resize=640%2C359&#038;ssl=1\" alt=\"\" class=\"wp-image-8038\" srcset=\"https:\/\/i0.wp.com\/innoticiasbo.com\/wp-content\/uploads\/2025\/10\/17612275205751919865199267591000.jpg?resize=1024%2C575&amp;ssl=1 1024w, https:\/\/i0.wp.com\/innoticiasbo.com\/wp-content\/uploads\/2025\/10\/17612275205751919865199267591000.jpg?resize=300%2C168&amp;ssl=1 300w, https:\/\/i0.wp.com\/innoticiasbo.com\/wp-content\/uploads\/2025\/10\/17612275205751919865199267591000.jpg?resize=768%2C431&amp;ssl=1 768w, https:\/\/i0.wp.com\/innoticiasbo.com\/wp-content\/uploads\/2025\/10\/17612275205751919865199267591000.jpg?w=1080&amp;ssl=1 1080w\" sizes=\"auto, (max-width: 640px) 100vw, 640px\" \/><\/figure>\n<\/figure>\n\n\n\n<p><br>\u201cLa victoria es clara, el presidente electo es Rodrigo Paz\u201d, afirm\u00f3 en conferencia de prensa desde La Paz, donde tambi\u00e9n ofreci\u00f3 el apoyo de su bancada en la Asamblea Legislativa \u201csin pedir nada a cambio, solo por Bolivia\u201d.<br><br>Quiroga se\u00f1al\u00f3 que, aunque existe una coalici\u00f3n entre el PDC y otras fuerzas, no alcanza los dos tercios, por lo que ofreci\u00f3 colaboraci\u00f3n para garantizar la gobernabilidad del pa\u00eds.<br>Video: Unitel<br>#JorgeTutoQuiroga\u00a0 #RodrigoPaz #innoticias<\/p>\n","protected":false},"excerpt":{"rendered":"<p>La Paz, 22 de octubre\u00a0 de 2025.- El candidato de la alianza Libre, Jorge \u201cTuto\u201d Quiroga, ratific\u00f3 que reconoce\u00a0 a\u00a0 Rodrigo Paz como presidente electo. \u201cLa victoria es clara, el presidente electo es Rodrigo Paz\u201d, afirm\u00f3 en conferencia de prensa desde La Paz, donde tambi\u00e9n ofreci\u00f3 el apoyo de su bancada en la Asamblea Legislativa&#8230;<\/p>\n","protected":false},"author":7,"featured_media":8039,"comment_status":"open","ping_status":"open","sticky":false,"template":"","format":"standard","meta":{"_jetpack_memberships_contains_paid_content":false,"footnotes":"","jetpack_publicize_message":"","jetpack_publicize_feature_enabled":true,"jetpack_social_post_already_shared":true,"jetpack_social_options":{"image_generator_settings":{"template":"highway","enabled":false},"version":2}},"categories":[1,13,3],"tags":[],"class_list":["post-8040","post","type-post","status-publish","format-standard","has-post-thumbnail","hentry","category-bolivia","category-elavispero","category-politica"],"jetpack_publicize_connections":[],"yoast_head":"<!-- This site is optimized with the Yoast SEO plugin v23.4 - https:\/\/yoast.com\/wordpress\/plugins\/seo\/ -->\n<title>TUTO RECONOCE LA VICTORIA DE RODRIGO&nbsp; Y OFRECE APOYO DE SU BANCADA - innoticiasbo.com<\/title>\n<meta name=\"robots\" content=\"index, follow, max-snippet:-1, max-image-preview:large, max-video-preview:-1\" \/>\n<link rel=\"canonical\" href=\"https:\/\/innoticiasbo.com\/index.php\/2025\/10\/23\/tuto-reconoce-la-victoria-de-rodrigo-y-ofrece-apoyo-de-su-bancada\/\" \/>\n<meta property=\"og:locale\" content=\"es_ES\" \/>\n<meta property=\"og:type\" content=\"article\" \/>\n<meta property=\"og:title\" content=\"TUTO RECONOCE LA VICTORIA DE RODRIGO&nbsp; Y OFRECE APOYO DE SU BANCADA - innoticiasbo.com\" \/>\n<meta property=\"og:description\" content=\"La Paz, 22 de octubre\u00a0 de 2025.- El candidato de la alianza Libre, Jorge \u201cTuto\u201d Quiroga, ratific\u00f3 que reconoce\u00a0 a\u00a0 Rodrigo Paz como presidente electo. \u201cLa victoria es clara, el presidente electo es Rodrigo Paz\u201d, afirm\u00f3 en conferencia de prensa desde La Paz, donde tambi\u00e9n ofreci\u00f3 el apoyo de su bancada en la Asamblea Legislativa...\" \/>\n<meta property=\"og:url\" content=\"https:\/\/innoticiasbo.com\/index.php\/2025\/10\/23\/tuto-reconoce-la-victoria-de-rodrigo-y-ofrece-apoyo-de-su-bancada\/\" \/>\n<meta property=\"og:site_name\" content=\"innoticiasbo.com\" \/>\n<meta property=\"article:publisher\" content=\"https:\/\/www.facebook.com\/innoticiasbolivia\" \/>\n<meta property=\"article:published_time\" content=\"2025-10-23T13:52:54+00:00\" \/>\n<meta property=\"article:modified_time\" content=\"2025-10-23T13:53:21+00:00\" \/>\n<meta property=\"og:image\" content=\"https:\/\/i0.wp.com\/innoticiasbo.com\/wp-content\/uploads\/2025\/10\/1761227520575.jpg?fit=1080%2C606&ssl=1\" \/>\n\t<meta property=\"og:image:width\" content=\"1080\" \/>\n\t<meta property=\"og:image:height\" content=\"606\" \/>\n\t<meta property=\"og:image:type\" content=\"image\/jpeg\" \/>\n<meta name=\"author\" content=\"Abril Rodr\u00edguez\" \/>\n<meta name=\"twitter:card\" content=\"summary_large_image\" \/>\n<meta name=\"twitter:creator\" content=\"@innoticiasbo\" \/>\n<meta name=\"twitter:site\" content=\"@innoticiasbo\" \/>\n<meta name=\"twitter:label1\" content=\"Escrito por\" \/>\n\t<meta name=\"twitter:data1\" content=\"Abril Rodr\u00edguez\" \/>\n\t<meta name=\"twitter:label2\" content=\"Tiempo de lectura\" \/>\n\t<meta name=\"twitter:data2\" content=\"1 minuto\" \/>\n<script type=\"application\/ld+json\" class=\"yoast-schema-graph\">{\"@context\":\"https:\/\/schema.org\",\"@graph\":[{\"@type\":\"Article\",\"@id\":\"https:\/\/innoticiasbo.com\/index.php\/2025\/10\/23\/tuto-reconoce-la-victoria-de-rodrigo-y-ofrece-apoyo-de-su-bancada\/#article\",\"isPartOf\":{\"@id\":\"https:\/\/innoticiasbo.com\/index.php\/2025\/10\/23\/tuto-reconoce-la-victoria-de-rodrigo-y-ofrece-apoyo-de-su-bancada\/\"},\"author\":{\"name\":\"Abril Rodr\u00edguez\",\"@id\":\"https:\/\/innoticiasbo.com\/#\/schema\/person\/a3aa59f775293b57d2f63327b36c159f\"},\"headline\":\"TUTO RECONOCE LA VICTORIA DE RODRIGO&nbsp; Y OFRECE APOYO DE SU BANCADA\",\"datePublished\":\"2025-10-23T13:52:54+00:00\",\"dateModified\":\"2025-10-23T13:53:21+00:00\",\"mainEntityOfPage\":{\"@id\":\"https:\/\/innoticiasbo.com\/index.php\/2025\/10\/23\/tuto-reconoce-la-victoria-de-rodrigo-y-ofrece-apoyo-de-su-bancada\/\"},\"wordCount\":114,\"commentCount\":0,\"publisher\":{\"@id\":\"https:\/\/innoticiasbo.com\/#organization\"},\"image\":{\"@id\":\"https:\/\/innoticiasbo.com\/index.php\/2025\/10\/23\/tuto-reconoce-la-victoria-de-rodrigo-y-ofrece-apoyo-de-su-bancada\/#primaryimage\"},\"thumbnailUrl\":\"https:\/\/i0.wp.com\/innoticiasbo.com\/wp-content\/uploads\/2025\/10\/1761227520575.jpg?fit=1080%2C606&ssl=1\",\"articleSection\":[\"Bolivia\",\"El Avispero\",\"Pol\u00edtica\"],\"inLanguage\":\"es\",\"potentialAction\":[{\"@type\":\"CommentAction\",\"name\":\"Comment\",\"target\":[\"https:\/\/innoticiasbo.com\/index.php\/2025\/10\/23\/tuto-reconoce-la-victoria-de-rodrigo-y-ofrece-apoyo-de-su-bancada\/#respond\"]}]},{\"@type\":\"WebPage\",\"@id\":\"https:\/\/innoticiasbo.com\/index.php\/2025\/10\/23\/tuto-reconoce-la-victoria-de-rodrigo-y-ofrece-apoyo-de-su-bancada\/\",\"url\":\"https:\/\/innoticiasbo.com\/index.php\/2025\/10\/23\/tuto-reconoce-la-victoria-de-rodrigo-y-ofrece-apoyo-de-su-bancada\/\",\"name\":\"TUTO RECONOCE LA VICTORIA DE RODRIGO&nbsp; Y OFRECE APOYO DE SU BANCADA - innoticiasbo.com\",\"isPartOf\":{\"@id\":\"https:\/\/innoticiasbo.com\/#website\"},\"primaryImageOfPage\":{\"@id\":\"https:\/\/innoticiasbo.com\/index.php\/2025\/10\/23\/tuto-reconoce-la-victoria-de-rodrigo-y-ofrece-apoyo-de-su-bancada\/#primaryimage\"},\"image\":{\"@id\":\"https:\/\/innoticiasbo.com\/index.php\/2025\/10\/23\/tuto-reconoce-la-victoria-de-rodrigo-y-ofrece-apoyo-de-su-bancada\/#primaryimage\"},\"thumbnailUrl\":\"https:\/\/i0.wp.com\/innoticiasbo.com\/wp-content\/uploads\/2025\/10\/1761227520575.jpg?fit=1080%2C606&ssl=1\",\"datePublished\":\"2025-10-23T13:52:54+00:00\",\"dateModified\":\"2025-10-23T13:53:21+00:00\",\"breadcrumb\":{\"@id\":\"https:\/\/innoticiasbo.com\/index.php\/2025\/10\/23\/tuto-reconoce-la-victoria-de-rodrigo-y-ofrece-apoyo-de-su-bancada\/#breadcrumb\"},\"inLanguage\":\"es\",\"potentialAction\":[{\"@type\":\"ReadAction\",\"target\":[\"https:\/\/innoticiasbo.com\/index.php\/2025\/10\/23\/tuto-reconoce-la-victoria-de-rodrigo-y-ofrece-apoyo-de-su-bancada\/\"]}]},{\"@type\":\"ImageObject\",\"inLanguage\":\"es\",\"@id\":\"https:\/\/innoticiasbo.com\/index.php\/2025\/10\/23\/tuto-reconoce-la-victoria-de-rodrigo-y-ofrece-apoyo-de-su-bancada\/#primaryimage\",\"url\":\"https:\/\/i0.wp.com\/innoticiasbo.com\/wp-content\/uploads\/2025\/10\/1761227520575.jpg?fit=1080%2C606&ssl=1\",\"contentUrl\":\"https:\/\/i0.wp.com\/innoticiasbo.com\/wp-content\/uploads\/2025\/10\/1761227520575.jpg?fit=1080%2C606&ssl=1\",\"width\":1080,\"height\":606},{\"@type\":\"BreadcrumbList\",\"@id\":\"https:\/\/innoticiasbo.com\/index.php\/2025\/10\/23\/tuto-reconoce-la-victoria-de-rodrigo-y-ofrece-apoyo-de-su-bancada\/#breadcrumb\",\"itemListElement\":[{\"@type\":\"ListItem\",\"position\":1,\"name\":\"Portada\",\"item\":\"https:\/\/innoticiasbo.com\/\"},{\"@type\":\"ListItem\",\"position\":2,\"name\":\"TUTO RECONOCE LA VICTORIA DE RODRIGO&nbsp; Y OFRECE APOYO DE SU BANCADA\"}]},{\"@type\":\"WebSite\",\"@id\":\"https:\/\/innoticiasbo.com\/#website\",\"url\":\"https:\/\/innoticiasbo.com\/\",\"name\":\"innoticiasbo.com\",\"description\":\"\",\"publisher\":{\"@id\":\"https:\/\/innoticiasbo.com\/#organization\"},\"potentialAction\":[{\"@type\":\"SearchAction\",\"target\":{\"@type\":\"EntryPoint\",\"urlTemplate\":\"https:\/\/innoticiasbo.com\/?s={search_term_string}\"},\"query-input\":{\"@type\":\"PropertyValueSpecification\",\"valueRequired\":true,\"valueName\":\"search_term_string\"}}],\"inLanguage\":\"es\"},{\"@type\":\"Organization\",\"@id\":\"https:\/\/innoticiasbo.com\/#organization\",\"name\":\"innoticiasbo.com\",\"url\":\"https:\/\/innoticiasbo.com\/\",\"logo\":{\"@type\":\"ImageObject\",\"inLanguage\":\"es\",\"@id\":\"https:\/\/innoticiasbo.com\/#\/schema\/logo\/image\/\",\"url\":\"https:\/\/i0.wp.com\/innoticiasbo.com\/wp-content\/uploads\/2026\/04\/cropped-IN-LOGO.png?fit=1476%2C1476&ssl=1\",\"contentUrl\":\"https:\/\/i0.wp.com\/innoticiasbo.com\/wp-content\/uploads\/2026\/04\/cropped-IN-LOGO.png?fit=1476%2C1476&ssl=1\",\"width\":1476,\"height\":1476,\"caption\":\"innoticiasbo.com\"},\"image\":{\"@id\":\"https:\/\/innoticiasbo.com\/#\/schema\/logo\/image\/\"},\"sameAs\":[\"https:\/\/www.facebook.com\/innoticiasbolivia\",\"https:\/\/x.com\/innoticiasbo\",\"https:\/\/www.instagram.com\/innoticiasbo\",\"https:\/\/www.youtube.com\/innoticiasbo\"]},{\"@type\":\"Person\",\"@id\":\"https:\/\/innoticiasbo.com\/#\/schema\/person\/a3aa59f775293b57d2f63327b36c159f\",\"name\":\"Abril Rodr\u00edguez\",\"image\":{\"@type\":\"ImageObject\",\"inLanguage\":\"es\",\"@id\":\"https:\/\/innoticiasbo.com\/#\/schema\/person\/image\/\",\"url\":\"https:\/\/secure.gravatar.com\/avatar\/f8e99d792cd766ba261d033b036cbf24?s=96&d=mm&r=g\",\"contentUrl\":\"https:\/\/secure.gravatar.com\/avatar\/f8e99d792cd766ba261d033b036cbf24?s=96&d=mm&r=g\",\"caption\":\"Abril Rodr\u00edguez\"},\"sameAs\":[\"http:\/\/www.innoticiasbo.com\"],\"url\":\"https:\/\/innoticiasbo.com\/index.php\/author\/prensa5\/\"}]}<\/script>\n<!-- \/ Yoast SEO plugin. -->","yoast_head_json":{"title":"TUTO RECONOCE LA VICTORIA DE RODRIGO&nbsp; Y OFRECE APOYO DE SU BANCADA - innoticiasbo.com","robots":{"index":"index","follow":"follow","max-snippet":"max-snippet:-1","max-image-preview":"max-image-preview:large","max-video-preview":"max-video-preview:-1"},"canonical":"https:\/\/innoticiasbo.com\/index.php\/2025\/10\/23\/tuto-reconoce-la-victoria-de-rodrigo-y-ofrece-apoyo-de-su-bancada\/","og_locale":"es_ES","og_type":"article","og_title":"TUTO RECONOCE LA VICTORIA DE RODRIGO&nbsp; Y OFRECE APOYO DE SU BANCADA - innoticiasbo.com","og_description":"La Paz, 22 de octubre\u00a0 de 2025.- El candidato de la alianza Libre, Jorge \u201cTuto\u201d Quiroga, ratific\u00f3 que reconoce\u00a0 a\u00a0 Rodrigo Paz como presidente electo. \u201cLa victoria es clara, el presidente electo es Rodrigo Paz\u201d, afirm\u00f3 en conferencia de prensa desde La Paz, donde tambi\u00e9n ofreci\u00f3 el apoyo de su bancada en la Asamblea Legislativa...","og_url":"https:\/\/innoticiasbo.com\/index.php\/2025\/10\/23\/tuto-reconoce-la-victoria-de-rodrigo-y-ofrece-apoyo-de-su-bancada\/","og_site_name":"innoticiasbo.com","article_publisher":"https:\/\/www.facebook.com\/innoticiasbolivia","article_published_time":"2025-10-23T13:52:54+00:00","article_modified_time":"2025-10-23T13:53:21+00:00","og_image":[{"width":1080,"height":606,"url":"https:\/\/i0.wp.com\/innoticiasbo.com\/wp-content\/uploads\/2025\/10\/1761227520575.jpg?fit=1080%2C606&ssl=1","type":"image\/jpeg"}],"author":"Abril Rodr\u00edguez","twitter_card":"summary_large_image","twitter_creator":"@innoticiasbo","twitter_site":"@innoticiasbo","twitter_misc":{"Escrito por":"Abril Rodr\u00edguez","Tiempo de lectura":"1 minuto"},"schema":{"@context":"https:\/\/schema.org","@graph":[{"@type":"Article","@id":"https:\/\/innoticiasbo.com\/index.php\/2025\/10\/23\/tuto-reconoce-la-victoria-de-rodrigo-y-ofrece-apoyo-de-su-bancada\/#article","isPartOf":{"@id":"https:\/\/innoticiasbo.com\/index.php\/2025\/10\/23\/tuto-reconoce-la-victoria-de-rodrigo-y-ofrece-apoyo-de-su-bancada\/"},"author":{"name":"Abril Rodr\u00edguez","@id":"https:\/\/innoticiasbo.com\/#\/schema\/person\/a3aa59f775293b57d2f63327b36c159f"},"headline":"TUTO RECONOCE LA VICTORIA DE RODRIGO&nbsp; Y OFRECE APOYO DE SU BANCADA","datePublished":"2025-10-23T13:52:54+00:00","dateModified":"2025-10-23T13:53:21+00:00","mainEntityOfPage":{"@id":"https:\/\/innoticiasbo.com\/index.php\/2025\/10\/23\/tuto-reconoce-la-victoria-de-rodrigo-y-ofrece-apoyo-de-su-bancada\/"},"wordCount":114,"commentCount":0,"publisher":{"@id":"https:\/\/innoticiasbo.com\/#organization"},"image":{"@id":"https:\/\/innoticiasbo.com\/index.php\/2025\/10\/23\/tuto-reconoce-la-victoria-de-rodrigo-y-ofrece-apoyo-de-su-bancada\/#primaryimage"},"thumbnailUrl":"https:\/\/i0.wp.com\/innoticiasbo.com\/wp-content\/uploads\/2025\/10\/1761227520575.jpg?fit=1080%2C606&ssl=1","articleSection":["Bolivia","El Avispero","Pol\u00edtica"],"inLanguage":"es","potentialAction":[{"@type":"CommentAction","name":"Comment","target":["https:\/\/innoticiasbo.com\/index.php\/2025\/10\/23\/tuto-reconoce-la-victoria-de-rodrigo-y-ofrece-apoyo-de-su-bancada\/#respond"]}]},{"@type":"WebPage","@id":"https:\/\/innoticiasbo.com\/index.php\/2025\/10\/23\/tuto-reconoce-la-victoria-de-rodrigo-y-ofrece-apoyo-de-su-bancada\/","url":"https:\/\/innoticiasbo.com\/index.php\/2025\/10\/23\/tuto-reconoce-la-victoria-de-rodrigo-y-ofrece-apoyo-de-su-bancada\/","name":"TUTO RECONOCE LA VICTORIA DE RODRIGO&nbsp; Y OFRECE APOYO DE SU BANCADA - innoticiasbo.com","isPartOf":{"@id":"https:\/\/innoticiasbo.com\/#website"},"primaryImageOfPage":{"@id":"https:\/\/innoticiasbo.com\/index.php\/2025\/10\/23\/tuto-reconoce-la-victoria-de-rodrigo-y-ofrece-apoyo-de-su-bancada\/#primaryimage"},"image":{"@id":"https:\/\/innoticiasbo.com\/index.php\/2025\/10\/23\/tuto-reconoce-la-victoria-de-rodrigo-y-ofrece-apoyo-de-su-bancada\/#primaryimage"},"thumbnailUrl":"https:\/\/i0.wp.com\/innoticiasbo.com\/wp-content\/uploads\/2025\/10\/1761227520575.jpg?fit=1080%2C606&ssl=1","datePublished":"2025-10-23T13:52:54+00:00","dateModified":"2025-10-23T13:53:21+00:00","breadcrumb":{"@id":"https:\/\/innoticiasbo.com\/index.php\/2025\/10\/23\/tuto-reconoce-la-victoria-de-rodrigo-y-ofrece-apoyo-de-su-bancada\/#breadcrumb"},"inLanguage":"es","potentialAction":[{"@type":"ReadAction","target":["https:\/\/innoticiasbo.com\/index.php\/2025\/10\/23\/tuto-reconoce-la-victoria-de-rodrigo-y-ofrece-apoyo-de-su-bancada\/"]}]},{"@type":"ImageObject","inLanguage":"es","@id":"https:\/\/innoticiasbo.com\/index.php\/2025\/10\/23\/tuto-reconoce-la-victoria-de-rodrigo-y-ofrece-apoyo-de-su-bancada\/#primaryimage","url":"https:\/\/i0.wp.com\/innoticiasbo.com\/wp-content\/uploads\/2025\/10\/1761227520575.jpg?fit=1080%2C606&ssl=1","contentUrl":"https:\/\/i0.wp.com\/innoticiasbo.com\/wp-content\/uploads\/2025\/10\/1761227520575.jpg?fit=1080%2C606&ssl=1","width":1080,"height":606},{"@type":"BreadcrumbList","@id":"https:\/\/innoticiasbo.com\/index.php\/2025\/10\/23\/tuto-reconoce-la-victoria-de-rodrigo-y-ofrece-apoyo-de-su-bancada\/#breadcrumb","itemListElement":[{"@type":"ListItem","position":1,"name":"Portada","item":"https:\/\/innoticiasbo.com\/"},{"@type":"ListItem","position":2,"name":"TUTO RECONOCE LA VICTORIA DE RODRIGO&nbsp; Y OFRECE APOYO DE SU BANCADA"}]},{"@type":"WebSite","@id":"https:\/\/innoticiasbo.com\/#website","url":"https:\/\/innoticiasbo.com\/","name":"innoticiasbo.com","description":"","publisher":{"@id":"https:\/\/innoticiasbo.com\/#organization"},"potentialAction":[{"@type":"SearchAction","target":{"@type":"EntryPoint","urlTemplate":"https:\/\/innoticiasbo.com\/?s={search_term_string}"},"query-input":{"@type":"PropertyValueSpecification","valueRequired":true,"valueName":"search_term_string"}}],"inLanguage":"es"},{"@type":"Organization","@id":"https:\/\/innoticiasbo.com\/#organization","name":"innoticiasbo.com","url":"https:\/\/innoticiasbo.com\/","logo":{"@type":"ImageObject","inLanguage":"es","@id":"https:\/\/innoticiasbo.com\/#\/schema\/logo\/image\/","url":"https:\/\/i0.wp.com\/innoticiasbo.com\/wp-content\/uploads\/2026\/04\/cropped-IN-LOGO.png?fit=1476%2C1476&ssl=1","contentUrl":"https:\/\/i0.wp.com\/innoticiasbo.com\/wp-content\/uploads\/2026\/04\/cropped-IN-LOGO.png?fit=1476%2C1476&ssl=1","width":1476,"height":1476,"caption":"innoticiasbo.com"},"image":{"@id":"https:\/\/innoticiasbo.com\/#\/schema\/logo\/image\/"},"sameAs":["https:\/\/www.facebook.com\/innoticiasbolivia","https:\/\/x.com\/innoticiasbo","https:\/\/www.instagram.com\/innoticiasbo","https:\/\/www.youtube.com\/innoticiasbo"]},{"@type":"Person","@id":"https:\/\/innoticiasbo.com\/#\/schema\/person\/a3aa59f775293b57d2f63327b36c159f","name":"Abril Rodr\u00edguez","image":{"@type":"ImageObject","inLanguage":"es","@id":"https:\/\/innoticiasbo.com\/#\/schema\/person\/image\/","url":"https:\/\/secure.gravatar.com\/avatar\/f8e99d792cd766ba261d033b036cbf24?s=96&d=mm&r=g","contentUrl":"https:\/\/secure.gravatar.com\/avatar\/f8e99d792cd766ba261d033b036cbf24?s=96&d=mm&r=g","caption":"Abril Rodr\u00edguez"},"sameAs":["http:\/\/www.innoticiasbo.com"],"url":"https:\/\/innoticiasbo.com\/index.php\/author\/prensa5\/"}]}},"jetpack_featured_media_url":"https:\/\/i0.wp.com\/innoticiasbo.com\/wp-content\/uploads\/2025\/10\/1761227520575.jpg?fit=1080%2C606&ssl=1","jetpack_likes_enabled":true,"jetpack_sharing_enabled":true,"jetpack_shortlink":"https:\/\/wp.me\/pg298x-25G","_links":{"self":[{"href":"https:\/\/innoticiasbo.com\/index.php\/wp-json\/wp\/v2\/posts\/8040","targetHints":{"allow":["GET"]}}],"collection":[{"href":"https:\/\/innoticiasbo.com\/index.php\/wp-json\/wp\/v2\/posts"}],"about":[{"href":"https:\/\/innoticiasbo.com\/index.php\/wp-json\/wp\/v2\/types\/post"}],"author":[{"embeddable":true,"href":"https:\/\/innoticiasbo.com\/index.php\/wp-json\/wp\/v2\/users\/7"}],"replies":[{"embeddable":true,"href":"https:\/\/innoticiasbo.com\/index.php\/wp-json\/wp\/v2\/comments?post=8040"}],"version-history":[{"count":1,"href":"https:\/\/innoticiasbo.com\/index.php\/wp-json\/wp\/v2\/posts\/8040\/revisions"}],"predecessor-version":[{"id":8041,"href":"https:\/\/innoticiasbo.com\/index.php\/wp-json\/wp\/v2\/posts\/8040\/revisions\/8041"}],"wp:featuredmedia":[{"embeddable":true,"href":"https:\/\/innoticiasbo.com\/index.php\/wp-json\/wp\/v2\/media\/8039"}],"wp:attachment":[{"href":"https:\/\/innoticiasbo.com\/index.php\/wp-json\/wp\/v2\/media?parent=8040"}],"wp:term":[{"taxonomy":"category","embeddable":true,"href":"https:\/\/innoticiasbo.com\/index.php\/wp-json\/wp\/v2\/categories?post=8040"},{"taxonomy":"post_tag","embeddable":true,"href":"https:\/\/innoticiasbo.com\/index.php\/wp-json\/wp\/v2\/tags?post=8040"}],"curies":[{"name":"wp","href":"https:\/\/api.w.org\/{rel}","templated":true}]}}