{"id":8032,"date":"2025-10-23T09:46:14","date_gmt":"2025-10-23T13:46:14","guid":{"rendered":"https:\/\/innoticiasbo.com\/?p=8032"},"modified":"2025-10-23T09:46:53","modified_gmt":"2025-10-23T13:46:53","slug":"sacaba-fortalece-la-produccion-lechera-en-melga-con-entrega-de-semilla-forrajera-de-alfalfa-y-capacitacion-a-productores","status":"publish","type":"post","link":"https:\/\/innoticiasbo.com\/index.php\/2025\/10\/23\/sacaba-fortalece-la-produccion-lechera-en-melga-con-entrega-de-semilla-forrajera-de-alfalfa-y-capacitacion-a-productores\/","title":{"rendered":"SACABA FORTALECE LA PRODUCCI\u00d3N LECHERA EN MELGA CON ENTREGA DE SEMILLA FORRAJERA DE ALFALFA Y CAPACITACI\u00d3N A PRODUCTORES"},"content":{"rendered":"\n<p><\/p>\n\n\n\n<p><br>Cochabamba,\u00a0 22 de octubre de 2025.- Con el objetivo de mejorar la alimentaci\u00f3n del ganado vacuno e impulsar la producci\u00f3n lechera, el Gobierno Aut\u00f3nomo Municipal de Sacaba junto a Yachay Chhalaku, realiz\u00f3 la entrega de semilla forrajera de alfalfa a 33 productoras y productores de la comunidad de Melga.<\/p>\n\n\n\n<figure class=\"wp-block-gallery has-nested-images columns-default is-cropped wp-block-gallery-1 is-layout-flex wp-block-gallery-is-layout-flex\">\n<figure class=\"wp-block-image size-large\"><img data-recalc-dims=\"1\" loading=\"lazy\" decoding=\"async\" width=\"640\" height=\"640\" data-id=\"8030\" src=\"https:\/\/i0.wp.com\/innoticiasbo.com\/wp-content\/uploads\/2025\/10\/17612271192531278899660699795374.jpg?resize=640%2C640&#038;ssl=1\" alt=\"\" class=\"wp-image-8030\" srcset=\"https:\/\/i0.wp.com\/innoticiasbo.com\/wp-content\/uploads\/2025\/10\/17612271192531278899660699795374.jpg?resize=1024%2C1024&amp;ssl=1 1024w, https:\/\/i0.wp.com\/innoticiasbo.com\/wp-content\/uploads\/2025\/10\/17612271192531278899660699795374.jpg?resize=300%2C300&amp;ssl=1 300w, https:\/\/i0.wp.com\/innoticiasbo.com\/wp-content\/uploads\/2025\/10\/17612271192531278899660699795374.jpg?resize=150%2C150&amp;ssl=1 150w, https:\/\/i0.wp.com\/innoticiasbo.com\/wp-content\/uploads\/2025\/10\/17612271192531278899660699795374.jpg?resize=768%2C769&amp;ssl=1 768w, https:\/\/i0.wp.com\/innoticiasbo.com\/wp-content\/uploads\/2025\/10\/17612271192531278899660699795374.jpg?w=1080&amp;ssl=1 1080w\" sizes=\"auto, (max-width: 640px) 100vw, 640px\" \/><\/figure>\n<\/figure>\n\n\n\n<p><br><br> Esta importante acci\u00f3n beneficia directamente a la Asociaci\u00f3n Mixta e Integral de Ganaderas, Ganaderos y Lecher\u00eda de Melga (AMIGGALEM), que agrupa a familias dedicadas a la actividad lechera en la zona.<br>La entrega forma parte de una estrategia integral de apoyo al sector productivo que el municipio viene implementando, no solo mediante la dotaci\u00f3n de insumos, sino tambi\u00e9n a trav\u00e9s de asistencia t\u00e9cnica permanente y capacitaciones para mejorar la producci\u00f3n lechera. <br><br>\u201cHay mucho potencial productivo. Ya tenemos una planta procesadora de l\u00e1cteos, entonces tenemos que impulsar lo que es la producci\u00f3n ganadera y lechera por lo que hacemos esta entrega. Tambi\u00e9n se va a ense\u00f1ar a la comunidad a mejorar la producci\u00f3n y avanzar en la transformaci\u00f3n de l\u00e1cteos\u201d, indic\u00f3 la secretaria de Madre Tierra y Desarrollo Productivo de Sacaba, Elfy Flores. <br><br>La entrega consisti\u00f3 en bolsas de semilla de Alfalfa VAR 2000 Bolivia, adem\u00e1s de semilla tr\u00e9bol rojo, semilla vicia dasicarpa y semilla sorgo forrajero. <br>\u201cDe manera conjunta estamos impulsando este trabajo y seguros que las compa\u00f1eras, los compa\u00f1eros van a poder mejorar su producci\u00f3n de leche en Melga\u201d, indic\u00f3 la directora ejecutiva de Yachay Chhalaku, Escarlem Rodr\u00edguez. <br><br>Por su parte, la presidenta de AMIGGALEM, Elena Trujillo, destac\u00f3 la entrega de la semilla forrajera. <br>\u201cVamos a sembrar las semillas de alfalfa para nuestras vacas lecheras y tener m\u00e1s forraje. Cuando es \u00e9poca de sequ\u00eda, tenemos avena nom\u00e1s y nos falta alfalfa, ahora con esta semilla que nos est\u00e1 dando, vamos a poder producir m\u00e1s. Estamos agradecidos con la Alcald\u00eda de Sacaba y Yachay Chhalaku\u201d, mencion\u00f3 la productora.<br>#Sacaba #producci\u00f3nlechera #semillaforrajera #yachaychhalaku #producci\u00f3n #innoticias<\/p>\n","protected":false},"excerpt":{"rendered":"<p>Cochabamba,\u00a0 22 de octubre de 2025.- Con el objetivo de mejorar la alimentaci\u00f3n del ganado vacuno e impulsar la producci\u00f3n lechera, el Gobierno Aut\u00f3nomo Municipal de Sacaba junto a Yachay Chhalaku, realiz\u00f3 la entrega de semilla forrajera de alfalfa a 33 productoras y productores de la comunidad de Melga. Esta importante acci\u00f3n beneficia directamente a&#8230;<\/p>\n","protected":false},"author":7,"featured_media":8031,"comment_status":"open","ping_status":"open","sticky":false,"template":"","format":"standard","meta":{"_jetpack_memberships_contains_paid_content":false,"footnotes":"","jetpack_publicize_message":"","jetpack_publicize_feature_enabled":true,"jetpack_social_post_already_shared":true,"jetpack_social_options":{"image_generator_settings":{"template":"highway","enabled":false},"version":2}},"categories":[1,2,16,13],"tags":[],"class_list":["post-8032","post","type-post","status-publish","format-standard","has-post-thumbnail","hentry","category-bolivia","category-cochabamba","category-economia","category-elavispero"],"jetpack_publicize_connections":[],"yoast_head":"<!-- This site is optimized with the Yoast SEO plugin v23.4 - https:\/\/yoast.com\/wordpress\/plugins\/seo\/ -->\n<title>SACABA FORTALECE LA PRODUCCI\u00d3N LECHERA EN MELGA CON ENTREGA DE SEMILLA FORRAJERA DE ALFALFA Y CAPACITACI\u00d3N A PRODUCTORES - innoticiasbo.com<\/title>\n<meta name=\"robots\" content=\"index, follow, max-snippet:-1, max-image-preview:large, max-video-preview:-1\" \/>\n<link rel=\"canonical\" href=\"https:\/\/innoticiasbo.com\/index.php\/2025\/10\/23\/sacaba-fortalece-la-produccion-lechera-en-melga-con-entrega-de-semilla-forrajera-de-alfalfa-y-capacitacion-a-productores\/\" \/>\n<meta property=\"og:locale\" content=\"es_ES\" \/>\n<meta property=\"og:type\" content=\"article\" \/>\n<meta property=\"og:title\" content=\"SACABA FORTALECE LA PRODUCCI\u00d3N LECHERA EN MELGA CON ENTREGA DE SEMILLA FORRAJERA DE ALFALFA Y CAPACITACI\u00d3N A PRODUCTORES - innoticiasbo.com\" \/>\n<meta property=\"og:description\" content=\"Cochabamba,\u00a0 22 de octubre de 2025.- Con el objetivo de mejorar la alimentaci\u00f3n del ganado vacuno e impulsar la producci\u00f3n lechera, el Gobierno Aut\u00f3nomo Municipal de Sacaba junto a Yachay Chhalaku, realiz\u00f3 la entrega de semilla forrajera de alfalfa a 33 productoras y productores de la comunidad de Melga. Esta importante acci\u00f3n beneficia directamente a...\" \/>\n<meta property=\"og:url\" content=\"https:\/\/innoticiasbo.com\/index.php\/2025\/10\/23\/sacaba-fortalece-la-produccion-lechera-en-melga-con-entrega-de-semilla-forrajera-de-alfalfa-y-capacitacion-a-productores\/\" \/>\n<meta property=\"og:site_name\" content=\"innoticiasbo.com\" \/>\n<meta property=\"article:publisher\" content=\"https:\/\/www.facebook.com\/innoticiasbolivia\" \/>\n<meta property=\"article:published_time\" content=\"2025-10-23T13:46:14+00:00\" \/>\n<meta property=\"article:modified_time\" content=\"2025-10-23T13:46:53+00:00\" \/>\n<meta property=\"og:image\" content=\"https:\/\/i0.wp.com\/innoticiasbo.com\/wp-content\/uploads\/2025\/10\/1761227119253.jpg?fit=1080%2C1081&ssl=1\" \/>\n\t<meta property=\"og:image:width\" content=\"1080\" \/>\n\t<meta property=\"og:image:height\" content=\"1081\" \/>\n\t<meta property=\"og:image:type\" content=\"image\/jpeg\" \/>\n<meta name=\"author\" content=\"Abril Rodr\u00edguez\" \/>\n<meta name=\"twitter:card\" content=\"summary_large_image\" \/>\n<meta name=\"twitter:creator\" content=\"@innoticiasbo\" \/>\n<meta name=\"twitter:site\" content=\"@innoticiasbo\" \/>\n<meta name=\"twitter:label1\" content=\"Escrito por\" \/>\n\t<meta name=\"twitter:data1\" content=\"Abril Rodr\u00edguez\" \/>\n\t<meta name=\"twitter:label2\" content=\"Tiempo de lectura\" \/>\n\t<meta name=\"twitter:data2\" content=\"2 minutos\" \/>\n<script type=\"application\/ld+json\" class=\"yoast-schema-graph\">{\"@context\":\"https:\/\/schema.org\",\"@graph\":[{\"@type\":\"Article\",\"@id\":\"https:\/\/innoticiasbo.com\/index.php\/2025\/10\/23\/sacaba-fortalece-la-produccion-lechera-en-melga-con-entrega-de-semilla-forrajera-de-alfalfa-y-capacitacion-a-productores\/#article\",\"isPartOf\":{\"@id\":\"https:\/\/innoticiasbo.com\/index.php\/2025\/10\/23\/sacaba-fortalece-la-produccion-lechera-en-melga-con-entrega-de-semilla-forrajera-de-alfalfa-y-capacitacion-a-productores\/\"},\"author\":{\"name\":\"Abril Rodr\u00edguez\",\"@id\":\"https:\/\/innoticiasbo.com\/#\/schema\/person\/a3aa59f775293b57d2f63327b36c159f\"},\"headline\":\"SACABA FORTALECE LA PRODUCCI\u00d3N LECHERA EN MELGA CON ENTREGA DE SEMILLA FORRAJERA DE ALFALFA Y CAPACITACI\u00d3N A PRODUCTORES\",\"datePublished\":\"2025-10-23T13:46:14+00:00\",\"dateModified\":\"2025-10-23T13:46:53+00:00\",\"mainEntityOfPage\":{\"@id\":\"https:\/\/innoticiasbo.com\/index.php\/2025\/10\/23\/sacaba-fortalece-la-produccion-lechera-en-melga-con-entrega-de-semilla-forrajera-de-alfalfa-y-capacitacion-a-productores\/\"},\"wordCount\":361,\"commentCount\":0,\"publisher\":{\"@id\":\"https:\/\/innoticiasbo.com\/#organization\"},\"image\":{\"@id\":\"https:\/\/innoticiasbo.com\/index.php\/2025\/10\/23\/sacaba-fortalece-la-produccion-lechera-en-melga-con-entrega-de-semilla-forrajera-de-alfalfa-y-capacitacion-a-productores\/#primaryimage\"},\"thumbnailUrl\":\"https:\/\/i0.wp.com\/innoticiasbo.com\/wp-content\/uploads\/2025\/10\/1761227119253.jpg?fit=1080%2C1081&ssl=1\",\"articleSection\":[\"Bolivia\",\"Cochabamba\",\"Econom\u00eda\",\"El Avispero\"],\"inLanguage\":\"es\",\"potentialAction\":[{\"@type\":\"CommentAction\",\"name\":\"Comment\",\"target\":[\"https:\/\/innoticiasbo.com\/index.php\/2025\/10\/23\/sacaba-fortalece-la-produccion-lechera-en-melga-con-entrega-de-semilla-forrajera-de-alfalfa-y-capacitacion-a-productores\/#respond\"]}]},{\"@type\":\"WebPage\",\"@id\":\"https:\/\/innoticiasbo.com\/index.php\/2025\/10\/23\/sacaba-fortalece-la-produccion-lechera-en-melga-con-entrega-de-semilla-forrajera-de-alfalfa-y-capacitacion-a-productores\/\",\"url\":\"https:\/\/innoticiasbo.com\/index.php\/2025\/10\/23\/sacaba-fortalece-la-produccion-lechera-en-melga-con-entrega-de-semilla-forrajera-de-alfalfa-y-capacitacion-a-productores\/\",\"name\":\"SACABA FORTALECE LA PRODUCCI\u00d3N LECHERA EN MELGA CON ENTREGA DE SEMILLA FORRAJERA DE ALFALFA Y CAPACITACI\u00d3N A PRODUCTORES - innoticiasbo.com\",\"isPartOf\":{\"@id\":\"https:\/\/innoticiasbo.com\/#website\"},\"primaryImageOfPage\":{\"@id\":\"https:\/\/innoticiasbo.com\/index.php\/2025\/10\/23\/sacaba-fortalece-la-produccion-lechera-en-melga-con-entrega-de-semilla-forrajera-de-alfalfa-y-capacitacion-a-productores\/#primaryimage\"},\"image\":{\"@id\":\"https:\/\/innoticiasbo.com\/index.php\/2025\/10\/23\/sacaba-fortalece-la-produccion-lechera-en-melga-con-entrega-de-semilla-forrajera-de-alfalfa-y-capacitacion-a-productores\/#primaryimage\"},\"thumbnailUrl\":\"https:\/\/i0.wp.com\/innoticiasbo.com\/wp-content\/uploads\/2025\/10\/1761227119253.jpg?fit=1080%2C1081&ssl=1\",\"datePublished\":\"2025-10-23T13:46:14+00:00\",\"dateModified\":\"2025-10-23T13:46:53+00:00\",\"breadcrumb\":{\"@id\":\"https:\/\/innoticiasbo.com\/index.php\/2025\/10\/23\/sacaba-fortalece-la-produccion-lechera-en-melga-con-entrega-de-semilla-forrajera-de-alfalfa-y-capacitacion-a-productores\/#breadcrumb\"},\"inLanguage\":\"es\",\"potentialAction\":[{\"@type\":\"ReadAction\",\"target\":[\"https:\/\/innoticiasbo.com\/index.php\/2025\/10\/23\/sacaba-fortalece-la-produccion-lechera-en-melga-con-entrega-de-semilla-forrajera-de-alfalfa-y-capacitacion-a-productores\/\"]}]},{\"@type\":\"ImageObject\",\"inLanguage\":\"es\",\"@id\":\"https:\/\/innoticiasbo.com\/index.php\/2025\/10\/23\/sacaba-fortalece-la-produccion-lechera-en-melga-con-entrega-de-semilla-forrajera-de-alfalfa-y-capacitacion-a-productores\/#primaryimage\",\"url\":\"https:\/\/i0.wp.com\/innoticiasbo.com\/wp-content\/uploads\/2025\/10\/1761227119253.jpg?fit=1080%2C1081&ssl=1\",\"contentUrl\":\"https:\/\/i0.wp.com\/innoticiasbo.com\/wp-content\/uploads\/2025\/10\/1761227119253.jpg?fit=1080%2C1081&ssl=1\",\"width\":1080,\"height\":1081},{\"@type\":\"BreadcrumbList\",\"@id\":\"https:\/\/innoticiasbo.com\/index.php\/2025\/10\/23\/sacaba-fortalece-la-produccion-lechera-en-melga-con-entrega-de-semilla-forrajera-de-alfalfa-y-capacitacion-a-productores\/#breadcrumb\",\"itemListElement\":[{\"@type\":\"ListItem\",\"position\":1,\"name\":\"Portada\",\"item\":\"https:\/\/innoticiasbo.com\/\"},{\"@type\":\"ListItem\",\"position\":2,\"name\":\"SACABA FORTALECE LA PRODUCCI\u00d3N LECHERA EN MELGA CON ENTREGA DE SEMILLA FORRAJERA DE ALFALFA Y CAPACITACI\u00d3N A PRODUCTORES\"}]},{\"@type\":\"WebSite\",\"@id\":\"https:\/\/innoticiasbo.com\/#website\",\"url\":\"https:\/\/innoticiasbo.com\/\",\"name\":\"innoticiasbo.com\",\"description\":\"\",\"publisher\":{\"@id\":\"https:\/\/innoticiasbo.com\/#organization\"},\"potentialAction\":[{\"@type\":\"SearchAction\",\"target\":{\"@type\":\"EntryPoint\",\"urlTemplate\":\"https:\/\/innoticiasbo.com\/?s={search_term_string}\"},\"query-input\":{\"@type\":\"PropertyValueSpecification\",\"valueRequired\":true,\"valueName\":\"search_term_string\"}}],\"inLanguage\":\"es\"},{\"@type\":\"Organization\",\"@id\":\"https:\/\/innoticiasbo.com\/#organization\",\"name\":\"innoticiasbo.com\",\"url\":\"https:\/\/innoticiasbo.com\/\",\"logo\":{\"@type\":\"ImageObject\",\"inLanguage\":\"es\",\"@id\":\"https:\/\/innoticiasbo.com\/#\/schema\/logo\/image\/\",\"url\":\"https:\/\/i0.wp.com\/innoticiasbo.com\/wp-content\/uploads\/2026\/04\/cropped-IN-LOGO.png?fit=1476%2C1476&ssl=1\",\"contentUrl\":\"https:\/\/i0.wp.com\/innoticiasbo.com\/wp-content\/uploads\/2026\/04\/cropped-IN-LOGO.png?fit=1476%2C1476&ssl=1\",\"width\":1476,\"height\":1476,\"caption\":\"innoticiasbo.com\"},\"image\":{\"@id\":\"https:\/\/innoticiasbo.com\/#\/schema\/logo\/image\/\"},\"sameAs\":[\"https:\/\/www.facebook.com\/innoticiasbolivia\",\"https:\/\/x.com\/innoticiasbo\",\"https:\/\/www.instagram.com\/innoticiasbo\",\"https:\/\/www.youtube.com\/innoticiasbo\"]},{\"@type\":\"Person\",\"@id\":\"https:\/\/innoticiasbo.com\/#\/schema\/person\/a3aa59f775293b57d2f63327b36c159f\",\"name\":\"Abril Rodr\u00edguez\",\"image\":{\"@type\":\"ImageObject\",\"inLanguage\":\"es\",\"@id\":\"https:\/\/innoticiasbo.com\/#\/schema\/person\/image\/\",\"url\":\"https:\/\/secure.gravatar.com\/avatar\/f8e99d792cd766ba261d033b036cbf24?s=96&d=mm&r=g\",\"contentUrl\":\"https:\/\/secure.gravatar.com\/avatar\/f8e99d792cd766ba261d033b036cbf24?s=96&d=mm&r=g\",\"caption\":\"Abril Rodr\u00edguez\"},\"sameAs\":[\"http:\/\/www.innoticiasbo.com\"],\"url\":\"https:\/\/innoticiasbo.com\/index.php\/author\/prensa5\/\"}]}<\/script>\n<!-- \/ Yoast SEO plugin. -->","yoast_head_json":{"title":"SACABA FORTALECE LA PRODUCCI\u00d3N LECHERA EN MELGA CON ENTREGA DE SEMILLA FORRAJERA DE ALFALFA Y CAPACITACI\u00d3N A PRODUCTORES - innoticiasbo.com","robots":{"index":"index","follow":"follow","max-snippet":"max-snippet:-1","max-image-preview":"max-image-preview:large","max-video-preview":"max-video-preview:-1"},"canonical":"https:\/\/innoticiasbo.com\/index.php\/2025\/10\/23\/sacaba-fortalece-la-produccion-lechera-en-melga-con-entrega-de-semilla-forrajera-de-alfalfa-y-capacitacion-a-productores\/","og_locale":"es_ES","og_type":"article","og_title":"SACABA FORTALECE LA PRODUCCI\u00d3N LECHERA EN MELGA CON ENTREGA DE SEMILLA FORRAJERA DE ALFALFA Y CAPACITACI\u00d3N A PRODUCTORES - innoticiasbo.com","og_description":"Cochabamba,\u00a0 22 de octubre de 2025.- Con el objetivo de mejorar la alimentaci\u00f3n del ganado vacuno e impulsar la producci\u00f3n lechera, el Gobierno Aut\u00f3nomo Municipal de Sacaba junto a Yachay Chhalaku, realiz\u00f3 la entrega de semilla forrajera de alfalfa a 33 productoras y productores de la comunidad de Melga. Esta importante acci\u00f3n beneficia directamente a...","og_url":"https:\/\/innoticiasbo.com\/index.php\/2025\/10\/23\/sacaba-fortalece-la-produccion-lechera-en-melga-con-entrega-de-semilla-forrajera-de-alfalfa-y-capacitacion-a-productores\/","og_site_name":"innoticiasbo.com","article_publisher":"https:\/\/www.facebook.com\/innoticiasbolivia","article_published_time":"2025-10-23T13:46:14+00:00","article_modified_time":"2025-10-23T13:46:53+00:00","og_image":[{"width":1080,"height":1081,"url":"https:\/\/i0.wp.com\/innoticiasbo.com\/wp-content\/uploads\/2025\/10\/1761227119253.jpg?fit=1080%2C1081&ssl=1","type":"image\/jpeg"}],"author":"Abril Rodr\u00edguez","twitter_card":"summary_large_image","twitter_creator":"@innoticiasbo","twitter_site":"@innoticiasbo","twitter_misc":{"Escrito por":"Abril Rodr\u00edguez","Tiempo de lectura":"2 minutos"},"schema":{"@context":"https:\/\/schema.org","@graph":[{"@type":"Article","@id":"https:\/\/innoticiasbo.com\/index.php\/2025\/10\/23\/sacaba-fortalece-la-produccion-lechera-en-melga-con-entrega-de-semilla-forrajera-de-alfalfa-y-capacitacion-a-productores\/#article","isPartOf":{"@id":"https:\/\/innoticiasbo.com\/index.php\/2025\/10\/23\/sacaba-fortalece-la-produccion-lechera-en-melga-con-entrega-de-semilla-forrajera-de-alfalfa-y-capacitacion-a-productores\/"},"author":{"name":"Abril Rodr\u00edguez","@id":"https:\/\/innoticiasbo.com\/#\/schema\/person\/a3aa59f775293b57d2f63327b36c159f"},"headline":"SACABA FORTALECE LA PRODUCCI\u00d3N LECHERA EN MELGA CON ENTREGA DE SEMILLA FORRAJERA DE ALFALFA Y CAPACITACI\u00d3N A PRODUCTORES","datePublished":"2025-10-23T13:46:14+00:00","dateModified":"2025-10-23T13:46:53+00:00","mainEntityOfPage":{"@id":"https:\/\/innoticiasbo.com\/index.php\/2025\/10\/23\/sacaba-fortalece-la-produccion-lechera-en-melga-con-entrega-de-semilla-forrajera-de-alfalfa-y-capacitacion-a-productores\/"},"wordCount":361,"commentCount":0,"publisher":{"@id":"https:\/\/innoticiasbo.com\/#organization"},"image":{"@id":"https:\/\/innoticiasbo.com\/index.php\/2025\/10\/23\/sacaba-fortalece-la-produccion-lechera-en-melga-con-entrega-de-semilla-forrajera-de-alfalfa-y-capacitacion-a-productores\/#primaryimage"},"thumbnailUrl":"https:\/\/i0.wp.com\/innoticiasbo.com\/wp-content\/uploads\/2025\/10\/1761227119253.jpg?fit=1080%2C1081&ssl=1","articleSection":["Bolivia","Cochabamba","Econom\u00eda","El Avispero"],"inLanguage":"es","potentialAction":[{"@type":"CommentAction","name":"Comment","target":["https:\/\/innoticiasbo.com\/index.php\/2025\/10\/23\/sacaba-fortalece-la-produccion-lechera-en-melga-con-entrega-de-semilla-forrajera-de-alfalfa-y-capacitacion-a-productores\/#respond"]}]},{"@type":"WebPage","@id":"https:\/\/innoticiasbo.com\/index.php\/2025\/10\/23\/sacaba-fortalece-la-produccion-lechera-en-melga-con-entrega-de-semilla-forrajera-de-alfalfa-y-capacitacion-a-productores\/","url":"https:\/\/innoticiasbo.com\/index.php\/2025\/10\/23\/sacaba-fortalece-la-produccion-lechera-en-melga-con-entrega-de-semilla-forrajera-de-alfalfa-y-capacitacion-a-productores\/","name":"SACABA FORTALECE LA PRODUCCI\u00d3N LECHERA EN MELGA CON ENTREGA DE SEMILLA FORRAJERA DE ALFALFA Y CAPACITACI\u00d3N A PRODUCTORES - innoticiasbo.com","isPartOf":{"@id":"https:\/\/innoticiasbo.com\/#website"},"primaryImageOfPage":{"@id":"https:\/\/innoticiasbo.com\/index.php\/2025\/10\/23\/sacaba-fortalece-la-produccion-lechera-en-melga-con-entrega-de-semilla-forrajera-de-alfalfa-y-capacitacion-a-productores\/#primaryimage"},"image":{"@id":"https:\/\/innoticiasbo.com\/index.php\/2025\/10\/23\/sacaba-fortalece-la-produccion-lechera-en-melga-con-entrega-de-semilla-forrajera-de-alfalfa-y-capacitacion-a-productores\/#primaryimage"},"thumbnailUrl":"https:\/\/i0.wp.com\/innoticiasbo.com\/wp-content\/uploads\/2025\/10\/1761227119253.jpg?fit=1080%2C1081&ssl=1","datePublished":"2025-10-23T13:46:14+00:00","dateModified":"2025-10-23T13:46:53+00:00","breadcrumb":{"@id":"https:\/\/innoticiasbo.com\/index.php\/2025\/10\/23\/sacaba-fortalece-la-produccion-lechera-en-melga-con-entrega-de-semilla-forrajera-de-alfalfa-y-capacitacion-a-productores\/#breadcrumb"},"inLanguage":"es","potentialAction":[{"@type":"ReadAction","target":["https:\/\/innoticiasbo.com\/index.php\/2025\/10\/23\/sacaba-fortalece-la-produccion-lechera-en-melga-con-entrega-de-semilla-forrajera-de-alfalfa-y-capacitacion-a-productores\/"]}]},{"@type":"ImageObject","inLanguage":"es","@id":"https:\/\/innoticiasbo.com\/index.php\/2025\/10\/23\/sacaba-fortalece-la-produccion-lechera-en-melga-con-entrega-de-semilla-forrajera-de-alfalfa-y-capacitacion-a-productores\/#primaryimage","url":"https:\/\/i0.wp.com\/innoticiasbo.com\/wp-content\/uploads\/2025\/10\/1761227119253.jpg?fit=1080%2C1081&ssl=1","contentUrl":"https:\/\/i0.wp.com\/innoticiasbo.com\/wp-content\/uploads\/2025\/10\/1761227119253.jpg?fit=1080%2C1081&ssl=1","width":1080,"height":1081},{"@type":"BreadcrumbList","@id":"https:\/\/innoticiasbo.com\/index.php\/2025\/10\/23\/sacaba-fortalece-la-produccion-lechera-en-melga-con-entrega-de-semilla-forrajera-de-alfalfa-y-capacitacion-a-productores\/#breadcrumb","itemListElement":[{"@type":"ListItem","position":1,"name":"Portada","item":"https:\/\/innoticiasbo.com\/"},{"@type":"ListItem","position":2,"name":"SACABA FORTALECE LA PRODUCCI\u00d3N LECHERA EN MELGA CON ENTREGA DE SEMILLA FORRAJERA DE ALFALFA Y CAPACITACI\u00d3N A PRODUCTORES"}]},{"@type":"WebSite","@id":"https:\/\/innoticiasbo.com\/#website","url":"https:\/\/innoticiasbo.com\/","name":"innoticiasbo.com","description":"","publisher":{"@id":"https:\/\/innoticiasbo.com\/#organization"},"potentialAction":[{"@type":"SearchAction","target":{"@type":"EntryPoint","urlTemplate":"https:\/\/innoticiasbo.com\/?s={search_term_string}"},"query-input":{"@type":"PropertyValueSpecification","valueRequired":true,"valueName":"search_term_string"}}],"inLanguage":"es"},{"@type":"Organization","@id":"https:\/\/innoticiasbo.com\/#organization","name":"innoticiasbo.com","url":"https:\/\/innoticiasbo.com\/","logo":{"@type":"ImageObject","inLanguage":"es","@id":"https:\/\/innoticiasbo.com\/#\/schema\/logo\/image\/","url":"https:\/\/i0.wp.com\/innoticiasbo.com\/wp-content\/uploads\/2026\/04\/cropped-IN-LOGO.png?fit=1476%2C1476&ssl=1","contentUrl":"https:\/\/i0.wp.com\/innoticiasbo.com\/wp-content\/uploads\/2026\/04\/cropped-IN-LOGO.png?fit=1476%2C1476&ssl=1","width":1476,"height":1476,"caption":"innoticiasbo.com"},"image":{"@id":"https:\/\/innoticiasbo.com\/#\/schema\/logo\/image\/"},"sameAs":["https:\/\/www.facebook.com\/innoticiasbolivia","https:\/\/x.com\/innoticiasbo","https:\/\/www.instagram.com\/innoticiasbo","https:\/\/www.youtube.com\/innoticiasbo"]},{"@type":"Person","@id":"https:\/\/innoticiasbo.com\/#\/schema\/person\/a3aa59f775293b57d2f63327b36c159f","name":"Abril Rodr\u00edguez","image":{"@type":"ImageObject","inLanguage":"es","@id":"https:\/\/innoticiasbo.com\/#\/schema\/person\/image\/","url":"https:\/\/secure.gravatar.com\/avatar\/f8e99d792cd766ba261d033b036cbf24?s=96&d=mm&r=g","contentUrl":"https:\/\/secure.gravatar.com\/avatar\/f8e99d792cd766ba261d033b036cbf24?s=96&d=mm&r=g","caption":"Abril Rodr\u00edguez"},"sameAs":["http:\/\/www.innoticiasbo.com"],"url":"https:\/\/innoticiasbo.com\/index.php\/author\/prensa5\/"}]}},"jetpack_featured_media_url":"https:\/\/i0.wp.com\/innoticiasbo.com\/wp-content\/uploads\/2025\/10\/1761227119253.jpg?fit=1080%2C1081&ssl=1","jetpack_likes_enabled":true,"jetpack_sharing_enabled":true,"jetpack_shortlink":"https:\/\/wp.me\/pg298x-25y","_links":{"self":[{"href":"https:\/\/innoticiasbo.com\/index.php\/wp-json\/wp\/v2\/posts\/8032","targetHints":{"allow":["GET"]}}],"collection":[{"href":"https:\/\/innoticiasbo.com\/index.php\/wp-json\/wp\/v2\/posts"}],"about":[{"href":"https:\/\/innoticiasbo.com\/index.php\/wp-json\/wp\/v2\/types\/post"}],"author":[{"embeddable":true,"href":"https:\/\/innoticiasbo.com\/index.php\/wp-json\/wp\/v2\/users\/7"}],"replies":[{"embeddable":true,"href":"https:\/\/innoticiasbo.com\/index.php\/wp-json\/wp\/v2\/comments?post=8032"}],"version-history":[{"count":1,"href":"https:\/\/innoticiasbo.com\/index.php\/wp-json\/wp\/v2\/posts\/8032\/revisions"}],"predecessor-version":[{"id":8033,"href":"https:\/\/innoticiasbo.com\/index.php\/wp-json\/wp\/v2\/posts\/8032\/revisions\/8033"}],"wp:featuredmedia":[{"embeddable":true,"href":"https:\/\/innoticiasbo.com\/index.php\/wp-json\/wp\/v2\/media\/8031"}],"wp:attachment":[{"href":"https:\/\/innoticiasbo.com\/index.php\/wp-json\/wp\/v2\/media?parent=8032"}],"wp:term":[{"taxonomy":"category","embeddable":true,"href":"https:\/\/innoticiasbo.com\/index.php\/wp-json\/wp\/v2\/categories?post=8032"},{"taxonomy":"post_tag","embeddable":true,"href":"https:\/\/innoticiasbo.com\/index.php\/wp-json\/wp\/v2\/tags?post=8032"}],"curies":[{"name":"wp","href":"https:\/\/api.w.org\/{rel}","templated":true}]}}