{"id":8028,"date":"2025-10-23T09:44:30","date_gmt":"2025-10-23T13:44:30","guid":{"rendered":"https:\/\/innoticiasbo.com\/?p=8028"},"modified":"2025-10-23T09:44:38","modified_gmt":"2025-10-23T13:44:38","slug":"narcotrafico-rodrigo-paz-dice-que-trabajara-con-la-dea-y-con-todos-los-organismos-internacionales","status":"publish","type":"post","link":"https:\/\/innoticiasbo.com\/index.php\/2025\/10\/23\/narcotrafico-rodrigo-paz-dice-que-trabajara-con-la-dea-y-con-todos-los-organismos-internacionales\/","title":{"rendered":"NARCOTR\u00c1FICO: RODRIGO PAZ DICE QUE TRABAJAR\u00c1 CON LA DEA Y CON TODOS LOS ORGANISMOS INTERNACIONALES"},"content":{"rendered":"\n<p><br><br>22 de octubre de 2025.-\u00a0 El presidente electo de Bolivia, Rodrigo Paz, afirm\u00f3 este mi\u00e9rcoles que su gesti\u00f3n de Gobierno, que inicia el 8 de noviembre, trabajar\u00e1 con todos los organismos antidroga, incluida la DEA estadounidense.<\/p>\n\n\n\n<figure class=\"wp-block-gallery has-nested-images columns-default is-cropped wp-block-gallery-1 is-layout-flex wp-block-gallery-is-layout-flex\">\n<figure class=\"wp-block-image size-large\"><img data-recalc-dims=\"1\" loading=\"lazy\" decoding=\"async\" width=\"640\" height=\"640\" data-id=\"8026\" src=\"https:\/\/i0.wp.com\/innoticiasbo.com\/wp-content\/uploads\/2025\/10\/1761226983641292293425516187005.jpg?resize=640%2C640&#038;ssl=1\" alt=\"\" class=\"wp-image-8026\" srcset=\"https:\/\/i0.wp.com\/innoticiasbo.com\/wp-content\/uploads\/2025\/10\/1761226983641292293425516187005.jpg?resize=1024%2C1024&amp;ssl=1 1024w, https:\/\/i0.wp.com\/innoticiasbo.com\/wp-content\/uploads\/2025\/10\/1761226983641292293425516187005.jpg?resize=300%2C300&amp;ssl=1 300w, https:\/\/i0.wp.com\/innoticiasbo.com\/wp-content\/uploads\/2025\/10\/1761226983641292293425516187005.jpg?resize=150%2C150&amp;ssl=1 150w, https:\/\/i0.wp.com\/innoticiasbo.com\/wp-content\/uploads\/2025\/10\/1761226983641292293425516187005.jpg?resize=768%2C768&amp;ssl=1 768w, https:\/\/i0.wp.com\/innoticiasbo.com\/wp-content\/uploads\/2025\/10\/1761226983641292293425516187005.jpg?w=1080&amp;ssl=1 1080w\" sizes=\"auto, (max-width: 640px) 100vw, 640px\" \/><\/figure>\n<\/figure>\n\n\n\n<p><br>\u201cVamos a cooperar con todas las instancias internacionales, la DEA tambi\u00e9n. La DEA nunca se fue de Bolivia, nunca se va de ninguna parte, ellos siempre est\u00e1n\u201d, dijo Paz en entrevista con France 24.<br><br>Paz tambi\u00e9n afirm\u00f3 que ya sostuvo contactos con el presidente de Chile, Gabriel Boric, para fortalecer las tareas de seguridad en fronteras y otros temas relacionados.<br><br>Tambi\u00e9n sostendr\u00e1 reuniones con los gobiernos de Per\u00fa, Brasil, Paraguay y todos los gobiernos fronterizos con el objetivo de fortalecer la lucha contra actividades il\u00edcitas.<br><br>Indic\u00f3 que, en el caso de Brasil, es importante trabajar para una lucha conjunta contra el PCC y otras organizaciones criminales.<br><br>En entrevista con CNN, la autoridad electa tambi\u00e9n fue consultada sobre la presencia de la oficina antidrogas de EEUU y se\u00f1al\u00f3 que todas instituciones que luchen contra lo il\u00edcito estar\u00e1n en Bolivia.<br><br>Paz fue electo como presidente el pasado 19 de octubre, tras superar en segunda vuelta al candidato de Libre, Jorge Tuto Quiroga.<br>#DEA #RodrigoPaz #Usa #organismosinternacionales #Bolivia #narcotr\u00e1fico #PCC #innoticias<\/p>\n","protected":false},"excerpt":{"rendered":"<p>22 de octubre de 2025.-\u00a0 El presidente electo de Bolivia, Rodrigo Paz, afirm\u00f3 este mi\u00e9rcoles que su gesti\u00f3n de Gobierno, que inicia el 8 de noviembre, trabajar\u00e1 con todos los organismos antidroga, incluida la DEA estadounidense. \u201cVamos a cooperar con todas las instancias internacionales, la DEA tambi\u00e9n. La DEA nunca se fue de Bolivia, nunca&#8230;<\/p>\n","protected":false},"author":7,"featured_media":8027,"comment_status":"open","ping_status":"open","sticky":false,"template":"","format":"standard","meta":{"_jetpack_memberships_contains_paid_content":false,"footnotes":"","jetpack_publicize_message":"","jetpack_publicize_feature_enabled":true,"jetpack_social_post_already_shared":true,"jetpack_social_options":{"image_generator_settings":{"template":"highway","enabled":false},"version":2}},"categories":[1,684,3],"tags":[],"class_list":["post-8028","post","type-post","status-publish","format-standard","has-post-thumbnail","hentry","category-bolivia","category-internacional","category-politica"],"jetpack_publicize_connections":[],"yoast_head":"<!-- This site is optimized with the Yoast SEO plugin v23.4 - https:\/\/yoast.com\/wordpress\/plugins\/seo\/ -->\n<title>NARCOTR\u00c1FICO: RODRIGO PAZ DICE QUE TRABAJAR\u00c1 CON LA DEA Y CON TODOS LOS ORGANISMOS INTERNACIONALES - innoticiasbo.com<\/title>\n<meta name=\"robots\" content=\"index, follow, max-snippet:-1, max-image-preview:large, max-video-preview:-1\" \/>\n<link rel=\"canonical\" href=\"https:\/\/innoticiasbo.com\/index.php\/2025\/10\/23\/narcotrafico-rodrigo-paz-dice-que-trabajara-con-la-dea-y-con-todos-los-organismos-internacionales\/\" \/>\n<meta property=\"og:locale\" content=\"es_ES\" \/>\n<meta property=\"og:type\" content=\"article\" \/>\n<meta property=\"og:title\" content=\"NARCOTR\u00c1FICO: RODRIGO PAZ DICE QUE TRABAJAR\u00c1 CON LA DEA Y CON TODOS LOS ORGANISMOS INTERNACIONALES - innoticiasbo.com\" \/>\n<meta property=\"og:description\" content=\"22 de octubre de 2025.-\u00a0 El presidente electo de Bolivia, Rodrigo Paz, afirm\u00f3 este mi\u00e9rcoles que su gesti\u00f3n de Gobierno, que inicia el 8 de noviembre, trabajar\u00e1 con todos los organismos antidroga, incluida la DEA estadounidense. \u201cVamos a cooperar con todas las instancias internacionales, la DEA tambi\u00e9n. La DEA nunca se fue de Bolivia, nunca...\" \/>\n<meta property=\"og:url\" content=\"https:\/\/innoticiasbo.com\/index.php\/2025\/10\/23\/narcotrafico-rodrigo-paz-dice-que-trabajara-con-la-dea-y-con-todos-los-organismos-internacionales\/\" \/>\n<meta property=\"og:site_name\" content=\"innoticiasbo.com\" \/>\n<meta property=\"article:publisher\" content=\"https:\/\/www.facebook.com\/innoticiasbolivia\" \/>\n<meta property=\"article:published_time\" content=\"2025-10-23T13:44:30+00:00\" \/>\n<meta property=\"article:modified_time\" content=\"2025-10-23T13:44:38+00:00\" \/>\n<meta property=\"og:image\" content=\"https:\/\/i0.wp.com\/innoticiasbo.com\/wp-content\/uploads\/2025\/10\/1761226983641.jpg?fit=1080%2C1080&ssl=1\" \/>\n\t<meta property=\"og:image:width\" content=\"1080\" \/>\n\t<meta property=\"og:image:height\" content=\"1080\" \/>\n\t<meta property=\"og:image:type\" content=\"image\/jpeg\" \/>\n<meta name=\"author\" content=\"Abril Rodr\u00edguez\" \/>\n<meta name=\"twitter:card\" content=\"summary_large_image\" \/>\n<meta name=\"twitter:creator\" content=\"@innoticiasbo\" \/>\n<meta name=\"twitter:site\" content=\"@innoticiasbo\" \/>\n<meta name=\"twitter:label1\" content=\"Escrito por\" \/>\n\t<meta name=\"twitter:data1\" content=\"Abril Rodr\u00edguez\" \/>\n\t<meta name=\"twitter:label2\" content=\"Tiempo de lectura\" \/>\n\t<meta name=\"twitter:data2\" content=\"1 minuto\" \/>\n<script type=\"application\/ld+json\" class=\"yoast-schema-graph\">{\"@context\":\"https:\/\/schema.org\",\"@graph\":[{\"@type\":\"Article\",\"@id\":\"https:\/\/innoticiasbo.com\/index.php\/2025\/10\/23\/narcotrafico-rodrigo-paz-dice-que-trabajara-con-la-dea-y-con-todos-los-organismos-internacionales\/#article\",\"isPartOf\":{\"@id\":\"https:\/\/innoticiasbo.com\/index.php\/2025\/10\/23\/narcotrafico-rodrigo-paz-dice-que-trabajara-con-la-dea-y-con-todos-los-organismos-internacionales\/\"},\"author\":{\"name\":\"Abril Rodr\u00edguez\",\"@id\":\"https:\/\/innoticiasbo.com\/#\/schema\/person\/a3aa59f775293b57d2f63327b36c159f\"},\"headline\":\"NARCOTR\u00c1FICO: RODRIGO PAZ DICE QUE TRABAJAR\u00c1 CON LA DEA Y CON TODOS LOS ORGANISMOS INTERNACIONALES\",\"datePublished\":\"2025-10-23T13:44:30+00:00\",\"dateModified\":\"2025-10-23T13:44:38+00:00\",\"mainEntityOfPage\":{\"@id\":\"https:\/\/innoticiasbo.com\/index.php\/2025\/10\/23\/narcotrafico-rodrigo-paz-dice-que-trabajara-con-la-dea-y-con-todos-los-organismos-internacionales\/\"},\"wordCount\":228,\"commentCount\":0,\"publisher\":{\"@id\":\"https:\/\/innoticiasbo.com\/#organization\"},\"image\":{\"@id\":\"https:\/\/innoticiasbo.com\/index.php\/2025\/10\/23\/narcotrafico-rodrigo-paz-dice-que-trabajara-con-la-dea-y-con-todos-los-organismos-internacionales\/#primaryimage\"},\"thumbnailUrl\":\"https:\/\/i0.wp.com\/innoticiasbo.com\/wp-content\/uploads\/2025\/10\/1761226983641.jpg?fit=1080%2C1080&ssl=1\",\"articleSection\":[\"Bolivia\",\"Internacional\",\"Pol\u00edtica\"],\"inLanguage\":\"es\",\"potentialAction\":[{\"@type\":\"CommentAction\",\"name\":\"Comment\",\"target\":[\"https:\/\/innoticiasbo.com\/index.php\/2025\/10\/23\/narcotrafico-rodrigo-paz-dice-que-trabajara-con-la-dea-y-con-todos-los-organismos-internacionales\/#respond\"]}]},{\"@type\":\"WebPage\",\"@id\":\"https:\/\/innoticiasbo.com\/index.php\/2025\/10\/23\/narcotrafico-rodrigo-paz-dice-que-trabajara-con-la-dea-y-con-todos-los-organismos-internacionales\/\",\"url\":\"https:\/\/innoticiasbo.com\/index.php\/2025\/10\/23\/narcotrafico-rodrigo-paz-dice-que-trabajara-con-la-dea-y-con-todos-los-organismos-internacionales\/\",\"name\":\"NARCOTR\u00c1FICO: RODRIGO PAZ DICE QUE TRABAJAR\u00c1 CON LA DEA Y CON TODOS LOS ORGANISMOS INTERNACIONALES - innoticiasbo.com\",\"isPartOf\":{\"@id\":\"https:\/\/innoticiasbo.com\/#website\"},\"primaryImageOfPage\":{\"@id\":\"https:\/\/innoticiasbo.com\/index.php\/2025\/10\/23\/narcotrafico-rodrigo-paz-dice-que-trabajara-con-la-dea-y-con-todos-los-organismos-internacionales\/#primaryimage\"},\"image\":{\"@id\":\"https:\/\/innoticiasbo.com\/index.php\/2025\/10\/23\/narcotrafico-rodrigo-paz-dice-que-trabajara-con-la-dea-y-con-todos-los-organismos-internacionales\/#primaryimage\"},\"thumbnailUrl\":\"https:\/\/i0.wp.com\/innoticiasbo.com\/wp-content\/uploads\/2025\/10\/1761226983641.jpg?fit=1080%2C1080&ssl=1\",\"datePublished\":\"2025-10-23T13:44:30+00:00\",\"dateModified\":\"2025-10-23T13:44:38+00:00\",\"breadcrumb\":{\"@id\":\"https:\/\/innoticiasbo.com\/index.php\/2025\/10\/23\/narcotrafico-rodrigo-paz-dice-que-trabajara-con-la-dea-y-con-todos-los-organismos-internacionales\/#breadcrumb\"},\"inLanguage\":\"es\",\"potentialAction\":[{\"@type\":\"ReadAction\",\"target\":[\"https:\/\/innoticiasbo.com\/index.php\/2025\/10\/23\/narcotrafico-rodrigo-paz-dice-que-trabajara-con-la-dea-y-con-todos-los-organismos-internacionales\/\"]}]},{\"@type\":\"ImageObject\",\"inLanguage\":\"es\",\"@id\":\"https:\/\/innoticiasbo.com\/index.php\/2025\/10\/23\/narcotrafico-rodrigo-paz-dice-que-trabajara-con-la-dea-y-con-todos-los-organismos-internacionales\/#primaryimage\",\"url\":\"https:\/\/i0.wp.com\/innoticiasbo.com\/wp-content\/uploads\/2025\/10\/1761226983641.jpg?fit=1080%2C1080&ssl=1\",\"contentUrl\":\"https:\/\/i0.wp.com\/innoticiasbo.com\/wp-content\/uploads\/2025\/10\/1761226983641.jpg?fit=1080%2C1080&ssl=1\",\"width\":1080,\"height\":1080},{\"@type\":\"BreadcrumbList\",\"@id\":\"https:\/\/innoticiasbo.com\/index.php\/2025\/10\/23\/narcotrafico-rodrigo-paz-dice-que-trabajara-con-la-dea-y-con-todos-los-organismos-internacionales\/#breadcrumb\",\"itemListElement\":[{\"@type\":\"ListItem\",\"position\":1,\"name\":\"Portada\",\"item\":\"https:\/\/innoticiasbo.com\/\"},{\"@type\":\"ListItem\",\"position\":2,\"name\":\"NARCOTR\u00c1FICO: RODRIGO PAZ DICE QUE TRABAJAR\u00c1 CON LA DEA Y CON TODOS LOS ORGANISMOS INTERNACIONALES\"}]},{\"@type\":\"WebSite\",\"@id\":\"https:\/\/innoticiasbo.com\/#website\",\"url\":\"https:\/\/innoticiasbo.com\/\",\"name\":\"innoticiasbo.com\",\"description\":\"\",\"publisher\":{\"@id\":\"https:\/\/innoticiasbo.com\/#organization\"},\"potentialAction\":[{\"@type\":\"SearchAction\",\"target\":{\"@type\":\"EntryPoint\",\"urlTemplate\":\"https:\/\/innoticiasbo.com\/?s={search_term_string}\"},\"query-input\":{\"@type\":\"PropertyValueSpecification\",\"valueRequired\":true,\"valueName\":\"search_term_string\"}}],\"inLanguage\":\"es\"},{\"@type\":\"Organization\",\"@id\":\"https:\/\/innoticiasbo.com\/#organization\",\"name\":\"innoticiasbo.com\",\"url\":\"https:\/\/innoticiasbo.com\/\",\"logo\":{\"@type\":\"ImageObject\",\"inLanguage\":\"es\",\"@id\":\"https:\/\/innoticiasbo.com\/#\/schema\/logo\/image\/\",\"url\":\"https:\/\/i0.wp.com\/innoticiasbo.com\/wp-content\/uploads\/2026\/04\/cropped-IN-LOGO.png?fit=1476%2C1476&ssl=1\",\"contentUrl\":\"https:\/\/i0.wp.com\/innoticiasbo.com\/wp-content\/uploads\/2026\/04\/cropped-IN-LOGO.png?fit=1476%2C1476&ssl=1\",\"width\":1476,\"height\":1476,\"caption\":\"innoticiasbo.com\"},\"image\":{\"@id\":\"https:\/\/innoticiasbo.com\/#\/schema\/logo\/image\/\"},\"sameAs\":[\"https:\/\/www.facebook.com\/innoticiasbolivia\",\"https:\/\/x.com\/innoticiasbo\",\"https:\/\/www.instagram.com\/innoticiasbo\",\"https:\/\/www.youtube.com\/innoticiasbo\"]},{\"@type\":\"Person\",\"@id\":\"https:\/\/innoticiasbo.com\/#\/schema\/person\/a3aa59f775293b57d2f63327b36c159f\",\"name\":\"Abril Rodr\u00edguez\",\"image\":{\"@type\":\"ImageObject\",\"inLanguage\":\"es\",\"@id\":\"https:\/\/innoticiasbo.com\/#\/schema\/person\/image\/\",\"url\":\"https:\/\/secure.gravatar.com\/avatar\/f8e99d792cd766ba261d033b036cbf24?s=96&d=mm&r=g\",\"contentUrl\":\"https:\/\/secure.gravatar.com\/avatar\/f8e99d792cd766ba261d033b036cbf24?s=96&d=mm&r=g\",\"caption\":\"Abril Rodr\u00edguez\"},\"sameAs\":[\"http:\/\/www.innoticiasbo.com\"],\"url\":\"https:\/\/innoticiasbo.com\/index.php\/author\/prensa5\/\"}]}<\/script>\n<!-- \/ Yoast SEO plugin. -->","yoast_head_json":{"title":"NARCOTR\u00c1FICO: RODRIGO PAZ DICE QUE TRABAJAR\u00c1 CON LA DEA Y CON TODOS LOS ORGANISMOS INTERNACIONALES - innoticiasbo.com","robots":{"index":"index","follow":"follow","max-snippet":"max-snippet:-1","max-image-preview":"max-image-preview:large","max-video-preview":"max-video-preview:-1"},"canonical":"https:\/\/innoticiasbo.com\/index.php\/2025\/10\/23\/narcotrafico-rodrigo-paz-dice-que-trabajara-con-la-dea-y-con-todos-los-organismos-internacionales\/","og_locale":"es_ES","og_type":"article","og_title":"NARCOTR\u00c1FICO: RODRIGO PAZ DICE QUE TRABAJAR\u00c1 CON LA DEA Y CON TODOS LOS ORGANISMOS INTERNACIONALES - innoticiasbo.com","og_description":"22 de octubre de 2025.-\u00a0 El presidente electo de Bolivia, Rodrigo Paz, afirm\u00f3 este mi\u00e9rcoles que su gesti\u00f3n de Gobierno, que inicia el 8 de noviembre, trabajar\u00e1 con todos los organismos antidroga, incluida la DEA estadounidense. \u201cVamos a cooperar con todas las instancias internacionales, la DEA tambi\u00e9n. La DEA nunca se fue de Bolivia, nunca...","og_url":"https:\/\/innoticiasbo.com\/index.php\/2025\/10\/23\/narcotrafico-rodrigo-paz-dice-que-trabajara-con-la-dea-y-con-todos-los-organismos-internacionales\/","og_site_name":"innoticiasbo.com","article_publisher":"https:\/\/www.facebook.com\/innoticiasbolivia","article_published_time":"2025-10-23T13:44:30+00:00","article_modified_time":"2025-10-23T13:44:38+00:00","og_image":[{"width":1080,"height":1080,"url":"https:\/\/i0.wp.com\/innoticiasbo.com\/wp-content\/uploads\/2025\/10\/1761226983641.jpg?fit=1080%2C1080&ssl=1","type":"image\/jpeg"}],"author":"Abril Rodr\u00edguez","twitter_card":"summary_large_image","twitter_creator":"@innoticiasbo","twitter_site":"@innoticiasbo","twitter_misc":{"Escrito por":"Abril Rodr\u00edguez","Tiempo de lectura":"1 minuto"},"schema":{"@context":"https:\/\/schema.org","@graph":[{"@type":"Article","@id":"https:\/\/innoticiasbo.com\/index.php\/2025\/10\/23\/narcotrafico-rodrigo-paz-dice-que-trabajara-con-la-dea-y-con-todos-los-organismos-internacionales\/#article","isPartOf":{"@id":"https:\/\/innoticiasbo.com\/index.php\/2025\/10\/23\/narcotrafico-rodrigo-paz-dice-que-trabajara-con-la-dea-y-con-todos-los-organismos-internacionales\/"},"author":{"name":"Abril Rodr\u00edguez","@id":"https:\/\/innoticiasbo.com\/#\/schema\/person\/a3aa59f775293b57d2f63327b36c159f"},"headline":"NARCOTR\u00c1FICO: RODRIGO PAZ DICE QUE TRABAJAR\u00c1 CON LA DEA Y CON TODOS LOS ORGANISMOS INTERNACIONALES","datePublished":"2025-10-23T13:44:30+00:00","dateModified":"2025-10-23T13:44:38+00:00","mainEntityOfPage":{"@id":"https:\/\/innoticiasbo.com\/index.php\/2025\/10\/23\/narcotrafico-rodrigo-paz-dice-que-trabajara-con-la-dea-y-con-todos-los-organismos-internacionales\/"},"wordCount":228,"commentCount":0,"publisher":{"@id":"https:\/\/innoticiasbo.com\/#organization"},"image":{"@id":"https:\/\/innoticiasbo.com\/index.php\/2025\/10\/23\/narcotrafico-rodrigo-paz-dice-que-trabajara-con-la-dea-y-con-todos-los-organismos-internacionales\/#primaryimage"},"thumbnailUrl":"https:\/\/i0.wp.com\/innoticiasbo.com\/wp-content\/uploads\/2025\/10\/1761226983641.jpg?fit=1080%2C1080&ssl=1","articleSection":["Bolivia","Internacional","Pol\u00edtica"],"inLanguage":"es","potentialAction":[{"@type":"CommentAction","name":"Comment","target":["https:\/\/innoticiasbo.com\/index.php\/2025\/10\/23\/narcotrafico-rodrigo-paz-dice-que-trabajara-con-la-dea-y-con-todos-los-organismos-internacionales\/#respond"]}]},{"@type":"WebPage","@id":"https:\/\/innoticiasbo.com\/index.php\/2025\/10\/23\/narcotrafico-rodrigo-paz-dice-que-trabajara-con-la-dea-y-con-todos-los-organismos-internacionales\/","url":"https:\/\/innoticiasbo.com\/index.php\/2025\/10\/23\/narcotrafico-rodrigo-paz-dice-que-trabajara-con-la-dea-y-con-todos-los-organismos-internacionales\/","name":"NARCOTR\u00c1FICO: RODRIGO PAZ DICE QUE TRABAJAR\u00c1 CON LA DEA Y CON TODOS LOS ORGANISMOS INTERNACIONALES - innoticiasbo.com","isPartOf":{"@id":"https:\/\/innoticiasbo.com\/#website"},"primaryImageOfPage":{"@id":"https:\/\/innoticiasbo.com\/index.php\/2025\/10\/23\/narcotrafico-rodrigo-paz-dice-que-trabajara-con-la-dea-y-con-todos-los-organismos-internacionales\/#primaryimage"},"image":{"@id":"https:\/\/innoticiasbo.com\/index.php\/2025\/10\/23\/narcotrafico-rodrigo-paz-dice-que-trabajara-con-la-dea-y-con-todos-los-organismos-internacionales\/#primaryimage"},"thumbnailUrl":"https:\/\/i0.wp.com\/innoticiasbo.com\/wp-content\/uploads\/2025\/10\/1761226983641.jpg?fit=1080%2C1080&ssl=1","datePublished":"2025-10-23T13:44:30+00:00","dateModified":"2025-10-23T13:44:38+00:00","breadcrumb":{"@id":"https:\/\/innoticiasbo.com\/index.php\/2025\/10\/23\/narcotrafico-rodrigo-paz-dice-que-trabajara-con-la-dea-y-con-todos-los-organismos-internacionales\/#breadcrumb"},"inLanguage":"es","potentialAction":[{"@type":"ReadAction","target":["https:\/\/innoticiasbo.com\/index.php\/2025\/10\/23\/narcotrafico-rodrigo-paz-dice-que-trabajara-con-la-dea-y-con-todos-los-organismos-internacionales\/"]}]},{"@type":"ImageObject","inLanguage":"es","@id":"https:\/\/innoticiasbo.com\/index.php\/2025\/10\/23\/narcotrafico-rodrigo-paz-dice-que-trabajara-con-la-dea-y-con-todos-los-organismos-internacionales\/#primaryimage","url":"https:\/\/i0.wp.com\/innoticiasbo.com\/wp-content\/uploads\/2025\/10\/1761226983641.jpg?fit=1080%2C1080&ssl=1","contentUrl":"https:\/\/i0.wp.com\/innoticiasbo.com\/wp-content\/uploads\/2025\/10\/1761226983641.jpg?fit=1080%2C1080&ssl=1","width":1080,"height":1080},{"@type":"BreadcrumbList","@id":"https:\/\/innoticiasbo.com\/index.php\/2025\/10\/23\/narcotrafico-rodrigo-paz-dice-que-trabajara-con-la-dea-y-con-todos-los-organismos-internacionales\/#breadcrumb","itemListElement":[{"@type":"ListItem","position":1,"name":"Portada","item":"https:\/\/innoticiasbo.com\/"},{"@type":"ListItem","position":2,"name":"NARCOTR\u00c1FICO: RODRIGO PAZ DICE QUE TRABAJAR\u00c1 CON LA DEA Y CON TODOS LOS ORGANISMOS INTERNACIONALES"}]},{"@type":"WebSite","@id":"https:\/\/innoticiasbo.com\/#website","url":"https:\/\/innoticiasbo.com\/","name":"innoticiasbo.com","description":"","publisher":{"@id":"https:\/\/innoticiasbo.com\/#organization"},"potentialAction":[{"@type":"SearchAction","target":{"@type":"EntryPoint","urlTemplate":"https:\/\/innoticiasbo.com\/?s={search_term_string}"},"query-input":{"@type":"PropertyValueSpecification","valueRequired":true,"valueName":"search_term_string"}}],"inLanguage":"es"},{"@type":"Organization","@id":"https:\/\/innoticiasbo.com\/#organization","name":"innoticiasbo.com","url":"https:\/\/innoticiasbo.com\/","logo":{"@type":"ImageObject","inLanguage":"es","@id":"https:\/\/innoticiasbo.com\/#\/schema\/logo\/image\/","url":"https:\/\/i0.wp.com\/innoticiasbo.com\/wp-content\/uploads\/2026\/04\/cropped-IN-LOGO.png?fit=1476%2C1476&ssl=1","contentUrl":"https:\/\/i0.wp.com\/innoticiasbo.com\/wp-content\/uploads\/2026\/04\/cropped-IN-LOGO.png?fit=1476%2C1476&ssl=1","width":1476,"height":1476,"caption":"innoticiasbo.com"},"image":{"@id":"https:\/\/innoticiasbo.com\/#\/schema\/logo\/image\/"},"sameAs":["https:\/\/www.facebook.com\/innoticiasbolivia","https:\/\/x.com\/innoticiasbo","https:\/\/www.instagram.com\/innoticiasbo","https:\/\/www.youtube.com\/innoticiasbo"]},{"@type":"Person","@id":"https:\/\/innoticiasbo.com\/#\/schema\/person\/a3aa59f775293b57d2f63327b36c159f","name":"Abril Rodr\u00edguez","image":{"@type":"ImageObject","inLanguage":"es","@id":"https:\/\/innoticiasbo.com\/#\/schema\/person\/image\/","url":"https:\/\/secure.gravatar.com\/avatar\/f8e99d792cd766ba261d033b036cbf24?s=96&d=mm&r=g","contentUrl":"https:\/\/secure.gravatar.com\/avatar\/f8e99d792cd766ba261d033b036cbf24?s=96&d=mm&r=g","caption":"Abril Rodr\u00edguez"},"sameAs":["http:\/\/www.innoticiasbo.com"],"url":"https:\/\/innoticiasbo.com\/index.php\/author\/prensa5\/"}]}},"jetpack_featured_media_url":"https:\/\/i0.wp.com\/innoticiasbo.com\/wp-content\/uploads\/2025\/10\/1761226983641.jpg?fit=1080%2C1080&ssl=1","jetpack_likes_enabled":true,"jetpack_sharing_enabled":true,"jetpack_shortlink":"https:\/\/wp.me\/pg298x-25u","_links":{"self":[{"href":"https:\/\/innoticiasbo.com\/index.php\/wp-json\/wp\/v2\/posts\/8028","targetHints":{"allow":["GET"]}}],"collection":[{"href":"https:\/\/innoticiasbo.com\/index.php\/wp-json\/wp\/v2\/posts"}],"about":[{"href":"https:\/\/innoticiasbo.com\/index.php\/wp-json\/wp\/v2\/types\/post"}],"author":[{"embeddable":true,"href":"https:\/\/innoticiasbo.com\/index.php\/wp-json\/wp\/v2\/users\/7"}],"replies":[{"embeddable":true,"href":"https:\/\/innoticiasbo.com\/index.php\/wp-json\/wp\/v2\/comments?post=8028"}],"version-history":[{"count":1,"href":"https:\/\/innoticiasbo.com\/index.php\/wp-json\/wp\/v2\/posts\/8028\/revisions"}],"predecessor-version":[{"id":8029,"href":"https:\/\/innoticiasbo.com\/index.php\/wp-json\/wp\/v2\/posts\/8028\/revisions\/8029"}],"wp:featuredmedia":[{"embeddable":true,"href":"https:\/\/innoticiasbo.com\/index.php\/wp-json\/wp\/v2\/media\/8027"}],"wp:attachment":[{"href":"https:\/\/innoticiasbo.com\/index.php\/wp-json\/wp\/v2\/media?parent=8028"}],"wp:term":[{"taxonomy":"category","embeddable":true,"href":"https:\/\/innoticiasbo.com\/index.php\/wp-json\/wp\/v2\/categories?post=8028"},{"taxonomy":"post_tag","embeddable":true,"href":"https:\/\/innoticiasbo.com\/index.php\/wp-json\/wp\/v2\/tags?post=8028"}],"curies":[{"name":"wp","href":"https:\/\/api.w.org\/{rel}","templated":true}]}}