{"id":8024,"date":"2025-10-23T09:40:50","date_gmt":"2025-10-23T13:40:50","guid":{"rendered":"https:\/\/innoticiasbo.com\/?p=8024"},"modified":"2025-10-23T09:41:29","modified_gmt":"2025-10-23T13:41:29","slug":"fiscalia-investiga-venta-de-revistas-p0rn0gr4fic4s-cerca-de-una-unidad-educativa-en-cochabamba","status":"publish","type":"post","link":"https:\/\/innoticiasbo.com\/index.php\/2025\/10\/23\/fiscalia-investiga-venta-de-revistas-p0rn0gr4fic4s-cerca-de-una-unidad-educativa-en-cochabamba\/","title":{"rendered":"FISCAL\u00cdA INVESTIGA VENTA DE REVISTAS P0RN0GR4FIC4S CERCA DE UNA UNIDAD EDUCATIVA EN COCHABAMBA"},"content":{"rendered":"\n<figure class=\"wp-block-gallery has-nested-images columns-default is-cropped wp-block-gallery-1 is-layout-flex wp-block-gallery-is-layout-flex\">\n<figure class=\"wp-block-image size-large\"><img data-recalc-dims=\"1\" loading=\"lazy\" decoding=\"async\" width=\"640\" height=\"381\" data-id=\"8022\" src=\"https:\/\/i0.wp.com\/innoticiasbo.com\/wp-content\/uploads\/2025\/10\/17612268041626131102035119243002.jpg?resize=640%2C381&#038;ssl=1\" alt=\"\" class=\"wp-image-8022\" srcset=\"https:\/\/i0.wp.com\/innoticiasbo.com\/wp-content\/uploads\/2025\/10\/17612268041626131102035119243002.jpg?resize=1024%2C609&amp;ssl=1 1024w, https:\/\/i0.wp.com\/innoticiasbo.com\/wp-content\/uploads\/2025\/10\/17612268041626131102035119243002.jpg?resize=300%2C178&amp;ssl=1 300w, https:\/\/i0.wp.com\/innoticiasbo.com\/wp-content\/uploads\/2025\/10\/17612268041626131102035119243002.jpg?resize=768%2C457&amp;ssl=1 768w, https:\/\/i0.wp.com\/innoticiasbo.com\/wp-content\/uploads\/2025\/10\/17612268041626131102035119243002.jpg?w=1080&amp;ssl=1 1080w\" sizes=\"auto, (max-width: 640px) 100vw, 640px\" \/><\/figure>\n<\/figure>\n\n\n\n<p>Cochabamba,&nbsp; 22 de octubre de 2025.- La Coordinadora Departamental de la Fiscal\u00eda de Cochabamba, Ximena Narv\u00e1ez Rivero, inform\u00f3 sobre la apertura de una investigaci\u00f3n de oficio contra un sujeto denunciado por la venta de revistas con contenido p0rnOgr4fico en inmediaciones de una unidad educativa ubicada en la zona sur de la ciudad.<br><br>Narv\u00e1ez explic\u00f3 que el caso fue iniciado tras una denuncia p\u00fablica y que el hecho podr\u00eda constituir un delito contra la moral y las buenas costumbres, por lo que se dispuso la recolecci\u00f3n de pruebas y la identificaci\u00f3n plena del responsable.<br><br>La autoridad fiscal reiter\u00f3 el compromiso institucional de proteger a ni\u00f1os, ni\u00f1as y adolescentes de cualquier forma de exposici\u00f3n a material inapropiado.<br>#fiscalia #delitos #colegio #innoticias<\/p>\n","protected":false},"excerpt":{"rendered":"<p>Cochabamba,&nbsp; 22 de octubre de 2025.- La Coordinadora Departamental de la Fiscal\u00eda de Cochabamba, Ximena Narv\u00e1ez Rivero, inform\u00f3 sobre la apertura de una investigaci\u00f3n de oficio contra un sujeto denunciado por la venta de revistas con contenido p0rnOgr4fico en inmediaciones de una unidad educativa ubicada en la zona sur de la ciudad. Narv\u00e1ez explic\u00f3 que&#8230;<\/p>\n","protected":false},"author":7,"featured_media":8023,"comment_status":"open","ping_status":"open","sticky":false,"template":"","format":"standard","meta":{"_jetpack_memberships_contains_paid_content":false,"footnotes":"","jetpack_publicize_message":"","jetpack_publicize_feature_enabled":true,"jetpack_social_post_already_shared":true,"jetpack_social_options":{"image_generator_settings":{"template":"highway","enabled":false},"version":2}},"categories":[1,2],"tags":[],"class_list":["post-8024","post","type-post","status-publish","format-standard","has-post-thumbnail","hentry","category-bolivia","category-cochabamba"],"jetpack_publicize_connections":[],"yoast_head":"<!-- This site is optimized with the Yoast SEO plugin v23.4 - https:\/\/yoast.com\/wordpress\/plugins\/seo\/ -->\n<title>FISCAL\u00cdA INVESTIGA VENTA DE REVISTAS P0RN0GR4FIC4S CERCA DE UNA UNIDAD EDUCATIVA EN COCHABAMBA - innoticiasbo.com<\/title>\n<meta name=\"robots\" content=\"index, follow, max-snippet:-1, max-image-preview:large, max-video-preview:-1\" \/>\n<link rel=\"canonical\" href=\"https:\/\/innoticiasbo.com\/index.php\/2025\/10\/23\/fiscalia-investiga-venta-de-revistas-p0rn0gr4fic4s-cerca-de-una-unidad-educativa-en-cochabamba\/\" \/>\n<meta property=\"og:locale\" content=\"es_ES\" \/>\n<meta property=\"og:type\" content=\"article\" \/>\n<meta property=\"og:title\" content=\"FISCAL\u00cdA INVESTIGA VENTA DE REVISTAS P0RN0GR4FIC4S CERCA DE UNA UNIDAD EDUCATIVA EN COCHABAMBA - innoticiasbo.com\" \/>\n<meta property=\"og:description\" content=\"Cochabamba,&nbsp; 22 de octubre de 2025.- La Coordinadora Departamental de la Fiscal\u00eda de Cochabamba, Ximena Narv\u00e1ez Rivero, inform\u00f3 sobre la apertura de una investigaci\u00f3n de oficio contra un sujeto denunciado por la venta de revistas con contenido p0rnOgr4fico en inmediaciones de una unidad educativa ubicada en la zona sur de la ciudad. Narv\u00e1ez explic\u00f3 que...\" \/>\n<meta property=\"og:url\" content=\"https:\/\/innoticiasbo.com\/index.php\/2025\/10\/23\/fiscalia-investiga-venta-de-revistas-p0rn0gr4fic4s-cerca-de-una-unidad-educativa-en-cochabamba\/\" \/>\n<meta property=\"og:site_name\" content=\"innoticiasbo.com\" \/>\n<meta property=\"article:publisher\" content=\"https:\/\/www.facebook.com\/innoticiasbolivia\" \/>\n<meta property=\"article:published_time\" content=\"2025-10-23T13:40:50+00:00\" \/>\n<meta property=\"article:modified_time\" content=\"2025-10-23T13:41:29+00:00\" \/>\n<meta property=\"og:image\" content=\"https:\/\/i0.wp.com\/innoticiasbo.com\/wp-content\/uploads\/2025\/10\/1761226804162.jpg?fit=1080%2C642&ssl=1\" \/>\n\t<meta property=\"og:image:width\" content=\"1080\" \/>\n\t<meta property=\"og:image:height\" content=\"642\" \/>\n\t<meta property=\"og:image:type\" content=\"image\/jpeg\" \/>\n<meta name=\"author\" content=\"Abril Rodr\u00edguez\" \/>\n<meta name=\"twitter:card\" content=\"summary_large_image\" \/>\n<meta name=\"twitter:creator\" content=\"@innoticiasbo\" \/>\n<meta name=\"twitter:site\" content=\"@innoticiasbo\" \/>\n<meta name=\"twitter:label1\" content=\"Escrito por\" \/>\n\t<meta name=\"twitter:data1\" content=\"Abril Rodr\u00edguez\" \/>\n\t<meta name=\"twitter:label2\" content=\"Tiempo de lectura\" \/>\n\t<meta name=\"twitter:data2\" content=\"1 minuto\" \/>\n<script type=\"application\/ld+json\" class=\"yoast-schema-graph\">{\"@context\":\"https:\/\/schema.org\",\"@graph\":[{\"@type\":\"Article\",\"@id\":\"https:\/\/innoticiasbo.com\/index.php\/2025\/10\/23\/fiscalia-investiga-venta-de-revistas-p0rn0gr4fic4s-cerca-de-una-unidad-educativa-en-cochabamba\/#article\",\"isPartOf\":{\"@id\":\"https:\/\/innoticiasbo.com\/index.php\/2025\/10\/23\/fiscalia-investiga-venta-de-revistas-p0rn0gr4fic4s-cerca-de-una-unidad-educativa-en-cochabamba\/\"},\"author\":{\"name\":\"Abril Rodr\u00edguez\",\"@id\":\"https:\/\/innoticiasbo.com\/#\/schema\/person\/a3aa59f775293b57d2f63327b36c159f\"},\"headline\":\"FISCAL\u00cdA INVESTIGA VENTA DE REVISTAS P0RN0GR4FIC4S CERCA DE UNA UNIDAD EDUCATIVA EN COCHABAMBA\",\"datePublished\":\"2025-10-23T13:40:50+00:00\",\"dateModified\":\"2025-10-23T13:41:29+00:00\",\"mainEntityOfPage\":{\"@id\":\"https:\/\/innoticiasbo.com\/index.php\/2025\/10\/23\/fiscalia-investiga-venta-de-revistas-p0rn0gr4fic4s-cerca-de-una-unidad-educativa-en-cochabamba\/\"},\"wordCount\":150,\"commentCount\":0,\"publisher\":{\"@id\":\"https:\/\/innoticiasbo.com\/#organization\"},\"image\":{\"@id\":\"https:\/\/innoticiasbo.com\/index.php\/2025\/10\/23\/fiscalia-investiga-venta-de-revistas-p0rn0gr4fic4s-cerca-de-una-unidad-educativa-en-cochabamba\/#primaryimage\"},\"thumbnailUrl\":\"https:\/\/i0.wp.com\/innoticiasbo.com\/wp-content\/uploads\/2025\/10\/1761226804162.jpg?fit=1080%2C642&ssl=1\",\"articleSection\":[\"Bolivia\",\"Cochabamba\"],\"inLanguage\":\"es\",\"potentialAction\":[{\"@type\":\"CommentAction\",\"name\":\"Comment\",\"target\":[\"https:\/\/innoticiasbo.com\/index.php\/2025\/10\/23\/fiscalia-investiga-venta-de-revistas-p0rn0gr4fic4s-cerca-de-una-unidad-educativa-en-cochabamba\/#respond\"]}]},{\"@type\":\"WebPage\",\"@id\":\"https:\/\/innoticiasbo.com\/index.php\/2025\/10\/23\/fiscalia-investiga-venta-de-revistas-p0rn0gr4fic4s-cerca-de-una-unidad-educativa-en-cochabamba\/\",\"url\":\"https:\/\/innoticiasbo.com\/index.php\/2025\/10\/23\/fiscalia-investiga-venta-de-revistas-p0rn0gr4fic4s-cerca-de-una-unidad-educativa-en-cochabamba\/\",\"name\":\"FISCAL\u00cdA INVESTIGA VENTA DE REVISTAS P0RN0GR4FIC4S CERCA DE UNA UNIDAD EDUCATIVA EN COCHABAMBA - innoticiasbo.com\",\"isPartOf\":{\"@id\":\"https:\/\/innoticiasbo.com\/#website\"},\"primaryImageOfPage\":{\"@id\":\"https:\/\/innoticiasbo.com\/index.php\/2025\/10\/23\/fiscalia-investiga-venta-de-revistas-p0rn0gr4fic4s-cerca-de-una-unidad-educativa-en-cochabamba\/#primaryimage\"},\"image\":{\"@id\":\"https:\/\/innoticiasbo.com\/index.php\/2025\/10\/23\/fiscalia-investiga-venta-de-revistas-p0rn0gr4fic4s-cerca-de-una-unidad-educativa-en-cochabamba\/#primaryimage\"},\"thumbnailUrl\":\"https:\/\/i0.wp.com\/innoticiasbo.com\/wp-content\/uploads\/2025\/10\/1761226804162.jpg?fit=1080%2C642&ssl=1\",\"datePublished\":\"2025-10-23T13:40:50+00:00\",\"dateModified\":\"2025-10-23T13:41:29+00:00\",\"breadcrumb\":{\"@id\":\"https:\/\/innoticiasbo.com\/index.php\/2025\/10\/23\/fiscalia-investiga-venta-de-revistas-p0rn0gr4fic4s-cerca-de-una-unidad-educativa-en-cochabamba\/#breadcrumb\"},\"inLanguage\":\"es\",\"potentialAction\":[{\"@type\":\"ReadAction\",\"target\":[\"https:\/\/innoticiasbo.com\/index.php\/2025\/10\/23\/fiscalia-investiga-venta-de-revistas-p0rn0gr4fic4s-cerca-de-una-unidad-educativa-en-cochabamba\/\"]}]},{\"@type\":\"ImageObject\",\"inLanguage\":\"es\",\"@id\":\"https:\/\/innoticiasbo.com\/index.php\/2025\/10\/23\/fiscalia-investiga-venta-de-revistas-p0rn0gr4fic4s-cerca-de-una-unidad-educativa-en-cochabamba\/#primaryimage\",\"url\":\"https:\/\/i0.wp.com\/innoticiasbo.com\/wp-content\/uploads\/2025\/10\/1761226804162.jpg?fit=1080%2C642&ssl=1\",\"contentUrl\":\"https:\/\/i0.wp.com\/innoticiasbo.com\/wp-content\/uploads\/2025\/10\/1761226804162.jpg?fit=1080%2C642&ssl=1\",\"width\":1080,\"height\":642},{\"@type\":\"BreadcrumbList\",\"@id\":\"https:\/\/innoticiasbo.com\/index.php\/2025\/10\/23\/fiscalia-investiga-venta-de-revistas-p0rn0gr4fic4s-cerca-de-una-unidad-educativa-en-cochabamba\/#breadcrumb\",\"itemListElement\":[{\"@type\":\"ListItem\",\"position\":1,\"name\":\"Portada\",\"item\":\"https:\/\/innoticiasbo.com\/\"},{\"@type\":\"ListItem\",\"position\":2,\"name\":\"FISCAL\u00cdA INVESTIGA VENTA DE REVISTAS P0RN0GR4FIC4S CERCA DE UNA UNIDAD EDUCATIVA EN COCHABAMBA\"}]},{\"@type\":\"WebSite\",\"@id\":\"https:\/\/innoticiasbo.com\/#website\",\"url\":\"https:\/\/innoticiasbo.com\/\",\"name\":\"innoticiasbo.com\",\"description\":\"\",\"publisher\":{\"@id\":\"https:\/\/innoticiasbo.com\/#organization\"},\"potentialAction\":[{\"@type\":\"SearchAction\",\"target\":{\"@type\":\"EntryPoint\",\"urlTemplate\":\"https:\/\/innoticiasbo.com\/?s={search_term_string}\"},\"query-input\":{\"@type\":\"PropertyValueSpecification\",\"valueRequired\":true,\"valueName\":\"search_term_string\"}}],\"inLanguage\":\"es\"},{\"@type\":\"Organization\",\"@id\":\"https:\/\/innoticiasbo.com\/#organization\",\"name\":\"innoticiasbo.com\",\"url\":\"https:\/\/innoticiasbo.com\/\",\"logo\":{\"@type\":\"ImageObject\",\"inLanguage\":\"es\",\"@id\":\"https:\/\/innoticiasbo.com\/#\/schema\/logo\/image\/\",\"url\":\"https:\/\/i0.wp.com\/innoticiasbo.com\/wp-content\/uploads\/2026\/04\/cropped-IN-LOGO.png?fit=1476%2C1476&ssl=1\",\"contentUrl\":\"https:\/\/i0.wp.com\/innoticiasbo.com\/wp-content\/uploads\/2026\/04\/cropped-IN-LOGO.png?fit=1476%2C1476&ssl=1\",\"width\":1476,\"height\":1476,\"caption\":\"innoticiasbo.com\"},\"image\":{\"@id\":\"https:\/\/innoticiasbo.com\/#\/schema\/logo\/image\/\"},\"sameAs\":[\"https:\/\/www.facebook.com\/innoticiasbolivia\",\"https:\/\/x.com\/innoticiasbo\",\"https:\/\/www.instagram.com\/innoticiasbo\",\"https:\/\/www.youtube.com\/innoticiasbo\"]},{\"@type\":\"Person\",\"@id\":\"https:\/\/innoticiasbo.com\/#\/schema\/person\/a3aa59f775293b57d2f63327b36c159f\",\"name\":\"Abril Rodr\u00edguez\",\"image\":{\"@type\":\"ImageObject\",\"inLanguage\":\"es\",\"@id\":\"https:\/\/innoticiasbo.com\/#\/schema\/person\/image\/\",\"url\":\"https:\/\/secure.gravatar.com\/avatar\/f8e99d792cd766ba261d033b036cbf24?s=96&d=mm&r=g\",\"contentUrl\":\"https:\/\/secure.gravatar.com\/avatar\/f8e99d792cd766ba261d033b036cbf24?s=96&d=mm&r=g\",\"caption\":\"Abril Rodr\u00edguez\"},\"sameAs\":[\"http:\/\/www.innoticiasbo.com\"],\"url\":\"https:\/\/innoticiasbo.com\/index.php\/author\/prensa5\/\"}]}<\/script>\n<!-- \/ Yoast SEO plugin. -->","yoast_head_json":{"title":"FISCAL\u00cdA INVESTIGA VENTA DE REVISTAS P0RN0GR4FIC4S CERCA DE UNA UNIDAD EDUCATIVA EN COCHABAMBA - innoticiasbo.com","robots":{"index":"index","follow":"follow","max-snippet":"max-snippet:-1","max-image-preview":"max-image-preview:large","max-video-preview":"max-video-preview:-1"},"canonical":"https:\/\/innoticiasbo.com\/index.php\/2025\/10\/23\/fiscalia-investiga-venta-de-revistas-p0rn0gr4fic4s-cerca-de-una-unidad-educativa-en-cochabamba\/","og_locale":"es_ES","og_type":"article","og_title":"FISCAL\u00cdA INVESTIGA VENTA DE REVISTAS P0RN0GR4FIC4S CERCA DE UNA UNIDAD EDUCATIVA EN COCHABAMBA - innoticiasbo.com","og_description":"Cochabamba,&nbsp; 22 de octubre de 2025.- La Coordinadora Departamental de la Fiscal\u00eda de Cochabamba, Ximena Narv\u00e1ez Rivero, inform\u00f3 sobre la apertura de una investigaci\u00f3n de oficio contra un sujeto denunciado por la venta de revistas con contenido p0rnOgr4fico en inmediaciones de una unidad educativa ubicada en la zona sur de la ciudad. Narv\u00e1ez explic\u00f3 que...","og_url":"https:\/\/innoticiasbo.com\/index.php\/2025\/10\/23\/fiscalia-investiga-venta-de-revistas-p0rn0gr4fic4s-cerca-de-una-unidad-educativa-en-cochabamba\/","og_site_name":"innoticiasbo.com","article_publisher":"https:\/\/www.facebook.com\/innoticiasbolivia","article_published_time":"2025-10-23T13:40:50+00:00","article_modified_time":"2025-10-23T13:41:29+00:00","og_image":[{"width":1080,"height":642,"url":"https:\/\/i0.wp.com\/innoticiasbo.com\/wp-content\/uploads\/2025\/10\/1761226804162.jpg?fit=1080%2C642&ssl=1","type":"image\/jpeg"}],"author":"Abril Rodr\u00edguez","twitter_card":"summary_large_image","twitter_creator":"@innoticiasbo","twitter_site":"@innoticiasbo","twitter_misc":{"Escrito por":"Abril Rodr\u00edguez","Tiempo de lectura":"1 minuto"},"schema":{"@context":"https:\/\/schema.org","@graph":[{"@type":"Article","@id":"https:\/\/innoticiasbo.com\/index.php\/2025\/10\/23\/fiscalia-investiga-venta-de-revistas-p0rn0gr4fic4s-cerca-de-una-unidad-educativa-en-cochabamba\/#article","isPartOf":{"@id":"https:\/\/innoticiasbo.com\/index.php\/2025\/10\/23\/fiscalia-investiga-venta-de-revistas-p0rn0gr4fic4s-cerca-de-una-unidad-educativa-en-cochabamba\/"},"author":{"name":"Abril Rodr\u00edguez","@id":"https:\/\/innoticiasbo.com\/#\/schema\/person\/a3aa59f775293b57d2f63327b36c159f"},"headline":"FISCAL\u00cdA INVESTIGA VENTA DE REVISTAS P0RN0GR4FIC4S CERCA DE UNA UNIDAD EDUCATIVA EN COCHABAMBA","datePublished":"2025-10-23T13:40:50+00:00","dateModified":"2025-10-23T13:41:29+00:00","mainEntityOfPage":{"@id":"https:\/\/innoticiasbo.com\/index.php\/2025\/10\/23\/fiscalia-investiga-venta-de-revistas-p0rn0gr4fic4s-cerca-de-una-unidad-educativa-en-cochabamba\/"},"wordCount":150,"commentCount":0,"publisher":{"@id":"https:\/\/innoticiasbo.com\/#organization"},"image":{"@id":"https:\/\/innoticiasbo.com\/index.php\/2025\/10\/23\/fiscalia-investiga-venta-de-revistas-p0rn0gr4fic4s-cerca-de-una-unidad-educativa-en-cochabamba\/#primaryimage"},"thumbnailUrl":"https:\/\/i0.wp.com\/innoticiasbo.com\/wp-content\/uploads\/2025\/10\/1761226804162.jpg?fit=1080%2C642&ssl=1","articleSection":["Bolivia","Cochabamba"],"inLanguage":"es","potentialAction":[{"@type":"CommentAction","name":"Comment","target":["https:\/\/innoticiasbo.com\/index.php\/2025\/10\/23\/fiscalia-investiga-venta-de-revistas-p0rn0gr4fic4s-cerca-de-una-unidad-educativa-en-cochabamba\/#respond"]}]},{"@type":"WebPage","@id":"https:\/\/innoticiasbo.com\/index.php\/2025\/10\/23\/fiscalia-investiga-venta-de-revistas-p0rn0gr4fic4s-cerca-de-una-unidad-educativa-en-cochabamba\/","url":"https:\/\/innoticiasbo.com\/index.php\/2025\/10\/23\/fiscalia-investiga-venta-de-revistas-p0rn0gr4fic4s-cerca-de-una-unidad-educativa-en-cochabamba\/","name":"FISCAL\u00cdA INVESTIGA VENTA DE REVISTAS P0RN0GR4FIC4S CERCA DE UNA UNIDAD EDUCATIVA EN COCHABAMBA - innoticiasbo.com","isPartOf":{"@id":"https:\/\/innoticiasbo.com\/#website"},"primaryImageOfPage":{"@id":"https:\/\/innoticiasbo.com\/index.php\/2025\/10\/23\/fiscalia-investiga-venta-de-revistas-p0rn0gr4fic4s-cerca-de-una-unidad-educativa-en-cochabamba\/#primaryimage"},"image":{"@id":"https:\/\/innoticiasbo.com\/index.php\/2025\/10\/23\/fiscalia-investiga-venta-de-revistas-p0rn0gr4fic4s-cerca-de-una-unidad-educativa-en-cochabamba\/#primaryimage"},"thumbnailUrl":"https:\/\/i0.wp.com\/innoticiasbo.com\/wp-content\/uploads\/2025\/10\/1761226804162.jpg?fit=1080%2C642&ssl=1","datePublished":"2025-10-23T13:40:50+00:00","dateModified":"2025-10-23T13:41:29+00:00","breadcrumb":{"@id":"https:\/\/innoticiasbo.com\/index.php\/2025\/10\/23\/fiscalia-investiga-venta-de-revistas-p0rn0gr4fic4s-cerca-de-una-unidad-educativa-en-cochabamba\/#breadcrumb"},"inLanguage":"es","potentialAction":[{"@type":"ReadAction","target":["https:\/\/innoticiasbo.com\/index.php\/2025\/10\/23\/fiscalia-investiga-venta-de-revistas-p0rn0gr4fic4s-cerca-de-una-unidad-educativa-en-cochabamba\/"]}]},{"@type":"ImageObject","inLanguage":"es","@id":"https:\/\/innoticiasbo.com\/index.php\/2025\/10\/23\/fiscalia-investiga-venta-de-revistas-p0rn0gr4fic4s-cerca-de-una-unidad-educativa-en-cochabamba\/#primaryimage","url":"https:\/\/i0.wp.com\/innoticiasbo.com\/wp-content\/uploads\/2025\/10\/1761226804162.jpg?fit=1080%2C642&ssl=1","contentUrl":"https:\/\/i0.wp.com\/innoticiasbo.com\/wp-content\/uploads\/2025\/10\/1761226804162.jpg?fit=1080%2C642&ssl=1","width":1080,"height":642},{"@type":"BreadcrumbList","@id":"https:\/\/innoticiasbo.com\/index.php\/2025\/10\/23\/fiscalia-investiga-venta-de-revistas-p0rn0gr4fic4s-cerca-de-una-unidad-educativa-en-cochabamba\/#breadcrumb","itemListElement":[{"@type":"ListItem","position":1,"name":"Portada","item":"https:\/\/innoticiasbo.com\/"},{"@type":"ListItem","position":2,"name":"FISCAL\u00cdA INVESTIGA VENTA DE REVISTAS P0RN0GR4FIC4S CERCA DE UNA UNIDAD EDUCATIVA EN COCHABAMBA"}]},{"@type":"WebSite","@id":"https:\/\/innoticiasbo.com\/#website","url":"https:\/\/innoticiasbo.com\/","name":"innoticiasbo.com","description":"","publisher":{"@id":"https:\/\/innoticiasbo.com\/#organization"},"potentialAction":[{"@type":"SearchAction","target":{"@type":"EntryPoint","urlTemplate":"https:\/\/innoticiasbo.com\/?s={search_term_string}"},"query-input":{"@type":"PropertyValueSpecification","valueRequired":true,"valueName":"search_term_string"}}],"inLanguage":"es"},{"@type":"Organization","@id":"https:\/\/innoticiasbo.com\/#organization","name":"innoticiasbo.com","url":"https:\/\/innoticiasbo.com\/","logo":{"@type":"ImageObject","inLanguage":"es","@id":"https:\/\/innoticiasbo.com\/#\/schema\/logo\/image\/","url":"https:\/\/i0.wp.com\/innoticiasbo.com\/wp-content\/uploads\/2026\/04\/cropped-IN-LOGO.png?fit=1476%2C1476&ssl=1","contentUrl":"https:\/\/i0.wp.com\/innoticiasbo.com\/wp-content\/uploads\/2026\/04\/cropped-IN-LOGO.png?fit=1476%2C1476&ssl=1","width":1476,"height":1476,"caption":"innoticiasbo.com"},"image":{"@id":"https:\/\/innoticiasbo.com\/#\/schema\/logo\/image\/"},"sameAs":["https:\/\/www.facebook.com\/innoticiasbolivia","https:\/\/x.com\/innoticiasbo","https:\/\/www.instagram.com\/innoticiasbo","https:\/\/www.youtube.com\/innoticiasbo"]},{"@type":"Person","@id":"https:\/\/innoticiasbo.com\/#\/schema\/person\/a3aa59f775293b57d2f63327b36c159f","name":"Abril Rodr\u00edguez","image":{"@type":"ImageObject","inLanguage":"es","@id":"https:\/\/innoticiasbo.com\/#\/schema\/person\/image\/","url":"https:\/\/secure.gravatar.com\/avatar\/f8e99d792cd766ba261d033b036cbf24?s=96&d=mm&r=g","contentUrl":"https:\/\/secure.gravatar.com\/avatar\/f8e99d792cd766ba261d033b036cbf24?s=96&d=mm&r=g","caption":"Abril Rodr\u00edguez"},"sameAs":["http:\/\/www.innoticiasbo.com"],"url":"https:\/\/innoticiasbo.com\/index.php\/author\/prensa5\/"}]}},"jetpack_featured_media_url":"https:\/\/i0.wp.com\/innoticiasbo.com\/wp-content\/uploads\/2025\/10\/1761226804162.jpg?fit=1080%2C642&ssl=1","jetpack_likes_enabled":true,"jetpack_sharing_enabled":true,"jetpack_shortlink":"https:\/\/wp.me\/pg298x-25q","_links":{"self":[{"href":"https:\/\/innoticiasbo.com\/index.php\/wp-json\/wp\/v2\/posts\/8024","targetHints":{"allow":["GET"]}}],"collection":[{"href":"https:\/\/innoticiasbo.com\/index.php\/wp-json\/wp\/v2\/posts"}],"about":[{"href":"https:\/\/innoticiasbo.com\/index.php\/wp-json\/wp\/v2\/types\/post"}],"author":[{"embeddable":true,"href":"https:\/\/innoticiasbo.com\/index.php\/wp-json\/wp\/v2\/users\/7"}],"replies":[{"embeddable":true,"href":"https:\/\/innoticiasbo.com\/index.php\/wp-json\/wp\/v2\/comments?post=8024"}],"version-history":[{"count":1,"href":"https:\/\/innoticiasbo.com\/index.php\/wp-json\/wp\/v2\/posts\/8024\/revisions"}],"predecessor-version":[{"id":8025,"href":"https:\/\/innoticiasbo.com\/index.php\/wp-json\/wp\/v2\/posts\/8024\/revisions\/8025"}],"wp:featuredmedia":[{"embeddable":true,"href":"https:\/\/innoticiasbo.com\/index.php\/wp-json\/wp\/v2\/media\/8023"}],"wp:attachment":[{"href":"https:\/\/innoticiasbo.com\/index.php\/wp-json\/wp\/v2\/media?parent=8024"}],"wp:term":[{"taxonomy":"category","embeddable":true,"href":"https:\/\/innoticiasbo.com\/index.php\/wp-json\/wp\/v2\/categories?post=8024"},{"taxonomy":"post_tag","embeddable":true,"href":"https:\/\/innoticiasbo.com\/index.php\/wp-json\/wp\/v2\/tags?post=8024"}],"curies":[{"name":"wp","href":"https:\/\/api.w.org\/{rel}","templated":true}]}}