{"id":8020,"date":"2025-10-23T09:38:52","date_gmt":"2025-10-23T13:38:52","guid":{"rendered":"https:\/\/innoticiasbo.com\/?p=8020"},"modified":"2025-10-23T09:39:24","modified_gmt":"2025-10-23T13:39:24","slug":"arce-sobre-el-caso-brenda-se-ha-manchado-nuestra-imagen-y-nuestro-apellido-y-corresponde-actuar-conforme-a-la-ley","status":"publish","type":"post","link":"https:\/\/innoticiasbo.com\/index.php\/2025\/10\/23\/arce-sobre-el-caso-brenda-se-ha-manchado-nuestra-imagen-y-nuestro-apellido-y-corresponde-actuar-conforme-a-la-ley\/","title":{"rendered":"ARCE SOBRE EL CASO BRENDA: \u201cSE HA MANCHADO NUESTRA IMAGEN Y NUESTRO APELLIDO, Y CORRESPONDE ACTUAR CONFORME A LA LEY\u201d."},"content":{"rendered":"\n<p><br><br>La Paz, 22 de octubre de 2025.- El presidente Luis Arce anunci\u00f3 que, tras concluir su mandato, retornar\u00e1 a la docencia universitaria y permanecer\u00e1 en Bolivia para asumir la defensa ante las acusaciones y \u201ccalumnias\u201d en contra suya y su familia.<\/p>\n\n\n\n<figure class=\"wp-block-gallery has-nested-images columns-default is-cropped wp-block-gallery-1 is-layout-flex wp-block-gallery-is-layout-flex\">\n<figure class=\"wp-block-image size-large\"><img data-recalc-dims=\"1\" loading=\"lazy\" decoding=\"async\" width=\"640\" height=\"351\" data-id=\"8018\" src=\"https:\/\/i0.wp.com\/innoticiasbo.com\/wp-content\/uploads\/2025\/10\/17612266865766353174354895832707.jpg?resize=640%2C351&#038;ssl=1\" alt=\"\" class=\"wp-image-8018\" srcset=\"https:\/\/i0.wp.com\/innoticiasbo.com\/wp-content\/uploads\/2025\/10\/17612266865766353174354895832707.jpg?resize=1024%2C561&amp;ssl=1 1024w, https:\/\/i0.wp.com\/innoticiasbo.com\/wp-content\/uploads\/2025\/10\/17612266865766353174354895832707.jpg?resize=300%2C164&amp;ssl=1 300w, https:\/\/i0.wp.com\/innoticiasbo.com\/wp-content\/uploads\/2025\/10\/17612266865766353174354895832707.jpg?resize=768%2C421&amp;ssl=1 768w, https:\/\/i0.wp.com\/innoticiasbo.com\/wp-content\/uploads\/2025\/10\/17612266865766353174354895832707.jpg?w=1080&amp;ssl=1 1080w\" sizes=\"auto, (max-width: 640px) 100vw, 640px\" \/><\/figure>\n<\/figure>\n\n\n\n<p><br>En una entrevista con la cadena internacional RT, el Arce inform\u00f3 que el 9 de noviembre, un d\u00eda despu\u00e9s de entregar el mando a Rodrigo Paz, retomar\u00e1 sus clases en la Universidad Mayor de San Andr\u00e9s (UMSA), donde mantuvo actividad docente durante su gesti\u00f3n presidencial.<br><br>PERMANECER\u00c1 EN EL PA\u00cdS<br><br>Arce agreg\u00f3 que permanecer\u00e1 en el pa\u00eds por motivos familiares y para enfrentar los procesos judiciales que se deriven de algunas denuncias.<br><br>El jefe de Estado aludi\u00f3 a las acusaciones contra su hijo mayor, Luis Marcelo Arce Mosqueira, formuladas por el diputado H\u00e9ctor Arce, del bloque de Evo Morales, quien lo se\u00f1al\u00f3 de actuar como intermediario entre el Estado y empresas vinculadas a proyectos de litio, sin ocupar cargo p\u00fablico, bas\u00e1ndose en una grabaci\u00f3n difundida recientemente.<br><br>\u201cPensamos que esas acusaciones deben investigarse en las instancias que correspondan. Nosotros nunca hemos metido las manos en la Justicia; que siga su curso normal y legal\u201d, declar\u00f3 el presidente a la agencia EFE.<br><br>A\u00f1adi\u00f3 que, una vez demostrada la falsedad de las denuncias, su familia ejercer\u00e1 el derecho de iniciar acciones legales: \u201cSe ha manchado nuestra imagen y nuestro apellido, y corresponde actuar conforme a la ley\u201d.<br>Fuente: ABI<br>#LuisArce #BrendaLafuente #presidente #familia #imagen\u00a0\u00a0 #innoticias<\/p>\n","protected":false},"excerpt":{"rendered":"<p>La Paz, 22 de octubre de 2025.- El presidente Luis Arce anunci\u00f3 que, tras concluir su mandato, retornar\u00e1 a la docencia universitaria y permanecer\u00e1 en Bolivia para asumir la defensa ante las acusaciones y \u201ccalumnias\u201d en contra suya y su familia. En una entrevista con la cadena internacional RT, el Arce inform\u00f3 que el 9&#8230;<\/p>\n","protected":false},"author":7,"featured_media":8019,"comment_status":"open","ping_status":"open","sticky":false,"template":"","format":"standard","meta":{"_jetpack_memberships_contains_paid_content":false,"footnotes":"","jetpack_publicize_message":"","jetpack_publicize_feature_enabled":true,"jetpack_social_post_already_shared":true,"jetpack_social_options":{"image_generator_settings":{"template":"highway","enabled":false},"version":2}},"categories":[1],"tags":[],"class_list":["post-8020","post","type-post","status-publish","format-standard","has-post-thumbnail","hentry","category-bolivia"],"jetpack_publicize_connections":[],"yoast_head":"<!-- This site is optimized with the Yoast SEO plugin v23.4 - https:\/\/yoast.com\/wordpress\/plugins\/seo\/ -->\n<title>ARCE SOBRE EL CASO BRENDA: \u201cSE HA MANCHADO NUESTRA IMAGEN Y NUESTRO APELLIDO, Y CORRESPONDE ACTUAR CONFORME A LA LEY\u201d. - innoticiasbo.com<\/title>\n<meta name=\"robots\" content=\"index, follow, max-snippet:-1, max-image-preview:large, max-video-preview:-1\" \/>\n<link rel=\"canonical\" href=\"https:\/\/innoticiasbo.com\/index.php\/2025\/10\/23\/arce-sobre-el-caso-brenda-se-ha-manchado-nuestra-imagen-y-nuestro-apellido-y-corresponde-actuar-conforme-a-la-ley\/\" \/>\n<meta property=\"og:locale\" content=\"es_ES\" \/>\n<meta property=\"og:type\" content=\"article\" \/>\n<meta property=\"og:title\" content=\"ARCE SOBRE EL CASO BRENDA: \u201cSE HA MANCHADO NUESTRA IMAGEN Y NUESTRO APELLIDO, Y CORRESPONDE ACTUAR CONFORME A LA LEY\u201d. - innoticiasbo.com\" \/>\n<meta property=\"og:description\" content=\"La Paz, 22 de octubre de 2025.- El presidente Luis Arce anunci\u00f3 que, tras concluir su mandato, retornar\u00e1 a la docencia universitaria y permanecer\u00e1 en Bolivia para asumir la defensa ante las acusaciones y \u201ccalumnias\u201d en contra suya y su familia. En una entrevista con la cadena internacional RT, el Arce inform\u00f3 que el 9...\" \/>\n<meta property=\"og:url\" content=\"https:\/\/innoticiasbo.com\/index.php\/2025\/10\/23\/arce-sobre-el-caso-brenda-se-ha-manchado-nuestra-imagen-y-nuestro-apellido-y-corresponde-actuar-conforme-a-la-ley\/\" \/>\n<meta property=\"og:site_name\" content=\"innoticiasbo.com\" \/>\n<meta property=\"article:publisher\" content=\"https:\/\/www.facebook.com\/innoticiasbolivia\" \/>\n<meta property=\"article:published_time\" content=\"2025-10-23T13:38:52+00:00\" \/>\n<meta property=\"article:modified_time\" content=\"2025-10-23T13:39:24+00:00\" \/>\n<meta property=\"og:image\" content=\"https:\/\/i0.wp.com\/innoticiasbo.com\/wp-content\/uploads\/2025\/10\/1761226686576.jpg?fit=1080%2C592&ssl=1\" \/>\n\t<meta property=\"og:image:width\" content=\"1080\" \/>\n\t<meta property=\"og:image:height\" content=\"592\" \/>\n\t<meta property=\"og:image:type\" content=\"image\/jpeg\" \/>\n<meta name=\"author\" content=\"Abril Rodr\u00edguez\" \/>\n<meta name=\"twitter:card\" content=\"summary_large_image\" \/>\n<meta name=\"twitter:creator\" content=\"@innoticiasbo\" \/>\n<meta name=\"twitter:site\" content=\"@innoticiasbo\" \/>\n<meta name=\"twitter:label1\" content=\"Escrito por\" \/>\n\t<meta name=\"twitter:data1\" content=\"Abril Rodr\u00edguez\" \/>\n\t<meta name=\"twitter:label2\" content=\"Tiempo de lectura\" \/>\n\t<meta name=\"twitter:data2\" content=\"1 minuto\" \/>\n<script type=\"application\/ld+json\" class=\"yoast-schema-graph\">{\"@context\":\"https:\/\/schema.org\",\"@graph\":[{\"@type\":\"Article\",\"@id\":\"https:\/\/innoticiasbo.com\/index.php\/2025\/10\/23\/arce-sobre-el-caso-brenda-se-ha-manchado-nuestra-imagen-y-nuestro-apellido-y-corresponde-actuar-conforme-a-la-ley\/#article\",\"isPartOf\":{\"@id\":\"https:\/\/innoticiasbo.com\/index.php\/2025\/10\/23\/arce-sobre-el-caso-brenda-se-ha-manchado-nuestra-imagen-y-nuestro-apellido-y-corresponde-actuar-conforme-a-la-ley\/\"},\"author\":{\"name\":\"Abril Rodr\u00edguez\",\"@id\":\"https:\/\/innoticiasbo.com\/#\/schema\/person\/a3aa59f775293b57d2f63327b36c159f\"},\"headline\":\"ARCE SOBRE EL CASO BRENDA: \u201cSE HA MANCHADO NUESTRA IMAGEN Y NUESTRO APELLIDO, Y CORRESPONDE ACTUAR CONFORME A LA LEY\u201d.\",\"datePublished\":\"2025-10-23T13:38:52+00:00\",\"dateModified\":\"2025-10-23T13:39:24+00:00\",\"mainEntityOfPage\":{\"@id\":\"https:\/\/innoticiasbo.com\/index.php\/2025\/10\/23\/arce-sobre-el-caso-brenda-se-ha-manchado-nuestra-imagen-y-nuestro-apellido-y-corresponde-actuar-conforme-a-la-ley\/\"},\"wordCount\":272,\"commentCount\":0,\"publisher\":{\"@id\":\"https:\/\/innoticiasbo.com\/#organization\"},\"image\":{\"@id\":\"https:\/\/innoticiasbo.com\/index.php\/2025\/10\/23\/arce-sobre-el-caso-brenda-se-ha-manchado-nuestra-imagen-y-nuestro-apellido-y-corresponde-actuar-conforme-a-la-ley\/#primaryimage\"},\"thumbnailUrl\":\"https:\/\/i0.wp.com\/innoticiasbo.com\/wp-content\/uploads\/2025\/10\/1761226686576.jpg?fit=1080%2C592&ssl=1\",\"articleSection\":[\"Bolivia\"],\"inLanguage\":\"es\",\"potentialAction\":[{\"@type\":\"CommentAction\",\"name\":\"Comment\",\"target\":[\"https:\/\/innoticiasbo.com\/index.php\/2025\/10\/23\/arce-sobre-el-caso-brenda-se-ha-manchado-nuestra-imagen-y-nuestro-apellido-y-corresponde-actuar-conforme-a-la-ley\/#respond\"]}]},{\"@type\":\"WebPage\",\"@id\":\"https:\/\/innoticiasbo.com\/index.php\/2025\/10\/23\/arce-sobre-el-caso-brenda-se-ha-manchado-nuestra-imagen-y-nuestro-apellido-y-corresponde-actuar-conforme-a-la-ley\/\",\"url\":\"https:\/\/innoticiasbo.com\/index.php\/2025\/10\/23\/arce-sobre-el-caso-brenda-se-ha-manchado-nuestra-imagen-y-nuestro-apellido-y-corresponde-actuar-conforme-a-la-ley\/\",\"name\":\"ARCE SOBRE EL CASO BRENDA: \u201cSE HA MANCHADO NUESTRA IMAGEN Y NUESTRO APELLIDO, Y CORRESPONDE ACTUAR CONFORME A LA LEY\u201d. - innoticiasbo.com\",\"isPartOf\":{\"@id\":\"https:\/\/innoticiasbo.com\/#website\"},\"primaryImageOfPage\":{\"@id\":\"https:\/\/innoticiasbo.com\/index.php\/2025\/10\/23\/arce-sobre-el-caso-brenda-se-ha-manchado-nuestra-imagen-y-nuestro-apellido-y-corresponde-actuar-conforme-a-la-ley\/#primaryimage\"},\"image\":{\"@id\":\"https:\/\/innoticiasbo.com\/index.php\/2025\/10\/23\/arce-sobre-el-caso-brenda-se-ha-manchado-nuestra-imagen-y-nuestro-apellido-y-corresponde-actuar-conforme-a-la-ley\/#primaryimage\"},\"thumbnailUrl\":\"https:\/\/i0.wp.com\/innoticiasbo.com\/wp-content\/uploads\/2025\/10\/1761226686576.jpg?fit=1080%2C592&ssl=1\",\"datePublished\":\"2025-10-23T13:38:52+00:00\",\"dateModified\":\"2025-10-23T13:39:24+00:00\",\"breadcrumb\":{\"@id\":\"https:\/\/innoticiasbo.com\/index.php\/2025\/10\/23\/arce-sobre-el-caso-brenda-se-ha-manchado-nuestra-imagen-y-nuestro-apellido-y-corresponde-actuar-conforme-a-la-ley\/#breadcrumb\"},\"inLanguage\":\"es\",\"potentialAction\":[{\"@type\":\"ReadAction\",\"target\":[\"https:\/\/innoticiasbo.com\/index.php\/2025\/10\/23\/arce-sobre-el-caso-brenda-se-ha-manchado-nuestra-imagen-y-nuestro-apellido-y-corresponde-actuar-conforme-a-la-ley\/\"]}]},{\"@type\":\"ImageObject\",\"inLanguage\":\"es\",\"@id\":\"https:\/\/innoticiasbo.com\/index.php\/2025\/10\/23\/arce-sobre-el-caso-brenda-se-ha-manchado-nuestra-imagen-y-nuestro-apellido-y-corresponde-actuar-conforme-a-la-ley\/#primaryimage\",\"url\":\"https:\/\/i0.wp.com\/innoticiasbo.com\/wp-content\/uploads\/2025\/10\/1761226686576.jpg?fit=1080%2C592&ssl=1\",\"contentUrl\":\"https:\/\/i0.wp.com\/innoticiasbo.com\/wp-content\/uploads\/2025\/10\/1761226686576.jpg?fit=1080%2C592&ssl=1\",\"width\":1080,\"height\":592},{\"@type\":\"BreadcrumbList\",\"@id\":\"https:\/\/innoticiasbo.com\/index.php\/2025\/10\/23\/arce-sobre-el-caso-brenda-se-ha-manchado-nuestra-imagen-y-nuestro-apellido-y-corresponde-actuar-conforme-a-la-ley\/#breadcrumb\",\"itemListElement\":[{\"@type\":\"ListItem\",\"position\":1,\"name\":\"Portada\",\"item\":\"https:\/\/innoticiasbo.com\/\"},{\"@type\":\"ListItem\",\"position\":2,\"name\":\"ARCE SOBRE EL CASO BRENDA: \u201cSE HA MANCHADO NUESTRA IMAGEN Y NUESTRO APELLIDO, Y CORRESPONDE ACTUAR CONFORME A LA LEY\u201d.\"}]},{\"@type\":\"WebSite\",\"@id\":\"https:\/\/innoticiasbo.com\/#website\",\"url\":\"https:\/\/innoticiasbo.com\/\",\"name\":\"innoticiasbo.com\",\"description\":\"\",\"publisher\":{\"@id\":\"https:\/\/innoticiasbo.com\/#organization\"},\"potentialAction\":[{\"@type\":\"SearchAction\",\"target\":{\"@type\":\"EntryPoint\",\"urlTemplate\":\"https:\/\/innoticiasbo.com\/?s={search_term_string}\"},\"query-input\":{\"@type\":\"PropertyValueSpecification\",\"valueRequired\":true,\"valueName\":\"search_term_string\"}}],\"inLanguage\":\"es\"},{\"@type\":\"Organization\",\"@id\":\"https:\/\/innoticiasbo.com\/#organization\",\"name\":\"innoticiasbo.com\",\"url\":\"https:\/\/innoticiasbo.com\/\",\"logo\":{\"@type\":\"ImageObject\",\"inLanguage\":\"es\",\"@id\":\"https:\/\/innoticiasbo.com\/#\/schema\/logo\/image\/\",\"url\":\"https:\/\/i0.wp.com\/innoticiasbo.com\/wp-content\/uploads\/2026\/04\/cropped-IN-LOGO.png?fit=1476%2C1476&ssl=1\",\"contentUrl\":\"https:\/\/i0.wp.com\/innoticiasbo.com\/wp-content\/uploads\/2026\/04\/cropped-IN-LOGO.png?fit=1476%2C1476&ssl=1\",\"width\":1476,\"height\":1476,\"caption\":\"innoticiasbo.com\"},\"image\":{\"@id\":\"https:\/\/innoticiasbo.com\/#\/schema\/logo\/image\/\"},\"sameAs\":[\"https:\/\/www.facebook.com\/innoticiasbolivia\",\"https:\/\/x.com\/innoticiasbo\",\"https:\/\/www.instagram.com\/innoticiasbo\",\"https:\/\/www.youtube.com\/innoticiasbo\"]},{\"@type\":\"Person\",\"@id\":\"https:\/\/innoticiasbo.com\/#\/schema\/person\/a3aa59f775293b57d2f63327b36c159f\",\"name\":\"Abril Rodr\u00edguez\",\"image\":{\"@type\":\"ImageObject\",\"inLanguage\":\"es\",\"@id\":\"https:\/\/innoticiasbo.com\/#\/schema\/person\/image\/\",\"url\":\"https:\/\/secure.gravatar.com\/avatar\/f8e99d792cd766ba261d033b036cbf24?s=96&d=mm&r=g\",\"contentUrl\":\"https:\/\/secure.gravatar.com\/avatar\/f8e99d792cd766ba261d033b036cbf24?s=96&d=mm&r=g\",\"caption\":\"Abril Rodr\u00edguez\"},\"sameAs\":[\"http:\/\/www.innoticiasbo.com\"],\"url\":\"https:\/\/innoticiasbo.com\/index.php\/author\/prensa5\/\"}]}<\/script>\n<!-- \/ Yoast SEO plugin. -->","yoast_head_json":{"title":"ARCE SOBRE EL CASO BRENDA: \u201cSE HA MANCHADO NUESTRA IMAGEN Y NUESTRO APELLIDO, Y CORRESPONDE ACTUAR CONFORME A LA LEY\u201d. - innoticiasbo.com","robots":{"index":"index","follow":"follow","max-snippet":"max-snippet:-1","max-image-preview":"max-image-preview:large","max-video-preview":"max-video-preview:-1"},"canonical":"https:\/\/innoticiasbo.com\/index.php\/2025\/10\/23\/arce-sobre-el-caso-brenda-se-ha-manchado-nuestra-imagen-y-nuestro-apellido-y-corresponde-actuar-conforme-a-la-ley\/","og_locale":"es_ES","og_type":"article","og_title":"ARCE SOBRE EL CASO BRENDA: \u201cSE HA MANCHADO NUESTRA IMAGEN Y NUESTRO APELLIDO, Y CORRESPONDE ACTUAR CONFORME A LA LEY\u201d. - innoticiasbo.com","og_description":"La Paz, 22 de octubre de 2025.- El presidente Luis Arce anunci\u00f3 que, tras concluir su mandato, retornar\u00e1 a la docencia universitaria y permanecer\u00e1 en Bolivia para asumir la defensa ante las acusaciones y \u201ccalumnias\u201d en contra suya y su familia. En una entrevista con la cadena internacional RT, el Arce inform\u00f3 que el 9...","og_url":"https:\/\/innoticiasbo.com\/index.php\/2025\/10\/23\/arce-sobre-el-caso-brenda-se-ha-manchado-nuestra-imagen-y-nuestro-apellido-y-corresponde-actuar-conforme-a-la-ley\/","og_site_name":"innoticiasbo.com","article_publisher":"https:\/\/www.facebook.com\/innoticiasbolivia","article_published_time":"2025-10-23T13:38:52+00:00","article_modified_time":"2025-10-23T13:39:24+00:00","og_image":[{"width":1080,"height":592,"url":"https:\/\/i0.wp.com\/innoticiasbo.com\/wp-content\/uploads\/2025\/10\/1761226686576.jpg?fit=1080%2C592&ssl=1","type":"image\/jpeg"}],"author":"Abril Rodr\u00edguez","twitter_card":"summary_large_image","twitter_creator":"@innoticiasbo","twitter_site":"@innoticiasbo","twitter_misc":{"Escrito por":"Abril Rodr\u00edguez","Tiempo de lectura":"1 minuto"},"schema":{"@context":"https:\/\/schema.org","@graph":[{"@type":"Article","@id":"https:\/\/innoticiasbo.com\/index.php\/2025\/10\/23\/arce-sobre-el-caso-brenda-se-ha-manchado-nuestra-imagen-y-nuestro-apellido-y-corresponde-actuar-conforme-a-la-ley\/#article","isPartOf":{"@id":"https:\/\/innoticiasbo.com\/index.php\/2025\/10\/23\/arce-sobre-el-caso-brenda-se-ha-manchado-nuestra-imagen-y-nuestro-apellido-y-corresponde-actuar-conforme-a-la-ley\/"},"author":{"name":"Abril Rodr\u00edguez","@id":"https:\/\/innoticiasbo.com\/#\/schema\/person\/a3aa59f775293b57d2f63327b36c159f"},"headline":"ARCE SOBRE EL CASO BRENDA: \u201cSE HA MANCHADO NUESTRA IMAGEN Y NUESTRO APELLIDO, Y CORRESPONDE ACTUAR CONFORME A LA LEY\u201d.","datePublished":"2025-10-23T13:38:52+00:00","dateModified":"2025-10-23T13:39:24+00:00","mainEntityOfPage":{"@id":"https:\/\/innoticiasbo.com\/index.php\/2025\/10\/23\/arce-sobre-el-caso-brenda-se-ha-manchado-nuestra-imagen-y-nuestro-apellido-y-corresponde-actuar-conforme-a-la-ley\/"},"wordCount":272,"commentCount":0,"publisher":{"@id":"https:\/\/innoticiasbo.com\/#organization"},"image":{"@id":"https:\/\/innoticiasbo.com\/index.php\/2025\/10\/23\/arce-sobre-el-caso-brenda-se-ha-manchado-nuestra-imagen-y-nuestro-apellido-y-corresponde-actuar-conforme-a-la-ley\/#primaryimage"},"thumbnailUrl":"https:\/\/i0.wp.com\/innoticiasbo.com\/wp-content\/uploads\/2025\/10\/1761226686576.jpg?fit=1080%2C592&ssl=1","articleSection":["Bolivia"],"inLanguage":"es","potentialAction":[{"@type":"CommentAction","name":"Comment","target":["https:\/\/innoticiasbo.com\/index.php\/2025\/10\/23\/arce-sobre-el-caso-brenda-se-ha-manchado-nuestra-imagen-y-nuestro-apellido-y-corresponde-actuar-conforme-a-la-ley\/#respond"]}]},{"@type":"WebPage","@id":"https:\/\/innoticiasbo.com\/index.php\/2025\/10\/23\/arce-sobre-el-caso-brenda-se-ha-manchado-nuestra-imagen-y-nuestro-apellido-y-corresponde-actuar-conforme-a-la-ley\/","url":"https:\/\/innoticiasbo.com\/index.php\/2025\/10\/23\/arce-sobre-el-caso-brenda-se-ha-manchado-nuestra-imagen-y-nuestro-apellido-y-corresponde-actuar-conforme-a-la-ley\/","name":"ARCE SOBRE EL CASO BRENDA: \u201cSE HA MANCHADO NUESTRA IMAGEN Y NUESTRO APELLIDO, Y CORRESPONDE ACTUAR CONFORME A LA LEY\u201d. - innoticiasbo.com","isPartOf":{"@id":"https:\/\/innoticiasbo.com\/#website"},"primaryImageOfPage":{"@id":"https:\/\/innoticiasbo.com\/index.php\/2025\/10\/23\/arce-sobre-el-caso-brenda-se-ha-manchado-nuestra-imagen-y-nuestro-apellido-y-corresponde-actuar-conforme-a-la-ley\/#primaryimage"},"image":{"@id":"https:\/\/innoticiasbo.com\/index.php\/2025\/10\/23\/arce-sobre-el-caso-brenda-se-ha-manchado-nuestra-imagen-y-nuestro-apellido-y-corresponde-actuar-conforme-a-la-ley\/#primaryimage"},"thumbnailUrl":"https:\/\/i0.wp.com\/innoticiasbo.com\/wp-content\/uploads\/2025\/10\/1761226686576.jpg?fit=1080%2C592&ssl=1","datePublished":"2025-10-23T13:38:52+00:00","dateModified":"2025-10-23T13:39:24+00:00","breadcrumb":{"@id":"https:\/\/innoticiasbo.com\/index.php\/2025\/10\/23\/arce-sobre-el-caso-brenda-se-ha-manchado-nuestra-imagen-y-nuestro-apellido-y-corresponde-actuar-conforme-a-la-ley\/#breadcrumb"},"inLanguage":"es","potentialAction":[{"@type":"ReadAction","target":["https:\/\/innoticiasbo.com\/index.php\/2025\/10\/23\/arce-sobre-el-caso-brenda-se-ha-manchado-nuestra-imagen-y-nuestro-apellido-y-corresponde-actuar-conforme-a-la-ley\/"]}]},{"@type":"ImageObject","inLanguage":"es","@id":"https:\/\/innoticiasbo.com\/index.php\/2025\/10\/23\/arce-sobre-el-caso-brenda-se-ha-manchado-nuestra-imagen-y-nuestro-apellido-y-corresponde-actuar-conforme-a-la-ley\/#primaryimage","url":"https:\/\/i0.wp.com\/innoticiasbo.com\/wp-content\/uploads\/2025\/10\/1761226686576.jpg?fit=1080%2C592&ssl=1","contentUrl":"https:\/\/i0.wp.com\/innoticiasbo.com\/wp-content\/uploads\/2025\/10\/1761226686576.jpg?fit=1080%2C592&ssl=1","width":1080,"height":592},{"@type":"BreadcrumbList","@id":"https:\/\/innoticiasbo.com\/index.php\/2025\/10\/23\/arce-sobre-el-caso-brenda-se-ha-manchado-nuestra-imagen-y-nuestro-apellido-y-corresponde-actuar-conforme-a-la-ley\/#breadcrumb","itemListElement":[{"@type":"ListItem","position":1,"name":"Portada","item":"https:\/\/innoticiasbo.com\/"},{"@type":"ListItem","position":2,"name":"ARCE SOBRE EL CASO BRENDA: \u201cSE HA MANCHADO NUESTRA IMAGEN Y NUESTRO APELLIDO, Y CORRESPONDE ACTUAR CONFORME A LA LEY\u201d."}]},{"@type":"WebSite","@id":"https:\/\/innoticiasbo.com\/#website","url":"https:\/\/innoticiasbo.com\/","name":"innoticiasbo.com","description":"","publisher":{"@id":"https:\/\/innoticiasbo.com\/#organization"},"potentialAction":[{"@type":"SearchAction","target":{"@type":"EntryPoint","urlTemplate":"https:\/\/innoticiasbo.com\/?s={search_term_string}"},"query-input":{"@type":"PropertyValueSpecification","valueRequired":true,"valueName":"search_term_string"}}],"inLanguage":"es"},{"@type":"Organization","@id":"https:\/\/innoticiasbo.com\/#organization","name":"innoticiasbo.com","url":"https:\/\/innoticiasbo.com\/","logo":{"@type":"ImageObject","inLanguage":"es","@id":"https:\/\/innoticiasbo.com\/#\/schema\/logo\/image\/","url":"https:\/\/i0.wp.com\/innoticiasbo.com\/wp-content\/uploads\/2026\/04\/cropped-IN-LOGO.png?fit=1476%2C1476&ssl=1","contentUrl":"https:\/\/i0.wp.com\/innoticiasbo.com\/wp-content\/uploads\/2026\/04\/cropped-IN-LOGO.png?fit=1476%2C1476&ssl=1","width":1476,"height":1476,"caption":"innoticiasbo.com"},"image":{"@id":"https:\/\/innoticiasbo.com\/#\/schema\/logo\/image\/"},"sameAs":["https:\/\/www.facebook.com\/innoticiasbolivia","https:\/\/x.com\/innoticiasbo","https:\/\/www.instagram.com\/innoticiasbo","https:\/\/www.youtube.com\/innoticiasbo"]},{"@type":"Person","@id":"https:\/\/innoticiasbo.com\/#\/schema\/person\/a3aa59f775293b57d2f63327b36c159f","name":"Abril Rodr\u00edguez","image":{"@type":"ImageObject","inLanguage":"es","@id":"https:\/\/innoticiasbo.com\/#\/schema\/person\/image\/","url":"https:\/\/secure.gravatar.com\/avatar\/f8e99d792cd766ba261d033b036cbf24?s=96&d=mm&r=g","contentUrl":"https:\/\/secure.gravatar.com\/avatar\/f8e99d792cd766ba261d033b036cbf24?s=96&d=mm&r=g","caption":"Abril Rodr\u00edguez"},"sameAs":["http:\/\/www.innoticiasbo.com"],"url":"https:\/\/innoticiasbo.com\/index.php\/author\/prensa5\/"}]}},"jetpack_featured_media_url":"https:\/\/i0.wp.com\/innoticiasbo.com\/wp-content\/uploads\/2025\/10\/1761226686576.jpg?fit=1080%2C592&ssl=1","jetpack_likes_enabled":true,"jetpack_sharing_enabled":true,"jetpack_shortlink":"https:\/\/wp.me\/pg298x-25m","_links":{"self":[{"href":"https:\/\/innoticiasbo.com\/index.php\/wp-json\/wp\/v2\/posts\/8020","targetHints":{"allow":["GET"]}}],"collection":[{"href":"https:\/\/innoticiasbo.com\/index.php\/wp-json\/wp\/v2\/posts"}],"about":[{"href":"https:\/\/innoticiasbo.com\/index.php\/wp-json\/wp\/v2\/types\/post"}],"author":[{"embeddable":true,"href":"https:\/\/innoticiasbo.com\/index.php\/wp-json\/wp\/v2\/users\/7"}],"replies":[{"embeddable":true,"href":"https:\/\/innoticiasbo.com\/index.php\/wp-json\/wp\/v2\/comments?post=8020"}],"version-history":[{"count":1,"href":"https:\/\/innoticiasbo.com\/index.php\/wp-json\/wp\/v2\/posts\/8020\/revisions"}],"predecessor-version":[{"id":8021,"href":"https:\/\/innoticiasbo.com\/index.php\/wp-json\/wp\/v2\/posts\/8020\/revisions\/8021"}],"wp:featuredmedia":[{"embeddable":true,"href":"https:\/\/innoticiasbo.com\/index.php\/wp-json\/wp\/v2\/media\/8019"}],"wp:attachment":[{"href":"https:\/\/innoticiasbo.com\/index.php\/wp-json\/wp\/v2\/media?parent=8020"}],"wp:term":[{"taxonomy":"category","embeddable":true,"href":"https:\/\/innoticiasbo.com\/index.php\/wp-json\/wp\/v2\/categories?post=8020"},{"taxonomy":"post_tag","embeddable":true,"href":"https:\/\/innoticiasbo.com\/index.php\/wp-json\/wp\/v2\/tags?post=8020"}],"curies":[{"name":"wp","href":"https:\/\/api.w.org\/{rel}","templated":true}]}}