{"id":8016,"date":"2025-10-23T09:35:19","date_gmt":"2025-10-23T13:35:19","guid":{"rendered":"https:\/\/innoticiasbo.com\/?p=8016"},"modified":"2025-10-23T09:35:44","modified_gmt":"2025-10-23T13:35:44","slug":"luis-arce-no-asistira-a-la-ceremonia-de-la-toma-de-posesion-de-rodrigo-paz","status":"publish","type":"post","link":"https:\/\/innoticiasbo.com\/index.php\/2025\/10\/23\/luis-arce-no-asistira-a-la-ceremonia-de-la-toma-de-posesion-de-rodrigo-paz\/","title":{"rendered":"LUIS ARCE NO ASISTIR\u00c1 A LA CEREMONIA DE LA TOMA DE POSESI\u00d3N DE RODRIGO PAZ"},"content":{"rendered":"\n<p><br><br>La Paz, 22 de octubre de 2025.- El mandatario saliente Luis Arce Catacora asegura que \u201cno es necesario\u201d que vaya al acto de cambio del mando presidencial del presidente electo Rodrigo Paz previsto para el pr\u00f3ximo 8 de noviembre en la ciudad de La Paz. <br><br>\u201cNo es necesario que yo vaya para que se prosiga con el cambio de mando\u201d, dijo Arce en una entrevista con la agencia EFE.<br><br>La transici\u00f3n entre el gobierno saliente y el entrante comenz\u00f3 con reuniones de coordinaci\u00f3n y se prev\u00e9 para esta jornada la emisi\u00f3n de un decreto para este proceso.<br><br>#LuisARce #RodrigoPaz #posesi\u00f3n #innoticias<\/p>\n\n\n\n<figure class=\"wp-block-gallery has-nested-images columns-default is-cropped wp-block-gallery-1 is-layout-flex wp-block-gallery-is-layout-flex\">\n<figure class=\"wp-block-image size-large\"><img data-recalc-dims=\"1\" loading=\"lazy\" decoding=\"async\" width=\"398\" height=\"458\" data-id=\"8014\" src=\"https:\/\/i0.wp.com\/innoticiasbo.com\/wp-content\/uploads\/2025\/10\/image_editor_output_image1964114237-17612265093261629307577781272583.jpg?resize=398%2C458&#038;ssl=1\" alt=\"\" class=\"wp-image-8014\" srcset=\"https:\/\/i0.wp.com\/innoticiasbo.com\/wp-content\/uploads\/2025\/10\/image_editor_output_image1964114237-17612265093261629307577781272583.jpg?w=398&amp;ssl=1 398w, https:\/\/i0.wp.com\/innoticiasbo.com\/wp-content\/uploads\/2025\/10\/image_editor_output_image1964114237-17612265093261629307577781272583.jpg?resize=261%2C300&amp;ssl=1 261w\" sizes=\"auto, (max-width: 398px) 100vw, 398px\" \/><\/figure>\n<\/figure>\n","protected":false},"excerpt":{"rendered":"<p>La Paz, 22 de octubre de 2025.- El mandatario saliente Luis Arce Catacora asegura que \u201cno es necesario\u201d que vaya al acto de cambio del mando presidencial del presidente electo Rodrigo Paz previsto para el pr\u00f3ximo 8 de noviembre en la ciudad de La Paz. \u201cNo es necesario que yo vaya para que se prosiga&#8230;<\/p>\n","protected":false},"author":7,"featured_media":8015,"comment_status":"open","ping_status":"open","sticky":false,"template":"","format":"standard","meta":{"_jetpack_memberships_contains_paid_content":false,"footnotes":"","jetpack_publicize_message":"","jetpack_publicize_feature_enabled":true,"jetpack_social_post_already_shared":true,"jetpack_social_options":{"image_generator_settings":{"template":"highway","enabled":false},"version":2}},"categories":[1,13,3],"tags":[],"class_list":["post-8016","post","type-post","status-publish","format-standard","has-post-thumbnail","hentry","category-bolivia","category-elavispero","category-politica"],"jetpack_publicize_connections":[],"yoast_head":"<!-- This site is optimized with the Yoast SEO plugin v23.4 - https:\/\/yoast.com\/wordpress\/plugins\/seo\/ -->\n<title>LUIS ARCE NO ASISTIR\u00c1 A LA CEREMONIA DE LA TOMA DE POSESI\u00d3N DE RODRIGO PAZ - innoticiasbo.com<\/title>\n<meta name=\"robots\" content=\"index, follow, max-snippet:-1, max-image-preview:large, max-video-preview:-1\" \/>\n<link rel=\"canonical\" href=\"https:\/\/innoticiasbo.com\/index.php\/2025\/10\/23\/luis-arce-no-asistira-a-la-ceremonia-de-la-toma-de-posesion-de-rodrigo-paz\/\" \/>\n<meta property=\"og:locale\" content=\"es_ES\" \/>\n<meta property=\"og:type\" content=\"article\" \/>\n<meta property=\"og:title\" content=\"LUIS ARCE NO ASISTIR\u00c1 A LA CEREMONIA DE LA TOMA DE POSESI\u00d3N DE RODRIGO PAZ - innoticiasbo.com\" \/>\n<meta property=\"og:description\" content=\"La Paz, 22 de octubre de 2025.- El mandatario saliente Luis Arce Catacora asegura que \u201cno es necesario\u201d que vaya al acto de cambio del mando presidencial del presidente electo Rodrigo Paz previsto para el pr\u00f3ximo 8 de noviembre en la ciudad de La Paz. \u201cNo es necesario que yo vaya para que se prosiga...\" \/>\n<meta property=\"og:url\" content=\"https:\/\/innoticiasbo.com\/index.php\/2025\/10\/23\/luis-arce-no-asistira-a-la-ceremonia-de-la-toma-de-posesion-de-rodrigo-paz\/\" \/>\n<meta property=\"og:site_name\" content=\"innoticiasbo.com\" \/>\n<meta property=\"article:publisher\" content=\"https:\/\/www.facebook.com\/innoticiasbolivia\" \/>\n<meta property=\"article:published_time\" content=\"2025-10-23T13:35:19+00:00\" \/>\n<meta property=\"article:modified_time\" content=\"2025-10-23T13:35:44+00:00\" \/>\n<meta property=\"og:image\" content=\"https:\/\/i0.wp.com\/innoticiasbo.com\/wp-content\/uploads\/2025\/10\/FB_IMG_1761226459361.jpg?fit=398%2C600&ssl=1\" \/>\n\t<meta property=\"og:image:width\" content=\"398\" \/>\n\t<meta property=\"og:image:height\" content=\"600\" \/>\n\t<meta property=\"og:image:type\" content=\"image\/jpeg\" \/>\n<meta name=\"author\" content=\"Abril Rodr\u00edguez\" \/>\n<meta name=\"twitter:card\" content=\"summary_large_image\" \/>\n<meta name=\"twitter:creator\" content=\"@innoticiasbo\" \/>\n<meta name=\"twitter:site\" content=\"@innoticiasbo\" \/>\n<meta name=\"twitter:label1\" content=\"Escrito por\" \/>\n\t<meta name=\"twitter:data1\" content=\"Abril Rodr\u00edguez\" \/>\n\t<meta name=\"twitter:label2\" content=\"Tiempo de lectura\" \/>\n\t<meta name=\"twitter:data2\" content=\"1 minuto\" \/>\n<script type=\"application\/ld+json\" class=\"yoast-schema-graph\">{\"@context\":\"https:\/\/schema.org\",\"@graph\":[{\"@type\":\"Article\",\"@id\":\"https:\/\/innoticiasbo.com\/index.php\/2025\/10\/23\/luis-arce-no-asistira-a-la-ceremonia-de-la-toma-de-posesion-de-rodrigo-paz\/#article\",\"isPartOf\":{\"@id\":\"https:\/\/innoticiasbo.com\/index.php\/2025\/10\/23\/luis-arce-no-asistira-a-la-ceremonia-de-la-toma-de-posesion-de-rodrigo-paz\/\"},\"author\":{\"name\":\"Abril Rodr\u00edguez\",\"@id\":\"https:\/\/innoticiasbo.com\/#\/schema\/person\/a3aa59f775293b57d2f63327b36c159f\"},\"headline\":\"LUIS ARCE NO ASISTIR\u00c1 A LA CEREMONIA DE LA TOMA DE POSESI\u00d3N DE RODRIGO PAZ\",\"datePublished\":\"2025-10-23T13:35:19+00:00\",\"dateModified\":\"2025-10-23T13:35:44+00:00\",\"mainEntityOfPage\":{\"@id\":\"https:\/\/innoticiasbo.com\/index.php\/2025\/10\/23\/luis-arce-no-asistira-a-la-ceremonia-de-la-toma-de-posesion-de-rodrigo-paz\/\"},\"wordCount\":120,\"commentCount\":0,\"publisher\":{\"@id\":\"https:\/\/innoticiasbo.com\/#organization\"},\"image\":{\"@id\":\"https:\/\/innoticiasbo.com\/index.php\/2025\/10\/23\/luis-arce-no-asistira-a-la-ceremonia-de-la-toma-de-posesion-de-rodrigo-paz\/#primaryimage\"},\"thumbnailUrl\":\"https:\/\/i0.wp.com\/innoticiasbo.com\/wp-content\/uploads\/2025\/10\/FB_IMG_1761226459361.jpg?fit=398%2C600&ssl=1\",\"articleSection\":[\"Bolivia\",\"El Avispero\",\"Pol\u00edtica\"],\"inLanguage\":\"es\",\"potentialAction\":[{\"@type\":\"CommentAction\",\"name\":\"Comment\",\"target\":[\"https:\/\/innoticiasbo.com\/index.php\/2025\/10\/23\/luis-arce-no-asistira-a-la-ceremonia-de-la-toma-de-posesion-de-rodrigo-paz\/#respond\"]}]},{\"@type\":\"WebPage\",\"@id\":\"https:\/\/innoticiasbo.com\/index.php\/2025\/10\/23\/luis-arce-no-asistira-a-la-ceremonia-de-la-toma-de-posesion-de-rodrigo-paz\/\",\"url\":\"https:\/\/innoticiasbo.com\/index.php\/2025\/10\/23\/luis-arce-no-asistira-a-la-ceremonia-de-la-toma-de-posesion-de-rodrigo-paz\/\",\"name\":\"LUIS ARCE NO ASISTIR\u00c1 A LA CEREMONIA DE LA TOMA DE POSESI\u00d3N DE RODRIGO PAZ - innoticiasbo.com\",\"isPartOf\":{\"@id\":\"https:\/\/innoticiasbo.com\/#website\"},\"primaryImageOfPage\":{\"@id\":\"https:\/\/innoticiasbo.com\/index.php\/2025\/10\/23\/luis-arce-no-asistira-a-la-ceremonia-de-la-toma-de-posesion-de-rodrigo-paz\/#primaryimage\"},\"image\":{\"@id\":\"https:\/\/innoticiasbo.com\/index.php\/2025\/10\/23\/luis-arce-no-asistira-a-la-ceremonia-de-la-toma-de-posesion-de-rodrigo-paz\/#primaryimage\"},\"thumbnailUrl\":\"https:\/\/i0.wp.com\/innoticiasbo.com\/wp-content\/uploads\/2025\/10\/FB_IMG_1761226459361.jpg?fit=398%2C600&ssl=1\",\"datePublished\":\"2025-10-23T13:35:19+00:00\",\"dateModified\":\"2025-10-23T13:35:44+00:00\",\"breadcrumb\":{\"@id\":\"https:\/\/innoticiasbo.com\/index.php\/2025\/10\/23\/luis-arce-no-asistira-a-la-ceremonia-de-la-toma-de-posesion-de-rodrigo-paz\/#breadcrumb\"},\"inLanguage\":\"es\",\"potentialAction\":[{\"@type\":\"ReadAction\",\"target\":[\"https:\/\/innoticiasbo.com\/index.php\/2025\/10\/23\/luis-arce-no-asistira-a-la-ceremonia-de-la-toma-de-posesion-de-rodrigo-paz\/\"]}]},{\"@type\":\"ImageObject\",\"inLanguage\":\"es\",\"@id\":\"https:\/\/innoticiasbo.com\/index.php\/2025\/10\/23\/luis-arce-no-asistira-a-la-ceremonia-de-la-toma-de-posesion-de-rodrigo-paz\/#primaryimage\",\"url\":\"https:\/\/i0.wp.com\/innoticiasbo.com\/wp-content\/uploads\/2025\/10\/FB_IMG_1761226459361.jpg?fit=398%2C600&ssl=1\",\"contentUrl\":\"https:\/\/i0.wp.com\/innoticiasbo.com\/wp-content\/uploads\/2025\/10\/FB_IMG_1761226459361.jpg?fit=398%2C600&ssl=1\",\"width\":398,\"height\":600},{\"@type\":\"BreadcrumbList\",\"@id\":\"https:\/\/innoticiasbo.com\/index.php\/2025\/10\/23\/luis-arce-no-asistira-a-la-ceremonia-de-la-toma-de-posesion-de-rodrigo-paz\/#breadcrumb\",\"itemListElement\":[{\"@type\":\"ListItem\",\"position\":1,\"name\":\"Portada\",\"item\":\"https:\/\/innoticiasbo.com\/\"},{\"@type\":\"ListItem\",\"position\":2,\"name\":\"LUIS ARCE NO ASISTIR\u00c1 A LA CEREMONIA DE LA TOMA DE POSESI\u00d3N DE RODRIGO PAZ\"}]},{\"@type\":\"WebSite\",\"@id\":\"https:\/\/innoticiasbo.com\/#website\",\"url\":\"https:\/\/innoticiasbo.com\/\",\"name\":\"innoticiasbo.com\",\"description\":\"\",\"publisher\":{\"@id\":\"https:\/\/innoticiasbo.com\/#organization\"},\"potentialAction\":[{\"@type\":\"SearchAction\",\"target\":{\"@type\":\"EntryPoint\",\"urlTemplate\":\"https:\/\/innoticiasbo.com\/?s={search_term_string}\"},\"query-input\":{\"@type\":\"PropertyValueSpecification\",\"valueRequired\":true,\"valueName\":\"search_term_string\"}}],\"inLanguage\":\"es\"},{\"@type\":\"Organization\",\"@id\":\"https:\/\/innoticiasbo.com\/#organization\",\"name\":\"innoticiasbo.com\",\"url\":\"https:\/\/innoticiasbo.com\/\",\"logo\":{\"@type\":\"ImageObject\",\"inLanguage\":\"es\",\"@id\":\"https:\/\/innoticiasbo.com\/#\/schema\/logo\/image\/\",\"url\":\"https:\/\/i0.wp.com\/innoticiasbo.com\/wp-content\/uploads\/2026\/04\/cropped-IN-LOGO.png?fit=1476%2C1476&ssl=1\",\"contentUrl\":\"https:\/\/i0.wp.com\/innoticiasbo.com\/wp-content\/uploads\/2026\/04\/cropped-IN-LOGO.png?fit=1476%2C1476&ssl=1\",\"width\":1476,\"height\":1476,\"caption\":\"innoticiasbo.com\"},\"image\":{\"@id\":\"https:\/\/innoticiasbo.com\/#\/schema\/logo\/image\/\"},\"sameAs\":[\"https:\/\/www.facebook.com\/innoticiasbolivia\",\"https:\/\/x.com\/innoticiasbo\",\"https:\/\/www.instagram.com\/innoticiasbo\",\"https:\/\/www.youtube.com\/innoticiasbo\"]},{\"@type\":\"Person\",\"@id\":\"https:\/\/innoticiasbo.com\/#\/schema\/person\/a3aa59f775293b57d2f63327b36c159f\",\"name\":\"Abril Rodr\u00edguez\",\"image\":{\"@type\":\"ImageObject\",\"inLanguage\":\"es\",\"@id\":\"https:\/\/innoticiasbo.com\/#\/schema\/person\/image\/\",\"url\":\"https:\/\/secure.gravatar.com\/avatar\/f8e99d792cd766ba261d033b036cbf24?s=96&d=mm&r=g\",\"contentUrl\":\"https:\/\/secure.gravatar.com\/avatar\/f8e99d792cd766ba261d033b036cbf24?s=96&d=mm&r=g\",\"caption\":\"Abril Rodr\u00edguez\"},\"sameAs\":[\"http:\/\/www.innoticiasbo.com\"],\"url\":\"https:\/\/innoticiasbo.com\/index.php\/author\/prensa5\/\"}]}<\/script>\n<!-- \/ Yoast SEO plugin. -->","yoast_head_json":{"title":"LUIS ARCE NO ASISTIR\u00c1 A LA CEREMONIA DE LA TOMA DE POSESI\u00d3N DE RODRIGO PAZ - innoticiasbo.com","robots":{"index":"index","follow":"follow","max-snippet":"max-snippet:-1","max-image-preview":"max-image-preview:large","max-video-preview":"max-video-preview:-1"},"canonical":"https:\/\/innoticiasbo.com\/index.php\/2025\/10\/23\/luis-arce-no-asistira-a-la-ceremonia-de-la-toma-de-posesion-de-rodrigo-paz\/","og_locale":"es_ES","og_type":"article","og_title":"LUIS ARCE NO ASISTIR\u00c1 A LA CEREMONIA DE LA TOMA DE POSESI\u00d3N DE RODRIGO PAZ - innoticiasbo.com","og_description":"La Paz, 22 de octubre de 2025.- El mandatario saliente Luis Arce Catacora asegura que \u201cno es necesario\u201d que vaya al acto de cambio del mando presidencial del presidente electo Rodrigo Paz previsto para el pr\u00f3ximo 8 de noviembre en la ciudad de La Paz. \u201cNo es necesario que yo vaya para que se prosiga...","og_url":"https:\/\/innoticiasbo.com\/index.php\/2025\/10\/23\/luis-arce-no-asistira-a-la-ceremonia-de-la-toma-de-posesion-de-rodrigo-paz\/","og_site_name":"innoticiasbo.com","article_publisher":"https:\/\/www.facebook.com\/innoticiasbolivia","article_published_time":"2025-10-23T13:35:19+00:00","article_modified_time":"2025-10-23T13:35:44+00:00","og_image":[{"width":398,"height":600,"url":"https:\/\/i0.wp.com\/innoticiasbo.com\/wp-content\/uploads\/2025\/10\/FB_IMG_1761226459361.jpg?fit=398%2C600&ssl=1","type":"image\/jpeg"}],"author":"Abril Rodr\u00edguez","twitter_card":"summary_large_image","twitter_creator":"@innoticiasbo","twitter_site":"@innoticiasbo","twitter_misc":{"Escrito por":"Abril Rodr\u00edguez","Tiempo de lectura":"1 minuto"},"schema":{"@context":"https:\/\/schema.org","@graph":[{"@type":"Article","@id":"https:\/\/innoticiasbo.com\/index.php\/2025\/10\/23\/luis-arce-no-asistira-a-la-ceremonia-de-la-toma-de-posesion-de-rodrigo-paz\/#article","isPartOf":{"@id":"https:\/\/innoticiasbo.com\/index.php\/2025\/10\/23\/luis-arce-no-asistira-a-la-ceremonia-de-la-toma-de-posesion-de-rodrigo-paz\/"},"author":{"name":"Abril Rodr\u00edguez","@id":"https:\/\/innoticiasbo.com\/#\/schema\/person\/a3aa59f775293b57d2f63327b36c159f"},"headline":"LUIS ARCE NO ASISTIR\u00c1 A LA CEREMONIA DE LA TOMA DE POSESI\u00d3N DE RODRIGO PAZ","datePublished":"2025-10-23T13:35:19+00:00","dateModified":"2025-10-23T13:35:44+00:00","mainEntityOfPage":{"@id":"https:\/\/innoticiasbo.com\/index.php\/2025\/10\/23\/luis-arce-no-asistira-a-la-ceremonia-de-la-toma-de-posesion-de-rodrigo-paz\/"},"wordCount":120,"commentCount":0,"publisher":{"@id":"https:\/\/innoticiasbo.com\/#organization"},"image":{"@id":"https:\/\/innoticiasbo.com\/index.php\/2025\/10\/23\/luis-arce-no-asistira-a-la-ceremonia-de-la-toma-de-posesion-de-rodrigo-paz\/#primaryimage"},"thumbnailUrl":"https:\/\/i0.wp.com\/innoticiasbo.com\/wp-content\/uploads\/2025\/10\/FB_IMG_1761226459361.jpg?fit=398%2C600&ssl=1","articleSection":["Bolivia","El Avispero","Pol\u00edtica"],"inLanguage":"es","potentialAction":[{"@type":"CommentAction","name":"Comment","target":["https:\/\/innoticiasbo.com\/index.php\/2025\/10\/23\/luis-arce-no-asistira-a-la-ceremonia-de-la-toma-de-posesion-de-rodrigo-paz\/#respond"]}]},{"@type":"WebPage","@id":"https:\/\/innoticiasbo.com\/index.php\/2025\/10\/23\/luis-arce-no-asistira-a-la-ceremonia-de-la-toma-de-posesion-de-rodrigo-paz\/","url":"https:\/\/innoticiasbo.com\/index.php\/2025\/10\/23\/luis-arce-no-asistira-a-la-ceremonia-de-la-toma-de-posesion-de-rodrigo-paz\/","name":"LUIS ARCE NO ASISTIR\u00c1 A LA CEREMONIA DE LA TOMA DE POSESI\u00d3N DE RODRIGO PAZ - innoticiasbo.com","isPartOf":{"@id":"https:\/\/innoticiasbo.com\/#website"},"primaryImageOfPage":{"@id":"https:\/\/innoticiasbo.com\/index.php\/2025\/10\/23\/luis-arce-no-asistira-a-la-ceremonia-de-la-toma-de-posesion-de-rodrigo-paz\/#primaryimage"},"image":{"@id":"https:\/\/innoticiasbo.com\/index.php\/2025\/10\/23\/luis-arce-no-asistira-a-la-ceremonia-de-la-toma-de-posesion-de-rodrigo-paz\/#primaryimage"},"thumbnailUrl":"https:\/\/i0.wp.com\/innoticiasbo.com\/wp-content\/uploads\/2025\/10\/FB_IMG_1761226459361.jpg?fit=398%2C600&ssl=1","datePublished":"2025-10-23T13:35:19+00:00","dateModified":"2025-10-23T13:35:44+00:00","breadcrumb":{"@id":"https:\/\/innoticiasbo.com\/index.php\/2025\/10\/23\/luis-arce-no-asistira-a-la-ceremonia-de-la-toma-de-posesion-de-rodrigo-paz\/#breadcrumb"},"inLanguage":"es","potentialAction":[{"@type":"ReadAction","target":["https:\/\/innoticiasbo.com\/index.php\/2025\/10\/23\/luis-arce-no-asistira-a-la-ceremonia-de-la-toma-de-posesion-de-rodrigo-paz\/"]}]},{"@type":"ImageObject","inLanguage":"es","@id":"https:\/\/innoticiasbo.com\/index.php\/2025\/10\/23\/luis-arce-no-asistira-a-la-ceremonia-de-la-toma-de-posesion-de-rodrigo-paz\/#primaryimage","url":"https:\/\/i0.wp.com\/innoticiasbo.com\/wp-content\/uploads\/2025\/10\/FB_IMG_1761226459361.jpg?fit=398%2C600&ssl=1","contentUrl":"https:\/\/i0.wp.com\/innoticiasbo.com\/wp-content\/uploads\/2025\/10\/FB_IMG_1761226459361.jpg?fit=398%2C600&ssl=1","width":398,"height":600},{"@type":"BreadcrumbList","@id":"https:\/\/innoticiasbo.com\/index.php\/2025\/10\/23\/luis-arce-no-asistira-a-la-ceremonia-de-la-toma-de-posesion-de-rodrigo-paz\/#breadcrumb","itemListElement":[{"@type":"ListItem","position":1,"name":"Portada","item":"https:\/\/innoticiasbo.com\/"},{"@type":"ListItem","position":2,"name":"LUIS ARCE NO ASISTIR\u00c1 A LA CEREMONIA DE LA TOMA DE POSESI\u00d3N DE RODRIGO PAZ"}]},{"@type":"WebSite","@id":"https:\/\/innoticiasbo.com\/#website","url":"https:\/\/innoticiasbo.com\/","name":"innoticiasbo.com","description":"","publisher":{"@id":"https:\/\/innoticiasbo.com\/#organization"},"potentialAction":[{"@type":"SearchAction","target":{"@type":"EntryPoint","urlTemplate":"https:\/\/innoticiasbo.com\/?s={search_term_string}"},"query-input":{"@type":"PropertyValueSpecification","valueRequired":true,"valueName":"search_term_string"}}],"inLanguage":"es"},{"@type":"Organization","@id":"https:\/\/innoticiasbo.com\/#organization","name":"innoticiasbo.com","url":"https:\/\/innoticiasbo.com\/","logo":{"@type":"ImageObject","inLanguage":"es","@id":"https:\/\/innoticiasbo.com\/#\/schema\/logo\/image\/","url":"https:\/\/i0.wp.com\/innoticiasbo.com\/wp-content\/uploads\/2026\/04\/cropped-IN-LOGO.png?fit=1476%2C1476&ssl=1","contentUrl":"https:\/\/i0.wp.com\/innoticiasbo.com\/wp-content\/uploads\/2026\/04\/cropped-IN-LOGO.png?fit=1476%2C1476&ssl=1","width":1476,"height":1476,"caption":"innoticiasbo.com"},"image":{"@id":"https:\/\/innoticiasbo.com\/#\/schema\/logo\/image\/"},"sameAs":["https:\/\/www.facebook.com\/innoticiasbolivia","https:\/\/x.com\/innoticiasbo","https:\/\/www.instagram.com\/innoticiasbo","https:\/\/www.youtube.com\/innoticiasbo"]},{"@type":"Person","@id":"https:\/\/innoticiasbo.com\/#\/schema\/person\/a3aa59f775293b57d2f63327b36c159f","name":"Abril Rodr\u00edguez","image":{"@type":"ImageObject","inLanguage":"es","@id":"https:\/\/innoticiasbo.com\/#\/schema\/person\/image\/","url":"https:\/\/secure.gravatar.com\/avatar\/f8e99d792cd766ba261d033b036cbf24?s=96&d=mm&r=g","contentUrl":"https:\/\/secure.gravatar.com\/avatar\/f8e99d792cd766ba261d033b036cbf24?s=96&d=mm&r=g","caption":"Abril Rodr\u00edguez"},"sameAs":["http:\/\/www.innoticiasbo.com"],"url":"https:\/\/innoticiasbo.com\/index.php\/author\/prensa5\/"}]}},"jetpack_featured_media_url":"https:\/\/i0.wp.com\/innoticiasbo.com\/wp-content\/uploads\/2025\/10\/FB_IMG_1761226459361.jpg?fit=398%2C600&ssl=1","jetpack_likes_enabled":true,"jetpack_sharing_enabled":true,"jetpack_shortlink":"https:\/\/wp.me\/pg298x-25i","_links":{"self":[{"href":"https:\/\/innoticiasbo.com\/index.php\/wp-json\/wp\/v2\/posts\/8016","targetHints":{"allow":["GET"]}}],"collection":[{"href":"https:\/\/innoticiasbo.com\/index.php\/wp-json\/wp\/v2\/posts"}],"about":[{"href":"https:\/\/innoticiasbo.com\/index.php\/wp-json\/wp\/v2\/types\/post"}],"author":[{"embeddable":true,"href":"https:\/\/innoticiasbo.com\/index.php\/wp-json\/wp\/v2\/users\/7"}],"replies":[{"embeddable":true,"href":"https:\/\/innoticiasbo.com\/index.php\/wp-json\/wp\/v2\/comments?post=8016"}],"version-history":[{"count":1,"href":"https:\/\/innoticiasbo.com\/index.php\/wp-json\/wp\/v2\/posts\/8016\/revisions"}],"predecessor-version":[{"id":8017,"href":"https:\/\/innoticiasbo.com\/index.php\/wp-json\/wp\/v2\/posts\/8016\/revisions\/8017"}],"wp:featuredmedia":[{"embeddable":true,"href":"https:\/\/innoticiasbo.com\/index.php\/wp-json\/wp\/v2\/media\/8015"}],"wp:attachment":[{"href":"https:\/\/innoticiasbo.com\/index.php\/wp-json\/wp\/v2\/media?parent=8016"}],"wp:term":[{"taxonomy":"category","embeddable":true,"href":"https:\/\/innoticiasbo.com\/index.php\/wp-json\/wp\/v2\/categories?post=8016"},{"taxonomy":"post_tag","embeddable":true,"href":"https:\/\/innoticiasbo.com\/index.php\/wp-json\/wp\/v2\/tags?post=8016"}],"curies":[{"name":"wp","href":"https:\/\/api.w.org\/{rel}","templated":true}]}}