{"id":7999,"date":"2025-10-23T09:21:18","date_gmt":"2025-10-23T13:21:18","guid":{"rendered":"https:\/\/innoticiasbo.com\/?p=7999"},"modified":"2025-10-23T09:21:54","modified_gmt":"2025-10-23T13:21:54","slug":"brenda-lafuente-llega-hasta-la-casa-grande-del-pueblo-y-exige-que-luis-arce-se-haga-cargo-de-su-hijo","status":"publish","type":"post","link":"https:\/\/innoticiasbo.com\/index.php\/2025\/10\/23\/brenda-lafuente-llega-hasta-la-casa-grande-del-pueblo-y-exige-que-luis-arce-se-haga-cargo-de-su-hijo\/","title":{"rendered":"BRENDA LAFUENTE LLEGA HASTA LA CASA GRANDE DEL PUEBLO Y EXIGE QUE LUIS ARCE SE HAGA CARGO DE SU HIJO"},"content":{"rendered":"\n<figure class=\"wp-block-gallery has-nested-images columns-default is-cropped wp-block-gallery-1 is-layout-flex wp-block-gallery-is-layout-flex\">\n<figure class=\"wp-block-image size-large\"><img data-recalc-dims=\"1\" loading=\"lazy\" decoding=\"async\" width=\"640\" height=\"414\" data-id=\"7997\" src=\"https:\/\/i0.wp.com\/innoticiasbo.com\/wp-content\/uploads\/2025\/10\/image_editor_output_image-200187893-17612256684032204079001319524298.jpg?resize=640%2C414&#038;ssl=1\" alt=\"\" class=\"wp-image-7997\" srcset=\"https:\/\/i0.wp.com\/innoticiasbo.com\/wp-content\/uploads\/2025\/10\/image_editor_output_image-200187893-17612256684032204079001319524298.jpg?w=1024&amp;ssl=1 1024w, https:\/\/i0.wp.com\/innoticiasbo.com\/wp-content\/uploads\/2025\/10\/image_editor_output_image-200187893-17612256684032204079001319524298.jpg?resize=300%2C194&amp;ssl=1 300w, https:\/\/i0.wp.com\/innoticiasbo.com\/wp-content\/uploads\/2025\/10\/image_editor_output_image-200187893-17612256684032204079001319524298.jpg?resize=768%2C497&amp;ssl=1 768w\" sizes=\"auto, (max-width: 640px) 100vw, 640px\" \/><\/figure>\n<\/figure>\n\n\n\n<p><br><br>La Paz, 22 de octubre&nbsp; de 2025.- Con su hijo en brazos, cubierto por una manta blanca, Brenda Lafuente \u2014quien denunci\u00f3 al presidente Luis Arce por abandono de mujer embarazada\u2014 intent\u00f3 ingresar este mi\u00e9rcoles a la Casa Grande del Pueblo para exponer su denuncia directamente contra el Jefe de Estado, a pocos d\u00edas de que concluya su mandato, el pr\u00f3ximo 8 de noviembre.<br><br>El pasado 30 de septiembre, Brenda Lafuente denunci\u00f3 p\u00fablicamente \u201cmuchas irregularidades\u201d y \u201cobstaculizaci\u00f3n\u201d en el proceso judicial por parte de la fiscal asignada al caso. Ante esta situaci\u00f3n, solicit\u00f3 la conformaci\u00f3n de una comisi\u00f3n de fiscales para garantizar la imparcialidad de la investigaci\u00f3n, pedido que finalmente fue aceptado.<br><br>La mujer asegura que no busca un beneficio econ\u00f3mico, sino que el mandatario asuma su responsabilidad como padre. Su protesta se suma a una serie de acciones que ha emprendido para visibilizar su denuncia y reclamar justicia ante lo que considera una \u201cprotecci\u00f3n pol\u00edtica\u201d hacia el presidente.<br>Fotos: APG <br>#luisarce #BrendaLafuente #asistenciafamiliar #abandonodemujerembarazada #innoticias<\/p>\n","protected":false},"excerpt":{"rendered":"<p>La Paz, 22 de octubre&nbsp; de 2025.- Con su hijo en brazos, cubierto por una manta blanca, Brenda Lafuente \u2014quien denunci\u00f3 al presidente Luis Arce por abandono de mujer embarazada\u2014 intent\u00f3 ingresar este mi\u00e9rcoles a la Casa Grande del Pueblo para exponer su denuncia directamente contra el Jefe de Estado, a pocos d\u00edas de que&#8230;<\/p>\n","protected":false},"author":7,"featured_media":7998,"comment_status":"open","ping_status":"open","sticky":false,"template":"","format":"standard","meta":{"_jetpack_memberships_contains_paid_content":false,"footnotes":"","jetpack_publicize_message":"","jetpack_publicize_feature_enabled":true,"jetpack_social_post_already_shared":true,"jetpack_social_options":{"image_generator_settings":{"template":"highway","enabled":false},"version":2}},"categories":[1,13],"tags":[],"class_list":["post-7999","post","type-post","status-publish","format-standard","has-post-thumbnail","hentry","category-bolivia","category-elavispero"],"jetpack_publicize_connections":[],"yoast_head":"<!-- This site is optimized with the Yoast SEO plugin v23.4 - https:\/\/yoast.com\/wordpress\/plugins\/seo\/ -->\n<title>BRENDA LAFUENTE LLEGA HASTA LA CASA GRANDE DEL PUEBLO Y EXIGE QUE LUIS ARCE SE HAGA CARGO DE SU HIJO - innoticiasbo.com<\/title>\n<meta name=\"robots\" content=\"index, follow, max-snippet:-1, max-image-preview:large, max-video-preview:-1\" \/>\n<link rel=\"canonical\" href=\"https:\/\/innoticiasbo.com\/index.php\/2025\/10\/23\/brenda-lafuente-llega-hasta-la-casa-grande-del-pueblo-y-exige-que-luis-arce-se-haga-cargo-de-su-hijo\/\" \/>\n<meta property=\"og:locale\" content=\"es_ES\" \/>\n<meta property=\"og:type\" content=\"article\" \/>\n<meta property=\"og:title\" content=\"BRENDA LAFUENTE LLEGA HASTA LA CASA GRANDE DEL PUEBLO Y EXIGE QUE LUIS ARCE SE HAGA CARGO DE SU HIJO - innoticiasbo.com\" \/>\n<meta property=\"og:description\" content=\"La Paz, 22 de octubre&nbsp; de 2025.- Con su hijo en brazos, cubierto por una manta blanca, Brenda Lafuente \u2014quien denunci\u00f3 al presidente Luis Arce por abandono de mujer embarazada\u2014 intent\u00f3 ingresar este mi\u00e9rcoles a la Casa Grande del Pueblo para exponer su denuncia directamente contra el Jefe de Estado, a pocos d\u00edas de que...\" \/>\n<meta property=\"og:url\" content=\"https:\/\/innoticiasbo.com\/index.php\/2025\/10\/23\/brenda-lafuente-llega-hasta-la-casa-grande-del-pueblo-y-exige-que-luis-arce-se-haga-cargo-de-su-hijo\/\" \/>\n<meta property=\"og:site_name\" content=\"innoticiasbo.com\" \/>\n<meta property=\"article:publisher\" content=\"https:\/\/www.facebook.com\/innoticiasbolivia\" \/>\n<meta property=\"article:published_time\" content=\"2025-10-23T13:21:18+00:00\" \/>\n<meta property=\"article:modified_time\" content=\"2025-10-23T13:21:54+00:00\" \/>\n<meta property=\"og:image\" content=\"https:\/\/i0.wp.com\/innoticiasbo.com\/wp-content\/uploads\/2025\/10\/1761225593793.jpg?fit=1080%2C1080&ssl=1\" \/>\n\t<meta property=\"og:image:width\" content=\"1080\" \/>\n\t<meta property=\"og:image:height\" content=\"1080\" \/>\n\t<meta property=\"og:image:type\" content=\"image\/jpeg\" \/>\n<meta name=\"author\" content=\"Abril Rodr\u00edguez\" \/>\n<meta name=\"twitter:card\" content=\"summary_large_image\" \/>\n<meta name=\"twitter:creator\" content=\"@innoticiasbo\" \/>\n<meta name=\"twitter:site\" content=\"@innoticiasbo\" \/>\n<meta name=\"twitter:label1\" content=\"Escrito por\" \/>\n\t<meta name=\"twitter:data1\" content=\"Abril Rodr\u00edguez\" \/>\n\t<meta name=\"twitter:label2\" content=\"Tiempo de lectura\" \/>\n\t<meta name=\"twitter:data2\" content=\"1 minuto\" \/>\n<script type=\"application\/ld+json\" class=\"yoast-schema-graph\">{\"@context\":\"https:\/\/schema.org\",\"@graph\":[{\"@type\":\"Article\",\"@id\":\"https:\/\/innoticiasbo.com\/index.php\/2025\/10\/23\/brenda-lafuente-llega-hasta-la-casa-grande-del-pueblo-y-exige-que-luis-arce-se-haga-cargo-de-su-hijo\/#article\",\"isPartOf\":{\"@id\":\"https:\/\/innoticiasbo.com\/index.php\/2025\/10\/23\/brenda-lafuente-llega-hasta-la-casa-grande-del-pueblo-y-exige-que-luis-arce-se-haga-cargo-de-su-hijo\/\"},\"author\":{\"name\":\"Abril Rodr\u00edguez\",\"@id\":\"https:\/\/innoticiasbo.com\/#\/schema\/person\/a3aa59f775293b57d2f63327b36c159f\"},\"headline\":\"BRENDA LAFUENTE LLEGA HASTA LA CASA GRANDE DEL PUEBLO Y EXIGE QUE LUIS ARCE SE HAGA CARGO DE SU HIJO\",\"datePublished\":\"2025-10-23T13:21:18+00:00\",\"dateModified\":\"2025-10-23T13:21:54+00:00\",\"mainEntityOfPage\":{\"@id\":\"https:\/\/innoticiasbo.com\/index.php\/2025\/10\/23\/brenda-lafuente-llega-hasta-la-casa-grande-del-pueblo-y-exige-que-luis-arce-se-haga-cargo-de-su-hijo\/\"},\"wordCount\":195,\"commentCount\":0,\"publisher\":{\"@id\":\"https:\/\/innoticiasbo.com\/#organization\"},\"image\":{\"@id\":\"https:\/\/innoticiasbo.com\/index.php\/2025\/10\/23\/brenda-lafuente-llega-hasta-la-casa-grande-del-pueblo-y-exige-que-luis-arce-se-haga-cargo-de-su-hijo\/#primaryimage\"},\"thumbnailUrl\":\"https:\/\/i0.wp.com\/innoticiasbo.com\/wp-content\/uploads\/2025\/10\/1761225593793.jpg?fit=1080%2C1080&ssl=1\",\"articleSection\":[\"Bolivia\",\"El Avispero\"],\"inLanguage\":\"es\",\"potentialAction\":[{\"@type\":\"CommentAction\",\"name\":\"Comment\",\"target\":[\"https:\/\/innoticiasbo.com\/index.php\/2025\/10\/23\/brenda-lafuente-llega-hasta-la-casa-grande-del-pueblo-y-exige-que-luis-arce-se-haga-cargo-de-su-hijo\/#respond\"]}]},{\"@type\":\"WebPage\",\"@id\":\"https:\/\/innoticiasbo.com\/index.php\/2025\/10\/23\/brenda-lafuente-llega-hasta-la-casa-grande-del-pueblo-y-exige-que-luis-arce-se-haga-cargo-de-su-hijo\/\",\"url\":\"https:\/\/innoticiasbo.com\/index.php\/2025\/10\/23\/brenda-lafuente-llega-hasta-la-casa-grande-del-pueblo-y-exige-que-luis-arce-se-haga-cargo-de-su-hijo\/\",\"name\":\"BRENDA LAFUENTE LLEGA HASTA LA CASA GRANDE DEL PUEBLO Y EXIGE QUE LUIS ARCE SE HAGA CARGO DE SU HIJO - innoticiasbo.com\",\"isPartOf\":{\"@id\":\"https:\/\/innoticiasbo.com\/#website\"},\"primaryImageOfPage\":{\"@id\":\"https:\/\/innoticiasbo.com\/index.php\/2025\/10\/23\/brenda-lafuente-llega-hasta-la-casa-grande-del-pueblo-y-exige-que-luis-arce-se-haga-cargo-de-su-hijo\/#primaryimage\"},\"image\":{\"@id\":\"https:\/\/innoticiasbo.com\/index.php\/2025\/10\/23\/brenda-lafuente-llega-hasta-la-casa-grande-del-pueblo-y-exige-que-luis-arce-se-haga-cargo-de-su-hijo\/#primaryimage\"},\"thumbnailUrl\":\"https:\/\/i0.wp.com\/innoticiasbo.com\/wp-content\/uploads\/2025\/10\/1761225593793.jpg?fit=1080%2C1080&ssl=1\",\"datePublished\":\"2025-10-23T13:21:18+00:00\",\"dateModified\":\"2025-10-23T13:21:54+00:00\",\"breadcrumb\":{\"@id\":\"https:\/\/innoticiasbo.com\/index.php\/2025\/10\/23\/brenda-lafuente-llega-hasta-la-casa-grande-del-pueblo-y-exige-que-luis-arce-se-haga-cargo-de-su-hijo\/#breadcrumb\"},\"inLanguage\":\"es\",\"potentialAction\":[{\"@type\":\"ReadAction\",\"target\":[\"https:\/\/innoticiasbo.com\/index.php\/2025\/10\/23\/brenda-lafuente-llega-hasta-la-casa-grande-del-pueblo-y-exige-que-luis-arce-se-haga-cargo-de-su-hijo\/\"]}]},{\"@type\":\"ImageObject\",\"inLanguage\":\"es\",\"@id\":\"https:\/\/innoticiasbo.com\/index.php\/2025\/10\/23\/brenda-lafuente-llega-hasta-la-casa-grande-del-pueblo-y-exige-que-luis-arce-se-haga-cargo-de-su-hijo\/#primaryimage\",\"url\":\"https:\/\/i0.wp.com\/innoticiasbo.com\/wp-content\/uploads\/2025\/10\/1761225593793.jpg?fit=1080%2C1080&ssl=1\",\"contentUrl\":\"https:\/\/i0.wp.com\/innoticiasbo.com\/wp-content\/uploads\/2025\/10\/1761225593793.jpg?fit=1080%2C1080&ssl=1\",\"width\":1080,\"height\":1080},{\"@type\":\"BreadcrumbList\",\"@id\":\"https:\/\/innoticiasbo.com\/index.php\/2025\/10\/23\/brenda-lafuente-llega-hasta-la-casa-grande-del-pueblo-y-exige-que-luis-arce-se-haga-cargo-de-su-hijo\/#breadcrumb\",\"itemListElement\":[{\"@type\":\"ListItem\",\"position\":1,\"name\":\"Portada\",\"item\":\"https:\/\/innoticiasbo.com\/\"},{\"@type\":\"ListItem\",\"position\":2,\"name\":\"BRENDA LAFUENTE LLEGA HASTA LA CASA GRANDE DEL PUEBLO Y EXIGE QUE LUIS ARCE SE HAGA CARGO DE SU HIJO\"}]},{\"@type\":\"WebSite\",\"@id\":\"https:\/\/innoticiasbo.com\/#website\",\"url\":\"https:\/\/innoticiasbo.com\/\",\"name\":\"innoticiasbo.com\",\"description\":\"\",\"publisher\":{\"@id\":\"https:\/\/innoticiasbo.com\/#organization\"},\"potentialAction\":[{\"@type\":\"SearchAction\",\"target\":{\"@type\":\"EntryPoint\",\"urlTemplate\":\"https:\/\/innoticiasbo.com\/?s={search_term_string}\"},\"query-input\":{\"@type\":\"PropertyValueSpecification\",\"valueRequired\":true,\"valueName\":\"search_term_string\"}}],\"inLanguage\":\"es\"},{\"@type\":\"Organization\",\"@id\":\"https:\/\/innoticiasbo.com\/#organization\",\"name\":\"innoticiasbo.com\",\"url\":\"https:\/\/innoticiasbo.com\/\",\"logo\":{\"@type\":\"ImageObject\",\"inLanguage\":\"es\",\"@id\":\"https:\/\/innoticiasbo.com\/#\/schema\/logo\/image\/\",\"url\":\"https:\/\/i0.wp.com\/innoticiasbo.com\/wp-content\/uploads\/2026\/04\/cropped-IN-LOGO.png?fit=1476%2C1476&ssl=1\",\"contentUrl\":\"https:\/\/i0.wp.com\/innoticiasbo.com\/wp-content\/uploads\/2026\/04\/cropped-IN-LOGO.png?fit=1476%2C1476&ssl=1\",\"width\":1476,\"height\":1476,\"caption\":\"innoticiasbo.com\"},\"image\":{\"@id\":\"https:\/\/innoticiasbo.com\/#\/schema\/logo\/image\/\"},\"sameAs\":[\"https:\/\/www.facebook.com\/innoticiasbolivia\",\"https:\/\/x.com\/innoticiasbo\",\"https:\/\/www.instagram.com\/innoticiasbo\",\"https:\/\/www.youtube.com\/innoticiasbo\"]},{\"@type\":\"Person\",\"@id\":\"https:\/\/innoticiasbo.com\/#\/schema\/person\/a3aa59f775293b57d2f63327b36c159f\",\"name\":\"Abril Rodr\u00edguez\",\"image\":{\"@type\":\"ImageObject\",\"inLanguage\":\"es\",\"@id\":\"https:\/\/innoticiasbo.com\/#\/schema\/person\/image\/\",\"url\":\"https:\/\/secure.gravatar.com\/avatar\/f8e99d792cd766ba261d033b036cbf24?s=96&d=mm&r=g\",\"contentUrl\":\"https:\/\/secure.gravatar.com\/avatar\/f8e99d792cd766ba261d033b036cbf24?s=96&d=mm&r=g\",\"caption\":\"Abril Rodr\u00edguez\"},\"sameAs\":[\"http:\/\/www.innoticiasbo.com\"],\"url\":\"https:\/\/innoticiasbo.com\/index.php\/author\/prensa5\/\"}]}<\/script>\n<!-- \/ Yoast SEO plugin. -->","yoast_head_json":{"title":"BRENDA LAFUENTE LLEGA HASTA LA CASA GRANDE DEL PUEBLO Y EXIGE QUE LUIS ARCE SE HAGA CARGO DE SU HIJO - innoticiasbo.com","robots":{"index":"index","follow":"follow","max-snippet":"max-snippet:-1","max-image-preview":"max-image-preview:large","max-video-preview":"max-video-preview:-1"},"canonical":"https:\/\/innoticiasbo.com\/index.php\/2025\/10\/23\/brenda-lafuente-llega-hasta-la-casa-grande-del-pueblo-y-exige-que-luis-arce-se-haga-cargo-de-su-hijo\/","og_locale":"es_ES","og_type":"article","og_title":"BRENDA LAFUENTE LLEGA HASTA LA CASA GRANDE DEL PUEBLO Y EXIGE QUE LUIS ARCE SE HAGA CARGO DE SU HIJO - innoticiasbo.com","og_description":"La Paz, 22 de octubre&nbsp; de 2025.- Con su hijo en brazos, cubierto por una manta blanca, Brenda Lafuente \u2014quien denunci\u00f3 al presidente Luis Arce por abandono de mujer embarazada\u2014 intent\u00f3 ingresar este mi\u00e9rcoles a la Casa Grande del Pueblo para exponer su denuncia directamente contra el Jefe de Estado, a pocos d\u00edas de que...","og_url":"https:\/\/innoticiasbo.com\/index.php\/2025\/10\/23\/brenda-lafuente-llega-hasta-la-casa-grande-del-pueblo-y-exige-que-luis-arce-se-haga-cargo-de-su-hijo\/","og_site_name":"innoticiasbo.com","article_publisher":"https:\/\/www.facebook.com\/innoticiasbolivia","article_published_time":"2025-10-23T13:21:18+00:00","article_modified_time":"2025-10-23T13:21:54+00:00","og_image":[{"width":1080,"height":1080,"url":"https:\/\/i0.wp.com\/innoticiasbo.com\/wp-content\/uploads\/2025\/10\/1761225593793.jpg?fit=1080%2C1080&ssl=1","type":"image\/jpeg"}],"author":"Abril Rodr\u00edguez","twitter_card":"summary_large_image","twitter_creator":"@innoticiasbo","twitter_site":"@innoticiasbo","twitter_misc":{"Escrito por":"Abril Rodr\u00edguez","Tiempo de lectura":"1 minuto"},"schema":{"@context":"https:\/\/schema.org","@graph":[{"@type":"Article","@id":"https:\/\/innoticiasbo.com\/index.php\/2025\/10\/23\/brenda-lafuente-llega-hasta-la-casa-grande-del-pueblo-y-exige-que-luis-arce-se-haga-cargo-de-su-hijo\/#article","isPartOf":{"@id":"https:\/\/innoticiasbo.com\/index.php\/2025\/10\/23\/brenda-lafuente-llega-hasta-la-casa-grande-del-pueblo-y-exige-que-luis-arce-se-haga-cargo-de-su-hijo\/"},"author":{"name":"Abril Rodr\u00edguez","@id":"https:\/\/innoticiasbo.com\/#\/schema\/person\/a3aa59f775293b57d2f63327b36c159f"},"headline":"BRENDA LAFUENTE LLEGA HASTA LA CASA GRANDE DEL PUEBLO Y EXIGE QUE LUIS ARCE SE HAGA CARGO DE SU HIJO","datePublished":"2025-10-23T13:21:18+00:00","dateModified":"2025-10-23T13:21:54+00:00","mainEntityOfPage":{"@id":"https:\/\/innoticiasbo.com\/index.php\/2025\/10\/23\/brenda-lafuente-llega-hasta-la-casa-grande-del-pueblo-y-exige-que-luis-arce-se-haga-cargo-de-su-hijo\/"},"wordCount":195,"commentCount":0,"publisher":{"@id":"https:\/\/innoticiasbo.com\/#organization"},"image":{"@id":"https:\/\/innoticiasbo.com\/index.php\/2025\/10\/23\/brenda-lafuente-llega-hasta-la-casa-grande-del-pueblo-y-exige-que-luis-arce-se-haga-cargo-de-su-hijo\/#primaryimage"},"thumbnailUrl":"https:\/\/i0.wp.com\/innoticiasbo.com\/wp-content\/uploads\/2025\/10\/1761225593793.jpg?fit=1080%2C1080&ssl=1","articleSection":["Bolivia","El Avispero"],"inLanguage":"es","potentialAction":[{"@type":"CommentAction","name":"Comment","target":["https:\/\/innoticiasbo.com\/index.php\/2025\/10\/23\/brenda-lafuente-llega-hasta-la-casa-grande-del-pueblo-y-exige-que-luis-arce-se-haga-cargo-de-su-hijo\/#respond"]}]},{"@type":"WebPage","@id":"https:\/\/innoticiasbo.com\/index.php\/2025\/10\/23\/brenda-lafuente-llega-hasta-la-casa-grande-del-pueblo-y-exige-que-luis-arce-se-haga-cargo-de-su-hijo\/","url":"https:\/\/innoticiasbo.com\/index.php\/2025\/10\/23\/brenda-lafuente-llega-hasta-la-casa-grande-del-pueblo-y-exige-que-luis-arce-se-haga-cargo-de-su-hijo\/","name":"BRENDA LAFUENTE LLEGA HASTA LA CASA GRANDE DEL PUEBLO Y EXIGE QUE LUIS ARCE SE HAGA CARGO DE SU HIJO - innoticiasbo.com","isPartOf":{"@id":"https:\/\/innoticiasbo.com\/#website"},"primaryImageOfPage":{"@id":"https:\/\/innoticiasbo.com\/index.php\/2025\/10\/23\/brenda-lafuente-llega-hasta-la-casa-grande-del-pueblo-y-exige-que-luis-arce-se-haga-cargo-de-su-hijo\/#primaryimage"},"image":{"@id":"https:\/\/innoticiasbo.com\/index.php\/2025\/10\/23\/brenda-lafuente-llega-hasta-la-casa-grande-del-pueblo-y-exige-que-luis-arce-se-haga-cargo-de-su-hijo\/#primaryimage"},"thumbnailUrl":"https:\/\/i0.wp.com\/innoticiasbo.com\/wp-content\/uploads\/2025\/10\/1761225593793.jpg?fit=1080%2C1080&ssl=1","datePublished":"2025-10-23T13:21:18+00:00","dateModified":"2025-10-23T13:21:54+00:00","breadcrumb":{"@id":"https:\/\/innoticiasbo.com\/index.php\/2025\/10\/23\/brenda-lafuente-llega-hasta-la-casa-grande-del-pueblo-y-exige-que-luis-arce-se-haga-cargo-de-su-hijo\/#breadcrumb"},"inLanguage":"es","potentialAction":[{"@type":"ReadAction","target":["https:\/\/innoticiasbo.com\/index.php\/2025\/10\/23\/brenda-lafuente-llega-hasta-la-casa-grande-del-pueblo-y-exige-que-luis-arce-se-haga-cargo-de-su-hijo\/"]}]},{"@type":"ImageObject","inLanguage":"es","@id":"https:\/\/innoticiasbo.com\/index.php\/2025\/10\/23\/brenda-lafuente-llega-hasta-la-casa-grande-del-pueblo-y-exige-que-luis-arce-se-haga-cargo-de-su-hijo\/#primaryimage","url":"https:\/\/i0.wp.com\/innoticiasbo.com\/wp-content\/uploads\/2025\/10\/1761225593793.jpg?fit=1080%2C1080&ssl=1","contentUrl":"https:\/\/i0.wp.com\/innoticiasbo.com\/wp-content\/uploads\/2025\/10\/1761225593793.jpg?fit=1080%2C1080&ssl=1","width":1080,"height":1080},{"@type":"BreadcrumbList","@id":"https:\/\/innoticiasbo.com\/index.php\/2025\/10\/23\/brenda-lafuente-llega-hasta-la-casa-grande-del-pueblo-y-exige-que-luis-arce-se-haga-cargo-de-su-hijo\/#breadcrumb","itemListElement":[{"@type":"ListItem","position":1,"name":"Portada","item":"https:\/\/innoticiasbo.com\/"},{"@type":"ListItem","position":2,"name":"BRENDA LAFUENTE LLEGA HASTA LA CASA GRANDE DEL PUEBLO Y EXIGE QUE LUIS ARCE SE HAGA CARGO DE SU HIJO"}]},{"@type":"WebSite","@id":"https:\/\/innoticiasbo.com\/#website","url":"https:\/\/innoticiasbo.com\/","name":"innoticiasbo.com","description":"","publisher":{"@id":"https:\/\/innoticiasbo.com\/#organization"},"potentialAction":[{"@type":"SearchAction","target":{"@type":"EntryPoint","urlTemplate":"https:\/\/innoticiasbo.com\/?s={search_term_string}"},"query-input":{"@type":"PropertyValueSpecification","valueRequired":true,"valueName":"search_term_string"}}],"inLanguage":"es"},{"@type":"Organization","@id":"https:\/\/innoticiasbo.com\/#organization","name":"innoticiasbo.com","url":"https:\/\/innoticiasbo.com\/","logo":{"@type":"ImageObject","inLanguage":"es","@id":"https:\/\/innoticiasbo.com\/#\/schema\/logo\/image\/","url":"https:\/\/i0.wp.com\/innoticiasbo.com\/wp-content\/uploads\/2026\/04\/cropped-IN-LOGO.png?fit=1476%2C1476&ssl=1","contentUrl":"https:\/\/i0.wp.com\/innoticiasbo.com\/wp-content\/uploads\/2026\/04\/cropped-IN-LOGO.png?fit=1476%2C1476&ssl=1","width":1476,"height":1476,"caption":"innoticiasbo.com"},"image":{"@id":"https:\/\/innoticiasbo.com\/#\/schema\/logo\/image\/"},"sameAs":["https:\/\/www.facebook.com\/innoticiasbolivia","https:\/\/x.com\/innoticiasbo","https:\/\/www.instagram.com\/innoticiasbo","https:\/\/www.youtube.com\/innoticiasbo"]},{"@type":"Person","@id":"https:\/\/innoticiasbo.com\/#\/schema\/person\/a3aa59f775293b57d2f63327b36c159f","name":"Abril Rodr\u00edguez","image":{"@type":"ImageObject","inLanguage":"es","@id":"https:\/\/innoticiasbo.com\/#\/schema\/person\/image\/","url":"https:\/\/secure.gravatar.com\/avatar\/f8e99d792cd766ba261d033b036cbf24?s=96&d=mm&r=g","contentUrl":"https:\/\/secure.gravatar.com\/avatar\/f8e99d792cd766ba261d033b036cbf24?s=96&d=mm&r=g","caption":"Abril Rodr\u00edguez"},"sameAs":["http:\/\/www.innoticiasbo.com"],"url":"https:\/\/innoticiasbo.com\/index.php\/author\/prensa5\/"}]}},"jetpack_featured_media_url":"https:\/\/i0.wp.com\/innoticiasbo.com\/wp-content\/uploads\/2025\/10\/1761225593793.jpg?fit=1080%2C1080&ssl=1","jetpack_likes_enabled":true,"jetpack_sharing_enabled":true,"jetpack_shortlink":"https:\/\/wp.me\/pg298x-251","_links":{"self":[{"href":"https:\/\/innoticiasbo.com\/index.php\/wp-json\/wp\/v2\/posts\/7999","targetHints":{"allow":["GET"]}}],"collection":[{"href":"https:\/\/innoticiasbo.com\/index.php\/wp-json\/wp\/v2\/posts"}],"about":[{"href":"https:\/\/innoticiasbo.com\/index.php\/wp-json\/wp\/v2\/types\/post"}],"author":[{"embeddable":true,"href":"https:\/\/innoticiasbo.com\/index.php\/wp-json\/wp\/v2\/users\/7"}],"replies":[{"embeddable":true,"href":"https:\/\/innoticiasbo.com\/index.php\/wp-json\/wp\/v2\/comments?post=7999"}],"version-history":[{"count":1,"href":"https:\/\/innoticiasbo.com\/index.php\/wp-json\/wp\/v2\/posts\/7999\/revisions"}],"predecessor-version":[{"id":8000,"href":"https:\/\/innoticiasbo.com\/index.php\/wp-json\/wp\/v2\/posts\/7999\/revisions\/8000"}],"wp:featuredmedia":[{"embeddable":true,"href":"https:\/\/innoticiasbo.com\/index.php\/wp-json\/wp\/v2\/media\/7998"}],"wp:attachment":[{"href":"https:\/\/innoticiasbo.com\/index.php\/wp-json\/wp\/v2\/media?parent=7999"}],"wp:term":[{"taxonomy":"category","embeddable":true,"href":"https:\/\/innoticiasbo.com\/index.php\/wp-json\/wp\/v2\/categories?post=7999"},{"taxonomy":"post_tag","embeddable":true,"href":"https:\/\/innoticiasbo.com\/index.php\/wp-json\/wp\/v2\/tags?post=7999"}],"curies":[{"name":"wp","href":"https:\/\/api.w.org\/{rel}","templated":true}]}}