{"id":7965,"date":"2025-10-21T20:15:32","date_gmt":"2025-10-22T00:15:32","guid":{"rendered":"https:\/\/innoticiasbo.com\/?p=7965"},"modified":"2025-10-21T20:16:08","modified_gmt":"2025-10-22T00:16:08","slug":"el-masismo-no-pudo-imponer-un-contralor-la-eleccion-quedo-postergada-para-la-proxima-asamblea-legislativa","status":"publish","type":"post","link":"https:\/\/innoticiasbo.com\/index.php\/2025\/10\/21\/el-masismo-no-pudo-imponer-un-contralor-la-eleccion-quedo-postergada-para-la-proxima-asamblea-legislativa\/","title":{"rendered":"EL MASISMO NO PUDO IMPONER UN CONTRALOR; LA ELECCI\u00d3N QUED\u00d3 POSTERGADA PARA LA PR\u00d3XIMA ASAMBLEA LEGISLATIVA"},"content":{"rendered":"<p>La Paz, 21 de octubre de 2025.- El pleno de la Asamblea Legislativa Plurinacional decidi\u00f3 este martes aplazar la elecci\u00f3n del nuevo Contralor General del Estado para la pr\u00f3xima legislatura. La decisi\u00f3n implica que ser\u00e1 tuici\u00f3n de los nuevos parlamentarios cumplir con esta designaci\u00f3n, durante la gesti\u00f3n que se extender\u00e1 por seis a\u00f1os.<\/p>\n<p><img data-recalc-dims=\"1\" loading=\"lazy\" decoding=\"async\" src=\"https:\/\/i0.wp.com\/innoticiasbo.com\/wp-content\/uploads\/2025\/10\/pol-040-18987233345862010544.jpg?resize=640%2C427&#038;ssl=1\" class=\"wp-image-7963 alignnone size-full\" width=\"640\" height=\"427\" srcset=\"https:\/\/i0.wp.com\/innoticiasbo.com\/wp-content\/uploads\/2025\/10\/pol-040-18987233345862010544.jpg?w=1044&amp;ssl=1 1044w, https:\/\/i0.wp.com\/innoticiasbo.com\/wp-content\/uploads\/2025\/10\/pol-040-18987233345862010544.jpg?resize=300%2C200&amp;ssl=1 300w, https:\/\/i0.wp.com\/innoticiasbo.com\/wp-content\/uploads\/2025\/10\/pol-040-18987233345862010544.jpg?resize=1024%2C683&amp;ssl=1 1024w, https:\/\/i0.wp.com\/innoticiasbo.com\/wp-content\/uploads\/2025\/10\/pol-040-18987233345862010544.jpg?resize=768%2C512&amp;ssl=1 768w, https:\/\/i0.wp.com\/innoticiasbo.com\/wp-content\/uploads\/2025\/10\/pol-040-18987233345862010544.jpg?resize=600%2C400&amp;ssl=1 600w\" sizes=\"auto, (max-width: 640px) 100vw, 640px\" \/><\/p>\n<p>La moci\u00f3n de aplazamiento del proceso recibi\u00f3 un respaldo mayoritario: de 136 legisladores presentes, 74 votaron a favor, superando ampliamente los 65 votos m\u00ednimos requeridos.<\/p>\n<p>Con esta decisi\u00f3n, la elecci\u00f3n no se realizar\u00e1 en el ocaso del gobierno de Luis Arce ni en los \u00faltimos d\u00edas de la actual gesti\u00f3n parlamentaria. El objetivo, seg\u00fan coincidieron varias bancadas, es garantizar que la nueva autoridad contralora defienda los bienes del Estado con independencia y sin presiones pol\u00edticas.<\/p>\n<p>#contralor #asamblealegislativa #innoticias<\/p>\n","protected":false},"excerpt":{"rendered":"<p>La Paz, 21 de octubre de 2025.- El pleno de la Asamblea Legislativa Plurinacional decidi\u00f3 este martes aplazar la elecci\u00f3n del nuevo Contralor General del Estado para la pr\u00f3xima legislatura. La decisi\u00f3n implica que ser\u00e1 tuici\u00f3n de los nuevos parlamentarios cumplir con esta designaci\u00f3n, durante la gesti\u00f3n que se extender\u00e1 por seis a\u00f1os. La moci\u00f3n&#8230;<\/p>\n","protected":false},"author":2,"featured_media":7964,"comment_status":"open","ping_status":"open","sticky":false,"template":"","format":"standard","meta":{"_jetpack_memberships_contains_paid_content":false,"footnotes":"","jetpack_publicize_message":"","jetpack_publicize_feature_enabled":true,"jetpack_social_post_already_shared":true,"jetpack_social_options":{"image_generator_settings":{"template":"highway","enabled":false},"version":2}},"categories":[1,3],"tags":[59,1056,1057,22],"class_list":["post-7965","post","type-post","status-publish","format-standard","has-post-thumbnail","hentry","category-bolivia","category-politica","tag-asamblea-legislativa","tag-contralor","tag-eleccion","tag-innoticias"],"jetpack_publicize_connections":[],"yoast_head":"<!-- This site is optimized with the Yoast SEO plugin v23.4 - https:\/\/yoast.com\/wordpress\/plugins\/seo\/ -->\n<title>EL MASISMO NO PUDO IMPONER UN CONTRALOR; LA ELECCI\u00d3N QUED\u00d3 POSTERGADA PARA LA PR\u00d3XIMA ASAMBLEA LEGISLATIVA - innoticiasbo.com<\/title>\n<meta name=\"robots\" content=\"index, follow, max-snippet:-1, max-image-preview:large, max-video-preview:-1\" \/>\n<link rel=\"canonical\" href=\"https:\/\/innoticiasbo.com\/index.php\/2025\/10\/21\/el-masismo-no-pudo-imponer-un-contralor-la-eleccion-quedo-postergada-para-la-proxima-asamblea-legislativa\/\" \/>\n<meta property=\"og:locale\" content=\"es_ES\" \/>\n<meta property=\"og:type\" content=\"article\" \/>\n<meta property=\"og:title\" content=\"EL MASISMO NO PUDO IMPONER UN CONTRALOR; LA ELECCI\u00d3N QUED\u00d3 POSTERGADA PARA LA PR\u00d3XIMA ASAMBLEA LEGISLATIVA - innoticiasbo.com\" \/>\n<meta property=\"og:description\" content=\"La Paz, 21 de octubre de 2025.- El pleno de la Asamblea Legislativa Plurinacional decidi\u00f3 este martes aplazar la elecci\u00f3n del nuevo Contralor General del Estado para la pr\u00f3xima legislatura. La decisi\u00f3n implica que ser\u00e1 tuici\u00f3n de los nuevos parlamentarios cumplir con esta designaci\u00f3n, durante la gesti\u00f3n que se extender\u00e1 por seis a\u00f1os. La moci\u00f3n...\" \/>\n<meta property=\"og:url\" content=\"https:\/\/innoticiasbo.com\/index.php\/2025\/10\/21\/el-masismo-no-pudo-imponer-un-contralor-la-eleccion-quedo-postergada-para-la-proxima-asamblea-legislativa\/\" \/>\n<meta property=\"og:site_name\" content=\"innoticiasbo.com\" \/>\n<meta property=\"article:publisher\" content=\"https:\/\/www.facebook.com\/innoticiasbolivia\" \/>\n<meta property=\"article:published_time\" content=\"2025-10-22T00:15:32+00:00\" \/>\n<meta property=\"article:modified_time\" content=\"2025-10-22T00:16:08+00:00\" \/>\n<meta property=\"og:image\" content=\"https:\/\/i0.wp.com\/innoticiasbo.com\/wp-content\/uploads\/2025\/10\/WhatsApp-Image-2024-03-01-at-12.19.47.jpeg?fit=1600%2C1063&ssl=1\" \/>\n\t<meta property=\"og:image:width\" content=\"1600\" \/>\n\t<meta property=\"og:image:height\" content=\"1063\" \/>\n\t<meta property=\"og:image:type\" content=\"image\/jpeg\" \/>\n<meta name=\"author\" content=\"Prensa\" \/>\n<meta name=\"twitter:card\" content=\"summary_large_image\" \/>\n<meta name=\"twitter:creator\" content=\"@innoticiasbo\" \/>\n<meta name=\"twitter:site\" content=\"@innoticiasbo\" \/>\n<meta name=\"twitter:label1\" content=\"Escrito por\" \/>\n\t<meta name=\"twitter:data1\" content=\"Prensa\" \/>\n\t<meta name=\"twitter:label2\" content=\"Tiempo de lectura\" \/>\n\t<meta name=\"twitter:data2\" content=\"1 minuto\" \/>\n<script type=\"application\/ld+json\" class=\"yoast-schema-graph\">{\"@context\":\"https:\/\/schema.org\",\"@graph\":[{\"@type\":\"Article\",\"@id\":\"https:\/\/innoticiasbo.com\/index.php\/2025\/10\/21\/el-masismo-no-pudo-imponer-un-contralor-la-eleccion-quedo-postergada-para-la-proxima-asamblea-legislativa\/#article\",\"isPartOf\":{\"@id\":\"https:\/\/innoticiasbo.com\/index.php\/2025\/10\/21\/el-masismo-no-pudo-imponer-un-contralor-la-eleccion-quedo-postergada-para-la-proxima-asamblea-legislativa\/\"},\"author\":{\"name\":\"Prensa\",\"@id\":\"https:\/\/innoticiasbo.com\/#\/schema\/person\/589cd527c4211df1b943bdad85ec07ce\"},\"headline\":\"EL MASISMO NO PUDO IMPONER UN CONTRALOR; LA ELECCI\u00d3N QUED\u00d3 POSTERGADA PARA LA PR\u00d3XIMA ASAMBLEA LEGISLATIVA\",\"datePublished\":\"2025-10-22T00:15:32+00:00\",\"dateModified\":\"2025-10-22T00:16:08+00:00\",\"mainEntityOfPage\":{\"@id\":\"https:\/\/innoticiasbo.com\/index.php\/2025\/10\/21\/el-masismo-no-pudo-imponer-un-contralor-la-eleccion-quedo-postergada-para-la-proxima-asamblea-legislativa\/\"},\"wordCount\":160,\"commentCount\":0,\"publisher\":{\"@id\":\"https:\/\/innoticiasbo.com\/#organization\"},\"image\":{\"@id\":\"https:\/\/innoticiasbo.com\/index.php\/2025\/10\/21\/el-masismo-no-pudo-imponer-un-contralor-la-eleccion-quedo-postergada-para-la-proxima-asamblea-legislativa\/#primaryimage\"},\"thumbnailUrl\":\"https:\/\/i0.wp.com\/innoticiasbo.com\/wp-content\/uploads\/2025\/10\/WhatsApp-Image-2024-03-01-at-12.19.47.jpeg?fit=1600%2C1063&ssl=1\",\"keywords\":[\"Asamblea Legislativa\",\"Contralor\",\"elecci\u00f3n\",\"innoticias\"],\"articleSection\":[\"Bolivia\",\"Pol\u00edtica\"],\"inLanguage\":\"es\",\"potentialAction\":[{\"@type\":\"CommentAction\",\"name\":\"Comment\",\"target\":[\"https:\/\/innoticiasbo.com\/index.php\/2025\/10\/21\/el-masismo-no-pudo-imponer-un-contralor-la-eleccion-quedo-postergada-para-la-proxima-asamblea-legislativa\/#respond\"]}]},{\"@type\":\"WebPage\",\"@id\":\"https:\/\/innoticiasbo.com\/index.php\/2025\/10\/21\/el-masismo-no-pudo-imponer-un-contralor-la-eleccion-quedo-postergada-para-la-proxima-asamblea-legislativa\/\",\"url\":\"https:\/\/innoticiasbo.com\/index.php\/2025\/10\/21\/el-masismo-no-pudo-imponer-un-contralor-la-eleccion-quedo-postergada-para-la-proxima-asamblea-legislativa\/\",\"name\":\"EL MASISMO NO PUDO IMPONER UN CONTRALOR; LA ELECCI\u00d3N QUED\u00d3 POSTERGADA PARA LA PR\u00d3XIMA ASAMBLEA LEGISLATIVA - innoticiasbo.com\",\"isPartOf\":{\"@id\":\"https:\/\/innoticiasbo.com\/#website\"},\"primaryImageOfPage\":{\"@id\":\"https:\/\/innoticiasbo.com\/index.php\/2025\/10\/21\/el-masismo-no-pudo-imponer-un-contralor-la-eleccion-quedo-postergada-para-la-proxima-asamblea-legislativa\/#primaryimage\"},\"image\":{\"@id\":\"https:\/\/innoticiasbo.com\/index.php\/2025\/10\/21\/el-masismo-no-pudo-imponer-un-contralor-la-eleccion-quedo-postergada-para-la-proxima-asamblea-legislativa\/#primaryimage\"},\"thumbnailUrl\":\"https:\/\/i0.wp.com\/innoticiasbo.com\/wp-content\/uploads\/2025\/10\/WhatsApp-Image-2024-03-01-at-12.19.47.jpeg?fit=1600%2C1063&ssl=1\",\"datePublished\":\"2025-10-22T00:15:32+00:00\",\"dateModified\":\"2025-10-22T00:16:08+00:00\",\"breadcrumb\":{\"@id\":\"https:\/\/innoticiasbo.com\/index.php\/2025\/10\/21\/el-masismo-no-pudo-imponer-un-contralor-la-eleccion-quedo-postergada-para-la-proxima-asamblea-legislativa\/#breadcrumb\"},\"inLanguage\":\"es\",\"potentialAction\":[{\"@type\":\"ReadAction\",\"target\":[\"https:\/\/innoticiasbo.com\/index.php\/2025\/10\/21\/el-masismo-no-pudo-imponer-un-contralor-la-eleccion-quedo-postergada-para-la-proxima-asamblea-legislativa\/\"]}]},{\"@type\":\"ImageObject\",\"inLanguage\":\"es\",\"@id\":\"https:\/\/innoticiasbo.com\/index.php\/2025\/10\/21\/el-masismo-no-pudo-imponer-un-contralor-la-eleccion-quedo-postergada-para-la-proxima-asamblea-legislativa\/#primaryimage\",\"url\":\"https:\/\/i0.wp.com\/innoticiasbo.com\/wp-content\/uploads\/2025\/10\/WhatsApp-Image-2024-03-01-at-12.19.47.jpeg?fit=1600%2C1063&ssl=1\",\"contentUrl\":\"https:\/\/i0.wp.com\/innoticiasbo.com\/wp-content\/uploads\/2025\/10\/WhatsApp-Image-2024-03-01-at-12.19.47.jpeg?fit=1600%2C1063&ssl=1\",\"width\":1600,\"height\":1063},{\"@type\":\"BreadcrumbList\",\"@id\":\"https:\/\/innoticiasbo.com\/index.php\/2025\/10\/21\/el-masismo-no-pudo-imponer-un-contralor-la-eleccion-quedo-postergada-para-la-proxima-asamblea-legislativa\/#breadcrumb\",\"itemListElement\":[{\"@type\":\"ListItem\",\"position\":1,\"name\":\"Portada\",\"item\":\"https:\/\/innoticiasbo.com\/\"},{\"@type\":\"ListItem\",\"position\":2,\"name\":\"EL MASISMO NO PUDO IMPONER UN CONTRALOR; LA ELECCI\u00d3N QUED\u00d3 POSTERGADA PARA LA PR\u00d3XIMA ASAMBLEA LEGISLATIVA\"}]},{\"@type\":\"WebSite\",\"@id\":\"https:\/\/innoticiasbo.com\/#website\",\"url\":\"https:\/\/innoticiasbo.com\/\",\"name\":\"innoticiasbo.com\",\"description\":\"\",\"publisher\":{\"@id\":\"https:\/\/innoticiasbo.com\/#organization\"},\"potentialAction\":[{\"@type\":\"SearchAction\",\"target\":{\"@type\":\"EntryPoint\",\"urlTemplate\":\"https:\/\/innoticiasbo.com\/?s={search_term_string}\"},\"query-input\":{\"@type\":\"PropertyValueSpecification\",\"valueRequired\":true,\"valueName\":\"search_term_string\"}}],\"inLanguage\":\"es\"},{\"@type\":\"Organization\",\"@id\":\"https:\/\/innoticiasbo.com\/#organization\",\"name\":\"innoticiasbo.com\",\"url\":\"https:\/\/innoticiasbo.com\/\",\"logo\":{\"@type\":\"ImageObject\",\"inLanguage\":\"es\",\"@id\":\"https:\/\/innoticiasbo.com\/#\/schema\/logo\/image\/\",\"url\":\"https:\/\/i0.wp.com\/innoticiasbo.com\/wp-content\/uploads\/2026\/04\/cropped-IN-LOGO.png?fit=1476%2C1476&ssl=1\",\"contentUrl\":\"https:\/\/i0.wp.com\/innoticiasbo.com\/wp-content\/uploads\/2026\/04\/cropped-IN-LOGO.png?fit=1476%2C1476&ssl=1\",\"width\":1476,\"height\":1476,\"caption\":\"innoticiasbo.com\"},\"image\":{\"@id\":\"https:\/\/innoticiasbo.com\/#\/schema\/logo\/image\/\"},\"sameAs\":[\"https:\/\/www.facebook.com\/innoticiasbolivia\",\"https:\/\/x.com\/innoticiasbo\",\"https:\/\/www.instagram.com\/innoticiasbo\",\"https:\/\/www.youtube.com\/innoticiasbo\"]},{\"@type\":\"Person\",\"@id\":\"https:\/\/innoticiasbo.com\/#\/schema\/person\/589cd527c4211df1b943bdad85ec07ce\",\"name\":\"Prensa\",\"image\":{\"@type\":\"ImageObject\",\"inLanguage\":\"es\",\"@id\":\"https:\/\/innoticiasbo.com\/#\/schema\/person\/image\/\",\"url\":\"https:\/\/secure.gravatar.com\/avatar\/d359bbdf112023c1c0a3ec7fe1600657?s=96&d=mm&r=g\",\"contentUrl\":\"https:\/\/secure.gravatar.com\/avatar\/d359bbdf112023c1c0a3ec7fe1600657?s=96&d=mm&r=g\",\"caption\":\"Prensa\"},\"sameAs\":[\"http:\/\/www.innoticiasbo.com\"],\"url\":\"https:\/\/innoticiasbo.com\/index.php\/author\/prensa\/\"}]}<\/script>\n<!-- \/ Yoast SEO plugin. -->","yoast_head_json":{"title":"EL MASISMO NO PUDO IMPONER UN CONTRALOR; LA ELECCI\u00d3N QUED\u00d3 POSTERGADA PARA LA PR\u00d3XIMA ASAMBLEA LEGISLATIVA - innoticiasbo.com","robots":{"index":"index","follow":"follow","max-snippet":"max-snippet:-1","max-image-preview":"max-image-preview:large","max-video-preview":"max-video-preview:-1"},"canonical":"https:\/\/innoticiasbo.com\/index.php\/2025\/10\/21\/el-masismo-no-pudo-imponer-un-contralor-la-eleccion-quedo-postergada-para-la-proxima-asamblea-legislativa\/","og_locale":"es_ES","og_type":"article","og_title":"EL MASISMO NO PUDO IMPONER UN CONTRALOR; LA ELECCI\u00d3N QUED\u00d3 POSTERGADA PARA LA PR\u00d3XIMA ASAMBLEA LEGISLATIVA - innoticiasbo.com","og_description":"La Paz, 21 de octubre de 2025.- El pleno de la Asamblea Legislativa Plurinacional decidi\u00f3 este martes aplazar la elecci\u00f3n del nuevo Contralor General del Estado para la pr\u00f3xima legislatura. La decisi\u00f3n implica que ser\u00e1 tuici\u00f3n de los nuevos parlamentarios cumplir con esta designaci\u00f3n, durante la gesti\u00f3n que se extender\u00e1 por seis a\u00f1os. La moci\u00f3n...","og_url":"https:\/\/innoticiasbo.com\/index.php\/2025\/10\/21\/el-masismo-no-pudo-imponer-un-contralor-la-eleccion-quedo-postergada-para-la-proxima-asamblea-legislativa\/","og_site_name":"innoticiasbo.com","article_publisher":"https:\/\/www.facebook.com\/innoticiasbolivia","article_published_time":"2025-10-22T00:15:32+00:00","article_modified_time":"2025-10-22T00:16:08+00:00","og_image":[{"width":1600,"height":1063,"url":"https:\/\/i0.wp.com\/innoticiasbo.com\/wp-content\/uploads\/2025\/10\/WhatsApp-Image-2024-03-01-at-12.19.47.jpeg?fit=1600%2C1063&ssl=1","type":"image\/jpeg"}],"author":"Prensa","twitter_card":"summary_large_image","twitter_creator":"@innoticiasbo","twitter_site":"@innoticiasbo","twitter_misc":{"Escrito por":"Prensa","Tiempo de lectura":"1 minuto"},"schema":{"@context":"https:\/\/schema.org","@graph":[{"@type":"Article","@id":"https:\/\/innoticiasbo.com\/index.php\/2025\/10\/21\/el-masismo-no-pudo-imponer-un-contralor-la-eleccion-quedo-postergada-para-la-proxima-asamblea-legislativa\/#article","isPartOf":{"@id":"https:\/\/innoticiasbo.com\/index.php\/2025\/10\/21\/el-masismo-no-pudo-imponer-un-contralor-la-eleccion-quedo-postergada-para-la-proxima-asamblea-legislativa\/"},"author":{"name":"Prensa","@id":"https:\/\/innoticiasbo.com\/#\/schema\/person\/589cd527c4211df1b943bdad85ec07ce"},"headline":"EL MASISMO NO PUDO IMPONER UN CONTRALOR; LA ELECCI\u00d3N QUED\u00d3 POSTERGADA PARA LA PR\u00d3XIMA ASAMBLEA LEGISLATIVA","datePublished":"2025-10-22T00:15:32+00:00","dateModified":"2025-10-22T00:16:08+00:00","mainEntityOfPage":{"@id":"https:\/\/innoticiasbo.com\/index.php\/2025\/10\/21\/el-masismo-no-pudo-imponer-un-contralor-la-eleccion-quedo-postergada-para-la-proxima-asamblea-legislativa\/"},"wordCount":160,"commentCount":0,"publisher":{"@id":"https:\/\/innoticiasbo.com\/#organization"},"image":{"@id":"https:\/\/innoticiasbo.com\/index.php\/2025\/10\/21\/el-masismo-no-pudo-imponer-un-contralor-la-eleccion-quedo-postergada-para-la-proxima-asamblea-legislativa\/#primaryimage"},"thumbnailUrl":"https:\/\/i0.wp.com\/innoticiasbo.com\/wp-content\/uploads\/2025\/10\/WhatsApp-Image-2024-03-01-at-12.19.47.jpeg?fit=1600%2C1063&ssl=1","keywords":["Asamblea Legislativa","Contralor","elecci\u00f3n","innoticias"],"articleSection":["Bolivia","Pol\u00edtica"],"inLanguage":"es","potentialAction":[{"@type":"CommentAction","name":"Comment","target":["https:\/\/innoticiasbo.com\/index.php\/2025\/10\/21\/el-masismo-no-pudo-imponer-un-contralor-la-eleccion-quedo-postergada-para-la-proxima-asamblea-legislativa\/#respond"]}]},{"@type":"WebPage","@id":"https:\/\/innoticiasbo.com\/index.php\/2025\/10\/21\/el-masismo-no-pudo-imponer-un-contralor-la-eleccion-quedo-postergada-para-la-proxima-asamblea-legislativa\/","url":"https:\/\/innoticiasbo.com\/index.php\/2025\/10\/21\/el-masismo-no-pudo-imponer-un-contralor-la-eleccion-quedo-postergada-para-la-proxima-asamblea-legislativa\/","name":"EL MASISMO NO PUDO IMPONER UN CONTRALOR; LA ELECCI\u00d3N QUED\u00d3 POSTERGADA PARA LA PR\u00d3XIMA ASAMBLEA LEGISLATIVA - innoticiasbo.com","isPartOf":{"@id":"https:\/\/innoticiasbo.com\/#website"},"primaryImageOfPage":{"@id":"https:\/\/innoticiasbo.com\/index.php\/2025\/10\/21\/el-masismo-no-pudo-imponer-un-contralor-la-eleccion-quedo-postergada-para-la-proxima-asamblea-legislativa\/#primaryimage"},"image":{"@id":"https:\/\/innoticiasbo.com\/index.php\/2025\/10\/21\/el-masismo-no-pudo-imponer-un-contralor-la-eleccion-quedo-postergada-para-la-proxima-asamblea-legislativa\/#primaryimage"},"thumbnailUrl":"https:\/\/i0.wp.com\/innoticiasbo.com\/wp-content\/uploads\/2025\/10\/WhatsApp-Image-2024-03-01-at-12.19.47.jpeg?fit=1600%2C1063&ssl=1","datePublished":"2025-10-22T00:15:32+00:00","dateModified":"2025-10-22T00:16:08+00:00","breadcrumb":{"@id":"https:\/\/innoticiasbo.com\/index.php\/2025\/10\/21\/el-masismo-no-pudo-imponer-un-contralor-la-eleccion-quedo-postergada-para-la-proxima-asamblea-legislativa\/#breadcrumb"},"inLanguage":"es","potentialAction":[{"@type":"ReadAction","target":["https:\/\/innoticiasbo.com\/index.php\/2025\/10\/21\/el-masismo-no-pudo-imponer-un-contralor-la-eleccion-quedo-postergada-para-la-proxima-asamblea-legislativa\/"]}]},{"@type":"ImageObject","inLanguage":"es","@id":"https:\/\/innoticiasbo.com\/index.php\/2025\/10\/21\/el-masismo-no-pudo-imponer-un-contralor-la-eleccion-quedo-postergada-para-la-proxima-asamblea-legislativa\/#primaryimage","url":"https:\/\/i0.wp.com\/innoticiasbo.com\/wp-content\/uploads\/2025\/10\/WhatsApp-Image-2024-03-01-at-12.19.47.jpeg?fit=1600%2C1063&ssl=1","contentUrl":"https:\/\/i0.wp.com\/innoticiasbo.com\/wp-content\/uploads\/2025\/10\/WhatsApp-Image-2024-03-01-at-12.19.47.jpeg?fit=1600%2C1063&ssl=1","width":1600,"height":1063},{"@type":"BreadcrumbList","@id":"https:\/\/innoticiasbo.com\/index.php\/2025\/10\/21\/el-masismo-no-pudo-imponer-un-contralor-la-eleccion-quedo-postergada-para-la-proxima-asamblea-legislativa\/#breadcrumb","itemListElement":[{"@type":"ListItem","position":1,"name":"Portada","item":"https:\/\/innoticiasbo.com\/"},{"@type":"ListItem","position":2,"name":"EL MASISMO NO PUDO IMPONER UN CONTRALOR; LA ELECCI\u00d3N QUED\u00d3 POSTERGADA PARA LA PR\u00d3XIMA ASAMBLEA LEGISLATIVA"}]},{"@type":"WebSite","@id":"https:\/\/innoticiasbo.com\/#website","url":"https:\/\/innoticiasbo.com\/","name":"innoticiasbo.com","description":"","publisher":{"@id":"https:\/\/innoticiasbo.com\/#organization"},"potentialAction":[{"@type":"SearchAction","target":{"@type":"EntryPoint","urlTemplate":"https:\/\/innoticiasbo.com\/?s={search_term_string}"},"query-input":{"@type":"PropertyValueSpecification","valueRequired":true,"valueName":"search_term_string"}}],"inLanguage":"es"},{"@type":"Organization","@id":"https:\/\/innoticiasbo.com\/#organization","name":"innoticiasbo.com","url":"https:\/\/innoticiasbo.com\/","logo":{"@type":"ImageObject","inLanguage":"es","@id":"https:\/\/innoticiasbo.com\/#\/schema\/logo\/image\/","url":"https:\/\/i0.wp.com\/innoticiasbo.com\/wp-content\/uploads\/2026\/04\/cropped-IN-LOGO.png?fit=1476%2C1476&ssl=1","contentUrl":"https:\/\/i0.wp.com\/innoticiasbo.com\/wp-content\/uploads\/2026\/04\/cropped-IN-LOGO.png?fit=1476%2C1476&ssl=1","width":1476,"height":1476,"caption":"innoticiasbo.com"},"image":{"@id":"https:\/\/innoticiasbo.com\/#\/schema\/logo\/image\/"},"sameAs":["https:\/\/www.facebook.com\/innoticiasbolivia","https:\/\/x.com\/innoticiasbo","https:\/\/www.instagram.com\/innoticiasbo","https:\/\/www.youtube.com\/innoticiasbo"]},{"@type":"Person","@id":"https:\/\/innoticiasbo.com\/#\/schema\/person\/589cd527c4211df1b943bdad85ec07ce","name":"Prensa","image":{"@type":"ImageObject","inLanguage":"es","@id":"https:\/\/innoticiasbo.com\/#\/schema\/person\/image\/","url":"https:\/\/secure.gravatar.com\/avatar\/d359bbdf112023c1c0a3ec7fe1600657?s=96&d=mm&r=g","contentUrl":"https:\/\/secure.gravatar.com\/avatar\/d359bbdf112023c1c0a3ec7fe1600657?s=96&d=mm&r=g","caption":"Prensa"},"sameAs":["http:\/\/www.innoticiasbo.com"],"url":"https:\/\/innoticiasbo.com\/index.php\/author\/prensa\/"}]}},"jetpack_featured_media_url":"https:\/\/i0.wp.com\/innoticiasbo.com\/wp-content\/uploads\/2025\/10\/WhatsApp-Image-2024-03-01-at-12.19.47.jpeg?fit=1600%2C1063&ssl=1","jetpack_likes_enabled":true,"jetpack_sharing_enabled":true,"jetpack_shortlink":"https:\/\/wp.me\/pg298x-24t","_links":{"self":[{"href":"https:\/\/innoticiasbo.com\/index.php\/wp-json\/wp\/v2\/posts\/7965","targetHints":{"allow":["GET"]}}],"collection":[{"href":"https:\/\/innoticiasbo.com\/index.php\/wp-json\/wp\/v2\/posts"}],"about":[{"href":"https:\/\/innoticiasbo.com\/index.php\/wp-json\/wp\/v2\/types\/post"}],"author":[{"embeddable":true,"href":"https:\/\/innoticiasbo.com\/index.php\/wp-json\/wp\/v2\/users\/2"}],"replies":[{"embeddable":true,"href":"https:\/\/innoticiasbo.com\/index.php\/wp-json\/wp\/v2\/comments?post=7965"}],"version-history":[{"count":1,"href":"https:\/\/innoticiasbo.com\/index.php\/wp-json\/wp\/v2\/posts\/7965\/revisions"}],"predecessor-version":[{"id":7966,"href":"https:\/\/innoticiasbo.com\/index.php\/wp-json\/wp\/v2\/posts\/7965\/revisions\/7966"}],"wp:featuredmedia":[{"embeddable":true,"href":"https:\/\/innoticiasbo.com\/index.php\/wp-json\/wp\/v2\/media\/7964"}],"wp:attachment":[{"href":"https:\/\/innoticiasbo.com\/index.php\/wp-json\/wp\/v2\/media?parent=7965"}],"wp:term":[{"taxonomy":"category","embeddable":true,"href":"https:\/\/innoticiasbo.com\/index.php\/wp-json\/wp\/v2\/categories?post=7965"},{"taxonomy":"post_tag","embeddable":true,"href":"https:\/\/innoticiasbo.com\/index.php\/wp-json\/wp\/v2\/tags?post=7965"}],"curies":[{"name":"wp","href":"https:\/\/api.w.org\/{rel}","templated":true}]}}