{"id":7947,"date":"2025-10-17T16:21:27","date_gmt":"2025-10-17T20:21:27","guid":{"rendered":"https:\/\/innoticiasbo.com\/?p=7947"},"modified":"2025-10-17T16:22:13","modified_gmt":"2025-10-17T20:22:13","slug":"exministro-murillo-queda-libre-del-proceso-por-el-caso-de-la-bebe-samantha","status":"publish","type":"post","link":"https:\/\/innoticiasbo.com\/index.php\/2025\/10\/17\/exministro-murillo-queda-libre-del-proceso-por-el-caso-de-la-bebe-samantha\/","title":{"rendered":"EXMINISTRO MURILLO QUEDA LIBRE DEL PROCESO POR EL CASO DE LA BEB\u00c9 SAMANTHA"},"content":{"rendered":"<p>La Paz, 17 de octubre de 2025.- El denominado \u201ccaso Samantha\u201d qued\u00f3 oficialmente archivado este viernes luego de que la denunciante, una mujer que acus\u00f3 al exministro de Gobierno Arturo Murillo por calumnia y difamaci\u00f3n, no se presentara inicialmente a la audiencia y posteriormente manifestara que no deseaba conciliar. Ante esa situaci\u00f3n, la jueza determin\u00f3 el \u201carchivo de obrados\u201d, dando por concluido el proceso.<\/p>\n<p><img data-recalc-dims=\"1\" loading=\"lazy\" decoding=\"async\" src=\"https:\/\/i0.wp.com\/innoticiasbo.com\/wp-content\/uploads\/2025\/10\/screenshot_20251017_162105_capcut1190085952114562826.jpg?resize=640%2C368&#038;ssl=1\" class=\"alignnone size-full wp-image-7944\" width=\"640\" height=\"368\" srcset=\"https:\/\/i0.wp.com\/innoticiasbo.com\/wp-content\/uploads\/2025\/10\/screenshot_20251017_162105_capcut1190085952114562826.jpg?w=1054&amp;ssl=1 1054w, https:\/\/i0.wp.com\/innoticiasbo.com\/wp-content\/uploads\/2025\/10\/screenshot_20251017_162105_capcut1190085952114562826.jpg?resize=300%2C172&amp;ssl=1 300w, https:\/\/i0.wp.com\/innoticiasbo.com\/wp-content\/uploads\/2025\/10\/screenshot_20251017_162105_capcut1190085952114562826.jpg?resize=1024%2C589&amp;ssl=1 1024w, https:\/\/i0.wp.com\/innoticiasbo.com\/wp-content\/uploads\/2025\/10\/screenshot_20251017_162105_capcut1190085952114562826.jpg?resize=768%2C442&amp;ssl=1 768w\" sizes=\"auto, (max-width: 640px) 100vw, 640px\" \/><\/p>\n<p>El abogado del exministro, Jaime Tapia, inform\u00f3 en entrevista con #ElAvispero que la acusaci\u00f3n carec\u00eda de sustento legal.<\/p>\n<p>\u201cEstaba pidiendo un mill\u00f3n de bolivianos de resarcimiento, no tiene asidero. No fue un error de Murillo sino un error de procedimiento\u201d, afirm\u00f3 el jurista, al se\u00f1alar que el proceso se origin\u00f3 por las declaraciones del entonces ministro cuando vincul\u00f3 a la mujer con el rapto de la beb\u00e9 Samantha, en 2019.<\/p>\n<p>La jueza, siendo evidentes los hechos, ha declarado el abandono de la querella y el archivo de obrados, con lo cual don Arturo Murillo est\u00e1 libre de este proceso, con el que se le pretend\u00eda hacer el cobro de una cifra astron\u00f3mica de dinero que no ten\u00eda ning\u00fan asidero\u00bb, explic\u00f3 el abogado de la exautoridad, Jaime Tapia.<\/p>\n<p>Tapia a\u00f1adi\u00f3 que la situaci\u00f3n actual de Murillo es cr\u00edtica en el \u00e1mbito econ\u00f3mico.<\/p>\n<p>\u201cLa situaci\u00f3n de Murillo es delicada econ\u00f3micamente. \u00c9l con suerte tiene recursos para mantenerse d\u00eda a d\u00eda, pero es imposible que asuma los costos de copias y apelaciones de los m\u00faltiples procesos que enfrenta\u201d, explic\u00f3.<\/p>\n<p>Murillo, considerado uno de los hombres m\u00e1s poderosos durante el gobierno transitorio de Jeanine \u00c1\u00f1ez, enfrenta varias causas judiciales por corrupci\u00f3n, incumplimiento de deberes y enriquecimiento il\u00edcito, pero esta vez logr\u00f3 el cierre definitivo de un proceso que lo persegu\u00eda desde hace a\u00f1os.<\/p>\n<p>La autoridad del Juzgado D\u00e9cimo Segundo de Sentencia en lo Penal determin\u00f3 el archivo de obrados en el juicio oral seguido contra Murillo, acusado por los delitos de difamaci\u00f3n, calumnia e injuria.<\/p>\n<p>\u00abHemos entrado a la audiencia virtual, pero grande ha sido nuestra sorpresa cuando la querellante resulta que no hab\u00eda tomado las previsiones de asistir. El abogado dijo que su clienta estaba mal de salud, luego dijo que no pod\u00eda conectarse y, al final, la jueza le dio un tiempo prudencial para que pueda resolver este problema\u00bb, indic\u00f3 Tapia.<\/p>\n<p>La audiencia estaba fijada para las nueve de la ma\u00f1ana de este viernes de manera virtual, para que las partes se conecten y no deban presentarse presencialmente en el Juzgado.<\/p>\n<p><img data-recalc-dims=\"1\" loading=\"lazy\" decoding=\"async\" src=\"https:\/\/i0.wp.com\/innoticiasbo.com\/wp-content\/uploads\/2025\/10\/screenshot_20251017_094209_capcut1313531851512647280.jpg?resize=640%2C371&#038;ssl=1\" class=\"alignnone size-full wp-image-7945\" width=\"640\" height=\"371\" srcset=\"https:\/\/i0.wp.com\/innoticiasbo.com\/wp-content\/uploads\/2025\/10\/screenshot_20251017_094209_capcut1313531851512647280.jpg?w=1079&amp;ssl=1 1079w, https:\/\/i0.wp.com\/innoticiasbo.com\/wp-content\/uploads\/2025\/10\/screenshot_20251017_094209_capcut1313531851512647280.jpg?resize=300%2C174&amp;ssl=1 300w, https:\/\/i0.wp.com\/innoticiasbo.com\/wp-content\/uploads\/2025\/10\/screenshot_20251017_094209_capcut1313531851512647280.jpg?resize=1024%2C593&amp;ssl=1 1024w, https:\/\/i0.wp.com\/innoticiasbo.com\/wp-content\/uploads\/2025\/10\/screenshot_20251017_094209_capcut1313531851512647280.jpg?resize=768%2C445&amp;ssl=1 768w\" sizes=\"auto, (max-width: 640px) 100vw, 640px\" \/><\/p>\n<p>\u00abReinstalada la audiencia el colega ha reaparecido en audiencia y ha dicho que su clienta ya no quer\u00eda conciliar, ante ello hemos solicitado la palabra y hemos pedido que se declare abandonada la querella y se ordene el archivo de obrados\u00bb, explic\u00f3 el defensor de Murillo al programa El Avispero.<\/p>\n<p>ANTECEDENTES  DEL CASO<\/p>\n<p>La denunciante de este caso era Lourdes Ninoska Pacheco Alave, quien en 2020 fue err\u00f3neamente se\u00f1alada por el entonces ministro de Gobierno, Murillo, como autora del secuestro de la beb\u00e9 Samantha.<\/p>\n<p>Luego de esclarecido el hecho, Pacheco anunci\u00f3 que presentar\u00eda una querella contra la exautoridad, que fue expulsada de Estados Unidos para cumplir condena por otro proceso por corrupci\u00f3n abierto en Bolivia.<\/p>\n<p>\u00abLa querellante no se ha hecho presente a esta audiencia de conciliaci\u00f3n y no existe justa causa que permita establecer alguna imposibilidad de comparecencia. Corresponde, por tanto, aplicar la normativa legal y declarar el abandono de la querella\u00bb, se\u00f1al\u00f3 la jueza en audiencia.<\/p>\n","protected":false},"excerpt":{"rendered":"<p>La Paz, 17 de octubre de 2025.- El denominado \u201ccaso Samantha\u201d qued\u00f3 oficialmente archivado este viernes luego de que la denunciante, una mujer que acus\u00f3 al exministro de Gobierno Arturo Murillo por calumnia y difamaci\u00f3n, no se presentara inicialmente a la audiencia y posteriormente manifestara que no deseaba conciliar. Ante esa situaci\u00f3n, la jueza determin\u00f3&#8230;<\/p>\n","protected":false},"author":2,"featured_media":7946,"comment_status":"open","ping_status":"open","sticky":false,"template":"","format":"standard","meta":{"_jetpack_memberships_contains_paid_content":false,"footnotes":"","jetpack_publicize_message":"","jetpack_publicize_feature_enabled":true,"jetpack_social_post_already_shared":true,"jetpack_social_options":{"image_generator_settings":{"template":"highway","enabled":false},"version":2}},"categories":[1,15],"tags":[179,1052,22,1053,60],"class_list":["post-7947","post","type-post","status-publish","format-standard","has-post-thumbnail","hentry","category-bolivia","category-seguridad","tag-arturo-murillo","tag-caso-samantha","tag-innoticias","tag-jaime-tapia","tag-justicia"],"jetpack_publicize_connections":[],"yoast_head":"<!-- This site is optimized with the Yoast SEO plugin v23.4 - https:\/\/yoast.com\/wordpress\/plugins\/seo\/ -->\n<title>EXMINISTRO MURILLO QUEDA LIBRE DEL PROCESO POR EL CASO DE LA BEB\u00c9 SAMANTHA - innoticiasbo.com<\/title>\n<meta name=\"robots\" content=\"index, follow, max-snippet:-1, max-image-preview:large, max-video-preview:-1\" \/>\n<link rel=\"canonical\" href=\"https:\/\/innoticiasbo.com\/index.php\/2025\/10\/17\/exministro-murillo-queda-libre-del-proceso-por-el-caso-de-la-bebe-samantha\/\" \/>\n<meta property=\"og:locale\" content=\"es_ES\" \/>\n<meta property=\"og:type\" content=\"article\" \/>\n<meta property=\"og:title\" content=\"EXMINISTRO MURILLO QUEDA LIBRE DEL PROCESO POR EL CASO DE LA BEB\u00c9 SAMANTHA - innoticiasbo.com\" \/>\n<meta property=\"og:description\" content=\"La Paz, 17 de octubre de 2025.- El denominado \u201ccaso Samantha\u201d qued\u00f3 oficialmente archivado este viernes luego de que la denunciante, una mujer que acus\u00f3 al exministro de Gobierno Arturo Murillo por calumnia y difamaci\u00f3n, no se presentara inicialmente a la audiencia y posteriormente manifestara que no deseaba conciliar. Ante esa situaci\u00f3n, la jueza determin\u00f3...\" \/>\n<meta property=\"og:url\" content=\"https:\/\/innoticiasbo.com\/index.php\/2025\/10\/17\/exministro-murillo-queda-libre-del-proceso-por-el-caso-de-la-bebe-samantha\/\" \/>\n<meta property=\"og:site_name\" content=\"innoticiasbo.com\" \/>\n<meta property=\"article:publisher\" content=\"https:\/\/www.facebook.com\/innoticiasbolivia\" \/>\n<meta property=\"article:published_time\" content=\"2025-10-17T20:21:27+00:00\" \/>\n<meta property=\"article:modified_time\" content=\"2025-10-17T20:22:13+00:00\" \/>\n<meta property=\"og:image\" content=\"https:\/\/i0.wp.com\/innoticiasbo.com\/wp-content\/uploads\/2025\/10\/Screenshot_20251017_162105_CapCut.jpg?fit=1054%2C606&ssl=1\" \/>\n\t<meta property=\"og:image:width\" content=\"1054\" \/>\n\t<meta property=\"og:image:height\" content=\"606\" \/>\n\t<meta property=\"og:image:type\" content=\"image\/jpeg\" \/>\n<meta name=\"author\" content=\"Prensa\" \/>\n<meta name=\"twitter:card\" content=\"summary_large_image\" \/>\n<meta name=\"twitter:creator\" content=\"@innoticiasbo\" \/>\n<meta name=\"twitter:site\" content=\"@innoticiasbo\" \/>\n<meta name=\"twitter:label1\" content=\"Escrito por\" \/>\n\t<meta name=\"twitter:data1\" content=\"Prensa\" \/>\n\t<meta name=\"twitter:label2\" content=\"Tiempo de lectura\" \/>\n\t<meta name=\"twitter:data2\" content=\"3 minutos\" \/>\n<script type=\"application\/ld+json\" class=\"yoast-schema-graph\">{\"@context\":\"https:\/\/schema.org\",\"@graph\":[{\"@type\":\"Article\",\"@id\":\"https:\/\/innoticiasbo.com\/index.php\/2025\/10\/17\/exministro-murillo-queda-libre-del-proceso-por-el-caso-de-la-bebe-samantha\/#article\",\"isPartOf\":{\"@id\":\"https:\/\/innoticiasbo.com\/index.php\/2025\/10\/17\/exministro-murillo-queda-libre-del-proceso-por-el-caso-de-la-bebe-samantha\/\"},\"author\":{\"name\":\"Prensa\",\"@id\":\"https:\/\/innoticiasbo.com\/#\/schema\/person\/589cd527c4211df1b943bdad85ec07ce\"},\"headline\":\"EXMINISTRO MURILLO QUEDA LIBRE DEL PROCESO POR EL CASO DE LA BEB\u00c9 SAMANTHA\",\"datePublished\":\"2025-10-17T20:21:27+00:00\",\"dateModified\":\"2025-10-17T20:22:13+00:00\",\"mainEntityOfPage\":{\"@id\":\"https:\/\/innoticiasbo.com\/index.php\/2025\/10\/17\/exministro-murillo-queda-libre-del-proceso-por-el-caso-de-la-bebe-samantha\/\"},\"wordCount\":607,\"commentCount\":0,\"publisher\":{\"@id\":\"https:\/\/innoticiasbo.com\/#organization\"},\"image\":{\"@id\":\"https:\/\/innoticiasbo.com\/index.php\/2025\/10\/17\/exministro-murillo-queda-libre-del-proceso-por-el-caso-de-la-bebe-samantha\/#primaryimage\"},\"thumbnailUrl\":\"https:\/\/i0.wp.com\/innoticiasbo.com\/wp-content\/uploads\/2025\/10\/Screenshot_20251017_162105_CapCut.jpg?fit=1054%2C606&ssl=1\",\"keywords\":[\"Arturo Murillo\",\"Caso Samantha\",\"innoticias\",\"Jaime Tapia\",\"justicia\"],\"articleSection\":[\"Bolivia\",\"Seguridad\"],\"inLanguage\":\"es\",\"potentialAction\":[{\"@type\":\"CommentAction\",\"name\":\"Comment\",\"target\":[\"https:\/\/innoticiasbo.com\/index.php\/2025\/10\/17\/exministro-murillo-queda-libre-del-proceso-por-el-caso-de-la-bebe-samantha\/#respond\"]}]},{\"@type\":\"WebPage\",\"@id\":\"https:\/\/innoticiasbo.com\/index.php\/2025\/10\/17\/exministro-murillo-queda-libre-del-proceso-por-el-caso-de-la-bebe-samantha\/\",\"url\":\"https:\/\/innoticiasbo.com\/index.php\/2025\/10\/17\/exministro-murillo-queda-libre-del-proceso-por-el-caso-de-la-bebe-samantha\/\",\"name\":\"EXMINISTRO MURILLO QUEDA LIBRE DEL PROCESO POR EL CASO DE LA BEB\u00c9 SAMANTHA - innoticiasbo.com\",\"isPartOf\":{\"@id\":\"https:\/\/innoticiasbo.com\/#website\"},\"primaryImageOfPage\":{\"@id\":\"https:\/\/innoticiasbo.com\/index.php\/2025\/10\/17\/exministro-murillo-queda-libre-del-proceso-por-el-caso-de-la-bebe-samantha\/#primaryimage\"},\"image\":{\"@id\":\"https:\/\/innoticiasbo.com\/index.php\/2025\/10\/17\/exministro-murillo-queda-libre-del-proceso-por-el-caso-de-la-bebe-samantha\/#primaryimage\"},\"thumbnailUrl\":\"https:\/\/i0.wp.com\/innoticiasbo.com\/wp-content\/uploads\/2025\/10\/Screenshot_20251017_162105_CapCut.jpg?fit=1054%2C606&ssl=1\",\"datePublished\":\"2025-10-17T20:21:27+00:00\",\"dateModified\":\"2025-10-17T20:22:13+00:00\",\"breadcrumb\":{\"@id\":\"https:\/\/innoticiasbo.com\/index.php\/2025\/10\/17\/exministro-murillo-queda-libre-del-proceso-por-el-caso-de-la-bebe-samantha\/#breadcrumb\"},\"inLanguage\":\"es\",\"potentialAction\":[{\"@type\":\"ReadAction\",\"target\":[\"https:\/\/innoticiasbo.com\/index.php\/2025\/10\/17\/exministro-murillo-queda-libre-del-proceso-por-el-caso-de-la-bebe-samantha\/\"]}]},{\"@type\":\"ImageObject\",\"inLanguage\":\"es\",\"@id\":\"https:\/\/innoticiasbo.com\/index.php\/2025\/10\/17\/exministro-murillo-queda-libre-del-proceso-por-el-caso-de-la-bebe-samantha\/#primaryimage\",\"url\":\"https:\/\/i0.wp.com\/innoticiasbo.com\/wp-content\/uploads\/2025\/10\/Screenshot_20251017_162105_CapCut.jpg?fit=1054%2C606&ssl=1\",\"contentUrl\":\"https:\/\/i0.wp.com\/innoticiasbo.com\/wp-content\/uploads\/2025\/10\/Screenshot_20251017_162105_CapCut.jpg?fit=1054%2C606&ssl=1\",\"width\":1054,\"height\":606},{\"@type\":\"BreadcrumbList\",\"@id\":\"https:\/\/innoticiasbo.com\/index.php\/2025\/10\/17\/exministro-murillo-queda-libre-del-proceso-por-el-caso-de-la-bebe-samantha\/#breadcrumb\",\"itemListElement\":[{\"@type\":\"ListItem\",\"position\":1,\"name\":\"Portada\",\"item\":\"https:\/\/innoticiasbo.com\/\"},{\"@type\":\"ListItem\",\"position\":2,\"name\":\"EXMINISTRO MURILLO QUEDA LIBRE DEL PROCESO POR EL CASO DE LA BEB\u00c9 SAMANTHA\"}]},{\"@type\":\"WebSite\",\"@id\":\"https:\/\/innoticiasbo.com\/#website\",\"url\":\"https:\/\/innoticiasbo.com\/\",\"name\":\"innoticiasbo.com\",\"description\":\"\",\"publisher\":{\"@id\":\"https:\/\/innoticiasbo.com\/#organization\"},\"potentialAction\":[{\"@type\":\"SearchAction\",\"target\":{\"@type\":\"EntryPoint\",\"urlTemplate\":\"https:\/\/innoticiasbo.com\/?s={search_term_string}\"},\"query-input\":{\"@type\":\"PropertyValueSpecification\",\"valueRequired\":true,\"valueName\":\"search_term_string\"}}],\"inLanguage\":\"es\"},{\"@type\":\"Organization\",\"@id\":\"https:\/\/innoticiasbo.com\/#organization\",\"name\":\"innoticiasbo.com\",\"url\":\"https:\/\/innoticiasbo.com\/\",\"logo\":{\"@type\":\"ImageObject\",\"inLanguage\":\"es\",\"@id\":\"https:\/\/innoticiasbo.com\/#\/schema\/logo\/image\/\",\"url\":\"https:\/\/i0.wp.com\/innoticiasbo.com\/wp-content\/uploads\/2026\/04\/cropped-IN-LOGO.png?fit=1476%2C1476&ssl=1\",\"contentUrl\":\"https:\/\/i0.wp.com\/innoticiasbo.com\/wp-content\/uploads\/2026\/04\/cropped-IN-LOGO.png?fit=1476%2C1476&ssl=1\",\"width\":1476,\"height\":1476,\"caption\":\"innoticiasbo.com\"},\"image\":{\"@id\":\"https:\/\/innoticiasbo.com\/#\/schema\/logo\/image\/\"},\"sameAs\":[\"https:\/\/www.facebook.com\/innoticiasbolivia\",\"https:\/\/x.com\/innoticiasbo\",\"https:\/\/www.instagram.com\/innoticiasbo\",\"https:\/\/www.youtube.com\/innoticiasbo\"]},{\"@type\":\"Person\",\"@id\":\"https:\/\/innoticiasbo.com\/#\/schema\/person\/589cd527c4211df1b943bdad85ec07ce\",\"name\":\"Prensa\",\"image\":{\"@type\":\"ImageObject\",\"inLanguage\":\"es\",\"@id\":\"https:\/\/innoticiasbo.com\/#\/schema\/person\/image\/\",\"url\":\"https:\/\/secure.gravatar.com\/avatar\/d359bbdf112023c1c0a3ec7fe1600657?s=96&d=mm&r=g\",\"contentUrl\":\"https:\/\/secure.gravatar.com\/avatar\/d359bbdf112023c1c0a3ec7fe1600657?s=96&d=mm&r=g\",\"caption\":\"Prensa\"},\"sameAs\":[\"http:\/\/www.innoticiasbo.com\"],\"url\":\"https:\/\/innoticiasbo.com\/index.php\/author\/prensa\/\"}]}<\/script>\n<!-- \/ Yoast SEO plugin. -->","yoast_head_json":{"title":"EXMINISTRO MURILLO QUEDA LIBRE DEL PROCESO POR EL CASO DE LA BEB\u00c9 SAMANTHA - innoticiasbo.com","robots":{"index":"index","follow":"follow","max-snippet":"max-snippet:-1","max-image-preview":"max-image-preview:large","max-video-preview":"max-video-preview:-1"},"canonical":"https:\/\/innoticiasbo.com\/index.php\/2025\/10\/17\/exministro-murillo-queda-libre-del-proceso-por-el-caso-de-la-bebe-samantha\/","og_locale":"es_ES","og_type":"article","og_title":"EXMINISTRO MURILLO QUEDA LIBRE DEL PROCESO POR EL CASO DE LA BEB\u00c9 SAMANTHA - innoticiasbo.com","og_description":"La Paz, 17 de octubre de 2025.- El denominado \u201ccaso Samantha\u201d qued\u00f3 oficialmente archivado este viernes luego de que la denunciante, una mujer que acus\u00f3 al exministro de Gobierno Arturo Murillo por calumnia y difamaci\u00f3n, no se presentara inicialmente a la audiencia y posteriormente manifestara que no deseaba conciliar. Ante esa situaci\u00f3n, la jueza determin\u00f3...","og_url":"https:\/\/innoticiasbo.com\/index.php\/2025\/10\/17\/exministro-murillo-queda-libre-del-proceso-por-el-caso-de-la-bebe-samantha\/","og_site_name":"innoticiasbo.com","article_publisher":"https:\/\/www.facebook.com\/innoticiasbolivia","article_published_time":"2025-10-17T20:21:27+00:00","article_modified_time":"2025-10-17T20:22:13+00:00","og_image":[{"width":1054,"height":606,"url":"https:\/\/i0.wp.com\/innoticiasbo.com\/wp-content\/uploads\/2025\/10\/Screenshot_20251017_162105_CapCut.jpg?fit=1054%2C606&ssl=1","type":"image\/jpeg"}],"author":"Prensa","twitter_card":"summary_large_image","twitter_creator":"@innoticiasbo","twitter_site":"@innoticiasbo","twitter_misc":{"Escrito por":"Prensa","Tiempo de lectura":"3 minutos"},"schema":{"@context":"https:\/\/schema.org","@graph":[{"@type":"Article","@id":"https:\/\/innoticiasbo.com\/index.php\/2025\/10\/17\/exministro-murillo-queda-libre-del-proceso-por-el-caso-de-la-bebe-samantha\/#article","isPartOf":{"@id":"https:\/\/innoticiasbo.com\/index.php\/2025\/10\/17\/exministro-murillo-queda-libre-del-proceso-por-el-caso-de-la-bebe-samantha\/"},"author":{"name":"Prensa","@id":"https:\/\/innoticiasbo.com\/#\/schema\/person\/589cd527c4211df1b943bdad85ec07ce"},"headline":"EXMINISTRO MURILLO QUEDA LIBRE DEL PROCESO POR EL CASO DE LA BEB\u00c9 SAMANTHA","datePublished":"2025-10-17T20:21:27+00:00","dateModified":"2025-10-17T20:22:13+00:00","mainEntityOfPage":{"@id":"https:\/\/innoticiasbo.com\/index.php\/2025\/10\/17\/exministro-murillo-queda-libre-del-proceso-por-el-caso-de-la-bebe-samantha\/"},"wordCount":607,"commentCount":0,"publisher":{"@id":"https:\/\/innoticiasbo.com\/#organization"},"image":{"@id":"https:\/\/innoticiasbo.com\/index.php\/2025\/10\/17\/exministro-murillo-queda-libre-del-proceso-por-el-caso-de-la-bebe-samantha\/#primaryimage"},"thumbnailUrl":"https:\/\/i0.wp.com\/innoticiasbo.com\/wp-content\/uploads\/2025\/10\/Screenshot_20251017_162105_CapCut.jpg?fit=1054%2C606&ssl=1","keywords":["Arturo Murillo","Caso Samantha","innoticias","Jaime Tapia","justicia"],"articleSection":["Bolivia","Seguridad"],"inLanguage":"es","potentialAction":[{"@type":"CommentAction","name":"Comment","target":["https:\/\/innoticiasbo.com\/index.php\/2025\/10\/17\/exministro-murillo-queda-libre-del-proceso-por-el-caso-de-la-bebe-samantha\/#respond"]}]},{"@type":"WebPage","@id":"https:\/\/innoticiasbo.com\/index.php\/2025\/10\/17\/exministro-murillo-queda-libre-del-proceso-por-el-caso-de-la-bebe-samantha\/","url":"https:\/\/innoticiasbo.com\/index.php\/2025\/10\/17\/exministro-murillo-queda-libre-del-proceso-por-el-caso-de-la-bebe-samantha\/","name":"EXMINISTRO MURILLO QUEDA LIBRE DEL PROCESO POR EL CASO DE LA BEB\u00c9 SAMANTHA - innoticiasbo.com","isPartOf":{"@id":"https:\/\/innoticiasbo.com\/#website"},"primaryImageOfPage":{"@id":"https:\/\/innoticiasbo.com\/index.php\/2025\/10\/17\/exministro-murillo-queda-libre-del-proceso-por-el-caso-de-la-bebe-samantha\/#primaryimage"},"image":{"@id":"https:\/\/innoticiasbo.com\/index.php\/2025\/10\/17\/exministro-murillo-queda-libre-del-proceso-por-el-caso-de-la-bebe-samantha\/#primaryimage"},"thumbnailUrl":"https:\/\/i0.wp.com\/innoticiasbo.com\/wp-content\/uploads\/2025\/10\/Screenshot_20251017_162105_CapCut.jpg?fit=1054%2C606&ssl=1","datePublished":"2025-10-17T20:21:27+00:00","dateModified":"2025-10-17T20:22:13+00:00","breadcrumb":{"@id":"https:\/\/innoticiasbo.com\/index.php\/2025\/10\/17\/exministro-murillo-queda-libre-del-proceso-por-el-caso-de-la-bebe-samantha\/#breadcrumb"},"inLanguage":"es","potentialAction":[{"@type":"ReadAction","target":["https:\/\/innoticiasbo.com\/index.php\/2025\/10\/17\/exministro-murillo-queda-libre-del-proceso-por-el-caso-de-la-bebe-samantha\/"]}]},{"@type":"ImageObject","inLanguage":"es","@id":"https:\/\/innoticiasbo.com\/index.php\/2025\/10\/17\/exministro-murillo-queda-libre-del-proceso-por-el-caso-de-la-bebe-samantha\/#primaryimage","url":"https:\/\/i0.wp.com\/innoticiasbo.com\/wp-content\/uploads\/2025\/10\/Screenshot_20251017_162105_CapCut.jpg?fit=1054%2C606&ssl=1","contentUrl":"https:\/\/i0.wp.com\/innoticiasbo.com\/wp-content\/uploads\/2025\/10\/Screenshot_20251017_162105_CapCut.jpg?fit=1054%2C606&ssl=1","width":1054,"height":606},{"@type":"BreadcrumbList","@id":"https:\/\/innoticiasbo.com\/index.php\/2025\/10\/17\/exministro-murillo-queda-libre-del-proceso-por-el-caso-de-la-bebe-samantha\/#breadcrumb","itemListElement":[{"@type":"ListItem","position":1,"name":"Portada","item":"https:\/\/innoticiasbo.com\/"},{"@type":"ListItem","position":2,"name":"EXMINISTRO MURILLO QUEDA LIBRE DEL PROCESO POR EL CASO DE LA BEB\u00c9 SAMANTHA"}]},{"@type":"WebSite","@id":"https:\/\/innoticiasbo.com\/#website","url":"https:\/\/innoticiasbo.com\/","name":"innoticiasbo.com","description":"","publisher":{"@id":"https:\/\/innoticiasbo.com\/#organization"},"potentialAction":[{"@type":"SearchAction","target":{"@type":"EntryPoint","urlTemplate":"https:\/\/innoticiasbo.com\/?s={search_term_string}"},"query-input":{"@type":"PropertyValueSpecification","valueRequired":true,"valueName":"search_term_string"}}],"inLanguage":"es"},{"@type":"Organization","@id":"https:\/\/innoticiasbo.com\/#organization","name":"innoticiasbo.com","url":"https:\/\/innoticiasbo.com\/","logo":{"@type":"ImageObject","inLanguage":"es","@id":"https:\/\/innoticiasbo.com\/#\/schema\/logo\/image\/","url":"https:\/\/i0.wp.com\/innoticiasbo.com\/wp-content\/uploads\/2026\/04\/cropped-IN-LOGO.png?fit=1476%2C1476&ssl=1","contentUrl":"https:\/\/i0.wp.com\/innoticiasbo.com\/wp-content\/uploads\/2026\/04\/cropped-IN-LOGO.png?fit=1476%2C1476&ssl=1","width":1476,"height":1476,"caption":"innoticiasbo.com"},"image":{"@id":"https:\/\/innoticiasbo.com\/#\/schema\/logo\/image\/"},"sameAs":["https:\/\/www.facebook.com\/innoticiasbolivia","https:\/\/x.com\/innoticiasbo","https:\/\/www.instagram.com\/innoticiasbo","https:\/\/www.youtube.com\/innoticiasbo"]},{"@type":"Person","@id":"https:\/\/innoticiasbo.com\/#\/schema\/person\/589cd527c4211df1b943bdad85ec07ce","name":"Prensa","image":{"@type":"ImageObject","inLanguage":"es","@id":"https:\/\/innoticiasbo.com\/#\/schema\/person\/image\/","url":"https:\/\/secure.gravatar.com\/avatar\/d359bbdf112023c1c0a3ec7fe1600657?s=96&d=mm&r=g","contentUrl":"https:\/\/secure.gravatar.com\/avatar\/d359bbdf112023c1c0a3ec7fe1600657?s=96&d=mm&r=g","caption":"Prensa"},"sameAs":["http:\/\/www.innoticiasbo.com"],"url":"https:\/\/innoticiasbo.com\/index.php\/author\/prensa\/"}]}},"jetpack_featured_media_url":"https:\/\/i0.wp.com\/innoticiasbo.com\/wp-content\/uploads\/2025\/10\/Screenshot_20251017_162105_CapCut.jpg?fit=1054%2C606&ssl=1","jetpack_likes_enabled":true,"jetpack_sharing_enabled":true,"jetpack_shortlink":"https:\/\/wp.me\/pg298x-24b","_links":{"self":[{"href":"https:\/\/innoticiasbo.com\/index.php\/wp-json\/wp\/v2\/posts\/7947","targetHints":{"allow":["GET"]}}],"collection":[{"href":"https:\/\/innoticiasbo.com\/index.php\/wp-json\/wp\/v2\/posts"}],"about":[{"href":"https:\/\/innoticiasbo.com\/index.php\/wp-json\/wp\/v2\/types\/post"}],"author":[{"embeddable":true,"href":"https:\/\/innoticiasbo.com\/index.php\/wp-json\/wp\/v2\/users\/2"}],"replies":[{"embeddable":true,"href":"https:\/\/innoticiasbo.com\/index.php\/wp-json\/wp\/v2\/comments?post=7947"}],"version-history":[{"count":1,"href":"https:\/\/innoticiasbo.com\/index.php\/wp-json\/wp\/v2\/posts\/7947\/revisions"}],"predecessor-version":[{"id":7948,"href":"https:\/\/innoticiasbo.com\/index.php\/wp-json\/wp\/v2\/posts\/7947\/revisions\/7948"}],"wp:featuredmedia":[{"embeddable":true,"href":"https:\/\/innoticiasbo.com\/index.php\/wp-json\/wp\/v2\/media\/7946"}],"wp:attachment":[{"href":"https:\/\/innoticiasbo.com\/index.php\/wp-json\/wp\/v2\/media?parent=7947"}],"wp:term":[{"taxonomy":"category","embeddable":true,"href":"https:\/\/innoticiasbo.com\/index.php\/wp-json\/wp\/v2\/categories?post=7947"},{"taxonomy":"post_tag","embeddable":true,"href":"https:\/\/innoticiasbo.com\/index.php\/wp-json\/wp\/v2\/tags?post=7947"}],"curies":[{"name":"wp","href":"https:\/\/api.w.org\/{rel}","templated":true}]}}