{"id":7942,"date":"2025-10-12T11:40:32","date_gmt":"2025-10-12T15:40:32","guid":{"rendered":"https:\/\/innoticiasbo.com\/?p=7942"},"modified":"2025-10-12T11:40:55","modified_gmt":"2025-10-12T15:40:55","slug":"la-diplomacia-no-es-un-adorno-del-estado","status":"publish","type":"post","link":"https:\/\/innoticiasbo.com\/index.php\/2025\/10\/12\/la-diplomacia-no-es-un-adorno-del-estado\/","title":{"rendered":"LA DIPLOMACIA NO ES UN ADORNO DEL ESTADO"},"content":{"rendered":"<p>Por Javier Viscarra Valdivia<\/p>\n<p><img data-recalc-dims=\"1\" loading=\"lazy\" decoding=\"async\" src=\"https:\/\/i0.wp.com\/innoticiasbo.com\/wp-content\/uploads\/2025\/10\/5_20251009_103845_00042649926378456994889.png?resize=640%2C640&#038;ssl=1\" class=\"wp-image-7940 alignnone size-full\" width=\"640\" height=\"640\" srcset=\"https:\/\/i0.wp.com\/innoticiasbo.com\/wp-content\/uploads\/2025\/10\/5_20251009_103845_00042649926378456994889.png?w=1080&amp;ssl=1 1080w, https:\/\/i0.wp.com\/innoticiasbo.com\/wp-content\/uploads\/2025\/10\/5_20251009_103845_00042649926378456994889.png?resize=300%2C300&amp;ssl=1 300w, https:\/\/i0.wp.com\/innoticiasbo.com\/wp-content\/uploads\/2025\/10\/5_20251009_103845_00042649926378456994889.png?resize=1024%2C1024&amp;ssl=1 1024w, https:\/\/i0.wp.com\/innoticiasbo.com\/wp-content\/uploads\/2025\/10\/5_20251009_103845_00042649926378456994889.png?resize=150%2C150&amp;ssl=1 150w, https:\/\/i0.wp.com\/innoticiasbo.com\/wp-content\/uploads\/2025\/10\/5_20251009_103845_00042649926378456994889.png?resize=768%2C768&amp;ssl=1 768w\" sizes=\"auto, (max-width: 640px) 100vw, 640px\" \/><\/p>\n<p>El reciente acto de presentaci\u00f3n del ensayo \u201cLineamientos para una pol\u00edtica exterior de Bolivia en el bicentenario de su independencia\u201d, elaborado por un grupo de diplom\u00e1ticos de carrera, sirvi\u00f3 para poner sobre la mesa una cuesti\u00f3n esencial que el pa\u00eds evita desde hace demasiado tiempo. \u00bfCu\u00e1l debe ser la orientaci\u00f3n de la pol\u00edtica exterior boliviana en un mundo que est\u00e1 cambiando radicalmente?<br \/>\nLos cuatro grandes temas expuestos en el aula magna de la Carrera de Ciencia Pol\u00edtica y Gesti\u00f3n P\u00fablica de la UMSA, durante la presentaci\u00f3n del estudio, ofrecen respuestas complementarias a esa pregunta. Se habl\u00f3 de geopol\u00edtica, multilateralismo, relaciones bilaterales y soberan\u00eda. Cuatro enfoques que confluyen en una misma convicci\u00f3n; Bolivia necesita reconstruir su pol\u00edtica exterior sobre la base de la profesionalizaci\u00f3n, la coherencia y una visi\u00f3n estrat\u00e9gica.<\/p>\n<p>En materia de l\u00edmites y aguas internacionales, el pa\u00eds enfrenta un escenario de enorme complejidad. Aunque existen tratados de delimitaci\u00f3n con los cinco pa\u00edses vecinos, la labor de demarcaci\u00f3n y administraci\u00f3n de fronteras sigue siendo delicada, donde la t\u00e9cnica y el relacionamiento bilateral se entrelazan. No se trata solo de colocar hitos o levantar mapas, sino de preservar espacios vitales \u2014r\u00edos, lagunas y bofedales\u2014 que sostienen la vida y la econom\u00eda de las poblaciones fronterizas. La falta de continuidad institucional tiene consecuencias concretas, desde la desatenci\u00f3n de comunidades hasta la p\u00e9rdida de control sobre recursos compartidos.<\/p>\n<p>El derecho internacional ha superado la noci\u00f3n r\u00edgida de soberan\u00eda como exclusi\u00f3n. En el \u00e1mbito de las aguas internacionales, la Convenci\u00f3n de 1997 sobre los cursos de agua transfronterizos establece el principio del uso equitativo y razonable. Los recursos compartidos deben gestionarse bajo criterios de cooperaci\u00f3n, equidad y sostenibilidad.<br \/>\nLa gobernanza conjunta, lejos de debilitar la soberan\u00eda, la fortalece. Sin embargo, este principio a\u00fan no ha sido asumido plenamente. Persisten visiones burocr\u00e1ticas o negligentes que dejan en manos ajenas la administraci\u00f3n de recursos que deber\u00edan gestionarse en conjunto.<\/p>\n<p>El juicio por las aguas del Silala fue una advertencia. El litigio ante la Corte Internacional de Justicia revel\u00f3 la falta de preparaci\u00f3n del Estado para asumir la etapa posterior a la sentencia. El caso no termina con el fallo, contin\u00faa con su aplicaci\u00f3n. Esa fase, decisiva para asegurar resultados duraderos, ha quedado abandonada. Lo mismo ocurre en otras zonas de frontera donde los acuerdos de manejo conjunto permanecen en el papel, mientras los hechos avanzan por inercia o por acci\u00f3n unilateral de los vecinos.<br \/>\nSi los recursos h\u00eddricos gritan nuestra desatenci\u00f3n, el narcotr\u00e1fico refleja la ausencia de una estrategia de Estado. Hoy el tr\u00e1fico de drogas il\u00edcitas forma parte de redes transnacionales que combinan finanzas, tecnolog\u00eda y corrupci\u00f3n pol\u00edtica. El crimen organizado tiene rostro global y los pa\u00edses d\u00e9biles son su escenario predilecto. Bolivia necesita comprender que el narcotr\u00e1fico es un problema de seguridad nacional e internacional. Ya no basta con medir hect\u00e1reas erradicadas; est\u00e1 en juego la credibilidad del pa\u00eds y su capacidad de cooperaci\u00f3n en la lucha contra el crimen organizado.<\/p>\n<p>La reciente descertificaci\u00f3n estadounidense, m\u00e1s all\u00e1 de su tono pol\u00edtico, fue una advertencia. El pa\u00eds no puede seguir ignorando la magnitud del problema. La pr\u00f3xima reuni\u00f3n del Comit\u00e9 de Expertos en Farmacodependencia de la OMS, que ofrecer\u00e1 resultados sobre la posible exclusi\u00f3n de la hoja de coca de la Lista I de estupefacientes, abre un escenario tan prometedor como riesgoso. Si Bolivia asume una posici\u00f3n madura, podr\u00e1 convertir la decisi\u00f3n en una oportunidad para desarrollar una industria legal y sostenible. Pero si se interpreta como licencia para expandir cultivos sin control, se agravar\u00e1 la dependencia del circuito il\u00edcito. La disyuntiva es clara: madurez o descontrol.<\/p>\n<p>En todos estos \u00e1mbitos \u2014l\u00edmites, aguas y seguridad\u2014 la constante es la misma; la falta de una pol\u00edtica exterior articulada y profesional. La diplomacia no es un adorno del Estado, sino su voz ante el mundo. Tratarla como bot\u00edn pol\u00edtico solo conduce al aislamiento.<\/p>\n<p>Reconstruir la institucionalidad diplom\u00e1tica no es un reclamo corporativo, sino una necesidad estructural. Y si algo demostr\u00f3 la presentaci\u00f3n del ensayo, es que hay una generaci\u00f3n de diplom\u00e1ticos dispuesta a asumir ese reto; recuperar el prestigio, la capacidad t\u00e9cnica y la visi\u00f3n estrat\u00e9gica que el pa\u00eds perdi\u00f3.<br \/>\nEl bicentenario no deber\u00eda encontrarnos improvisando, sino aplicando una pol\u00edtica exterior coherente, capaz de entender que la soberan\u00eda hoy se defiende con conocimiento, cooperaci\u00f3n y diplomacia.<\/p>\n","protected":false},"excerpt":{"rendered":"<p>Por Javier Viscarra Valdivia El reciente acto de presentaci\u00f3n del ensayo \u201cLineamientos para una pol\u00edtica exterior de Bolivia en el bicentenario de su independencia\u201d, elaborado por un grupo de diplom\u00e1ticos de carrera, sirvi\u00f3 para poner sobre la mesa una cuesti\u00f3n esencial que el pa\u00eds evita desde hace demasiado tiempo. \u00bfCu\u00e1l debe ser la orientaci\u00f3n de&#8230;<\/p>\n","protected":false},"author":2,"featured_media":7941,"comment_status":"open","ping_status":"open","sticky":false,"template":"","format":"standard","meta":{"_jetpack_memberships_contains_paid_content":false,"footnotes":"","jetpack_publicize_message":"","jetpack_publicize_feature_enabled":true,"jetpack_social_post_already_shared":true,"jetpack_social_options":{"image_generator_settings":{"template":"highway","enabled":false},"version":2}},"categories":[1,17],"tags":[697,669,521],"class_list":["post-7942","post","type-post","status-publish","format-standard","has-post-thumbnail","hentry","category-bolivia","category-opinion","tag-columna","tag-diplomacia","tag-javier-viscarra"],"jetpack_publicize_connections":[],"yoast_head":"<!-- This site is optimized with the Yoast SEO plugin v23.4 - https:\/\/yoast.com\/wordpress\/plugins\/seo\/ -->\n<title>LA DIPLOMACIA NO ES UN ADORNO DEL ESTADO - innoticiasbo.com<\/title>\n<meta name=\"robots\" content=\"index, follow, max-snippet:-1, max-image-preview:large, max-video-preview:-1\" \/>\n<link rel=\"canonical\" href=\"https:\/\/innoticiasbo.com\/index.php\/2025\/10\/12\/la-diplomacia-no-es-un-adorno-del-estado\/\" \/>\n<meta property=\"og:locale\" content=\"es_ES\" \/>\n<meta property=\"og:type\" content=\"article\" \/>\n<meta property=\"og:title\" content=\"LA DIPLOMACIA NO ES UN ADORNO DEL ESTADO - innoticiasbo.com\" \/>\n<meta property=\"og:description\" content=\"Por Javier Viscarra Valdivia El reciente acto de presentaci\u00f3n del ensayo \u201cLineamientos para una pol\u00edtica exterior de Bolivia en el bicentenario de su independencia\u201d, elaborado por un grupo de diplom\u00e1ticos de carrera, sirvi\u00f3 para poner sobre la mesa una cuesti\u00f3n esencial que el pa\u00eds evita desde hace demasiado tiempo. \u00bfCu\u00e1l debe ser la orientaci\u00f3n de...\" \/>\n<meta property=\"og:url\" content=\"https:\/\/innoticiasbo.com\/index.php\/2025\/10\/12\/la-diplomacia-no-es-un-adorno-del-estado\/\" \/>\n<meta property=\"og:site_name\" content=\"innoticiasbo.com\" \/>\n<meta property=\"article:publisher\" content=\"https:\/\/www.facebook.com\/innoticiasbolivia\" \/>\n<meta property=\"article:published_time\" content=\"2025-10-12T15:40:32+00:00\" \/>\n<meta property=\"article:modified_time\" content=\"2025-10-12T15:40:55+00:00\" \/>\n<meta property=\"og:image\" content=\"https:\/\/i0.wp.com\/innoticiasbo.com\/wp-content\/uploads\/2025\/10\/5_20251009_103845_0004-1.png?fit=1080%2C1080&ssl=1\" \/>\n\t<meta property=\"og:image:width\" content=\"1080\" \/>\n\t<meta property=\"og:image:height\" content=\"1080\" \/>\n\t<meta property=\"og:image:type\" content=\"image\/png\" \/>\n<meta name=\"author\" content=\"Prensa\" \/>\n<meta name=\"twitter:card\" content=\"summary_large_image\" \/>\n<meta name=\"twitter:creator\" content=\"@innoticiasbo\" \/>\n<meta name=\"twitter:site\" content=\"@innoticiasbo\" \/>\n<meta name=\"twitter:label1\" content=\"Escrito por\" \/>\n\t<meta name=\"twitter:data1\" content=\"Prensa\" \/>\n\t<meta name=\"twitter:label2\" content=\"Tiempo de lectura\" \/>\n\t<meta name=\"twitter:data2\" content=\"4 minutos\" \/>\n<script type=\"application\/ld+json\" class=\"yoast-schema-graph\">{\"@context\":\"https:\/\/schema.org\",\"@graph\":[{\"@type\":\"Article\",\"@id\":\"https:\/\/innoticiasbo.com\/index.php\/2025\/10\/12\/la-diplomacia-no-es-un-adorno-del-estado\/#article\",\"isPartOf\":{\"@id\":\"https:\/\/innoticiasbo.com\/index.php\/2025\/10\/12\/la-diplomacia-no-es-un-adorno-del-estado\/\"},\"author\":{\"name\":\"Prensa\",\"@id\":\"https:\/\/innoticiasbo.com\/#\/schema\/person\/589cd527c4211df1b943bdad85ec07ce\"},\"headline\":\"LA DIPLOMACIA NO ES UN ADORNO DEL ESTADO\",\"datePublished\":\"2025-10-12T15:40:32+00:00\",\"dateModified\":\"2025-10-12T15:40:55+00:00\",\"mainEntityOfPage\":{\"@id\":\"https:\/\/innoticiasbo.com\/index.php\/2025\/10\/12\/la-diplomacia-no-es-un-adorno-del-estado\/\"},\"wordCount\":805,\"commentCount\":0,\"publisher\":{\"@id\":\"https:\/\/innoticiasbo.com\/#organization\"},\"image\":{\"@id\":\"https:\/\/innoticiasbo.com\/index.php\/2025\/10\/12\/la-diplomacia-no-es-un-adorno-del-estado\/#primaryimage\"},\"thumbnailUrl\":\"https:\/\/i0.wp.com\/innoticiasbo.com\/wp-content\/uploads\/2025\/10\/5_20251009_103845_0004-1.png?fit=1080%2C1080&ssl=1\",\"keywords\":[\"columna\",\"diplomacia\",\"Javier Viscarra\"],\"articleSection\":[\"Bolivia\",\"Opini\u00f3n\"],\"inLanguage\":\"es\",\"potentialAction\":[{\"@type\":\"CommentAction\",\"name\":\"Comment\",\"target\":[\"https:\/\/innoticiasbo.com\/index.php\/2025\/10\/12\/la-diplomacia-no-es-un-adorno-del-estado\/#respond\"]}]},{\"@type\":\"WebPage\",\"@id\":\"https:\/\/innoticiasbo.com\/index.php\/2025\/10\/12\/la-diplomacia-no-es-un-adorno-del-estado\/\",\"url\":\"https:\/\/innoticiasbo.com\/index.php\/2025\/10\/12\/la-diplomacia-no-es-un-adorno-del-estado\/\",\"name\":\"LA DIPLOMACIA NO ES UN ADORNO DEL ESTADO - innoticiasbo.com\",\"isPartOf\":{\"@id\":\"https:\/\/innoticiasbo.com\/#website\"},\"primaryImageOfPage\":{\"@id\":\"https:\/\/innoticiasbo.com\/index.php\/2025\/10\/12\/la-diplomacia-no-es-un-adorno-del-estado\/#primaryimage\"},\"image\":{\"@id\":\"https:\/\/innoticiasbo.com\/index.php\/2025\/10\/12\/la-diplomacia-no-es-un-adorno-del-estado\/#primaryimage\"},\"thumbnailUrl\":\"https:\/\/i0.wp.com\/innoticiasbo.com\/wp-content\/uploads\/2025\/10\/5_20251009_103845_0004-1.png?fit=1080%2C1080&ssl=1\",\"datePublished\":\"2025-10-12T15:40:32+00:00\",\"dateModified\":\"2025-10-12T15:40:55+00:00\",\"breadcrumb\":{\"@id\":\"https:\/\/innoticiasbo.com\/index.php\/2025\/10\/12\/la-diplomacia-no-es-un-adorno-del-estado\/#breadcrumb\"},\"inLanguage\":\"es\",\"potentialAction\":[{\"@type\":\"ReadAction\",\"target\":[\"https:\/\/innoticiasbo.com\/index.php\/2025\/10\/12\/la-diplomacia-no-es-un-adorno-del-estado\/\"]}]},{\"@type\":\"ImageObject\",\"inLanguage\":\"es\",\"@id\":\"https:\/\/innoticiasbo.com\/index.php\/2025\/10\/12\/la-diplomacia-no-es-un-adorno-del-estado\/#primaryimage\",\"url\":\"https:\/\/i0.wp.com\/innoticiasbo.com\/wp-content\/uploads\/2025\/10\/5_20251009_103845_0004-1.png?fit=1080%2C1080&ssl=1\",\"contentUrl\":\"https:\/\/i0.wp.com\/innoticiasbo.com\/wp-content\/uploads\/2025\/10\/5_20251009_103845_0004-1.png?fit=1080%2C1080&ssl=1\",\"width\":1080,\"height\":1080},{\"@type\":\"BreadcrumbList\",\"@id\":\"https:\/\/innoticiasbo.com\/index.php\/2025\/10\/12\/la-diplomacia-no-es-un-adorno-del-estado\/#breadcrumb\",\"itemListElement\":[{\"@type\":\"ListItem\",\"position\":1,\"name\":\"Portada\",\"item\":\"https:\/\/innoticiasbo.com\/\"},{\"@type\":\"ListItem\",\"position\":2,\"name\":\"LA DIPLOMACIA NO ES UN ADORNO DEL ESTADO\"}]},{\"@type\":\"WebSite\",\"@id\":\"https:\/\/innoticiasbo.com\/#website\",\"url\":\"https:\/\/innoticiasbo.com\/\",\"name\":\"innoticiasbo.com\",\"description\":\"\",\"publisher\":{\"@id\":\"https:\/\/innoticiasbo.com\/#organization\"},\"potentialAction\":[{\"@type\":\"SearchAction\",\"target\":{\"@type\":\"EntryPoint\",\"urlTemplate\":\"https:\/\/innoticiasbo.com\/?s={search_term_string}\"},\"query-input\":{\"@type\":\"PropertyValueSpecification\",\"valueRequired\":true,\"valueName\":\"search_term_string\"}}],\"inLanguage\":\"es\"},{\"@type\":\"Organization\",\"@id\":\"https:\/\/innoticiasbo.com\/#organization\",\"name\":\"innoticiasbo.com\",\"url\":\"https:\/\/innoticiasbo.com\/\",\"logo\":{\"@type\":\"ImageObject\",\"inLanguage\":\"es\",\"@id\":\"https:\/\/innoticiasbo.com\/#\/schema\/logo\/image\/\",\"url\":\"https:\/\/i0.wp.com\/innoticiasbo.com\/wp-content\/uploads\/2026\/04\/cropped-IN-LOGO.png?fit=1476%2C1476&ssl=1\",\"contentUrl\":\"https:\/\/i0.wp.com\/innoticiasbo.com\/wp-content\/uploads\/2026\/04\/cropped-IN-LOGO.png?fit=1476%2C1476&ssl=1\",\"width\":1476,\"height\":1476,\"caption\":\"innoticiasbo.com\"},\"image\":{\"@id\":\"https:\/\/innoticiasbo.com\/#\/schema\/logo\/image\/\"},\"sameAs\":[\"https:\/\/www.facebook.com\/innoticiasbolivia\",\"https:\/\/x.com\/innoticiasbo\",\"https:\/\/www.instagram.com\/innoticiasbo\",\"https:\/\/www.youtube.com\/innoticiasbo\"]},{\"@type\":\"Person\",\"@id\":\"https:\/\/innoticiasbo.com\/#\/schema\/person\/589cd527c4211df1b943bdad85ec07ce\",\"name\":\"Prensa\",\"image\":{\"@type\":\"ImageObject\",\"inLanguage\":\"es\",\"@id\":\"https:\/\/innoticiasbo.com\/#\/schema\/person\/image\/\",\"url\":\"https:\/\/secure.gravatar.com\/avatar\/d359bbdf112023c1c0a3ec7fe1600657?s=96&d=mm&r=g\",\"contentUrl\":\"https:\/\/secure.gravatar.com\/avatar\/d359bbdf112023c1c0a3ec7fe1600657?s=96&d=mm&r=g\",\"caption\":\"Prensa\"},\"sameAs\":[\"http:\/\/www.innoticiasbo.com\"],\"url\":\"https:\/\/innoticiasbo.com\/index.php\/author\/prensa\/\"}]}<\/script>\n<!-- \/ Yoast SEO plugin. -->","yoast_head_json":{"title":"LA DIPLOMACIA NO ES UN ADORNO DEL ESTADO - innoticiasbo.com","robots":{"index":"index","follow":"follow","max-snippet":"max-snippet:-1","max-image-preview":"max-image-preview:large","max-video-preview":"max-video-preview:-1"},"canonical":"https:\/\/innoticiasbo.com\/index.php\/2025\/10\/12\/la-diplomacia-no-es-un-adorno-del-estado\/","og_locale":"es_ES","og_type":"article","og_title":"LA DIPLOMACIA NO ES UN ADORNO DEL ESTADO - innoticiasbo.com","og_description":"Por Javier Viscarra Valdivia El reciente acto de presentaci\u00f3n del ensayo \u201cLineamientos para una pol\u00edtica exterior de Bolivia en el bicentenario de su independencia\u201d, elaborado por un grupo de diplom\u00e1ticos de carrera, sirvi\u00f3 para poner sobre la mesa una cuesti\u00f3n esencial que el pa\u00eds evita desde hace demasiado tiempo. \u00bfCu\u00e1l debe ser la orientaci\u00f3n de...","og_url":"https:\/\/innoticiasbo.com\/index.php\/2025\/10\/12\/la-diplomacia-no-es-un-adorno-del-estado\/","og_site_name":"innoticiasbo.com","article_publisher":"https:\/\/www.facebook.com\/innoticiasbolivia","article_published_time":"2025-10-12T15:40:32+00:00","article_modified_time":"2025-10-12T15:40:55+00:00","og_image":[{"width":1080,"height":1080,"url":"https:\/\/i0.wp.com\/innoticiasbo.com\/wp-content\/uploads\/2025\/10\/5_20251009_103845_0004-1.png?fit=1080%2C1080&ssl=1","type":"image\/png"}],"author":"Prensa","twitter_card":"summary_large_image","twitter_creator":"@innoticiasbo","twitter_site":"@innoticiasbo","twitter_misc":{"Escrito por":"Prensa","Tiempo de lectura":"4 minutos"},"schema":{"@context":"https:\/\/schema.org","@graph":[{"@type":"Article","@id":"https:\/\/innoticiasbo.com\/index.php\/2025\/10\/12\/la-diplomacia-no-es-un-adorno-del-estado\/#article","isPartOf":{"@id":"https:\/\/innoticiasbo.com\/index.php\/2025\/10\/12\/la-diplomacia-no-es-un-adorno-del-estado\/"},"author":{"name":"Prensa","@id":"https:\/\/innoticiasbo.com\/#\/schema\/person\/589cd527c4211df1b943bdad85ec07ce"},"headline":"LA DIPLOMACIA NO ES UN ADORNO DEL ESTADO","datePublished":"2025-10-12T15:40:32+00:00","dateModified":"2025-10-12T15:40:55+00:00","mainEntityOfPage":{"@id":"https:\/\/innoticiasbo.com\/index.php\/2025\/10\/12\/la-diplomacia-no-es-un-adorno-del-estado\/"},"wordCount":805,"commentCount":0,"publisher":{"@id":"https:\/\/innoticiasbo.com\/#organization"},"image":{"@id":"https:\/\/innoticiasbo.com\/index.php\/2025\/10\/12\/la-diplomacia-no-es-un-adorno-del-estado\/#primaryimage"},"thumbnailUrl":"https:\/\/i0.wp.com\/innoticiasbo.com\/wp-content\/uploads\/2025\/10\/5_20251009_103845_0004-1.png?fit=1080%2C1080&ssl=1","keywords":["columna","diplomacia","Javier Viscarra"],"articleSection":["Bolivia","Opini\u00f3n"],"inLanguage":"es","potentialAction":[{"@type":"CommentAction","name":"Comment","target":["https:\/\/innoticiasbo.com\/index.php\/2025\/10\/12\/la-diplomacia-no-es-un-adorno-del-estado\/#respond"]}]},{"@type":"WebPage","@id":"https:\/\/innoticiasbo.com\/index.php\/2025\/10\/12\/la-diplomacia-no-es-un-adorno-del-estado\/","url":"https:\/\/innoticiasbo.com\/index.php\/2025\/10\/12\/la-diplomacia-no-es-un-adorno-del-estado\/","name":"LA DIPLOMACIA NO ES UN ADORNO DEL ESTADO - innoticiasbo.com","isPartOf":{"@id":"https:\/\/innoticiasbo.com\/#website"},"primaryImageOfPage":{"@id":"https:\/\/innoticiasbo.com\/index.php\/2025\/10\/12\/la-diplomacia-no-es-un-adorno-del-estado\/#primaryimage"},"image":{"@id":"https:\/\/innoticiasbo.com\/index.php\/2025\/10\/12\/la-diplomacia-no-es-un-adorno-del-estado\/#primaryimage"},"thumbnailUrl":"https:\/\/i0.wp.com\/innoticiasbo.com\/wp-content\/uploads\/2025\/10\/5_20251009_103845_0004-1.png?fit=1080%2C1080&ssl=1","datePublished":"2025-10-12T15:40:32+00:00","dateModified":"2025-10-12T15:40:55+00:00","breadcrumb":{"@id":"https:\/\/innoticiasbo.com\/index.php\/2025\/10\/12\/la-diplomacia-no-es-un-adorno-del-estado\/#breadcrumb"},"inLanguage":"es","potentialAction":[{"@type":"ReadAction","target":["https:\/\/innoticiasbo.com\/index.php\/2025\/10\/12\/la-diplomacia-no-es-un-adorno-del-estado\/"]}]},{"@type":"ImageObject","inLanguage":"es","@id":"https:\/\/innoticiasbo.com\/index.php\/2025\/10\/12\/la-diplomacia-no-es-un-adorno-del-estado\/#primaryimage","url":"https:\/\/i0.wp.com\/innoticiasbo.com\/wp-content\/uploads\/2025\/10\/5_20251009_103845_0004-1.png?fit=1080%2C1080&ssl=1","contentUrl":"https:\/\/i0.wp.com\/innoticiasbo.com\/wp-content\/uploads\/2025\/10\/5_20251009_103845_0004-1.png?fit=1080%2C1080&ssl=1","width":1080,"height":1080},{"@type":"BreadcrumbList","@id":"https:\/\/innoticiasbo.com\/index.php\/2025\/10\/12\/la-diplomacia-no-es-un-adorno-del-estado\/#breadcrumb","itemListElement":[{"@type":"ListItem","position":1,"name":"Portada","item":"https:\/\/innoticiasbo.com\/"},{"@type":"ListItem","position":2,"name":"LA DIPLOMACIA NO ES UN ADORNO DEL ESTADO"}]},{"@type":"WebSite","@id":"https:\/\/innoticiasbo.com\/#website","url":"https:\/\/innoticiasbo.com\/","name":"innoticiasbo.com","description":"","publisher":{"@id":"https:\/\/innoticiasbo.com\/#organization"},"potentialAction":[{"@type":"SearchAction","target":{"@type":"EntryPoint","urlTemplate":"https:\/\/innoticiasbo.com\/?s={search_term_string}"},"query-input":{"@type":"PropertyValueSpecification","valueRequired":true,"valueName":"search_term_string"}}],"inLanguage":"es"},{"@type":"Organization","@id":"https:\/\/innoticiasbo.com\/#organization","name":"innoticiasbo.com","url":"https:\/\/innoticiasbo.com\/","logo":{"@type":"ImageObject","inLanguage":"es","@id":"https:\/\/innoticiasbo.com\/#\/schema\/logo\/image\/","url":"https:\/\/i0.wp.com\/innoticiasbo.com\/wp-content\/uploads\/2026\/04\/cropped-IN-LOGO.png?fit=1476%2C1476&ssl=1","contentUrl":"https:\/\/i0.wp.com\/innoticiasbo.com\/wp-content\/uploads\/2026\/04\/cropped-IN-LOGO.png?fit=1476%2C1476&ssl=1","width":1476,"height":1476,"caption":"innoticiasbo.com"},"image":{"@id":"https:\/\/innoticiasbo.com\/#\/schema\/logo\/image\/"},"sameAs":["https:\/\/www.facebook.com\/innoticiasbolivia","https:\/\/x.com\/innoticiasbo","https:\/\/www.instagram.com\/innoticiasbo","https:\/\/www.youtube.com\/innoticiasbo"]},{"@type":"Person","@id":"https:\/\/innoticiasbo.com\/#\/schema\/person\/589cd527c4211df1b943bdad85ec07ce","name":"Prensa","image":{"@type":"ImageObject","inLanguage":"es","@id":"https:\/\/innoticiasbo.com\/#\/schema\/person\/image\/","url":"https:\/\/secure.gravatar.com\/avatar\/d359bbdf112023c1c0a3ec7fe1600657?s=96&d=mm&r=g","contentUrl":"https:\/\/secure.gravatar.com\/avatar\/d359bbdf112023c1c0a3ec7fe1600657?s=96&d=mm&r=g","caption":"Prensa"},"sameAs":["http:\/\/www.innoticiasbo.com"],"url":"https:\/\/innoticiasbo.com\/index.php\/author\/prensa\/"}]}},"jetpack_featured_media_url":"https:\/\/i0.wp.com\/innoticiasbo.com\/wp-content\/uploads\/2025\/10\/5_20251009_103845_0004-1.png?fit=1080%2C1080&ssl=1","jetpack_likes_enabled":true,"jetpack_sharing_enabled":true,"jetpack_shortlink":"https:\/\/wp.me\/pg298x-246","_links":{"self":[{"href":"https:\/\/innoticiasbo.com\/index.php\/wp-json\/wp\/v2\/posts\/7942","targetHints":{"allow":["GET"]}}],"collection":[{"href":"https:\/\/innoticiasbo.com\/index.php\/wp-json\/wp\/v2\/posts"}],"about":[{"href":"https:\/\/innoticiasbo.com\/index.php\/wp-json\/wp\/v2\/types\/post"}],"author":[{"embeddable":true,"href":"https:\/\/innoticiasbo.com\/index.php\/wp-json\/wp\/v2\/users\/2"}],"replies":[{"embeddable":true,"href":"https:\/\/innoticiasbo.com\/index.php\/wp-json\/wp\/v2\/comments?post=7942"}],"version-history":[{"count":1,"href":"https:\/\/innoticiasbo.com\/index.php\/wp-json\/wp\/v2\/posts\/7942\/revisions"}],"predecessor-version":[{"id":7943,"href":"https:\/\/innoticiasbo.com\/index.php\/wp-json\/wp\/v2\/posts\/7942\/revisions\/7943"}],"wp:featuredmedia":[{"embeddable":true,"href":"https:\/\/innoticiasbo.com\/index.php\/wp-json\/wp\/v2\/media\/7941"}],"wp:attachment":[{"href":"https:\/\/innoticiasbo.com\/index.php\/wp-json\/wp\/v2\/media?parent=7942"}],"wp:term":[{"taxonomy":"category","embeddable":true,"href":"https:\/\/innoticiasbo.com\/index.php\/wp-json\/wp\/v2\/categories?post=7942"},{"taxonomy":"post_tag","embeddable":true,"href":"https:\/\/innoticiasbo.com\/index.php\/wp-json\/wp\/v2\/tags?post=7942"}],"curies":[{"name":"wp","href":"https:\/\/api.w.org\/{rel}","templated":true}]}}