{"id":7938,"date":"2025-10-10T15:00:29","date_gmt":"2025-10-10T19:00:29","guid":{"rendered":"https:\/\/innoticiasbo.com\/?p=7938"},"modified":"2025-10-10T15:01:07","modified_gmt":"2025-10-10T19:01:07","slug":"bitacora-del-buho-maria-corina-machado-y-el-nobel-el-poder-moral-frente-a-la-dictadura","status":"publish","type":"post","link":"https:\/\/innoticiasbo.com\/index.php\/2025\/10\/10\/bitacora-del-buho-maria-corina-machado-y-el-nobel-el-poder-moral-frente-a-la-dictadura\/","title":{"rendered":"BIT\u00c1CORA DEL B\u00daHO             Mar\u00eda Corina Machado y el Nobel: el poder moral frente a la dictadura"},"content":{"rendered":"<p><img data-recalc-dims=\"1\" loading=\"lazy\" decoding=\"async\" src=\"https:\/\/i0.wp.com\/innoticiasbo.com\/wp-content\/uploads\/2025\/10\/columna-de-opinion-in-noticias_20251010_145753_0000475428704241962652.jpg?resize=640%2C640&#038;ssl=1\" class=\"wp-image-7936 alignnone size-full\" width=\"640\" height=\"640\" srcset=\"https:\/\/i0.wp.com\/innoticiasbo.com\/wp-content\/uploads\/2025\/10\/columna-de-opinion-in-noticias_20251010_145753_0000475428704241962652.jpg?w=1080&amp;ssl=1 1080w, https:\/\/i0.wp.com\/innoticiasbo.com\/wp-content\/uploads\/2025\/10\/columna-de-opinion-in-noticias_20251010_145753_0000475428704241962652.jpg?resize=300%2C300&amp;ssl=1 300w, https:\/\/i0.wp.com\/innoticiasbo.com\/wp-content\/uploads\/2025\/10\/columna-de-opinion-in-noticias_20251010_145753_0000475428704241962652.jpg?resize=1024%2C1024&amp;ssl=1 1024w, https:\/\/i0.wp.com\/innoticiasbo.com\/wp-content\/uploads\/2025\/10\/columna-de-opinion-in-noticias_20251010_145753_0000475428704241962652.jpg?resize=150%2C150&amp;ssl=1 150w, https:\/\/i0.wp.com\/innoticiasbo.com\/wp-content\/uploads\/2025\/10\/columna-de-opinion-in-noticias_20251010_145753_0000475428704241962652.jpg?resize=768%2C768&amp;ssl=1 768w\" sizes=\"auto, (max-width: 640px) 100vw, 640px\" \/><\/p>\n<p>En la historia pol\u00edtica contempor\u00e1nea de Am\u00e9rica Latina, pocas figuras han encarnado con tal intensidad la paradoja del coraje civil frente a la represi\u00f3n institucional como Mar\u00eda Corina Machado. Su reciente distinci\u00f3n con el Premio Nobel \u2014premio que suele evitar las controversias de la pol\u00edtica interna y los conflictos regionales\u2014 marca un punto de inflexi\u00f3n no solo en la narrativa venezolana, sino en la forma en que el mundo observa las nuevas formas del autoritarismo.<\/p>\n<p>Otorgarle el Nobel a Machado no es un gesto simb\u00f3lico, es una declaraci\u00f3n pol\u00edtica, \u00e9tica y hasta filos\u00f3fica: la resistencia pac\u00edfica, basada en principios y sostenida por el poder moral, a\u00fan tiene lugar en la arena global.<\/p>\n<p>Desde sus inicios como fundadora de S\u00famate, Mar\u00eda Corina Machado encarn\u00f3 una idea que desaf\u00eda los c\u00e1nones cl\u00e1sicos de la pol\u00edtica tradicional: que la \u00e9tica no es negociable, incluso en las condiciones m\u00e1s adversas. A diferencia de otros actores de la oposici\u00f3n venezolana, su narrativa nunca fue moderada para sobrevivir, ni sus posturas suavizadas para complacer a las potencias. Pag\u00f3 caro por ello: fue inhabilitada, difamada, perseguida y aislada. Pero nunca cedi\u00f3.<\/p>\n<p>Desde una perspectiva acad\u00e9mica, su figura ofrece un caso de estudio en disidencia sostenida bajo r\u00e9gimen autoritario competitivo \u2014un modelo h\u00edbrido que mantiene la fachada institucional de la democracia mientras socava, sistem\u00e1ticamente, sus contenidos m\u00e1s sustantivos: la separaci\u00f3n de poderes, el sufragio libre, la libertad de expresi\u00f3n, el debido proceso.<br \/>\nLa estrategia de Machado ha sido clara: construir una oposici\u00f3n no funcional al r\u00e9gimen, sino confrontacional, radical en t\u00e9rminos democr\u00e1ticos. Una \u201cradicalidad \u00e9tica\u201d, como dir\u00eda Hannah Arendt, que consiste en no pactar con el mal menor, ni hacer del pragmatismo una excusa para la claudicaci\u00f3n moral.<br \/>\nEl Nobel a Mar\u00eda Corina Machado debe leerse tambi\u00e9n en clave literaria. Es el premio a una narrativa que se ha sostenido durante m\u00e1s de veinte a\u00f1os contra el silencio, la resignaci\u00f3n y el cinismo. No es un Nobel a una victoria pol\u00edtica concreta \u2014Venezuela a\u00fan no ha recuperado su democracia\u2014, sino a la persistencia de una visi\u00f3n que no se dej\u00f3 absorber por la l\u00f3gica del poder, ni por los espejismos del corto plazo.<br \/>\nEn un continente que ha oscilado entre dictaduras militares, populismos autoritarios y democracias fr\u00e1giles, el valor de figuras como Machado radica en su resistencia al deterioro del lenguaje pol\u00edtico. En ella, las palabras \u201clibertad\u201d, \u201cestado de derecho\u201d o \u201cjusticia\u201d no han sido ret\u00f3ricas vac\u00edas, sino pilares intransigentes de su acci\u00f3n p\u00fablica.<\/p>\n<p>Como en las grandes obras de la literatura latinoamericana, hay en su historia una \u00e9pica silenciosa, una fidelidad tr\u00e1gica a los principios. Como los personajes de Vargas Llosa o Garc\u00eda M\u00e1rquez, su lucha es tanto contra el poder como contra el olvido. Y ese es, quiz\u00e1s, el m\u00e1s profundo significado de este Nobel: hacer memoria donde otros han querido imponer la desmemoria.<\/p>\n<p>El galard\u00f3n tambi\u00e9n interpela a la comunidad internacional. Porque si bien la atenci\u00f3n del mundo sobre Venezuela ha sido intermitente y utilitaria, este premio rompe la l\u00f3gica del olvido. Es una advertencia: los cr\u00edmenes de los reg\u00edmenes autoritarios no prescriben en la conciencia \u00e9tica de la humanidad.<br \/>\nEl reconocimiento a Mar\u00eda Corina Machado obliga a revisar nuestras categor\u00edas. En un tiempo donde las democracias liberales se muestran fr\u00e1giles, y los autoritarismos se revisten de lenguaje progresista o nacionalista, el caso venezolano revela c\u00f3mo la lucha por la libertad se vuelve cada vez m\u00e1s compleja, m\u00e1s solitaria y, al mismo tiempo, m\u00e1s esencial.<\/p>\n<p>Mar\u00eda Corina Machado no representa solo a una parte del pa\u00eds: representa una idea de naci\u00f3n que no se resigna. Su figura condensa, con todas sus contradicciones y firmezas, el anhelo de millones de venezolanos por un futuro digno. En ella se funden el car\u00e1cter insobornable del l\u00edder moral y la determinaci\u00f3n estrat\u00e9gica del actor pol\u00edtico.<br \/>\nEl Nobel, entonces, no premia la biograf\u00eda de una mujer, sino la historia colectiva de un pueblo que ha resistido. Es la consagraci\u00f3n internacional de una lucha que no ha terminado, pero que ha marcado ya una l\u00ednea en la historia.<\/p>\n<p>Porque, al final, como escribi\u00f3 Albert Camus: \u201cEn medio del odio, descubr\u00ed que hab\u00eda dentro de m\u00ed un amor invencible.\u201d Ese amor invencible por la libertad, por la verdad, por el pa\u00eds que puede ser, es lo que hoy el mundo reconoce en Mar\u00eda Corina Machado.<\/p>\n<p>El autor es comunicador social<\/p>\n","protected":false},"excerpt":{"rendered":"<p>En la historia pol\u00edtica contempor\u00e1nea de Am\u00e9rica Latina, pocas figuras han encarnado con tal intensidad la paradoja del coraje civil frente a la represi\u00f3n institucional como Mar\u00eda Corina Machado. Su reciente distinci\u00f3n con el Premio Nobel \u2014premio que suele evitar las controversias de la pol\u00edtica interna y los conflictos regionales\u2014 marca un punto de inflexi\u00f3n&#8230;<\/p>\n","protected":false},"author":2,"featured_media":7937,"comment_status":"open","ping_status":"open","sticky":false,"template":"","format":"standard","meta":{"_jetpack_memberships_contains_paid_content":false,"footnotes":"","jetpack_publicize_message":"","jetpack_publicize_feature_enabled":true,"jetpack_social_post_already_shared":true,"jetpack_social_options":{"image_generator_settings":{"template":"highway","enabled":false},"version":2}},"categories":[1,17],"tags":[697,1051,1050],"class_list":["post-7938","post","type-post","status-publish","format-standard","has-post-thumbnail","hentry","category-bolivia","category-opinion","tag-columna","tag-maria-corina-machado","tag-ruddy-orellana"],"jetpack_publicize_connections":[],"yoast_head":"<!-- This site is optimized with the Yoast SEO plugin v23.4 - https:\/\/yoast.com\/wordpress\/plugins\/seo\/ -->\n<title>BIT\u00c1CORA DEL B\u00daHO       Mar\u00eda Corina Machado y el Nobel: el poder moral frente a la dictadura - innoticiasbo.com<\/title>\n<meta name=\"robots\" content=\"index, follow, max-snippet:-1, max-image-preview:large, max-video-preview:-1\" \/>\n<link rel=\"canonical\" href=\"https:\/\/innoticiasbo.com\/index.php\/2025\/10\/10\/bitacora-del-buho-maria-corina-machado-y-el-nobel-el-poder-moral-frente-a-la-dictadura\/\" \/>\n<meta property=\"og:locale\" content=\"es_ES\" \/>\n<meta property=\"og:type\" content=\"article\" \/>\n<meta property=\"og:title\" content=\"BIT\u00c1CORA DEL B\u00daHO       Mar\u00eda Corina Machado y el Nobel: el poder moral frente a la dictadura - innoticiasbo.com\" \/>\n<meta property=\"og:description\" content=\"En la historia pol\u00edtica contempor\u00e1nea de Am\u00e9rica Latina, pocas figuras han encarnado con tal intensidad la paradoja del coraje civil frente a la represi\u00f3n institucional como Mar\u00eda Corina Machado. Su reciente distinci\u00f3n con el Premio Nobel \u2014premio que suele evitar las controversias de la pol\u00edtica interna y los conflictos regionales\u2014 marca un punto de inflexi\u00f3n...\" \/>\n<meta property=\"og:url\" content=\"https:\/\/innoticiasbo.com\/index.php\/2025\/10\/10\/bitacora-del-buho-maria-corina-machado-y-el-nobel-el-poder-moral-frente-a-la-dictadura\/\" \/>\n<meta property=\"og:site_name\" content=\"innoticiasbo.com\" \/>\n<meta property=\"article:publisher\" content=\"https:\/\/www.facebook.com\/innoticiasbolivia\" \/>\n<meta property=\"article:published_time\" content=\"2025-10-10T19:00:29+00:00\" \/>\n<meta property=\"article:modified_time\" content=\"2025-10-10T19:01:07+00:00\" \/>\n<meta property=\"og:image\" content=\"https:\/\/i0.wp.com\/innoticiasbo.com\/wp-content\/uploads\/2025\/10\/COLUMNA-DE-OPINION-IN-NOTICIAS_20251010_145753_0000.png?fit=1080%2C1080&ssl=1\" \/>\n\t<meta property=\"og:image:width\" content=\"1080\" \/>\n\t<meta property=\"og:image:height\" content=\"1080\" \/>\n\t<meta property=\"og:image:type\" content=\"image\/png\" \/>\n<meta name=\"author\" content=\"Prensa\" \/>\n<meta name=\"twitter:card\" content=\"summary_large_image\" \/>\n<meta name=\"twitter:creator\" content=\"@innoticiasbo\" \/>\n<meta name=\"twitter:site\" content=\"@innoticiasbo\" \/>\n<meta name=\"twitter:label1\" content=\"Escrito por\" \/>\n\t<meta name=\"twitter:data1\" content=\"Prensa\" \/>\n\t<meta name=\"twitter:label2\" content=\"Tiempo de lectura\" \/>\n\t<meta name=\"twitter:data2\" content=\"4 minutos\" \/>\n<script type=\"application\/ld+json\" class=\"yoast-schema-graph\">{\"@context\":\"https:\/\/schema.org\",\"@graph\":[{\"@type\":\"Article\",\"@id\":\"https:\/\/innoticiasbo.com\/index.php\/2025\/10\/10\/bitacora-del-buho-maria-corina-machado-y-el-nobel-el-poder-moral-frente-a-la-dictadura\/#article\",\"isPartOf\":{\"@id\":\"https:\/\/innoticiasbo.com\/index.php\/2025\/10\/10\/bitacora-del-buho-maria-corina-machado-y-el-nobel-el-poder-moral-frente-a-la-dictadura\/\"},\"author\":{\"name\":\"Prensa\",\"@id\":\"https:\/\/innoticiasbo.com\/#\/schema\/person\/589cd527c4211df1b943bdad85ec07ce\"},\"headline\":\"BIT\u00c1CORA DEL B\u00daHO Mar\u00eda Corina Machado y el Nobel: el poder moral frente a la dictadura\",\"datePublished\":\"2025-10-10T19:00:29+00:00\",\"dateModified\":\"2025-10-10T19:01:07+00:00\",\"mainEntityOfPage\":{\"@id\":\"https:\/\/innoticiasbo.com\/index.php\/2025\/10\/10\/bitacora-del-buho-maria-corina-machado-y-el-nobel-el-poder-moral-frente-a-la-dictadura\/\"},\"wordCount\":819,\"commentCount\":0,\"publisher\":{\"@id\":\"https:\/\/innoticiasbo.com\/#organization\"},\"image\":{\"@id\":\"https:\/\/innoticiasbo.com\/index.php\/2025\/10\/10\/bitacora-del-buho-maria-corina-machado-y-el-nobel-el-poder-moral-frente-a-la-dictadura\/#primaryimage\"},\"thumbnailUrl\":\"https:\/\/i0.wp.com\/innoticiasbo.com\/wp-content\/uploads\/2025\/10\/COLUMNA-DE-OPINION-IN-NOTICIAS_20251010_145753_0000.png?fit=1080%2C1080&ssl=1\",\"keywords\":[\"columna\",\"Mar\u00eda Corina Machado\",\"Ruddy Orellana\"],\"articleSection\":[\"Bolivia\",\"Opini\u00f3n\"],\"inLanguage\":\"es\",\"potentialAction\":[{\"@type\":\"CommentAction\",\"name\":\"Comment\",\"target\":[\"https:\/\/innoticiasbo.com\/index.php\/2025\/10\/10\/bitacora-del-buho-maria-corina-machado-y-el-nobel-el-poder-moral-frente-a-la-dictadura\/#respond\"]}]},{\"@type\":\"WebPage\",\"@id\":\"https:\/\/innoticiasbo.com\/index.php\/2025\/10\/10\/bitacora-del-buho-maria-corina-machado-y-el-nobel-el-poder-moral-frente-a-la-dictadura\/\",\"url\":\"https:\/\/innoticiasbo.com\/index.php\/2025\/10\/10\/bitacora-del-buho-maria-corina-machado-y-el-nobel-el-poder-moral-frente-a-la-dictadura\/\",\"name\":\"BIT\u00c1CORA DEL B\u00daHO Mar\u00eda Corina Machado y el Nobel: el poder moral frente a la dictadura - innoticiasbo.com\",\"isPartOf\":{\"@id\":\"https:\/\/innoticiasbo.com\/#website\"},\"primaryImageOfPage\":{\"@id\":\"https:\/\/innoticiasbo.com\/index.php\/2025\/10\/10\/bitacora-del-buho-maria-corina-machado-y-el-nobel-el-poder-moral-frente-a-la-dictadura\/#primaryimage\"},\"image\":{\"@id\":\"https:\/\/innoticiasbo.com\/index.php\/2025\/10\/10\/bitacora-del-buho-maria-corina-machado-y-el-nobel-el-poder-moral-frente-a-la-dictadura\/#primaryimage\"},\"thumbnailUrl\":\"https:\/\/i0.wp.com\/innoticiasbo.com\/wp-content\/uploads\/2025\/10\/COLUMNA-DE-OPINION-IN-NOTICIAS_20251010_145753_0000.png?fit=1080%2C1080&ssl=1\",\"datePublished\":\"2025-10-10T19:00:29+00:00\",\"dateModified\":\"2025-10-10T19:01:07+00:00\",\"breadcrumb\":{\"@id\":\"https:\/\/innoticiasbo.com\/index.php\/2025\/10\/10\/bitacora-del-buho-maria-corina-machado-y-el-nobel-el-poder-moral-frente-a-la-dictadura\/#breadcrumb\"},\"inLanguage\":\"es\",\"potentialAction\":[{\"@type\":\"ReadAction\",\"target\":[\"https:\/\/innoticiasbo.com\/index.php\/2025\/10\/10\/bitacora-del-buho-maria-corina-machado-y-el-nobel-el-poder-moral-frente-a-la-dictadura\/\"]}]},{\"@type\":\"ImageObject\",\"inLanguage\":\"es\",\"@id\":\"https:\/\/innoticiasbo.com\/index.php\/2025\/10\/10\/bitacora-del-buho-maria-corina-machado-y-el-nobel-el-poder-moral-frente-a-la-dictadura\/#primaryimage\",\"url\":\"https:\/\/i0.wp.com\/innoticiasbo.com\/wp-content\/uploads\/2025\/10\/COLUMNA-DE-OPINION-IN-NOTICIAS_20251010_145753_0000.png?fit=1080%2C1080&ssl=1\",\"contentUrl\":\"https:\/\/i0.wp.com\/innoticiasbo.com\/wp-content\/uploads\/2025\/10\/COLUMNA-DE-OPINION-IN-NOTICIAS_20251010_145753_0000.png?fit=1080%2C1080&ssl=1\",\"width\":1080,\"height\":1080},{\"@type\":\"BreadcrumbList\",\"@id\":\"https:\/\/innoticiasbo.com\/index.php\/2025\/10\/10\/bitacora-del-buho-maria-corina-machado-y-el-nobel-el-poder-moral-frente-a-la-dictadura\/#breadcrumb\",\"itemListElement\":[{\"@type\":\"ListItem\",\"position\":1,\"name\":\"Portada\",\"item\":\"https:\/\/innoticiasbo.com\/\"},{\"@type\":\"ListItem\",\"position\":2,\"name\":\"BIT\u00c1CORA DEL B\u00daHO Mar\u00eda Corina Machado y el Nobel: el poder moral frente a la dictadura\"}]},{\"@type\":\"WebSite\",\"@id\":\"https:\/\/innoticiasbo.com\/#website\",\"url\":\"https:\/\/innoticiasbo.com\/\",\"name\":\"innoticiasbo.com\",\"description\":\"\",\"publisher\":{\"@id\":\"https:\/\/innoticiasbo.com\/#organization\"},\"potentialAction\":[{\"@type\":\"SearchAction\",\"target\":{\"@type\":\"EntryPoint\",\"urlTemplate\":\"https:\/\/innoticiasbo.com\/?s={search_term_string}\"},\"query-input\":{\"@type\":\"PropertyValueSpecification\",\"valueRequired\":true,\"valueName\":\"search_term_string\"}}],\"inLanguage\":\"es\"},{\"@type\":\"Organization\",\"@id\":\"https:\/\/innoticiasbo.com\/#organization\",\"name\":\"innoticiasbo.com\",\"url\":\"https:\/\/innoticiasbo.com\/\",\"logo\":{\"@type\":\"ImageObject\",\"inLanguage\":\"es\",\"@id\":\"https:\/\/innoticiasbo.com\/#\/schema\/logo\/image\/\",\"url\":\"https:\/\/i0.wp.com\/innoticiasbo.com\/wp-content\/uploads\/2026\/04\/cropped-IN-LOGO.png?fit=1476%2C1476&ssl=1\",\"contentUrl\":\"https:\/\/i0.wp.com\/innoticiasbo.com\/wp-content\/uploads\/2026\/04\/cropped-IN-LOGO.png?fit=1476%2C1476&ssl=1\",\"width\":1476,\"height\":1476,\"caption\":\"innoticiasbo.com\"},\"image\":{\"@id\":\"https:\/\/innoticiasbo.com\/#\/schema\/logo\/image\/\"},\"sameAs\":[\"https:\/\/www.facebook.com\/innoticiasbolivia\",\"https:\/\/x.com\/innoticiasbo\",\"https:\/\/www.instagram.com\/innoticiasbo\",\"https:\/\/www.youtube.com\/innoticiasbo\"]},{\"@type\":\"Person\",\"@id\":\"https:\/\/innoticiasbo.com\/#\/schema\/person\/589cd527c4211df1b943bdad85ec07ce\",\"name\":\"Prensa\",\"image\":{\"@type\":\"ImageObject\",\"inLanguage\":\"es\",\"@id\":\"https:\/\/innoticiasbo.com\/#\/schema\/person\/image\/\",\"url\":\"https:\/\/secure.gravatar.com\/avatar\/d359bbdf112023c1c0a3ec7fe1600657?s=96&d=mm&r=g\",\"contentUrl\":\"https:\/\/secure.gravatar.com\/avatar\/d359bbdf112023c1c0a3ec7fe1600657?s=96&d=mm&r=g\",\"caption\":\"Prensa\"},\"sameAs\":[\"http:\/\/www.innoticiasbo.com\"],\"url\":\"https:\/\/innoticiasbo.com\/index.php\/author\/prensa\/\"}]}<\/script>\n<!-- \/ Yoast SEO plugin. -->","yoast_head_json":{"title":"BIT\u00c1CORA DEL B\u00daHO       Mar\u00eda Corina Machado y el Nobel: el poder moral frente a la dictadura - innoticiasbo.com","robots":{"index":"index","follow":"follow","max-snippet":"max-snippet:-1","max-image-preview":"max-image-preview:large","max-video-preview":"max-video-preview:-1"},"canonical":"https:\/\/innoticiasbo.com\/index.php\/2025\/10\/10\/bitacora-del-buho-maria-corina-machado-y-el-nobel-el-poder-moral-frente-a-la-dictadura\/","og_locale":"es_ES","og_type":"article","og_title":"BIT\u00c1CORA DEL B\u00daHO       Mar\u00eda Corina Machado y el Nobel: el poder moral frente a la dictadura - innoticiasbo.com","og_description":"En la historia pol\u00edtica contempor\u00e1nea de Am\u00e9rica Latina, pocas figuras han encarnado con tal intensidad la paradoja del coraje civil frente a la represi\u00f3n institucional como Mar\u00eda Corina Machado. Su reciente distinci\u00f3n con el Premio Nobel \u2014premio que suele evitar las controversias de la pol\u00edtica interna y los conflictos regionales\u2014 marca un punto de inflexi\u00f3n...","og_url":"https:\/\/innoticiasbo.com\/index.php\/2025\/10\/10\/bitacora-del-buho-maria-corina-machado-y-el-nobel-el-poder-moral-frente-a-la-dictadura\/","og_site_name":"innoticiasbo.com","article_publisher":"https:\/\/www.facebook.com\/innoticiasbolivia","article_published_time":"2025-10-10T19:00:29+00:00","article_modified_time":"2025-10-10T19:01:07+00:00","og_image":[{"width":1080,"height":1080,"url":"https:\/\/i0.wp.com\/innoticiasbo.com\/wp-content\/uploads\/2025\/10\/COLUMNA-DE-OPINION-IN-NOTICIAS_20251010_145753_0000.png?fit=1080%2C1080&ssl=1","type":"image\/png"}],"author":"Prensa","twitter_card":"summary_large_image","twitter_creator":"@innoticiasbo","twitter_site":"@innoticiasbo","twitter_misc":{"Escrito por":"Prensa","Tiempo de lectura":"4 minutos"},"schema":{"@context":"https:\/\/schema.org","@graph":[{"@type":"Article","@id":"https:\/\/innoticiasbo.com\/index.php\/2025\/10\/10\/bitacora-del-buho-maria-corina-machado-y-el-nobel-el-poder-moral-frente-a-la-dictadura\/#article","isPartOf":{"@id":"https:\/\/innoticiasbo.com\/index.php\/2025\/10\/10\/bitacora-del-buho-maria-corina-machado-y-el-nobel-el-poder-moral-frente-a-la-dictadura\/"},"author":{"name":"Prensa","@id":"https:\/\/innoticiasbo.com\/#\/schema\/person\/589cd527c4211df1b943bdad85ec07ce"},"headline":"BIT\u00c1CORA DEL B\u00daHO Mar\u00eda Corina Machado y el Nobel: el poder moral frente a la dictadura","datePublished":"2025-10-10T19:00:29+00:00","dateModified":"2025-10-10T19:01:07+00:00","mainEntityOfPage":{"@id":"https:\/\/innoticiasbo.com\/index.php\/2025\/10\/10\/bitacora-del-buho-maria-corina-machado-y-el-nobel-el-poder-moral-frente-a-la-dictadura\/"},"wordCount":819,"commentCount":0,"publisher":{"@id":"https:\/\/innoticiasbo.com\/#organization"},"image":{"@id":"https:\/\/innoticiasbo.com\/index.php\/2025\/10\/10\/bitacora-del-buho-maria-corina-machado-y-el-nobel-el-poder-moral-frente-a-la-dictadura\/#primaryimage"},"thumbnailUrl":"https:\/\/i0.wp.com\/innoticiasbo.com\/wp-content\/uploads\/2025\/10\/COLUMNA-DE-OPINION-IN-NOTICIAS_20251010_145753_0000.png?fit=1080%2C1080&ssl=1","keywords":["columna","Mar\u00eda Corina Machado","Ruddy Orellana"],"articleSection":["Bolivia","Opini\u00f3n"],"inLanguage":"es","potentialAction":[{"@type":"CommentAction","name":"Comment","target":["https:\/\/innoticiasbo.com\/index.php\/2025\/10\/10\/bitacora-del-buho-maria-corina-machado-y-el-nobel-el-poder-moral-frente-a-la-dictadura\/#respond"]}]},{"@type":"WebPage","@id":"https:\/\/innoticiasbo.com\/index.php\/2025\/10\/10\/bitacora-del-buho-maria-corina-machado-y-el-nobel-el-poder-moral-frente-a-la-dictadura\/","url":"https:\/\/innoticiasbo.com\/index.php\/2025\/10\/10\/bitacora-del-buho-maria-corina-machado-y-el-nobel-el-poder-moral-frente-a-la-dictadura\/","name":"BIT\u00c1CORA DEL B\u00daHO Mar\u00eda Corina Machado y el Nobel: el poder moral frente a la dictadura - innoticiasbo.com","isPartOf":{"@id":"https:\/\/innoticiasbo.com\/#website"},"primaryImageOfPage":{"@id":"https:\/\/innoticiasbo.com\/index.php\/2025\/10\/10\/bitacora-del-buho-maria-corina-machado-y-el-nobel-el-poder-moral-frente-a-la-dictadura\/#primaryimage"},"image":{"@id":"https:\/\/innoticiasbo.com\/index.php\/2025\/10\/10\/bitacora-del-buho-maria-corina-machado-y-el-nobel-el-poder-moral-frente-a-la-dictadura\/#primaryimage"},"thumbnailUrl":"https:\/\/i0.wp.com\/innoticiasbo.com\/wp-content\/uploads\/2025\/10\/COLUMNA-DE-OPINION-IN-NOTICIAS_20251010_145753_0000.png?fit=1080%2C1080&ssl=1","datePublished":"2025-10-10T19:00:29+00:00","dateModified":"2025-10-10T19:01:07+00:00","breadcrumb":{"@id":"https:\/\/innoticiasbo.com\/index.php\/2025\/10\/10\/bitacora-del-buho-maria-corina-machado-y-el-nobel-el-poder-moral-frente-a-la-dictadura\/#breadcrumb"},"inLanguage":"es","potentialAction":[{"@type":"ReadAction","target":["https:\/\/innoticiasbo.com\/index.php\/2025\/10\/10\/bitacora-del-buho-maria-corina-machado-y-el-nobel-el-poder-moral-frente-a-la-dictadura\/"]}]},{"@type":"ImageObject","inLanguage":"es","@id":"https:\/\/innoticiasbo.com\/index.php\/2025\/10\/10\/bitacora-del-buho-maria-corina-machado-y-el-nobel-el-poder-moral-frente-a-la-dictadura\/#primaryimage","url":"https:\/\/i0.wp.com\/innoticiasbo.com\/wp-content\/uploads\/2025\/10\/COLUMNA-DE-OPINION-IN-NOTICIAS_20251010_145753_0000.png?fit=1080%2C1080&ssl=1","contentUrl":"https:\/\/i0.wp.com\/innoticiasbo.com\/wp-content\/uploads\/2025\/10\/COLUMNA-DE-OPINION-IN-NOTICIAS_20251010_145753_0000.png?fit=1080%2C1080&ssl=1","width":1080,"height":1080},{"@type":"BreadcrumbList","@id":"https:\/\/innoticiasbo.com\/index.php\/2025\/10\/10\/bitacora-del-buho-maria-corina-machado-y-el-nobel-el-poder-moral-frente-a-la-dictadura\/#breadcrumb","itemListElement":[{"@type":"ListItem","position":1,"name":"Portada","item":"https:\/\/innoticiasbo.com\/"},{"@type":"ListItem","position":2,"name":"BIT\u00c1CORA DEL B\u00daHO Mar\u00eda Corina Machado y el Nobel: el poder moral frente a la dictadura"}]},{"@type":"WebSite","@id":"https:\/\/innoticiasbo.com\/#website","url":"https:\/\/innoticiasbo.com\/","name":"innoticiasbo.com","description":"","publisher":{"@id":"https:\/\/innoticiasbo.com\/#organization"},"potentialAction":[{"@type":"SearchAction","target":{"@type":"EntryPoint","urlTemplate":"https:\/\/innoticiasbo.com\/?s={search_term_string}"},"query-input":{"@type":"PropertyValueSpecification","valueRequired":true,"valueName":"search_term_string"}}],"inLanguage":"es"},{"@type":"Organization","@id":"https:\/\/innoticiasbo.com\/#organization","name":"innoticiasbo.com","url":"https:\/\/innoticiasbo.com\/","logo":{"@type":"ImageObject","inLanguage":"es","@id":"https:\/\/innoticiasbo.com\/#\/schema\/logo\/image\/","url":"https:\/\/i0.wp.com\/innoticiasbo.com\/wp-content\/uploads\/2026\/04\/cropped-IN-LOGO.png?fit=1476%2C1476&ssl=1","contentUrl":"https:\/\/i0.wp.com\/innoticiasbo.com\/wp-content\/uploads\/2026\/04\/cropped-IN-LOGO.png?fit=1476%2C1476&ssl=1","width":1476,"height":1476,"caption":"innoticiasbo.com"},"image":{"@id":"https:\/\/innoticiasbo.com\/#\/schema\/logo\/image\/"},"sameAs":["https:\/\/www.facebook.com\/innoticiasbolivia","https:\/\/x.com\/innoticiasbo","https:\/\/www.instagram.com\/innoticiasbo","https:\/\/www.youtube.com\/innoticiasbo"]},{"@type":"Person","@id":"https:\/\/innoticiasbo.com\/#\/schema\/person\/589cd527c4211df1b943bdad85ec07ce","name":"Prensa","image":{"@type":"ImageObject","inLanguage":"es","@id":"https:\/\/innoticiasbo.com\/#\/schema\/person\/image\/","url":"https:\/\/secure.gravatar.com\/avatar\/d359bbdf112023c1c0a3ec7fe1600657?s=96&d=mm&r=g","contentUrl":"https:\/\/secure.gravatar.com\/avatar\/d359bbdf112023c1c0a3ec7fe1600657?s=96&d=mm&r=g","caption":"Prensa"},"sameAs":["http:\/\/www.innoticiasbo.com"],"url":"https:\/\/innoticiasbo.com\/index.php\/author\/prensa\/"}]}},"jetpack_featured_media_url":"https:\/\/i0.wp.com\/innoticiasbo.com\/wp-content\/uploads\/2025\/10\/COLUMNA-DE-OPINION-IN-NOTICIAS_20251010_145753_0000.png?fit=1080%2C1080&ssl=1","jetpack_likes_enabled":true,"jetpack_sharing_enabled":true,"jetpack_shortlink":"https:\/\/wp.me\/pg298x-242","_links":{"self":[{"href":"https:\/\/innoticiasbo.com\/index.php\/wp-json\/wp\/v2\/posts\/7938","targetHints":{"allow":["GET"]}}],"collection":[{"href":"https:\/\/innoticiasbo.com\/index.php\/wp-json\/wp\/v2\/posts"}],"about":[{"href":"https:\/\/innoticiasbo.com\/index.php\/wp-json\/wp\/v2\/types\/post"}],"author":[{"embeddable":true,"href":"https:\/\/innoticiasbo.com\/index.php\/wp-json\/wp\/v2\/users\/2"}],"replies":[{"embeddable":true,"href":"https:\/\/innoticiasbo.com\/index.php\/wp-json\/wp\/v2\/comments?post=7938"}],"version-history":[{"count":1,"href":"https:\/\/innoticiasbo.com\/index.php\/wp-json\/wp\/v2\/posts\/7938\/revisions"}],"predecessor-version":[{"id":7939,"href":"https:\/\/innoticiasbo.com\/index.php\/wp-json\/wp\/v2\/posts\/7938\/revisions\/7939"}],"wp:featuredmedia":[{"embeddable":true,"href":"https:\/\/innoticiasbo.com\/index.php\/wp-json\/wp\/v2\/media\/7937"}],"wp:attachment":[{"href":"https:\/\/innoticiasbo.com\/index.php\/wp-json\/wp\/v2\/media?parent=7938"}],"wp:term":[{"taxonomy":"category","embeddable":true,"href":"https:\/\/innoticiasbo.com\/index.php\/wp-json\/wp\/v2\/categories?post=7938"},{"taxonomy":"post_tag","embeddable":true,"href":"https:\/\/innoticiasbo.com\/index.php\/wp-json\/wp\/v2\/tags?post=7938"}],"curies":[{"name":"wp","href":"https:\/\/api.w.org\/{rel}","templated":true}]}}