{"id":788,"date":"2024-09-17T16:41:24","date_gmt":"2024-09-17T16:41:24","guid":{"rendered":"https:\/\/innoticiasbo.com\/?p=788"},"modified":"2024-09-17T16:42:20","modified_gmt":"2024-09-17T16:42:20","slug":"marcha-evista-avanza-rumbo-a-la-paz","status":"publish","type":"post","link":"https:\/\/innoticiasbo.com\/index.php\/2024\/09\/17\/marcha-evista-avanza-rumbo-a-la-paz\/","title":{"rendered":"MARCHA EVISTA AVANZA RUMBO A LA PAZ"},"content":{"rendered":"\n<p><br>Oruro, 17 de septiembre de 2024.- La movilizaci\u00f3n del evismo en contra del gobierno de Luis Arce, que lleva el slogan \u201cpara salvar Bolivia\u201d, comenz\u00f3 desde la poblaci\u00f3n de Caracollo (Oruro) con la participaci\u00f3n de delegaciones de distintos sectores del evismo.<br>En un discurso en medio de la concentraci\u00f3n, Morales augur\u00f3 que tras la asistencia de diversas organizaciones sociales la marcha ser\u00e1 multitudinaria.<br>\u201cLamentablemente nos abandon\u00f3 el presidente (Luis Arce) y el vicepresidente (David Choquehuanca). De paso hay mala gesti\u00f3n y corrupci\u00f3n. Si el primer y el segundo hombre abandonan al pueblo, est\u00e1 el tercer hombre del Estado, (es decir el) hermano Andr\u00f3nico Rodr\u00edguez (est\u00e1) con nosotros\u201d, afirm\u00f3 este martes el expresidente Evo Morales en el acto de inauguraci\u00f3n de la marcha que lidera rumbo a La Paz.<\/p>\n\n\n\n<figure class=\"wp-block-image size-large\"><img data-recalc-dims=\"1\" loading=\"lazy\" decoding=\"async\" width=\"640\" height=\"360\" src=\"https:\/\/i0.wp.com\/innoticiasbo.com\/wp-content\/uploads\/2024\/09\/fb_img_17265876995966421723222770095668.jpg?resize=640%2C360&#038;ssl=1\" alt=\"\" class=\"wp-image-786\" srcset=\"https:\/\/i0.wp.com\/innoticiasbo.com\/wp-content\/uploads\/2024\/09\/fb_img_17265876995966421723222770095668.jpg?resize=1024%2C576&amp;ssl=1 1024w, https:\/\/i0.wp.com\/innoticiasbo.com\/wp-content\/uploads\/2024\/09\/fb_img_17265876995966421723222770095668.jpg?resize=300%2C169&amp;ssl=1 300w, https:\/\/i0.wp.com\/innoticiasbo.com\/wp-content\/uploads\/2024\/09\/fb_img_17265876995966421723222770095668.jpg?resize=768%2C432&amp;ssl=1 768w, https:\/\/i0.wp.com\/innoticiasbo.com\/wp-content\/uploads\/2024\/09\/fb_img_17265876995966421723222770095668.jpg?w=1080&amp;ssl=1 1080w\" sizes=\"auto, (max-width: 640px) 100vw, 640px\" \/><\/figure>\n\n\n\n<figure class=\"wp-block-image\"><img data-recalc-dims=\"1\" loading=\"lazy\" decoding=\"async\" width=\"640\" height=\"360\" src=\"https:\/\/i0.wp.com\/innoticiasbo.com\/wp-content\/uploads\/2024\/09\/fb_img_17265800989306081532579763181494.jpg?resize=640%2C360&#038;ssl=1\" alt=\"\" class=\"wp-image-785\" srcset=\"https:\/\/i0.wp.com\/innoticiasbo.com\/wp-content\/uploads\/2024\/09\/fb_img_17265800989306081532579763181494.jpg?resize=1024%2C576&amp;ssl=1 1024w, https:\/\/i0.wp.com\/innoticiasbo.com\/wp-content\/uploads\/2024\/09\/fb_img_17265800989306081532579763181494.jpg?resize=300%2C169&amp;ssl=1 300w, https:\/\/i0.wp.com\/innoticiasbo.com\/wp-content\/uploads\/2024\/09\/fb_img_17265800989306081532579763181494.jpg?resize=768%2C432&amp;ssl=1 768w, https:\/\/i0.wp.com\/innoticiasbo.com\/wp-content\/uploads\/2024\/09\/fb_img_17265800989306081532579763181494.jpg?w=1080&amp;ssl=1 1080w\" sizes=\"auto, (max-width: 640px) 100vw, 640px\" \/><\/figure>\n\n\n\n<p><br>\u201cBUSCAN QUE ANDRONICO SEA PRESIDENTE PARA GARANTIZAR CANDIDATURA DE EVO\u201d<\/p>\n\n\n\n<p><br>El ministro de Justicia, Iv\u00e1n Lima, se\u00f1al\u00f3 que \u201cfue Orlando Ceballos, nada menos que uno de los abogados de Evo Morales, quien confirm\u00f3\u201d la denuncia del Gobierno de que \u201cdetr\u00e1s de la marcha y los bloqueos que asedian al pa\u00eds (\u2026) hay un plan maquiav\u00e9lico para lograr que Andr\u00f3nico llegue a la Presidencia del Estado y desde all\u00ed forzar la candidatura ilegal e inconstitucional de Morales\u201d.<\/p>\n\n\n\n<p>\u201cDetr\u00e1s de ese discurso de supuesta reivindicaci\u00f3n y de falsa protesta se esconde el capricho de un ser ambicioso, al que no le importa la incertidumbre del pueblo boliviano y es capaz de pasar por encima del dolor del mismo con tal de reproducir el poder. Esa es la talla de quien pretende volver a ser presidente a toda costa\u201d, escribi\u00f3 Lima en su cuenta en X.<\/p>\n\n\n\n<h1 class=\"wp-block-heading\">Marcha #EvoMorales #innoticias #caracolo #Bolivia #pol\u00edtica<\/h1>\n","protected":false},"excerpt":{"rendered":"<p>Oruro, 17 de septiembre de 2024.- La movilizaci\u00f3n del evismo en contra del gobierno de Luis Arce, que lleva el slogan \u201cpara salvar Bolivia\u201d, comenz\u00f3 desde la poblaci\u00f3n de Caracollo (Oruro) con la participaci\u00f3n de delegaciones de distintos sectores del evismo.En un discurso en medio de la concentraci\u00f3n, Morales augur\u00f3 que tras la asistencia de&#8230;<\/p>\n","protected":false},"author":2,"featured_media":787,"comment_status":"open","ping_status":"open","sticky":false,"template":"","format":"standard","meta":{"_jetpack_memberships_contains_paid_content":false,"footnotes":"","jetpack_publicize_message":"","jetpack_publicize_feature_enabled":true,"jetpack_social_post_already_shared":true,"jetpack_social_options":{"image_generator_settings":{"template":"highway","enabled":false},"version":2}},"categories":[1,3],"tags":[],"class_list":["post-788","post","type-post","status-publish","format-standard","has-post-thumbnail","hentry","category-bolivia","category-politica"],"jetpack_publicize_connections":[],"yoast_head":"<!-- This site is optimized with the Yoast SEO plugin v23.4 - https:\/\/yoast.com\/wordpress\/plugins\/seo\/ -->\n<title>MARCHA EVISTA AVANZA RUMBO A LA PAZ - innoticiasbo.com<\/title>\n<meta name=\"robots\" content=\"index, follow, max-snippet:-1, max-image-preview:large, max-video-preview:-1\" \/>\n<link rel=\"canonical\" href=\"https:\/\/innoticiasbo.com\/index.php\/2024\/09\/17\/marcha-evista-avanza-rumbo-a-la-paz\/\" \/>\n<meta property=\"og:locale\" content=\"es_ES\" \/>\n<meta property=\"og:type\" content=\"article\" \/>\n<meta property=\"og:title\" content=\"MARCHA EVISTA AVANZA RUMBO A LA PAZ - innoticiasbo.com\" \/>\n<meta property=\"og:description\" content=\"Oruro, 17 de septiembre de 2024.- La movilizaci\u00f3n del evismo en contra del gobierno de Luis Arce, que lleva el slogan \u201cpara salvar Bolivia\u201d, comenz\u00f3 desde la poblaci\u00f3n de Caracollo (Oruro) con la participaci\u00f3n de delegaciones de distintos sectores del evismo.En un discurso en medio de la concentraci\u00f3n, Morales augur\u00f3 que tras la asistencia de...\" \/>\n<meta property=\"og:url\" content=\"https:\/\/innoticiasbo.com\/index.php\/2024\/09\/17\/marcha-evista-avanza-rumbo-a-la-paz\/\" \/>\n<meta property=\"og:site_name\" content=\"innoticiasbo.com\" \/>\n<meta property=\"article:publisher\" content=\"https:\/\/www.facebook.com\/innoticiasbolivia\" \/>\n<meta property=\"article:published_time\" content=\"2024-09-17T16:41:24+00:00\" \/>\n<meta property=\"article:modified_time\" content=\"2024-09-17T16:42:20+00:00\" \/>\n<meta property=\"og:image\" content=\"https:\/\/i0.wp.com\/innoticiasbo.com\/wp-content\/uploads\/2024\/09\/2024091712211739299.jpg?fit=768%2C432&ssl=1\" \/>\n\t<meta property=\"og:image:width\" content=\"768\" \/>\n\t<meta property=\"og:image:height\" content=\"432\" \/>\n\t<meta property=\"og:image:type\" content=\"image\/jpeg\" \/>\n<meta name=\"author\" content=\"Prensa\" \/>\n<meta name=\"twitter:card\" content=\"summary_large_image\" \/>\n<meta name=\"twitter:creator\" content=\"@innoticiasbo\" \/>\n<meta name=\"twitter:site\" content=\"@innoticiasbo\" \/>\n<meta name=\"twitter:label1\" content=\"Escrito por\" \/>\n\t<meta name=\"twitter:data1\" content=\"Prensa\" \/>\n\t<meta name=\"twitter:label2\" content=\"Tiempo de lectura\" \/>\n\t<meta name=\"twitter:data2\" content=\"1 minuto\" \/>\n<script type=\"application\/ld+json\" class=\"yoast-schema-graph\">{\"@context\":\"https:\/\/schema.org\",\"@graph\":[{\"@type\":\"Article\",\"@id\":\"https:\/\/innoticiasbo.com\/index.php\/2024\/09\/17\/marcha-evista-avanza-rumbo-a-la-paz\/#article\",\"isPartOf\":{\"@id\":\"https:\/\/innoticiasbo.com\/index.php\/2024\/09\/17\/marcha-evista-avanza-rumbo-a-la-paz\/\"},\"author\":{\"name\":\"Prensa\",\"@id\":\"https:\/\/innoticiasbo.com\/#\/schema\/person\/589cd527c4211df1b943bdad85ec07ce\"},\"headline\":\"MARCHA EVISTA AVANZA RUMBO A LA PAZ\",\"datePublished\":\"2024-09-17T16:41:24+00:00\",\"dateModified\":\"2024-09-17T16:42:20+00:00\",\"mainEntityOfPage\":{\"@id\":\"https:\/\/innoticiasbo.com\/index.php\/2024\/09\/17\/marcha-evista-avanza-rumbo-a-la-paz\/\"},\"wordCount\":300,\"commentCount\":0,\"publisher\":{\"@id\":\"https:\/\/innoticiasbo.com\/#organization\"},\"image\":{\"@id\":\"https:\/\/innoticiasbo.com\/index.php\/2024\/09\/17\/marcha-evista-avanza-rumbo-a-la-paz\/#primaryimage\"},\"thumbnailUrl\":\"https:\/\/i0.wp.com\/innoticiasbo.com\/wp-content\/uploads\/2024\/09\/2024091712211739299.jpg?fit=768%2C432&ssl=1\",\"articleSection\":[\"Bolivia\",\"Pol\u00edtica\"],\"inLanguage\":\"es\",\"potentialAction\":[{\"@type\":\"CommentAction\",\"name\":\"Comment\",\"target\":[\"https:\/\/innoticiasbo.com\/index.php\/2024\/09\/17\/marcha-evista-avanza-rumbo-a-la-paz\/#respond\"]}]},{\"@type\":\"WebPage\",\"@id\":\"https:\/\/innoticiasbo.com\/index.php\/2024\/09\/17\/marcha-evista-avanza-rumbo-a-la-paz\/\",\"url\":\"https:\/\/innoticiasbo.com\/index.php\/2024\/09\/17\/marcha-evista-avanza-rumbo-a-la-paz\/\",\"name\":\"MARCHA EVISTA AVANZA RUMBO A LA PAZ - innoticiasbo.com\",\"isPartOf\":{\"@id\":\"https:\/\/innoticiasbo.com\/#website\"},\"primaryImageOfPage\":{\"@id\":\"https:\/\/innoticiasbo.com\/index.php\/2024\/09\/17\/marcha-evista-avanza-rumbo-a-la-paz\/#primaryimage\"},\"image\":{\"@id\":\"https:\/\/innoticiasbo.com\/index.php\/2024\/09\/17\/marcha-evista-avanza-rumbo-a-la-paz\/#primaryimage\"},\"thumbnailUrl\":\"https:\/\/i0.wp.com\/innoticiasbo.com\/wp-content\/uploads\/2024\/09\/2024091712211739299.jpg?fit=768%2C432&ssl=1\",\"datePublished\":\"2024-09-17T16:41:24+00:00\",\"dateModified\":\"2024-09-17T16:42:20+00:00\",\"breadcrumb\":{\"@id\":\"https:\/\/innoticiasbo.com\/index.php\/2024\/09\/17\/marcha-evista-avanza-rumbo-a-la-paz\/#breadcrumb\"},\"inLanguage\":\"es\",\"potentialAction\":[{\"@type\":\"ReadAction\",\"target\":[\"https:\/\/innoticiasbo.com\/index.php\/2024\/09\/17\/marcha-evista-avanza-rumbo-a-la-paz\/\"]}]},{\"@type\":\"ImageObject\",\"inLanguage\":\"es\",\"@id\":\"https:\/\/innoticiasbo.com\/index.php\/2024\/09\/17\/marcha-evista-avanza-rumbo-a-la-paz\/#primaryimage\",\"url\":\"https:\/\/i0.wp.com\/innoticiasbo.com\/wp-content\/uploads\/2024\/09\/2024091712211739299.jpg?fit=768%2C432&ssl=1\",\"contentUrl\":\"https:\/\/i0.wp.com\/innoticiasbo.com\/wp-content\/uploads\/2024\/09\/2024091712211739299.jpg?fit=768%2C432&ssl=1\",\"width\":768,\"height\":432},{\"@type\":\"BreadcrumbList\",\"@id\":\"https:\/\/innoticiasbo.com\/index.php\/2024\/09\/17\/marcha-evista-avanza-rumbo-a-la-paz\/#breadcrumb\",\"itemListElement\":[{\"@type\":\"ListItem\",\"position\":1,\"name\":\"Portada\",\"item\":\"https:\/\/innoticiasbo.com\/\"},{\"@type\":\"ListItem\",\"position\":2,\"name\":\"MARCHA EVISTA AVANZA RUMBO A LA PAZ\"}]},{\"@type\":\"WebSite\",\"@id\":\"https:\/\/innoticiasbo.com\/#website\",\"url\":\"https:\/\/innoticiasbo.com\/\",\"name\":\"innoticiasbo.com\",\"description\":\"\",\"publisher\":{\"@id\":\"https:\/\/innoticiasbo.com\/#organization\"},\"potentialAction\":[{\"@type\":\"SearchAction\",\"target\":{\"@type\":\"EntryPoint\",\"urlTemplate\":\"https:\/\/innoticiasbo.com\/?s={search_term_string}\"},\"query-input\":{\"@type\":\"PropertyValueSpecification\",\"valueRequired\":true,\"valueName\":\"search_term_string\"}}],\"inLanguage\":\"es\"},{\"@type\":\"Organization\",\"@id\":\"https:\/\/innoticiasbo.com\/#organization\",\"name\":\"innoticiasbo.com\",\"url\":\"https:\/\/innoticiasbo.com\/\",\"logo\":{\"@type\":\"ImageObject\",\"inLanguage\":\"es\",\"@id\":\"https:\/\/innoticiasbo.com\/#\/schema\/logo\/image\/\",\"url\":\"https:\/\/i0.wp.com\/innoticiasbo.com\/wp-content\/uploads\/2026\/04\/cropped-IN-LOGO.png?fit=1476%2C1476&ssl=1\",\"contentUrl\":\"https:\/\/i0.wp.com\/innoticiasbo.com\/wp-content\/uploads\/2026\/04\/cropped-IN-LOGO.png?fit=1476%2C1476&ssl=1\",\"width\":1476,\"height\":1476,\"caption\":\"innoticiasbo.com\"},\"image\":{\"@id\":\"https:\/\/innoticiasbo.com\/#\/schema\/logo\/image\/\"},\"sameAs\":[\"https:\/\/www.facebook.com\/innoticiasbolivia\",\"https:\/\/x.com\/innoticiasbo\",\"https:\/\/www.instagram.com\/innoticiasbo\",\"https:\/\/www.youtube.com\/innoticiasbo\"]},{\"@type\":\"Person\",\"@id\":\"https:\/\/innoticiasbo.com\/#\/schema\/person\/589cd527c4211df1b943bdad85ec07ce\",\"name\":\"Prensa\",\"image\":{\"@type\":\"ImageObject\",\"inLanguage\":\"es\",\"@id\":\"https:\/\/innoticiasbo.com\/#\/schema\/person\/image\/\",\"url\":\"https:\/\/secure.gravatar.com\/avatar\/d359bbdf112023c1c0a3ec7fe1600657?s=96&d=mm&r=g\",\"contentUrl\":\"https:\/\/secure.gravatar.com\/avatar\/d359bbdf112023c1c0a3ec7fe1600657?s=96&d=mm&r=g\",\"caption\":\"Prensa\"},\"sameAs\":[\"http:\/\/www.innoticiasbo.com\"],\"url\":\"https:\/\/innoticiasbo.com\/index.php\/author\/prensa\/\"}]}<\/script>\n<!-- \/ Yoast SEO plugin. -->","yoast_head_json":{"title":"MARCHA EVISTA AVANZA RUMBO A LA PAZ - innoticiasbo.com","robots":{"index":"index","follow":"follow","max-snippet":"max-snippet:-1","max-image-preview":"max-image-preview:large","max-video-preview":"max-video-preview:-1"},"canonical":"https:\/\/innoticiasbo.com\/index.php\/2024\/09\/17\/marcha-evista-avanza-rumbo-a-la-paz\/","og_locale":"es_ES","og_type":"article","og_title":"MARCHA EVISTA AVANZA RUMBO A LA PAZ - innoticiasbo.com","og_description":"Oruro, 17 de septiembre de 2024.- La movilizaci\u00f3n del evismo en contra del gobierno de Luis Arce, que lleva el slogan \u201cpara salvar Bolivia\u201d, comenz\u00f3 desde la poblaci\u00f3n de Caracollo (Oruro) con la participaci\u00f3n de delegaciones de distintos sectores del evismo.En un discurso en medio de la concentraci\u00f3n, Morales augur\u00f3 que tras la asistencia de...","og_url":"https:\/\/innoticiasbo.com\/index.php\/2024\/09\/17\/marcha-evista-avanza-rumbo-a-la-paz\/","og_site_name":"innoticiasbo.com","article_publisher":"https:\/\/www.facebook.com\/innoticiasbolivia","article_published_time":"2024-09-17T16:41:24+00:00","article_modified_time":"2024-09-17T16:42:20+00:00","og_image":[{"width":768,"height":432,"url":"https:\/\/i0.wp.com\/innoticiasbo.com\/wp-content\/uploads\/2024\/09\/2024091712211739299.jpg?fit=768%2C432&ssl=1","type":"image\/jpeg"}],"author":"Prensa","twitter_card":"summary_large_image","twitter_creator":"@innoticiasbo","twitter_site":"@innoticiasbo","twitter_misc":{"Escrito por":"Prensa","Tiempo de lectura":"1 minuto"},"schema":{"@context":"https:\/\/schema.org","@graph":[{"@type":"Article","@id":"https:\/\/innoticiasbo.com\/index.php\/2024\/09\/17\/marcha-evista-avanza-rumbo-a-la-paz\/#article","isPartOf":{"@id":"https:\/\/innoticiasbo.com\/index.php\/2024\/09\/17\/marcha-evista-avanza-rumbo-a-la-paz\/"},"author":{"name":"Prensa","@id":"https:\/\/innoticiasbo.com\/#\/schema\/person\/589cd527c4211df1b943bdad85ec07ce"},"headline":"MARCHA EVISTA AVANZA RUMBO A LA PAZ","datePublished":"2024-09-17T16:41:24+00:00","dateModified":"2024-09-17T16:42:20+00:00","mainEntityOfPage":{"@id":"https:\/\/innoticiasbo.com\/index.php\/2024\/09\/17\/marcha-evista-avanza-rumbo-a-la-paz\/"},"wordCount":300,"commentCount":0,"publisher":{"@id":"https:\/\/innoticiasbo.com\/#organization"},"image":{"@id":"https:\/\/innoticiasbo.com\/index.php\/2024\/09\/17\/marcha-evista-avanza-rumbo-a-la-paz\/#primaryimage"},"thumbnailUrl":"https:\/\/i0.wp.com\/innoticiasbo.com\/wp-content\/uploads\/2024\/09\/2024091712211739299.jpg?fit=768%2C432&ssl=1","articleSection":["Bolivia","Pol\u00edtica"],"inLanguage":"es","potentialAction":[{"@type":"CommentAction","name":"Comment","target":["https:\/\/innoticiasbo.com\/index.php\/2024\/09\/17\/marcha-evista-avanza-rumbo-a-la-paz\/#respond"]}]},{"@type":"WebPage","@id":"https:\/\/innoticiasbo.com\/index.php\/2024\/09\/17\/marcha-evista-avanza-rumbo-a-la-paz\/","url":"https:\/\/innoticiasbo.com\/index.php\/2024\/09\/17\/marcha-evista-avanza-rumbo-a-la-paz\/","name":"MARCHA EVISTA AVANZA RUMBO A LA PAZ - innoticiasbo.com","isPartOf":{"@id":"https:\/\/innoticiasbo.com\/#website"},"primaryImageOfPage":{"@id":"https:\/\/innoticiasbo.com\/index.php\/2024\/09\/17\/marcha-evista-avanza-rumbo-a-la-paz\/#primaryimage"},"image":{"@id":"https:\/\/innoticiasbo.com\/index.php\/2024\/09\/17\/marcha-evista-avanza-rumbo-a-la-paz\/#primaryimage"},"thumbnailUrl":"https:\/\/i0.wp.com\/innoticiasbo.com\/wp-content\/uploads\/2024\/09\/2024091712211739299.jpg?fit=768%2C432&ssl=1","datePublished":"2024-09-17T16:41:24+00:00","dateModified":"2024-09-17T16:42:20+00:00","breadcrumb":{"@id":"https:\/\/innoticiasbo.com\/index.php\/2024\/09\/17\/marcha-evista-avanza-rumbo-a-la-paz\/#breadcrumb"},"inLanguage":"es","potentialAction":[{"@type":"ReadAction","target":["https:\/\/innoticiasbo.com\/index.php\/2024\/09\/17\/marcha-evista-avanza-rumbo-a-la-paz\/"]}]},{"@type":"ImageObject","inLanguage":"es","@id":"https:\/\/innoticiasbo.com\/index.php\/2024\/09\/17\/marcha-evista-avanza-rumbo-a-la-paz\/#primaryimage","url":"https:\/\/i0.wp.com\/innoticiasbo.com\/wp-content\/uploads\/2024\/09\/2024091712211739299.jpg?fit=768%2C432&ssl=1","contentUrl":"https:\/\/i0.wp.com\/innoticiasbo.com\/wp-content\/uploads\/2024\/09\/2024091712211739299.jpg?fit=768%2C432&ssl=1","width":768,"height":432},{"@type":"BreadcrumbList","@id":"https:\/\/innoticiasbo.com\/index.php\/2024\/09\/17\/marcha-evista-avanza-rumbo-a-la-paz\/#breadcrumb","itemListElement":[{"@type":"ListItem","position":1,"name":"Portada","item":"https:\/\/innoticiasbo.com\/"},{"@type":"ListItem","position":2,"name":"MARCHA EVISTA AVANZA RUMBO A LA PAZ"}]},{"@type":"WebSite","@id":"https:\/\/innoticiasbo.com\/#website","url":"https:\/\/innoticiasbo.com\/","name":"innoticiasbo.com","description":"","publisher":{"@id":"https:\/\/innoticiasbo.com\/#organization"},"potentialAction":[{"@type":"SearchAction","target":{"@type":"EntryPoint","urlTemplate":"https:\/\/innoticiasbo.com\/?s={search_term_string}"},"query-input":{"@type":"PropertyValueSpecification","valueRequired":true,"valueName":"search_term_string"}}],"inLanguage":"es"},{"@type":"Organization","@id":"https:\/\/innoticiasbo.com\/#organization","name":"innoticiasbo.com","url":"https:\/\/innoticiasbo.com\/","logo":{"@type":"ImageObject","inLanguage":"es","@id":"https:\/\/innoticiasbo.com\/#\/schema\/logo\/image\/","url":"https:\/\/i0.wp.com\/innoticiasbo.com\/wp-content\/uploads\/2026\/04\/cropped-IN-LOGO.png?fit=1476%2C1476&ssl=1","contentUrl":"https:\/\/i0.wp.com\/innoticiasbo.com\/wp-content\/uploads\/2026\/04\/cropped-IN-LOGO.png?fit=1476%2C1476&ssl=1","width":1476,"height":1476,"caption":"innoticiasbo.com"},"image":{"@id":"https:\/\/innoticiasbo.com\/#\/schema\/logo\/image\/"},"sameAs":["https:\/\/www.facebook.com\/innoticiasbolivia","https:\/\/x.com\/innoticiasbo","https:\/\/www.instagram.com\/innoticiasbo","https:\/\/www.youtube.com\/innoticiasbo"]},{"@type":"Person","@id":"https:\/\/innoticiasbo.com\/#\/schema\/person\/589cd527c4211df1b943bdad85ec07ce","name":"Prensa","image":{"@type":"ImageObject","inLanguage":"es","@id":"https:\/\/innoticiasbo.com\/#\/schema\/person\/image\/","url":"https:\/\/secure.gravatar.com\/avatar\/d359bbdf112023c1c0a3ec7fe1600657?s=96&d=mm&r=g","contentUrl":"https:\/\/secure.gravatar.com\/avatar\/d359bbdf112023c1c0a3ec7fe1600657?s=96&d=mm&r=g","caption":"Prensa"},"sameAs":["http:\/\/www.innoticiasbo.com"],"url":"https:\/\/innoticiasbo.com\/index.php\/author\/prensa\/"}]}},"jetpack_featured_media_url":"https:\/\/i0.wp.com\/innoticiasbo.com\/wp-content\/uploads\/2024\/09\/2024091712211739299.jpg?fit=768%2C432&ssl=1","jetpack_likes_enabled":true,"jetpack_sharing_enabled":true,"jetpack_shortlink":"https:\/\/wp.me\/pg298x-cI","_links":{"self":[{"href":"https:\/\/innoticiasbo.com\/index.php\/wp-json\/wp\/v2\/posts\/788","targetHints":{"allow":["GET"]}}],"collection":[{"href":"https:\/\/innoticiasbo.com\/index.php\/wp-json\/wp\/v2\/posts"}],"about":[{"href":"https:\/\/innoticiasbo.com\/index.php\/wp-json\/wp\/v2\/types\/post"}],"author":[{"embeddable":true,"href":"https:\/\/innoticiasbo.com\/index.php\/wp-json\/wp\/v2\/users\/2"}],"replies":[{"embeddable":true,"href":"https:\/\/innoticiasbo.com\/index.php\/wp-json\/wp\/v2\/comments?post=788"}],"version-history":[{"count":1,"href":"https:\/\/innoticiasbo.com\/index.php\/wp-json\/wp\/v2\/posts\/788\/revisions"}],"predecessor-version":[{"id":789,"href":"https:\/\/innoticiasbo.com\/index.php\/wp-json\/wp\/v2\/posts\/788\/revisions\/789"}],"wp:featuredmedia":[{"embeddable":true,"href":"https:\/\/innoticiasbo.com\/index.php\/wp-json\/wp\/v2\/media\/787"}],"wp:attachment":[{"href":"https:\/\/innoticiasbo.com\/index.php\/wp-json\/wp\/v2\/media?parent=788"}],"wp:term":[{"taxonomy":"category","embeddable":true,"href":"https:\/\/innoticiasbo.com\/index.php\/wp-json\/wp\/v2\/categories?post=788"},{"taxonomy":"post_tag","embeddable":true,"href":"https:\/\/innoticiasbo.com\/index.php\/wp-json\/wp\/v2\/tags?post=788"}],"curies":[{"name":"wp","href":"https:\/\/api.w.org\/{rel}","templated":true}]}}