{"id":7817,"date":"2025-09-16T22:10:05","date_gmt":"2025-09-17T02:10:05","guid":{"rendered":"https:\/\/innoticiasbo.com\/?p=7817"},"modified":"2025-09-16T22:10:05","modified_gmt":"2025-09-17T02:10:05","slug":"arturo-murillo-debe-cumplir-cuarta-detencion-preventiva-en-san-pedro","status":"publish","type":"post","link":"https:\/\/innoticiasbo.com\/index.php\/2025\/09\/16\/arturo-murillo-debe-cumplir-cuarta-detencion-preventiva-en-san-pedro\/","title":{"rendered":"ARTURO MURILLO DEBE CUMPLIR CUARTA DETENCI\u00d3N PREVENTIVA EN SAN PEDRO"},"content":{"rendered":"\n<p class=\"p1\">La Paz, 16 de septiembre, 2025.- Arturo Murillo recibe una nueva detenci\u00f3n preventiva, esta vez por la presunta legitimaci\u00f3n de ganancias il\u00edcitas. El tribunal 6to de sentencia anticorrupcion de La Paz, orden\u00f3 hoy que la ex autoridad cumpla la medida cautelar en el penal de San Pedro, sin tiempo definido,&nbsp; debido a riesgos procesales y probabilidad de autoria, explic\u00f3 la fiscal Maria Ren\u00e9 Delgado.&nbsp;<\/p>\n\n\n\n<p class=\"p1\">Esta es la 4ta detenci\u00f3n preventiva contra Murillo, que ocup\u00f3 el cargo de Ministro de Gobierno en la presidencia de Jeanine A\u00f1ez. En Bolivia enfrenta 15 procesos penales.<\/p>\n\n\n\n<p class=\"p1\">En la primera audiencia del s\u00e1bado 6 de septiembre, por el caso \u201cgases Brasil\u201d, un juez determin\u00f3 su detenci\u00f3n preventiva y sin tiempo definido.&nbsp;<\/p>\n\n\n\n<p class=\"p1\">En otra audiencia, al siguiente se orden\u00f3 su reclusi\u00f3n por seis meses por el caso \u201ccatering\u201d. Y el 10 de septiembre, tambi\u00e9n se dispuso su reclusi\u00f3n sin tiempo definido, por el caso denominado \u201cgases Ecuador\u201d. En todos los casos, se dispuso que sea encarcelado en San Pedro de La Paz.&nbsp;<\/p>\n\n\n\n<p class=\"p1\">El exministro Arturo Murillo lleg\u00f3 al pa\u00eds el pasado 4 de septiembre tras ser deportado de EEUU, donde cumpli\u00f3 una condena por lavado de dinero.<\/p>\n","protected":false},"excerpt":{"rendered":"<p>La Paz, 16 de septiembre, 2025.- Arturo Murillo recibe una nueva detenci\u00f3n preventiva, esta vez por la presunta legitimaci\u00f3n de ganancias il\u00edcitas. El tribunal 6to de sentencia anticorrupcion de La Paz, orden\u00f3 hoy que la ex autoridad cumpla la medida cautelar en el penal de San Pedro, sin tiempo definido,&nbsp; debido a riesgos procesales y&#8230;<\/p>\n","protected":false},"author":6,"featured_media":7816,"comment_status":"closed","ping_status":"open","sticky":false,"template":"","format":"standard","meta":{"_jetpack_memberships_contains_paid_content":false,"footnotes":"","jetpack_publicize_message":"","jetpack_publicize_feature_enabled":true,"jetpack_social_post_already_shared":true,"jetpack_social_options":{"image_generator_settings":{"template":"highway","enabled":false},"version":2}},"categories":[1],"tags":[],"class_list":["post-7817","post","type-post","status-publish","format-standard","has-post-thumbnail","hentry","category-bolivia"],"jetpack_publicize_connections":[],"yoast_head":"<!-- This site is optimized with the Yoast SEO plugin v23.4 - https:\/\/yoast.com\/wordpress\/plugins\/seo\/ -->\n<title>ARTURO MURILLO DEBE CUMPLIR CUARTA DETENCI\u00d3N PREVENTIVA EN SAN PEDRO - innoticiasbo.com<\/title>\n<meta name=\"robots\" content=\"index, follow, max-snippet:-1, max-image-preview:large, max-video-preview:-1\" \/>\n<link rel=\"canonical\" href=\"https:\/\/innoticiasbo.com\/index.php\/2025\/09\/16\/arturo-murillo-debe-cumplir-cuarta-detencion-preventiva-en-san-pedro\/\" \/>\n<meta property=\"og:locale\" content=\"es_ES\" \/>\n<meta property=\"og:type\" content=\"article\" \/>\n<meta property=\"og:title\" content=\"ARTURO MURILLO DEBE CUMPLIR CUARTA DETENCI\u00d3N PREVENTIVA EN SAN PEDRO - innoticiasbo.com\" \/>\n<meta property=\"og:description\" content=\"La Paz, 16 de septiembre, 2025.- Arturo Murillo recibe una nueva detenci\u00f3n preventiva, esta vez por la presunta legitimaci\u00f3n de ganancias il\u00edcitas. El tribunal 6to de sentencia anticorrupcion de La Paz, orden\u00f3 hoy que la ex autoridad cumpla la medida cautelar en el penal de San Pedro, sin tiempo definido,&nbsp; debido a riesgos procesales y...\" \/>\n<meta property=\"og:url\" content=\"https:\/\/innoticiasbo.com\/index.php\/2025\/09\/16\/arturo-murillo-debe-cumplir-cuarta-detencion-preventiva-en-san-pedro\/\" \/>\n<meta property=\"og:site_name\" content=\"innoticiasbo.com\" \/>\n<meta property=\"article:publisher\" content=\"https:\/\/www.facebook.com\/innoticiasbolivia\" \/>\n<meta property=\"article:published_time\" content=\"2025-09-17T02:10:05+00:00\" \/>\n<meta property=\"og:image\" content=\"https:\/\/i0.wp.com\/innoticiasbo.com\/wp-content\/uploads\/2025\/09\/img_6339.jpg?fit=1600%2C1235&ssl=1\" \/>\n\t<meta property=\"og:image:width\" content=\"1600\" \/>\n\t<meta property=\"og:image:height\" content=\"1235\" \/>\n\t<meta property=\"og:image:type\" content=\"image\/jpeg\" \/>\n<meta name=\"author\" content=\"Eliza Riva\" \/>\n<meta name=\"twitter:card\" content=\"summary_large_image\" \/>\n<meta name=\"twitter:creator\" content=\"@innoticiasbo\" \/>\n<meta name=\"twitter:site\" content=\"@innoticiasbo\" \/>\n<meta name=\"twitter:label1\" content=\"Escrito por\" \/>\n\t<meta name=\"twitter:data1\" content=\"Eliza Riva\" \/>\n\t<meta name=\"twitter:label2\" content=\"Tiempo de lectura\" \/>\n\t<meta name=\"twitter:data2\" content=\"1 minuto\" \/>\n<script type=\"application\/ld+json\" class=\"yoast-schema-graph\">{\"@context\":\"https:\/\/schema.org\",\"@graph\":[{\"@type\":\"Article\",\"@id\":\"https:\/\/innoticiasbo.com\/index.php\/2025\/09\/16\/arturo-murillo-debe-cumplir-cuarta-detencion-preventiva-en-san-pedro\/#article\",\"isPartOf\":{\"@id\":\"https:\/\/innoticiasbo.com\/index.php\/2025\/09\/16\/arturo-murillo-debe-cumplir-cuarta-detencion-preventiva-en-san-pedro\/\"},\"author\":{\"name\":\"Eliza Riva\",\"@id\":\"https:\/\/innoticiasbo.com\/#\/schema\/person\/8c935b6b11c0223d8f77dc01fc948202\"},\"headline\":\"ARTURO MURILLO DEBE CUMPLIR CUARTA DETENCI\u00d3N PREVENTIVA EN SAN PEDRO\",\"datePublished\":\"2025-09-17T02:10:05+00:00\",\"dateModified\":\"2025-09-17T02:10:05+00:00\",\"mainEntityOfPage\":{\"@id\":\"https:\/\/innoticiasbo.com\/index.php\/2025\/09\/16\/arturo-murillo-debe-cumplir-cuarta-detencion-preventiva-en-san-pedro\/\"},\"wordCount\":212,\"publisher\":{\"@id\":\"https:\/\/innoticiasbo.com\/#organization\"},\"image\":{\"@id\":\"https:\/\/innoticiasbo.com\/index.php\/2025\/09\/16\/arturo-murillo-debe-cumplir-cuarta-detencion-preventiva-en-san-pedro\/#primaryimage\"},\"thumbnailUrl\":\"https:\/\/i0.wp.com\/innoticiasbo.com\/wp-content\/uploads\/2025\/09\/img_6339.jpg?fit=1600%2C1235&ssl=1\",\"articleSection\":[\"Bolivia\"],\"inLanguage\":\"es\"},{\"@type\":\"WebPage\",\"@id\":\"https:\/\/innoticiasbo.com\/index.php\/2025\/09\/16\/arturo-murillo-debe-cumplir-cuarta-detencion-preventiva-en-san-pedro\/\",\"url\":\"https:\/\/innoticiasbo.com\/index.php\/2025\/09\/16\/arturo-murillo-debe-cumplir-cuarta-detencion-preventiva-en-san-pedro\/\",\"name\":\"ARTURO MURILLO DEBE CUMPLIR CUARTA DETENCI\u00d3N PREVENTIVA EN SAN PEDRO - innoticiasbo.com\",\"isPartOf\":{\"@id\":\"https:\/\/innoticiasbo.com\/#website\"},\"primaryImageOfPage\":{\"@id\":\"https:\/\/innoticiasbo.com\/index.php\/2025\/09\/16\/arturo-murillo-debe-cumplir-cuarta-detencion-preventiva-en-san-pedro\/#primaryimage\"},\"image\":{\"@id\":\"https:\/\/innoticiasbo.com\/index.php\/2025\/09\/16\/arturo-murillo-debe-cumplir-cuarta-detencion-preventiva-en-san-pedro\/#primaryimage\"},\"thumbnailUrl\":\"https:\/\/i0.wp.com\/innoticiasbo.com\/wp-content\/uploads\/2025\/09\/img_6339.jpg?fit=1600%2C1235&ssl=1\",\"datePublished\":\"2025-09-17T02:10:05+00:00\",\"dateModified\":\"2025-09-17T02:10:05+00:00\",\"breadcrumb\":{\"@id\":\"https:\/\/innoticiasbo.com\/index.php\/2025\/09\/16\/arturo-murillo-debe-cumplir-cuarta-detencion-preventiva-en-san-pedro\/#breadcrumb\"},\"inLanguage\":\"es\",\"potentialAction\":[{\"@type\":\"ReadAction\",\"target\":[\"https:\/\/innoticiasbo.com\/index.php\/2025\/09\/16\/arturo-murillo-debe-cumplir-cuarta-detencion-preventiva-en-san-pedro\/\"]}]},{\"@type\":\"ImageObject\",\"inLanguage\":\"es\",\"@id\":\"https:\/\/innoticiasbo.com\/index.php\/2025\/09\/16\/arturo-murillo-debe-cumplir-cuarta-detencion-preventiva-en-san-pedro\/#primaryimage\",\"url\":\"https:\/\/i0.wp.com\/innoticiasbo.com\/wp-content\/uploads\/2025\/09\/img_6339.jpg?fit=1600%2C1235&ssl=1\",\"contentUrl\":\"https:\/\/i0.wp.com\/innoticiasbo.com\/wp-content\/uploads\/2025\/09\/img_6339.jpg?fit=1600%2C1235&ssl=1\",\"width\":1600,\"height\":1235},{\"@type\":\"BreadcrumbList\",\"@id\":\"https:\/\/innoticiasbo.com\/index.php\/2025\/09\/16\/arturo-murillo-debe-cumplir-cuarta-detencion-preventiva-en-san-pedro\/#breadcrumb\",\"itemListElement\":[{\"@type\":\"ListItem\",\"position\":1,\"name\":\"Portada\",\"item\":\"https:\/\/innoticiasbo.com\/\"},{\"@type\":\"ListItem\",\"position\":2,\"name\":\"ARTURO MURILLO DEBE CUMPLIR CUARTA DETENCI\u00d3N PREVENTIVA EN SAN PEDRO\"}]},{\"@type\":\"WebSite\",\"@id\":\"https:\/\/innoticiasbo.com\/#website\",\"url\":\"https:\/\/innoticiasbo.com\/\",\"name\":\"innoticiasbo.com\",\"description\":\"\",\"publisher\":{\"@id\":\"https:\/\/innoticiasbo.com\/#organization\"},\"potentialAction\":[{\"@type\":\"SearchAction\",\"target\":{\"@type\":\"EntryPoint\",\"urlTemplate\":\"https:\/\/innoticiasbo.com\/?s={search_term_string}\"},\"query-input\":{\"@type\":\"PropertyValueSpecification\",\"valueRequired\":true,\"valueName\":\"search_term_string\"}}],\"inLanguage\":\"es\"},{\"@type\":\"Organization\",\"@id\":\"https:\/\/innoticiasbo.com\/#organization\",\"name\":\"innoticiasbo.com\",\"url\":\"https:\/\/innoticiasbo.com\/\",\"logo\":{\"@type\":\"ImageObject\",\"inLanguage\":\"es\",\"@id\":\"https:\/\/innoticiasbo.com\/#\/schema\/logo\/image\/\",\"url\":\"https:\/\/i0.wp.com\/innoticiasbo.com\/wp-content\/uploads\/2026\/04\/cropped-IN-LOGO.png?fit=1476%2C1476&ssl=1\",\"contentUrl\":\"https:\/\/i0.wp.com\/innoticiasbo.com\/wp-content\/uploads\/2026\/04\/cropped-IN-LOGO.png?fit=1476%2C1476&ssl=1\",\"width\":1476,\"height\":1476,\"caption\":\"innoticiasbo.com\"},\"image\":{\"@id\":\"https:\/\/innoticiasbo.com\/#\/schema\/logo\/image\/\"},\"sameAs\":[\"https:\/\/www.facebook.com\/innoticiasbolivia\",\"https:\/\/x.com\/innoticiasbo\",\"https:\/\/www.instagram.com\/innoticiasbo\",\"https:\/\/www.youtube.com\/innoticiasbo\"]},{\"@type\":\"Person\",\"@id\":\"https:\/\/innoticiasbo.com\/#\/schema\/person\/8c935b6b11c0223d8f77dc01fc948202\",\"name\":\"Eliza Riva\",\"image\":{\"@type\":\"ImageObject\",\"inLanguage\":\"es\",\"@id\":\"https:\/\/innoticiasbo.com\/#\/schema\/person\/image\/\",\"url\":\"https:\/\/secure.gravatar.com\/avatar\/fdc172c2af344133d19e57e4b7acdee4?s=96&d=mm&r=g\",\"contentUrl\":\"https:\/\/secure.gravatar.com\/avatar\/fdc172c2af344133d19e57e4b7acdee4?s=96&d=mm&r=g\",\"caption\":\"Eliza Riva\"},\"sameAs\":[\"http:\/\/www.innoticiasbo.com\"],\"url\":\"https:\/\/innoticiasbo.com\/index.php\/author\/prensa-4\/\"}]}<\/script>\n<!-- \/ Yoast SEO plugin. -->","yoast_head_json":{"title":"ARTURO MURILLO DEBE CUMPLIR CUARTA DETENCI\u00d3N PREVENTIVA EN SAN PEDRO - innoticiasbo.com","robots":{"index":"index","follow":"follow","max-snippet":"max-snippet:-1","max-image-preview":"max-image-preview:large","max-video-preview":"max-video-preview:-1"},"canonical":"https:\/\/innoticiasbo.com\/index.php\/2025\/09\/16\/arturo-murillo-debe-cumplir-cuarta-detencion-preventiva-en-san-pedro\/","og_locale":"es_ES","og_type":"article","og_title":"ARTURO MURILLO DEBE CUMPLIR CUARTA DETENCI\u00d3N PREVENTIVA EN SAN PEDRO - innoticiasbo.com","og_description":"La Paz, 16 de septiembre, 2025.- Arturo Murillo recibe una nueva detenci\u00f3n preventiva, esta vez por la presunta legitimaci\u00f3n de ganancias il\u00edcitas. El tribunal 6to de sentencia anticorrupcion de La Paz, orden\u00f3 hoy que la ex autoridad cumpla la medida cautelar en el penal de San Pedro, sin tiempo definido,&nbsp; debido a riesgos procesales y...","og_url":"https:\/\/innoticiasbo.com\/index.php\/2025\/09\/16\/arturo-murillo-debe-cumplir-cuarta-detencion-preventiva-en-san-pedro\/","og_site_name":"innoticiasbo.com","article_publisher":"https:\/\/www.facebook.com\/innoticiasbolivia","article_published_time":"2025-09-17T02:10:05+00:00","og_image":[{"width":1600,"height":1235,"url":"https:\/\/i0.wp.com\/innoticiasbo.com\/wp-content\/uploads\/2025\/09\/img_6339.jpg?fit=1600%2C1235&ssl=1","type":"image\/jpeg"}],"author":"Eliza Riva","twitter_card":"summary_large_image","twitter_creator":"@innoticiasbo","twitter_site":"@innoticiasbo","twitter_misc":{"Escrito por":"Eliza Riva","Tiempo de lectura":"1 minuto"},"schema":{"@context":"https:\/\/schema.org","@graph":[{"@type":"Article","@id":"https:\/\/innoticiasbo.com\/index.php\/2025\/09\/16\/arturo-murillo-debe-cumplir-cuarta-detencion-preventiva-en-san-pedro\/#article","isPartOf":{"@id":"https:\/\/innoticiasbo.com\/index.php\/2025\/09\/16\/arturo-murillo-debe-cumplir-cuarta-detencion-preventiva-en-san-pedro\/"},"author":{"name":"Eliza Riva","@id":"https:\/\/innoticiasbo.com\/#\/schema\/person\/8c935b6b11c0223d8f77dc01fc948202"},"headline":"ARTURO MURILLO DEBE CUMPLIR CUARTA DETENCI\u00d3N PREVENTIVA EN SAN PEDRO","datePublished":"2025-09-17T02:10:05+00:00","dateModified":"2025-09-17T02:10:05+00:00","mainEntityOfPage":{"@id":"https:\/\/innoticiasbo.com\/index.php\/2025\/09\/16\/arturo-murillo-debe-cumplir-cuarta-detencion-preventiva-en-san-pedro\/"},"wordCount":212,"publisher":{"@id":"https:\/\/innoticiasbo.com\/#organization"},"image":{"@id":"https:\/\/innoticiasbo.com\/index.php\/2025\/09\/16\/arturo-murillo-debe-cumplir-cuarta-detencion-preventiva-en-san-pedro\/#primaryimage"},"thumbnailUrl":"https:\/\/i0.wp.com\/innoticiasbo.com\/wp-content\/uploads\/2025\/09\/img_6339.jpg?fit=1600%2C1235&ssl=1","articleSection":["Bolivia"],"inLanguage":"es"},{"@type":"WebPage","@id":"https:\/\/innoticiasbo.com\/index.php\/2025\/09\/16\/arturo-murillo-debe-cumplir-cuarta-detencion-preventiva-en-san-pedro\/","url":"https:\/\/innoticiasbo.com\/index.php\/2025\/09\/16\/arturo-murillo-debe-cumplir-cuarta-detencion-preventiva-en-san-pedro\/","name":"ARTURO MURILLO DEBE CUMPLIR CUARTA DETENCI\u00d3N PREVENTIVA EN SAN PEDRO - innoticiasbo.com","isPartOf":{"@id":"https:\/\/innoticiasbo.com\/#website"},"primaryImageOfPage":{"@id":"https:\/\/innoticiasbo.com\/index.php\/2025\/09\/16\/arturo-murillo-debe-cumplir-cuarta-detencion-preventiva-en-san-pedro\/#primaryimage"},"image":{"@id":"https:\/\/innoticiasbo.com\/index.php\/2025\/09\/16\/arturo-murillo-debe-cumplir-cuarta-detencion-preventiva-en-san-pedro\/#primaryimage"},"thumbnailUrl":"https:\/\/i0.wp.com\/innoticiasbo.com\/wp-content\/uploads\/2025\/09\/img_6339.jpg?fit=1600%2C1235&ssl=1","datePublished":"2025-09-17T02:10:05+00:00","dateModified":"2025-09-17T02:10:05+00:00","breadcrumb":{"@id":"https:\/\/innoticiasbo.com\/index.php\/2025\/09\/16\/arturo-murillo-debe-cumplir-cuarta-detencion-preventiva-en-san-pedro\/#breadcrumb"},"inLanguage":"es","potentialAction":[{"@type":"ReadAction","target":["https:\/\/innoticiasbo.com\/index.php\/2025\/09\/16\/arturo-murillo-debe-cumplir-cuarta-detencion-preventiva-en-san-pedro\/"]}]},{"@type":"ImageObject","inLanguage":"es","@id":"https:\/\/innoticiasbo.com\/index.php\/2025\/09\/16\/arturo-murillo-debe-cumplir-cuarta-detencion-preventiva-en-san-pedro\/#primaryimage","url":"https:\/\/i0.wp.com\/innoticiasbo.com\/wp-content\/uploads\/2025\/09\/img_6339.jpg?fit=1600%2C1235&ssl=1","contentUrl":"https:\/\/i0.wp.com\/innoticiasbo.com\/wp-content\/uploads\/2025\/09\/img_6339.jpg?fit=1600%2C1235&ssl=1","width":1600,"height":1235},{"@type":"BreadcrumbList","@id":"https:\/\/innoticiasbo.com\/index.php\/2025\/09\/16\/arturo-murillo-debe-cumplir-cuarta-detencion-preventiva-en-san-pedro\/#breadcrumb","itemListElement":[{"@type":"ListItem","position":1,"name":"Portada","item":"https:\/\/innoticiasbo.com\/"},{"@type":"ListItem","position":2,"name":"ARTURO MURILLO DEBE CUMPLIR CUARTA DETENCI\u00d3N PREVENTIVA EN SAN PEDRO"}]},{"@type":"WebSite","@id":"https:\/\/innoticiasbo.com\/#website","url":"https:\/\/innoticiasbo.com\/","name":"innoticiasbo.com","description":"","publisher":{"@id":"https:\/\/innoticiasbo.com\/#organization"},"potentialAction":[{"@type":"SearchAction","target":{"@type":"EntryPoint","urlTemplate":"https:\/\/innoticiasbo.com\/?s={search_term_string}"},"query-input":{"@type":"PropertyValueSpecification","valueRequired":true,"valueName":"search_term_string"}}],"inLanguage":"es"},{"@type":"Organization","@id":"https:\/\/innoticiasbo.com\/#organization","name":"innoticiasbo.com","url":"https:\/\/innoticiasbo.com\/","logo":{"@type":"ImageObject","inLanguage":"es","@id":"https:\/\/innoticiasbo.com\/#\/schema\/logo\/image\/","url":"https:\/\/i0.wp.com\/innoticiasbo.com\/wp-content\/uploads\/2026\/04\/cropped-IN-LOGO.png?fit=1476%2C1476&ssl=1","contentUrl":"https:\/\/i0.wp.com\/innoticiasbo.com\/wp-content\/uploads\/2026\/04\/cropped-IN-LOGO.png?fit=1476%2C1476&ssl=1","width":1476,"height":1476,"caption":"innoticiasbo.com"},"image":{"@id":"https:\/\/innoticiasbo.com\/#\/schema\/logo\/image\/"},"sameAs":["https:\/\/www.facebook.com\/innoticiasbolivia","https:\/\/x.com\/innoticiasbo","https:\/\/www.instagram.com\/innoticiasbo","https:\/\/www.youtube.com\/innoticiasbo"]},{"@type":"Person","@id":"https:\/\/innoticiasbo.com\/#\/schema\/person\/8c935b6b11c0223d8f77dc01fc948202","name":"Eliza Riva","image":{"@type":"ImageObject","inLanguage":"es","@id":"https:\/\/innoticiasbo.com\/#\/schema\/person\/image\/","url":"https:\/\/secure.gravatar.com\/avatar\/fdc172c2af344133d19e57e4b7acdee4?s=96&d=mm&r=g","contentUrl":"https:\/\/secure.gravatar.com\/avatar\/fdc172c2af344133d19e57e4b7acdee4?s=96&d=mm&r=g","caption":"Eliza Riva"},"sameAs":["http:\/\/www.innoticiasbo.com"],"url":"https:\/\/innoticiasbo.com\/index.php\/author\/prensa-4\/"}]}},"jetpack_featured_media_url":"https:\/\/i0.wp.com\/innoticiasbo.com\/wp-content\/uploads\/2025\/09\/img_6339.jpg?fit=1600%2C1235&ssl=1","jetpack_likes_enabled":true,"jetpack_sharing_enabled":true,"jetpack_shortlink":"https:\/\/wp.me\/pg298x-225","_links":{"self":[{"href":"https:\/\/innoticiasbo.com\/index.php\/wp-json\/wp\/v2\/posts\/7817","targetHints":{"allow":["GET"]}}],"collection":[{"href":"https:\/\/innoticiasbo.com\/index.php\/wp-json\/wp\/v2\/posts"}],"about":[{"href":"https:\/\/innoticiasbo.com\/index.php\/wp-json\/wp\/v2\/types\/post"}],"author":[{"embeddable":true,"href":"https:\/\/innoticiasbo.com\/index.php\/wp-json\/wp\/v2\/users\/6"}],"replies":[{"embeddable":true,"href":"https:\/\/innoticiasbo.com\/index.php\/wp-json\/wp\/v2\/comments?post=7817"}],"version-history":[{"count":1,"href":"https:\/\/innoticiasbo.com\/index.php\/wp-json\/wp\/v2\/posts\/7817\/revisions"}],"predecessor-version":[{"id":7818,"href":"https:\/\/innoticiasbo.com\/index.php\/wp-json\/wp\/v2\/posts\/7817\/revisions\/7818"}],"wp:featuredmedia":[{"embeddable":true,"href":"https:\/\/innoticiasbo.com\/index.php\/wp-json\/wp\/v2\/media\/7816"}],"wp:attachment":[{"href":"https:\/\/innoticiasbo.com\/index.php\/wp-json\/wp\/v2\/media?parent=7817"}],"wp:term":[{"taxonomy":"category","embeddable":true,"href":"https:\/\/innoticiasbo.com\/index.php\/wp-json\/wp\/v2\/categories?post=7817"},{"taxonomy":"post_tag","embeddable":true,"href":"https:\/\/innoticiasbo.com\/index.php\/wp-json\/wp\/v2\/tags?post=7817"}],"curies":[{"name":"wp","href":"https:\/\/api.w.org\/{rel}","templated":true}]}}