{"id":7793,"date":"2025-09-12T10:38:27","date_gmt":"2025-09-12T14:38:27","guid":{"rendered":"https:\/\/innoticiasbo.com\/?p=7793"},"modified":"2025-09-12T10:41:52","modified_gmt":"2025-09-12T14:41:52","slug":"medrano-anuncia-su-apoyo-a-tuto-quiroga-decidimos-apostar-por-propuestas-mas-liberales","status":"publish","type":"post","link":"https:\/\/innoticiasbo.com\/index.php\/2025\/09\/12\/medrano-anuncia-su-apoyo-a-tuto-quiroga-decidimos-apostar-por-propuestas-mas-liberales\/","title":{"rendered":"MEDRANO ANUNCIA SU APOYO A TUTO QUIROGA: \u201cDECIDIMOS APOSTAR POR PROPUESTAS M\u00c1S LIBERALES\u201d"},"content":{"rendered":"\n<p>Santa Cruz, 12 de septiembre de 2025.-El concejal cruce\u00f1o y excandidato a la Vicepresidencia por APB S\u00daMATE, Juan Carlos Medrano, anunci\u00f3 que se sumar\u00e1 oficialmente a la campa\u00f1a de Jorge Tuto Quiroga y Juan Pablo Velasco, argumentando que el pa\u00eds necesita propuestas m\u00e1s liberales para recuperar la certidumbre econ\u00f3mica, pol\u00edtica y social.<\/p>\n\n\n\n<p>\u201cCreemos que es importante dar certidumbre al pa\u00eds y decidimos en este momento apoyar propuestas m\u00e1s liberales, que puedan restaurar la econom\u00eda y el \u00e1mbito pol\u00edtico y social\u201d, declar\u00f3 Medrano en entrevista con un medio de televisi\u00f3n.<\/p>\n\n\n\n<p>El concejal confirm\u00f3 que el acto oficial de respaldo se realizar\u00e1 este viernes en El Alto, en el marco de la campa\u00f1a de Libre, agrupaci\u00f3n que impulsa la candidatura de Tuto Quiroga.<\/p>\n\n\n\n<p>\u201cEl respaldo se da desde SAO (Santa Cruz, Aut\u00f3noma y Ordenada)\u201d, subray\u00f3 Medrano, al tiempo de se\u00f1alar que mantiene di\u00e1logo con el alcalde de Cochabamba, Manfred Reyes Villa, aunque aclar\u00f3 que \u201c\u00e9l a\u00fan no ha definido a qui\u00e9n apoyar\u00e1\u201d.<\/p>\n\n\n\n<p>Con esta decisi\u00f3n, Medrano marca distancia de su anterior bloque pol\u00edtico y se convierte en uno de los primeros l\u00edderes cruce\u00f1os en formalizar apoyo a la candidatura de Quiroga rumbo a la segunda vuelta.<\/p>\n\n\n\n<h1 class=\"wp-block-heading\">JuanCarlosMedrano #innoticias #Tutoquiroga #liberal #balotaje<\/h1>\n","protected":false},"excerpt":{"rendered":"<p>Santa Cruz, 12 de septiembre de 2025.-El concejal cruce\u00f1o y excandidato a la Vicepresidencia por APB S\u00daMATE, Juan Carlos Medrano, anunci\u00f3 que se sumar\u00e1 oficialmente a la campa\u00f1a de Jorge Tuto Quiroga y Juan Pablo Velasco, argumentando que el pa\u00eds necesita propuestas m\u00e1s liberales para recuperar la certidumbre econ\u00f3mica, pol\u00edtica y social. \u201cCreemos que es&#8230;<\/p>\n","protected":false},"author":3,"featured_media":7792,"comment_status":"open","ping_status":"open","sticky":false,"template":"","format":"standard","meta":{"_jetpack_memberships_contains_paid_content":false,"footnotes":"","jetpack_publicize_message":"","jetpack_publicize_feature_enabled":true,"jetpack_social_post_already_shared":true,"jetpack_social_options":{"image_generator_settings":{"template":"highway","enabled":false},"version":2}},"categories":[1],"tags":[],"class_list":["post-7793","post","type-post","status-publish","format-standard","has-post-thumbnail","hentry","category-bolivia"],"jetpack_publicize_connections":[],"yoast_head":"<!-- This site is optimized with the Yoast SEO plugin v23.4 - https:\/\/yoast.com\/wordpress\/plugins\/seo\/ -->\n<title>MEDRANO ANUNCIA SU APOYO A TUTO QUIROGA: \u201cDECIDIMOS APOSTAR POR PROPUESTAS M\u00c1S LIBERALES\u201d - innoticiasbo.com<\/title>\n<meta name=\"robots\" content=\"index, follow, max-snippet:-1, max-image-preview:large, max-video-preview:-1\" \/>\n<link rel=\"canonical\" href=\"https:\/\/innoticiasbo.com\/index.php\/2025\/09\/12\/medrano-anuncia-su-apoyo-a-tuto-quiroga-decidimos-apostar-por-propuestas-mas-liberales\/\" \/>\n<meta property=\"og:locale\" content=\"es_ES\" \/>\n<meta property=\"og:type\" content=\"article\" \/>\n<meta property=\"og:title\" content=\"MEDRANO ANUNCIA SU APOYO A TUTO QUIROGA: \u201cDECIDIMOS APOSTAR POR PROPUESTAS M\u00c1S LIBERALES\u201d - innoticiasbo.com\" \/>\n<meta property=\"og:description\" content=\"Santa Cruz, 12 de septiembre de 2025.-El concejal cruce\u00f1o y excandidato a la Vicepresidencia por APB S\u00daMATE, Juan Carlos Medrano, anunci\u00f3 que se sumar\u00e1 oficialmente a la campa\u00f1a de Jorge Tuto Quiroga y Juan Pablo Velasco, argumentando que el pa\u00eds necesita propuestas m\u00e1s liberales para recuperar la certidumbre econ\u00f3mica, pol\u00edtica y social. \u201cCreemos que es...\" \/>\n<meta property=\"og:url\" content=\"https:\/\/innoticiasbo.com\/index.php\/2025\/09\/12\/medrano-anuncia-su-apoyo-a-tuto-quiroga-decidimos-apostar-por-propuestas-mas-liberales\/\" \/>\n<meta property=\"og:site_name\" content=\"innoticiasbo.com\" \/>\n<meta property=\"article:publisher\" content=\"https:\/\/www.facebook.com\/innoticiasbolivia\" \/>\n<meta property=\"article:published_time\" content=\"2025-09-12T14:38:27+00:00\" \/>\n<meta property=\"article:modified_time\" content=\"2025-09-12T14:41:52+00:00\" \/>\n<meta property=\"og:image\" content=\"https:\/\/i0.wp.com\/innoticiasbo.com\/wp-content\/uploads\/2025\/09\/FB_IMG_1757687822402.jpg?fit=1548%2C2048&ssl=1\" \/>\n\t<meta property=\"og:image:width\" content=\"1548\" \/>\n\t<meta property=\"og:image:height\" content=\"2048\" \/>\n\t<meta property=\"og:image:type\" content=\"image\/jpeg\" \/>\n<meta name=\"author\" content=\"Prensa 2\" \/>\n<meta name=\"twitter:card\" content=\"summary_large_image\" \/>\n<meta name=\"twitter:creator\" content=\"@innoticiasbo\" \/>\n<meta name=\"twitter:site\" content=\"@innoticiasbo\" \/>\n<meta name=\"twitter:label1\" content=\"Escrito por\" \/>\n\t<meta name=\"twitter:data1\" content=\"Prensa 2\" \/>\n\t<meta name=\"twitter:label2\" content=\"Tiempo de lectura\" \/>\n\t<meta name=\"twitter:data2\" content=\"1 minuto\" \/>\n<script type=\"application\/ld+json\" class=\"yoast-schema-graph\">{\"@context\":\"https:\/\/schema.org\",\"@graph\":[{\"@type\":\"Article\",\"@id\":\"https:\/\/innoticiasbo.com\/index.php\/2025\/09\/12\/medrano-anuncia-su-apoyo-a-tuto-quiroga-decidimos-apostar-por-propuestas-mas-liberales\/#article\",\"isPartOf\":{\"@id\":\"https:\/\/innoticiasbo.com\/index.php\/2025\/09\/12\/medrano-anuncia-su-apoyo-a-tuto-quiroga-decidimos-apostar-por-propuestas-mas-liberales\/\"},\"author\":{\"name\":\"Prensa 2\",\"@id\":\"https:\/\/innoticiasbo.com\/#\/schema\/person\/6f3e5eca02a7cf7249145609797573f2\"},\"headline\":\"MEDRANO ANUNCIA SU APOYO A TUTO QUIROGA: \u201cDECIDIMOS APOSTAR POR PROPUESTAS M\u00c1S LIBERALES\u201d\",\"datePublished\":\"2025-09-12T14:38:27+00:00\",\"dateModified\":\"2025-09-12T14:41:52+00:00\",\"mainEntityOfPage\":{\"@id\":\"https:\/\/innoticiasbo.com\/index.php\/2025\/09\/12\/medrano-anuncia-su-apoyo-a-tuto-quiroga-decidimos-apostar-por-propuestas-mas-liberales\/\"},\"wordCount\":235,\"commentCount\":0,\"publisher\":{\"@id\":\"https:\/\/innoticiasbo.com\/#organization\"},\"image\":{\"@id\":\"https:\/\/innoticiasbo.com\/index.php\/2025\/09\/12\/medrano-anuncia-su-apoyo-a-tuto-quiroga-decidimos-apostar-por-propuestas-mas-liberales\/#primaryimage\"},\"thumbnailUrl\":\"https:\/\/i0.wp.com\/innoticiasbo.com\/wp-content\/uploads\/2025\/09\/FB_IMG_1757687822402.jpg?fit=1548%2C2048&ssl=1\",\"articleSection\":[\"Bolivia\"],\"inLanguage\":\"es\",\"potentialAction\":[{\"@type\":\"CommentAction\",\"name\":\"Comment\",\"target\":[\"https:\/\/innoticiasbo.com\/index.php\/2025\/09\/12\/medrano-anuncia-su-apoyo-a-tuto-quiroga-decidimos-apostar-por-propuestas-mas-liberales\/#respond\"]}]},{\"@type\":\"WebPage\",\"@id\":\"https:\/\/innoticiasbo.com\/index.php\/2025\/09\/12\/medrano-anuncia-su-apoyo-a-tuto-quiroga-decidimos-apostar-por-propuestas-mas-liberales\/\",\"url\":\"https:\/\/innoticiasbo.com\/index.php\/2025\/09\/12\/medrano-anuncia-su-apoyo-a-tuto-quiroga-decidimos-apostar-por-propuestas-mas-liberales\/\",\"name\":\"MEDRANO ANUNCIA SU APOYO A TUTO QUIROGA: \u201cDECIDIMOS APOSTAR POR PROPUESTAS M\u00c1S LIBERALES\u201d - innoticiasbo.com\",\"isPartOf\":{\"@id\":\"https:\/\/innoticiasbo.com\/#website\"},\"primaryImageOfPage\":{\"@id\":\"https:\/\/innoticiasbo.com\/index.php\/2025\/09\/12\/medrano-anuncia-su-apoyo-a-tuto-quiroga-decidimos-apostar-por-propuestas-mas-liberales\/#primaryimage\"},\"image\":{\"@id\":\"https:\/\/innoticiasbo.com\/index.php\/2025\/09\/12\/medrano-anuncia-su-apoyo-a-tuto-quiroga-decidimos-apostar-por-propuestas-mas-liberales\/#primaryimage\"},\"thumbnailUrl\":\"https:\/\/i0.wp.com\/innoticiasbo.com\/wp-content\/uploads\/2025\/09\/FB_IMG_1757687822402.jpg?fit=1548%2C2048&ssl=1\",\"datePublished\":\"2025-09-12T14:38:27+00:00\",\"dateModified\":\"2025-09-12T14:41:52+00:00\",\"breadcrumb\":{\"@id\":\"https:\/\/innoticiasbo.com\/index.php\/2025\/09\/12\/medrano-anuncia-su-apoyo-a-tuto-quiroga-decidimos-apostar-por-propuestas-mas-liberales\/#breadcrumb\"},\"inLanguage\":\"es\",\"potentialAction\":[{\"@type\":\"ReadAction\",\"target\":[\"https:\/\/innoticiasbo.com\/index.php\/2025\/09\/12\/medrano-anuncia-su-apoyo-a-tuto-quiroga-decidimos-apostar-por-propuestas-mas-liberales\/\"]}]},{\"@type\":\"ImageObject\",\"inLanguage\":\"es\",\"@id\":\"https:\/\/innoticiasbo.com\/index.php\/2025\/09\/12\/medrano-anuncia-su-apoyo-a-tuto-quiroga-decidimos-apostar-por-propuestas-mas-liberales\/#primaryimage\",\"url\":\"https:\/\/i0.wp.com\/innoticiasbo.com\/wp-content\/uploads\/2025\/09\/FB_IMG_1757687822402.jpg?fit=1548%2C2048&ssl=1\",\"contentUrl\":\"https:\/\/i0.wp.com\/innoticiasbo.com\/wp-content\/uploads\/2025\/09\/FB_IMG_1757687822402.jpg?fit=1548%2C2048&ssl=1\",\"width\":1548,\"height\":2048},{\"@type\":\"BreadcrumbList\",\"@id\":\"https:\/\/innoticiasbo.com\/index.php\/2025\/09\/12\/medrano-anuncia-su-apoyo-a-tuto-quiroga-decidimos-apostar-por-propuestas-mas-liberales\/#breadcrumb\",\"itemListElement\":[{\"@type\":\"ListItem\",\"position\":1,\"name\":\"Portada\",\"item\":\"https:\/\/innoticiasbo.com\/\"},{\"@type\":\"ListItem\",\"position\":2,\"name\":\"MEDRANO ANUNCIA SU APOYO A TUTO QUIROGA: \u201cDECIDIMOS APOSTAR POR PROPUESTAS M\u00c1S LIBERALES\u201d\"}]},{\"@type\":\"WebSite\",\"@id\":\"https:\/\/innoticiasbo.com\/#website\",\"url\":\"https:\/\/innoticiasbo.com\/\",\"name\":\"innoticiasbo.com\",\"description\":\"\",\"publisher\":{\"@id\":\"https:\/\/innoticiasbo.com\/#organization\"},\"potentialAction\":[{\"@type\":\"SearchAction\",\"target\":{\"@type\":\"EntryPoint\",\"urlTemplate\":\"https:\/\/innoticiasbo.com\/?s={search_term_string}\"},\"query-input\":{\"@type\":\"PropertyValueSpecification\",\"valueRequired\":true,\"valueName\":\"search_term_string\"}}],\"inLanguage\":\"es\"},{\"@type\":\"Organization\",\"@id\":\"https:\/\/innoticiasbo.com\/#organization\",\"name\":\"innoticiasbo.com\",\"url\":\"https:\/\/innoticiasbo.com\/\",\"logo\":{\"@type\":\"ImageObject\",\"inLanguage\":\"es\",\"@id\":\"https:\/\/innoticiasbo.com\/#\/schema\/logo\/image\/\",\"url\":\"https:\/\/i0.wp.com\/innoticiasbo.com\/wp-content\/uploads\/2026\/04\/cropped-IN-LOGO.png?fit=1476%2C1476&ssl=1\",\"contentUrl\":\"https:\/\/i0.wp.com\/innoticiasbo.com\/wp-content\/uploads\/2026\/04\/cropped-IN-LOGO.png?fit=1476%2C1476&ssl=1\",\"width\":1476,\"height\":1476,\"caption\":\"innoticiasbo.com\"},\"image\":{\"@id\":\"https:\/\/innoticiasbo.com\/#\/schema\/logo\/image\/\"},\"sameAs\":[\"https:\/\/www.facebook.com\/innoticiasbolivia\",\"https:\/\/x.com\/innoticiasbo\",\"https:\/\/www.instagram.com\/innoticiasbo\",\"https:\/\/www.youtube.com\/innoticiasbo\"]},{\"@type\":\"Person\",\"@id\":\"https:\/\/innoticiasbo.com\/#\/schema\/person\/6f3e5eca02a7cf7249145609797573f2\",\"name\":\"Prensa 2\",\"image\":{\"@type\":\"ImageObject\",\"inLanguage\":\"es\",\"@id\":\"https:\/\/innoticiasbo.com\/#\/schema\/person\/image\/\",\"url\":\"https:\/\/secure.gravatar.com\/avatar\/1d189cd124d02eac2fef69ee12563d60?s=96&d=mm&r=g\",\"contentUrl\":\"https:\/\/secure.gravatar.com\/avatar\/1d189cd124d02eac2fef69ee12563d60?s=96&d=mm&r=g\",\"caption\":\"Prensa 2\"},\"sameAs\":[\"http:\/\/www.innoticiasbo.com\"],\"url\":\"https:\/\/innoticiasbo.com\/index.php\/author\/prensa-2\/\"}]}<\/script>\n<!-- \/ Yoast SEO plugin. -->","yoast_head_json":{"title":"MEDRANO ANUNCIA SU APOYO A TUTO QUIROGA: \u201cDECIDIMOS APOSTAR POR PROPUESTAS M\u00c1S LIBERALES\u201d - innoticiasbo.com","robots":{"index":"index","follow":"follow","max-snippet":"max-snippet:-1","max-image-preview":"max-image-preview:large","max-video-preview":"max-video-preview:-1"},"canonical":"https:\/\/innoticiasbo.com\/index.php\/2025\/09\/12\/medrano-anuncia-su-apoyo-a-tuto-quiroga-decidimos-apostar-por-propuestas-mas-liberales\/","og_locale":"es_ES","og_type":"article","og_title":"MEDRANO ANUNCIA SU APOYO A TUTO QUIROGA: \u201cDECIDIMOS APOSTAR POR PROPUESTAS M\u00c1S LIBERALES\u201d - innoticiasbo.com","og_description":"Santa Cruz, 12 de septiembre de 2025.-El concejal cruce\u00f1o y excandidato a la Vicepresidencia por APB S\u00daMATE, Juan Carlos Medrano, anunci\u00f3 que se sumar\u00e1 oficialmente a la campa\u00f1a de Jorge Tuto Quiroga y Juan Pablo Velasco, argumentando que el pa\u00eds necesita propuestas m\u00e1s liberales para recuperar la certidumbre econ\u00f3mica, pol\u00edtica y social. \u201cCreemos que es...","og_url":"https:\/\/innoticiasbo.com\/index.php\/2025\/09\/12\/medrano-anuncia-su-apoyo-a-tuto-quiroga-decidimos-apostar-por-propuestas-mas-liberales\/","og_site_name":"innoticiasbo.com","article_publisher":"https:\/\/www.facebook.com\/innoticiasbolivia","article_published_time":"2025-09-12T14:38:27+00:00","article_modified_time":"2025-09-12T14:41:52+00:00","og_image":[{"width":1548,"height":2048,"url":"https:\/\/i0.wp.com\/innoticiasbo.com\/wp-content\/uploads\/2025\/09\/FB_IMG_1757687822402.jpg?fit=1548%2C2048&ssl=1","type":"image\/jpeg"}],"author":"Prensa 2","twitter_card":"summary_large_image","twitter_creator":"@innoticiasbo","twitter_site":"@innoticiasbo","twitter_misc":{"Escrito por":"Prensa 2","Tiempo de lectura":"1 minuto"},"schema":{"@context":"https:\/\/schema.org","@graph":[{"@type":"Article","@id":"https:\/\/innoticiasbo.com\/index.php\/2025\/09\/12\/medrano-anuncia-su-apoyo-a-tuto-quiroga-decidimos-apostar-por-propuestas-mas-liberales\/#article","isPartOf":{"@id":"https:\/\/innoticiasbo.com\/index.php\/2025\/09\/12\/medrano-anuncia-su-apoyo-a-tuto-quiroga-decidimos-apostar-por-propuestas-mas-liberales\/"},"author":{"name":"Prensa 2","@id":"https:\/\/innoticiasbo.com\/#\/schema\/person\/6f3e5eca02a7cf7249145609797573f2"},"headline":"MEDRANO ANUNCIA SU APOYO A TUTO QUIROGA: \u201cDECIDIMOS APOSTAR POR PROPUESTAS M\u00c1S LIBERALES\u201d","datePublished":"2025-09-12T14:38:27+00:00","dateModified":"2025-09-12T14:41:52+00:00","mainEntityOfPage":{"@id":"https:\/\/innoticiasbo.com\/index.php\/2025\/09\/12\/medrano-anuncia-su-apoyo-a-tuto-quiroga-decidimos-apostar-por-propuestas-mas-liberales\/"},"wordCount":235,"commentCount":0,"publisher":{"@id":"https:\/\/innoticiasbo.com\/#organization"},"image":{"@id":"https:\/\/innoticiasbo.com\/index.php\/2025\/09\/12\/medrano-anuncia-su-apoyo-a-tuto-quiroga-decidimos-apostar-por-propuestas-mas-liberales\/#primaryimage"},"thumbnailUrl":"https:\/\/i0.wp.com\/innoticiasbo.com\/wp-content\/uploads\/2025\/09\/FB_IMG_1757687822402.jpg?fit=1548%2C2048&ssl=1","articleSection":["Bolivia"],"inLanguage":"es","potentialAction":[{"@type":"CommentAction","name":"Comment","target":["https:\/\/innoticiasbo.com\/index.php\/2025\/09\/12\/medrano-anuncia-su-apoyo-a-tuto-quiroga-decidimos-apostar-por-propuestas-mas-liberales\/#respond"]}]},{"@type":"WebPage","@id":"https:\/\/innoticiasbo.com\/index.php\/2025\/09\/12\/medrano-anuncia-su-apoyo-a-tuto-quiroga-decidimos-apostar-por-propuestas-mas-liberales\/","url":"https:\/\/innoticiasbo.com\/index.php\/2025\/09\/12\/medrano-anuncia-su-apoyo-a-tuto-quiroga-decidimos-apostar-por-propuestas-mas-liberales\/","name":"MEDRANO ANUNCIA SU APOYO A TUTO QUIROGA: \u201cDECIDIMOS APOSTAR POR PROPUESTAS M\u00c1S LIBERALES\u201d - innoticiasbo.com","isPartOf":{"@id":"https:\/\/innoticiasbo.com\/#website"},"primaryImageOfPage":{"@id":"https:\/\/innoticiasbo.com\/index.php\/2025\/09\/12\/medrano-anuncia-su-apoyo-a-tuto-quiroga-decidimos-apostar-por-propuestas-mas-liberales\/#primaryimage"},"image":{"@id":"https:\/\/innoticiasbo.com\/index.php\/2025\/09\/12\/medrano-anuncia-su-apoyo-a-tuto-quiroga-decidimos-apostar-por-propuestas-mas-liberales\/#primaryimage"},"thumbnailUrl":"https:\/\/i0.wp.com\/innoticiasbo.com\/wp-content\/uploads\/2025\/09\/FB_IMG_1757687822402.jpg?fit=1548%2C2048&ssl=1","datePublished":"2025-09-12T14:38:27+00:00","dateModified":"2025-09-12T14:41:52+00:00","breadcrumb":{"@id":"https:\/\/innoticiasbo.com\/index.php\/2025\/09\/12\/medrano-anuncia-su-apoyo-a-tuto-quiroga-decidimos-apostar-por-propuestas-mas-liberales\/#breadcrumb"},"inLanguage":"es","potentialAction":[{"@type":"ReadAction","target":["https:\/\/innoticiasbo.com\/index.php\/2025\/09\/12\/medrano-anuncia-su-apoyo-a-tuto-quiroga-decidimos-apostar-por-propuestas-mas-liberales\/"]}]},{"@type":"ImageObject","inLanguage":"es","@id":"https:\/\/innoticiasbo.com\/index.php\/2025\/09\/12\/medrano-anuncia-su-apoyo-a-tuto-quiroga-decidimos-apostar-por-propuestas-mas-liberales\/#primaryimage","url":"https:\/\/i0.wp.com\/innoticiasbo.com\/wp-content\/uploads\/2025\/09\/FB_IMG_1757687822402.jpg?fit=1548%2C2048&ssl=1","contentUrl":"https:\/\/i0.wp.com\/innoticiasbo.com\/wp-content\/uploads\/2025\/09\/FB_IMG_1757687822402.jpg?fit=1548%2C2048&ssl=1","width":1548,"height":2048},{"@type":"BreadcrumbList","@id":"https:\/\/innoticiasbo.com\/index.php\/2025\/09\/12\/medrano-anuncia-su-apoyo-a-tuto-quiroga-decidimos-apostar-por-propuestas-mas-liberales\/#breadcrumb","itemListElement":[{"@type":"ListItem","position":1,"name":"Portada","item":"https:\/\/innoticiasbo.com\/"},{"@type":"ListItem","position":2,"name":"MEDRANO ANUNCIA SU APOYO A TUTO QUIROGA: \u201cDECIDIMOS APOSTAR POR PROPUESTAS M\u00c1S LIBERALES\u201d"}]},{"@type":"WebSite","@id":"https:\/\/innoticiasbo.com\/#website","url":"https:\/\/innoticiasbo.com\/","name":"innoticiasbo.com","description":"","publisher":{"@id":"https:\/\/innoticiasbo.com\/#organization"},"potentialAction":[{"@type":"SearchAction","target":{"@type":"EntryPoint","urlTemplate":"https:\/\/innoticiasbo.com\/?s={search_term_string}"},"query-input":{"@type":"PropertyValueSpecification","valueRequired":true,"valueName":"search_term_string"}}],"inLanguage":"es"},{"@type":"Organization","@id":"https:\/\/innoticiasbo.com\/#organization","name":"innoticiasbo.com","url":"https:\/\/innoticiasbo.com\/","logo":{"@type":"ImageObject","inLanguage":"es","@id":"https:\/\/innoticiasbo.com\/#\/schema\/logo\/image\/","url":"https:\/\/i0.wp.com\/innoticiasbo.com\/wp-content\/uploads\/2026\/04\/cropped-IN-LOGO.png?fit=1476%2C1476&ssl=1","contentUrl":"https:\/\/i0.wp.com\/innoticiasbo.com\/wp-content\/uploads\/2026\/04\/cropped-IN-LOGO.png?fit=1476%2C1476&ssl=1","width":1476,"height":1476,"caption":"innoticiasbo.com"},"image":{"@id":"https:\/\/innoticiasbo.com\/#\/schema\/logo\/image\/"},"sameAs":["https:\/\/www.facebook.com\/innoticiasbolivia","https:\/\/x.com\/innoticiasbo","https:\/\/www.instagram.com\/innoticiasbo","https:\/\/www.youtube.com\/innoticiasbo"]},{"@type":"Person","@id":"https:\/\/innoticiasbo.com\/#\/schema\/person\/6f3e5eca02a7cf7249145609797573f2","name":"Prensa 2","image":{"@type":"ImageObject","inLanguage":"es","@id":"https:\/\/innoticiasbo.com\/#\/schema\/person\/image\/","url":"https:\/\/secure.gravatar.com\/avatar\/1d189cd124d02eac2fef69ee12563d60?s=96&d=mm&r=g","contentUrl":"https:\/\/secure.gravatar.com\/avatar\/1d189cd124d02eac2fef69ee12563d60?s=96&d=mm&r=g","caption":"Prensa 2"},"sameAs":["http:\/\/www.innoticiasbo.com"],"url":"https:\/\/innoticiasbo.com\/index.php\/author\/prensa-2\/"}]}},"jetpack_featured_media_url":"https:\/\/i0.wp.com\/innoticiasbo.com\/wp-content\/uploads\/2025\/09\/FB_IMG_1757687822402.jpg?fit=1548%2C2048&ssl=1","jetpack_likes_enabled":true,"jetpack_sharing_enabled":true,"jetpack_shortlink":"https:\/\/wp.me\/pg298x-21H","_links":{"self":[{"href":"https:\/\/innoticiasbo.com\/index.php\/wp-json\/wp\/v2\/posts\/7793","targetHints":{"allow":["GET"]}}],"collection":[{"href":"https:\/\/innoticiasbo.com\/index.php\/wp-json\/wp\/v2\/posts"}],"about":[{"href":"https:\/\/innoticiasbo.com\/index.php\/wp-json\/wp\/v2\/types\/post"}],"author":[{"embeddable":true,"href":"https:\/\/innoticiasbo.com\/index.php\/wp-json\/wp\/v2\/users\/3"}],"replies":[{"embeddable":true,"href":"https:\/\/innoticiasbo.com\/index.php\/wp-json\/wp\/v2\/comments?post=7793"}],"version-history":[{"count":1,"href":"https:\/\/innoticiasbo.com\/index.php\/wp-json\/wp\/v2\/posts\/7793\/revisions"}],"predecessor-version":[{"id":7794,"href":"https:\/\/innoticiasbo.com\/index.php\/wp-json\/wp\/v2\/posts\/7793\/revisions\/7794"}],"wp:featuredmedia":[{"embeddable":true,"href":"https:\/\/innoticiasbo.com\/index.php\/wp-json\/wp\/v2\/media\/7792"}],"wp:attachment":[{"href":"https:\/\/innoticiasbo.com\/index.php\/wp-json\/wp\/v2\/media?parent=7793"}],"wp:term":[{"taxonomy":"category","embeddable":true,"href":"https:\/\/innoticiasbo.com\/index.php\/wp-json\/wp\/v2\/categories?post=7793"},{"taxonomy":"post_tag","embeddable":true,"href":"https:\/\/innoticiasbo.com\/index.php\/wp-json\/wp\/v2\/tags?post=7793"}],"curies":[{"name":"wp","href":"https:\/\/api.w.org\/{rel}","templated":true}]}}