{"id":7758,"date":"2025-09-04T18:48:22","date_gmt":"2025-09-04T22:48:22","guid":{"rendered":"https:\/\/innoticiasbo.com\/?p=7758"},"modified":"2025-09-04T18:49:06","modified_gmt":"2025-09-04T22:49:06","slug":"fiscal-general-informa-que-arturo-murillo-tiene-15-procesos-penales-en-bolivia-entre-ellos-dos-sentencias","status":"publish","type":"post","link":"https:\/\/innoticiasbo.com\/index.php\/2025\/09\/04\/fiscal-general-informa-que-arturo-murillo-tiene-15-procesos-penales-en-bolivia-entre-ellos-dos-sentencias\/","title":{"rendered":"FISCAL GENERAL INFORMA QUE ARTURO MURILLO TIENE 15 PROCESOS PENALES EN BOLIVIA, ENTRE ELLOS DOS SENTENCIAS"},"content":{"rendered":"<p>Chuquisaca, 4 de septiembre de 2025.-  El Fiscal General del Estado, Roger Mariaca Montenegro, inform\u00f3 hoy que el exministro de Gobierno, Arturo Carlos Murillo Prijic, tiene 15 procesos penales en el pa\u00eds, de los cuales dos se encuentran con sentencia dentro de los casos Gases Lacrim\u00f3genos y Gases del Ecuador. El sindicado lleg\u00f3 al aeropuerto de Viru Viru la madrugada de este jueves y posteriormente fue trasladado a la ciudad de La Paz, donde deber\u00e1 permanecer recluido en un centro carcelario.<\/p>\n<p><img data-recalc-dims=\"1\" loading=\"lazy\" decoding=\"async\" src=\"https:\/\/i0.wp.com\/innoticiasbo.com\/wp-content\/uploads\/2025\/09\/img-20250904-wa00188370998880201822277.jpg?resize=640%2C475&#038;ssl=1\" class=\"wp-image-7755 alignnone size-full\" width=\"640\" height=\"475\" srcset=\"https:\/\/i0.wp.com\/innoticiasbo.com\/wp-content\/uploads\/2025\/09\/img-20250904-wa00188370998880201822277.jpg?w=1600&amp;ssl=1 1600w, https:\/\/i0.wp.com\/innoticiasbo.com\/wp-content\/uploads\/2025\/09\/img-20250904-wa00188370998880201822277.jpg?resize=300%2C223&amp;ssl=1 300w, https:\/\/i0.wp.com\/innoticiasbo.com\/wp-content\/uploads\/2025\/09\/img-20250904-wa00188370998880201822277.jpg?resize=1024%2C760&amp;ssl=1 1024w, https:\/\/i0.wp.com\/innoticiasbo.com\/wp-content\/uploads\/2025\/09\/img-20250904-wa00188370998880201822277.jpg?resize=768%2C570&amp;ssl=1 768w, https:\/\/i0.wp.com\/innoticiasbo.com\/wp-content\/uploads\/2025\/09\/img-20250904-wa00188370998880201822277.jpg?resize=1536%2C1140&amp;ssl=1 1536w, https:\/\/i0.wp.com\/innoticiasbo.com\/wp-content\/uploads\/2025\/09\/img-20250904-wa00188370998880201822277.jpg?w=1280&amp;ssl=1 1280w\" sizes=\"auto, (max-width: 640px) 100vw, 640px\" \/><\/p>\n<p>\u201cA la fecha, esta persona tiene 15 procesos penales en nuestro pa\u00eds, entre ellos, dos sentencias condenatorias, una de ocho a\u00f1os por el denominado Caso Gases Lacrim\u00f3genos y otra de cinco a\u00f1os y cuatro meses por el caso denominado Gases del Ecuador\u201d, sostuvo Mariaca en conferencia de prensa desde la ciudad de Sucre.<\/p>\n<p>La M\u00e1xima Autoridad Ejecutiva del Ministerio P\u00fablico tambi\u00e9n indic\u00f3 que Murillo tiene varias declaratorias de rebeld\u00eda vigentes, as\u00ed como acusaciones formales por distintos procesos penales en los que se investigan delitos como Resoluciones Contrarias a la Constituci\u00f3n y a las Leyes, Uso Indebido de Influencias e Incumplimiento de Deberes, entre otros. Uno de estos casos se tramita en el Departamento de Santa Cruz, donde personas particulares figuran como v\u00edctimas.<\/p>\n<p><img data-recalc-dims=\"1\" loading=\"lazy\" decoding=\"async\" src=\"https:\/\/i0.wp.com\/innoticiasbo.com\/wp-content\/uploads\/2025\/09\/img-20250904-wa00135510804999002087185.jpg?resize=640%2C427&#038;ssl=1\" class=\"wp-image-7756 alignnone size-full\" width=\"640\" height=\"427\" srcset=\"https:\/\/i0.wp.com\/innoticiasbo.com\/wp-content\/uploads\/2025\/09\/img-20250904-wa00135510804999002087185.jpg?w=1600&amp;ssl=1 1600w, https:\/\/i0.wp.com\/innoticiasbo.com\/wp-content\/uploads\/2025\/09\/img-20250904-wa00135510804999002087185.jpg?resize=300%2C200&amp;ssl=1 300w, https:\/\/i0.wp.com\/innoticiasbo.com\/wp-content\/uploads\/2025\/09\/img-20250904-wa00135510804999002087185.jpg?resize=1024%2C683&amp;ssl=1 1024w, https:\/\/i0.wp.com\/innoticiasbo.com\/wp-content\/uploads\/2025\/09\/img-20250904-wa00135510804999002087185.jpg?resize=768%2C512&amp;ssl=1 768w, https:\/\/i0.wp.com\/innoticiasbo.com\/wp-content\/uploads\/2025\/09\/img-20250904-wa00135510804999002087185.jpg?resize=1536%2C1024&amp;ssl=1 1536w, https:\/\/i0.wp.com\/innoticiasbo.com\/wp-content\/uploads\/2025\/09\/img-20250904-wa00135510804999002087185.jpg?resize=600%2C400&amp;ssl=1 600w, https:\/\/i0.wp.com\/innoticiasbo.com\/wp-content\/uploads\/2025\/09\/img-20250904-wa00135510804999002087185.jpg?w=1280&amp;ssl=1 1280w\" sizes=\"auto, (max-width: 640px) 100vw, 640px\" \/><\/p>\n<p>La aprehensi\u00f3n de Murillo se produjo la madrugada de este jueves, luego de ser deportado de los Estados Unidos, en el aeropuerto de Viru Viru de la ciudad de Santa Cruz, desde donde fue trasladado hasta La Paz. En cumplimiento de mandamientos de aprehensi\u00f3n emitidos por autoridad competente, el sindicado deber\u00e1 ser recluido en un centro penitenciario, conforme lo determine la autoridad jurisdiccional correspondiente.<\/p>\n<p>La autoridad asegur\u00f3 que la Fiscal\u00eda General del Estado, en coordinaci\u00f3n con las fiscal\u00edas departamentales y la Polic\u00eda Boliviana, continuar\u00e1 impulsando los procesos con objetividad, responsabilidad y pleno respeto a las decisiones del \u00d3rgano Judicial. \u201cVamos a respetar siempre las determinaciones de las autoridades jurisdiccionales, sean en La Paz, Santa Cruz o cualquier otra regi\u00f3n del pa\u00eds\u201d, afirm\u00f3 Mariaca.<\/p>\n","protected":false},"excerpt":{"rendered":"<p>Chuquisaca, 4 de septiembre de 2025.- El Fiscal General del Estado, Roger Mariaca Montenegro, inform\u00f3 hoy que el exministro de Gobierno, Arturo Carlos Murillo Prijic, tiene 15 procesos penales en el pa\u00eds, de los cuales dos se encuentran con sentencia dentro de los casos Gases Lacrim\u00f3genos y Gases del Ecuador. El sindicado lleg\u00f3 al aeropuerto&#8230;<\/p>\n","protected":false},"author":2,"featured_media":7757,"comment_status":"open","ping_status":"open","sticky":false,"template":"","format":"standard","meta":{"_jetpack_memberships_contains_paid_content":false,"footnotes":"","jetpack_publicize_message":"","jetpack_publicize_feature_enabled":true,"jetpack_social_post_already_shared":true,"jetpack_social_options":{"image_generator_settings":{"template":"highway","enabled":false},"version":2}},"categories":[1,3],"tags":[76,179,22,1014],"class_list":["post-7758","post","type-post","status-publish","format-standard","has-post-thumbnail","hentry","category-bolivia","category-politica","tag-aprehension","tag-arturo-murillo","tag-innoticias","tag-procesos"],"jetpack_publicize_connections":[],"yoast_head":"<!-- This site is optimized with the Yoast SEO plugin v23.4 - https:\/\/yoast.com\/wordpress\/plugins\/seo\/ -->\n<title>FISCAL GENERAL INFORMA QUE ARTURO MURILLO TIENE 15 PROCESOS PENALES EN BOLIVIA, ENTRE ELLOS DOS SENTENCIAS - innoticiasbo.com<\/title>\n<meta name=\"robots\" content=\"index, follow, max-snippet:-1, max-image-preview:large, max-video-preview:-1\" \/>\n<link rel=\"canonical\" href=\"https:\/\/innoticiasbo.com\/index.php\/2025\/09\/04\/fiscal-general-informa-que-arturo-murillo-tiene-15-procesos-penales-en-bolivia-entre-ellos-dos-sentencias\/\" \/>\n<meta property=\"og:locale\" content=\"es_ES\" \/>\n<meta property=\"og:type\" content=\"article\" \/>\n<meta property=\"og:title\" content=\"FISCAL GENERAL INFORMA QUE ARTURO MURILLO TIENE 15 PROCESOS PENALES EN BOLIVIA, ENTRE ELLOS DOS SENTENCIAS - innoticiasbo.com\" \/>\n<meta property=\"og:description\" content=\"Chuquisaca, 4 de septiembre de 2025.- El Fiscal General del Estado, Roger Mariaca Montenegro, inform\u00f3 hoy que el exministro de Gobierno, Arturo Carlos Murillo Prijic, tiene 15 procesos penales en el pa\u00eds, de los cuales dos se encuentran con sentencia dentro de los casos Gases Lacrim\u00f3genos y Gases del Ecuador. El sindicado lleg\u00f3 al aeropuerto...\" \/>\n<meta property=\"og:url\" content=\"https:\/\/innoticiasbo.com\/index.php\/2025\/09\/04\/fiscal-general-informa-que-arturo-murillo-tiene-15-procesos-penales-en-bolivia-entre-ellos-dos-sentencias\/\" \/>\n<meta property=\"og:site_name\" content=\"innoticiasbo.com\" \/>\n<meta property=\"article:publisher\" content=\"https:\/\/www.facebook.com\/innoticiasbolivia\" \/>\n<meta property=\"article:published_time\" content=\"2025-09-04T22:48:22+00:00\" \/>\n<meta property=\"article:modified_time\" content=\"2025-09-04T22:49:06+00:00\" \/>\n<meta property=\"og:image\" content=\"https:\/\/i0.wp.com\/innoticiasbo.com\/wp-content\/uploads\/2025\/09\/IMG-20250904-WA0165.jpg?fit=1024%2C683&ssl=1\" \/>\n\t<meta property=\"og:image:width\" content=\"1024\" \/>\n\t<meta property=\"og:image:height\" content=\"683\" \/>\n\t<meta property=\"og:image:type\" content=\"image\/jpeg\" \/>\n<meta name=\"author\" content=\"Prensa\" \/>\n<meta name=\"twitter:card\" content=\"summary_large_image\" \/>\n<meta name=\"twitter:creator\" content=\"@innoticiasbo\" \/>\n<meta name=\"twitter:site\" content=\"@innoticiasbo\" \/>\n<meta name=\"twitter:label1\" content=\"Escrito por\" \/>\n\t<meta name=\"twitter:data1\" content=\"Prensa\" \/>\n\t<meta name=\"twitter:label2\" content=\"Tiempo de lectura\" \/>\n\t<meta name=\"twitter:data2\" content=\"2 minutos\" \/>\n<script type=\"application\/ld+json\" class=\"yoast-schema-graph\">{\"@context\":\"https:\/\/schema.org\",\"@graph\":[{\"@type\":\"Article\",\"@id\":\"https:\/\/innoticiasbo.com\/index.php\/2025\/09\/04\/fiscal-general-informa-que-arturo-murillo-tiene-15-procesos-penales-en-bolivia-entre-ellos-dos-sentencias\/#article\",\"isPartOf\":{\"@id\":\"https:\/\/innoticiasbo.com\/index.php\/2025\/09\/04\/fiscal-general-informa-que-arturo-murillo-tiene-15-procesos-penales-en-bolivia-entre-ellos-dos-sentencias\/\"},\"author\":{\"name\":\"Prensa\",\"@id\":\"https:\/\/innoticiasbo.com\/#\/schema\/person\/589cd527c4211df1b943bdad85ec07ce\"},\"headline\":\"FISCAL GENERAL INFORMA QUE ARTURO MURILLO TIENE 15 PROCESOS PENALES EN BOLIVIA, ENTRE ELLOS DOS SENTENCIAS\",\"datePublished\":\"2025-09-04T22:48:22+00:00\",\"dateModified\":\"2025-09-04T22:49:06+00:00\",\"mainEntityOfPage\":{\"@id\":\"https:\/\/innoticiasbo.com\/index.php\/2025\/09\/04\/fiscal-general-informa-que-arturo-murillo-tiene-15-procesos-penales-en-bolivia-entre-ellos-dos-sentencias\/\"},\"wordCount\":358,\"commentCount\":0,\"publisher\":{\"@id\":\"https:\/\/innoticiasbo.com\/#organization\"},\"image\":{\"@id\":\"https:\/\/innoticiasbo.com\/index.php\/2025\/09\/04\/fiscal-general-informa-que-arturo-murillo-tiene-15-procesos-penales-en-bolivia-entre-ellos-dos-sentencias\/#primaryimage\"},\"thumbnailUrl\":\"https:\/\/i0.wp.com\/innoticiasbo.com\/wp-content\/uploads\/2025\/09\/IMG-20250904-WA0165.jpg?fit=1024%2C683&ssl=1\",\"keywords\":[\"aprehensi\u00f3n\",\"Arturo Murillo\",\"innoticias\",\"procesos\"],\"articleSection\":[\"Bolivia\",\"Pol\u00edtica\"],\"inLanguage\":\"es\",\"potentialAction\":[{\"@type\":\"CommentAction\",\"name\":\"Comment\",\"target\":[\"https:\/\/innoticiasbo.com\/index.php\/2025\/09\/04\/fiscal-general-informa-que-arturo-murillo-tiene-15-procesos-penales-en-bolivia-entre-ellos-dos-sentencias\/#respond\"]}]},{\"@type\":\"WebPage\",\"@id\":\"https:\/\/innoticiasbo.com\/index.php\/2025\/09\/04\/fiscal-general-informa-que-arturo-murillo-tiene-15-procesos-penales-en-bolivia-entre-ellos-dos-sentencias\/\",\"url\":\"https:\/\/innoticiasbo.com\/index.php\/2025\/09\/04\/fiscal-general-informa-que-arturo-murillo-tiene-15-procesos-penales-en-bolivia-entre-ellos-dos-sentencias\/\",\"name\":\"FISCAL GENERAL INFORMA QUE ARTURO MURILLO TIENE 15 PROCESOS PENALES EN BOLIVIA, ENTRE ELLOS DOS SENTENCIAS - innoticiasbo.com\",\"isPartOf\":{\"@id\":\"https:\/\/innoticiasbo.com\/#website\"},\"primaryImageOfPage\":{\"@id\":\"https:\/\/innoticiasbo.com\/index.php\/2025\/09\/04\/fiscal-general-informa-que-arturo-murillo-tiene-15-procesos-penales-en-bolivia-entre-ellos-dos-sentencias\/#primaryimage\"},\"image\":{\"@id\":\"https:\/\/innoticiasbo.com\/index.php\/2025\/09\/04\/fiscal-general-informa-que-arturo-murillo-tiene-15-procesos-penales-en-bolivia-entre-ellos-dos-sentencias\/#primaryimage\"},\"thumbnailUrl\":\"https:\/\/i0.wp.com\/innoticiasbo.com\/wp-content\/uploads\/2025\/09\/IMG-20250904-WA0165.jpg?fit=1024%2C683&ssl=1\",\"datePublished\":\"2025-09-04T22:48:22+00:00\",\"dateModified\":\"2025-09-04T22:49:06+00:00\",\"breadcrumb\":{\"@id\":\"https:\/\/innoticiasbo.com\/index.php\/2025\/09\/04\/fiscal-general-informa-que-arturo-murillo-tiene-15-procesos-penales-en-bolivia-entre-ellos-dos-sentencias\/#breadcrumb\"},\"inLanguage\":\"es\",\"potentialAction\":[{\"@type\":\"ReadAction\",\"target\":[\"https:\/\/innoticiasbo.com\/index.php\/2025\/09\/04\/fiscal-general-informa-que-arturo-murillo-tiene-15-procesos-penales-en-bolivia-entre-ellos-dos-sentencias\/\"]}]},{\"@type\":\"ImageObject\",\"inLanguage\":\"es\",\"@id\":\"https:\/\/innoticiasbo.com\/index.php\/2025\/09\/04\/fiscal-general-informa-que-arturo-murillo-tiene-15-procesos-penales-en-bolivia-entre-ellos-dos-sentencias\/#primaryimage\",\"url\":\"https:\/\/i0.wp.com\/innoticiasbo.com\/wp-content\/uploads\/2025\/09\/IMG-20250904-WA0165.jpg?fit=1024%2C683&ssl=1\",\"contentUrl\":\"https:\/\/i0.wp.com\/innoticiasbo.com\/wp-content\/uploads\/2025\/09\/IMG-20250904-WA0165.jpg?fit=1024%2C683&ssl=1\",\"width\":1024,\"height\":683},{\"@type\":\"BreadcrumbList\",\"@id\":\"https:\/\/innoticiasbo.com\/index.php\/2025\/09\/04\/fiscal-general-informa-que-arturo-murillo-tiene-15-procesos-penales-en-bolivia-entre-ellos-dos-sentencias\/#breadcrumb\",\"itemListElement\":[{\"@type\":\"ListItem\",\"position\":1,\"name\":\"Portada\",\"item\":\"https:\/\/innoticiasbo.com\/\"},{\"@type\":\"ListItem\",\"position\":2,\"name\":\"FISCAL GENERAL INFORMA QUE ARTURO MURILLO TIENE 15 PROCESOS PENALES EN BOLIVIA, ENTRE ELLOS DOS SENTENCIAS\"}]},{\"@type\":\"WebSite\",\"@id\":\"https:\/\/innoticiasbo.com\/#website\",\"url\":\"https:\/\/innoticiasbo.com\/\",\"name\":\"innoticiasbo.com\",\"description\":\"\",\"publisher\":{\"@id\":\"https:\/\/innoticiasbo.com\/#organization\"},\"potentialAction\":[{\"@type\":\"SearchAction\",\"target\":{\"@type\":\"EntryPoint\",\"urlTemplate\":\"https:\/\/innoticiasbo.com\/?s={search_term_string}\"},\"query-input\":{\"@type\":\"PropertyValueSpecification\",\"valueRequired\":true,\"valueName\":\"search_term_string\"}}],\"inLanguage\":\"es\"},{\"@type\":\"Organization\",\"@id\":\"https:\/\/innoticiasbo.com\/#organization\",\"name\":\"innoticiasbo.com\",\"url\":\"https:\/\/innoticiasbo.com\/\",\"logo\":{\"@type\":\"ImageObject\",\"inLanguage\":\"es\",\"@id\":\"https:\/\/innoticiasbo.com\/#\/schema\/logo\/image\/\",\"url\":\"https:\/\/i0.wp.com\/innoticiasbo.com\/wp-content\/uploads\/2026\/04\/cropped-IN-LOGO.png?fit=1476%2C1476&ssl=1\",\"contentUrl\":\"https:\/\/i0.wp.com\/innoticiasbo.com\/wp-content\/uploads\/2026\/04\/cropped-IN-LOGO.png?fit=1476%2C1476&ssl=1\",\"width\":1476,\"height\":1476,\"caption\":\"innoticiasbo.com\"},\"image\":{\"@id\":\"https:\/\/innoticiasbo.com\/#\/schema\/logo\/image\/\"},\"sameAs\":[\"https:\/\/www.facebook.com\/innoticiasbolivia\",\"https:\/\/x.com\/innoticiasbo\",\"https:\/\/www.instagram.com\/innoticiasbo\",\"https:\/\/www.youtube.com\/innoticiasbo\"]},{\"@type\":\"Person\",\"@id\":\"https:\/\/innoticiasbo.com\/#\/schema\/person\/589cd527c4211df1b943bdad85ec07ce\",\"name\":\"Prensa\",\"image\":{\"@type\":\"ImageObject\",\"inLanguage\":\"es\",\"@id\":\"https:\/\/innoticiasbo.com\/#\/schema\/person\/image\/\",\"url\":\"https:\/\/secure.gravatar.com\/avatar\/d359bbdf112023c1c0a3ec7fe1600657?s=96&d=mm&r=g\",\"contentUrl\":\"https:\/\/secure.gravatar.com\/avatar\/d359bbdf112023c1c0a3ec7fe1600657?s=96&d=mm&r=g\",\"caption\":\"Prensa\"},\"sameAs\":[\"http:\/\/www.innoticiasbo.com\"],\"url\":\"https:\/\/innoticiasbo.com\/index.php\/author\/prensa\/\"}]}<\/script>\n<!-- \/ Yoast SEO plugin. -->","yoast_head_json":{"title":"FISCAL GENERAL INFORMA QUE ARTURO MURILLO TIENE 15 PROCESOS PENALES EN BOLIVIA, ENTRE ELLOS DOS SENTENCIAS - innoticiasbo.com","robots":{"index":"index","follow":"follow","max-snippet":"max-snippet:-1","max-image-preview":"max-image-preview:large","max-video-preview":"max-video-preview:-1"},"canonical":"https:\/\/innoticiasbo.com\/index.php\/2025\/09\/04\/fiscal-general-informa-que-arturo-murillo-tiene-15-procesos-penales-en-bolivia-entre-ellos-dos-sentencias\/","og_locale":"es_ES","og_type":"article","og_title":"FISCAL GENERAL INFORMA QUE ARTURO MURILLO TIENE 15 PROCESOS PENALES EN BOLIVIA, ENTRE ELLOS DOS SENTENCIAS - innoticiasbo.com","og_description":"Chuquisaca, 4 de septiembre de 2025.- El Fiscal General del Estado, Roger Mariaca Montenegro, inform\u00f3 hoy que el exministro de Gobierno, Arturo Carlos Murillo Prijic, tiene 15 procesos penales en el pa\u00eds, de los cuales dos se encuentran con sentencia dentro de los casos Gases Lacrim\u00f3genos y Gases del Ecuador. El sindicado lleg\u00f3 al aeropuerto...","og_url":"https:\/\/innoticiasbo.com\/index.php\/2025\/09\/04\/fiscal-general-informa-que-arturo-murillo-tiene-15-procesos-penales-en-bolivia-entre-ellos-dos-sentencias\/","og_site_name":"innoticiasbo.com","article_publisher":"https:\/\/www.facebook.com\/innoticiasbolivia","article_published_time":"2025-09-04T22:48:22+00:00","article_modified_time":"2025-09-04T22:49:06+00:00","og_image":[{"width":1024,"height":683,"url":"https:\/\/i0.wp.com\/innoticiasbo.com\/wp-content\/uploads\/2025\/09\/IMG-20250904-WA0165.jpg?fit=1024%2C683&ssl=1","type":"image\/jpeg"}],"author":"Prensa","twitter_card":"summary_large_image","twitter_creator":"@innoticiasbo","twitter_site":"@innoticiasbo","twitter_misc":{"Escrito por":"Prensa","Tiempo de lectura":"2 minutos"},"schema":{"@context":"https:\/\/schema.org","@graph":[{"@type":"Article","@id":"https:\/\/innoticiasbo.com\/index.php\/2025\/09\/04\/fiscal-general-informa-que-arturo-murillo-tiene-15-procesos-penales-en-bolivia-entre-ellos-dos-sentencias\/#article","isPartOf":{"@id":"https:\/\/innoticiasbo.com\/index.php\/2025\/09\/04\/fiscal-general-informa-que-arturo-murillo-tiene-15-procesos-penales-en-bolivia-entre-ellos-dos-sentencias\/"},"author":{"name":"Prensa","@id":"https:\/\/innoticiasbo.com\/#\/schema\/person\/589cd527c4211df1b943bdad85ec07ce"},"headline":"FISCAL GENERAL INFORMA QUE ARTURO MURILLO TIENE 15 PROCESOS PENALES EN BOLIVIA, ENTRE ELLOS DOS SENTENCIAS","datePublished":"2025-09-04T22:48:22+00:00","dateModified":"2025-09-04T22:49:06+00:00","mainEntityOfPage":{"@id":"https:\/\/innoticiasbo.com\/index.php\/2025\/09\/04\/fiscal-general-informa-que-arturo-murillo-tiene-15-procesos-penales-en-bolivia-entre-ellos-dos-sentencias\/"},"wordCount":358,"commentCount":0,"publisher":{"@id":"https:\/\/innoticiasbo.com\/#organization"},"image":{"@id":"https:\/\/innoticiasbo.com\/index.php\/2025\/09\/04\/fiscal-general-informa-que-arturo-murillo-tiene-15-procesos-penales-en-bolivia-entre-ellos-dos-sentencias\/#primaryimage"},"thumbnailUrl":"https:\/\/i0.wp.com\/innoticiasbo.com\/wp-content\/uploads\/2025\/09\/IMG-20250904-WA0165.jpg?fit=1024%2C683&ssl=1","keywords":["aprehensi\u00f3n","Arturo Murillo","innoticias","procesos"],"articleSection":["Bolivia","Pol\u00edtica"],"inLanguage":"es","potentialAction":[{"@type":"CommentAction","name":"Comment","target":["https:\/\/innoticiasbo.com\/index.php\/2025\/09\/04\/fiscal-general-informa-que-arturo-murillo-tiene-15-procesos-penales-en-bolivia-entre-ellos-dos-sentencias\/#respond"]}]},{"@type":"WebPage","@id":"https:\/\/innoticiasbo.com\/index.php\/2025\/09\/04\/fiscal-general-informa-que-arturo-murillo-tiene-15-procesos-penales-en-bolivia-entre-ellos-dos-sentencias\/","url":"https:\/\/innoticiasbo.com\/index.php\/2025\/09\/04\/fiscal-general-informa-que-arturo-murillo-tiene-15-procesos-penales-en-bolivia-entre-ellos-dos-sentencias\/","name":"FISCAL GENERAL INFORMA QUE ARTURO MURILLO TIENE 15 PROCESOS PENALES EN BOLIVIA, ENTRE ELLOS DOS SENTENCIAS - innoticiasbo.com","isPartOf":{"@id":"https:\/\/innoticiasbo.com\/#website"},"primaryImageOfPage":{"@id":"https:\/\/innoticiasbo.com\/index.php\/2025\/09\/04\/fiscal-general-informa-que-arturo-murillo-tiene-15-procesos-penales-en-bolivia-entre-ellos-dos-sentencias\/#primaryimage"},"image":{"@id":"https:\/\/innoticiasbo.com\/index.php\/2025\/09\/04\/fiscal-general-informa-que-arturo-murillo-tiene-15-procesos-penales-en-bolivia-entre-ellos-dos-sentencias\/#primaryimage"},"thumbnailUrl":"https:\/\/i0.wp.com\/innoticiasbo.com\/wp-content\/uploads\/2025\/09\/IMG-20250904-WA0165.jpg?fit=1024%2C683&ssl=1","datePublished":"2025-09-04T22:48:22+00:00","dateModified":"2025-09-04T22:49:06+00:00","breadcrumb":{"@id":"https:\/\/innoticiasbo.com\/index.php\/2025\/09\/04\/fiscal-general-informa-que-arturo-murillo-tiene-15-procesos-penales-en-bolivia-entre-ellos-dos-sentencias\/#breadcrumb"},"inLanguage":"es","potentialAction":[{"@type":"ReadAction","target":["https:\/\/innoticiasbo.com\/index.php\/2025\/09\/04\/fiscal-general-informa-que-arturo-murillo-tiene-15-procesos-penales-en-bolivia-entre-ellos-dos-sentencias\/"]}]},{"@type":"ImageObject","inLanguage":"es","@id":"https:\/\/innoticiasbo.com\/index.php\/2025\/09\/04\/fiscal-general-informa-que-arturo-murillo-tiene-15-procesos-penales-en-bolivia-entre-ellos-dos-sentencias\/#primaryimage","url":"https:\/\/i0.wp.com\/innoticiasbo.com\/wp-content\/uploads\/2025\/09\/IMG-20250904-WA0165.jpg?fit=1024%2C683&ssl=1","contentUrl":"https:\/\/i0.wp.com\/innoticiasbo.com\/wp-content\/uploads\/2025\/09\/IMG-20250904-WA0165.jpg?fit=1024%2C683&ssl=1","width":1024,"height":683},{"@type":"BreadcrumbList","@id":"https:\/\/innoticiasbo.com\/index.php\/2025\/09\/04\/fiscal-general-informa-que-arturo-murillo-tiene-15-procesos-penales-en-bolivia-entre-ellos-dos-sentencias\/#breadcrumb","itemListElement":[{"@type":"ListItem","position":1,"name":"Portada","item":"https:\/\/innoticiasbo.com\/"},{"@type":"ListItem","position":2,"name":"FISCAL GENERAL INFORMA QUE ARTURO MURILLO TIENE 15 PROCESOS PENALES EN BOLIVIA, ENTRE ELLOS DOS SENTENCIAS"}]},{"@type":"WebSite","@id":"https:\/\/innoticiasbo.com\/#website","url":"https:\/\/innoticiasbo.com\/","name":"innoticiasbo.com","description":"","publisher":{"@id":"https:\/\/innoticiasbo.com\/#organization"},"potentialAction":[{"@type":"SearchAction","target":{"@type":"EntryPoint","urlTemplate":"https:\/\/innoticiasbo.com\/?s={search_term_string}"},"query-input":{"@type":"PropertyValueSpecification","valueRequired":true,"valueName":"search_term_string"}}],"inLanguage":"es"},{"@type":"Organization","@id":"https:\/\/innoticiasbo.com\/#organization","name":"innoticiasbo.com","url":"https:\/\/innoticiasbo.com\/","logo":{"@type":"ImageObject","inLanguage":"es","@id":"https:\/\/innoticiasbo.com\/#\/schema\/logo\/image\/","url":"https:\/\/i0.wp.com\/innoticiasbo.com\/wp-content\/uploads\/2026\/04\/cropped-IN-LOGO.png?fit=1476%2C1476&ssl=1","contentUrl":"https:\/\/i0.wp.com\/innoticiasbo.com\/wp-content\/uploads\/2026\/04\/cropped-IN-LOGO.png?fit=1476%2C1476&ssl=1","width":1476,"height":1476,"caption":"innoticiasbo.com"},"image":{"@id":"https:\/\/innoticiasbo.com\/#\/schema\/logo\/image\/"},"sameAs":["https:\/\/www.facebook.com\/innoticiasbolivia","https:\/\/x.com\/innoticiasbo","https:\/\/www.instagram.com\/innoticiasbo","https:\/\/www.youtube.com\/innoticiasbo"]},{"@type":"Person","@id":"https:\/\/innoticiasbo.com\/#\/schema\/person\/589cd527c4211df1b943bdad85ec07ce","name":"Prensa","image":{"@type":"ImageObject","inLanguage":"es","@id":"https:\/\/innoticiasbo.com\/#\/schema\/person\/image\/","url":"https:\/\/secure.gravatar.com\/avatar\/d359bbdf112023c1c0a3ec7fe1600657?s=96&d=mm&r=g","contentUrl":"https:\/\/secure.gravatar.com\/avatar\/d359bbdf112023c1c0a3ec7fe1600657?s=96&d=mm&r=g","caption":"Prensa"},"sameAs":["http:\/\/www.innoticiasbo.com"],"url":"https:\/\/innoticiasbo.com\/index.php\/author\/prensa\/"}]}},"jetpack_featured_media_url":"https:\/\/i0.wp.com\/innoticiasbo.com\/wp-content\/uploads\/2025\/09\/IMG-20250904-WA0165.jpg?fit=1024%2C683&ssl=1","jetpack_likes_enabled":true,"jetpack_sharing_enabled":true,"jetpack_shortlink":"https:\/\/wp.me\/pg298x-218","_links":{"self":[{"href":"https:\/\/innoticiasbo.com\/index.php\/wp-json\/wp\/v2\/posts\/7758","targetHints":{"allow":["GET"]}}],"collection":[{"href":"https:\/\/innoticiasbo.com\/index.php\/wp-json\/wp\/v2\/posts"}],"about":[{"href":"https:\/\/innoticiasbo.com\/index.php\/wp-json\/wp\/v2\/types\/post"}],"author":[{"embeddable":true,"href":"https:\/\/innoticiasbo.com\/index.php\/wp-json\/wp\/v2\/users\/2"}],"replies":[{"embeddable":true,"href":"https:\/\/innoticiasbo.com\/index.php\/wp-json\/wp\/v2\/comments?post=7758"}],"version-history":[{"count":1,"href":"https:\/\/innoticiasbo.com\/index.php\/wp-json\/wp\/v2\/posts\/7758\/revisions"}],"predecessor-version":[{"id":7759,"href":"https:\/\/innoticiasbo.com\/index.php\/wp-json\/wp\/v2\/posts\/7758\/revisions\/7759"}],"wp:featuredmedia":[{"embeddable":true,"href":"https:\/\/innoticiasbo.com\/index.php\/wp-json\/wp\/v2\/media\/7757"}],"wp:attachment":[{"href":"https:\/\/innoticiasbo.com\/index.php\/wp-json\/wp\/v2\/media?parent=7758"}],"wp:term":[{"taxonomy":"category","embeddable":true,"href":"https:\/\/innoticiasbo.com\/index.php\/wp-json\/wp\/v2\/categories?post=7758"},{"taxonomy":"post_tag","embeddable":true,"href":"https:\/\/innoticiasbo.com\/index.php\/wp-json\/wp\/v2\/tags?post=7758"}],"curies":[{"name":"wp","href":"https:\/\/api.w.org\/{rel}","templated":true}]}}