{"id":7748,"date":"2025-09-02T18:26:46","date_gmt":"2025-09-02T22:26:46","guid":{"rendered":"https:\/\/innoticiasbo.com\/?p=7748"},"modified":"2025-09-02T18:26:46","modified_gmt":"2025-09-02T22:26:46","slug":"historicofallo-declaran-culpables-a-dos-jesuitas-por-encubrimiento-de-pederasta","status":"publish","type":"post","link":"https:\/\/innoticiasbo.com\/index.php\/2025\/09\/02\/historicofallo-declaran-culpables-a-dos-jesuitas-por-encubrimiento-de-pederasta\/","title":{"rendered":"#hist\u00f3ricofallo DECLARAN CULPABLES A DOS JESUITAS POR ENCUBRIMIENTO DE PEDERASTA"},"content":{"rendered":"\n<p class=\"p1\">Cochabamba, 2 de septiembre, 2025.- La justicia boliviana sentenci\u00f3 con un a\u00f1o de c\u00e1rcel a dos sacerdotes jesuitas espa\u00f1oles por eencubrimiento del pederasta espa\u00f1ol Alfonso \u201cPica\u201d Pedrajas, que abuso sexualmente de casi un centenar de ni\u00f1os y ni\u00f1as bolivianas.<\/p>\n\n\n\n<p class=\"p1\">Esta sentencia es hist\u00f3rica, pese a que solo se dict\u00f3 un a\u00f1o de c\u00e1rcel, porque es la primera vez que se lleva ante la justicia y se condena la pederastia cometida y encubierta en la Compa\u00f1\u00eda de Jes\u00fas.<\/p>\n\n\n\n<p class=\"p1\">\u201cCon dolor y con alegr\u00eda porque hoy se ha hecho justicia. Hemos sido testigos de que el proceso ha sido transparente, las pruebas han sido abrumadoras. Marcos R. y Ram\u00f3n A. han sido condenados a un a\u00f1o de c\u00e1rcel en el penal de San Sebasti\u00e1n por ser autores y encubridores de Pica Pedrajas\u201d, expres\u00f3 Pedro Lima, vocero de la Comunidad Boliviana de Sobrevivientes.<\/p>\n\n\n\n<p class=\"p1\">Los sentenciados tienen m\u00e1s de 80 a\u00f1os de edad y el culpable muri\u00f3 despues de haber confesado sus cr\u00edmenes en un diario personal.<\/p>\n\n\n\n<p class=\"p1\">Foto: OPINI\u00d3N&nbsp;<\/p>\n","protected":false},"excerpt":{"rendered":"<p>Cochabamba, 2 de septiembre, 2025.- La justicia boliviana sentenci\u00f3 con un a\u00f1o de c\u00e1rcel a dos sacerdotes jesuitas espa\u00f1oles por eencubrimiento del pederasta espa\u00f1ol Alfonso \u201cPica\u201d Pedrajas, que abuso sexualmente de casi un centenar de ni\u00f1os y ni\u00f1as bolivianas. Esta sentencia es hist\u00f3rica, pese a que solo se dict\u00f3 un a\u00f1o de c\u00e1rcel, porque es&#8230;<\/p>\n","protected":false},"author":6,"featured_media":7747,"comment_status":"closed","ping_status":"open","sticky":false,"template":"","format":"standard","meta":{"_jetpack_memberships_contains_paid_content":false,"footnotes":"","jetpack_publicize_message":"","jetpack_publicize_feature_enabled":true,"jetpack_social_post_already_shared":true,"jetpack_social_options":{"image_generator_settings":{"template":"highway","enabled":false},"version":2}},"categories":[1],"tags":[],"class_list":["post-7748","post","type-post","status-publish","format-standard","has-post-thumbnail","hentry","category-bolivia"],"jetpack_publicize_connections":[],"yoast_head":"<!-- This site is optimized with the Yoast SEO plugin v23.4 - https:\/\/yoast.com\/wordpress\/plugins\/seo\/ -->\n<title>#hist\u00f3ricofallo DECLARAN CULPABLES A DOS JESUITAS POR ENCUBRIMIENTO DE PEDERASTA - innoticiasbo.com<\/title>\n<meta name=\"robots\" content=\"index, follow, max-snippet:-1, max-image-preview:large, max-video-preview:-1\" \/>\n<link rel=\"canonical\" href=\"https:\/\/innoticiasbo.com\/index.php\/2025\/09\/02\/historicofallo-declaran-culpables-a-dos-jesuitas-por-encubrimiento-de-pederasta\/\" \/>\n<meta property=\"og:locale\" content=\"es_ES\" \/>\n<meta property=\"og:type\" content=\"article\" \/>\n<meta property=\"og:title\" content=\"#hist\u00f3ricofallo DECLARAN CULPABLES A DOS JESUITAS POR ENCUBRIMIENTO DE PEDERASTA - innoticiasbo.com\" \/>\n<meta property=\"og:description\" content=\"Cochabamba, 2 de septiembre, 2025.- La justicia boliviana sentenci\u00f3 con un a\u00f1o de c\u00e1rcel a dos sacerdotes jesuitas espa\u00f1oles por eencubrimiento del pederasta espa\u00f1ol Alfonso \u201cPica\u201d Pedrajas, que abuso sexualmente de casi un centenar de ni\u00f1os y ni\u00f1as bolivianas. Esta sentencia es hist\u00f3rica, pese a que solo se dict\u00f3 un a\u00f1o de c\u00e1rcel, porque es...\" \/>\n<meta property=\"og:url\" content=\"https:\/\/innoticiasbo.com\/index.php\/2025\/09\/02\/historicofallo-declaran-culpables-a-dos-jesuitas-por-encubrimiento-de-pederasta\/\" \/>\n<meta property=\"og:site_name\" content=\"innoticiasbo.com\" \/>\n<meta property=\"article:publisher\" content=\"https:\/\/www.facebook.com\/innoticiasbolivia\" \/>\n<meta property=\"article:published_time\" content=\"2025-09-02T22:26:46+00:00\" \/>\n<meta property=\"og:image\" content=\"https:\/\/i0.wp.com\/innoticiasbo.com\/wp-content\/uploads\/2025\/09\/img_6163.jpg?fit=800%2C543&ssl=1\" \/>\n\t<meta property=\"og:image:width\" content=\"800\" \/>\n\t<meta property=\"og:image:height\" content=\"543\" \/>\n\t<meta property=\"og:image:type\" content=\"image\/jpeg\" \/>\n<meta name=\"author\" content=\"Eliza Riva\" \/>\n<meta name=\"twitter:card\" content=\"summary_large_image\" \/>\n<meta name=\"twitter:creator\" content=\"@innoticiasbo\" \/>\n<meta name=\"twitter:site\" content=\"@innoticiasbo\" \/>\n<meta name=\"twitter:label1\" content=\"Escrito por\" \/>\n\t<meta name=\"twitter:data1\" content=\"Eliza Riva\" \/>\n\t<meta name=\"twitter:label2\" content=\"Tiempo de lectura\" \/>\n\t<meta name=\"twitter:data2\" content=\"1 minuto\" \/>\n<script type=\"application\/ld+json\" class=\"yoast-schema-graph\">{\"@context\":\"https:\/\/schema.org\",\"@graph\":[{\"@type\":\"Article\",\"@id\":\"https:\/\/innoticiasbo.com\/index.php\/2025\/09\/02\/historicofallo-declaran-culpables-a-dos-jesuitas-por-encubrimiento-de-pederasta\/#article\",\"isPartOf\":{\"@id\":\"https:\/\/innoticiasbo.com\/index.php\/2025\/09\/02\/historicofallo-declaran-culpables-a-dos-jesuitas-por-encubrimiento-de-pederasta\/\"},\"author\":{\"name\":\"Eliza Riva\",\"@id\":\"https:\/\/innoticiasbo.com\/#\/schema\/person\/8c935b6b11c0223d8f77dc01fc948202\"},\"headline\":\"#hist\u00f3ricofallo DECLARAN CULPABLES A DOS JESUITAS POR ENCUBRIMIENTO DE PEDERASTA\",\"datePublished\":\"2025-09-02T22:26:46+00:00\",\"dateModified\":\"2025-09-02T22:26:46+00:00\",\"mainEntityOfPage\":{\"@id\":\"https:\/\/innoticiasbo.com\/index.php\/2025\/09\/02\/historicofallo-declaran-culpables-a-dos-jesuitas-por-encubrimiento-de-pederasta\/\"},\"wordCount\":195,\"publisher\":{\"@id\":\"https:\/\/innoticiasbo.com\/#organization\"},\"image\":{\"@id\":\"https:\/\/innoticiasbo.com\/index.php\/2025\/09\/02\/historicofallo-declaran-culpables-a-dos-jesuitas-por-encubrimiento-de-pederasta\/#primaryimage\"},\"thumbnailUrl\":\"https:\/\/i0.wp.com\/innoticiasbo.com\/wp-content\/uploads\/2025\/09\/img_6163.jpg?fit=800%2C543&ssl=1\",\"articleSection\":[\"Bolivia\"],\"inLanguage\":\"es\"},{\"@type\":\"WebPage\",\"@id\":\"https:\/\/innoticiasbo.com\/index.php\/2025\/09\/02\/historicofallo-declaran-culpables-a-dos-jesuitas-por-encubrimiento-de-pederasta\/\",\"url\":\"https:\/\/innoticiasbo.com\/index.php\/2025\/09\/02\/historicofallo-declaran-culpables-a-dos-jesuitas-por-encubrimiento-de-pederasta\/\",\"name\":\"#hist\u00f3ricofallo DECLARAN CULPABLES A DOS JESUITAS POR ENCUBRIMIENTO DE PEDERASTA - innoticiasbo.com\",\"isPartOf\":{\"@id\":\"https:\/\/innoticiasbo.com\/#website\"},\"primaryImageOfPage\":{\"@id\":\"https:\/\/innoticiasbo.com\/index.php\/2025\/09\/02\/historicofallo-declaran-culpables-a-dos-jesuitas-por-encubrimiento-de-pederasta\/#primaryimage\"},\"image\":{\"@id\":\"https:\/\/innoticiasbo.com\/index.php\/2025\/09\/02\/historicofallo-declaran-culpables-a-dos-jesuitas-por-encubrimiento-de-pederasta\/#primaryimage\"},\"thumbnailUrl\":\"https:\/\/i0.wp.com\/innoticiasbo.com\/wp-content\/uploads\/2025\/09\/img_6163.jpg?fit=800%2C543&ssl=1\",\"datePublished\":\"2025-09-02T22:26:46+00:00\",\"dateModified\":\"2025-09-02T22:26:46+00:00\",\"breadcrumb\":{\"@id\":\"https:\/\/innoticiasbo.com\/index.php\/2025\/09\/02\/historicofallo-declaran-culpables-a-dos-jesuitas-por-encubrimiento-de-pederasta\/#breadcrumb\"},\"inLanguage\":\"es\",\"potentialAction\":[{\"@type\":\"ReadAction\",\"target\":[\"https:\/\/innoticiasbo.com\/index.php\/2025\/09\/02\/historicofallo-declaran-culpables-a-dos-jesuitas-por-encubrimiento-de-pederasta\/\"]}]},{\"@type\":\"ImageObject\",\"inLanguage\":\"es\",\"@id\":\"https:\/\/innoticiasbo.com\/index.php\/2025\/09\/02\/historicofallo-declaran-culpables-a-dos-jesuitas-por-encubrimiento-de-pederasta\/#primaryimage\",\"url\":\"https:\/\/i0.wp.com\/innoticiasbo.com\/wp-content\/uploads\/2025\/09\/img_6163.jpg?fit=800%2C543&ssl=1\",\"contentUrl\":\"https:\/\/i0.wp.com\/innoticiasbo.com\/wp-content\/uploads\/2025\/09\/img_6163.jpg?fit=800%2C543&ssl=1\",\"width\":800,\"height\":543},{\"@type\":\"BreadcrumbList\",\"@id\":\"https:\/\/innoticiasbo.com\/index.php\/2025\/09\/02\/historicofallo-declaran-culpables-a-dos-jesuitas-por-encubrimiento-de-pederasta\/#breadcrumb\",\"itemListElement\":[{\"@type\":\"ListItem\",\"position\":1,\"name\":\"Portada\",\"item\":\"https:\/\/innoticiasbo.com\/\"},{\"@type\":\"ListItem\",\"position\":2,\"name\":\"#hist\u00f3ricofallo DECLARAN CULPABLES A DOS JESUITAS POR ENCUBRIMIENTO DE PEDERASTA\"}]},{\"@type\":\"WebSite\",\"@id\":\"https:\/\/innoticiasbo.com\/#website\",\"url\":\"https:\/\/innoticiasbo.com\/\",\"name\":\"innoticiasbo.com\",\"description\":\"\",\"publisher\":{\"@id\":\"https:\/\/innoticiasbo.com\/#organization\"},\"potentialAction\":[{\"@type\":\"SearchAction\",\"target\":{\"@type\":\"EntryPoint\",\"urlTemplate\":\"https:\/\/innoticiasbo.com\/?s={search_term_string}\"},\"query-input\":{\"@type\":\"PropertyValueSpecification\",\"valueRequired\":true,\"valueName\":\"search_term_string\"}}],\"inLanguage\":\"es\"},{\"@type\":\"Organization\",\"@id\":\"https:\/\/innoticiasbo.com\/#organization\",\"name\":\"innoticiasbo.com\",\"url\":\"https:\/\/innoticiasbo.com\/\",\"logo\":{\"@type\":\"ImageObject\",\"inLanguage\":\"es\",\"@id\":\"https:\/\/innoticiasbo.com\/#\/schema\/logo\/image\/\",\"url\":\"https:\/\/i0.wp.com\/innoticiasbo.com\/wp-content\/uploads\/2026\/04\/cropped-IN-LOGO.png?fit=1476%2C1476&ssl=1\",\"contentUrl\":\"https:\/\/i0.wp.com\/innoticiasbo.com\/wp-content\/uploads\/2026\/04\/cropped-IN-LOGO.png?fit=1476%2C1476&ssl=1\",\"width\":1476,\"height\":1476,\"caption\":\"innoticiasbo.com\"},\"image\":{\"@id\":\"https:\/\/innoticiasbo.com\/#\/schema\/logo\/image\/\"},\"sameAs\":[\"https:\/\/www.facebook.com\/innoticiasbolivia\",\"https:\/\/x.com\/innoticiasbo\",\"https:\/\/www.instagram.com\/innoticiasbo\",\"https:\/\/www.youtube.com\/innoticiasbo\"]},{\"@type\":\"Person\",\"@id\":\"https:\/\/innoticiasbo.com\/#\/schema\/person\/8c935b6b11c0223d8f77dc01fc948202\",\"name\":\"Eliza Riva\",\"image\":{\"@type\":\"ImageObject\",\"inLanguage\":\"es\",\"@id\":\"https:\/\/innoticiasbo.com\/#\/schema\/person\/image\/\",\"url\":\"https:\/\/secure.gravatar.com\/avatar\/fdc172c2af344133d19e57e4b7acdee4?s=96&d=mm&r=g\",\"contentUrl\":\"https:\/\/secure.gravatar.com\/avatar\/fdc172c2af344133d19e57e4b7acdee4?s=96&d=mm&r=g\",\"caption\":\"Eliza Riva\"},\"sameAs\":[\"http:\/\/www.innoticiasbo.com\"],\"url\":\"https:\/\/innoticiasbo.com\/index.php\/author\/prensa-4\/\"}]}<\/script>\n<!-- \/ Yoast SEO plugin. -->","yoast_head_json":{"title":"#hist\u00f3ricofallo DECLARAN CULPABLES A DOS JESUITAS POR ENCUBRIMIENTO DE PEDERASTA - innoticiasbo.com","robots":{"index":"index","follow":"follow","max-snippet":"max-snippet:-1","max-image-preview":"max-image-preview:large","max-video-preview":"max-video-preview:-1"},"canonical":"https:\/\/innoticiasbo.com\/index.php\/2025\/09\/02\/historicofallo-declaran-culpables-a-dos-jesuitas-por-encubrimiento-de-pederasta\/","og_locale":"es_ES","og_type":"article","og_title":"#hist\u00f3ricofallo DECLARAN CULPABLES A DOS JESUITAS POR ENCUBRIMIENTO DE PEDERASTA - innoticiasbo.com","og_description":"Cochabamba, 2 de septiembre, 2025.- La justicia boliviana sentenci\u00f3 con un a\u00f1o de c\u00e1rcel a dos sacerdotes jesuitas espa\u00f1oles por eencubrimiento del pederasta espa\u00f1ol Alfonso \u201cPica\u201d Pedrajas, que abuso sexualmente de casi un centenar de ni\u00f1os y ni\u00f1as bolivianas. Esta sentencia es hist\u00f3rica, pese a que solo se dict\u00f3 un a\u00f1o de c\u00e1rcel, porque es...","og_url":"https:\/\/innoticiasbo.com\/index.php\/2025\/09\/02\/historicofallo-declaran-culpables-a-dos-jesuitas-por-encubrimiento-de-pederasta\/","og_site_name":"innoticiasbo.com","article_publisher":"https:\/\/www.facebook.com\/innoticiasbolivia","article_published_time":"2025-09-02T22:26:46+00:00","og_image":[{"width":800,"height":543,"url":"https:\/\/i0.wp.com\/innoticiasbo.com\/wp-content\/uploads\/2025\/09\/img_6163.jpg?fit=800%2C543&ssl=1","type":"image\/jpeg"}],"author":"Eliza Riva","twitter_card":"summary_large_image","twitter_creator":"@innoticiasbo","twitter_site":"@innoticiasbo","twitter_misc":{"Escrito por":"Eliza Riva","Tiempo de lectura":"1 minuto"},"schema":{"@context":"https:\/\/schema.org","@graph":[{"@type":"Article","@id":"https:\/\/innoticiasbo.com\/index.php\/2025\/09\/02\/historicofallo-declaran-culpables-a-dos-jesuitas-por-encubrimiento-de-pederasta\/#article","isPartOf":{"@id":"https:\/\/innoticiasbo.com\/index.php\/2025\/09\/02\/historicofallo-declaran-culpables-a-dos-jesuitas-por-encubrimiento-de-pederasta\/"},"author":{"name":"Eliza Riva","@id":"https:\/\/innoticiasbo.com\/#\/schema\/person\/8c935b6b11c0223d8f77dc01fc948202"},"headline":"#hist\u00f3ricofallo DECLARAN CULPABLES A DOS JESUITAS POR ENCUBRIMIENTO DE PEDERASTA","datePublished":"2025-09-02T22:26:46+00:00","dateModified":"2025-09-02T22:26:46+00:00","mainEntityOfPage":{"@id":"https:\/\/innoticiasbo.com\/index.php\/2025\/09\/02\/historicofallo-declaran-culpables-a-dos-jesuitas-por-encubrimiento-de-pederasta\/"},"wordCount":195,"publisher":{"@id":"https:\/\/innoticiasbo.com\/#organization"},"image":{"@id":"https:\/\/innoticiasbo.com\/index.php\/2025\/09\/02\/historicofallo-declaran-culpables-a-dos-jesuitas-por-encubrimiento-de-pederasta\/#primaryimage"},"thumbnailUrl":"https:\/\/i0.wp.com\/innoticiasbo.com\/wp-content\/uploads\/2025\/09\/img_6163.jpg?fit=800%2C543&ssl=1","articleSection":["Bolivia"],"inLanguage":"es"},{"@type":"WebPage","@id":"https:\/\/innoticiasbo.com\/index.php\/2025\/09\/02\/historicofallo-declaran-culpables-a-dos-jesuitas-por-encubrimiento-de-pederasta\/","url":"https:\/\/innoticiasbo.com\/index.php\/2025\/09\/02\/historicofallo-declaran-culpables-a-dos-jesuitas-por-encubrimiento-de-pederasta\/","name":"#hist\u00f3ricofallo DECLARAN CULPABLES A DOS JESUITAS POR ENCUBRIMIENTO DE PEDERASTA - innoticiasbo.com","isPartOf":{"@id":"https:\/\/innoticiasbo.com\/#website"},"primaryImageOfPage":{"@id":"https:\/\/innoticiasbo.com\/index.php\/2025\/09\/02\/historicofallo-declaran-culpables-a-dos-jesuitas-por-encubrimiento-de-pederasta\/#primaryimage"},"image":{"@id":"https:\/\/innoticiasbo.com\/index.php\/2025\/09\/02\/historicofallo-declaran-culpables-a-dos-jesuitas-por-encubrimiento-de-pederasta\/#primaryimage"},"thumbnailUrl":"https:\/\/i0.wp.com\/innoticiasbo.com\/wp-content\/uploads\/2025\/09\/img_6163.jpg?fit=800%2C543&ssl=1","datePublished":"2025-09-02T22:26:46+00:00","dateModified":"2025-09-02T22:26:46+00:00","breadcrumb":{"@id":"https:\/\/innoticiasbo.com\/index.php\/2025\/09\/02\/historicofallo-declaran-culpables-a-dos-jesuitas-por-encubrimiento-de-pederasta\/#breadcrumb"},"inLanguage":"es","potentialAction":[{"@type":"ReadAction","target":["https:\/\/innoticiasbo.com\/index.php\/2025\/09\/02\/historicofallo-declaran-culpables-a-dos-jesuitas-por-encubrimiento-de-pederasta\/"]}]},{"@type":"ImageObject","inLanguage":"es","@id":"https:\/\/innoticiasbo.com\/index.php\/2025\/09\/02\/historicofallo-declaran-culpables-a-dos-jesuitas-por-encubrimiento-de-pederasta\/#primaryimage","url":"https:\/\/i0.wp.com\/innoticiasbo.com\/wp-content\/uploads\/2025\/09\/img_6163.jpg?fit=800%2C543&ssl=1","contentUrl":"https:\/\/i0.wp.com\/innoticiasbo.com\/wp-content\/uploads\/2025\/09\/img_6163.jpg?fit=800%2C543&ssl=1","width":800,"height":543},{"@type":"BreadcrumbList","@id":"https:\/\/innoticiasbo.com\/index.php\/2025\/09\/02\/historicofallo-declaran-culpables-a-dos-jesuitas-por-encubrimiento-de-pederasta\/#breadcrumb","itemListElement":[{"@type":"ListItem","position":1,"name":"Portada","item":"https:\/\/innoticiasbo.com\/"},{"@type":"ListItem","position":2,"name":"#hist\u00f3ricofallo DECLARAN CULPABLES A DOS JESUITAS POR ENCUBRIMIENTO DE PEDERASTA"}]},{"@type":"WebSite","@id":"https:\/\/innoticiasbo.com\/#website","url":"https:\/\/innoticiasbo.com\/","name":"innoticiasbo.com","description":"","publisher":{"@id":"https:\/\/innoticiasbo.com\/#organization"},"potentialAction":[{"@type":"SearchAction","target":{"@type":"EntryPoint","urlTemplate":"https:\/\/innoticiasbo.com\/?s={search_term_string}"},"query-input":{"@type":"PropertyValueSpecification","valueRequired":true,"valueName":"search_term_string"}}],"inLanguage":"es"},{"@type":"Organization","@id":"https:\/\/innoticiasbo.com\/#organization","name":"innoticiasbo.com","url":"https:\/\/innoticiasbo.com\/","logo":{"@type":"ImageObject","inLanguage":"es","@id":"https:\/\/innoticiasbo.com\/#\/schema\/logo\/image\/","url":"https:\/\/i0.wp.com\/innoticiasbo.com\/wp-content\/uploads\/2026\/04\/cropped-IN-LOGO.png?fit=1476%2C1476&ssl=1","contentUrl":"https:\/\/i0.wp.com\/innoticiasbo.com\/wp-content\/uploads\/2026\/04\/cropped-IN-LOGO.png?fit=1476%2C1476&ssl=1","width":1476,"height":1476,"caption":"innoticiasbo.com"},"image":{"@id":"https:\/\/innoticiasbo.com\/#\/schema\/logo\/image\/"},"sameAs":["https:\/\/www.facebook.com\/innoticiasbolivia","https:\/\/x.com\/innoticiasbo","https:\/\/www.instagram.com\/innoticiasbo","https:\/\/www.youtube.com\/innoticiasbo"]},{"@type":"Person","@id":"https:\/\/innoticiasbo.com\/#\/schema\/person\/8c935b6b11c0223d8f77dc01fc948202","name":"Eliza Riva","image":{"@type":"ImageObject","inLanguage":"es","@id":"https:\/\/innoticiasbo.com\/#\/schema\/person\/image\/","url":"https:\/\/secure.gravatar.com\/avatar\/fdc172c2af344133d19e57e4b7acdee4?s=96&d=mm&r=g","contentUrl":"https:\/\/secure.gravatar.com\/avatar\/fdc172c2af344133d19e57e4b7acdee4?s=96&d=mm&r=g","caption":"Eliza Riva"},"sameAs":["http:\/\/www.innoticiasbo.com"],"url":"https:\/\/innoticiasbo.com\/index.php\/author\/prensa-4\/"}]}},"jetpack_featured_media_url":"https:\/\/i0.wp.com\/innoticiasbo.com\/wp-content\/uploads\/2025\/09\/img_6163.jpg?fit=800%2C543&ssl=1","jetpack_likes_enabled":true,"jetpack_sharing_enabled":true,"jetpack_shortlink":"https:\/\/wp.me\/pg298x-20Y","_links":{"self":[{"href":"https:\/\/innoticiasbo.com\/index.php\/wp-json\/wp\/v2\/posts\/7748","targetHints":{"allow":["GET"]}}],"collection":[{"href":"https:\/\/innoticiasbo.com\/index.php\/wp-json\/wp\/v2\/posts"}],"about":[{"href":"https:\/\/innoticiasbo.com\/index.php\/wp-json\/wp\/v2\/types\/post"}],"author":[{"embeddable":true,"href":"https:\/\/innoticiasbo.com\/index.php\/wp-json\/wp\/v2\/users\/6"}],"replies":[{"embeddable":true,"href":"https:\/\/innoticiasbo.com\/index.php\/wp-json\/wp\/v2\/comments?post=7748"}],"version-history":[{"count":1,"href":"https:\/\/innoticiasbo.com\/index.php\/wp-json\/wp\/v2\/posts\/7748\/revisions"}],"predecessor-version":[{"id":7749,"href":"https:\/\/innoticiasbo.com\/index.php\/wp-json\/wp\/v2\/posts\/7748\/revisions\/7749"}],"wp:featuredmedia":[{"embeddable":true,"href":"https:\/\/innoticiasbo.com\/index.php\/wp-json\/wp\/v2\/media\/7747"}],"wp:attachment":[{"href":"https:\/\/innoticiasbo.com\/index.php\/wp-json\/wp\/v2\/media?parent=7748"}],"wp:term":[{"taxonomy":"category","embeddable":true,"href":"https:\/\/innoticiasbo.com\/index.php\/wp-json\/wp\/v2\/categories?post=7748"},{"taxonomy":"post_tag","embeddable":true,"href":"https:\/\/innoticiasbo.com\/index.php\/wp-json\/wp\/v2\/tags?post=7748"}],"curies":[{"name":"wp","href":"https:\/\/api.w.org\/{rel}","templated":true}]}}