{"id":7745,"date":"2025-09-02T17:29:55","date_gmt":"2025-09-02T21:29:55","guid":{"rendered":"https:\/\/innoticiasbo.com\/?p=7745"},"modified":"2025-09-02T17:30:35","modified_gmt":"2025-09-02T21:30:35","slug":"uriona-y-ngp-inician-en-quillacollo-su-agenda-rumbo-a-las-subnacionales","status":"publish","type":"post","link":"https:\/\/innoticiasbo.com\/index.php\/2025\/09\/02\/uriona-y-ngp-inician-en-quillacollo-su-agenda-rumbo-a-las-subnacionales\/","title":{"rendered":"URIONA Y NGP INICIAN EN QUILLACOLLO SU AGENDA RUMBO A LAS SUBNACIONALES"},"content":{"rendered":"<p>Cochabamba, 2 de Septiembre de 2025.- El l\u00edder nacional de Nueva Generaci\u00f3n Patri\u00f3tica (NGP), Edgar Uriona, particip\u00f3 v\u00eda virtual de la firma de un convenio con los representantes de los diferentes distritos, organizaciones sociales y de profesionales del municipio de Quillacollo para encarar las Elecciones Subnacionales. De esta manera, inicia la agenda rumbo a los comicios previstos para marzo de 2026.<br \/>\nLa agrupaci\u00f3n Despierta Quillacollo se suma al proyecto pol\u00edtico de NGP para luchar contra la corrupci\u00f3n, principalmente, y trabajar por el municipio, bajo el ejemplo de esfuerzo y honestidad que llev\u00f3 a Uriona a ser un exitoso empresario.<\/p>\n<p><img data-recalc-dims=\"1\" loading=\"lazy\" decoding=\"async\" src=\"https:\/\/i0.wp.com\/innoticiasbo.com\/wp-content\/uploads\/2025\/09\/img-20250902-wa02573527176723441489636.jpg?resize=577%2C1280&#038;ssl=1\" class=\"wp-image-7743 alignnone size-full\" width=\"577\" height=\"1280\" srcset=\"https:\/\/i0.wp.com\/innoticiasbo.com\/wp-content\/uploads\/2025\/09\/img-20250902-wa02573527176723441489636.jpg?w=577&amp;ssl=1 577w, https:\/\/i0.wp.com\/innoticiasbo.com\/wp-content\/uploads\/2025\/09\/img-20250902-wa02573527176723441489636.jpg?resize=135%2C300&amp;ssl=1 135w, https:\/\/i0.wp.com\/innoticiasbo.com\/wp-content\/uploads\/2025\/09\/img-20250902-wa02573527176723441489636.jpg?resize=462%2C1024&amp;ssl=1 462w\" sizes=\"auto, (max-width: 577px) 100vw, 577px\" \/><\/p>\n<p>\u201cEs una alegr\u00eda que tomen estas decisiones. Debemos mentalizarnos que necesitamos cambiar nosotros para levantar el pa\u00eds. Es un trabajo en comunidad y nosotros vamos a seguir luchando por la gente buena, siempre con la verdad\u201d, explic\u00f3 Uriona.<br \/>\nEl delegado de NGP en Quillacollo, Ren\u00e9 Fern\u00e1ndez, agradeci\u00f3 la oportunidad para sumarse al proyecto de la agrupaci\u00f3n pol\u00edtica y comprometi\u00f3 un trabajo con todos los distritos y sectores, en busca de un cambio.<\/p>\n<p>\u201cHemos decidido sumarnos al partido liderizado por un cochabambino que sali\u00f3 del pa\u00eds en busca de mejores oportunidades y lo ha logrado. Nos ense\u00f1\u00f3 que se puede trabajar y conseguir el \u00e9xito. Eso queremos para Quillacollo\u201d, dijo.<\/p>\n<p>Del acto pol\u00edtico tambi\u00e9n participaron los miembros del Comit\u00e9 Ejecutivo de NGP, quienes firmaron el convenio y recomendaron un trabajo incansable tomando en cuenta que la poblaci\u00f3n ya est\u00e1 cansada de lo mismo; precisaron, que se necesita una renovaci\u00f3n pensando en el futuro y en el desarrollo del municipio que tiene m\u00e1s de 160 mil habitantes.<\/p>\n<p>\u201cEsta noche empieza la carrera por las Subnacionales y estoy seguro que se llegar\u00e1 a ser ganador\u201d, manifest\u00f3 Juan Jos\u00e9 Vargas.<br \/>\nQuillacollo es el primer municipio que se suma oficialmente al proyecto pol\u00edtico de NGP marcando con fuerza el inicio del camino hacia las Subnacionales.<\/p>\n","protected":false},"excerpt":{"rendered":"<p>Cochabamba, 2 de Septiembre de 2025.- El l\u00edder nacional de Nueva Generaci\u00f3n Patri\u00f3tica (NGP), Edgar Uriona, particip\u00f3 v\u00eda virtual de la firma de un convenio con los representantes de los diferentes distritos, organizaciones sociales y de profesionales del municipio de Quillacollo para encarar las Elecciones Subnacionales. De esta manera, inicia la agenda rumbo a los&#8230;<\/p>\n","protected":false},"author":2,"featured_media":7744,"comment_status":"open","ping_status":"open","sticky":false,"template":"","format":"standard","meta":{"_jetpack_memberships_contains_paid_content":false,"footnotes":"","jetpack_publicize_message":"","jetpack_publicize_feature_enabled":true,"jetpack_social_post_already_shared":true,"jetpack_social_options":{"image_generator_settings":{"template":"highway","enabled":false},"version":2}},"categories":[2,3],"tags":[138,22,894,1011],"class_list":["post-7745","post","type-post","status-publish","format-standard","has-post-thumbnail","hentry","category-cochabamba","category-politica","tag-edgar-uriona","tag-innoticias","tag-ngp","tag-subnacionales"],"jetpack_publicize_connections":[],"yoast_head":"<!-- This site is optimized with the Yoast SEO plugin v23.4 - https:\/\/yoast.com\/wordpress\/plugins\/seo\/ -->\n<title>URIONA Y NGP INICIAN EN QUILLACOLLO SU AGENDA RUMBO A LAS SUBNACIONALES - innoticiasbo.com<\/title>\n<meta name=\"robots\" content=\"index, follow, max-snippet:-1, max-image-preview:large, max-video-preview:-1\" \/>\n<link rel=\"canonical\" href=\"https:\/\/innoticiasbo.com\/index.php\/2025\/09\/02\/uriona-y-ngp-inician-en-quillacollo-su-agenda-rumbo-a-las-subnacionales\/\" \/>\n<meta property=\"og:locale\" content=\"es_ES\" \/>\n<meta property=\"og:type\" content=\"article\" \/>\n<meta property=\"og:title\" content=\"URIONA Y NGP INICIAN EN QUILLACOLLO SU AGENDA RUMBO A LAS SUBNACIONALES - innoticiasbo.com\" \/>\n<meta property=\"og:description\" content=\"Cochabamba, 2 de Septiembre de 2025.- El l\u00edder nacional de Nueva Generaci\u00f3n Patri\u00f3tica (NGP), Edgar Uriona, particip\u00f3 v\u00eda virtual de la firma de un convenio con los representantes de los diferentes distritos, organizaciones sociales y de profesionales del municipio de Quillacollo para encarar las Elecciones Subnacionales. De esta manera, inicia la agenda rumbo a los...\" \/>\n<meta property=\"og:url\" content=\"https:\/\/innoticiasbo.com\/index.php\/2025\/09\/02\/uriona-y-ngp-inician-en-quillacollo-su-agenda-rumbo-a-las-subnacionales\/\" \/>\n<meta property=\"og:site_name\" content=\"innoticiasbo.com\" \/>\n<meta property=\"article:publisher\" content=\"https:\/\/www.facebook.com\/innoticiasbolivia\" \/>\n<meta property=\"article:published_time\" content=\"2025-09-02T21:29:55+00:00\" \/>\n<meta property=\"article:modified_time\" content=\"2025-09-02T21:30:35+00:00\" \/>\n<meta property=\"og:image\" content=\"https:\/\/i0.wp.com\/innoticiasbo.com\/wp-content\/uploads\/2025\/09\/IMG-20250902-WA0256.jpg?fit=1280%2C577&ssl=1\" \/>\n\t<meta property=\"og:image:width\" content=\"1280\" \/>\n\t<meta property=\"og:image:height\" content=\"577\" \/>\n\t<meta property=\"og:image:type\" content=\"image\/jpeg\" \/>\n<meta name=\"author\" content=\"Prensa\" \/>\n<meta name=\"twitter:card\" content=\"summary_large_image\" \/>\n<meta name=\"twitter:creator\" content=\"@innoticiasbo\" \/>\n<meta name=\"twitter:site\" content=\"@innoticiasbo\" \/>\n<meta name=\"twitter:label1\" content=\"Escrito por\" \/>\n\t<meta name=\"twitter:data1\" content=\"Prensa\" \/>\n\t<meta name=\"twitter:label2\" content=\"Tiempo de lectura\" \/>\n\t<meta name=\"twitter:data2\" content=\"2 minutos\" \/>\n<script type=\"application\/ld+json\" class=\"yoast-schema-graph\">{\"@context\":\"https:\/\/schema.org\",\"@graph\":[{\"@type\":\"Article\",\"@id\":\"https:\/\/innoticiasbo.com\/index.php\/2025\/09\/02\/uriona-y-ngp-inician-en-quillacollo-su-agenda-rumbo-a-las-subnacionales\/#article\",\"isPartOf\":{\"@id\":\"https:\/\/innoticiasbo.com\/index.php\/2025\/09\/02\/uriona-y-ngp-inician-en-quillacollo-su-agenda-rumbo-a-las-subnacionales\/\"},\"author\":{\"name\":\"Prensa\",\"@id\":\"https:\/\/innoticiasbo.com\/#\/schema\/person\/589cd527c4211df1b943bdad85ec07ce\"},\"headline\":\"URIONA Y NGP INICIAN EN QUILLACOLLO SU AGENDA RUMBO A LAS SUBNACIONALES\",\"datePublished\":\"2025-09-02T21:29:55+00:00\",\"dateModified\":\"2025-09-02T21:30:35+00:00\",\"mainEntityOfPage\":{\"@id\":\"https:\/\/innoticiasbo.com\/index.php\/2025\/09\/02\/uriona-y-ngp-inician-en-quillacollo-su-agenda-rumbo-a-las-subnacionales\/\"},\"wordCount\":337,\"commentCount\":0,\"publisher\":{\"@id\":\"https:\/\/innoticiasbo.com\/#organization\"},\"image\":{\"@id\":\"https:\/\/innoticiasbo.com\/index.php\/2025\/09\/02\/uriona-y-ngp-inician-en-quillacollo-su-agenda-rumbo-a-las-subnacionales\/#primaryimage\"},\"thumbnailUrl\":\"https:\/\/i0.wp.com\/innoticiasbo.com\/wp-content\/uploads\/2025\/09\/IMG-20250902-WA0256.jpg?fit=1280%2C577&ssl=1\",\"keywords\":[\"\u00c9dgar Uriona\",\"innoticias\",\"NGP\",\"subnacionales\"],\"articleSection\":[\"Cochabamba\",\"Pol\u00edtica\"],\"inLanguage\":\"es\",\"potentialAction\":[{\"@type\":\"CommentAction\",\"name\":\"Comment\",\"target\":[\"https:\/\/innoticiasbo.com\/index.php\/2025\/09\/02\/uriona-y-ngp-inician-en-quillacollo-su-agenda-rumbo-a-las-subnacionales\/#respond\"]}]},{\"@type\":\"WebPage\",\"@id\":\"https:\/\/innoticiasbo.com\/index.php\/2025\/09\/02\/uriona-y-ngp-inician-en-quillacollo-su-agenda-rumbo-a-las-subnacionales\/\",\"url\":\"https:\/\/innoticiasbo.com\/index.php\/2025\/09\/02\/uriona-y-ngp-inician-en-quillacollo-su-agenda-rumbo-a-las-subnacionales\/\",\"name\":\"URIONA Y NGP INICIAN EN QUILLACOLLO SU AGENDA RUMBO A LAS SUBNACIONALES - innoticiasbo.com\",\"isPartOf\":{\"@id\":\"https:\/\/innoticiasbo.com\/#website\"},\"primaryImageOfPage\":{\"@id\":\"https:\/\/innoticiasbo.com\/index.php\/2025\/09\/02\/uriona-y-ngp-inician-en-quillacollo-su-agenda-rumbo-a-las-subnacionales\/#primaryimage\"},\"image\":{\"@id\":\"https:\/\/innoticiasbo.com\/index.php\/2025\/09\/02\/uriona-y-ngp-inician-en-quillacollo-su-agenda-rumbo-a-las-subnacionales\/#primaryimage\"},\"thumbnailUrl\":\"https:\/\/i0.wp.com\/innoticiasbo.com\/wp-content\/uploads\/2025\/09\/IMG-20250902-WA0256.jpg?fit=1280%2C577&ssl=1\",\"datePublished\":\"2025-09-02T21:29:55+00:00\",\"dateModified\":\"2025-09-02T21:30:35+00:00\",\"breadcrumb\":{\"@id\":\"https:\/\/innoticiasbo.com\/index.php\/2025\/09\/02\/uriona-y-ngp-inician-en-quillacollo-su-agenda-rumbo-a-las-subnacionales\/#breadcrumb\"},\"inLanguage\":\"es\",\"potentialAction\":[{\"@type\":\"ReadAction\",\"target\":[\"https:\/\/innoticiasbo.com\/index.php\/2025\/09\/02\/uriona-y-ngp-inician-en-quillacollo-su-agenda-rumbo-a-las-subnacionales\/\"]}]},{\"@type\":\"ImageObject\",\"inLanguage\":\"es\",\"@id\":\"https:\/\/innoticiasbo.com\/index.php\/2025\/09\/02\/uriona-y-ngp-inician-en-quillacollo-su-agenda-rumbo-a-las-subnacionales\/#primaryimage\",\"url\":\"https:\/\/i0.wp.com\/innoticiasbo.com\/wp-content\/uploads\/2025\/09\/IMG-20250902-WA0256.jpg?fit=1280%2C577&ssl=1\",\"contentUrl\":\"https:\/\/i0.wp.com\/innoticiasbo.com\/wp-content\/uploads\/2025\/09\/IMG-20250902-WA0256.jpg?fit=1280%2C577&ssl=1\",\"width\":1280,\"height\":577},{\"@type\":\"BreadcrumbList\",\"@id\":\"https:\/\/innoticiasbo.com\/index.php\/2025\/09\/02\/uriona-y-ngp-inician-en-quillacollo-su-agenda-rumbo-a-las-subnacionales\/#breadcrumb\",\"itemListElement\":[{\"@type\":\"ListItem\",\"position\":1,\"name\":\"Portada\",\"item\":\"https:\/\/innoticiasbo.com\/\"},{\"@type\":\"ListItem\",\"position\":2,\"name\":\"URIONA Y NGP INICIAN EN QUILLACOLLO SU AGENDA RUMBO A LAS SUBNACIONALES\"}]},{\"@type\":\"WebSite\",\"@id\":\"https:\/\/innoticiasbo.com\/#website\",\"url\":\"https:\/\/innoticiasbo.com\/\",\"name\":\"innoticiasbo.com\",\"description\":\"\",\"publisher\":{\"@id\":\"https:\/\/innoticiasbo.com\/#organization\"},\"potentialAction\":[{\"@type\":\"SearchAction\",\"target\":{\"@type\":\"EntryPoint\",\"urlTemplate\":\"https:\/\/innoticiasbo.com\/?s={search_term_string}\"},\"query-input\":{\"@type\":\"PropertyValueSpecification\",\"valueRequired\":true,\"valueName\":\"search_term_string\"}}],\"inLanguage\":\"es\"},{\"@type\":\"Organization\",\"@id\":\"https:\/\/innoticiasbo.com\/#organization\",\"name\":\"innoticiasbo.com\",\"url\":\"https:\/\/innoticiasbo.com\/\",\"logo\":{\"@type\":\"ImageObject\",\"inLanguage\":\"es\",\"@id\":\"https:\/\/innoticiasbo.com\/#\/schema\/logo\/image\/\",\"url\":\"https:\/\/i0.wp.com\/innoticiasbo.com\/wp-content\/uploads\/2026\/04\/cropped-IN-LOGO.png?fit=1476%2C1476&ssl=1\",\"contentUrl\":\"https:\/\/i0.wp.com\/innoticiasbo.com\/wp-content\/uploads\/2026\/04\/cropped-IN-LOGO.png?fit=1476%2C1476&ssl=1\",\"width\":1476,\"height\":1476,\"caption\":\"innoticiasbo.com\"},\"image\":{\"@id\":\"https:\/\/innoticiasbo.com\/#\/schema\/logo\/image\/\"},\"sameAs\":[\"https:\/\/www.facebook.com\/innoticiasbolivia\",\"https:\/\/x.com\/innoticiasbo\",\"https:\/\/www.instagram.com\/innoticiasbo\",\"https:\/\/www.youtube.com\/innoticiasbo\"]},{\"@type\":\"Person\",\"@id\":\"https:\/\/innoticiasbo.com\/#\/schema\/person\/589cd527c4211df1b943bdad85ec07ce\",\"name\":\"Prensa\",\"image\":{\"@type\":\"ImageObject\",\"inLanguage\":\"es\",\"@id\":\"https:\/\/innoticiasbo.com\/#\/schema\/person\/image\/\",\"url\":\"https:\/\/secure.gravatar.com\/avatar\/d359bbdf112023c1c0a3ec7fe1600657?s=96&d=mm&r=g\",\"contentUrl\":\"https:\/\/secure.gravatar.com\/avatar\/d359bbdf112023c1c0a3ec7fe1600657?s=96&d=mm&r=g\",\"caption\":\"Prensa\"},\"sameAs\":[\"http:\/\/www.innoticiasbo.com\"],\"url\":\"https:\/\/innoticiasbo.com\/index.php\/author\/prensa\/\"}]}<\/script>\n<!-- \/ Yoast SEO plugin. -->","yoast_head_json":{"title":"URIONA Y NGP INICIAN EN QUILLACOLLO SU AGENDA RUMBO A LAS SUBNACIONALES - innoticiasbo.com","robots":{"index":"index","follow":"follow","max-snippet":"max-snippet:-1","max-image-preview":"max-image-preview:large","max-video-preview":"max-video-preview:-1"},"canonical":"https:\/\/innoticiasbo.com\/index.php\/2025\/09\/02\/uriona-y-ngp-inician-en-quillacollo-su-agenda-rumbo-a-las-subnacionales\/","og_locale":"es_ES","og_type":"article","og_title":"URIONA Y NGP INICIAN EN QUILLACOLLO SU AGENDA RUMBO A LAS SUBNACIONALES - innoticiasbo.com","og_description":"Cochabamba, 2 de Septiembre de 2025.- El l\u00edder nacional de Nueva Generaci\u00f3n Patri\u00f3tica (NGP), Edgar Uriona, particip\u00f3 v\u00eda virtual de la firma de un convenio con los representantes de los diferentes distritos, organizaciones sociales y de profesionales del municipio de Quillacollo para encarar las Elecciones Subnacionales. De esta manera, inicia la agenda rumbo a los...","og_url":"https:\/\/innoticiasbo.com\/index.php\/2025\/09\/02\/uriona-y-ngp-inician-en-quillacollo-su-agenda-rumbo-a-las-subnacionales\/","og_site_name":"innoticiasbo.com","article_publisher":"https:\/\/www.facebook.com\/innoticiasbolivia","article_published_time":"2025-09-02T21:29:55+00:00","article_modified_time":"2025-09-02T21:30:35+00:00","og_image":[{"width":1280,"height":577,"url":"https:\/\/i0.wp.com\/innoticiasbo.com\/wp-content\/uploads\/2025\/09\/IMG-20250902-WA0256.jpg?fit=1280%2C577&ssl=1","type":"image\/jpeg"}],"author":"Prensa","twitter_card":"summary_large_image","twitter_creator":"@innoticiasbo","twitter_site":"@innoticiasbo","twitter_misc":{"Escrito por":"Prensa","Tiempo de lectura":"2 minutos"},"schema":{"@context":"https:\/\/schema.org","@graph":[{"@type":"Article","@id":"https:\/\/innoticiasbo.com\/index.php\/2025\/09\/02\/uriona-y-ngp-inician-en-quillacollo-su-agenda-rumbo-a-las-subnacionales\/#article","isPartOf":{"@id":"https:\/\/innoticiasbo.com\/index.php\/2025\/09\/02\/uriona-y-ngp-inician-en-quillacollo-su-agenda-rumbo-a-las-subnacionales\/"},"author":{"name":"Prensa","@id":"https:\/\/innoticiasbo.com\/#\/schema\/person\/589cd527c4211df1b943bdad85ec07ce"},"headline":"URIONA Y NGP INICIAN EN QUILLACOLLO SU AGENDA RUMBO A LAS SUBNACIONALES","datePublished":"2025-09-02T21:29:55+00:00","dateModified":"2025-09-02T21:30:35+00:00","mainEntityOfPage":{"@id":"https:\/\/innoticiasbo.com\/index.php\/2025\/09\/02\/uriona-y-ngp-inician-en-quillacollo-su-agenda-rumbo-a-las-subnacionales\/"},"wordCount":337,"commentCount":0,"publisher":{"@id":"https:\/\/innoticiasbo.com\/#organization"},"image":{"@id":"https:\/\/innoticiasbo.com\/index.php\/2025\/09\/02\/uriona-y-ngp-inician-en-quillacollo-su-agenda-rumbo-a-las-subnacionales\/#primaryimage"},"thumbnailUrl":"https:\/\/i0.wp.com\/innoticiasbo.com\/wp-content\/uploads\/2025\/09\/IMG-20250902-WA0256.jpg?fit=1280%2C577&ssl=1","keywords":["\u00c9dgar Uriona","innoticias","NGP","subnacionales"],"articleSection":["Cochabamba","Pol\u00edtica"],"inLanguage":"es","potentialAction":[{"@type":"CommentAction","name":"Comment","target":["https:\/\/innoticiasbo.com\/index.php\/2025\/09\/02\/uriona-y-ngp-inician-en-quillacollo-su-agenda-rumbo-a-las-subnacionales\/#respond"]}]},{"@type":"WebPage","@id":"https:\/\/innoticiasbo.com\/index.php\/2025\/09\/02\/uriona-y-ngp-inician-en-quillacollo-su-agenda-rumbo-a-las-subnacionales\/","url":"https:\/\/innoticiasbo.com\/index.php\/2025\/09\/02\/uriona-y-ngp-inician-en-quillacollo-su-agenda-rumbo-a-las-subnacionales\/","name":"URIONA Y NGP INICIAN EN QUILLACOLLO SU AGENDA RUMBO A LAS SUBNACIONALES - innoticiasbo.com","isPartOf":{"@id":"https:\/\/innoticiasbo.com\/#website"},"primaryImageOfPage":{"@id":"https:\/\/innoticiasbo.com\/index.php\/2025\/09\/02\/uriona-y-ngp-inician-en-quillacollo-su-agenda-rumbo-a-las-subnacionales\/#primaryimage"},"image":{"@id":"https:\/\/innoticiasbo.com\/index.php\/2025\/09\/02\/uriona-y-ngp-inician-en-quillacollo-su-agenda-rumbo-a-las-subnacionales\/#primaryimage"},"thumbnailUrl":"https:\/\/i0.wp.com\/innoticiasbo.com\/wp-content\/uploads\/2025\/09\/IMG-20250902-WA0256.jpg?fit=1280%2C577&ssl=1","datePublished":"2025-09-02T21:29:55+00:00","dateModified":"2025-09-02T21:30:35+00:00","breadcrumb":{"@id":"https:\/\/innoticiasbo.com\/index.php\/2025\/09\/02\/uriona-y-ngp-inician-en-quillacollo-su-agenda-rumbo-a-las-subnacionales\/#breadcrumb"},"inLanguage":"es","potentialAction":[{"@type":"ReadAction","target":["https:\/\/innoticiasbo.com\/index.php\/2025\/09\/02\/uriona-y-ngp-inician-en-quillacollo-su-agenda-rumbo-a-las-subnacionales\/"]}]},{"@type":"ImageObject","inLanguage":"es","@id":"https:\/\/innoticiasbo.com\/index.php\/2025\/09\/02\/uriona-y-ngp-inician-en-quillacollo-su-agenda-rumbo-a-las-subnacionales\/#primaryimage","url":"https:\/\/i0.wp.com\/innoticiasbo.com\/wp-content\/uploads\/2025\/09\/IMG-20250902-WA0256.jpg?fit=1280%2C577&ssl=1","contentUrl":"https:\/\/i0.wp.com\/innoticiasbo.com\/wp-content\/uploads\/2025\/09\/IMG-20250902-WA0256.jpg?fit=1280%2C577&ssl=1","width":1280,"height":577},{"@type":"BreadcrumbList","@id":"https:\/\/innoticiasbo.com\/index.php\/2025\/09\/02\/uriona-y-ngp-inician-en-quillacollo-su-agenda-rumbo-a-las-subnacionales\/#breadcrumb","itemListElement":[{"@type":"ListItem","position":1,"name":"Portada","item":"https:\/\/innoticiasbo.com\/"},{"@type":"ListItem","position":2,"name":"URIONA Y NGP INICIAN EN QUILLACOLLO SU AGENDA RUMBO A LAS SUBNACIONALES"}]},{"@type":"WebSite","@id":"https:\/\/innoticiasbo.com\/#website","url":"https:\/\/innoticiasbo.com\/","name":"innoticiasbo.com","description":"","publisher":{"@id":"https:\/\/innoticiasbo.com\/#organization"},"potentialAction":[{"@type":"SearchAction","target":{"@type":"EntryPoint","urlTemplate":"https:\/\/innoticiasbo.com\/?s={search_term_string}"},"query-input":{"@type":"PropertyValueSpecification","valueRequired":true,"valueName":"search_term_string"}}],"inLanguage":"es"},{"@type":"Organization","@id":"https:\/\/innoticiasbo.com\/#organization","name":"innoticiasbo.com","url":"https:\/\/innoticiasbo.com\/","logo":{"@type":"ImageObject","inLanguage":"es","@id":"https:\/\/innoticiasbo.com\/#\/schema\/logo\/image\/","url":"https:\/\/i0.wp.com\/innoticiasbo.com\/wp-content\/uploads\/2026\/04\/cropped-IN-LOGO.png?fit=1476%2C1476&ssl=1","contentUrl":"https:\/\/i0.wp.com\/innoticiasbo.com\/wp-content\/uploads\/2026\/04\/cropped-IN-LOGO.png?fit=1476%2C1476&ssl=1","width":1476,"height":1476,"caption":"innoticiasbo.com"},"image":{"@id":"https:\/\/innoticiasbo.com\/#\/schema\/logo\/image\/"},"sameAs":["https:\/\/www.facebook.com\/innoticiasbolivia","https:\/\/x.com\/innoticiasbo","https:\/\/www.instagram.com\/innoticiasbo","https:\/\/www.youtube.com\/innoticiasbo"]},{"@type":"Person","@id":"https:\/\/innoticiasbo.com\/#\/schema\/person\/589cd527c4211df1b943bdad85ec07ce","name":"Prensa","image":{"@type":"ImageObject","inLanguage":"es","@id":"https:\/\/innoticiasbo.com\/#\/schema\/person\/image\/","url":"https:\/\/secure.gravatar.com\/avatar\/d359bbdf112023c1c0a3ec7fe1600657?s=96&d=mm&r=g","contentUrl":"https:\/\/secure.gravatar.com\/avatar\/d359bbdf112023c1c0a3ec7fe1600657?s=96&d=mm&r=g","caption":"Prensa"},"sameAs":["http:\/\/www.innoticiasbo.com"],"url":"https:\/\/innoticiasbo.com\/index.php\/author\/prensa\/"}]}},"jetpack_featured_media_url":"https:\/\/i0.wp.com\/innoticiasbo.com\/wp-content\/uploads\/2025\/09\/IMG-20250902-WA0256.jpg?fit=1280%2C577&ssl=1","jetpack_likes_enabled":true,"jetpack_sharing_enabled":true,"jetpack_shortlink":"https:\/\/wp.me\/pg298x-20V","_links":{"self":[{"href":"https:\/\/innoticiasbo.com\/index.php\/wp-json\/wp\/v2\/posts\/7745","targetHints":{"allow":["GET"]}}],"collection":[{"href":"https:\/\/innoticiasbo.com\/index.php\/wp-json\/wp\/v2\/posts"}],"about":[{"href":"https:\/\/innoticiasbo.com\/index.php\/wp-json\/wp\/v2\/types\/post"}],"author":[{"embeddable":true,"href":"https:\/\/innoticiasbo.com\/index.php\/wp-json\/wp\/v2\/users\/2"}],"replies":[{"embeddable":true,"href":"https:\/\/innoticiasbo.com\/index.php\/wp-json\/wp\/v2\/comments?post=7745"}],"version-history":[{"count":1,"href":"https:\/\/innoticiasbo.com\/index.php\/wp-json\/wp\/v2\/posts\/7745\/revisions"}],"predecessor-version":[{"id":7746,"href":"https:\/\/innoticiasbo.com\/index.php\/wp-json\/wp\/v2\/posts\/7745\/revisions\/7746"}],"wp:featuredmedia":[{"embeddable":true,"href":"https:\/\/innoticiasbo.com\/index.php\/wp-json\/wp\/v2\/media\/7744"}],"wp:attachment":[{"href":"https:\/\/innoticiasbo.com\/index.php\/wp-json\/wp\/v2\/media?parent=7745"}],"wp:term":[{"taxonomy":"category","embeddable":true,"href":"https:\/\/innoticiasbo.com\/index.php\/wp-json\/wp\/v2\/categories?post=7745"},{"taxonomy":"post_tag","embeddable":true,"href":"https:\/\/innoticiasbo.com\/index.php\/wp-json\/wp\/v2\/tags?post=7745"}],"curies":[{"name":"wp","href":"https:\/\/api.w.org\/{rel}","templated":true}]}}