{"id":7739,"date":"2025-08-31T19:39:46","date_gmt":"2025-08-31T23:39:46","guid":{"rendered":"https:\/\/innoticiasbo.com\/?p=7739"},"modified":"2025-09-01T14:39:21","modified_gmt":"2025-09-01T18:39:21","slug":"el-espejismo-de-los-logros-internacionales","status":"publish","type":"post","link":"https:\/\/innoticiasbo.com\/index.php\/2025\/08\/31\/el-espejismo-de-los-logros-internacionales\/","title":{"rendered":"EL ESPEJISMO DE LOS LOGROS INTERNACIONALES"},"content":{"rendered":"<p>Por Javier Viscarra Valdivia<\/p>\n<p><img data-recalc-dims=\"1\" loading=\"lazy\" decoding=\"async\" src=\"https:\/\/i0.wp.com\/innoticiasbo.com\/wp-content\/uploads\/2025\/08\/img-20250831-wa01607681923149280401192.jpg?resize=640%2C640&#038;ssl=1\" class=\"wp-image-7737 alignnone size-full\" width=\"640\" height=\"640\" srcset=\"https:\/\/i0.wp.com\/innoticiasbo.com\/wp-content\/uploads\/2025\/08\/img-20250831-wa01607681923149280401192.jpg?w=1080&amp;ssl=1 1080w, https:\/\/i0.wp.com\/innoticiasbo.com\/wp-content\/uploads\/2025\/08\/img-20250831-wa01607681923149280401192.jpg?resize=300%2C300&amp;ssl=1 300w, https:\/\/i0.wp.com\/innoticiasbo.com\/wp-content\/uploads\/2025\/08\/img-20250831-wa01607681923149280401192.jpg?resize=1024%2C1024&amp;ssl=1 1024w, https:\/\/i0.wp.com\/innoticiasbo.com\/wp-content\/uploads\/2025\/08\/img-20250831-wa01607681923149280401192.jpg?resize=150%2C150&amp;ssl=1 150w, https:\/\/i0.wp.com\/innoticiasbo.com\/wp-content\/uploads\/2025\/08\/img-20250831-wa01607681923149280401192.jpg?resize=768%2C768&amp;ssl=1 768w\" sizes=\"auto, (max-width: 640px) 100vw, 640px\" \/><\/p>\n<p>Est\u00e1 circulando un video que presenta un balance de la pol\u00edtica exterior boliviana entre 2020 y 2025, describi\u00e9ndola como un desfile de logros hist\u00f3ricos y avances estrat\u00e9gicos. Sin embargo, m\u00e1s que un an\u00e1lisis objetivo, la pieza audiovisual parece cumplir un prop\u00f3sito esencialmente propagand\u00edstico de salida, enfatizando \u00e9xitos y adhesiones mientras omite las dificultades estructurales y las deficiencias de gesti\u00f3n que persisten en nuestra diplomacia. La distancia entre el relato oficial y la realidad efectiva resulta, por ello, inocultable.<\/p>\n<p>Entre los \u201clogros hist\u00f3ricos\u201d que se destacan se menciona la adhesi\u00f3n a los BRICS y al Mercosur. El ingreso a los BRICS como miembro asociado, sorpresivo en su momento, fue m\u00e1s bien el resultado de un reemplazo apresurado tras la exclusi\u00f3n de Venezuela; su impacto en la proyecci\u00f3n econ\u00f3mica real del pa\u00eds todav\u00eda est\u00e1 por verse. En cuanto al Mercosur, la narrativa oficial insiste en que Bolivia es ya miembro pleno, cuando en realidad seguimos en proceso de adhesi\u00f3n, con compromisos y requisitos pendientes que el gobierno no ha cumplido y que amenazan con frustrar una verdadera integraci\u00f3n.<\/p>\n<p>El video tambi\u00e9n subraya la erecci\u00f3n de 478 hitos fronterizos como muestra de la preservaci\u00f3n de la soberan\u00eda. La cifra, sin embargo, es enga\u00f1osa pues la cifra es menor y gran parte del trabajo corresponde a las tareas rutinarias de las comisiones mixtas con los pa\u00edses lim\u00edtrofes. M\u00e1s importante es la atenci\u00f3n a los hitos en zonas de aguas internacionales compartidas, donde el descuido de nuestros recursos h\u00eddricos es preocupante. Esto confirma que la pol\u00edtica de fronteras exige una estrategia m\u00e1s profunda y sostenida, y que la Canciller\u00eda debe asumir un liderazgo activo, articulando a las dem\u00e1s instituciones del Estado para ocuparse de estas \u00e1reas cr\u00edticas.<br \/>\nEn el \u00e1mbito comercial y cultural, se destacan la diversificaci\u00f3n de exportaciones y la promoci\u00f3n de productos como caf\u00e9, cacao, ch\u00eda, carne bovina y singanis, as\u00ed como la visibilidad internacional de la wiphala y el A\u00f1o Internacional de los Cam\u00e9lidos. No obstante, la apertura de nuevos mercados ha sido limitada, y los reconocimientos simb\u00f3licos, aunque valiosos en lo cultural, tienen un impacto escaso en t\u00e9rminos de desarrollo econ\u00f3mico y posicionamiento internacional.<\/p>\n<p>La participaci\u00f3n de Bolivia en organismos multilaterales de derechos humanos, como el Consejo de Derechos Humanos de la ONU u ONU Mujeres, tambi\u00e9n es presentada como un \u00e9xito. Sin embargo, se trata de una presencia en gran medida protocolar, sin que el pa\u00eds haya logrado liderar iniciativas de peso ni marcar una agenda propia en esos espacios.<br \/>\nEn materia consular, la digitalizaci\u00f3n de servicios y la asistencia a compatriotas en el exterior constituyen uno de los pocos \u00e1mbitos donde s\u00ed se observan resultados concretos. Aun as\u00ed, la precariedad hist\u00f3rica de la protecci\u00f3n a migrantes en contextos de vulnerabilidad sigue siendo evidente, en gran medida por la improvisaci\u00f3n y falta de preparaci\u00f3n de quienes son designados en estas delicadas funciones.<\/p>\n<p>La supuesta reapertura de la Academia Diplom\u00e1tica Plurinacional y los nuevos programas de formaci\u00f3n en relaciones internacionales apuntan a profesionalizar el servicio exterior. Sin embargo, la calidad de la formaci\u00f3n, la pertinencia de los contenidos y su impacto en la pr\u00e1ctica diplom\u00e1tica efectiva est\u00e1n todav\u00eda por evaluarse. Antes que un salto cualitativo, estas medidas parecen contribuir m\u00e1s a la construcci\u00f3n de un relato de \u00e9xito que a resolver los d\u00e9ficits estructurales del cuerpo diplom\u00e1tico.<\/p>\n<p>En conclusi\u00f3n, el video ofrece una visi\u00f3n maquillada de la pol\u00edtica exterior boliviana, en la que se combinan hechos, cifras cuestionables y s\u00edmbolos culturales dentro de una narrativa m\u00e1s promocional que realista. La Canciller\u00eda encara desaf\u00edos de fondo: avanzar en la adhesi\u00f3n al Mercosur con un an\u00e1lisis serio de ventajas y desventajas, proteger de manera efectiva los recursos h\u00eddricos en las fronteras, promover exportaciones de forma sostenida y atraer inversi\u00f3n externa. Para que la pol\u00edtica exterior deje de ser un relato aspiracional y se convierta en pol\u00edtica de Estado, es imprescindible que las acciones se traduzcan en resultados tangibles y sostenibles, lo que solo ser\u00e1 posible mediante una profunda reestructuraci\u00f3n de una institucionalidad hoy destruida.<\/p>\n","protected":false},"excerpt":{"rendered":"<p>Por Javier Viscarra Valdivia Est\u00e1 circulando un video que presenta un balance de la pol\u00edtica exterior boliviana entre 2020 y 2025, describi\u00e9ndola como un desfile de logros hist\u00f3ricos y avances estrat\u00e9gicos. Sin embargo, m\u00e1s que un an\u00e1lisis objetivo, la pieza audiovisual parece cumplir un prop\u00f3sito esencialmente propagand\u00edstico de salida, enfatizando \u00e9xitos y adhesiones mientras omite&#8230;<\/p>\n","protected":false},"author":2,"featured_media":7738,"comment_status":"open","ping_status":"open","sticky":false,"template":"","format":"standard","meta":{"_jetpack_memberships_contains_paid_content":false,"footnotes":"","jetpack_publicize_message":"","jetpack_publicize_feature_enabled":true,"jetpack_social_post_already_shared":true,"jetpack_social_options":{"image_generator_settings":{"template":"highway","enabled":false},"version":2}},"categories":[1,17,3],"tags":[669,22,521],"class_list":["post-7739","post","type-post","status-publish","format-standard","has-post-thumbnail","hentry","category-bolivia","category-opinion","category-politica","tag-diplomacia","tag-innoticias","tag-javier-viscarra"],"jetpack_publicize_connections":[],"yoast_head":"<!-- This site is optimized with the Yoast SEO plugin v23.4 - https:\/\/yoast.com\/wordpress\/plugins\/seo\/ -->\n<title>EL ESPEJISMO DE LOS LOGROS INTERNACIONALES - innoticiasbo.com<\/title>\n<meta name=\"robots\" content=\"index, follow, max-snippet:-1, max-image-preview:large, max-video-preview:-1\" \/>\n<link rel=\"canonical\" href=\"https:\/\/innoticiasbo.com\/index.php\/2025\/08\/31\/el-espejismo-de-los-logros-internacionales\/\" \/>\n<meta property=\"og:locale\" content=\"es_ES\" \/>\n<meta property=\"og:type\" content=\"article\" \/>\n<meta property=\"og:title\" content=\"EL ESPEJISMO DE LOS LOGROS INTERNACIONALES - innoticiasbo.com\" \/>\n<meta property=\"og:description\" content=\"Por Javier Viscarra Valdivia Est\u00e1 circulando un video que presenta un balance de la pol\u00edtica exterior boliviana entre 2020 y 2025, describi\u00e9ndola como un desfile de logros hist\u00f3ricos y avances estrat\u00e9gicos. Sin embargo, m\u00e1s que un an\u00e1lisis objetivo, la pieza audiovisual parece cumplir un prop\u00f3sito esencialmente propagand\u00edstico de salida, enfatizando \u00e9xitos y adhesiones mientras omite...\" \/>\n<meta property=\"og:url\" content=\"https:\/\/innoticiasbo.com\/index.php\/2025\/08\/31\/el-espejismo-de-los-logros-internacionales\/\" \/>\n<meta property=\"og:site_name\" content=\"innoticiasbo.com\" \/>\n<meta property=\"article:publisher\" content=\"https:\/\/www.facebook.com\/innoticiasbolivia\" \/>\n<meta property=\"article:published_time\" content=\"2025-08-31T23:39:46+00:00\" \/>\n<meta property=\"article:modified_time\" content=\"2025-09-01T18:39:21+00:00\" \/>\n<meta property=\"og:image\" content=\"https:\/\/i0.wp.com\/innoticiasbo.com\/wp-content\/uploads\/2025\/08\/IMG-20250831-WA0160.jpg?fit=1080%2C1080&ssl=1\" \/>\n\t<meta property=\"og:image:width\" content=\"1080\" \/>\n\t<meta property=\"og:image:height\" content=\"1080\" \/>\n\t<meta property=\"og:image:type\" content=\"image\/jpeg\" \/>\n<meta name=\"author\" content=\"Prensa\" \/>\n<meta name=\"twitter:card\" content=\"summary_large_image\" \/>\n<meta name=\"twitter:creator\" content=\"@innoticiasbo\" \/>\n<meta name=\"twitter:site\" content=\"@innoticiasbo\" \/>\n<meta name=\"twitter:label1\" content=\"Escrito por\" \/>\n\t<meta name=\"twitter:data1\" content=\"Prensa\" \/>\n\t<meta name=\"twitter:label2\" content=\"Tiempo de lectura\" \/>\n\t<meta name=\"twitter:data2\" content=\"4 minutos\" \/>\n<script type=\"application\/ld+json\" class=\"yoast-schema-graph\">{\"@context\":\"https:\/\/schema.org\",\"@graph\":[{\"@type\":\"Article\",\"@id\":\"https:\/\/innoticiasbo.com\/index.php\/2025\/08\/31\/el-espejismo-de-los-logros-internacionales\/#article\",\"isPartOf\":{\"@id\":\"https:\/\/innoticiasbo.com\/index.php\/2025\/08\/31\/el-espejismo-de-los-logros-internacionales\/\"},\"author\":{\"name\":\"Prensa\",\"@id\":\"https:\/\/innoticiasbo.com\/#\/schema\/person\/589cd527c4211df1b943bdad85ec07ce\"},\"headline\":\"EL ESPEJISMO DE LOS LOGROS INTERNACIONALES\",\"datePublished\":\"2025-08-31T23:39:46+00:00\",\"dateModified\":\"2025-09-01T18:39:21+00:00\",\"mainEntityOfPage\":{\"@id\":\"https:\/\/innoticiasbo.com\/index.php\/2025\/08\/31\/el-espejismo-de-los-logros-internacionales\/\"},\"wordCount\":743,\"commentCount\":0,\"publisher\":{\"@id\":\"https:\/\/innoticiasbo.com\/#organization\"},\"image\":{\"@id\":\"https:\/\/innoticiasbo.com\/index.php\/2025\/08\/31\/el-espejismo-de-los-logros-internacionales\/#primaryimage\"},\"thumbnailUrl\":\"https:\/\/i0.wp.com\/innoticiasbo.com\/wp-content\/uploads\/2025\/08\/IMG-20250831-WA0160.jpg?fit=1080%2C1080&ssl=1\",\"keywords\":[\"diplomacia\",\"innoticias\",\"Javier Viscarra\"],\"articleSection\":[\"Bolivia\",\"Opini\u00f3n\",\"Pol\u00edtica\"],\"inLanguage\":\"es\",\"potentialAction\":[{\"@type\":\"CommentAction\",\"name\":\"Comment\",\"target\":[\"https:\/\/innoticiasbo.com\/index.php\/2025\/08\/31\/el-espejismo-de-los-logros-internacionales\/#respond\"]}]},{\"@type\":\"WebPage\",\"@id\":\"https:\/\/innoticiasbo.com\/index.php\/2025\/08\/31\/el-espejismo-de-los-logros-internacionales\/\",\"url\":\"https:\/\/innoticiasbo.com\/index.php\/2025\/08\/31\/el-espejismo-de-los-logros-internacionales\/\",\"name\":\"EL ESPEJISMO DE LOS LOGROS INTERNACIONALES - innoticiasbo.com\",\"isPartOf\":{\"@id\":\"https:\/\/innoticiasbo.com\/#website\"},\"primaryImageOfPage\":{\"@id\":\"https:\/\/innoticiasbo.com\/index.php\/2025\/08\/31\/el-espejismo-de-los-logros-internacionales\/#primaryimage\"},\"image\":{\"@id\":\"https:\/\/innoticiasbo.com\/index.php\/2025\/08\/31\/el-espejismo-de-los-logros-internacionales\/#primaryimage\"},\"thumbnailUrl\":\"https:\/\/i0.wp.com\/innoticiasbo.com\/wp-content\/uploads\/2025\/08\/IMG-20250831-WA0160.jpg?fit=1080%2C1080&ssl=1\",\"datePublished\":\"2025-08-31T23:39:46+00:00\",\"dateModified\":\"2025-09-01T18:39:21+00:00\",\"breadcrumb\":{\"@id\":\"https:\/\/innoticiasbo.com\/index.php\/2025\/08\/31\/el-espejismo-de-los-logros-internacionales\/#breadcrumb\"},\"inLanguage\":\"es\",\"potentialAction\":[{\"@type\":\"ReadAction\",\"target\":[\"https:\/\/innoticiasbo.com\/index.php\/2025\/08\/31\/el-espejismo-de-los-logros-internacionales\/\"]}]},{\"@type\":\"ImageObject\",\"inLanguage\":\"es\",\"@id\":\"https:\/\/innoticiasbo.com\/index.php\/2025\/08\/31\/el-espejismo-de-los-logros-internacionales\/#primaryimage\",\"url\":\"https:\/\/i0.wp.com\/innoticiasbo.com\/wp-content\/uploads\/2025\/08\/IMG-20250831-WA0160.jpg?fit=1080%2C1080&ssl=1\",\"contentUrl\":\"https:\/\/i0.wp.com\/innoticiasbo.com\/wp-content\/uploads\/2025\/08\/IMG-20250831-WA0160.jpg?fit=1080%2C1080&ssl=1\",\"width\":1080,\"height\":1080},{\"@type\":\"BreadcrumbList\",\"@id\":\"https:\/\/innoticiasbo.com\/index.php\/2025\/08\/31\/el-espejismo-de-los-logros-internacionales\/#breadcrumb\",\"itemListElement\":[{\"@type\":\"ListItem\",\"position\":1,\"name\":\"Portada\",\"item\":\"https:\/\/innoticiasbo.com\/\"},{\"@type\":\"ListItem\",\"position\":2,\"name\":\"EL ESPEJISMO DE LOS LOGROS INTERNACIONALES\"}]},{\"@type\":\"WebSite\",\"@id\":\"https:\/\/innoticiasbo.com\/#website\",\"url\":\"https:\/\/innoticiasbo.com\/\",\"name\":\"innoticiasbo.com\",\"description\":\"\",\"publisher\":{\"@id\":\"https:\/\/innoticiasbo.com\/#organization\"},\"potentialAction\":[{\"@type\":\"SearchAction\",\"target\":{\"@type\":\"EntryPoint\",\"urlTemplate\":\"https:\/\/innoticiasbo.com\/?s={search_term_string}\"},\"query-input\":{\"@type\":\"PropertyValueSpecification\",\"valueRequired\":true,\"valueName\":\"search_term_string\"}}],\"inLanguage\":\"es\"},{\"@type\":\"Organization\",\"@id\":\"https:\/\/innoticiasbo.com\/#organization\",\"name\":\"innoticiasbo.com\",\"url\":\"https:\/\/innoticiasbo.com\/\",\"logo\":{\"@type\":\"ImageObject\",\"inLanguage\":\"es\",\"@id\":\"https:\/\/innoticiasbo.com\/#\/schema\/logo\/image\/\",\"url\":\"https:\/\/i0.wp.com\/innoticiasbo.com\/wp-content\/uploads\/2026\/04\/cropped-IN-LOGO.png?fit=1476%2C1476&ssl=1\",\"contentUrl\":\"https:\/\/i0.wp.com\/innoticiasbo.com\/wp-content\/uploads\/2026\/04\/cropped-IN-LOGO.png?fit=1476%2C1476&ssl=1\",\"width\":1476,\"height\":1476,\"caption\":\"innoticiasbo.com\"},\"image\":{\"@id\":\"https:\/\/innoticiasbo.com\/#\/schema\/logo\/image\/\"},\"sameAs\":[\"https:\/\/www.facebook.com\/innoticiasbolivia\",\"https:\/\/x.com\/innoticiasbo\",\"https:\/\/www.instagram.com\/innoticiasbo\",\"https:\/\/www.youtube.com\/innoticiasbo\"]},{\"@type\":\"Person\",\"@id\":\"https:\/\/innoticiasbo.com\/#\/schema\/person\/589cd527c4211df1b943bdad85ec07ce\",\"name\":\"Prensa\",\"image\":{\"@type\":\"ImageObject\",\"inLanguage\":\"es\",\"@id\":\"https:\/\/innoticiasbo.com\/#\/schema\/person\/image\/\",\"url\":\"https:\/\/secure.gravatar.com\/avatar\/d359bbdf112023c1c0a3ec7fe1600657?s=96&d=mm&r=g\",\"contentUrl\":\"https:\/\/secure.gravatar.com\/avatar\/d359bbdf112023c1c0a3ec7fe1600657?s=96&d=mm&r=g\",\"caption\":\"Prensa\"},\"sameAs\":[\"http:\/\/www.innoticiasbo.com\"],\"url\":\"https:\/\/innoticiasbo.com\/index.php\/author\/prensa\/\"}]}<\/script>\n<!-- \/ Yoast SEO plugin. -->","yoast_head_json":{"title":"EL ESPEJISMO DE LOS LOGROS INTERNACIONALES - innoticiasbo.com","robots":{"index":"index","follow":"follow","max-snippet":"max-snippet:-1","max-image-preview":"max-image-preview:large","max-video-preview":"max-video-preview:-1"},"canonical":"https:\/\/innoticiasbo.com\/index.php\/2025\/08\/31\/el-espejismo-de-los-logros-internacionales\/","og_locale":"es_ES","og_type":"article","og_title":"EL ESPEJISMO DE LOS LOGROS INTERNACIONALES - innoticiasbo.com","og_description":"Por Javier Viscarra Valdivia Est\u00e1 circulando un video que presenta un balance de la pol\u00edtica exterior boliviana entre 2020 y 2025, describi\u00e9ndola como un desfile de logros hist\u00f3ricos y avances estrat\u00e9gicos. Sin embargo, m\u00e1s que un an\u00e1lisis objetivo, la pieza audiovisual parece cumplir un prop\u00f3sito esencialmente propagand\u00edstico de salida, enfatizando \u00e9xitos y adhesiones mientras omite...","og_url":"https:\/\/innoticiasbo.com\/index.php\/2025\/08\/31\/el-espejismo-de-los-logros-internacionales\/","og_site_name":"innoticiasbo.com","article_publisher":"https:\/\/www.facebook.com\/innoticiasbolivia","article_published_time":"2025-08-31T23:39:46+00:00","article_modified_time":"2025-09-01T18:39:21+00:00","og_image":[{"width":1080,"height":1080,"url":"https:\/\/i0.wp.com\/innoticiasbo.com\/wp-content\/uploads\/2025\/08\/IMG-20250831-WA0160.jpg?fit=1080%2C1080&ssl=1","type":"image\/jpeg"}],"author":"Prensa","twitter_card":"summary_large_image","twitter_creator":"@innoticiasbo","twitter_site":"@innoticiasbo","twitter_misc":{"Escrito por":"Prensa","Tiempo de lectura":"4 minutos"},"schema":{"@context":"https:\/\/schema.org","@graph":[{"@type":"Article","@id":"https:\/\/innoticiasbo.com\/index.php\/2025\/08\/31\/el-espejismo-de-los-logros-internacionales\/#article","isPartOf":{"@id":"https:\/\/innoticiasbo.com\/index.php\/2025\/08\/31\/el-espejismo-de-los-logros-internacionales\/"},"author":{"name":"Prensa","@id":"https:\/\/innoticiasbo.com\/#\/schema\/person\/589cd527c4211df1b943bdad85ec07ce"},"headline":"EL ESPEJISMO DE LOS LOGROS INTERNACIONALES","datePublished":"2025-08-31T23:39:46+00:00","dateModified":"2025-09-01T18:39:21+00:00","mainEntityOfPage":{"@id":"https:\/\/innoticiasbo.com\/index.php\/2025\/08\/31\/el-espejismo-de-los-logros-internacionales\/"},"wordCount":743,"commentCount":0,"publisher":{"@id":"https:\/\/innoticiasbo.com\/#organization"},"image":{"@id":"https:\/\/innoticiasbo.com\/index.php\/2025\/08\/31\/el-espejismo-de-los-logros-internacionales\/#primaryimage"},"thumbnailUrl":"https:\/\/i0.wp.com\/innoticiasbo.com\/wp-content\/uploads\/2025\/08\/IMG-20250831-WA0160.jpg?fit=1080%2C1080&ssl=1","keywords":["diplomacia","innoticias","Javier Viscarra"],"articleSection":["Bolivia","Opini\u00f3n","Pol\u00edtica"],"inLanguage":"es","potentialAction":[{"@type":"CommentAction","name":"Comment","target":["https:\/\/innoticiasbo.com\/index.php\/2025\/08\/31\/el-espejismo-de-los-logros-internacionales\/#respond"]}]},{"@type":"WebPage","@id":"https:\/\/innoticiasbo.com\/index.php\/2025\/08\/31\/el-espejismo-de-los-logros-internacionales\/","url":"https:\/\/innoticiasbo.com\/index.php\/2025\/08\/31\/el-espejismo-de-los-logros-internacionales\/","name":"EL ESPEJISMO DE LOS LOGROS INTERNACIONALES - innoticiasbo.com","isPartOf":{"@id":"https:\/\/innoticiasbo.com\/#website"},"primaryImageOfPage":{"@id":"https:\/\/innoticiasbo.com\/index.php\/2025\/08\/31\/el-espejismo-de-los-logros-internacionales\/#primaryimage"},"image":{"@id":"https:\/\/innoticiasbo.com\/index.php\/2025\/08\/31\/el-espejismo-de-los-logros-internacionales\/#primaryimage"},"thumbnailUrl":"https:\/\/i0.wp.com\/innoticiasbo.com\/wp-content\/uploads\/2025\/08\/IMG-20250831-WA0160.jpg?fit=1080%2C1080&ssl=1","datePublished":"2025-08-31T23:39:46+00:00","dateModified":"2025-09-01T18:39:21+00:00","breadcrumb":{"@id":"https:\/\/innoticiasbo.com\/index.php\/2025\/08\/31\/el-espejismo-de-los-logros-internacionales\/#breadcrumb"},"inLanguage":"es","potentialAction":[{"@type":"ReadAction","target":["https:\/\/innoticiasbo.com\/index.php\/2025\/08\/31\/el-espejismo-de-los-logros-internacionales\/"]}]},{"@type":"ImageObject","inLanguage":"es","@id":"https:\/\/innoticiasbo.com\/index.php\/2025\/08\/31\/el-espejismo-de-los-logros-internacionales\/#primaryimage","url":"https:\/\/i0.wp.com\/innoticiasbo.com\/wp-content\/uploads\/2025\/08\/IMG-20250831-WA0160.jpg?fit=1080%2C1080&ssl=1","contentUrl":"https:\/\/i0.wp.com\/innoticiasbo.com\/wp-content\/uploads\/2025\/08\/IMG-20250831-WA0160.jpg?fit=1080%2C1080&ssl=1","width":1080,"height":1080},{"@type":"BreadcrumbList","@id":"https:\/\/innoticiasbo.com\/index.php\/2025\/08\/31\/el-espejismo-de-los-logros-internacionales\/#breadcrumb","itemListElement":[{"@type":"ListItem","position":1,"name":"Portada","item":"https:\/\/innoticiasbo.com\/"},{"@type":"ListItem","position":2,"name":"EL ESPEJISMO DE LOS LOGROS INTERNACIONALES"}]},{"@type":"WebSite","@id":"https:\/\/innoticiasbo.com\/#website","url":"https:\/\/innoticiasbo.com\/","name":"innoticiasbo.com","description":"","publisher":{"@id":"https:\/\/innoticiasbo.com\/#organization"},"potentialAction":[{"@type":"SearchAction","target":{"@type":"EntryPoint","urlTemplate":"https:\/\/innoticiasbo.com\/?s={search_term_string}"},"query-input":{"@type":"PropertyValueSpecification","valueRequired":true,"valueName":"search_term_string"}}],"inLanguage":"es"},{"@type":"Organization","@id":"https:\/\/innoticiasbo.com\/#organization","name":"innoticiasbo.com","url":"https:\/\/innoticiasbo.com\/","logo":{"@type":"ImageObject","inLanguage":"es","@id":"https:\/\/innoticiasbo.com\/#\/schema\/logo\/image\/","url":"https:\/\/i0.wp.com\/innoticiasbo.com\/wp-content\/uploads\/2026\/04\/cropped-IN-LOGO.png?fit=1476%2C1476&ssl=1","contentUrl":"https:\/\/i0.wp.com\/innoticiasbo.com\/wp-content\/uploads\/2026\/04\/cropped-IN-LOGO.png?fit=1476%2C1476&ssl=1","width":1476,"height":1476,"caption":"innoticiasbo.com"},"image":{"@id":"https:\/\/innoticiasbo.com\/#\/schema\/logo\/image\/"},"sameAs":["https:\/\/www.facebook.com\/innoticiasbolivia","https:\/\/x.com\/innoticiasbo","https:\/\/www.instagram.com\/innoticiasbo","https:\/\/www.youtube.com\/innoticiasbo"]},{"@type":"Person","@id":"https:\/\/innoticiasbo.com\/#\/schema\/person\/589cd527c4211df1b943bdad85ec07ce","name":"Prensa","image":{"@type":"ImageObject","inLanguage":"es","@id":"https:\/\/innoticiasbo.com\/#\/schema\/person\/image\/","url":"https:\/\/secure.gravatar.com\/avatar\/d359bbdf112023c1c0a3ec7fe1600657?s=96&d=mm&r=g","contentUrl":"https:\/\/secure.gravatar.com\/avatar\/d359bbdf112023c1c0a3ec7fe1600657?s=96&d=mm&r=g","caption":"Prensa"},"sameAs":["http:\/\/www.innoticiasbo.com"],"url":"https:\/\/innoticiasbo.com\/index.php\/author\/prensa\/"}]}},"jetpack_featured_media_url":"https:\/\/i0.wp.com\/innoticiasbo.com\/wp-content\/uploads\/2025\/08\/IMG-20250831-WA0160.jpg?fit=1080%2C1080&ssl=1","jetpack_likes_enabled":true,"jetpack_sharing_enabled":true,"jetpack_shortlink":"https:\/\/wp.me\/pg298x-20P","_links":{"self":[{"href":"https:\/\/innoticiasbo.com\/index.php\/wp-json\/wp\/v2\/posts\/7739","targetHints":{"allow":["GET"]}}],"collection":[{"href":"https:\/\/innoticiasbo.com\/index.php\/wp-json\/wp\/v2\/posts"}],"about":[{"href":"https:\/\/innoticiasbo.com\/index.php\/wp-json\/wp\/v2\/types\/post"}],"author":[{"embeddable":true,"href":"https:\/\/innoticiasbo.com\/index.php\/wp-json\/wp\/v2\/users\/2"}],"replies":[{"embeddable":true,"href":"https:\/\/innoticiasbo.com\/index.php\/wp-json\/wp\/v2\/comments?post=7739"}],"version-history":[{"count":1,"href":"https:\/\/innoticiasbo.com\/index.php\/wp-json\/wp\/v2\/posts\/7739\/revisions"}],"predecessor-version":[{"id":7740,"href":"https:\/\/innoticiasbo.com\/index.php\/wp-json\/wp\/v2\/posts\/7739\/revisions\/7740"}],"wp:featuredmedia":[{"embeddable":true,"href":"https:\/\/innoticiasbo.com\/index.php\/wp-json\/wp\/v2\/media\/7738"}],"wp:attachment":[{"href":"https:\/\/innoticiasbo.com\/index.php\/wp-json\/wp\/v2\/media?parent=7739"}],"wp:term":[{"taxonomy":"category","embeddable":true,"href":"https:\/\/innoticiasbo.com\/index.php\/wp-json\/wp\/v2\/categories?post=7739"},{"taxonomy":"post_tag","embeddable":true,"href":"https:\/\/innoticiasbo.com\/index.php\/wp-json\/wp\/v2\/tags?post=7739"}],"curies":[{"name":"wp","href":"https:\/\/api.w.org\/{rel}","templated":true}]}}