{"id":7504,"date":"2025-07-26T20:22:27","date_gmt":"2025-07-27T00:22:27","guid":{"rendered":"https:\/\/innoticiasbo.com\/?p=7504"},"modified":"2025-07-27T07:08:41","modified_gmt":"2025-07-27T11:08:41","slug":"ruth-nina-se-disculpo-por-sus-declaraciones-durante-su-audiencia","status":"publish","type":"post","link":"https:\/\/innoticiasbo.com\/index.php\/2025\/07\/26\/ruth-nina-se-disculpo-por-sus-declaraciones-durante-su-audiencia\/","title":{"rendered":"RUTH  NINA SE DISCULP\u00d3 POR SUS DECLARACIONES DURANTE SU AUDIENCIA"},"content":{"rendered":"<p>Cochabamba, 26 de julio de 2025.- \u201cDesde el fondo de mi coraz\u00f3n, no ha sido amenazar\u201d, se\u00f1al\u00f3 la dirigente cuando la juez le cedi\u00f3 la palabra en su audiencia de medidas cautelares.<\/p>\n<p>Tras que la dirigente de Pan-Bol, Ruth Nina fuera ingresada a la c\u00e1rcel de mujeres San Sebasti\u00e1n de la ciudad de Cochabamba, se dio a conocer que la misma, durante su audiencia, pidi\u00f3 disculpas por las declaraciones que hizo y que fueron el motivo de su proceso.<\/p>\n<p><img data-recalc-dims=\"1\" loading=\"lazy\" decoding=\"async\" class=\"wp-image-7506 alignnone size-full\" src=\"https:\/\/i0.wp.com\/innoticiasbo.com\/wp-content\/uploads\/2025\/07\/fb_img_17534151405353685675735251929744.jpg?resize=640%2C435&#038;ssl=1\" width=\"640\" height=\"435\" data-temp-aztec-id=\"d230ebfe-cb41-4ff1-8448-32b5c45cea66\" srcset=\"https:\/\/i0.wp.com\/innoticiasbo.com\/wp-content\/uploads\/2025\/07\/fb_img_17534151405353685675735251929744.jpg?w=1502&amp;ssl=1 1502w, https:\/\/i0.wp.com\/innoticiasbo.com\/wp-content\/uploads\/2025\/07\/fb_img_17534151405353685675735251929744.jpg?resize=300%2C204&amp;ssl=1 300w, https:\/\/i0.wp.com\/innoticiasbo.com\/wp-content\/uploads\/2025\/07\/fb_img_17534151405353685675735251929744.jpg?resize=1024%2C695&amp;ssl=1 1024w, https:\/\/i0.wp.com\/innoticiasbo.com\/wp-content\/uploads\/2025\/07\/fb_img_17534151405353685675735251929744.jpg?resize=768%2C522&amp;ssl=1 768w, https:\/\/i0.wp.com\/innoticiasbo.com\/wp-content\/uploads\/2025\/07\/fb_img_17534151405353685675735251929744.jpg?w=1280&amp;ssl=1 1280w\" sizes=\"auto, (max-width: 640px) 100vw, 640px\" \/><\/p>\n<p>\u201cTal vez alguna molestia a cualquier persona o a la poblaci\u00f3n en general, pues quiero pedir una disculpa desde el fondo de mi coraz\u00f3n, porque nunca ha sido de ninguna manera amenazar o amedrentar de ninguna manera. Son reuniones muy internas, no era conferencia de prensa tampoco, por lo cual pido nuevamente que considere mis disculpas desde el fondo de mi coraz\u00f3n, porque no soy una persona delincuente, no tengo antecedentes penales\u201d, dijo Nina en su audiencia.<\/p>\n<p>Fuente: Red Uno<\/p>\n","protected":false},"excerpt":{"rendered":"<p>Cochabamba, 26 de julio de 2025.- \u201cDesde el fondo de mi coraz\u00f3n, no ha sido amenazar\u201d, se\u00f1al\u00f3 la dirigente cuando la juez le cedi\u00f3 la palabra en su audiencia de medidas cautelares. Tras que la dirigente de Pan-Bol, Ruth Nina fuera ingresada a la c\u00e1rcel de mujeres San Sebasti\u00e1n de la ciudad de Cochabamba, se&#8230;<\/p>\n","protected":false},"author":2,"featured_media":7509,"comment_status":"open","ping_status":"open","sticky":false,"template":"","format":"standard","meta":{"_jetpack_memberships_contains_paid_content":false,"footnotes":"","jetpack_publicize_message":"","jetpack_publicize_feature_enabled":true,"jetpack_social_post_already_shared":true,"jetpack_social_options":{"image_generator_settings":{"template":"highway","enabled":false},"version":2}},"categories":[1,3],"tags":[417,951,22,937],"class_list":["post-7504","post","type-post","status-publish","format-standard","has-post-thumbnail","hentry","category-bolivia","category-politica","tag-detencion-preventiva","tag-disculpas","tag-innoticias","tag-ruth-nina"],"jetpack_publicize_connections":[],"yoast_head":"<!-- This site is optimized with the Yoast SEO plugin v23.4 - https:\/\/yoast.com\/wordpress\/plugins\/seo\/ -->\n<title>RUTH NINA SE DISCULP\u00d3 POR SUS DECLARACIONES DURANTE SU AUDIENCIA - innoticiasbo.com<\/title>\n<meta name=\"robots\" content=\"index, follow, max-snippet:-1, max-image-preview:large, max-video-preview:-1\" \/>\n<link rel=\"canonical\" href=\"https:\/\/innoticiasbo.com\/index.php\/2025\/07\/26\/ruth-nina-se-disculpo-por-sus-declaraciones-durante-su-audiencia\/\" \/>\n<meta property=\"og:locale\" content=\"es_ES\" \/>\n<meta property=\"og:type\" content=\"article\" \/>\n<meta property=\"og:title\" content=\"RUTH NINA SE DISCULP\u00d3 POR SUS DECLARACIONES DURANTE SU AUDIENCIA - innoticiasbo.com\" \/>\n<meta property=\"og:description\" content=\"Cochabamba, 26 de julio de 2025.- \u201cDesde el fondo de mi coraz\u00f3n, no ha sido amenazar\u201d, se\u00f1al\u00f3 la dirigente cuando la juez le cedi\u00f3 la palabra en su audiencia de medidas cautelares. Tras que la dirigente de Pan-Bol, Ruth Nina fuera ingresada a la c\u00e1rcel de mujeres San Sebasti\u00e1n de la ciudad de Cochabamba, se...\" \/>\n<meta property=\"og:url\" content=\"https:\/\/innoticiasbo.com\/index.php\/2025\/07\/26\/ruth-nina-se-disculpo-por-sus-declaraciones-durante-su-audiencia\/\" \/>\n<meta property=\"og:site_name\" content=\"innoticiasbo.com\" \/>\n<meta property=\"article:publisher\" content=\"https:\/\/www.facebook.com\/innoticiasbolivia\" \/>\n<meta property=\"article:published_time\" content=\"2025-07-27T00:22:27+00:00\" \/>\n<meta property=\"article:modified_time\" content=\"2025-07-27T11:08:41+00:00\" \/>\n<meta property=\"og:image\" content=\"https:\/\/i0.wp.com\/innoticiasbo.com\/wp-content\/uploads\/2025\/07\/1753375452644.webp?fit=400%2C225&ssl=1\" \/>\n\t<meta property=\"og:image:width\" content=\"400\" \/>\n\t<meta property=\"og:image:height\" content=\"225\" \/>\n\t<meta property=\"og:image:type\" content=\"image\/webp\" \/>\n<meta name=\"author\" content=\"Prensa\" \/>\n<meta name=\"twitter:card\" content=\"summary_large_image\" \/>\n<meta name=\"twitter:creator\" content=\"@innoticiasbo\" \/>\n<meta name=\"twitter:site\" content=\"@innoticiasbo\" \/>\n<meta name=\"twitter:label1\" content=\"Escrito por\" \/>\n\t<meta name=\"twitter:data1\" content=\"Prensa\" \/>\n\t<meta name=\"twitter:label2\" content=\"Tiempo de lectura\" \/>\n\t<meta name=\"twitter:data2\" content=\"1 minuto\" \/>\n<script type=\"application\/ld+json\" class=\"yoast-schema-graph\">{\"@context\":\"https:\/\/schema.org\",\"@graph\":[{\"@type\":\"Article\",\"@id\":\"https:\/\/innoticiasbo.com\/index.php\/2025\/07\/26\/ruth-nina-se-disculpo-por-sus-declaraciones-durante-su-audiencia\/#article\",\"isPartOf\":{\"@id\":\"https:\/\/innoticiasbo.com\/index.php\/2025\/07\/26\/ruth-nina-se-disculpo-por-sus-declaraciones-durante-su-audiencia\/\"},\"author\":{\"name\":\"Prensa\",\"@id\":\"https:\/\/innoticiasbo.com\/#\/schema\/person\/589cd527c4211df1b943bdad85ec07ce\"},\"headline\":\"RUTH NINA SE DISCULP\u00d3 POR SUS DECLARACIONES DURANTE SU AUDIENCIA\",\"datePublished\":\"2025-07-27T00:22:27+00:00\",\"dateModified\":\"2025-07-27T11:08:41+00:00\",\"mainEntityOfPage\":{\"@id\":\"https:\/\/innoticiasbo.com\/index.php\/2025\/07\/26\/ruth-nina-se-disculpo-por-sus-declaraciones-durante-su-audiencia\/\"},\"wordCount\":175,\"commentCount\":0,\"publisher\":{\"@id\":\"https:\/\/innoticiasbo.com\/#organization\"},\"image\":{\"@id\":\"https:\/\/innoticiasbo.com\/index.php\/2025\/07\/26\/ruth-nina-se-disculpo-por-sus-declaraciones-durante-su-audiencia\/#primaryimage\"},\"thumbnailUrl\":\"https:\/\/i0.wp.com\/innoticiasbo.com\/wp-content\/uploads\/2025\/07\/1753375452644.webp?fit=400%2C225&ssl=1\",\"keywords\":[\"detenci\u00f3n preventiva\",\"disculpas\",\"innoticias\",\"Ruth Nina\"],\"articleSection\":[\"Bolivia\",\"Pol\u00edtica\"],\"inLanguage\":\"es\",\"potentialAction\":[{\"@type\":\"CommentAction\",\"name\":\"Comment\",\"target\":[\"https:\/\/innoticiasbo.com\/index.php\/2025\/07\/26\/ruth-nina-se-disculpo-por-sus-declaraciones-durante-su-audiencia\/#respond\"]}]},{\"@type\":\"WebPage\",\"@id\":\"https:\/\/innoticiasbo.com\/index.php\/2025\/07\/26\/ruth-nina-se-disculpo-por-sus-declaraciones-durante-su-audiencia\/\",\"url\":\"https:\/\/innoticiasbo.com\/index.php\/2025\/07\/26\/ruth-nina-se-disculpo-por-sus-declaraciones-durante-su-audiencia\/\",\"name\":\"RUTH NINA SE DISCULP\u00d3 POR SUS DECLARACIONES DURANTE SU AUDIENCIA - innoticiasbo.com\",\"isPartOf\":{\"@id\":\"https:\/\/innoticiasbo.com\/#website\"},\"primaryImageOfPage\":{\"@id\":\"https:\/\/innoticiasbo.com\/index.php\/2025\/07\/26\/ruth-nina-se-disculpo-por-sus-declaraciones-durante-su-audiencia\/#primaryimage\"},\"image\":{\"@id\":\"https:\/\/innoticiasbo.com\/index.php\/2025\/07\/26\/ruth-nina-se-disculpo-por-sus-declaraciones-durante-su-audiencia\/#primaryimage\"},\"thumbnailUrl\":\"https:\/\/i0.wp.com\/innoticiasbo.com\/wp-content\/uploads\/2025\/07\/1753375452644.webp?fit=400%2C225&ssl=1\",\"datePublished\":\"2025-07-27T00:22:27+00:00\",\"dateModified\":\"2025-07-27T11:08:41+00:00\",\"breadcrumb\":{\"@id\":\"https:\/\/innoticiasbo.com\/index.php\/2025\/07\/26\/ruth-nina-se-disculpo-por-sus-declaraciones-durante-su-audiencia\/#breadcrumb\"},\"inLanguage\":\"es\",\"potentialAction\":[{\"@type\":\"ReadAction\",\"target\":[\"https:\/\/innoticiasbo.com\/index.php\/2025\/07\/26\/ruth-nina-se-disculpo-por-sus-declaraciones-durante-su-audiencia\/\"]}]},{\"@type\":\"ImageObject\",\"inLanguage\":\"es\",\"@id\":\"https:\/\/innoticiasbo.com\/index.php\/2025\/07\/26\/ruth-nina-se-disculpo-por-sus-declaraciones-durante-su-audiencia\/#primaryimage\",\"url\":\"https:\/\/i0.wp.com\/innoticiasbo.com\/wp-content\/uploads\/2025\/07\/1753375452644.webp?fit=400%2C225&ssl=1\",\"contentUrl\":\"https:\/\/i0.wp.com\/innoticiasbo.com\/wp-content\/uploads\/2025\/07\/1753375452644.webp?fit=400%2C225&ssl=1\",\"width\":400,\"height\":225},{\"@type\":\"BreadcrumbList\",\"@id\":\"https:\/\/innoticiasbo.com\/index.php\/2025\/07\/26\/ruth-nina-se-disculpo-por-sus-declaraciones-durante-su-audiencia\/#breadcrumb\",\"itemListElement\":[{\"@type\":\"ListItem\",\"position\":1,\"name\":\"Portada\",\"item\":\"https:\/\/innoticiasbo.com\/\"},{\"@type\":\"ListItem\",\"position\":2,\"name\":\"RUTH NINA SE DISCULP\u00d3 POR SUS DECLARACIONES DURANTE SU AUDIENCIA\"}]},{\"@type\":\"WebSite\",\"@id\":\"https:\/\/innoticiasbo.com\/#website\",\"url\":\"https:\/\/innoticiasbo.com\/\",\"name\":\"innoticiasbo.com\",\"description\":\"\",\"publisher\":{\"@id\":\"https:\/\/innoticiasbo.com\/#organization\"},\"potentialAction\":[{\"@type\":\"SearchAction\",\"target\":{\"@type\":\"EntryPoint\",\"urlTemplate\":\"https:\/\/innoticiasbo.com\/?s={search_term_string}\"},\"query-input\":{\"@type\":\"PropertyValueSpecification\",\"valueRequired\":true,\"valueName\":\"search_term_string\"}}],\"inLanguage\":\"es\"},{\"@type\":\"Organization\",\"@id\":\"https:\/\/innoticiasbo.com\/#organization\",\"name\":\"innoticiasbo.com\",\"url\":\"https:\/\/innoticiasbo.com\/\",\"logo\":{\"@type\":\"ImageObject\",\"inLanguage\":\"es\",\"@id\":\"https:\/\/innoticiasbo.com\/#\/schema\/logo\/image\/\",\"url\":\"https:\/\/i0.wp.com\/innoticiasbo.com\/wp-content\/uploads\/2026\/04\/cropped-IN-LOGO.png?fit=1476%2C1476&ssl=1\",\"contentUrl\":\"https:\/\/i0.wp.com\/innoticiasbo.com\/wp-content\/uploads\/2026\/04\/cropped-IN-LOGO.png?fit=1476%2C1476&ssl=1\",\"width\":1476,\"height\":1476,\"caption\":\"innoticiasbo.com\"},\"image\":{\"@id\":\"https:\/\/innoticiasbo.com\/#\/schema\/logo\/image\/\"},\"sameAs\":[\"https:\/\/www.facebook.com\/innoticiasbolivia\",\"https:\/\/x.com\/innoticiasbo\",\"https:\/\/www.instagram.com\/innoticiasbo\",\"https:\/\/www.youtube.com\/innoticiasbo\"]},{\"@type\":\"Person\",\"@id\":\"https:\/\/innoticiasbo.com\/#\/schema\/person\/589cd527c4211df1b943bdad85ec07ce\",\"name\":\"Prensa\",\"image\":{\"@type\":\"ImageObject\",\"inLanguage\":\"es\",\"@id\":\"https:\/\/innoticiasbo.com\/#\/schema\/person\/image\/\",\"url\":\"https:\/\/secure.gravatar.com\/avatar\/d359bbdf112023c1c0a3ec7fe1600657?s=96&d=mm&r=g\",\"contentUrl\":\"https:\/\/secure.gravatar.com\/avatar\/d359bbdf112023c1c0a3ec7fe1600657?s=96&d=mm&r=g\",\"caption\":\"Prensa\"},\"sameAs\":[\"http:\/\/www.innoticiasbo.com\"],\"url\":\"https:\/\/innoticiasbo.com\/index.php\/author\/prensa\/\"}]}<\/script>\n<!-- \/ Yoast SEO plugin. -->","yoast_head_json":{"title":"RUTH NINA SE DISCULP\u00d3 POR SUS DECLARACIONES DURANTE SU AUDIENCIA - innoticiasbo.com","robots":{"index":"index","follow":"follow","max-snippet":"max-snippet:-1","max-image-preview":"max-image-preview:large","max-video-preview":"max-video-preview:-1"},"canonical":"https:\/\/innoticiasbo.com\/index.php\/2025\/07\/26\/ruth-nina-se-disculpo-por-sus-declaraciones-durante-su-audiencia\/","og_locale":"es_ES","og_type":"article","og_title":"RUTH NINA SE DISCULP\u00d3 POR SUS DECLARACIONES DURANTE SU AUDIENCIA - innoticiasbo.com","og_description":"Cochabamba, 26 de julio de 2025.- \u201cDesde el fondo de mi coraz\u00f3n, no ha sido amenazar\u201d, se\u00f1al\u00f3 la dirigente cuando la juez le cedi\u00f3 la palabra en su audiencia de medidas cautelares. Tras que la dirigente de Pan-Bol, Ruth Nina fuera ingresada a la c\u00e1rcel de mujeres San Sebasti\u00e1n de la ciudad de Cochabamba, se...","og_url":"https:\/\/innoticiasbo.com\/index.php\/2025\/07\/26\/ruth-nina-se-disculpo-por-sus-declaraciones-durante-su-audiencia\/","og_site_name":"innoticiasbo.com","article_publisher":"https:\/\/www.facebook.com\/innoticiasbolivia","article_published_time":"2025-07-27T00:22:27+00:00","article_modified_time":"2025-07-27T11:08:41+00:00","og_image":[{"width":400,"height":225,"url":"https:\/\/i0.wp.com\/innoticiasbo.com\/wp-content\/uploads\/2025\/07\/1753375452644.webp?fit=400%2C225&ssl=1","type":"image\/webp"}],"author":"Prensa","twitter_card":"summary_large_image","twitter_creator":"@innoticiasbo","twitter_site":"@innoticiasbo","twitter_misc":{"Escrito por":"Prensa","Tiempo de lectura":"1 minuto"},"schema":{"@context":"https:\/\/schema.org","@graph":[{"@type":"Article","@id":"https:\/\/innoticiasbo.com\/index.php\/2025\/07\/26\/ruth-nina-se-disculpo-por-sus-declaraciones-durante-su-audiencia\/#article","isPartOf":{"@id":"https:\/\/innoticiasbo.com\/index.php\/2025\/07\/26\/ruth-nina-se-disculpo-por-sus-declaraciones-durante-su-audiencia\/"},"author":{"name":"Prensa","@id":"https:\/\/innoticiasbo.com\/#\/schema\/person\/589cd527c4211df1b943bdad85ec07ce"},"headline":"RUTH NINA SE DISCULP\u00d3 POR SUS DECLARACIONES DURANTE SU AUDIENCIA","datePublished":"2025-07-27T00:22:27+00:00","dateModified":"2025-07-27T11:08:41+00:00","mainEntityOfPage":{"@id":"https:\/\/innoticiasbo.com\/index.php\/2025\/07\/26\/ruth-nina-se-disculpo-por-sus-declaraciones-durante-su-audiencia\/"},"wordCount":175,"commentCount":0,"publisher":{"@id":"https:\/\/innoticiasbo.com\/#organization"},"image":{"@id":"https:\/\/innoticiasbo.com\/index.php\/2025\/07\/26\/ruth-nina-se-disculpo-por-sus-declaraciones-durante-su-audiencia\/#primaryimage"},"thumbnailUrl":"https:\/\/i0.wp.com\/innoticiasbo.com\/wp-content\/uploads\/2025\/07\/1753375452644.webp?fit=400%2C225&ssl=1","keywords":["detenci\u00f3n preventiva","disculpas","innoticias","Ruth Nina"],"articleSection":["Bolivia","Pol\u00edtica"],"inLanguage":"es","potentialAction":[{"@type":"CommentAction","name":"Comment","target":["https:\/\/innoticiasbo.com\/index.php\/2025\/07\/26\/ruth-nina-se-disculpo-por-sus-declaraciones-durante-su-audiencia\/#respond"]}]},{"@type":"WebPage","@id":"https:\/\/innoticiasbo.com\/index.php\/2025\/07\/26\/ruth-nina-se-disculpo-por-sus-declaraciones-durante-su-audiencia\/","url":"https:\/\/innoticiasbo.com\/index.php\/2025\/07\/26\/ruth-nina-se-disculpo-por-sus-declaraciones-durante-su-audiencia\/","name":"RUTH NINA SE DISCULP\u00d3 POR SUS DECLARACIONES DURANTE SU AUDIENCIA - innoticiasbo.com","isPartOf":{"@id":"https:\/\/innoticiasbo.com\/#website"},"primaryImageOfPage":{"@id":"https:\/\/innoticiasbo.com\/index.php\/2025\/07\/26\/ruth-nina-se-disculpo-por-sus-declaraciones-durante-su-audiencia\/#primaryimage"},"image":{"@id":"https:\/\/innoticiasbo.com\/index.php\/2025\/07\/26\/ruth-nina-se-disculpo-por-sus-declaraciones-durante-su-audiencia\/#primaryimage"},"thumbnailUrl":"https:\/\/i0.wp.com\/innoticiasbo.com\/wp-content\/uploads\/2025\/07\/1753375452644.webp?fit=400%2C225&ssl=1","datePublished":"2025-07-27T00:22:27+00:00","dateModified":"2025-07-27T11:08:41+00:00","breadcrumb":{"@id":"https:\/\/innoticiasbo.com\/index.php\/2025\/07\/26\/ruth-nina-se-disculpo-por-sus-declaraciones-durante-su-audiencia\/#breadcrumb"},"inLanguage":"es","potentialAction":[{"@type":"ReadAction","target":["https:\/\/innoticiasbo.com\/index.php\/2025\/07\/26\/ruth-nina-se-disculpo-por-sus-declaraciones-durante-su-audiencia\/"]}]},{"@type":"ImageObject","inLanguage":"es","@id":"https:\/\/innoticiasbo.com\/index.php\/2025\/07\/26\/ruth-nina-se-disculpo-por-sus-declaraciones-durante-su-audiencia\/#primaryimage","url":"https:\/\/i0.wp.com\/innoticiasbo.com\/wp-content\/uploads\/2025\/07\/1753375452644.webp?fit=400%2C225&ssl=1","contentUrl":"https:\/\/i0.wp.com\/innoticiasbo.com\/wp-content\/uploads\/2025\/07\/1753375452644.webp?fit=400%2C225&ssl=1","width":400,"height":225},{"@type":"BreadcrumbList","@id":"https:\/\/innoticiasbo.com\/index.php\/2025\/07\/26\/ruth-nina-se-disculpo-por-sus-declaraciones-durante-su-audiencia\/#breadcrumb","itemListElement":[{"@type":"ListItem","position":1,"name":"Portada","item":"https:\/\/innoticiasbo.com\/"},{"@type":"ListItem","position":2,"name":"RUTH NINA SE DISCULP\u00d3 POR SUS DECLARACIONES DURANTE SU AUDIENCIA"}]},{"@type":"WebSite","@id":"https:\/\/innoticiasbo.com\/#website","url":"https:\/\/innoticiasbo.com\/","name":"innoticiasbo.com","description":"","publisher":{"@id":"https:\/\/innoticiasbo.com\/#organization"},"potentialAction":[{"@type":"SearchAction","target":{"@type":"EntryPoint","urlTemplate":"https:\/\/innoticiasbo.com\/?s={search_term_string}"},"query-input":{"@type":"PropertyValueSpecification","valueRequired":true,"valueName":"search_term_string"}}],"inLanguage":"es"},{"@type":"Organization","@id":"https:\/\/innoticiasbo.com\/#organization","name":"innoticiasbo.com","url":"https:\/\/innoticiasbo.com\/","logo":{"@type":"ImageObject","inLanguage":"es","@id":"https:\/\/innoticiasbo.com\/#\/schema\/logo\/image\/","url":"https:\/\/i0.wp.com\/innoticiasbo.com\/wp-content\/uploads\/2026\/04\/cropped-IN-LOGO.png?fit=1476%2C1476&ssl=1","contentUrl":"https:\/\/i0.wp.com\/innoticiasbo.com\/wp-content\/uploads\/2026\/04\/cropped-IN-LOGO.png?fit=1476%2C1476&ssl=1","width":1476,"height":1476,"caption":"innoticiasbo.com"},"image":{"@id":"https:\/\/innoticiasbo.com\/#\/schema\/logo\/image\/"},"sameAs":["https:\/\/www.facebook.com\/innoticiasbolivia","https:\/\/x.com\/innoticiasbo","https:\/\/www.instagram.com\/innoticiasbo","https:\/\/www.youtube.com\/innoticiasbo"]},{"@type":"Person","@id":"https:\/\/innoticiasbo.com\/#\/schema\/person\/589cd527c4211df1b943bdad85ec07ce","name":"Prensa","image":{"@type":"ImageObject","inLanguage":"es","@id":"https:\/\/innoticiasbo.com\/#\/schema\/person\/image\/","url":"https:\/\/secure.gravatar.com\/avatar\/d359bbdf112023c1c0a3ec7fe1600657?s=96&d=mm&r=g","contentUrl":"https:\/\/secure.gravatar.com\/avatar\/d359bbdf112023c1c0a3ec7fe1600657?s=96&d=mm&r=g","caption":"Prensa"},"sameAs":["http:\/\/www.innoticiasbo.com"],"url":"https:\/\/innoticiasbo.com\/index.php\/author\/prensa\/"}]}},"jetpack_featured_media_url":"https:\/\/i0.wp.com\/innoticiasbo.com\/wp-content\/uploads\/2025\/07\/1753375452644.webp?fit=400%2C225&ssl=1","jetpack_likes_enabled":true,"jetpack_sharing_enabled":true,"jetpack_shortlink":"https:\/\/wp.me\/pg298x-1X2","_links":{"self":[{"href":"https:\/\/innoticiasbo.com\/index.php\/wp-json\/wp\/v2\/posts\/7504","targetHints":{"allow":["GET"]}}],"collection":[{"href":"https:\/\/innoticiasbo.com\/index.php\/wp-json\/wp\/v2\/posts"}],"about":[{"href":"https:\/\/innoticiasbo.com\/index.php\/wp-json\/wp\/v2\/types\/post"}],"author":[{"embeddable":true,"href":"https:\/\/innoticiasbo.com\/index.php\/wp-json\/wp\/v2\/users\/2"}],"replies":[{"embeddable":true,"href":"https:\/\/innoticiasbo.com\/index.php\/wp-json\/wp\/v2\/comments?post=7504"}],"version-history":[{"count":3,"href":"https:\/\/innoticiasbo.com\/index.php\/wp-json\/wp\/v2\/posts\/7504\/revisions"}],"predecessor-version":[{"id":7510,"href":"https:\/\/innoticiasbo.com\/index.php\/wp-json\/wp\/v2\/posts\/7504\/revisions\/7510"}],"wp:featuredmedia":[{"embeddable":true,"href":"https:\/\/innoticiasbo.com\/index.php\/wp-json\/wp\/v2\/media\/7509"}],"wp:attachment":[{"href":"https:\/\/innoticiasbo.com\/index.php\/wp-json\/wp\/v2\/media?parent=7504"}],"wp:term":[{"taxonomy":"category","embeddable":true,"href":"https:\/\/innoticiasbo.com\/index.php\/wp-json\/wp\/v2\/categories?post=7504"},{"taxonomy":"post_tag","embeddable":true,"href":"https:\/\/innoticiasbo.com\/index.php\/wp-json\/wp\/v2\/tags?post=7504"}],"curies":[{"name":"wp","href":"https:\/\/api.w.org\/{rel}","templated":true}]}}