{"id":7491,"date":"2025-07-25T15:36:12","date_gmt":"2025-07-25T19:36:12","guid":{"rendered":"https:\/\/innoticiasbo.com\/?p=7491"},"modified":"2025-07-25T15:36:51","modified_gmt":"2025-07-25T19:36:51","slug":"profesora-leonila-galindo-firmante-de-la-demanda-contra-ruth-nina-anticipa-que-el-conade-pedira-la-detencion-preventiva-de-nina","status":"publish","type":"post","link":"https:\/\/innoticiasbo.com\/index.php\/2025\/07\/25\/profesora-leonila-galindo-firmante-de-la-demanda-contra-ruth-nina-anticipa-que-el-conade-pedira-la-detencion-preventiva-de-nina\/","title":{"rendered":"PROFESORA LEONILA GALINDO, FIRMANTE DE LA DEMANDA CONTRA RUTH NINA ANTICIPA QUE EL CONADE PEDIR\u00c1 LA DETENCI\u00d3N PREVENTIVA DE NINA"},"content":{"rendered":"<p>Cochabamba, 25 de julio de 2025 \u2013 La profesora Leonila Galindo, vocera del Consejo Nacional de Defensa de la Democracia (CONADE), rompi\u00f3 el silencio tras la aprehensi\u00f3n de Ruth Nina, se\u00f1alada por delitos de instigaci\u00f3n p\u00fablica a delinquir, terrorismo y delitos electorales. En entrevista con El Avispero, Galindo calific\u00f3 la detenci\u00f3n como \u201cun paso necesario\u201d en el camino hacia la justicia y confirm\u00f3 que solicitar\u00e1n la ampliaci\u00f3n de la imputaci\u00f3n por el delito de terrorismo.<br \/>\n\u201cEra lo que esper\u00e1bamos, que la Fiscal\u00eda obre conforme a derecho\u201d, declar\u00f3 Galindo, una de las principales impulsoras de la denuncia penal que deriv\u00f3 en la aprehensi\u00f3n de la exdirigente.<br \/>\nLa vocera del CONADE relat\u00f3 que vio a Nina \u201cllegar altanera, con frazada y mochila, desafiando\u201d, y celebr\u00f3 que la Fiscal\u00eda haya actuado \u201cen el marco del debido proceso\u201d, afirmando que \u201cno se pod\u00eda dejar impune una conducta como la que ella ha mostrado p\u00fablicamente\u201d.<\/p>\n<p><img data-recalc-dims=\"1\" loading=\"lazy\" decoding=\"async\" src=\"https:\/\/i0.wp.com\/innoticiasbo.com\/wp-content\/uploads\/2025\/07\/screenshot_20250725_153501_capcut743711693375361025.jpg?resize=640%2C362&#038;ssl=1\" class=\"wp-image-7488 alignnone size-full\" width=\"640\" height=\"362\" srcset=\"https:\/\/i0.wp.com\/innoticiasbo.com\/wp-content\/uploads\/2025\/07\/screenshot_20250725_153501_capcut743711693375361025.jpg?w=1079&amp;ssl=1 1079w, https:\/\/i0.wp.com\/innoticiasbo.com\/wp-content\/uploads\/2025\/07\/screenshot_20250725_153501_capcut743711693375361025.jpg?resize=300%2C170&amp;ssl=1 300w, https:\/\/i0.wp.com\/innoticiasbo.com\/wp-content\/uploads\/2025\/07\/screenshot_20250725_153501_capcut743711693375361025.jpg?resize=1024%2C579&amp;ssl=1 1024w, https:\/\/i0.wp.com\/innoticiasbo.com\/wp-content\/uploads\/2025\/07\/screenshot_20250725_153501_capcut743711693375361025.jpg?resize=768%2C434&amp;ssl=1 768w\" sizes=\"auto, (max-width: 640px) 100vw, 640px\" \/><\/p>\n<p>AMENAZAS SISTEM\u00c1TICAS Y DISCURSOS DE ODIO<\/p>\n<p>Galindo advirti\u00f3 que las amenazas de Ruth Nina no son hechos aislados, sino parte de un patr\u00f3n de conducta reiterativo que atenta contra la democracia. Record\u00f3 que en anteriores declaraciones p\u00fablicas, Nina sostuvo que \u201cno habr\u00eda elecciones sin Evo Morales en la papeleta\u201d y que \u201cse iba a prohibir hacer campa\u00f1a en cualquier otro lugar\u201d.<\/p>\n<p>\u201cLo \u00faltimo fue que dijo que se iban a contar muertos y no votos. Al d\u00eda siguiente volvi\u00f3 a decir que la gente estaba dispuesta a ofrendar la vida por este proceso electoral. Esto ya no son simples declaraciones pol\u00e9micas, como quiere hacer ver su defensa, sino amenazas constantes, repetitivas y peligrosas\u201d, denunci\u00f3 Galindo.<\/p>\n<p>PREOCUPACI\u00d3N POR POSIBLE TRASLADO DEL CASO AL TR\u00d3PICO<\/p>\n<p>La profesora tambi\u00e9n expres\u00f3 su preocupaci\u00f3n por la aparente intenci\u00f3n de trasladar el caso al Tr\u00f3pico de Cochabamba, espec\u00edficamente al municipio de Chinaota, donde \u2014seg\u00fan ella\u2014 los juzgados est\u00e1n completamente parcializados.<br \/>\n\u201cNo creemos en los juzgados de Chinaota. Cualquier caso que vaya all\u00e1 va a estar condicionado, porque los jueces del Tr\u00f3pico han sido designados por Evo Morales y responden a sus intereses\u201d, afirm\u00f3. Galindo denunci\u00f3 que se intenta forzar el traslado del proceso a esa jurisdicci\u00f3n, aunque un juzgado de Chinaota ya rechaz\u00f3 un memorial de Nina para prestar declaraci\u00f3n all\u00ed.<\/p>\n<p><img data-recalc-dims=\"1\" loading=\"lazy\" decoding=\"async\" src=\"https:\/\/i0.wp.com\/innoticiasbo.com\/wp-content\/uploads\/2025\/07\/screenshot_20250725_152917_capcut306735065410224058.jpg?resize=640%2C376&#038;ssl=1\" class=\"wp-image-7489 alignnone size-full\" width=\"640\" height=\"376\" srcset=\"https:\/\/i0.wp.com\/innoticiasbo.com\/wp-content\/uploads\/2025\/07\/screenshot_20250725_152917_capcut306735065410224058.jpg?w=1063&amp;ssl=1 1063w, https:\/\/i0.wp.com\/innoticiasbo.com\/wp-content\/uploads\/2025\/07\/screenshot_20250725_152917_capcut306735065410224058.jpg?resize=300%2C176&amp;ssl=1 300w, https:\/\/i0.wp.com\/innoticiasbo.com\/wp-content\/uploads\/2025\/07\/screenshot_20250725_152917_capcut306735065410224058.jpg?resize=1024%2C602&amp;ssl=1 1024w, https:\/\/i0.wp.com\/innoticiasbo.com\/wp-content\/uploads\/2025\/07\/screenshot_20250725_152917_capcut306735065410224058.jpg?resize=768%2C452&amp;ssl=1 768w\" sizes=\"auto, (max-width: 640px) 100vw, 640px\" \/><\/p>\n<p>CONADE PEDIR\u00c1 DETENCI\u00d3N PREVENTIVA<\/p>\n<p>Ante la gravedad de las declaraciones y el riesgo de obstrucci\u00f3n del proceso, el CONADE solicitar\u00e1 que Ruth Nina sea enviada a detenci\u00f3n preventiva mientras dure la investigaci\u00f3n penal en su contra.<br \/>\n\u201cNo se trata de venganza. Lo que queremos es justicia. Que no haya impunidad y que se respete la democracia. Nadie puede amenazar al pa\u00eds entero sin consecuencias\u201d, subray\u00f3 Galindo.<\/p>\n<p>Por el momento, no hay confirmaci\u00f3n oficial sobre la fecha ni el lugar de la audiencia de medidas cautelares que definir\u00e1 si Ruth Nina se defiende en libertad o desde la c\u00e1rcel. Sin embargo, para sus denunciantes y para sectores ciudadanos organizados como el CONADE, la amenaza est\u00e1 clara, y la justicia debe actuar con firmeza.<\/p>\n","protected":false},"excerpt":{"rendered":"<p>Cochabamba, 25 de julio de 2025 \u2013 La profesora Leonila Galindo, vocera del Consejo Nacional de Defensa de la Democracia (CONADE), rompi\u00f3 el silencio tras la aprehensi\u00f3n de Ruth Nina, se\u00f1alada por delitos de instigaci\u00f3n p\u00fablica a delinquir, terrorismo y delitos electorales. En entrevista con El Avispero, Galindo calific\u00f3 la detenci\u00f3n como \u201cun paso necesario\u201d&#8230;<\/p>\n","protected":false},"author":2,"featured_media":7490,"comment_status":"open","ping_status":"open","sticky":false,"template":"","format":"standard","meta":{"_jetpack_memberships_contains_paid_content":false,"footnotes":"","jetpack_publicize_message":"","jetpack_publicize_feature_enabled":true,"jetpack_social_post_already_shared":true,"jetpack_social_options":{"image_generator_settings":{"template":"highway","enabled":false},"version":2}},"categories":[1,3],"tags":[958,417,22,959,937],"class_list":["post-7491","post","type-post","status-publish","format-standard","has-post-thumbnail","hentry","category-bolivia","category-politica","tag-delitos-electorales","tag-detencion-preventiva","tag-innoticias","tag-leonila-galindo","tag-ruth-nina"],"jetpack_publicize_connections":[],"yoast_head":"<!-- This site is optimized with the Yoast SEO plugin v23.4 - https:\/\/yoast.com\/wordpress\/plugins\/seo\/ -->\n<title>PROFESORA LEONILA GALINDO, FIRMANTE DE LA DEMANDA CONTRA RUTH NINA ANTICIPA QUE EL CONADE PEDIR\u00c1 LA DETENCI\u00d3N PREVENTIVA DE NINA - innoticiasbo.com<\/title>\n<meta name=\"robots\" content=\"index, follow, max-snippet:-1, max-image-preview:large, max-video-preview:-1\" \/>\n<link rel=\"canonical\" href=\"https:\/\/innoticiasbo.com\/index.php\/2025\/07\/25\/profesora-leonila-galindo-firmante-de-la-demanda-contra-ruth-nina-anticipa-que-el-conade-pedira-la-detencion-preventiva-de-nina\/\" \/>\n<meta property=\"og:locale\" content=\"es_ES\" \/>\n<meta property=\"og:type\" content=\"article\" \/>\n<meta property=\"og:title\" content=\"PROFESORA LEONILA GALINDO, FIRMANTE DE LA DEMANDA CONTRA RUTH NINA ANTICIPA QUE EL CONADE PEDIR\u00c1 LA DETENCI\u00d3N PREVENTIVA DE NINA - innoticiasbo.com\" \/>\n<meta property=\"og:description\" content=\"Cochabamba, 25 de julio de 2025 \u2013 La profesora Leonila Galindo, vocera del Consejo Nacional de Defensa de la Democracia (CONADE), rompi\u00f3 el silencio tras la aprehensi\u00f3n de Ruth Nina, se\u00f1alada por delitos de instigaci\u00f3n p\u00fablica a delinquir, terrorismo y delitos electorales. En entrevista con El Avispero, Galindo calific\u00f3 la detenci\u00f3n como \u201cun paso necesario\u201d...\" \/>\n<meta property=\"og:url\" content=\"https:\/\/innoticiasbo.com\/index.php\/2025\/07\/25\/profesora-leonila-galindo-firmante-de-la-demanda-contra-ruth-nina-anticipa-que-el-conade-pedira-la-detencion-preventiva-de-nina\/\" \/>\n<meta property=\"og:site_name\" content=\"innoticiasbo.com\" \/>\n<meta property=\"article:publisher\" content=\"https:\/\/www.facebook.com\/innoticiasbolivia\" \/>\n<meta property=\"article:published_time\" content=\"2025-07-25T19:36:12+00:00\" \/>\n<meta property=\"article:modified_time\" content=\"2025-07-25T19:36:51+00:00\" \/>\n<meta property=\"og:image\" content=\"https:\/\/i0.wp.com\/innoticiasbo.com\/wp-content\/uploads\/2025\/07\/Screenshot_20250725_153501_CapCut.jpg?fit=1079%2C610&ssl=1\" \/>\n\t<meta property=\"og:image:width\" content=\"1079\" \/>\n\t<meta property=\"og:image:height\" content=\"610\" \/>\n\t<meta property=\"og:image:type\" content=\"image\/jpeg\" \/>\n<meta name=\"author\" content=\"Prensa\" \/>\n<meta name=\"twitter:card\" content=\"summary_large_image\" \/>\n<meta name=\"twitter:creator\" content=\"@innoticiasbo\" \/>\n<meta name=\"twitter:site\" content=\"@innoticiasbo\" \/>\n<meta name=\"twitter:label1\" content=\"Escrito por\" \/>\n\t<meta name=\"twitter:data1\" content=\"Prensa\" \/>\n\t<meta name=\"twitter:label2\" content=\"Tiempo de lectura\" \/>\n\t<meta name=\"twitter:data2\" content=\"3 minutos\" \/>\n<script type=\"application\/ld+json\" class=\"yoast-schema-graph\">{\"@context\":\"https:\/\/schema.org\",\"@graph\":[{\"@type\":\"Article\",\"@id\":\"https:\/\/innoticiasbo.com\/index.php\/2025\/07\/25\/profesora-leonila-galindo-firmante-de-la-demanda-contra-ruth-nina-anticipa-que-el-conade-pedira-la-detencion-preventiva-de-nina\/#article\",\"isPartOf\":{\"@id\":\"https:\/\/innoticiasbo.com\/index.php\/2025\/07\/25\/profesora-leonila-galindo-firmante-de-la-demanda-contra-ruth-nina-anticipa-que-el-conade-pedira-la-detencion-preventiva-de-nina\/\"},\"author\":{\"name\":\"Prensa\",\"@id\":\"https:\/\/innoticiasbo.com\/#\/schema\/person\/589cd527c4211df1b943bdad85ec07ce\"},\"headline\":\"PROFESORA LEONILA GALINDO, FIRMANTE DE LA DEMANDA CONTRA RUTH NINA ANTICIPA QUE EL CONADE PEDIR\u00c1 LA DETENCI\u00d3N PREVENTIVA DE NINA\",\"datePublished\":\"2025-07-25T19:36:12+00:00\",\"dateModified\":\"2025-07-25T19:36:51+00:00\",\"mainEntityOfPage\":{\"@id\":\"https:\/\/innoticiasbo.com\/index.php\/2025\/07\/25\/profesora-leonila-galindo-firmante-de-la-demanda-contra-ruth-nina-anticipa-que-el-conade-pedira-la-detencion-preventiva-de-nina\/\"},\"wordCount\":545,\"commentCount\":0,\"publisher\":{\"@id\":\"https:\/\/innoticiasbo.com\/#organization\"},\"image\":{\"@id\":\"https:\/\/innoticiasbo.com\/index.php\/2025\/07\/25\/profesora-leonila-galindo-firmante-de-la-demanda-contra-ruth-nina-anticipa-que-el-conade-pedira-la-detencion-preventiva-de-nina\/#primaryimage\"},\"thumbnailUrl\":\"https:\/\/i0.wp.com\/innoticiasbo.com\/wp-content\/uploads\/2025\/07\/Screenshot_20250725_153501_CapCut.jpg?fit=1079%2C610&ssl=1\",\"keywords\":[\"delitos electorales\",\"detenci\u00f3n preventiva\",\"innoticias\",\"Leonila Galindo\",\"Ruth Nina\"],\"articleSection\":[\"Bolivia\",\"Pol\u00edtica\"],\"inLanguage\":\"es\",\"potentialAction\":[{\"@type\":\"CommentAction\",\"name\":\"Comment\",\"target\":[\"https:\/\/innoticiasbo.com\/index.php\/2025\/07\/25\/profesora-leonila-galindo-firmante-de-la-demanda-contra-ruth-nina-anticipa-que-el-conade-pedira-la-detencion-preventiva-de-nina\/#respond\"]}]},{\"@type\":\"WebPage\",\"@id\":\"https:\/\/innoticiasbo.com\/index.php\/2025\/07\/25\/profesora-leonila-galindo-firmante-de-la-demanda-contra-ruth-nina-anticipa-que-el-conade-pedira-la-detencion-preventiva-de-nina\/\",\"url\":\"https:\/\/innoticiasbo.com\/index.php\/2025\/07\/25\/profesora-leonila-galindo-firmante-de-la-demanda-contra-ruth-nina-anticipa-que-el-conade-pedira-la-detencion-preventiva-de-nina\/\",\"name\":\"PROFESORA LEONILA GALINDO, FIRMANTE DE LA DEMANDA CONTRA RUTH NINA ANTICIPA QUE EL CONADE PEDIR\u00c1 LA DETENCI\u00d3N PREVENTIVA DE NINA - innoticiasbo.com\",\"isPartOf\":{\"@id\":\"https:\/\/innoticiasbo.com\/#website\"},\"primaryImageOfPage\":{\"@id\":\"https:\/\/innoticiasbo.com\/index.php\/2025\/07\/25\/profesora-leonila-galindo-firmante-de-la-demanda-contra-ruth-nina-anticipa-que-el-conade-pedira-la-detencion-preventiva-de-nina\/#primaryimage\"},\"image\":{\"@id\":\"https:\/\/innoticiasbo.com\/index.php\/2025\/07\/25\/profesora-leonila-galindo-firmante-de-la-demanda-contra-ruth-nina-anticipa-que-el-conade-pedira-la-detencion-preventiva-de-nina\/#primaryimage\"},\"thumbnailUrl\":\"https:\/\/i0.wp.com\/innoticiasbo.com\/wp-content\/uploads\/2025\/07\/Screenshot_20250725_153501_CapCut.jpg?fit=1079%2C610&ssl=1\",\"datePublished\":\"2025-07-25T19:36:12+00:00\",\"dateModified\":\"2025-07-25T19:36:51+00:00\",\"breadcrumb\":{\"@id\":\"https:\/\/innoticiasbo.com\/index.php\/2025\/07\/25\/profesora-leonila-galindo-firmante-de-la-demanda-contra-ruth-nina-anticipa-que-el-conade-pedira-la-detencion-preventiva-de-nina\/#breadcrumb\"},\"inLanguage\":\"es\",\"potentialAction\":[{\"@type\":\"ReadAction\",\"target\":[\"https:\/\/innoticiasbo.com\/index.php\/2025\/07\/25\/profesora-leonila-galindo-firmante-de-la-demanda-contra-ruth-nina-anticipa-que-el-conade-pedira-la-detencion-preventiva-de-nina\/\"]}]},{\"@type\":\"ImageObject\",\"inLanguage\":\"es\",\"@id\":\"https:\/\/innoticiasbo.com\/index.php\/2025\/07\/25\/profesora-leonila-galindo-firmante-de-la-demanda-contra-ruth-nina-anticipa-que-el-conade-pedira-la-detencion-preventiva-de-nina\/#primaryimage\",\"url\":\"https:\/\/i0.wp.com\/innoticiasbo.com\/wp-content\/uploads\/2025\/07\/Screenshot_20250725_153501_CapCut.jpg?fit=1079%2C610&ssl=1\",\"contentUrl\":\"https:\/\/i0.wp.com\/innoticiasbo.com\/wp-content\/uploads\/2025\/07\/Screenshot_20250725_153501_CapCut.jpg?fit=1079%2C610&ssl=1\",\"width\":1079,\"height\":610},{\"@type\":\"BreadcrumbList\",\"@id\":\"https:\/\/innoticiasbo.com\/index.php\/2025\/07\/25\/profesora-leonila-galindo-firmante-de-la-demanda-contra-ruth-nina-anticipa-que-el-conade-pedira-la-detencion-preventiva-de-nina\/#breadcrumb\",\"itemListElement\":[{\"@type\":\"ListItem\",\"position\":1,\"name\":\"Portada\",\"item\":\"https:\/\/innoticiasbo.com\/\"},{\"@type\":\"ListItem\",\"position\":2,\"name\":\"PROFESORA LEONILA GALINDO, FIRMANTE DE LA DEMANDA CONTRA RUTH NINA ANTICIPA QUE EL CONADE PEDIR\u00c1 LA DETENCI\u00d3N PREVENTIVA DE NINA\"}]},{\"@type\":\"WebSite\",\"@id\":\"https:\/\/innoticiasbo.com\/#website\",\"url\":\"https:\/\/innoticiasbo.com\/\",\"name\":\"innoticiasbo.com\",\"description\":\"\",\"publisher\":{\"@id\":\"https:\/\/innoticiasbo.com\/#organization\"},\"potentialAction\":[{\"@type\":\"SearchAction\",\"target\":{\"@type\":\"EntryPoint\",\"urlTemplate\":\"https:\/\/innoticiasbo.com\/?s={search_term_string}\"},\"query-input\":{\"@type\":\"PropertyValueSpecification\",\"valueRequired\":true,\"valueName\":\"search_term_string\"}}],\"inLanguage\":\"es\"},{\"@type\":\"Organization\",\"@id\":\"https:\/\/innoticiasbo.com\/#organization\",\"name\":\"innoticiasbo.com\",\"url\":\"https:\/\/innoticiasbo.com\/\",\"logo\":{\"@type\":\"ImageObject\",\"inLanguage\":\"es\",\"@id\":\"https:\/\/innoticiasbo.com\/#\/schema\/logo\/image\/\",\"url\":\"https:\/\/i0.wp.com\/innoticiasbo.com\/wp-content\/uploads\/2026\/04\/cropped-IN-LOGO.png?fit=1476%2C1476&ssl=1\",\"contentUrl\":\"https:\/\/i0.wp.com\/innoticiasbo.com\/wp-content\/uploads\/2026\/04\/cropped-IN-LOGO.png?fit=1476%2C1476&ssl=1\",\"width\":1476,\"height\":1476,\"caption\":\"innoticiasbo.com\"},\"image\":{\"@id\":\"https:\/\/innoticiasbo.com\/#\/schema\/logo\/image\/\"},\"sameAs\":[\"https:\/\/www.facebook.com\/innoticiasbolivia\",\"https:\/\/x.com\/innoticiasbo\",\"https:\/\/www.instagram.com\/innoticiasbo\",\"https:\/\/www.youtube.com\/innoticiasbo\"]},{\"@type\":\"Person\",\"@id\":\"https:\/\/innoticiasbo.com\/#\/schema\/person\/589cd527c4211df1b943bdad85ec07ce\",\"name\":\"Prensa\",\"image\":{\"@type\":\"ImageObject\",\"inLanguage\":\"es\",\"@id\":\"https:\/\/innoticiasbo.com\/#\/schema\/person\/image\/\",\"url\":\"https:\/\/secure.gravatar.com\/avatar\/d359bbdf112023c1c0a3ec7fe1600657?s=96&d=mm&r=g\",\"contentUrl\":\"https:\/\/secure.gravatar.com\/avatar\/d359bbdf112023c1c0a3ec7fe1600657?s=96&d=mm&r=g\",\"caption\":\"Prensa\"},\"sameAs\":[\"http:\/\/www.innoticiasbo.com\"],\"url\":\"https:\/\/innoticiasbo.com\/index.php\/author\/prensa\/\"}]}<\/script>\n<!-- \/ Yoast SEO plugin. -->","yoast_head_json":{"title":"PROFESORA LEONILA GALINDO, FIRMANTE DE LA DEMANDA CONTRA RUTH NINA ANTICIPA QUE EL CONADE PEDIR\u00c1 LA DETENCI\u00d3N PREVENTIVA DE NINA - innoticiasbo.com","robots":{"index":"index","follow":"follow","max-snippet":"max-snippet:-1","max-image-preview":"max-image-preview:large","max-video-preview":"max-video-preview:-1"},"canonical":"https:\/\/innoticiasbo.com\/index.php\/2025\/07\/25\/profesora-leonila-galindo-firmante-de-la-demanda-contra-ruth-nina-anticipa-que-el-conade-pedira-la-detencion-preventiva-de-nina\/","og_locale":"es_ES","og_type":"article","og_title":"PROFESORA LEONILA GALINDO, FIRMANTE DE LA DEMANDA CONTRA RUTH NINA ANTICIPA QUE EL CONADE PEDIR\u00c1 LA DETENCI\u00d3N PREVENTIVA DE NINA - innoticiasbo.com","og_description":"Cochabamba, 25 de julio de 2025 \u2013 La profesora Leonila Galindo, vocera del Consejo Nacional de Defensa de la Democracia (CONADE), rompi\u00f3 el silencio tras la aprehensi\u00f3n de Ruth Nina, se\u00f1alada por delitos de instigaci\u00f3n p\u00fablica a delinquir, terrorismo y delitos electorales. En entrevista con El Avispero, Galindo calific\u00f3 la detenci\u00f3n como \u201cun paso necesario\u201d...","og_url":"https:\/\/innoticiasbo.com\/index.php\/2025\/07\/25\/profesora-leonila-galindo-firmante-de-la-demanda-contra-ruth-nina-anticipa-que-el-conade-pedira-la-detencion-preventiva-de-nina\/","og_site_name":"innoticiasbo.com","article_publisher":"https:\/\/www.facebook.com\/innoticiasbolivia","article_published_time":"2025-07-25T19:36:12+00:00","article_modified_time":"2025-07-25T19:36:51+00:00","og_image":[{"width":1079,"height":610,"url":"https:\/\/i0.wp.com\/innoticiasbo.com\/wp-content\/uploads\/2025\/07\/Screenshot_20250725_153501_CapCut.jpg?fit=1079%2C610&ssl=1","type":"image\/jpeg"}],"author":"Prensa","twitter_card":"summary_large_image","twitter_creator":"@innoticiasbo","twitter_site":"@innoticiasbo","twitter_misc":{"Escrito por":"Prensa","Tiempo de lectura":"3 minutos"},"schema":{"@context":"https:\/\/schema.org","@graph":[{"@type":"Article","@id":"https:\/\/innoticiasbo.com\/index.php\/2025\/07\/25\/profesora-leonila-galindo-firmante-de-la-demanda-contra-ruth-nina-anticipa-que-el-conade-pedira-la-detencion-preventiva-de-nina\/#article","isPartOf":{"@id":"https:\/\/innoticiasbo.com\/index.php\/2025\/07\/25\/profesora-leonila-galindo-firmante-de-la-demanda-contra-ruth-nina-anticipa-que-el-conade-pedira-la-detencion-preventiva-de-nina\/"},"author":{"name":"Prensa","@id":"https:\/\/innoticiasbo.com\/#\/schema\/person\/589cd527c4211df1b943bdad85ec07ce"},"headline":"PROFESORA LEONILA GALINDO, FIRMANTE DE LA DEMANDA CONTRA RUTH NINA ANTICIPA QUE EL CONADE PEDIR\u00c1 LA DETENCI\u00d3N PREVENTIVA DE NINA","datePublished":"2025-07-25T19:36:12+00:00","dateModified":"2025-07-25T19:36:51+00:00","mainEntityOfPage":{"@id":"https:\/\/innoticiasbo.com\/index.php\/2025\/07\/25\/profesora-leonila-galindo-firmante-de-la-demanda-contra-ruth-nina-anticipa-que-el-conade-pedira-la-detencion-preventiva-de-nina\/"},"wordCount":545,"commentCount":0,"publisher":{"@id":"https:\/\/innoticiasbo.com\/#organization"},"image":{"@id":"https:\/\/innoticiasbo.com\/index.php\/2025\/07\/25\/profesora-leonila-galindo-firmante-de-la-demanda-contra-ruth-nina-anticipa-que-el-conade-pedira-la-detencion-preventiva-de-nina\/#primaryimage"},"thumbnailUrl":"https:\/\/i0.wp.com\/innoticiasbo.com\/wp-content\/uploads\/2025\/07\/Screenshot_20250725_153501_CapCut.jpg?fit=1079%2C610&ssl=1","keywords":["delitos electorales","detenci\u00f3n preventiva","innoticias","Leonila Galindo","Ruth Nina"],"articleSection":["Bolivia","Pol\u00edtica"],"inLanguage":"es","potentialAction":[{"@type":"CommentAction","name":"Comment","target":["https:\/\/innoticiasbo.com\/index.php\/2025\/07\/25\/profesora-leonila-galindo-firmante-de-la-demanda-contra-ruth-nina-anticipa-que-el-conade-pedira-la-detencion-preventiva-de-nina\/#respond"]}]},{"@type":"WebPage","@id":"https:\/\/innoticiasbo.com\/index.php\/2025\/07\/25\/profesora-leonila-galindo-firmante-de-la-demanda-contra-ruth-nina-anticipa-que-el-conade-pedira-la-detencion-preventiva-de-nina\/","url":"https:\/\/innoticiasbo.com\/index.php\/2025\/07\/25\/profesora-leonila-galindo-firmante-de-la-demanda-contra-ruth-nina-anticipa-que-el-conade-pedira-la-detencion-preventiva-de-nina\/","name":"PROFESORA LEONILA GALINDO, FIRMANTE DE LA DEMANDA CONTRA RUTH NINA ANTICIPA QUE EL CONADE PEDIR\u00c1 LA DETENCI\u00d3N PREVENTIVA DE NINA - innoticiasbo.com","isPartOf":{"@id":"https:\/\/innoticiasbo.com\/#website"},"primaryImageOfPage":{"@id":"https:\/\/innoticiasbo.com\/index.php\/2025\/07\/25\/profesora-leonila-galindo-firmante-de-la-demanda-contra-ruth-nina-anticipa-que-el-conade-pedira-la-detencion-preventiva-de-nina\/#primaryimage"},"image":{"@id":"https:\/\/innoticiasbo.com\/index.php\/2025\/07\/25\/profesora-leonila-galindo-firmante-de-la-demanda-contra-ruth-nina-anticipa-que-el-conade-pedira-la-detencion-preventiva-de-nina\/#primaryimage"},"thumbnailUrl":"https:\/\/i0.wp.com\/innoticiasbo.com\/wp-content\/uploads\/2025\/07\/Screenshot_20250725_153501_CapCut.jpg?fit=1079%2C610&ssl=1","datePublished":"2025-07-25T19:36:12+00:00","dateModified":"2025-07-25T19:36:51+00:00","breadcrumb":{"@id":"https:\/\/innoticiasbo.com\/index.php\/2025\/07\/25\/profesora-leonila-galindo-firmante-de-la-demanda-contra-ruth-nina-anticipa-que-el-conade-pedira-la-detencion-preventiva-de-nina\/#breadcrumb"},"inLanguage":"es","potentialAction":[{"@type":"ReadAction","target":["https:\/\/innoticiasbo.com\/index.php\/2025\/07\/25\/profesora-leonila-galindo-firmante-de-la-demanda-contra-ruth-nina-anticipa-que-el-conade-pedira-la-detencion-preventiva-de-nina\/"]}]},{"@type":"ImageObject","inLanguage":"es","@id":"https:\/\/innoticiasbo.com\/index.php\/2025\/07\/25\/profesora-leonila-galindo-firmante-de-la-demanda-contra-ruth-nina-anticipa-que-el-conade-pedira-la-detencion-preventiva-de-nina\/#primaryimage","url":"https:\/\/i0.wp.com\/innoticiasbo.com\/wp-content\/uploads\/2025\/07\/Screenshot_20250725_153501_CapCut.jpg?fit=1079%2C610&ssl=1","contentUrl":"https:\/\/i0.wp.com\/innoticiasbo.com\/wp-content\/uploads\/2025\/07\/Screenshot_20250725_153501_CapCut.jpg?fit=1079%2C610&ssl=1","width":1079,"height":610},{"@type":"BreadcrumbList","@id":"https:\/\/innoticiasbo.com\/index.php\/2025\/07\/25\/profesora-leonila-galindo-firmante-de-la-demanda-contra-ruth-nina-anticipa-que-el-conade-pedira-la-detencion-preventiva-de-nina\/#breadcrumb","itemListElement":[{"@type":"ListItem","position":1,"name":"Portada","item":"https:\/\/innoticiasbo.com\/"},{"@type":"ListItem","position":2,"name":"PROFESORA LEONILA GALINDO, FIRMANTE DE LA DEMANDA CONTRA RUTH NINA ANTICIPA QUE EL CONADE PEDIR\u00c1 LA DETENCI\u00d3N PREVENTIVA DE NINA"}]},{"@type":"WebSite","@id":"https:\/\/innoticiasbo.com\/#website","url":"https:\/\/innoticiasbo.com\/","name":"innoticiasbo.com","description":"","publisher":{"@id":"https:\/\/innoticiasbo.com\/#organization"},"potentialAction":[{"@type":"SearchAction","target":{"@type":"EntryPoint","urlTemplate":"https:\/\/innoticiasbo.com\/?s={search_term_string}"},"query-input":{"@type":"PropertyValueSpecification","valueRequired":true,"valueName":"search_term_string"}}],"inLanguage":"es"},{"@type":"Organization","@id":"https:\/\/innoticiasbo.com\/#organization","name":"innoticiasbo.com","url":"https:\/\/innoticiasbo.com\/","logo":{"@type":"ImageObject","inLanguage":"es","@id":"https:\/\/innoticiasbo.com\/#\/schema\/logo\/image\/","url":"https:\/\/i0.wp.com\/innoticiasbo.com\/wp-content\/uploads\/2026\/04\/cropped-IN-LOGO.png?fit=1476%2C1476&ssl=1","contentUrl":"https:\/\/i0.wp.com\/innoticiasbo.com\/wp-content\/uploads\/2026\/04\/cropped-IN-LOGO.png?fit=1476%2C1476&ssl=1","width":1476,"height":1476,"caption":"innoticiasbo.com"},"image":{"@id":"https:\/\/innoticiasbo.com\/#\/schema\/logo\/image\/"},"sameAs":["https:\/\/www.facebook.com\/innoticiasbolivia","https:\/\/x.com\/innoticiasbo","https:\/\/www.instagram.com\/innoticiasbo","https:\/\/www.youtube.com\/innoticiasbo"]},{"@type":"Person","@id":"https:\/\/innoticiasbo.com\/#\/schema\/person\/589cd527c4211df1b943bdad85ec07ce","name":"Prensa","image":{"@type":"ImageObject","inLanguage":"es","@id":"https:\/\/innoticiasbo.com\/#\/schema\/person\/image\/","url":"https:\/\/secure.gravatar.com\/avatar\/d359bbdf112023c1c0a3ec7fe1600657?s=96&d=mm&r=g","contentUrl":"https:\/\/secure.gravatar.com\/avatar\/d359bbdf112023c1c0a3ec7fe1600657?s=96&d=mm&r=g","caption":"Prensa"},"sameAs":["http:\/\/www.innoticiasbo.com"],"url":"https:\/\/innoticiasbo.com\/index.php\/author\/prensa\/"}]}},"jetpack_featured_media_url":"https:\/\/i0.wp.com\/innoticiasbo.com\/wp-content\/uploads\/2025\/07\/Screenshot_20250725_153501_CapCut.jpg?fit=1079%2C610&ssl=1","jetpack_likes_enabled":true,"jetpack_sharing_enabled":true,"jetpack_shortlink":"https:\/\/wp.me\/pg298x-1WP","_links":{"self":[{"href":"https:\/\/innoticiasbo.com\/index.php\/wp-json\/wp\/v2\/posts\/7491","targetHints":{"allow":["GET"]}}],"collection":[{"href":"https:\/\/innoticiasbo.com\/index.php\/wp-json\/wp\/v2\/posts"}],"about":[{"href":"https:\/\/innoticiasbo.com\/index.php\/wp-json\/wp\/v2\/types\/post"}],"author":[{"embeddable":true,"href":"https:\/\/innoticiasbo.com\/index.php\/wp-json\/wp\/v2\/users\/2"}],"replies":[{"embeddable":true,"href":"https:\/\/innoticiasbo.com\/index.php\/wp-json\/wp\/v2\/comments?post=7491"}],"version-history":[{"count":1,"href":"https:\/\/innoticiasbo.com\/index.php\/wp-json\/wp\/v2\/posts\/7491\/revisions"}],"predecessor-version":[{"id":7492,"href":"https:\/\/innoticiasbo.com\/index.php\/wp-json\/wp\/v2\/posts\/7491\/revisions\/7492"}],"wp:featuredmedia":[{"embeddable":true,"href":"https:\/\/innoticiasbo.com\/index.php\/wp-json\/wp\/v2\/media\/7490"}],"wp:attachment":[{"href":"https:\/\/innoticiasbo.com\/index.php\/wp-json\/wp\/v2\/media?parent=7491"}],"wp:term":[{"taxonomy":"category","embeddable":true,"href":"https:\/\/innoticiasbo.com\/index.php\/wp-json\/wp\/v2\/categories?post=7491"},{"taxonomy":"post_tag","embeddable":true,"href":"https:\/\/innoticiasbo.com\/index.php\/wp-json\/wp\/v2\/tags?post=7491"}],"curies":[{"name":"wp","href":"https:\/\/api.w.org\/{rel}","templated":true}]}}