{"id":7273,"date":"2025-07-09T11:48:33","date_gmt":"2025-07-09T15:48:33","guid":{"rendered":"https:\/\/innoticiasbo.com\/?p=7273"},"modified":"2025-07-09T11:49:07","modified_gmt":"2025-07-09T15:49:07","slug":"ngp-oficializa-su-decision-de-no-participar-en-las-elecciones-generales-2025","status":"publish","type":"post","link":"https:\/\/innoticiasbo.com\/index.php\/2025\/07\/09\/ngp-oficializa-su-decision-de-no-participar-en-las-elecciones-generales-2025\/","title":{"rendered":"NGP OFICIALIZA SU DECISI\u00d3N DE NO PARTICIPAR EN LAS ELECCIONES GENERALES 2025"},"content":{"rendered":"<p>Cochabamba, 9 de julio de 2025 \u2013 El Comit\u00e9 Ejecutivo Nacional del partido Nueva Generaci\u00f3n Patri\u00f3tica (NGP) anunci\u00f3 este mi\u00e9rcoles su decisi\u00f3n de no participar en las Elecciones Generales previstas para el pr\u00f3ximo 17 de agosto, tras un proceso interno de an\u00e1lisis y evaluaci\u00f3n pol\u00edtica.<br \/>\nLa determinaci\u00f3n fue formalizada ante el Tribunal Supremo Electoral (TSE) en las primeras horas de la jornada, luego de que la instancia electoral declarara improcedente el recurso de revisi\u00f3n extraordinario presentado por la organizaci\u00f3n respecto a la inhabilitaci\u00f3n de su candidato presidencial, Jaime Dunn, por observaciones a su solvencia fiscal.<\/p>\n<p><img data-recalc-dims=\"1\" loading=\"lazy\" decoding=\"async\" src=\"https:\/\/i0.wp.com\/innoticiasbo.com\/wp-content\/uploads\/2025\/07\/17520030948431999314922974336277.webp?resize=400%2C225&#038;ssl=1\" class=\"wp-image-7270 alignnone size-full\" width=\"400\" height=\"225\" srcset=\"https:\/\/i0.wp.com\/innoticiasbo.com\/wp-content\/uploads\/2025\/07\/17520030948431999314922974336277.webp?w=400&amp;ssl=1 400w, https:\/\/i0.wp.com\/innoticiasbo.com\/wp-content\/uploads\/2025\/07\/17520030948431999314922974336277.webp?resize=300%2C169&amp;ssl=1 300w\" sizes=\"auto, (max-width: 400px) 100vw, 400px\" \/><\/p>\n<p>A trav\u00e9s de una resoluci\u00f3n, NGP reafirm\u00f3 su compromiso con la democracia y el fortalecimiento del sistema electoral boliviano. Su l\u00edder, Edgar Uriona, destac\u00f3 que la medida obedece a una visi\u00f3n estrat\u00e9gica de largo plazo orientada a consolidar un proyecto pol\u00edtico \u201cserio, responsable y comprometido con el pa\u00eds\u201d.<br \/>\n\u201cLos bolivianos est\u00e1n cansados de la vieja pol\u00edtica y claman por un cambio profundo. En NGP creemos que ese cambio debe construirse respetando la legalidad, la institucionalidad y la participaci\u00f3n democr\u00e1tica\u201d, se\u00f1ala el comunicado emitido por la organizaci\u00f3n.<\/p>\n<p><img data-recalc-dims=\"1\" loading=\"lazy\" decoding=\"async\" src=\"https:\/\/i0.wp.com\/innoticiasbo.com\/wp-content\/uploads\/2025\/07\/4b2a0d1a-0023-41d3-86bb-aa726ee59ee22989581588367618468.jpg?resize=640%2C361&#038;ssl=1\" class=\"wp-image-7271 alignnone size-full\" width=\"640\" height=\"361\" srcset=\"https:\/\/i0.wp.com\/innoticiasbo.com\/wp-content\/uploads\/2025\/07\/4b2a0d1a-0023-41d3-86bb-aa726ee59ee22989581588367618468.jpg?w=980&amp;ssl=1 980w, https:\/\/i0.wp.com\/innoticiasbo.com\/wp-content\/uploads\/2025\/07\/4b2a0d1a-0023-41d3-86bb-aa726ee59ee22989581588367618468.jpg?resize=300%2C169&amp;ssl=1 300w, https:\/\/i0.wp.com\/innoticiasbo.com\/wp-content\/uploads\/2025\/07\/4b2a0d1a-0023-41d3-86bb-aa726ee59ee22989581588367618468.jpg?resize=768%2C433&amp;ssl=1 768w\" sizes=\"auto, (max-width: 640px) 100vw, 640px\" \/><\/p>\n<p>La agrupaci\u00f3n pol\u00edtica expres\u00f3 adem\u00e1s su gratitud hacia la militancia, simpatizantes y la ciudadan\u00eda en general por la confianza depositada, asegurando que mantendr\u00e1 un rol activo y propositivo en el \u00e1mbito pol\u00edtico y social, participando plenamente en futuros procesos electorales que sean \u201clegal y leg\u00edtimamente convocados\u201d.<\/p>\n<p>Con esta decisi\u00f3n, NGP enfatiza que seguir\u00e1 vigilante frente a la coyuntura nacional, aportando al debate p\u00fablico y promoviendo iniciativas que respondan a las aspiraciones de renovaci\u00f3n y transformaci\u00f3n que demanda la sociedad boliviana.<\/p>\n","protected":false},"excerpt":{"rendered":"<p>Cochabamba, 9 de julio de 2025 \u2013 El Comit\u00e9 Ejecutivo Nacional del partido Nueva Generaci\u00f3n Patri\u00f3tica (NGP) anunci\u00f3 este mi\u00e9rcoles su decisi\u00f3n de no participar en las Elecciones Generales previstas para el pr\u00f3ximo 17 de agosto, tras un proceso interno de an\u00e1lisis y evaluaci\u00f3n pol\u00edtica. La determinaci\u00f3n fue formalizada ante el Tribunal Supremo Electoral (TSE)&#8230;<\/p>\n","protected":false},"author":2,"featured_media":7272,"comment_status":"open","ping_status":"open","sticky":false,"template":"","format":"standard","meta":{"_jetpack_memberships_contains_paid_content":false,"footnotes":"","jetpack_publicize_message":"","jetpack_publicize_feature_enabled":true,"jetpack_social_post_already_shared":true,"jetpack_social_options":{"image_generator_settings":{"template":"highway","enabled":false},"version":2}},"categories":[1,3],"tags":[378,22,302,465],"class_list":["post-7273","post","type-post","status-publish","format-standard","has-post-thumbnail","hentry","category-bolivia","category-politica","tag-inhabilitado","tag-innoticias","tag-jaime-dunn","tag-npg"],"jetpack_publicize_connections":[],"yoast_head":"<!-- This site is optimized with the Yoast SEO plugin v23.4 - https:\/\/yoast.com\/wordpress\/plugins\/seo\/ -->\n<title>NGP OFICIALIZA SU DECISI\u00d3N DE NO PARTICIPAR EN LAS ELECCIONES GENERALES 2025 - innoticiasbo.com<\/title>\n<meta name=\"robots\" content=\"index, follow, max-snippet:-1, max-image-preview:large, max-video-preview:-1\" \/>\n<link rel=\"canonical\" href=\"https:\/\/innoticiasbo.com\/index.php\/2025\/07\/09\/ngp-oficializa-su-decision-de-no-participar-en-las-elecciones-generales-2025\/\" \/>\n<meta property=\"og:locale\" content=\"es_ES\" \/>\n<meta property=\"og:type\" content=\"article\" \/>\n<meta property=\"og:title\" content=\"NGP OFICIALIZA SU DECISI\u00d3N DE NO PARTICIPAR EN LAS ELECCIONES GENERALES 2025 - innoticiasbo.com\" \/>\n<meta property=\"og:description\" content=\"Cochabamba, 9 de julio de 2025 \u2013 El Comit\u00e9 Ejecutivo Nacional del partido Nueva Generaci\u00f3n Patri\u00f3tica (NGP) anunci\u00f3 este mi\u00e9rcoles su decisi\u00f3n de no participar en las Elecciones Generales previstas para el pr\u00f3ximo 17 de agosto, tras un proceso interno de an\u00e1lisis y evaluaci\u00f3n pol\u00edtica. La determinaci\u00f3n fue formalizada ante el Tribunal Supremo Electoral (TSE)...\" \/>\n<meta property=\"og:url\" content=\"https:\/\/innoticiasbo.com\/index.php\/2025\/07\/09\/ngp-oficializa-su-decision-de-no-participar-en-las-elecciones-generales-2025\/\" \/>\n<meta property=\"og:site_name\" content=\"innoticiasbo.com\" \/>\n<meta property=\"article:publisher\" content=\"https:\/\/www.facebook.com\/innoticiasbolivia\" \/>\n<meta property=\"article:published_time\" content=\"2025-07-09T15:48:33+00:00\" \/>\n<meta property=\"article:modified_time\" content=\"2025-07-09T15:49:07+00:00\" \/>\n<meta property=\"og:image\" content=\"https:\/\/i0.wp.com\/innoticiasbo.com\/wp-content\/uploads\/2025\/07\/4b2a0d1a-0023-41d3-86bb-aa726ee59ee2.jpg?fit=980%2C553&ssl=1\" \/>\n\t<meta property=\"og:image:width\" content=\"980\" \/>\n\t<meta property=\"og:image:height\" content=\"553\" \/>\n\t<meta property=\"og:image:type\" content=\"image\/jpeg\" \/>\n<meta name=\"author\" content=\"Prensa\" \/>\n<meta name=\"twitter:card\" content=\"summary_large_image\" \/>\n<meta name=\"twitter:creator\" content=\"@innoticiasbo\" \/>\n<meta name=\"twitter:site\" content=\"@innoticiasbo\" \/>\n<meta name=\"twitter:label1\" content=\"Escrito por\" \/>\n\t<meta name=\"twitter:data1\" content=\"Prensa\" \/>\n\t<meta name=\"twitter:label2\" content=\"Tiempo de lectura\" \/>\n\t<meta name=\"twitter:data2\" content=\"1 minuto\" \/>\n<script type=\"application\/ld+json\" class=\"yoast-schema-graph\">{\"@context\":\"https:\/\/schema.org\",\"@graph\":[{\"@type\":\"Article\",\"@id\":\"https:\/\/innoticiasbo.com\/index.php\/2025\/07\/09\/ngp-oficializa-su-decision-de-no-participar-en-las-elecciones-generales-2025\/#article\",\"isPartOf\":{\"@id\":\"https:\/\/innoticiasbo.com\/index.php\/2025\/07\/09\/ngp-oficializa-su-decision-de-no-participar-en-las-elecciones-generales-2025\/\"},\"author\":{\"name\":\"Prensa\",\"@id\":\"https:\/\/innoticiasbo.com\/#\/schema\/person\/589cd527c4211df1b943bdad85ec07ce\"},\"headline\":\"NGP OFICIALIZA SU DECISI\u00d3N DE NO PARTICIPAR EN LAS ELECCIONES GENERALES 2025\",\"datePublished\":\"2025-07-09T15:48:33+00:00\",\"dateModified\":\"2025-07-09T15:49:07+00:00\",\"mainEntityOfPage\":{\"@id\":\"https:\/\/innoticiasbo.com\/index.php\/2025\/07\/09\/ngp-oficializa-su-decision-de-no-participar-en-las-elecciones-generales-2025\/\"},\"wordCount\":304,\"commentCount\":0,\"publisher\":{\"@id\":\"https:\/\/innoticiasbo.com\/#organization\"},\"image\":{\"@id\":\"https:\/\/innoticiasbo.com\/index.php\/2025\/07\/09\/ngp-oficializa-su-decision-de-no-participar-en-las-elecciones-generales-2025\/#primaryimage\"},\"thumbnailUrl\":\"https:\/\/i0.wp.com\/innoticiasbo.com\/wp-content\/uploads\/2025\/07\/4b2a0d1a-0023-41d3-86bb-aa726ee59ee2.jpg?fit=980%2C553&ssl=1\",\"keywords\":[\"inhabilitado\",\"innoticias\",\"Jaime Dunn\",\"NPG\"],\"articleSection\":[\"Bolivia\",\"Pol\u00edtica\"],\"inLanguage\":\"es\",\"potentialAction\":[{\"@type\":\"CommentAction\",\"name\":\"Comment\",\"target\":[\"https:\/\/innoticiasbo.com\/index.php\/2025\/07\/09\/ngp-oficializa-su-decision-de-no-participar-en-las-elecciones-generales-2025\/#respond\"]}]},{\"@type\":\"WebPage\",\"@id\":\"https:\/\/innoticiasbo.com\/index.php\/2025\/07\/09\/ngp-oficializa-su-decision-de-no-participar-en-las-elecciones-generales-2025\/\",\"url\":\"https:\/\/innoticiasbo.com\/index.php\/2025\/07\/09\/ngp-oficializa-su-decision-de-no-participar-en-las-elecciones-generales-2025\/\",\"name\":\"NGP OFICIALIZA SU DECISI\u00d3N DE NO PARTICIPAR EN LAS ELECCIONES GENERALES 2025 - innoticiasbo.com\",\"isPartOf\":{\"@id\":\"https:\/\/innoticiasbo.com\/#website\"},\"primaryImageOfPage\":{\"@id\":\"https:\/\/innoticiasbo.com\/index.php\/2025\/07\/09\/ngp-oficializa-su-decision-de-no-participar-en-las-elecciones-generales-2025\/#primaryimage\"},\"image\":{\"@id\":\"https:\/\/innoticiasbo.com\/index.php\/2025\/07\/09\/ngp-oficializa-su-decision-de-no-participar-en-las-elecciones-generales-2025\/#primaryimage\"},\"thumbnailUrl\":\"https:\/\/i0.wp.com\/innoticiasbo.com\/wp-content\/uploads\/2025\/07\/4b2a0d1a-0023-41d3-86bb-aa726ee59ee2.jpg?fit=980%2C553&ssl=1\",\"datePublished\":\"2025-07-09T15:48:33+00:00\",\"dateModified\":\"2025-07-09T15:49:07+00:00\",\"breadcrumb\":{\"@id\":\"https:\/\/innoticiasbo.com\/index.php\/2025\/07\/09\/ngp-oficializa-su-decision-de-no-participar-en-las-elecciones-generales-2025\/#breadcrumb\"},\"inLanguage\":\"es\",\"potentialAction\":[{\"@type\":\"ReadAction\",\"target\":[\"https:\/\/innoticiasbo.com\/index.php\/2025\/07\/09\/ngp-oficializa-su-decision-de-no-participar-en-las-elecciones-generales-2025\/\"]}]},{\"@type\":\"ImageObject\",\"inLanguage\":\"es\",\"@id\":\"https:\/\/innoticiasbo.com\/index.php\/2025\/07\/09\/ngp-oficializa-su-decision-de-no-participar-en-las-elecciones-generales-2025\/#primaryimage\",\"url\":\"https:\/\/i0.wp.com\/innoticiasbo.com\/wp-content\/uploads\/2025\/07\/4b2a0d1a-0023-41d3-86bb-aa726ee59ee2.jpg?fit=980%2C553&ssl=1\",\"contentUrl\":\"https:\/\/i0.wp.com\/innoticiasbo.com\/wp-content\/uploads\/2025\/07\/4b2a0d1a-0023-41d3-86bb-aa726ee59ee2.jpg?fit=980%2C553&ssl=1\",\"width\":980,\"height\":553},{\"@type\":\"BreadcrumbList\",\"@id\":\"https:\/\/innoticiasbo.com\/index.php\/2025\/07\/09\/ngp-oficializa-su-decision-de-no-participar-en-las-elecciones-generales-2025\/#breadcrumb\",\"itemListElement\":[{\"@type\":\"ListItem\",\"position\":1,\"name\":\"Portada\",\"item\":\"https:\/\/innoticiasbo.com\/\"},{\"@type\":\"ListItem\",\"position\":2,\"name\":\"NGP OFICIALIZA SU DECISI\u00d3N DE NO PARTICIPAR EN LAS ELECCIONES GENERALES 2025\"}]},{\"@type\":\"WebSite\",\"@id\":\"https:\/\/innoticiasbo.com\/#website\",\"url\":\"https:\/\/innoticiasbo.com\/\",\"name\":\"innoticiasbo.com\",\"description\":\"\",\"publisher\":{\"@id\":\"https:\/\/innoticiasbo.com\/#organization\"},\"potentialAction\":[{\"@type\":\"SearchAction\",\"target\":{\"@type\":\"EntryPoint\",\"urlTemplate\":\"https:\/\/innoticiasbo.com\/?s={search_term_string}\"},\"query-input\":{\"@type\":\"PropertyValueSpecification\",\"valueRequired\":true,\"valueName\":\"search_term_string\"}}],\"inLanguage\":\"es\"},{\"@type\":\"Organization\",\"@id\":\"https:\/\/innoticiasbo.com\/#organization\",\"name\":\"innoticiasbo.com\",\"url\":\"https:\/\/innoticiasbo.com\/\",\"logo\":{\"@type\":\"ImageObject\",\"inLanguage\":\"es\",\"@id\":\"https:\/\/innoticiasbo.com\/#\/schema\/logo\/image\/\",\"url\":\"https:\/\/i0.wp.com\/innoticiasbo.com\/wp-content\/uploads\/2026\/04\/cropped-IN-LOGO.png?fit=1476%2C1476&ssl=1\",\"contentUrl\":\"https:\/\/i0.wp.com\/innoticiasbo.com\/wp-content\/uploads\/2026\/04\/cropped-IN-LOGO.png?fit=1476%2C1476&ssl=1\",\"width\":1476,\"height\":1476,\"caption\":\"innoticiasbo.com\"},\"image\":{\"@id\":\"https:\/\/innoticiasbo.com\/#\/schema\/logo\/image\/\"},\"sameAs\":[\"https:\/\/www.facebook.com\/innoticiasbolivia\",\"https:\/\/x.com\/innoticiasbo\",\"https:\/\/www.instagram.com\/innoticiasbo\",\"https:\/\/www.youtube.com\/innoticiasbo\"]},{\"@type\":\"Person\",\"@id\":\"https:\/\/innoticiasbo.com\/#\/schema\/person\/589cd527c4211df1b943bdad85ec07ce\",\"name\":\"Prensa\",\"image\":{\"@type\":\"ImageObject\",\"inLanguage\":\"es\",\"@id\":\"https:\/\/innoticiasbo.com\/#\/schema\/person\/image\/\",\"url\":\"https:\/\/secure.gravatar.com\/avatar\/d359bbdf112023c1c0a3ec7fe1600657?s=96&d=mm&r=g\",\"contentUrl\":\"https:\/\/secure.gravatar.com\/avatar\/d359bbdf112023c1c0a3ec7fe1600657?s=96&d=mm&r=g\",\"caption\":\"Prensa\"},\"sameAs\":[\"http:\/\/www.innoticiasbo.com\"],\"url\":\"https:\/\/innoticiasbo.com\/index.php\/author\/prensa\/\"}]}<\/script>\n<!-- \/ Yoast SEO plugin. -->","yoast_head_json":{"title":"NGP OFICIALIZA SU DECISI\u00d3N DE NO PARTICIPAR EN LAS ELECCIONES GENERALES 2025 - innoticiasbo.com","robots":{"index":"index","follow":"follow","max-snippet":"max-snippet:-1","max-image-preview":"max-image-preview:large","max-video-preview":"max-video-preview:-1"},"canonical":"https:\/\/innoticiasbo.com\/index.php\/2025\/07\/09\/ngp-oficializa-su-decision-de-no-participar-en-las-elecciones-generales-2025\/","og_locale":"es_ES","og_type":"article","og_title":"NGP OFICIALIZA SU DECISI\u00d3N DE NO PARTICIPAR EN LAS ELECCIONES GENERALES 2025 - innoticiasbo.com","og_description":"Cochabamba, 9 de julio de 2025 \u2013 El Comit\u00e9 Ejecutivo Nacional del partido Nueva Generaci\u00f3n Patri\u00f3tica (NGP) anunci\u00f3 este mi\u00e9rcoles su decisi\u00f3n de no participar en las Elecciones Generales previstas para el pr\u00f3ximo 17 de agosto, tras un proceso interno de an\u00e1lisis y evaluaci\u00f3n pol\u00edtica. La determinaci\u00f3n fue formalizada ante el Tribunal Supremo Electoral (TSE)...","og_url":"https:\/\/innoticiasbo.com\/index.php\/2025\/07\/09\/ngp-oficializa-su-decision-de-no-participar-en-las-elecciones-generales-2025\/","og_site_name":"innoticiasbo.com","article_publisher":"https:\/\/www.facebook.com\/innoticiasbolivia","article_published_time":"2025-07-09T15:48:33+00:00","article_modified_time":"2025-07-09T15:49:07+00:00","og_image":[{"width":980,"height":553,"url":"https:\/\/i0.wp.com\/innoticiasbo.com\/wp-content\/uploads\/2025\/07\/4b2a0d1a-0023-41d3-86bb-aa726ee59ee2.jpg?fit=980%2C553&ssl=1","type":"image\/jpeg"}],"author":"Prensa","twitter_card":"summary_large_image","twitter_creator":"@innoticiasbo","twitter_site":"@innoticiasbo","twitter_misc":{"Escrito por":"Prensa","Tiempo de lectura":"1 minuto"},"schema":{"@context":"https:\/\/schema.org","@graph":[{"@type":"Article","@id":"https:\/\/innoticiasbo.com\/index.php\/2025\/07\/09\/ngp-oficializa-su-decision-de-no-participar-en-las-elecciones-generales-2025\/#article","isPartOf":{"@id":"https:\/\/innoticiasbo.com\/index.php\/2025\/07\/09\/ngp-oficializa-su-decision-de-no-participar-en-las-elecciones-generales-2025\/"},"author":{"name":"Prensa","@id":"https:\/\/innoticiasbo.com\/#\/schema\/person\/589cd527c4211df1b943bdad85ec07ce"},"headline":"NGP OFICIALIZA SU DECISI\u00d3N DE NO PARTICIPAR EN LAS ELECCIONES GENERALES 2025","datePublished":"2025-07-09T15:48:33+00:00","dateModified":"2025-07-09T15:49:07+00:00","mainEntityOfPage":{"@id":"https:\/\/innoticiasbo.com\/index.php\/2025\/07\/09\/ngp-oficializa-su-decision-de-no-participar-en-las-elecciones-generales-2025\/"},"wordCount":304,"commentCount":0,"publisher":{"@id":"https:\/\/innoticiasbo.com\/#organization"},"image":{"@id":"https:\/\/innoticiasbo.com\/index.php\/2025\/07\/09\/ngp-oficializa-su-decision-de-no-participar-en-las-elecciones-generales-2025\/#primaryimage"},"thumbnailUrl":"https:\/\/i0.wp.com\/innoticiasbo.com\/wp-content\/uploads\/2025\/07\/4b2a0d1a-0023-41d3-86bb-aa726ee59ee2.jpg?fit=980%2C553&ssl=1","keywords":["inhabilitado","innoticias","Jaime Dunn","NPG"],"articleSection":["Bolivia","Pol\u00edtica"],"inLanguage":"es","potentialAction":[{"@type":"CommentAction","name":"Comment","target":["https:\/\/innoticiasbo.com\/index.php\/2025\/07\/09\/ngp-oficializa-su-decision-de-no-participar-en-las-elecciones-generales-2025\/#respond"]}]},{"@type":"WebPage","@id":"https:\/\/innoticiasbo.com\/index.php\/2025\/07\/09\/ngp-oficializa-su-decision-de-no-participar-en-las-elecciones-generales-2025\/","url":"https:\/\/innoticiasbo.com\/index.php\/2025\/07\/09\/ngp-oficializa-su-decision-de-no-participar-en-las-elecciones-generales-2025\/","name":"NGP OFICIALIZA SU DECISI\u00d3N DE NO PARTICIPAR EN LAS ELECCIONES GENERALES 2025 - innoticiasbo.com","isPartOf":{"@id":"https:\/\/innoticiasbo.com\/#website"},"primaryImageOfPage":{"@id":"https:\/\/innoticiasbo.com\/index.php\/2025\/07\/09\/ngp-oficializa-su-decision-de-no-participar-en-las-elecciones-generales-2025\/#primaryimage"},"image":{"@id":"https:\/\/innoticiasbo.com\/index.php\/2025\/07\/09\/ngp-oficializa-su-decision-de-no-participar-en-las-elecciones-generales-2025\/#primaryimage"},"thumbnailUrl":"https:\/\/i0.wp.com\/innoticiasbo.com\/wp-content\/uploads\/2025\/07\/4b2a0d1a-0023-41d3-86bb-aa726ee59ee2.jpg?fit=980%2C553&ssl=1","datePublished":"2025-07-09T15:48:33+00:00","dateModified":"2025-07-09T15:49:07+00:00","breadcrumb":{"@id":"https:\/\/innoticiasbo.com\/index.php\/2025\/07\/09\/ngp-oficializa-su-decision-de-no-participar-en-las-elecciones-generales-2025\/#breadcrumb"},"inLanguage":"es","potentialAction":[{"@type":"ReadAction","target":["https:\/\/innoticiasbo.com\/index.php\/2025\/07\/09\/ngp-oficializa-su-decision-de-no-participar-en-las-elecciones-generales-2025\/"]}]},{"@type":"ImageObject","inLanguage":"es","@id":"https:\/\/innoticiasbo.com\/index.php\/2025\/07\/09\/ngp-oficializa-su-decision-de-no-participar-en-las-elecciones-generales-2025\/#primaryimage","url":"https:\/\/i0.wp.com\/innoticiasbo.com\/wp-content\/uploads\/2025\/07\/4b2a0d1a-0023-41d3-86bb-aa726ee59ee2.jpg?fit=980%2C553&ssl=1","contentUrl":"https:\/\/i0.wp.com\/innoticiasbo.com\/wp-content\/uploads\/2025\/07\/4b2a0d1a-0023-41d3-86bb-aa726ee59ee2.jpg?fit=980%2C553&ssl=1","width":980,"height":553},{"@type":"BreadcrumbList","@id":"https:\/\/innoticiasbo.com\/index.php\/2025\/07\/09\/ngp-oficializa-su-decision-de-no-participar-en-las-elecciones-generales-2025\/#breadcrumb","itemListElement":[{"@type":"ListItem","position":1,"name":"Portada","item":"https:\/\/innoticiasbo.com\/"},{"@type":"ListItem","position":2,"name":"NGP OFICIALIZA SU DECISI\u00d3N DE NO PARTICIPAR EN LAS ELECCIONES GENERALES 2025"}]},{"@type":"WebSite","@id":"https:\/\/innoticiasbo.com\/#website","url":"https:\/\/innoticiasbo.com\/","name":"innoticiasbo.com","description":"","publisher":{"@id":"https:\/\/innoticiasbo.com\/#organization"},"potentialAction":[{"@type":"SearchAction","target":{"@type":"EntryPoint","urlTemplate":"https:\/\/innoticiasbo.com\/?s={search_term_string}"},"query-input":{"@type":"PropertyValueSpecification","valueRequired":true,"valueName":"search_term_string"}}],"inLanguage":"es"},{"@type":"Organization","@id":"https:\/\/innoticiasbo.com\/#organization","name":"innoticiasbo.com","url":"https:\/\/innoticiasbo.com\/","logo":{"@type":"ImageObject","inLanguage":"es","@id":"https:\/\/innoticiasbo.com\/#\/schema\/logo\/image\/","url":"https:\/\/i0.wp.com\/innoticiasbo.com\/wp-content\/uploads\/2026\/04\/cropped-IN-LOGO.png?fit=1476%2C1476&ssl=1","contentUrl":"https:\/\/i0.wp.com\/innoticiasbo.com\/wp-content\/uploads\/2026\/04\/cropped-IN-LOGO.png?fit=1476%2C1476&ssl=1","width":1476,"height":1476,"caption":"innoticiasbo.com"},"image":{"@id":"https:\/\/innoticiasbo.com\/#\/schema\/logo\/image\/"},"sameAs":["https:\/\/www.facebook.com\/innoticiasbolivia","https:\/\/x.com\/innoticiasbo","https:\/\/www.instagram.com\/innoticiasbo","https:\/\/www.youtube.com\/innoticiasbo"]},{"@type":"Person","@id":"https:\/\/innoticiasbo.com\/#\/schema\/person\/589cd527c4211df1b943bdad85ec07ce","name":"Prensa","image":{"@type":"ImageObject","inLanguage":"es","@id":"https:\/\/innoticiasbo.com\/#\/schema\/person\/image\/","url":"https:\/\/secure.gravatar.com\/avatar\/d359bbdf112023c1c0a3ec7fe1600657?s=96&d=mm&r=g","contentUrl":"https:\/\/secure.gravatar.com\/avatar\/d359bbdf112023c1c0a3ec7fe1600657?s=96&d=mm&r=g","caption":"Prensa"},"sameAs":["http:\/\/www.innoticiasbo.com"],"url":"https:\/\/innoticiasbo.com\/index.php\/author\/prensa\/"}]}},"jetpack_featured_media_url":"https:\/\/i0.wp.com\/innoticiasbo.com\/wp-content\/uploads\/2025\/07\/4b2a0d1a-0023-41d3-86bb-aa726ee59ee2.jpg?fit=980%2C553&ssl=1","jetpack_likes_enabled":true,"jetpack_sharing_enabled":true,"jetpack_shortlink":"https:\/\/wp.me\/pg298x-1Tj","_links":{"self":[{"href":"https:\/\/innoticiasbo.com\/index.php\/wp-json\/wp\/v2\/posts\/7273","targetHints":{"allow":["GET"]}}],"collection":[{"href":"https:\/\/innoticiasbo.com\/index.php\/wp-json\/wp\/v2\/posts"}],"about":[{"href":"https:\/\/innoticiasbo.com\/index.php\/wp-json\/wp\/v2\/types\/post"}],"author":[{"embeddable":true,"href":"https:\/\/innoticiasbo.com\/index.php\/wp-json\/wp\/v2\/users\/2"}],"replies":[{"embeddable":true,"href":"https:\/\/innoticiasbo.com\/index.php\/wp-json\/wp\/v2\/comments?post=7273"}],"version-history":[{"count":1,"href":"https:\/\/innoticiasbo.com\/index.php\/wp-json\/wp\/v2\/posts\/7273\/revisions"}],"predecessor-version":[{"id":7274,"href":"https:\/\/innoticiasbo.com\/index.php\/wp-json\/wp\/v2\/posts\/7273\/revisions\/7274"}],"wp:featuredmedia":[{"embeddable":true,"href":"https:\/\/innoticiasbo.com\/index.php\/wp-json\/wp\/v2\/media\/7272"}],"wp:attachment":[{"href":"https:\/\/innoticiasbo.com\/index.php\/wp-json\/wp\/v2\/media?parent=7273"}],"wp:term":[{"taxonomy":"category","embeddable":true,"href":"https:\/\/innoticiasbo.com\/index.php\/wp-json\/wp\/v2\/categories?post=7273"},{"taxonomy":"post_tag","embeddable":true,"href":"https:\/\/innoticiasbo.com\/index.php\/wp-json\/wp\/v2\/tags?post=7273"}],"curies":[{"name":"wp","href":"https:\/\/api.w.org\/{rel}","templated":true}]}}