{"id":7268,"date":"2025-07-09T10:45:19","date_gmt":"2025-07-09T14:45:19","guid":{"rendered":"https:\/\/innoticiasbo.com\/?p=7268"},"modified":"2025-07-09T12:35:34","modified_gmt":"2025-07-09T16:35:34","slug":"nueva-generacion-patriotica-ngp-no-va-mas-en-las-elecciones-generales-2025","status":"publish","type":"post","link":"https:\/\/innoticiasbo.com\/index.php\/2025\/07\/09\/nueva-generacion-patriotica-ngp-no-va-mas-en-las-elecciones-generales-2025\/","title":{"rendered":"NUEVA GENERACI\u00d3N PATRI\u00d3TICA (NGP) NO VA M\u00c1S EN LAS ELECCIONES GENERALES 2025"},"content":{"rendered":"<p>La Paz, 9 de julio de 2025.- Nueva Generaci\u00f3n Patri\u00f3tica (NGP) no va m\u00e1s en las elecciones generales 2025. As\u00ed lo anunciaron fuentes del Tribunal Supremo Electoral (TSE) la ma\u00f1ana de este mi\u00e9rcoles, horas despu\u00e9s de que se ratificara la inhabilitaci\u00f3n de Jaime Dunn como candidato presidencial.<\/p>\n<p>Seg\u00fan fuentes del ente electoral, NGP remiti\u00f3 una nota formal en el que determina \u201cno participar de las elecciones generales 2025\u201d, en vista a lo resuelto por el comit\u00e9 ejecutivo nacional del part8 no puede ser utilizado para intentar subsanar un requisito que no fue cumplido para ser candidato.<\/p>\n<p><img data-recalc-dims=\"1\" loading=\"lazy\" decoding=\"async\" src=\"https:\/\/i0.wp.com\/innoticiasbo.com\/wp-content\/uploads\/2025\/07\/noticias-unitel_101-12448948_202507091350058173782139774187699.webp?resize=420%2C280&#038;ssl=1\" class=\"wp-image-7267 alignnone size-full\" width=\"420\" height=\"280\" srcset=\"https:\/\/i0.wp.com\/innoticiasbo.com\/wp-content\/uploads\/2025\/07\/noticias-unitel_101-12448948_202507091350058173782139774187699.webp?w=420&amp;ssl=1 420w, https:\/\/i0.wp.com\/innoticiasbo.com\/wp-content\/uploads\/2025\/07\/noticias-unitel_101-12448948_202507091350058173782139774187699.webp?resize=300%2C200&amp;ssl=1 300w\" sizes=\"auto, (max-width: 420px) 100vw, 420px\" \/><\/p>\n<p>Este martes, desde el TSE, el vocal Gustavo \u00c1vila se\u00f1al\u00f3 que un recurso de revisi\u00f3n extraordinaria que fue presentado por Dunn para salvar su candidatura no puede ser utilizado para intentar subsanar un requisito que no fue cumplido para ser candidato.<\/p>\n<p>Fuente: Unitel<\/p>\n","protected":false},"excerpt":{"rendered":"<p>La Paz, 9 de julio de 2025.- Nueva Generaci\u00f3n Patri\u00f3tica (NGP) no va m\u00e1s en las elecciones generales 2025. As\u00ed lo anunciaron fuentes del Tribunal Supremo Electoral (TSE) la ma\u00f1ana de este mi\u00e9rcoles, horas despu\u00e9s de que se ratificara la inhabilitaci\u00f3n de Jaime Dunn como candidato presidencial. Seg\u00fan fuentes del ente electoral, NGP remiti\u00f3 una&#8230;<\/p>\n","protected":false},"author":2,"featured_media":7266,"comment_status":"open","ping_status":"open","sticky":false,"template":"","format":"standard","meta":{"_jetpack_memberships_contains_paid_content":false,"footnotes":"","jetpack_publicize_message":"","jetpack_publicize_feature_enabled":true,"jetpack_social_post_already_shared":true,"jetpack_social_options":{"image_generator_settings":{"template":"highway","enabled":false},"version":2}},"categories":[1,3],"tags":[224,378,22,302,894],"class_list":["post-7268","post","type-post","status-publish","format-standard","has-post-thumbnail","hentry","category-bolivia","category-politica","tag-elecciones-bolivia-2025","tag-inhabilitado","tag-innoticias","tag-jaime-dunn","tag-ngp"],"jetpack_publicize_connections":[],"yoast_head":"<!-- This site is optimized with the Yoast SEO plugin v23.4 - https:\/\/yoast.com\/wordpress\/plugins\/seo\/ -->\n<title>NUEVA GENERACI\u00d3N PATRI\u00d3TICA (NGP) NO VA M\u00c1S EN LAS ELECCIONES GENERALES 2025 - innoticiasbo.com<\/title>\n<meta name=\"robots\" content=\"index, follow, max-snippet:-1, max-image-preview:large, max-video-preview:-1\" \/>\n<link rel=\"canonical\" href=\"https:\/\/innoticiasbo.com\/index.php\/2025\/07\/09\/nueva-generacion-patriotica-ngp-no-va-mas-en-las-elecciones-generales-2025\/\" \/>\n<meta property=\"og:locale\" content=\"es_ES\" \/>\n<meta property=\"og:type\" content=\"article\" \/>\n<meta property=\"og:title\" content=\"NUEVA GENERACI\u00d3N PATRI\u00d3TICA (NGP) NO VA M\u00c1S EN LAS ELECCIONES GENERALES 2025 - innoticiasbo.com\" \/>\n<meta property=\"og:description\" content=\"La Paz, 9 de julio de 2025.- Nueva Generaci\u00f3n Patri\u00f3tica (NGP) no va m\u00e1s en las elecciones generales 2025. As\u00ed lo anunciaron fuentes del Tribunal Supremo Electoral (TSE) la ma\u00f1ana de este mi\u00e9rcoles, horas despu\u00e9s de que se ratificara la inhabilitaci\u00f3n de Jaime Dunn como candidato presidencial. Seg\u00fan fuentes del ente electoral, NGP remiti\u00f3 una...\" \/>\n<meta property=\"og:url\" content=\"https:\/\/innoticiasbo.com\/index.php\/2025\/07\/09\/nueva-generacion-patriotica-ngp-no-va-mas-en-las-elecciones-generales-2025\/\" \/>\n<meta property=\"og:site_name\" content=\"innoticiasbo.com\" \/>\n<meta property=\"article:publisher\" content=\"https:\/\/www.facebook.com\/innoticiasbolivia\" \/>\n<meta property=\"article:published_time\" content=\"2025-07-09T14:45:19+00:00\" \/>\n<meta property=\"article:modified_time\" content=\"2025-07-09T16:35:34+00:00\" \/>\n<meta property=\"og:image\" content=\"https:\/\/i0.wp.com\/innoticiasbo.com\/wp-content\/uploads\/2025\/07\/noticias-unitel_101-12448948_20250709135005.webp?fit=420%2C280&ssl=1\" \/>\n\t<meta property=\"og:image:width\" content=\"420\" \/>\n\t<meta property=\"og:image:height\" content=\"280\" \/>\n\t<meta property=\"og:image:type\" content=\"image\/webp\" \/>\n<meta name=\"author\" content=\"Prensa\" \/>\n<meta name=\"twitter:card\" content=\"summary_large_image\" \/>\n<meta name=\"twitter:creator\" content=\"@innoticiasbo\" \/>\n<meta name=\"twitter:site\" content=\"@innoticiasbo\" \/>\n<meta name=\"twitter:label1\" content=\"Escrito por\" \/>\n\t<meta name=\"twitter:data1\" content=\"Prensa\" \/>\n\t<meta name=\"twitter:label2\" content=\"Tiempo de lectura\" \/>\n\t<meta name=\"twitter:data2\" content=\"1 minuto\" \/>\n<script type=\"application\/ld+json\" class=\"yoast-schema-graph\">{\"@context\":\"https:\/\/schema.org\",\"@graph\":[{\"@type\":\"Article\",\"@id\":\"https:\/\/innoticiasbo.com\/index.php\/2025\/07\/09\/nueva-generacion-patriotica-ngp-no-va-mas-en-las-elecciones-generales-2025\/#article\",\"isPartOf\":{\"@id\":\"https:\/\/innoticiasbo.com\/index.php\/2025\/07\/09\/nueva-generacion-patriotica-ngp-no-va-mas-en-las-elecciones-generales-2025\/\"},\"author\":{\"name\":\"Prensa\",\"@id\":\"https:\/\/innoticiasbo.com\/#\/schema\/person\/589cd527c4211df1b943bdad85ec07ce\"},\"headline\":\"NUEVA GENERACI\u00d3N PATRI\u00d3TICA (NGP) NO VA M\u00c1S EN LAS ELECCIONES GENERALES 2025\",\"datePublished\":\"2025-07-09T14:45:19+00:00\",\"dateModified\":\"2025-07-09T16:35:34+00:00\",\"mainEntityOfPage\":{\"@id\":\"https:\/\/innoticiasbo.com\/index.php\/2025\/07\/09\/nueva-generacion-patriotica-ngp-no-va-mas-en-las-elecciones-generales-2025\/\"},\"wordCount\":160,\"commentCount\":0,\"publisher\":{\"@id\":\"https:\/\/innoticiasbo.com\/#organization\"},\"image\":{\"@id\":\"https:\/\/innoticiasbo.com\/index.php\/2025\/07\/09\/nueva-generacion-patriotica-ngp-no-va-mas-en-las-elecciones-generales-2025\/#primaryimage\"},\"thumbnailUrl\":\"https:\/\/i0.wp.com\/innoticiasbo.com\/wp-content\/uploads\/2025\/07\/noticias-unitel_101-12448948_20250709135005.webp?fit=420%2C280&ssl=1\",\"keywords\":[\"elecciones Bolivia 2025\",\"inhabilitado\",\"innoticias\",\"Jaime Dunn\",\"NGP\"],\"articleSection\":[\"Bolivia\",\"Pol\u00edtica\"],\"inLanguage\":\"es\",\"potentialAction\":[{\"@type\":\"CommentAction\",\"name\":\"Comment\",\"target\":[\"https:\/\/innoticiasbo.com\/index.php\/2025\/07\/09\/nueva-generacion-patriotica-ngp-no-va-mas-en-las-elecciones-generales-2025\/#respond\"]}]},{\"@type\":\"WebPage\",\"@id\":\"https:\/\/innoticiasbo.com\/index.php\/2025\/07\/09\/nueva-generacion-patriotica-ngp-no-va-mas-en-las-elecciones-generales-2025\/\",\"url\":\"https:\/\/innoticiasbo.com\/index.php\/2025\/07\/09\/nueva-generacion-patriotica-ngp-no-va-mas-en-las-elecciones-generales-2025\/\",\"name\":\"NUEVA GENERACI\u00d3N PATRI\u00d3TICA (NGP) NO VA M\u00c1S EN LAS ELECCIONES GENERALES 2025 - innoticiasbo.com\",\"isPartOf\":{\"@id\":\"https:\/\/innoticiasbo.com\/#website\"},\"primaryImageOfPage\":{\"@id\":\"https:\/\/innoticiasbo.com\/index.php\/2025\/07\/09\/nueva-generacion-patriotica-ngp-no-va-mas-en-las-elecciones-generales-2025\/#primaryimage\"},\"image\":{\"@id\":\"https:\/\/innoticiasbo.com\/index.php\/2025\/07\/09\/nueva-generacion-patriotica-ngp-no-va-mas-en-las-elecciones-generales-2025\/#primaryimage\"},\"thumbnailUrl\":\"https:\/\/i0.wp.com\/innoticiasbo.com\/wp-content\/uploads\/2025\/07\/noticias-unitel_101-12448948_20250709135005.webp?fit=420%2C280&ssl=1\",\"datePublished\":\"2025-07-09T14:45:19+00:00\",\"dateModified\":\"2025-07-09T16:35:34+00:00\",\"breadcrumb\":{\"@id\":\"https:\/\/innoticiasbo.com\/index.php\/2025\/07\/09\/nueva-generacion-patriotica-ngp-no-va-mas-en-las-elecciones-generales-2025\/#breadcrumb\"},\"inLanguage\":\"es\",\"potentialAction\":[{\"@type\":\"ReadAction\",\"target\":[\"https:\/\/innoticiasbo.com\/index.php\/2025\/07\/09\/nueva-generacion-patriotica-ngp-no-va-mas-en-las-elecciones-generales-2025\/\"]}]},{\"@type\":\"ImageObject\",\"inLanguage\":\"es\",\"@id\":\"https:\/\/innoticiasbo.com\/index.php\/2025\/07\/09\/nueva-generacion-patriotica-ngp-no-va-mas-en-las-elecciones-generales-2025\/#primaryimage\",\"url\":\"https:\/\/i0.wp.com\/innoticiasbo.com\/wp-content\/uploads\/2025\/07\/noticias-unitel_101-12448948_20250709135005.webp?fit=420%2C280&ssl=1\",\"contentUrl\":\"https:\/\/i0.wp.com\/innoticiasbo.com\/wp-content\/uploads\/2025\/07\/noticias-unitel_101-12448948_20250709135005.webp?fit=420%2C280&ssl=1\",\"width\":420,\"height\":280},{\"@type\":\"BreadcrumbList\",\"@id\":\"https:\/\/innoticiasbo.com\/index.php\/2025\/07\/09\/nueva-generacion-patriotica-ngp-no-va-mas-en-las-elecciones-generales-2025\/#breadcrumb\",\"itemListElement\":[{\"@type\":\"ListItem\",\"position\":1,\"name\":\"Portada\",\"item\":\"https:\/\/innoticiasbo.com\/\"},{\"@type\":\"ListItem\",\"position\":2,\"name\":\"NUEVA GENERACI\u00d3N PATRI\u00d3TICA (NGP) NO VA M\u00c1S EN LAS ELECCIONES GENERALES 2025\"}]},{\"@type\":\"WebSite\",\"@id\":\"https:\/\/innoticiasbo.com\/#website\",\"url\":\"https:\/\/innoticiasbo.com\/\",\"name\":\"innoticiasbo.com\",\"description\":\"\",\"publisher\":{\"@id\":\"https:\/\/innoticiasbo.com\/#organization\"},\"potentialAction\":[{\"@type\":\"SearchAction\",\"target\":{\"@type\":\"EntryPoint\",\"urlTemplate\":\"https:\/\/innoticiasbo.com\/?s={search_term_string}\"},\"query-input\":{\"@type\":\"PropertyValueSpecification\",\"valueRequired\":true,\"valueName\":\"search_term_string\"}}],\"inLanguage\":\"es\"},{\"@type\":\"Organization\",\"@id\":\"https:\/\/innoticiasbo.com\/#organization\",\"name\":\"innoticiasbo.com\",\"url\":\"https:\/\/innoticiasbo.com\/\",\"logo\":{\"@type\":\"ImageObject\",\"inLanguage\":\"es\",\"@id\":\"https:\/\/innoticiasbo.com\/#\/schema\/logo\/image\/\",\"url\":\"https:\/\/i0.wp.com\/innoticiasbo.com\/wp-content\/uploads\/2026\/04\/cropped-IN-LOGO.png?fit=1476%2C1476&ssl=1\",\"contentUrl\":\"https:\/\/i0.wp.com\/innoticiasbo.com\/wp-content\/uploads\/2026\/04\/cropped-IN-LOGO.png?fit=1476%2C1476&ssl=1\",\"width\":1476,\"height\":1476,\"caption\":\"innoticiasbo.com\"},\"image\":{\"@id\":\"https:\/\/innoticiasbo.com\/#\/schema\/logo\/image\/\"},\"sameAs\":[\"https:\/\/www.facebook.com\/innoticiasbolivia\",\"https:\/\/x.com\/innoticiasbo\",\"https:\/\/www.instagram.com\/innoticiasbo\",\"https:\/\/www.youtube.com\/innoticiasbo\"]},{\"@type\":\"Person\",\"@id\":\"https:\/\/innoticiasbo.com\/#\/schema\/person\/589cd527c4211df1b943bdad85ec07ce\",\"name\":\"Prensa\",\"image\":{\"@type\":\"ImageObject\",\"inLanguage\":\"es\",\"@id\":\"https:\/\/innoticiasbo.com\/#\/schema\/person\/image\/\",\"url\":\"https:\/\/secure.gravatar.com\/avatar\/d359bbdf112023c1c0a3ec7fe1600657?s=96&d=mm&r=g\",\"contentUrl\":\"https:\/\/secure.gravatar.com\/avatar\/d359bbdf112023c1c0a3ec7fe1600657?s=96&d=mm&r=g\",\"caption\":\"Prensa\"},\"sameAs\":[\"http:\/\/www.innoticiasbo.com\"],\"url\":\"https:\/\/innoticiasbo.com\/index.php\/author\/prensa\/\"}]}<\/script>\n<!-- \/ Yoast SEO plugin. -->","yoast_head_json":{"title":"NUEVA GENERACI\u00d3N PATRI\u00d3TICA (NGP) NO VA M\u00c1S EN LAS ELECCIONES GENERALES 2025 - innoticiasbo.com","robots":{"index":"index","follow":"follow","max-snippet":"max-snippet:-1","max-image-preview":"max-image-preview:large","max-video-preview":"max-video-preview:-1"},"canonical":"https:\/\/innoticiasbo.com\/index.php\/2025\/07\/09\/nueva-generacion-patriotica-ngp-no-va-mas-en-las-elecciones-generales-2025\/","og_locale":"es_ES","og_type":"article","og_title":"NUEVA GENERACI\u00d3N PATRI\u00d3TICA (NGP) NO VA M\u00c1S EN LAS ELECCIONES GENERALES 2025 - innoticiasbo.com","og_description":"La Paz, 9 de julio de 2025.- Nueva Generaci\u00f3n Patri\u00f3tica (NGP) no va m\u00e1s en las elecciones generales 2025. As\u00ed lo anunciaron fuentes del Tribunal Supremo Electoral (TSE) la ma\u00f1ana de este mi\u00e9rcoles, horas despu\u00e9s de que se ratificara la inhabilitaci\u00f3n de Jaime Dunn como candidato presidencial. Seg\u00fan fuentes del ente electoral, NGP remiti\u00f3 una...","og_url":"https:\/\/innoticiasbo.com\/index.php\/2025\/07\/09\/nueva-generacion-patriotica-ngp-no-va-mas-en-las-elecciones-generales-2025\/","og_site_name":"innoticiasbo.com","article_publisher":"https:\/\/www.facebook.com\/innoticiasbolivia","article_published_time":"2025-07-09T14:45:19+00:00","article_modified_time":"2025-07-09T16:35:34+00:00","og_image":[{"width":420,"height":280,"url":"https:\/\/i0.wp.com\/innoticiasbo.com\/wp-content\/uploads\/2025\/07\/noticias-unitel_101-12448948_20250709135005.webp?fit=420%2C280&ssl=1","type":"image\/webp"}],"author":"Prensa","twitter_card":"summary_large_image","twitter_creator":"@innoticiasbo","twitter_site":"@innoticiasbo","twitter_misc":{"Escrito por":"Prensa","Tiempo de lectura":"1 minuto"},"schema":{"@context":"https:\/\/schema.org","@graph":[{"@type":"Article","@id":"https:\/\/innoticiasbo.com\/index.php\/2025\/07\/09\/nueva-generacion-patriotica-ngp-no-va-mas-en-las-elecciones-generales-2025\/#article","isPartOf":{"@id":"https:\/\/innoticiasbo.com\/index.php\/2025\/07\/09\/nueva-generacion-patriotica-ngp-no-va-mas-en-las-elecciones-generales-2025\/"},"author":{"name":"Prensa","@id":"https:\/\/innoticiasbo.com\/#\/schema\/person\/589cd527c4211df1b943bdad85ec07ce"},"headline":"NUEVA GENERACI\u00d3N PATRI\u00d3TICA (NGP) NO VA M\u00c1S EN LAS ELECCIONES GENERALES 2025","datePublished":"2025-07-09T14:45:19+00:00","dateModified":"2025-07-09T16:35:34+00:00","mainEntityOfPage":{"@id":"https:\/\/innoticiasbo.com\/index.php\/2025\/07\/09\/nueva-generacion-patriotica-ngp-no-va-mas-en-las-elecciones-generales-2025\/"},"wordCount":160,"commentCount":0,"publisher":{"@id":"https:\/\/innoticiasbo.com\/#organization"},"image":{"@id":"https:\/\/innoticiasbo.com\/index.php\/2025\/07\/09\/nueva-generacion-patriotica-ngp-no-va-mas-en-las-elecciones-generales-2025\/#primaryimage"},"thumbnailUrl":"https:\/\/i0.wp.com\/innoticiasbo.com\/wp-content\/uploads\/2025\/07\/noticias-unitel_101-12448948_20250709135005.webp?fit=420%2C280&ssl=1","keywords":["elecciones Bolivia 2025","inhabilitado","innoticias","Jaime Dunn","NGP"],"articleSection":["Bolivia","Pol\u00edtica"],"inLanguage":"es","potentialAction":[{"@type":"CommentAction","name":"Comment","target":["https:\/\/innoticiasbo.com\/index.php\/2025\/07\/09\/nueva-generacion-patriotica-ngp-no-va-mas-en-las-elecciones-generales-2025\/#respond"]}]},{"@type":"WebPage","@id":"https:\/\/innoticiasbo.com\/index.php\/2025\/07\/09\/nueva-generacion-patriotica-ngp-no-va-mas-en-las-elecciones-generales-2025\/","url":"https:\/\/innoticiasbo.com\/index.php\/2025\/07\/09\/nueva-generacion-patriotica-ngp-no-va-mas-en-las-elecciones-generales-2025\/","name":"NUEVA GENERACI\u00d3N PATRI\u00d3TICA (NGP) NO VA M\u00c1S EN LAS ELECCIONES GENERALES 2025 - innoticiasbo.com","isPartOf":{"@id":"https:\/\/innoticiasbo.com\/#website"},"primaryImageOfPage":{"@id":"https:\/\/innoticiasbo.com\/index.php\/2025\/07\/09\/nueva-generacion-patriotica-ngp-no-va-mas-en-las-elecciones-generales-2025\/#primaryimage"},"image":{"@id":"https:\/\/innoticiasbo.com\/index.php\/2025\/07\/09\/nueva-generacion-patriotica-ngp-no-va-mas-en-las-elecciones-generales-2025\/#primaryimage"},"thumbnailUrl":"https:\/\/i0.wp.com\/innoticiasbo.com\/wp-content\/uploads\/2025\/07\/noticias-unitel_101-12448948_20250709135005.webp?fit=420%2C280&ssl=1","datePublished":"2025-07-09T14:45:19+00:00","dateModified":"2025-07-09T16:35:34+00:00","breadcrumb":{"@id":"https:\/\/innoticiasbo.com\/index.php\/2025\/07\/09\/nueva-generacion-patriotica-ngp-no-va-mas-en-las-elecciones-generales-2025\/#breadcrumb"},"inLanguage":"es","potentialAction":[{"@type":"ReadAction","target":["https:\/\/innoticiasbo.com\/index.php\/2025\/07\/09\/nueva-generacion-patriotica-ngp-no-va-mas-en-las-elecciones-generales-2025\/"]}]},{"@type":"ImageObject","inLanguage":"es","@id":"https:\/\/innoticiasbo.com\/index.php\/2025\/07\/09\/nueva-generacion-patriotica-ngp-no-va-mas-en-las-elecciones-generales-2025\/#primaryimage","url":"https:\/\/i0.wp.com\/innoticiasbo.com\/wp-content\/uploads\/2025\/07\/noticias-unitel_101-12448948_20250709135005.webp?fit=420%2C280&ssl=1","contentUrl":"https:\/\/i0.wp.com\/innoticiasbo.com\/wp-content\/uploads\/2025\/07\/noticias-unitel_101-12448948_20250709135005.webp?fit=420%2C280&ssl=1","width":420,"height":280},{"@type":"BreadcrumbList","@id":"https:\/\/innoticiasbo.com\/index.php\/2025\/07\/09\/nueva-generacion-patriotica-ngp-no-va-mas-en-las-elecciones-generales-2025\/#breadcrumb","itemListElement":[{"@type":"ListItem","position":1,"name":"Portada","item":"https:\/\/innoticiasbo.com\/"},{"@type":"ListItem","position":2,"name":"NUEVA GENERACI\u00d3N PATRI\u00d3TICA (NGP) NO VA M\u00c1S EN LAS ELECCIONES GENERALES 2025"}]},{"@type":"WebSite","@id":"https:\/\/innoticiasbo.com\/#website","url":"https:\/\/innoticiasbo.com\/","name":"innoticiasbo.com","description":"","publisher":{"@id":"https:\/\/innoticiasbo.com\/#organization"},"potentialAction":[{"@type":"SearchAction","target":{"@type":"EntryPoint","urlTemplate":"https:\/\/innoticiasbo.com\/?s={search_term_string}"},"query-input":{"@type":"PropertyValueSpecification","valueRequired":true,"valueName":"search_term_string"}}],"inLanguage":"es"},{"@type":"Organization","@id":"https:\/\/innoticiasbo.com\/#organization","name":"innoticiasbo.com","url":"https:\/\/innoticiasbo.com\/","logo":{"@type":"ImageObject","inLanguage":"es","@id":"https:\/\/innoticiasbo.com\/#\/schema\/logo\/image\/","url":"https:\/\/i0.wp.com\/innoticiasbo.com\/wp-content\/uploads\/2026\/04\/cropped-IN-LOGO.png?fit=1476%2C1476&ssl=1","contentUrl":"https:\/\/i0.wp.com\/innoticiasbo.com\/wp-content\/uploads\/2026\/04\/cropped-IN-LOGO.png?fit=1476%2C1476&ssl=1","width":1476,"height":1476,"caption":"innoticiasbo.com"},"image":{"@id":"https:\/\/innoticiasbo.com\/#\/schema\/logo\/image\/"},"sameAs":["https:\/\/www.facebook.com\/innoticiasbolivia","https:\/\/x.com\/innoticiasbo","https:\/\/www.instagram.com\/innoticiasbo","https:\/\/www.youtube.com\/innoticiasbo"]},{"@type":"Person","@id":"https:\/\/innoticiasbo.com\/#\/schema\/person\/589cd527c4211df1b943bdad85ec07ce","name":"Prensa","image":{"@type":"ImageObject","inLanguage":"es","@id":"https:\/\/innoticiasbo.com\/#\/schema\/person\/image\/","url":"https:\/\/secure.gravatar.com\/avatar\/d359bbdf112023c1c0a3ec7fe1600657?s=96&d=mm&r=g","contentUrl":"https:\/\/secure.gravatar.com\/avatar\/d359bbdf112023c1c0a3ec7fe1600657?s=96&d=mm&r=g","caption":"Prensa"},"sameAs":["http:\/\/www.innoticiasbo.com"],"url":"https:\/\/innoticiasbo.com\/index.php\/author\/prensa\/"}]}},"jetpack_featured_media_url":"https:\/\/i0.wp.com\/innoticiasbo.com\/wp-content\/uploads\/2025\/07\/noticias-unitel_101-12448948_20250709135005.webp?fit=420%2C280&ssl=1","jetpack_likes_enabled":true,"jetpack_sharing_enabled":true,"jetpack_shortlink":"https:\/\/wp.me\/pg298x-1Te","_links":{"self":[{"href":"https:\/\/innoticiasbo.com\/index.php\/wp-json\/wp\/v2\/posts\/7268","targetHints":{"allow":["GET"]}}],"collection":[{"href":"https:\/\/innoticiasbo.com\/index.php\/wp-json\/wp\/v2\/posts"}],"about":[{"href":"https:\/\/innoticiasbo.com\/index.php\/wp-json\/wp\/v2\/types\/post"}],"author":[{"embeddable":true,"href":"https:\/\/innoticiasbo.com\/index.php\/wp-json\/wp\/v2\/users\/2"}],"replies":[{"embeddable":true,"href":"https:\/\/innoticiasbo.com\/index.php\/wp-json\/wp\/v2\/comments?post=7268"}],"version-history":[{"count":1,"href":"https:\/\/innoticiasbo.com\/index.php\/wp-json\/wp\/v2\/posts\/7268\/revisions"}],"predecessor-version":[{"id":7269,"href":"https:\/\/innoticiasbo.com\/index.php\/wp-json\/wp\/v2\/posts\/7268\/revisions\/7269"}],"wp:featuredmedia":[{"embeddable":true,"href":"https:\/\/innoticiasbo.com\/index.php\/wp-json\/wp\/v2\/media\/7266"}],"wp:attachment":[{"href":"https:\/\/innoticiasbo.com\/index.php\/wp-json\/wp\/v2\/media?parent=7268"}],"wp:term":[{"taxonomy":"category","embeddable":true,"href":"https:\/\/innoticiasbo.com\/index.php\/wp-json\/wp\/v2\/categories?post=7268"},{"taxonomy":"post_tag","embeddable":true,"href":"https:\/\/innoticiasbo.com\/index.php\/wp-json\/wp\/v2\/tags?post=7268"}],"curies":[{"name":"wp","href":"https:\/\/api.w.org\/{rel}","templated":true}]}}