{"id":7263,"date":"2025-07-08T12:27:21","date_gmt":"2025-07-08T16:27:21","guid":{"rendered":"https:\/\/innoticiasbo.com\/?p=7263"},"modified":"2025-07-08T12:27:50","modified_gmt":"2025-07-08T16:27:50","slug":"doria-medina-presento-el-que-sera-su-primer-decreto-se-acabo-la-fiesta","status":"publish","type":"post","link":"https:\/\/innoticiasbo.com\/index.php\/2025\/07\/08\/doria-medina-presento-el-que-sera-su-primer-decreto-se-acabo-la-fiesta\/","title":{"rendered":"DORIA MEDINA PRESENT\u00d3 EL QUE SER\u00c1 SU PRIMER DECRETO: \u201cSE ACAB\u00d3 LA FIESTA \u201d"},"content":{"rendered":"<p>La Paz, 8 de julio de 2025.- El candidato de la alianza UNIDAD, Samuel Doria Medina, present\u00f3 el primer decreto que emitir\u00e1 en caso de ser presidente, llamado \u201cSe acab\u00f3 la fiesta\u201d. Se\u00f1al\u00f3 que lo hac\u00eda \u201cpara mostrar que el plan de 100 d\u00edas es un compromiso serio, realizable y que no se va a suspender ni olvidar. En las primeras 100 horas de gobierno mandar\u00e9 un mensaje muy claro a los funcionarios p\u00fablicos y al pa\u00eds\u201d.<br \/>\nEl decreto logra un ahorro de 2.483 millones bolivianos cortando gastos estatales que Samuel describi\u00f3 como \u201clos privilegios de una \u00e9lite burocr\u00e1tica, que son una pesada piedra colgada del cuello de la econom\u00eda, capaz de hundirla en la hiperinflaci\u00f3n\u201d.<br \/>\nPara eso, la norma reduce en proporciones que van del 40 al 60% las partidas del presupuesto de publicidad (ahorro por a\u00f1o de 195 millones de bolivianos), redes sociales (ahorro por a\u00f1o de 40 millones de bolivianos), pasajes y vi\u00e1ticos (ahorro de 250 millones de bolivianos por a\u00f1o), consultor\u00edas por producto (ahorro de 75 millones de bolivianos por a\u00f1o), consultores en l\u00ednea (ahorro de 175 millones de bolivianos por a\u00f1o), mobiliario (ahorro de 327 millones de bolivianos por a\u00f1o), imprenta y papeler\u00eda (ahorro de 117 millones de bolivianos por a\u00f1o), uso del parque automotor a gasolina o di\u00e9sel (ahorro de 101 millones de bolivianos por a\u00f1o), refrigerios (ahorro de 365 millones de bolivianos por a\u00f1o), compra de equipos de comunicaci\u00f3n (ahorro de 195 millones de bolivianos por a\u00f1o), prendas de vestir y textiles (ahorro de 61 millones de bolivianos por a\u00f1o), alquiler de inmuebles (ahorro de 82 millones de bolivianos por a\u00f1o), y de otras partidas del presupuesto.<\/p>\n<p><img data-recalc-dims=\"1\" loading=\"lazy\" decoding=\"async\" src=\"https:\/\/i0.wp.com\/innoticiasbo.com\/wp-content\/uploads\/2025\/07\/img-20250708-wa00938712921155836982790.jpg?resize=640%2C423&#038;ssl=1\" class=\"wp-image-7259 alignnone size-full\" width=\"640\" height=\"423\" srcset=\"https:\/\/i0.wp.com\/innoticiasbo.com\/wp-content\/uploads\/2025\/07\/img-20250708-wa00938712921155836982790.jpg?w=1600&amp;ssl=1 1600w, https:\/\/i0.wp.com\/innoticiasbo.com\/wp-content\/uploads\/2025\/07\/img-20250708-wa00938712921155836982790.jpg?resize=300%2C198&amp;ssl=1 300w, https:\/\/i0.wp.com\/innoticiasbo.com\/wp-content\/uploads\/2025\/07\/img-20250708-wa00938712921155836982790.jpg?resize=1024%2C677&amp;ssl=1 1024w, https:\/\/i0.wp.com\/innoticiasbo.com\/wp-content\/uploads\/2025\/07\/img-20250708-wa00938712921155836982790.jpg?resize=768%2C508&amp;ssl=1 768w, https:\/\/i0.wp.com\/innoticiasbo.com\/wp-content\/uploads\/2025\/07\/img-20250708-wa00938712921155836982790.jpg?resize=1536%2C1016&amp;ssl=1 1536w, https:\/\/i0.wp.com\/innoticiasbo.com\/wp-content\/uploads\/2025\/07\/img-20250708-wa00938712921155836982790.jpg?w=1280&amp;ssl=1 1280w\" sizes=\"auto, (max-width: 640px) 100vw, 640px\" \/><\/p>\n<p>El decreto tambi\u00e9n cierra de forma definitiva el peri\u00f3dico Ahora el Pueblo, \u201cpor ser un instrumento de desinformaci\u00f3n y de culto a la personalidad presidencial\u201d. Se\u00f1ala que \u201cel personal no jer\u00e1rquico de este peri\u00f3dico pasa a disposici\u00f3n del Viceministerio de Comunicaci\u00f3n para desempe\u00f1ar funciones positivas para la sociedad\u201d. Con ello se ahorrar\u00e1 20 millones de bolivianos por a\u00f1o.<\/p>\n<p><img data-recalc-dims=\"1\" loading=\"lazy\" decoding=\"async\" src=\"https:\/\/i0.wp.com\/innoticiasbo.com\/wp-content\/uploads\/2025\/07\/img-20250708-wa01115402797048552227496.jpg?resize=640%2C360&#038;ssl=1\" class=\"wp-image-7261 alignnone size-full\" width=\"640\" height=\"360\" srcset=\"https:\/\/i0.wp.com\/innoticiasbo.com\/wp-content\/uploads\/2025\/07\/img-20250708-wa01115402797048552227496.jpg?w=1280&amp;ssl=1 1280w, https:\/\/i0.wp.com\/innoticiasbo.com\/wp-content\/uploads\/2025\/07\/img-20250708-wa01115402797048552227496.jpg?resize=300%2C169&amp;ssl=1 300w, https:\/\/i0.wp.com\/innoticiasbo.com\/wp-content\/uploads\/2025\/07\/img-20250708-wa01115402797048552227496.jpg?resize=1024%2C576&amp;ssl=1 1024w, https:\/\/i0.wp.com\/innoticiasbo.com\/wp-content\/uploads\/2025\/07\/img-20250708-wa01115402797048552227496.jpg?resize=768%2C432&amp;ssl=1 768w\" sizes=\"auto, (max-width: 640px) 100vw, 640px\" \/><\/p>\n<p>Tambi\u00e9n establece \u201cla suspensi\u00f3n de las transmisiones de Bolivia Tv (canal 7) y las radios estatales por 60 d\u00edas, para que en este tiempo se discuta y se apruebe una ley para crear un Sistema P\u00fablico de Medios de Comunicaci\u00f3n Estatales que no dependa de los gobiernos de turno\u201d.<\/p>\n<p><img data-recalc-dims=\"1\" loading=\"lazy\" decoding=\"async\" src=\"https:\/\/i0.wp.com\/innoticiasbo.com\/wp-content\/uploads\/2025\/07\/img-20250708-wa00972573018907000510795.jpg?resize=640%2C644&#038;ssl=1\" class=\"wp-image-7260 alignnone size-full\" width=\"640\" height=\"644\" srcset=\"https:\/\/i0.wp.com\/innoticiasbo.com\/wp-content\/uploads\/2025\/07\/img-20250708-wa00972573018907000510795.jpg?w=1989&amp;ssl=1 1989w, https:\/\/i0.wp.com\/innoticiasbo.com\/wp-content\/uploads\/2025\/07\/img-20250708-wa00972573018907000510795.jpg?resize=298%2C300&amp;ssl=1 298w, https:\/\/i0.wp.com\/innoticiasbo.com\/wp-content\/uploads\/2025\/07\/img-20250708-wa00972573018907000510795.jpg?resize=1018%2C1024&amp;ssl=1 1018w, https:\/\/i0.wp.com\/innoticiasbo.com\/wp-content\/uploads\/2025\/07\/img-20250708-wa00972573018907000510795.jpg?resize=150%2C150&amp;ssl=1 150w, https:\/\/i0.wp.com\/innoticiasbo.com\/wp-content\/uploads\/2025\/07\/img-20250708-wa00972573018907000510795.jpg?resize=768%2C772&amp;ssl=1 768w, https:\/\/i0.wp.com\/innoticiasbo.com\/wp-content\/uploads\/2025\/07\/img-20250708-wa00972573018907000510795.jpg?resize=1528%2C1536&amp;ssl=1 1528w, https:\/\/i0.wp.com\/innoticiasbo.com\/wp-content\/uploads\/2025\/07\/img-20250708-wa00972573018907000510795.jpg?w=1280&amp;ssl=1 1280w, https:\/\/i0.wp.com\/innoticiasbo.com\/wp-content\/uploads\/2025\/07\/img-20250708-wa00972573018907000510795.jpg?w=1920&amp;ssl=1 1920w\" sizes=\"auto, (max-width: 640px) 100vw, 640px\" \/><\/p>\n<p>En cuanto a los gastos que el decreto elimina en 100% est\u00e1n los de ceremonias, fiestas y celebraciones sociales por aniversarios, festividades y celebraciones pol\u00edticas financiadas con recursos del Estado (quedan exentas las ceremonias militares y la celebraci\u00f3n del 6 de Agosto), con lo que se ahorra 82 millones de bolivianos por a\u00f1o.<br \/>\nTambi\u00e9n suspende el pago de primas y bonos a los funcionarios de las empresas m\u00e1s importantes del Estado, y el pago de gastos de representaci\u00f3n a sus directivos.<br \/>\n\u201cEl mensaje es claro. Se acab\u00f3 la fiesta. Tendremos un Estado a la medida de una econom\u00eda en proceso de curaci\u00f3n, los gastos corresponder\u00e1n con sus ingresos\u201d, se\u00f1al\u00f3 Doria Medina al presentar el decreto. \u201cEl plan 100 d\u00edas carajo es un compromiso de pol\u00edtica p\u00fablica. Lo realizaremos de verdad\u201d, asegur\u00f3.<\/p>\n","protected":false},"excerpt":{"rendered":"<p>La Paz, 8 de julio de 2025.- El candidato de la alianza UNIDAD, Samuel Doria Medina, present\u00f3 el primer decreto que emitir\u00e1 en caso de ser presidente, llamado \u201cSe acab\u00f3 la fiesta\u201d. Se\u00f1al\u00f3 que lo hac\u00eda \u201cpara mostrar que el plan de 100 d\u00edas es un compromiso serio, realizable y que no se va a&#8230;<\/p>\n","protected":false},"author":2,"featured_media":7262,"comment_status":"open","ping_status":"open","sticky":false,"template":"","format":"standard","meta":{"_jetpack_memberships_contains_paid_content":false,"footnotes":"","jetpack_publicize_message":"","jetpack_publicize_feature_enabled":true,"jetpack_social_post_already_shared":true,"jetpack_social_options":{"image_generator_settings":{"template":"highway","enabled":false},"version":2}},"categories":[1,16,3],"tags":[892,224,44,893],"class_list":["post-7263","post","type-post","status-publish","format-standard","has-post-thumbnail","hentry","category-bolivia","category-economia","category-politica","tag-decreto","tag-elecciones-bolivia-2025","tag-samuel-doria-medina","tag-se-acabo-la-fiesta"],"jetpack_publicize_connections":[],"yoast_head":"<!-- This site is optimized with the Yoast SEO plugin v23.4 - https:\/\/yoast.com\/wordpress\/plugins\/seo\/ -->\n<title>DORIA MEDINA PRESENT\u00d3 EL QUE SER\u00c1 SU PRIMER DECRETO: \u201cSE ACAB\u00d3 LA FIESTA \u201d - innoticiasbo.com<\/title>\n<meta name=\"robots\" content=\"index, follow, max-snippet:-1, max-image-preview:large, max-video-preview:-1\" \/>\n<link rel=\"canonical\" href=\"https:\/\/innoticiasbo.com\/index.php\/2025\/07\/08\/doria-medina-presento-el-que-sera-su-primer-decreto-se-acabo-la-fiesta\/\" \/>\n<meta property=\"og:locale\" content=\"es_ES\" \/>\n<meta property=\"og:type\" content=\"article\" \/>\n<meta property=\"og:title\" content=\"DORIA MEDINA PRESENT\u00d3 EL QUE SER\u00c1 SU PRIMER DECRETO: \u201cSE ACAB\u00d3 LA FIESTA \u201d - innoticiasbo.com\" \/>\n<meta property=\"og:description\" content=\"La Paz, 8 de julio de 2025.- El candidato de la alianza UNIDAD, Samuel Doria Medina, present\u00f3 el primer decreto que emitir\u00e1 en caso de ser presidente, llamado \u201cSe acab\u00f3 la fiesta\u201d. Se\u00f1al\u00f3 que lo hac\u00eda \u201cpara mostrar que el plan de 100 d\u00edas es un compromiso serio, realizable y que no se va a...\" \/>\n<meta property=\"og:url\" content=\"https:\/\/innoticiasbo.com\/index.php\/2025\/07\/08\/doria-medina-presento-el-que-sera-su-primer-decreto-se-acabo-la-fiesta\/\" \/>\n<meta property=\"og:site_name\" content=\"innoticiasbo.com\" \/>\n<meta property=\"article:publisher\" content=\"https:\/\/www.facebook.com\/innoticiasbolivia\" \/>\n<meta property=\"article:published_time\" content=\"2025-07-08T16:27:21+00:00\" \/>\n<meta property=\"article:modified_time\" content=\"2025-07-08T16:27:50+00:00\" \/>\n<meta property=\"og:image\" content=\"https:\/\/i0.wp.com\/innoticiasbo.com\/wp-content\/uploads\/2025\/07\/IMG-20250708-WA0093.jpg?fit=1600%2C1058&ssl=1\" \/>\n\t<meta property=\"og:image:width\" content=\"1600\" \/>\n\t<meta property=\"og:image:height\" content=\"1058\" \/>\n\t<meta property=\"og:image:type\" content=\"image\/jpeg\" \/>\n<meta name=\"author\" content=\"Prensa\" \/>\n<meta name=\"twitter:card\" content=\"summary_large_image\" \/>\n<meta name=\"twitter:creator\" content=\"@innoticiasbo\" \/>\n<meta name=\"twitter:site\" content=\"@innoticiasbo\" \/>\n<meta name=\"twitter:label1\" content=\"Escrito por\" \/>\n\t<meta name=\"twitter:data1\" content=\"Prensa\" \/>\n\t<meta name=\"twitter:label2\" content=\"Tiempo de lectura\" \/>\n\t<meta name=\"twitter:data2\" content=\"3 minutos\" \/>\n<script type=\"application\/ld+json\" class=\"yoast-schema-graph\">{\"@context\":\"https:\/\/schema.org\",\"@graph\":[{\"@type\":\"Article\",\"@id\":\"https:\/\/innoticiasbo.com\/index.php\/2025\/07\/08\/doria-medina-presento-el-que-sera-su-primer-decreto-se-acabo-la-fiesta\/#article\",\"isPartOf\":{\"@id\":\"https:\/\/innoticiasbo.com\/index.php\/2025\/07\/08\/doria-medina-presento-el-que-sera-su-primer-decreto-se-acabo-la-fiesta\/\"},\"author\":{\"name\":\"Prensa\",\"@id\":\"https:\/\/innoticiasbo.com\/#\/schema\/person\/589cd527c4211df1b943bdad85ec07ce\"},\"headline\":\"DORIA MEDINA PRESENT\u00d3 EL QUE SER\u00c1 SU PRIMER DECRETO: \u201cSE ACAB\u00d3 LA FIESTA \u201d\",\"datePublished\":\"2025-07-08T16:27:21+00:00\",\"dateModified\":\"2025-07-08T16:27:50+00:00\",\"mainEntityOfPage\":{\"@id\":\"https:\/\/innoticiasbo.com\/index.php\/2025\/07\/08\/doria-medina-presento-el-que-sera-su-primer-decreto-se-acabo-la-fiesta\/\"},\"wordCount\":555,\"commentCount\":0,\"publisher\":{\"@id\":\"https:\/\/innoticiasbo.com\/#organization\"},\"image\":{\"@id\":\"https:\/\/innoticiasbo.com\/index.php\/2025\/07\/08\/doria-medina-presento-el-que-sera-su-primer-decreto-se-acabo-la-fiesta\/#primaryimage\"},\"thumbnailUrl\":\"https:\/\/i0.wp.com\/innoticiasbo.com\/wp-content\/uploads\/2025\/07\/IMG-20250708-WA0093.jpg?fit=1600%2C1058&ssl=1\",\"keywords\":[\"decreto\",\"elecciones Bolivia 2025\",\"Samuel Doria Medina\",\"se acab\u00f3 la fiesta\"],\"articleSection\":[\"Bolivia\",\"Econom\u00eda\",\"Pol\u00edtica\"],\"inLanguage\":\"es\",\"potentialAction\":[{\"@type\":\"CommentAction\",\"name\":\"Comment\",\"target\":[\"https:\/\/innoticiasbo.com\/index.php\/2025\/07\/08\/doria-medina-presento-el-que-sera-su-primer-decreto-se-acabo-la-fiesta\/#respond\"]}]},{\"@type\":\"WebPage\",\"@id\":\"https:\/\/innoticiasbo.com\/index.php\/2025\/07\/08\/doria-medina-presento-el-que-sera-su-primer-decreto-se-acabo-la-fiesta\/\",\"url\":\"https:\/\/innoticiasbo.com\/index.php\/2025\/07\/08\/doria-medina-presento-el-que-sera-su-primer-decreto-se-acabo-la-fiesta\/\",\"name\":\"DORIA MEDINA PRESENT\u00d3 EL QUE SER\u00c1 SU PRIMER DECRETO: \u201cSE ACAB\u00d3 LA FIESTA \u201d - innoticiasbo.com\",\"isPartOf\":{\"@id\":\"https:\/\/innoticiasbo.com\/#website\"},\"primaryImageOfPage\":{\"@id\":\"https:\/\/innoticiasbo.com\/index.php\/2025\/07\/08\/doria-medina-presento-el-que-sera-su-primer-decreto-se-acabo-la-fiesta\/#primaryimage\"},\"image\":{\"@id\":\"https:\/\/innoticiasbo.com\/index.php\/2025\/07\/08\/doria-medina-presento-el-que-sera-su-primer-decreto-se-acabo-la-fiesta\/#primaryimage\"},\"thumbnailUrl\":\"https:\/\/i0.wp.com\/innoticiasbo.com\/wp-content\/uploads\/2025\/07\/IMG-20250708-WA0093.jpg?fit=1600%2C1058&ssl=1\",\"datePublished\":\"2025-07-08T16:27:21+00:00\",\"dateModified\":\"2025-07-08T16:27:50+00:00\",\"breadcrumb\":{\"@id\":\"https:\/\/innoticiasbo.com\/index.php\/2025\/07\/08\/doria-medina-presento-el-que-sera-su-primer-decreto-se-acabo-la-fiesta\/#breadcrumb\"},\"inLanguage\":\"es\",\"potentialAction\":[{\"@type\":\"ReadAction\",\"target\":[\"https:\/\/innoticiasbo.com\/index.php\/2025\/07\/08\/doria-medina-presento-el-que-sera-su-primer-decreto-se-acabo-la-fiesta\/\"]}]},{\"@type\":\"ImageObject\",\"inLanguage\":\"es\",\"@id\":\"https:\/\/innoticiasbo.com\/index.php\/2025\/07\/08\/doria-medina-presento-el-que-sera-su-primer-decreto-se-acabo-la-fiesta\/#primaryimage\",\"url\":\"https:\/\/i0.wp.com\/innoticiasbo.com\/wp-content\/uploads\/2025\/07\/IMG-20250708-WA0093.jpg?fit=1600%2C1058&ssl=1\",\"contentUrl\":\"https:\/\/i0.wp.com\/innoticiasbo.com\/wp-content\/uploads\/2025\/07\/IMG-20250708-WA0093.jpg?fit=1600%2C1058&ssl=1\",\"width\":1600,\"height\":1058},{\"@type\":\"BreadcrumbList\",\"@id\":\"https:\/\/innoticiasbo.com\/index.php\/2025\/07\/08\/doria-medina-presento-el-que-sera-su-primer-decreto-se-acabo-la-fiesta\/#breadcrumb\",\"itemListElement\":[{\"@type\":\"ListItem\",\"position\":1,\"name\":\"Portada\",\"item\":\"https:\/\/innoticiasbo.com\/\"},{\"@type\":\"ListItem\",\"position\":2,\"name\":\"DORIA MEDINA PRESENT\u00d3 EL QUE SER\u00c1 SU PRIMER DECRETO: \u201cSE ACAB\u00d3 LA FIESTA \u201d\"}]},{\"@type\":\"WebSite\",\"@id\":\"https:\/\/innoticiasbo.com\/#website\",\"url\":\"https:\/\/innoticiasbo.com\/\",\"name\":\"innoticiasbo.com\",\"description\":\"\",\"publisher\":{\"@id\":\"https:\/\/innoticiasbo.com\/#organization\"},\"potentialAction\":[{\"@type\":\"SearchAction\",\"target\":{\"@type\":\"EntryPoint\",\"urlTemplate\":\"https:\/\/innoticiasbo.com\/?s={search_term_string}\"},\"query-input\":{\"@type\":\"PropertyValueSpecification\",\"valueRequired\":true,\"valueName\":\"search_term_string\"}}],\"inLanguage\":\"es\"},{\"@type\":\"Organization\",\"@id\":\"https:\/\/innoticiasbo.com\/#organization\",\"name\":\"innoticiasbo.com\",\"url\":\"https:\/\/innoticiasbo.com\/\",\"logo\":{\"@type\":\"ImageObject\",\"inLanguage\":\"es\",\"@id\":\"https:\/\/innoticiasbo.com\/#\/schema\/logo\/image\/\",\"url\":\"https:\/\/i0.wp.com\/innoticiasbo.com\/wp-content\/uploads\/2026\/04\/cropped-IN-LOGO.png?fit=1476%2C1476&ssl=1\",\"contentUrl\":\"https:\/\/i0.wp.com\/innoticiasbo.com\/wp-content\/uploads\/2026\/04\/cropped-IN-LOGO.png?fit=1476%2C1476&ssl=1\",\"width\":1476,\"height\":1476,\"caption\":\"innoticiasbo.com\"},\"image\":{\"@id\":\"https:\/\/innoticiasbo.com\/#\/schema\/logo\/image\/\"},\"sameAs\":[\"https:\/\/www.facebook.com\/innoticiasbolivia\",\"https:\/\/x.com\/innoticiasbo\",\"https:\/\/www.instagram.com\/innoticiasbo\",\"https:\/\/www.youtube.com\/innoticiasbo\"]},{\"@type\":\"Person\",\"@id\":\"https:\/\/innoticiasbo.com\/#\/schema\/person\/589cd527c4211df1b943bdad85ec07ce\",\"name\":\"Prensa\",\"image\":{\"@type\":\"ImageObject\",\"inLanguage\":\"es\",\"@id\":\"https:\/\/innoticiasbo.com\/#\/schema\/person\/image\/\",\"url\":\"https:\/\/secure.gravatar.com\/avatar\/d359bbdf112023c1c0a3ec7fe1600657?s=96&d=mm&r=g\",\"contentUrl\":\"https:\/\/secure.gravatar.com\/avatar\/d359bbdf112023c1c0a3ec7fe1600657?s=96&d=mm&r=g\",\"caption\":\"Prensa\"},\"sameAs\":[\"http:\/\/www.innoticiasbo.com\"],\"url\":\"https:\/\/innoticiasbo.com\/index.php\/author\/prensa\/\"}]}<\/script>\n<!-- \/ Yoast SEO plugin. -->","yoast_head_json":{"title":"DORIA MEDINA PRESENT\u00d3 EL QUE SER\u00c1 SU PRIMER DECRETO: \u201cSE ACAB\u00d3 LA FIESTA \u201d - innoticiasbo.com","robots":{"index":"index","follow":"follow","max-snippet":"max-snippet:-1","max-image-preview":"max-image-preview:large","max-video-preview":"max-video-preview:-1"},"canonical":"https:\/\/innoticiasbo.com\/index.php\/2025\/07\/08\/doria-medina-presento-el-que-sera-su-primer-decreto-se-acabo-la-fiesta\/","og_locale":"es_ES","og_type":"article","og_title":"DORIA MEDINA PRESENT\u00d3 EL QUE SER\u00c1 SU PRIMER DECRETO: \u201cSE ACAB\u00d3 LA FIESTA \u201d - innoticiasbo.com","og_description":"La Paz, 8 de julio de 2025.- El candidato de la alianza UNIDAD, Samuel Doria Medina, present\u00f3 el primer decreto que emitir\u00e1 en caso de ser presidente, llamado \u201cSe acab\u00f3 la fiesta\u201d. Se\u00f1al\u00f3 que lo hac\u00eda \u201cpara mostrar que el plan de 100 d\u00edas es un compromiso serio, realizable y que no se va a...","og_url":"https:\/\/innoticiasbo.com\/index.php\/2025\/07\/08\/doria-medina-presento-el-que-sera-su-primer-decreto-se-acabo-la-fiesta\/","og_site_name":"innoticiasbo.com","article_publisher":"https:\/\/www.facebook.com\/innoticiasbolivia","article_published_time":"2025-07-08T16:27:21+00:00","article_modified_time":"2025-07-08T16:27:50+00:00","og_image":[{"width":1600,"height":1058,"url":"https:\/\/i0.wp.com\/innoticiasbo.com\/wp-content\/uploads\/2025\/07\/IMG-20250708-WA0093.jpg?fit=1600%2C1058&ssl=1","type":"image\/jpeg"}],"author":"Prensa","twitter_card":"summary_large_image","twitter_creator":"@innoticiasbo","twitter_site":"@innoticiasbo","twitter_misc":{"Escrito por":"Prensa","Tiempo de lectura":"3 minutos"},"schema":{"@context":"https:\/\/schema.org","@graph":[{"@type":"Article","@id":"https:\/\/innoticiasbo.com\/index.php\/2025\/07\/08\/doria-medina-presento-el-que-sera-su-primer-decreto-se-acabo-la-fiesta\/#article","isPartOf":{"@id":"https:\/\/innoticiasbo.com\/index.php\/2025\/07\/08\/doria-medina-presento-el-que-sera-su-primer-decreto-se-acabo-la-fiesta\/"},"author":{"name":"Prensa","@id":"https:\/\/innoticiasbo.com\/#\/schema\/person\/589cd527c4211df1b943bdad85ec07ce"},"headline":"DORIA MEDINA PRESENT\u00d3 EL QUE SER\u00c1 SU PRIMER DECRETO: \u201cSE ACAB\u00d3 LA FIESTA \u201d","datePublished":"2025-07-08T16:27:21+00:00","dateModified":"2025-07-08T16:27:50+00:00","mainEntityOfPage":{"@id":"https:\/\/innoticiasbo.com\/index.php\/2025\/07\/08\/doria-medina-presento-el-que-sera-su-primer-decreto-se-acabo-la-fiesta\/"},"wordCount":555,"commentCount":0,"publisher":{"@id":"https:\/\/innoticiasbo.com\/#organization"},"image":{"@id":"https:\/\/innoticiasbo.com\/index.php\/2025\/07\/08\/doria-medina-presento-el-que-sera-su-primer-decreto-se-acabo-la-fiesta\/#primaryimage"},"thumbnailUrl":"https:\/\/i0.wp.com\/innoticiasbo.com\/wp-content\/uploads\/2025\/07\/IMG-20250708-WA0093.jpg?fit=1600%2C1058&ssl=1","keywords":["decreto","elecciones Bolivia 2025","Samuel Doria Medina","se acab\u00f3 la fiesta"],"articleSection":["Bolivia","Econom\u00eda","Pol\u00edtica"],"inLanguage":"es","potentialAction":[{"@type":"CommentAction","name":"Comment","target":["https:\/\/innoticiasbo.com\/index.php\/2025\/07\/08\/doria-medina-presento-el-que-sera-su-primer-decreto-se-acabo-la-fiesta\/#respond"]}]},{"@type":"WebPage","@id":"https:\/\/innoticiasbo.com\/index.php\/2025\/07\/08\/doria-medina-presento-el-que-sera-su-primer-decreto-se-acabo-la-fiesta\/","url":"https:\/\/innoticiasbo.com\/index.php\/2025\/07\/08\/doria-medina-presento-el-que-sera-su-primer-decreto-se-acabo-la-fiesta\/","name":"DORIA MEDINA PRESENT\u00d3 EL QUE SER\u00c1 SU PRIMER DECRETO: \u201cSE ACAB\u00d3 LA FIESTA \u201d - innoticiasbo.com","isPartOf":{"@id":"https:\/\/innoticiasbo.com\/#website"},"primaryImageOfPage":{"@id":"https:\/\/innoticiasbo.com\/index.php\/2025\/07\/08\/doria-medina-presento-el-que-sera-su-primer-decreto-se-acabo-la-fiesta\/#primaryimage"},"image":{"@id":"https:\/\/innoticiasbo.com\/index.php\/2025\/07\/08\/doria-medina-presento-el-que-sera-su-primer-decreto-se-acabo-la-fiesta\/#primaryimage"},"thumbnailUrl":"https:\/\/i0.wp.com\/innoticiasbo.com\/wp-content\/uploads\/2025\/07\/IMG-20250708-WA0093.jpg?fit=1600%2C1058&ssl=1","datePublished":"2025-07-08T16:27:21+00:00","dateModified":"2025-07-08T16:27:50+00:00","breadcrumb":{"@id":"https:\/\/innoticiasbo.com\/index.php\/2025\/07\/08\/doria-medina-presento-el-que-sera-su-primer-decreto-se-acabo-la-fiesta\/#breadcrumb"},"inLanguage":"es","potentialAction":[{"@type":"ReadAction","target":["https:\/\/innoticiasbo.com\/index.php\/2025\/07\/08\/doria-medina-presento-el-que-sera-su-primer-decreto-se-acabo-la-fiesta\/"]}]},{"@type":"ImageObject","inLanguage":"es","@id":"https:\/\/innoticiasbo.com\/index.php\/2025\/07\/08\/doria-medina-presento-el-que-sera-su-primer-decreto-se-acabo-la-fiesta\/#primaryimage","url":"https:\/\/i0.wp.com\/innoticiasbo.com\/wp-content\/uploads\/2025\/07\/IMG-20250708-WA0093.jpg?fit=1600%2C1058&ssl=1","contentUrl":"https:\/\/i0.wp.com\/innoticiasbo.com\/wp-content\/uploads\/2025\/07\/IMG-20250708-WA0093.jpg?fit=1600%2C1058&ssl=1","width":1600,"height":1058},{"@type":"BreadcrumbList","@id":"https:\/\/innoticiasbo.com\/index.php\/2025\/07\/08\/doria-medina-presento-el-que-sera-su-primer-decreto-se-acabo-la-fiesta\/#breadcrumb","itemListElement":[{"@type":"ListItem","position":1,"name":"Portada","item":"https:\/\/innoticiasbo.com\/"},{"@type":"ListItem","position":2,"name":"DORIA MEDINA PRESENT\u00d3 EL QUE SER\u00c1 SU PRIMER DECRETO: \u201cSE ACAB\u00d3 LA FIESTA \u201d"}]},{"@type":"WebSite","@id":"https:\/\/innoticiasbo.com\/#website","url":"https:\/\/innoticiasbo.com\/","name":"innoticiasbo.com","description":"","publisher":{"@id":"https:\/\/innoticiasbo.com\/#organization"},"potentialAction":[{"@type":"SearchAction","target":{"@type":"EntryPoint","urlTemplate":"https:\/\/innoticiasbo.com\/?s={search_term_string}"},"query-input":{"@type":"PropertyValueSpecification","valueRequired":true,"valueName":"search_term_string"}}],"inLanguage":"es"},{"@type":"Organization","@id":"https:\/\/innoticiasbo.com\/#organization","name":"innoticiasbo.com","url":"https:\/\/innoticiasbo.com\/","logo":{"@type":"ImageObject","inLanguage":"es","@id":"https:\/\/innoticiasbo.com\/#\/schema\/logo\/image\/","url":"https:\/\/i0.wp.com\/innoticiasbo.com\/wp-content\/uploads\/2026\/04\/cropped-IN-LOGO.png?fit=1476%2C1476&ssl=1","contentUrl":"https:\/\/i0.wp.com\/innoticiasbo.com\/wp-content\/uploads\/2026\/04\/cropped-IN-LOGO.png?fit=1476%2C1476&ssl=1","width":1476,"height":1476,"caption":"innoticiasbo.com"},"image":{"@id":"https:\/\/innoticiasbo.com\/#\/schema\/logo\/image\/"},"sameAs":["https:\/\/www.facebook.com\/innoticiasbolivia","https:\/\/x.com\/innoticiasbo","https:\/\/www.instagram.com\/innoticiasbo","https:\/\/www.youtube.com\/innoticiasbo"]},{"@type":"Person","@id":"https:\/\/innoticiasbo.com\/#\/schema\/person\/589cd527c4211df1b943bdad85ec07ce","name":"Prensa","image":{"@type":"ImageObject","inLanguage":"es","@id":"https:\/\/innoticiasbo.com\/#\/schema\/person\/image\/","url":"https:\/\/secure.gravatar.com\/avatar\/d359bbdf112023c1c0a3ec7fe1600657?s=96&d=mm&r=g","contentUrl":"https:\/\/secure.gravatar.com\/avatar\/d359bbdf112023c1c0a3ec7fe1600657?s=96&d=mm&r=g","caption":"Prensa"},"sameAs":["http:\/\/www.innoticiasbo.com"],"url":"https:\/\/innoticiasbo.com\/index.php\/author\/prensa\/"}]}},"jetpack_featured_media_url":"https:\/\/i0.wp.com\/innoticiasbo.com\/wp-content\/uploads\/2025\/07\/IMG-20250708-WA0093.jpg?fit=1600%2C1058&ssl=1","jetpack_likes_enabled":true,"jetpack_sharing_enabled":true,"jetpack_shortlink":"https:\/\/wp.me\/pg298x-1T9","_links":{"self":[{"href":"https:\/\/innoticiasbo.com\/index.php\/wp-json\/wp\/v2\/posts\/7263","targetHints":{"allow":["GET"]}}],"collection":[{"href":"https:\/\/innoticiasbo.com\/index.php\/wp-json\/wp\/v2\/posts"}],"about":[{"href":"https:\/\/innoticiasbo.com\/index.php\/wp-json\/wp\/v2\/types\/post"}],"author":[{"embeddable":true,"href":"https:\/\/innoticiasbo.com\/index.php\/wp-json\/wp\/v2\/users\/2"}],"replies":[{"embeddable":true,"href":"https:\/\/innoticiasbo.com\/index.php\/wp-json\/wp\/v2\/comments?post=7263"}],"version-history":[{"count":1,"href":"https:\/\/innoticiasbo.com\/index.php\/wp-json\/wp\/v2\/posts\/7263\/revisions"}],"predecessor-version":[{"id":7264,"href":"https:\/\/innoticiasbo.com\/index.php\/wp-json\/wp\/v2\/posts\/7263\/revisions\/7264"}],"wp:featuredmedia":[{"embeddable":true,"href":"https:\/\/innoticiasbo.com\/index.php\/wp-json\/wp\/v2\/media\/7262"}],"wp:attachment":[{"href":"https:\/\/innoticiasbo.com\/index.php\/wp-json\/wp\/v2\/media?parent=7263"}],"wp:term":[{"taxonomy":"category","embeddable":true,"href":"https:\/\/innoticiasbo.com\/index.php\/wp-json\/wp\/v2\/categories?post=7263"},{"taxonomy":"post_tag","embeddable":true,"href":"https:\/\/innoticiasbo.com\/index.php\/wp-json\/wp\/v2\/tags?post=7263"}],"curies":[{"name":"wp","href":"https:\/\/api.w.org\/{rel}","templated":true}]}}