{"id":6735,"date":"2025-06-11T16:33:02","date_gmt":"2025-06-11T20:33:02","guid":{"rendered":"https:\/\/innoticiasbo.com\/?p=6735"},"modified":"2025-06-11T16:33:47","modified_gmt":"2025-06-11T20:33:47","slug":"un-policia-habria-muerto-en-llallagua-en-una-emboscada-de-bloqueadores-evistas","status":"publish","type":"post","link":"https:\/\/innoticiasbo.com\/index.php\/2025\/06\/11\/un-policia-habria-muerto-en-llallagua-en-una-emboscada-de-bloqueadores-evistas\/","title":{"rendered":"UN POLIC\u00cdA HABR\u00cdA MUERTO EN LLALLAGUA EN UNA EMBOSCADA DE BLOQUEADORES \u201cEVISTAS\u201d"},"content":{"rendered":"<p>Potos\u00ed, 11 de junio de 2025.- Un efectivo de la polic\u00eda habr\u00eda perdido la vida hoy en Llallagua presuntamente por un disparo de arma de fuego.<\/p>\n<p>Seg\u00fan informaci\u00f3n extraoficial, se tratar\u00eda de un subteniente Jorge Barrozo Rodr\u00edguez que integraba el grupo Deltas y que se encontrar\u00eda \u201cen su primer a\u00f1o como subteniente\u201d, se\u00f1alaron efectivos que se encuentran en Llallagua.<\/p>\n<p><img data-recalc-dims=\"1\" loading=\"lazy\" decoding=\"async\" src=\"https:\/\/i0.wp.com\/innoticiasbo.com\/wp-content\/uploads\/2025\/06\/img-20250611-wa02636791904409219449983.jpg?resize=640%2C1138&#038;ssl=1\" class=\"wp-image-6732 alignnone size-full\" width=\"640\" height=\"1138\" srcset=\"https:\/\/i0.wp.com\/innoticiasbo.com\/wp-content\/uploads\/2025\/06\/img-20250611-wa02636791904409219449983.jpg?w=899&amp;ssl=1 899w, https:\/\/i0.wp.com\/innoticiasbo.com\/wp-content\/uploads\/2025\/06\/img-20250611-wa02636791904409219449983.jpg?resize=169%2C300&amp;ssl=1 169w, https:\/\/i0.wp.com\/innoticiasbo.com\/wp-content\/uploads\/2025\/06\/img-20250611-wa02636791904409219449983.jpg?resize=576%2C1024&amp;ssl=1 576w, https:\/\/i0.wp.com\/innoticiasbo.com\/wp-content\/uploads\/2025\/06\/img-20250611-wa02636791904409219449983.jpg?resize=768%2C1366&amp;ssl=1 768w, https:\/\/i0.wp.com\/innoticiasbo.com\/wp-content\/uploads\/2025\/06\/img-20250611-wa02636791904409219449983.jpg?resize=864%2C1536&amp;ssl=1 864w\" sizes=\"auto, (max-width: 640px) 100vw, 640px\" \/><\/p>\n<p>Asimismo reportan otro polic\u00eda gravemente herido, presuntamente tambi\u00e9n por el impacto de una bala.<\/p>\n<p>Denuncian que los bloqueadores de los \u201cayllus evistas\u201d estar\u00edan armados y que estar\u00edan disparando contra polic\u00edas y tambi\u00e9n contra periodistas.<\/p>\n<p>Hasta el env\u00edo de este material informativo ninguna autoridad ha confirmado o descartado esta informaci\u00f3n, la misma corresponde a efectivos del ordendesplegados en esa zona de conflicto.<\/p>\n<p>FUE UNA EMBOSCADA<br \/>\nSe reporta desde el lugar que los uniformados fueron emboscados por los bloqueadores evistas. El contingente sali\u00f3 desde Oruro limpiando las barricadas en la carretera y cuando faltaba pocopara llegar a Llallagua mboscados por presuntos bloqueadores armados que desde los cerros lanzaron piedras y empezaron a realizar disparos<\/p>\n<p>OTRO POLIC\u00cdA EST\u00c1 GRAVEMENTE HERIDO<\/p>\n<p><img data-recalc-dims=\"1\" loading=\"lazy\" decoding=\"async\" src=\"https:\/\/i0.wp.com\/innoticiasbo.com\/wp-content\/uploads\/2025\/06\/img-20250611-wa02783790062176821381717.jpg?resize=640%2C1138&#038;ssl=1\" class=\"wp-image-6733 alignnone size-full\" width=\"640\" height=\"1138\" srcset=\"https:\/\/i0.wp.com\/innoticiasbo.com\/wp-content\/uploads\/2025\/06\/img-20250611-wa02783790062176821381717.jpg?w=720&amp;ssl=1 720w, https:\/\/i0.wp.com\/innoticiasbo.com\/wp-content\/uploads\/2025\/06\/img-20250611-wa02783790062176821381717.jpg?resize=169%2C300&amp;ssl=1 169w, https:\/\/i0.wp.com\/innoticiasbo.com\/wp-content\/uploads\/2025\/06\/img-20250611-wa02783790062176821381717.jpg?resize=576%2C1024&amp;ssl=1 576w\" sizes=\"auto, (max-width: 640px) 100vw, 640px\" \/><\/p>\n<p>Fuentes policiales que operan en la zona informaron que otro polic\u00eda del grupo Delta, de apellido Miranda, tambi\u00e9n fue alcanzado por los impactos de armas de fuego y se encuentra gravemente herido.<\/p>\n<p>Se aguarda el informe oficial del caso. (En desarrollo)<\/p>\n<p>#extraoficial #reportanfallecido #polic\u00edafallecido #Llallagua #subtenitente #Delga #innoticias<\/p>\n","protected":false},"excerpt":{"rendered":"<p>Potos\u00ed, 11 de junio de 2025.- Un efectivo de la polic\u00eda habr\u00eda perdido la vida hoy en Llallagua presuntamente por un disparo de arma de fuego. Seg\u00fan informaci\u00f3n extraoficial, se tratar\u00eda de un subteniente Jorge Barrozo Rodr\u00edguez que integraba el grupo Deltas y que se encontrar\u00eda \u201cen su primer a\u00f1o como subteniente\u201d, se\u00f1alaron efectivos que&#8230;<\/p>\n","protected":false},"author":2,"featured_media":6734,"comment_status":"open","ping_status":"open","sticky":false,"template":"","format":"standard","meta":{"_jetpack_memberships_contains_paid_content":false,"footnotes":"","jetpack_publicize_message":"","jetpack_publicize_feature_enabled":true,"jetpack_social_post_already_shared":true,"jetpack_social_options":{"image_generator_settings":{"template":"highway","enabled":false},"version":2}},"categories":[1,15],"tags":[633,735,729,736],"class_list":["post-6735","post","type-post","status-publish","format-standard","has-post-thumbnail","hentry","category-bolivia","category-seguridad","tag-bloqueos-evistas","tag-emboscada","tag-llallagua","tag-muerepolicia"],"jetpack_publicize_connections":[],"yoast_head":"<!-- This site is optimized with the Yoast SEO plugin v23.4 - https:\/\/yoast.com\/wordpress\/plugins\/seo\/ -->\n<title>UN POLIC\u00cdA HABR\u00cdA MUERTO EN LLALLAGUA EN UNA EMBOSCADA DE BLOQUEADORES \u201cEVISTAS\u201d - innoticiasbo.com<\/title>\n<meta name=\"robots\" content=\"index, follow, max-snippet:-1, max-image-preview:large, max-video-preview:-1\" \/>\n<link rel=\"canonical\" href=\"https:\/\/innoticiasbo.com\/index.php\/2025\/06\/11\/un-policia-habria-muerto-en-llallagua-en-una-emboscada-de-bloqueadores-evistas\/\" \/>\n<meta property=\"og:locale\" content=\"es_ES\" \/>\n<meta property=\"og:type\" content=\"article\" \/>\n<meta property=\"og:title\" content=\"UN POLIC\u00cdA HABR\u00cdA MUERTO EN LLALLAGUA EN UNA EMBOSCADA DE BLOQUEADORES \u201cEVISTAS\u201d - innoticiasbo.com\" \/>\n<meta property=\"og:description\" content=\"Potos\u00ed, 11 de junio de 2025.- Un efectivo de la polic\u00eda habr\u00eda perdido la vida hoy en Llallagua presuntamente por un disparo de arma de fuego. Seg\u00fan informaci\u00f3n extraoficial, se tratar\u00eda de un subteniente Jorge Barrozo Rodr\u00edguez que integraba el grupo Deltas y que se encontrar\u00eda \u201cen su primer a\u00f1o como subteniente\u201d, se\u00f1alaron efectivos que...\" \/>\n<meta property=\"og:url\" content=\"https:\/\/innoticiasbo.com\/index.php\/2025\/06\/11\/un-policia-habria-muerto-en-llallagua-en-una-emboscada-de-bloqueadores-evistas\/\" \/>\n<meta property=\"og:site_name\" content=\"innoticiasbo.com\" \/>\n<meta property=\"article:publisher\" content=\"https:\/\/www.facebook.com\/innoticiasbolivia\" \/>\n<meta property=\"article:published_time\" content=\"2025-06-11T20:33:02+00:00\" \/>\n<meta property=\"article:modified_time\" content=\"2025-06-11T20:33:47+00:00\" \/>\n<meta property=\"og:image\" content=\"https:\/\/i0.wp.com\/innoticiasbo.com\/wp-content\/uploads\/2025\/06\/IMG-20250611-WA0263.jpg?fit=899%2C1599&ssl=1\" \/>\n\t<meta property=\"og:image:width\" content=\"899\" \/>\n\t<meta property=\"og:image:height\" content=\"1599\" \/>\n\t<meta property=\"og:image:type\" content=\"image\/jpeg\" \/>\n<meta name=\"author\" content=\"Prensa\" \/>\n<meta name=\"twitter:card\" content=\"summary_large_image\" \/>\n<meta name=\"twitter:creator\" content=\"@innoticiasbo\" \/>\n<meta name=\"twitter:site\" content=\"@innoticiasbo\" \/>\n<meta name=\"twitter:label1\" content=\"Escrito por\" \/>\n\t<meta name=\"twitter:data1\" content=\"Prensa\" \/>\n\t<meta name=\"twitter:label2\" content=\"Tiempo de lectura\" \/>\n\t<meta name=\"twitter:data2\" content=\"1 minuto\" \/>\n<script type=\"application\/ld+json\" class=\"yoast-schema-graph\">{\"@context\":\"https:\/\/schema.org\",\"@graph\":[{\"@type\":\"Article\",\"@id\":\"https:\/\/innoticiasbo.com\/index.php\/2025\/06\/11\/un-policia-habria-muerto-en-llallagua-en-una-emboscada-de-bloqueadores-evistas\/#article\",\"isPartOf\":{\"@id\":\"https:\/\/innoticiasbo.com\/index.php\/2025\/06\/11\/un-policia-habria-muerto-en-llallagua-en-una-emboscada-de-bloqueadores-evistas\/\"},\"author\":{\"name\":\"Prensa\",\"@id\":\"https:\/\/innoticiasbo.com\/#\/schema\/person\/589cd527c4211df1b943bdad85ec07ce\"},\"headline\":\"UN POLIC\u00cdA HABR\u00cdA MUERTO EN LLALLAGUA EN UNA EMBOSCADA DE BLOQUEADORES \u201cEVISTAS\u201d\",\"datePublished\":\"2025-06-11T20:33:02+00:00\",\"dateModified\":\"2025-06-11T20:33:47+00:00\",\"mainEntityOfPage\":{\"@id\":\"https:\/\/innoticiasbo.com\/index.php\/2025\/06\/11\/un-policia-habria-muerto-en-llallagua-en-una-emboscada-de-bloqueadores-evistas\/\"},\"wordCount\":258,\"commentCount\":0,\"publisher\":{\"@id\":\"https:\/\/innoticiasbo.com\/#organization\"},\"image\":{\"@id\":\"https:\/\/innoticiasbo.com\/index.php\/2025\/06\/11\/un-policia-habria-muerto-en-llallagua-en-una-emboscada-de-bloqueadores-evistas\/#primaryimage\"},\"thumbnailUrl\":\"https:\/\/i0.wp.com\/innoticiasbo.com\/wp-content\/uploads\/2025\/06\/IMG-20250611-WA0263.jpg?fit=899%2C1599&ssl=1\",\"keywords\":[\"bloqueos evistas\",\"emboscada\",\"Llallagua\",\"muerepolic\u00eda\"],\"articleSection\":[\"Bolivia\",\"Seguridad\"],\"inLanguage\":\"es\",\"potentialAction\":[{\"@type\":\"CommentAction\",\"name\":\"Comment\",\"target\":[\"https:\/\/innoticiasbo.com\/index.php\/2025\/06\/11\/un-policia-habria-muerto-en-llallagua-en-una-emboscada-de-bloqueadores-evistas\/#respond\"]}]},{\"@type\":\"WebPage\",\"@id\":\"https:\/\/innoticiasbo.com\/index.php\/2025\/06\/11\/un-policia-habria-muerto-en-llallagua-en-una-emboscada-de-bloqueadores-evistas\/\",\"url\":\"https:\/\/innoticiasbo.com\/index.php\/2025\/06\/11\/un-policia-habria-muerto-en-llallagua-en-una-emboscada-de-bloqueadores-evistas\/\",\"name\":\"UN POLIC\u00cdA HABR\u00cdA MUERTO EN LLALLAGUA EN UNA EMBOSCADA DE BLOQUEADORES \u201cEVISTAS\u201d - innoticiasbo.com\",\"isPartOf\":{\"@id\":\"https:\/\/innoticiasbo.com\/#website\"},\"primaryImageOfPage\":{\"@id\":\"https:\/\/innoticiasbo.com\/index.php\/2025\/06\/11\/un-policia-habria-muerto-en-llallagua-en-una-emboscada-de-bloqueadores-evistas\/#primaryimage\"},\"image\":{\"@id\":\"https:\/\/innoticiasbo.com\/index.php\/2025\/06\/11\/un-policia-habria-muerto-en-llallagua-en-una-emboscada-de-bloqueadores-evistas\/#primaryimage\"},\"thumbnailUrl\":\"https:\/\/i0.wp.com\/innoticiasbo.com\/wp-content\/uploads\/2025\/06\/IMG-20250611-WA0263.jpg?fit=899%2C1599&ssl=1\",\"datePublished\":\"2025-06-11T20:33:02+00:00\",\"dateModified\":\"2025-06-11T20:33:47+00:00\",\"breadcrumb\":{\"@id\":\"https:\/\/innoticiasbo.com\/index.php\/2025\/06\/11\/un-policia-habria-muerto-en-llallagua-en-una-emboscada-de-bloqueadores-evistas\/#breadcrumb\"},\"inLanguage\":\"es\",\"potentialAction\":[{\"@type\":\"ReadAction\",\"target\":[\"https:\/\/innoticiasbo.com\/index.php\/2025\/06\/11\/un-policia-habria-muerto-en-llallagua-en-una-emboscada-de-bloqueadores-evistas\/\"]}]},{\"@type\":\"ImageObject\",\"inLanguage\":\"es\",\"@id\":\"https:\/\/innoticiasbo.com\/index.php\/2025\/06\/11\/un-policia-habria-muerto-en-llallagua-en-una-emboscada-de-bloqueadores-evistas\/#primaryimage\",\"url\":\"https:\/\/i0.wp.com\/innoticiasbo.com\/wp-content\/uploads\/2025\/06\/IMG-20250611-WA0263.jpg?fit=899%2C1599&ssl=1\",\"contentUrl\":\"https:\/\/i0.wp.com\/innoticiasbo.com\/wp-content\/uploads\/2025\/06\/IMG-20250611-WA0263.jpg?fit=899%2C1599&ssl=1\",\"width\":899,\"height\":1599},{\"@type\":\"BreadcrumbList\",\"@id\":\"https:\/\/innoticiasbo.com\/index.php\/2025\/06\/11\/un-policia-habria-muerto-en-llallagua-en-una-emboscada-de-bloqueadores-evistas\/#breadcrumb\",\"itemListElement\":[{\"@type\":\"ListItem\",\"position\":1,\"name\":\"Portada\",\"item\":\"https:\/\/innoticiasbo.com\/\"},{\"@type\":\"ListItem\",\"position\":2,\"name\":\"UN POLIC\u00cdA HABR\u00cdA MUERTO EN LLALLAGUA EN UNA EMBOSCADA DE BLOQUEADORES \u201cEVISTAS\u201d\"}]},{\"@type\":\"WebSite\",\"@id\":\"https:\/\/innoticiasbo.com\/#website\",\"url\":\"https:\/\/innoticiasbo.com\/\",\"name\":\"innoticiasbo.com\",\"description\":\"\",\"publisher\":{\"@id\":\"https:\/\/innoticiasbo.com\/#organization\"},\"potentialAction\":[{\"@type\":\"SearchAction\",\"target\":{\"@type\":\"EntryPoint\",\"urlTemplate\":\"https:\/\/innoticiasbo.com\/?s={search_term_string}\"},\"query-input\":{\"@type\":\"PropertyValueSpecification\",\"valueRequired\":true,\"valueName\":\"search_term_string\"}}],\"inLanguage\":\"es\"},{\"@type\":\"Organization\",\"@id\":\"https:\/\/innoticiasbo.com\/#organization\",\"name\":\"innoticiasbo.com\",\"url\":\"https:\/\/innoticiasbo.com\/\",\"logo\":{\"@type\":\"ImageObject\",\"inLanguage\":\"es\",\"@id\":\"https:\/\/innoticiasbo.com\/#\/schema\/logo\/image\/\",\"url\":\"https:\/\/i0.wp.com\/innoticiasbo.com\/wp-content\/uploads\/2026\/04\/cropped-IN-LOGO.png?fit=1476%2C1476&ssl=1\",\"contentUrl\":\"https:\/\/i0.wp.com\/innoticiasbo.com\/wp-content\/uploads\/2026\/04\/cropped-IN-LOGO.png?fit=1476%2C1476&ssl=1\",\"width\":1476,\"height\":1476,\"caption\":\"innoticiasbo.com\"},\"image\":{\"@id\":\"https:\/\/innoticiasbo.com\/#\/schema\/logo\/image\/\"},\"sameAs\":[\"https:\/\/www.facebook.com\/innoticiasbolivia\",\"https:\/\/x.com\/innoticiasbo\",\"https:\/\/www.instagram.com\/innoticiasbo\",\"https:\/\/www.youtube.com\/innoticiasbo\"]},{\"@type\":\"Person\",\"@id\":\"https:\/\/innoticiasbo.com\/#\/schema\/person\/589cd527c4211df1b943bdad85ec07ce\",\"name\":\"Prensa\",\"image\":{\"@type\":\"ImageObject\",\"inLanguage\":\"es\",\"@id\":\"https:\/\/innoticiasbo.com\/#\/schema\/person\/image\/\",\"url\":\"https:\/\/secure.gravatar.com\/avatar\/d359bbdf112023c1c0a3ec7fe1600657?s=96&d=mm&r=g\",\"contentUrl\":\"https:\/\/secure.gravatar.com\/avatar\/d359bbdf112023c1c0a3ec7fe1600657?s=96&d=mm&r=g\",\"caption\":\"Prensa\"},\"sameAs\":[\"http:\/\/www.innoticiasbo.com\"],\"url\":\"https:\/\/innoticiasbo.com\/index.php\/author\/prensa\/\"}]}<\/script>\n<!-- \/ Yoast SEO plugin. -->","yoast_head_json":{"title":"UN POLIC\u00cdA HABR\u00cdA MUERTO EN LLALLAGUA EN UNA EMBOSCADA DE BLOQUEADORES \u201cEVISTAS\u201d - innoticiasbo.com","robots":{"index":"index","follow":"follow","max-snippet":"max-snippet:-1","max-image-preview":"max-image-preview:large","max-video-preview":"max-video-preview:-1"},"canonical":"https:\/\/innoticiasbo.com\/index.php\/2025\/06\/11\/un-policia-habria-muerto-en-llallagua-en-una-emboscada-de-bloqueadores-evistas\/","og_locale":"es_ES","og_type":"article","og_title":"UN POLIC\u00cdA HABR\u00cdA MUERTO EN LLALLAGUA EN UNA EMBOSCADA DE BLOQUEADORES \u201cEVISTAS\u201d - innoticiasbo.com","og_description":"Potos\u00ed, 11 de junio de 2025.- Un efectivo de la polic\u00eda habr\u00eda perdido la vida hoy en Llallagua presuntamente por un disparo de arma de fuego. Seg\u00fan informaci\u00f3n extraoficial, se tratar\u00eda de un subteniente Jorge Barrozo Rodr\u00edguez que integraba el grupo Deltas y que se encontrar\u00eda \u201cen su primer a\u00f1o como subteniente\u201d, se\u00f1alaron efectivos que...","og_url":"https:\/\/innoticiasbo.com\/index.php\/2025\/06\/11\/un-policia-habria-muerto-en-llallagua-en-una-emboscada-de-bloqueadores-evistas\/","og_site_name":"innoticiasbo.com","article_publisher":"https:\/\/www.facebook.com\/innoticiasbolivia","article_published_time":"2025-06-11T20:33:02+00:00","article_modified_time":"2025-06-11T20:33:47+00:00","og_image":[{"width":899,"height":1599,"url":"https:\/\/i0.wp.com\/innoticiasbo.com\/wp-content\/uploads\/2025\/06\/IMG-20250611-WA0263.jpg?fit=899%2C1599&ssl=1","type":"image\/jpeg"}],"author":"Prensa","twitter_card":"summary_large_image","twitter_creator":"@innoticiasbo","twitter_site":"@innoticiasbo","twitter_misc":{"Escrito por":"Prensa","Tiempo de lectura":"1 minuto"},"schema":{"@context":"https:\/\/schema.org","@graph":[{"@type":"Article","@id":"https:\/\/innoticiasbo.com\/index.php\/2025\/06\/11\/un-policia-habria-muerto-en-llallagua-en-una-emboscada-de-bloqueadores-evistas\/#article","isPartOf":{"@id":"https:\/\/innoticiasbo.com\/index.php\/2025\/06\/11\/un-policia-habria-muerto-en-llallagua-en-una-emboscada-de-bloqueadores-evistas\/"},"author":{"name":"Prensa","@id":"https:\/\/innoticiasbo.com\/#\/schema\/person\/589cd527c4211df1b943bdad85ec07ce"},"headline":"UN POLIC\u00cdA HABR\u00cdA MUERTO EN LLALLAGUA EN UNA EMBOSCADA DE BLOQUEADORES \u201cEVISTAS\u201d","datePublished":"2025-06-11T20:33:02+00:00","dateModified":"2025-06-11T20:33:47+00:00","mainEntityOfPage":{"@id":"https:\/\/innoticiasbo.com\/index.php\/2025\/06\/11\/un-policia-habria-muerto-en-llallagua-en-una-emboscada-de-bloqueadores-evistas\/"},"wordCount":258,"commentCount":0,"publisher":{"@id":"https:\/\/innoticiasbo.com\/#organization"},"image":{"@id":"https:\/\/innoticiasbo.com\/index.php\/2025\/06\/11\/un-policia-habria-muerto-en-llallagua-en-una-emboscada-de-bloqueadores-evistas\/#primaryimage"},"thumbnailUrl":"https:\/\/i0.wp.com\/innoticiasbo.com\/wp-content\/uploads\/2025\/06\/IMG-20250611-WA0263.jpg?fit=899%2C1599&ssl=1","keywords":["bloqueos evistas","emboscada","Llallagua","muerepolic\u00eda"],"articleSection":["Bolivia","Seguridad"],"inLanguage":"es","potentialAction":[{"@type":"CommentAction","name":"Comment","target":["https:\/\/innoticiasbo.com\/index.php\/2025\/06\/11\/un-policia-habria-muerto-en-llallagua-en-una-emboscada-de-bloqueadores-evistas\/#respond"]}]},{"@type":"WebPage","@id":"https:\/\/innoticiasbo.com\/index.php\/2025\/06\/11\/un-policia-habria-muerto-en-llallagua-en-una-emboscada-de-bloqueadores-evistas\/","url":"https:\/\/innoticiasbo.com\/index.php\/2025\/06\/11\/un-policia-habria-muerto-en-llallagua-en-una-emboscada-de-bloqueadores-evistas\/","name":"UN POLIC\u00cdA HABR\u00cdA MUERTO EN LLALLAGUA EN UNA EMBOSCADA DE BLOQUEADORES \u201cEVISTAS\u201d - innoticiasbo.com","isPartOf":{"@id":"https:\/\/innoticiasbo.com\/#website"},"primaryImageOfPage":{"@id":"https:\/\/innoticiasbo.com\/index.php\/2025\/06\/11\/un-policia-habria-muerto-en-llallagua-en-una-emboscada-de-bloqueadores-evistas\/#primaryimage"},"image":{"@id":"https:\/\/innoticiasbo.com\/index.php\/2025\/06\/11\/un-policia-habria-muerto-en-llallagua-en-una-emboscada-de-bloqueadores-evistas\/#primaryimage"},"thumbnailUrl":"https:\/\/i0.wp.com\/innoticiasbo.com\/wp-content\/uploads\/2025\/06\/IMG-20250611-WA0263.jpg?fit=899%2C1599&ssl=1","datePublished":"2025-06-11T20:33:02+00:00","dateModified":"2025-06-11T20:33:47+00:00","breadcrumb":{"@id":"https:\/\/innoticiasbo.com\/index.php\/2025\/06\/11\/un-policia-habria-muerto-en-llallagua-en-una-emboscada-de-bloqueadores-evistas\/#breadcrumb"},"inLanguage":"es","potentialAction":[{"@type":"ReadAction","target":["https:\/\/innoticiasbo.com\/index.php\/2025\/06\/11\/un-policia-habria-muerto-en-llallagua-en-una-emboscada-de-bloqueadores-evistas\/"]}]},{"@type":"ImageObject","inLanguage":"es","@id":"https:\/\/innoticiasbo.com\/index.php\/2025\/06\/11\/un-policia-habria-muerto-en-llallagua-en-una-emboscada-de-bloqueadores-evistas\/#primaryimage","url":"https:\/\/i0.wp.com\/innoticiasbo.com\/wp-content\/uploads\/2025\/06\/IMG-20250611-WA0263.jpg?fit=899%2C1599&ssl=1","contentUrl":"https:\/\/i0.wp.com\/innoticiasbo.com\/wp-content\/uploads\/2025\/06\/IMG-20250611-WA0263.jpg?fit=899%2C1599&ssl=1","width":899,"height":1599},{"@type":"BreadcrumbList","@id":"https:\/\/innoticiasbo.com\/index.php\/2025\/06\/11\/un-policia-habria-muerto-en-llallagua-en-una-emboscada-de-bloqueadores-evistas\/#breadcrumb","itemListElement":[{"@type":"ListItem","position":1,"name":"Portada","item":"https:\/\/innoticiasbo.com\/"},{"@type":"ListItem","position":2,"name":"UN POLIC\u00cdA HABR\u00cdA MUERTO EN LLALLAGUA EN UNA EMBOSCADA DE BLOQUEADORES \u201cEVISTAS\u201d"}]},{"@type":"WebSite","@id":"https:\/\/innoticiasbo.com\/#website","url":"https:\/\/innoticiasbo.com\/","name":"innoticiasbo.com","description":"","publisher":{"@id":"https:\/\/innoticiasbo.com\/#organization"},"potentialAction":[{"@type":"SearchAction","target":{"@type":"EntryPoint","urlTemplate":"https:\/\/innoticiasbo.com\/?s={search_term_string}"},"query-input":{"@type":"PropertyValueSpecification","valueRequired":true,"valueName":"search_term_string"}}],"inLanguage":"es"},{"@type":"Organization","@id":"https:\/\/innoticiasbo.com\/#organization","name":"innoticiasbo.com","url":"https:\/\/innoticiasbo.com\/","logo":{"@type":"ImageObject","inLanguage":"es","@id":"https:\/\/innoticiasbo.com\/#\/schema\/logo\/image\/","url":"https:\/\/i0.wp.com\/innoticiasbo.com\/wp-content\/uploads\/2026\/04\/cropped-IN-LOGO.png?fit=1476%2C1476&ssl=1","contentUrl":"https:\/\/i0.wp.com\/innoticiasbo.com\/wp-content\/uploads\/2026\/04\/cropped-IN-LOGO.png?fit=1476%2C1476&ssl=1","width":1476,"height":1476,"caption":"innoticiasbo.com"},"image":{"@id":"https:\/\/innoticiasbo.com\/#\/schema\/logo\/image\/"},"sameAs":["https:\/\/www.facebook.com\/innoticiasbolivia","https:\/\/x.com\/innoticiasbo","https:\/\/www.instagram.com\/innoticiasbo","https:\/\/www.youtube.com\/innoticiasbo"]},{"@type":"Person","@id":"https:\/\/innoticiasbo.com\/#\/schema\/person\/589cd527c4211df1b943bdad85ec07ce","name":"Prensa","image":{"@type":"ImageObject","inLanguage":"es","@id":"https:\/\/innoticiasbo.com\/#\/schema\/person\/image\/","url":"https:\/\/secure.gravatar.com\/avatar\/d359bbdf112023c1c0a3ec7fe1600657?s=96&d=mm&r=g","contentUrl":"https:\/\/secure.gravatar.com\/avatar\/d359bbdf112023c1c0a3ec7fe1600657?s=96&d=mm&r=g","caption":"Prensa"},"sameAs":["http:\/\/www.innoticiasbo.com"],"url":"https:\/\/innoticiasbo.com\/index.php\/author\/prensa\/"}]}},"jetpack_featured_media_url":"https:\/\/i0.wp.com\/innoticiasbo.com\/wp-content\/uploads\/2025\/06\/IMG-20250611-WA0263.jpg?fit=899%2C1599&ssl=1","jetpack_likes_enabled":true,"jetpack_sharing_enabled":true,"jetpack_shortlink":"https:\/\/wp.me\/pg298x-1KD","_links":{"self":[{"href":"https:\/\/innoticiasbo.com\/index.php\/wp-json\/wp\/v2\/posts\/6735","targetHints":{"allow":["GET"]}}],"collection":[{"href":"https:\/\/innoticiasbo.com\/index.php\/wp-json\/wp\/v2\/posts"}],"about":[{"href":"https:\/\/innoticiasbo.com\/index.php\/wp-json\/wp\/v2\/types\/post"}],"author":[{"embeddable":true,"href":"https:\/\/innoticiasbo.com\/index.php\/wp-json\/wp\/v2\/users\/2"}],"replies":[{"embeddable":true,"href":"https:\/\/innoticiasbo.com\/index.php\/wp-json\/wp\/v2\/comments?post=6735"}],"version-history":[{"count":1,"href":"https:\/\/innoticiasbo.com\/index.php\/wp-json\/wp\/v2\/posts\/6735\/revisions"}],"predecessor-version":[{"id":6736,"href":"https:\/\/innoticiasbo.com\/index.php\/wp-json\/wp\/v2\/posts\/6735\/revisions\/6736"}],"wp:featuredmedia":[{"embeddable":true,"href":"https:\/\/innoticiasbo.com\/index.php\/wp-json\/wp\/v2\/media\/6734"}],"wp:attachment":[{"href":"https:\/\/innoticiasbo.com\/index.php\/wp-json\/wp\/v2\/media?parent=6735"}],"wp:term":[{"taxonomy":"category","embeddable":true,"href":"https:\/\/innoticiasbo.com\/index.php\/wp-json\/wp\/v2\/categories?post=6735"},{"taxonomy":"post_tag","embeddable":true,"href":"https:\/\/innoticiasbo.com\/index.php\/wp-json\/wp\/v2\/tags?post=6735"}],"curies":[{"name":"wp","href":"https:\/\/api.w.org\/{rel}","templated":true}]}}