{"id":6709,"date":"2025-06-10T20:39:24","date_gmt":"2025-06-11T00:39:24","guid":{"rendered":"https:\/\/innoticiasbo.com\/?p=6709"},"modified":"2025-06-10T20:40:36","modified_gmt":"2025-06-11T00:40:36","slug":"luis-arce-violencia-en-llallagua-ha-sido-una-de-las-mas-violentas-y-amargas","status":"publish","type":"post","link":"https:\/\/innoticiasbo.com\/index.php\/2025\/06\/10\/luis-arce-violencia-en-llallagua-ha-sido-una-de-las-mas-violentas-y-amargas\/","title":{"rendered":"LUIS ARCE: \u201cVIOLENCIA EN LLALLAGUA HA SIDO UNA DE LAS M\u00c1S VIOLENTAS Y AMARGAS\u00bb"},"content":{"rendered":"<p>La Paz, 10 de junio de 2025.- El presidente Luis Arce dijo que la jornada vivida en Llallagua fue \u201cla m\u00e1s violenta y amarga\u201d de la historia; adem\u00e1s asegur\u00f3 que se dar\u00e1 con los responsables de estos hechos y que no habr\u00e1 impunidad.<\/p>\n<p>\u00abLa jornada de hoy en Llallagua (Potos\u00ed), ha sido una de las m\u00e1s violentas y amargas de la historia reciente de Bolivia, dejando un saldo de m\u00e1s 30 personas heridas a manos de bloqueadores evistas\u00bb, dispar\u00f3 Arce, en las primeras l\u00edneas de su post en redes sociales.<\/p>\n<p><img data-recalc-dims=\"1\" loading=\"lazy\" decoding=\"async\" src=\"https:\/\/i0.wp.com\/innoticiasbo.com\/wp-content\/uploads\/2025\/06\/10004505218330640776025889095.jpg?resize=640%2C372&#038;ssl=1\" class=\"wp-image-6706 alignnone size-full\" width=\"640\" height=\"372\" srcset=\"https:\/\/i0.wp.com\/innoticiasbo.com\/wp-content\/uploads\/2025\/06\/10004505218330640776025889095.jpg?w=1079&amp;ssl=1 1079w, https:\/\/i0.wp.com\/innoticiasbo.com\/wp-content\/uploads\/2025\/06\/10004505218330640776025889095.jpg?resize=300%2C175&amp;ssl=1 300w, https:\/\/i0.wp.com\/innoticiasbo.com\/wp-content\/uploads\/2025\/06\/10004505218330640776025889095.jpg?resize=1024%2C596&amp;ssl=1 1024w, https:\/\/i0.wp.com\/innoticiasbo.com\/wp-content\/uploads\/2025\/06\/10004505218330640776025889095.jpg?resize=768%2C447&amp;ssl=1 768w\" sizes=\"auto, (max-width: 640px) 100vw, 640px\" \/><\/p>\n<p>Arce critic\u00f3 la violencia desatada por el evismo. \u00abEn nueve d\u00edas de bloqueo no han escatimado, los seguidores de Evo Morales, en agredir a personal de salud, destruir una ambulancia, saquear comunidades, atacar a personal de prensa, arremeter contra polic\u00edas y buscar muertes, entre otras tantas actividades delictivas\u00bb.<\/p>\n<p>Tambi\u00e9n cuestion\u00f3 a Evo Morales quien \u00ablejos de condenar esos actos, Morales sale festejando los desmanes y habla de \u00abbatalla final\u00bb. \u00bfA qu\u00e9 \u00abbatalla final\u00bb se refiere? \u00bf\u00bbFinal\u00bb de qu\u00e9? \u00bfA qui\u00e9n le declara la \u00abguerra\u00bb? \u00bfA bolivianas y bolivianos? \u00bfCu\u00e1ntas veces tendr\u00e1 que te\u00f1irse de luto el pa\u00eds por la obsesi\u00f3n de Morales de destruir el sistema democr\u00e1tico? \u00bfCu\u00e1ntas acciones de violencia m\u00e1s, alejadas de la tradici\u00f3n de lucha del pueblo tendr\u00e1n que soportarse por un inter\u00e9s personal que solo est\u00e1 destruyendo el Proceso de Cambio? \u00bfA cu\u00e1nta gente quiere \u00e9l hoy sacrificar para sus intereses personales?\u00bb.<\/p>\n<p><img data-recalc-dims=\"1\" loading=\"lazy\" decoding=\"async\" src=\"https:\/\/i0.wp.com\/innoticiasbo.com\/wp-content\/uploads\/2025\/06\/10004505044302137507788069300.jpg?resize=640%2C273&#038;ssl=1\" class=\"wp-image-6707 alignnone size-full\" width=\"640\" height=\"273\" srcset=\"https:\/\/i0.wp.com\/innoticiasbo.com\/wp-content\/uploads\/2025\/06\/10004505044302137507788069300.jpg?w=990&amp;ssl=1 990w, https:\/\/i0.wp.com\/innoticiasbo.com\/wp-content\/uploads\/2025\/06\/10004505044302137507788069300.jpg?resize=300%2C128&amp;ssl=1 300w, https:\/\/i0.wp.com\/innoticiasbo.com\/wp-content\/uploads\/2025\/06\/10004505044302137507788069300.jpg?resize=768%2C327&amp;ssl=1 768w\" sizes=\"auto, (max-width: 640px) 100vw, 640px\" \/><\/p>\n<p>#LuisArce #Evomorales #Llallagua #heridos #ataque #ayllus #bloqueosevistas #policia #innoticias<\/p>\n","protected":false},"excerpt":{"rendered":"<p>La Paz, 10 de junio de 2025.- El presidente Luis Arce dijo que la jornada vivida en Llallagua fue \u201cla m\u00e1s violenta y amarga\u201d de la historia; adem\u00e1s asegur\u00f3 que se dar\u00e1 con los responsables de estos hechos y que no habr\u00e1 impunidad. \u00abLa jornada de hoy en Llallagua (Potos\u00ed), ha sido una de las&#8230;<\/p>\n","protected":false},"author":2,"featured_media":6708,"comment_status":"open","ping_status":"open","sticky":false,"template":"","format":"standard","meta":{"_jetpack_memberships_contains_paid_content":false,"footnotes":"","jetpack_publicize_message":"","jetpack_publicize_feature_enabled":true,"jetpack_social_post_already_shared":true,"jetpack_social_options":{"image_generator_settings":{"template":"highway","enabled":false},"version":2}},"categories":[1,3],"tags":[339,168,69,22,731,729,43,119],"class_list":["post-6709","post","type-post","status-publish","format-standard","has-post-thumbnail","hentry","category-bolivia","category-politica","tag-bloqueos","tag-evistas","tag-evo-morales","tag-innoticias","tag-jornada-amarga","tag-llallagua","tag-luis-arce","tag-violencia"],"jetpack_publicize_connections":[],"yoast_head":"<!-- This site is optimized with the Yoast SEO plugin v23.4 - https:\/\/yoast.com\/wordpress\/plugins\/seo\/ -->\n<title>LUIS ARCE: \u201cVIOLENCIA EN LLALLAGUA HA SIDO UNA DE LAS M\u00c1S VIOLENTAS Y AMARGAS&quot; - innoticiasbo.com<\/title>\n<meta name=\"robots\" content=\"index, follow, max-snippet:-1, max-image-preview:large, max-video-preview:-1\" \/>\n<link rel=\"canonical\" href=\"https:\/\/innoticiasbo.com\/index.php\/2025\/06\/10\/luis-arce-violencia-en-llallagua-ha-sido-una-de-las-mas-violentas-y-amargas\/\" \/>\n<meta property=\"og:locale\" content=\"es_ES\" \/>\n<meta property=\"og:type\" content=\"article\" \/>\n<meta property=\"og:title\" content=\"LUIS ARCE: \u201cVIOLENCIA EN LLALLAGUA HA SIDO UNA DE LAS M\u00c1S VIOLENTAS Y AMARGAS&quot; - innoticiasbo.com\" \/>\n<meta property=\"og:description\" content=\"La Paz, 10 de junio de 2025.- El presidente Luis Arce dijo que la jornada vivida en Llallagua fue \u201cla m\u00e1s violenta y amarga\u201d de la historia; adem\u00e1s asegur\u00f3 que se dar\u00e1 con los responsables de estos hechos y que no habr\u00e1 impunidad. \u00abLa jornada de hoy en Llallagua (Potos\u00ed), ha sido una de las...\" \/>\n<meta property=\"og:url\" content=\"https:\/\/innoticiasbo.com\/index.php\/2025\/06\/10\/luis-arce-violencia-en-llallagua-ha-sido-una-de-las-mas-violentas-y-amargas\/\" \/>\n<meta property=\"og:site_name\" content=\"innoticiasbo.com\" \/>\n<meta property=\"article:publisher\" content=\"https:\/\/www.facebook.com\/innoticiasbolivia\" \/>\n<meta property=\"article:published_time\" content=\"2025-06-11T00:39:24+00:00\" \/>\n<meta property=\"article:modified_time\" content=\"2025-06-11T00:40:36+00:00\" \/>\n<meta property=\"og:image\" content=\"https:\/\/i0.wp.com\/innoticiasbo.com\/wp-content\/uploads\/2025\/06\/FB_IMG_1749577775652.jpg?fit=1200%2C1600&ssl=1\" \/>\n\t<meta property=\"og:image:width\" content=\"1200\" \/>\n\t<meta property=\"og:image:height\" content=\"1600\" \/>\n\t<meta property=\"og:image:type\" content=\"image\/jpeg\" \/>\n<meta name=\"author\" content=\"Prensa\" \/>\n<meta name=\"twitter:card\" content=\"summary_large_image\" \/>\n<meta name=\"twitter:creator\" content=\"@innoticiasbo\" \/>\n<meta name=\"twitter:site\" content=\"@innoticiasbo\" \/>\n<meta name=\"twitter:label1\" content=\"Escrito por\" \/>\n\t<meta name=\"twitter:data1\" content=\"Prensa\" \/>\n\t<meta name=\"twitter:label2\" content=\"Tiempo de lectura\" \/>\n\t<meta name=\"twitter:data2\" content=\"1 minuto\" \/>\n<script type=\"application\/ld+json\" class=\"yoast-schema-graph\">{\"@context\":\"https:\/\/schema.org\",\"@graph\":[{\"@type\":\"Article\",\"@id\":\"https:\/\/innoticiasbo.com\/index.php\/2025\/06\/10\/luis-arce-violencia-en-llallagua-ha-sido-una-de-las-mas-violentas-y-amargas\/#article\",\"isPartOf\":{\"@id\":\"https:\/\/innoticiasbo.com\/index.php\/2025\/06\/10\/luis-arce-violencia-en-llallagua-ha-sido-una-de-las-mas-violentas-y-amargas\/\"},\"author\":{\"name\":\"Prensa\",\"@id\":\"https:\/\/innoticiasbo.com\/#\/schema\/person\/589cd527c4211df1b943bdad85ec07ce\"},\"headline\":\"LUIS ARCE: \u201cVIOLENCIA EN LLALLAGUA HA SIDO UNA DE LAS M\u00c1S VIOLENTAS Y AMARGAS\u00bb\",\"datePublished\":\"2025-06-11T00:39:24+00:00\",\"dateModified\":\"2025-06-11T00:40:36+00:00\",\"mainEntityOfPage\":{\"@id\":\"https:\/\/innoticiasbo.com\/index.php\/2025\/06\/10\/luis-arce-violencia-en-llallagua-ha-sido-una-de-las-mas-violentas-y-amargas\/\"},\"wordCount\":278,\"commentCount\":1,\"publisher\":{\"@id\":\"https:\/\/innoticiasbo.com\/#organization\"},\"image\":{\"@id\":\"https:\/\/innoticiasbo.com\/index.php\/2025\/06\/10\/luis-arce-violencia-en-llallagua-ha-sido-una-de-las-mas-violentas-y-amargas\/#primaryimage\"},\"thumbnailUrl\":\"https:\/\/i0.wp.com\/innoticiasbo.com\/wp-content\/uploads\/2025\/06\/FB_IMG_1749577775652.jpg?fit=1200%2C1600&ssl=1\",\"keywords\":[\"bloqueos\",\"evistas\",\"Evo Morales\",\"innoticias\",\"jornada amarga\",\"Llallagua\",\"Luis Arce\",\"Violencia\"],\"articleSection\":[\"Bolivia\",\"Pol\u00edtica\"],\"inLanguage\":\"es\",\"potentialAction\":[{\"@type\":\"CommentAction\",\"name\":\"Comment\",\"target\":[\"https:\/\/innoticiasbo.com\/index.php\/2025\/06\/10\/luis-arce-violencia-en-llallagua-ha-sido-una-de-las-mas-violentas-y-amargas\/#respond\"]}]},{\"@type\":\"WebPage\",\"@id\":\"https:\/\/innoticiasbo.com\/index.php\/2025\/06\/10\/luis-arce-violencia-en-llallagua-ha-sido-una-de-las-mas-violentas-y-amargas\/\",\"url\":\"https:\/\/innoticiasbo.com\/index.php\/2025\/06\/10\/luis-arce-violencia-en-llallagua-ha-sido-una-de-las-mas-violentas-y-amargas\/\",\"name\":\"LUIS ARCE: \u201cVIOLENCIA EN LLALLAGUA HA SIDO UNA DE LAS M\u00c1S VIOLENTAS Y AMARGAS\\\" - innoticiasbo.com\",\"isPartOf\":{\"@id\":\"https:\/\/innoticiasbo.com\/#website\"},\"primaryImageOfPage\":{\"@id\":\"https:\/\/innoticiasbo.com\/index.php\/2025\/06\/10\/luis-arce-violencia-en-llallagua-ha-sido-una-de-las-mas-violentas-y-amargas\/#primaryimage\"},\"image\":{\"@id\":\"https:\/\/innoticiasbo.com\/index.php\/2025\/06\/10\/luis-arce-violencia-en-llallagua-ha-sido-una-de-las-mas-violentas-y-amargas\/#primaryimage\"},\"thumbnailUrl\":\"https:\/\/i0.wp.com\/innoticiasbo.com\/wp-content\/uploads\/2025\/06\/FB_IMG_1749577775652.jpg?fit=1200%2C1600&ssl=1\",\"datePublished\":\"2025-06-11T00:39:24+00:00\",\"dateModified\":\"2025-06-11T00:40:36+00:00\",\"breadcrumb\":{\"@id\":\"https:\/\/innoticiasbo.com\/index.php\/2025\/06\/10\/luis-arce-violencia-en-llallagua-ha-sido-una-de-las-mas-violentas-y-amargas\/#breadcrumb\"},\"inLanguage\":\"es\",\"potentialAction\":[{\"@type\":\"ReadAction\",\"target\":[\"https:\/\/innoticiasbo.com\/index.php\/2025\/06\/10\/luis-arce-violencia-en-llallagua-ha-sido-una-de-las-mas-violentas-y-amargas\/\"]}]},{\"@type\":\"ImageObject\",\"inLanguage\":\"es\",\"@id\":\"https:\/\/innoticiasbo.com\/index.php\/2025\/06\/10\/luis-arce-violencia-en-llallagua-ha-sido-una-de-las-mas-violentas-y-amargas\/#primaryimage\",\"url\":\"https:\/\/i0.wp.com\/innoticiasbo.com\/wp-content\/uploads\/2025\/06\/FB_IMG_1749577775652.jpg?fit=1200%2C1600&ssl=1\",\"contentUrl\":\"https:\/\/i0.wp.com\/innoticiasbo.com\/wp-content\/uploads\/2025\/06\/FB_IMG_1749577775652.jpg?fit=1200%2C1600&ssl=1\",\"width\":1200,\"height\":1600},{\"@type\":\"BreadcrumbList\",\"@id\":\"https:\/\/innoticiasbo.com\/index.php\/2025\/06\/10\/luis-arce-violencia-en-llallagua-ha-sido-una-de-las-mas-violentas-y-amargas\/#breadcrumb\",\"itemListElement\":[{\"@type\":\"ListItem\",\"position\":1,\"name\":\"Portada\",\"item\":\"https:\/\/innoticiasbo.com\/\"},{\"@type\":\"ListItem\",\"position\":2,\"name\":\"LUIS ARCE: \u201cVIOLENCIA EN LLALLAGUA HA SIDO UNA DE LAS M\u00c1S VIOLENTAS Y AMARGAS\u00bb\"}]},{\"@type\":\"WebSite\",\"@id\":\"https:\/\/innoticiasbo.com\/#website\",\"url\":\"https:\/\/innoticiasbo.com\/\",\"name\":\"innoticiasbo.com\",\"description\":\"\",\"publisher\":{\"@id\":\"https:\/\/innoticiasbo.com\/#organization\"},\"potentialAction\":[{\"@type\":\"SearchAction\",\"target\":{\"@type\":\"EntryPoint\",\"urlTemplate\":\"https:\/\/innoticiasbo.com\/?s={search_term_string}\"},\"query-input\":{\"@type\":\"PropertyValueSpecification\",\"valueRequired\":true,\"valueName\":\"search_term_string\"}}],\"inLanguage\":\"es\"},{\"@type\":\"Organization\",\"@id\":\"https:\/\/innoticiasbo.com\/#organization\",\"name\":\"innoticiasbo.com\",\"url\":\"https:\/\/innoticiasbo.com\/\",\"logo\":{\"@type\":\"ImageObject\",\"inLanguage\":\"es\",\"@id\":\"https:\/\/innoticiasbo.com\/#\/schema\/logo\/image\/\",\"url\":\"https:\/\/i0.wp.com\/innoticiasbo.com\/wp-content\/uploads\/2026\/04\/cropped-IN-LOGO.png?fit=1476%2C1476&ssl=1\",\"contentUrl\":\"https:\/\/i0.wp.com\/innoticiasbo.com\/wp-content\/uploads\/2026\/04\/cropped-IN-LOGO.png?fit=1476%2C1476&ssl=1\",\"width\":1476,\"height\":1476,\"caption\":\"innoticiasbo.com\"},\"image\":{\"@id\":\"https:\/\/innoticiasbo.com\/#\/schema\/logo\/image\/\"},\"sameAs\":[\"https:\/\/www.facebook.com\/innoticiasbolivia\",\"https:\/\/x.com\/innoticiasbo\",\"https:\/\/www.instagram.com\/innoticiasbo\",\"https:\/\/www.youtube.com\/innoticiasbo\"]},{\"@type\":\"Person\",\"@id\":\"https:\/\/innoticiasbo.com\/#\/schema\/person\/589cd527c4211df1b943bdad85ec07ce\",\"name\":\"Prensa\",\"image\":{\"@type\":\"ImageObject\",\"inLanguage\":\"es\",\"@id\":\"https:\/\/innoticiasbo.com\/#\/schema\/person\/image\/\",\"url\":\"https:\/\/secure.gravatar.com\/avatar\/d359bbdf112023c1c0a3ec7fe1600657?s=96&d=mm&r=g\",\"contentUrl\":\"https:\/\/secure.gravatar.com\/avatar\/d359bbdf112023c1c0a3ec7fe1600657?s=96&d=mm&r=g\",\"caption\":\"Prensa\"},\"sameAs\":[\"http:\/\/www.innoticiasbo.com\"],\"url\":\"https:\/\/innoticiasbo.com\/index.php\/author\/prensa\/\"}]}<\/script>\n<!-- \/ Yoast SEO plugin. -->","yoast_head_json":{"title":"LUIS ARCE: \u201cVIOLENCIA EN LLALLAGUA HA SIDO UNA DE LAS M\u00c1S VIOLENTAS Y AMARGAS\" - innoticiasbo.com","robots":{"index":"index","follow":"follow","max-snippet":"max-snippet:-1","max-image-preview":"max-image-preview:large","max-video-preview":"max-video-preview:-1"},"canonical":"https:\/\/innoticiasbo.com\/index.php\/2025\/06\/10\/luis-arce-violencia-en-llallagua-ha-sido-una-de-las-mas-violentas-y-amargas\/","og_locale":"es_ES","og_type":"article","og_title":"LUIS ARCE: \u201cVIOLENCIA EN LLALLAGUA HA SIDO UNA DE LAS M\u00c1S VIOLENTAS Y AMARGAS\" - innoticiasbo.com","og_description":"La Paz, 10 de junio de 2025.- El presidente Luis Arce dijo que la jornada vivida en Llallagua fue \u201cla m\u00e1s violenta y amarga\u201d de la historia; adem\u00e1s asegur\u00f3 que se dar\u00e1 con los responsables de estos hechos y que no habr\u00e1 impunidad. \u00abLa jornada de hoy en Llallagua (Potos\u00ed), ha sido una de las...","og_url":"https:\/\/innoticiasbo.com\/index.php\/2025\/06\/10\/luis-arce-violencia-en-llallagua-ha-sido-una-de-las-mas-violentas-y-amargas\/","og_site_name":"innoticiasbo.com","article_publisher":"https:\/\/www.facebook.com\/innoticiasbolivia","article_published_time":"2025-06-11T00:39:24+00:00","article_modified_time":"2025-06-11T00:40:36+00:00","og_image":[{"width":1200,"height":1600,"url":"https:\/\/i0.wp.com\/innoticiasbo.com\/wp-content\/uploads\/2025\/06\/FB_IMG_1749577775652.jpg?fit=1200%2C1600&ssl=1","type":"image\/jpeg"}],"author":"Prensa","twitter_card":"summary_large_image","twitter_creator":"@innoticiasbo","twitter_site":"@innoticiasbo","twitter_misc":{"Escrito por":"Prensa","Tiempo de lectura":"1 minuto"},"schema":{"@context":"https:\/\/schema.org","@graph":[{"@type":"Article","@id":"https:\/\/innoticiasbo.com\/index.php\/2025\/06\/10\/luis-arce-violencia-en-llallagua-ha-sido-una-de-las-mas-violentas-y-amargas\/#article","isPartOf":{"@id":"https:\/\/innoticiasbo.com\/index.php\/2025\/06\/10\/luis-arce-violencia-en-llallagua-ha-sido-una-de-las-mas-violentas-y-amargas\/"},"author":{"name":"Prensa","@id":"https:\/\/innoticiasbo.com\/#\/schema\/person\/589cd527c4211df1b943bdad85ec07ce"},"headline":"LUIS ARCE: \u201cVIOLENCIA EN LLALLAGUA HA SIDO UNA DE LAS M\u00c1S VIOLENTAS Y AMARGAS\u00bb","datePublished":"2025-06-11T00:39:24+00:00","dateModified":"2025-06-11T00:40:36+00:00","mainEntityOfPage":{"@id":"https:\/\/innoticiasbo.com\/index.php\/2025\/06\/10\/luis-arce-violencia-en-llallagua-ha-sido-una-de-las-mas-violentas-y-amargas\/"},"wordCount":278,"commentCount":1,"publisher":{"@id":"https:\/\/innoticiasbo.com\/#organization"},"image":{"@id":"https:\/\/innoticiasbo.com\/index.php\/2025\/06\/10\/luis-arce-violencia-en-llallagua-ha-sido-una-de-las-mas-violentas-y-amargas\/#primaryimage"},"thumbnailUrl":"https:\/\/i0.wp.com\/innoticiasbo.com\/wp-content\/uploads\/2025\/06\/FB_IMG_1749577775652.jpg?fit=1200%2C1600&ssl=1","keywords":["bloqueos","evistas","Evo Morales","innoticias","jornada amarga","Llallagua","Luis Arce","Violencia"],"articleSection":["Bolivia","Pol\u00edtica"],"inLanguage":"es","potentialAction":[{"@type":"CommentAction","name":"Comment","target":["https:\/\/innoticiasbo.com\/index.php\/2025\/06\/10\/luis-arce-violencia-en-llallagua-ha-sido-una-de-las-mas-violentas-y-amargas\/#respond"]}]},{"@type":"WebPage","@id":"https:\/\/innoticiasbo.com\/index.php\/2025\/06\/10\/luis-arce-violencia-en-llallagua-ha-sido-una-de-las-mas-violentas-y-amargas\/","url":"https:\/\/innoticiasbo.com\/index.php\/2025\/06\/10\/luis-arce-violencia-en-llallagua-ha-sido-una-de-las-mas-violentas-y-amargas\/","name":"LUIS ARCE: \u201cVIOLENCIA EN LLALLAGUA HA SIDO UNA DE LAS M\u00c1S VIOLENTAS Y AMARGAS\" - innoticiasbo.com","isPartOf":{"@id":"https:\/\/innoticiasbo.com\/#website"},"primaryImageOfPage":{"@id":"https:\/\/innoticiasbo.com\/index.php\/2025\/06\/10\/luis-arce-violencia-en-llallagua-ha-sido-una-de-las-mas-violentas-y-amargas\/#primaryimage"},"image":{"@id":"https:\/\/innoticiasbo.com\/index.php\/2025\/06\/10\/luis-arce-violencia-en-llallagua-ha-sido-una-de-las-mas-violentas-y-amargas\/#primaryimage"},"thumbnailUrl":"https:\/\/i0.wp.com\/innoticiasbo.com\/wp-content\/uploads\/2025\/06\/FB_IMG_1749577775652.jpg?fit=1200%2C1600&ssl=1","datePublished":"2025-06-11T00:39:24+00:00","dateModified":"2025-06-11T00:40:36+00:00","breadcrumb":{"@id":"https:\/\/innoticiasbo.com\/index.php\/2025\/06\/10\/luis-arce-violencia-en-llallagua-ha-sido-una-de-las-mas-violentas-y-amargas\/#breadcrumb"},"inLanguage":"es","potentialAction":[{"@type":"ReadAction","target":["https:\/\/innoticiasbo.com\/index.php\/2025\/06\/10\/luis-arce-violencia-en-llallagua-ha-sido-una-de-las-mas-violentas-y-amargas\/"]}]},{"@type":"ImageObject","inLanguage":"es","@id":"https:\/\/innoticiasbo.com\/index.php\/2025\/06\/10\/luis-arce-violencia-en-llallagua-ha-sido-una-de-las-mas-violentas-y-amargas\/#primaryimage","url":"https:\/\/i0.wp.com\/innoticiasbo.com\/wp-content\/uploads\/2025\/06\/FB_IMG_1749577775652.jpg?fit=1200%2C1600&ssl=1","contentUrl":"https:\/\/i0.wp.com\/innoticiasbo.com\/wp-content\/uploads\/2025\/06\/FB_IMG_1749577775652.jpg?fit=1200%2C1600&ssl=1","width":1200,"height":1600},{"@type":"BreadcrumbList","@id":"https:\/\/innoticiasbo.com\/index.php\/2025\/06\/10\/luis-arce-violencia-en-llallagua-ha-sido-una-de-las-mas-violentas-y-amargas\/#breadcrumb","itemListElement":[{"@type":"ListItem","position":1,"name":"Portada","item":"https:\/\/innoticiasbo.com\/"},{"@type":"ListItem","position":2,"name":"LUIS ARCE: \u201cVIOLENCIA EN LLALLAGUA HA SIDO UNA DE LAS M\u00c1S VIOLENTAS Y AMARGAS\u00bb"}]},{"@type":"WebSite","@id":"https:\/\/innoticiasbo.com\/#website","url":"https:\/\/innoticiasbo.com\/","name":"innoticiasbo.com","description":"","publisher":{"@id":"https:\/\/innoticiasbo.com\/#organization"},"potentialAction":[{"@type":"SearchAction","target":{"@type":"EntryPoint","urlTemplate":"https:\/\/innoticiasbo.com\/?s={search_term_string}"},"query-input":{"@type":"PropertyValueSpecification","valueRequired":true,"valueName":"search_term_string"}}],"inLanguage":"es"},{"@type":"Organization","@id":"https:\/\/innoticiasbo.com\/#organization","name":"innoticiasbo.com","url":"https:\/\/innoticiasbo.com\/","logo":{"@type":"ImageObject","inLanguage":"es","@id":"https:\/\/innoticiasbo.com\/#\/schema\/logo\/image\/","url":"https:\/\/i0.wp.com\/innoticiasbo.com\/wp-content\/uploads\/2026\/04\/cropped-IN-LOGO.png?fit=1476%2C1476&ssl=1","contentUrl":"https:\/\/i0.wp.com\/innoticiasbo.com\/wp-content\/uploads\/2026\/04\/cropped-IN-LOGO.png?fit=1476%2C1476&ssl=1","width":1476,"height":1476,"caption":"innoticiasbo.com"},"image":{"@id":"https:\/\/innoticiasbo.com\/#\/schema\/logo\/image\/"},"sameAs":["https:\/\/www.facebook.com\/innoticiasbolivia","https:\/\/x.com\/innoticiasbo","https:\/\/www.instagram.com\/innoticiasbo","https:\/\/www.youtube.com\/innoticiasbo"]},{"@type":"Person","@id":"https:\/\/innoticiasbo.com\/#\/schema\/person\/589cd527c4211df1b943bdad85ec07ce","name":"Prensa","image":{"@type":"ImageObject","inLanguage":"es","@id":"https:\/\/innoticiasbo.com\/#\/schema\/person\/image\/","url":"https:\/\/secure.gravatar.com\/avatar\/d359bbdf112023c1c0a3ec7fe1600657?s=96&d=mm&r=g","contentUrl":"https:\/\/secure.gravatar.com\/avatar\/d359bbdf112023c1c0a3ec7fe1600657?s=96&d=mm&r=g","caption":"Prensa"},"sameAs":["http:\/\/www.innoticiasbo.com"],"url":"https:\/\/innoticiasbo.com\/index.php\/author\/prensa\/"}]}},"jetpack_featured_media_url":"https:\/\/i0.wp.com\/innoticiasbo.com\/wp-content\/uploads\/2025\/06\/FB_IMG_1749577775652.jpg?fit=1200%2C1600&ssl=1","jetpack_likes_enabled":true,"jetpack_sharing_enabled":true,"jetpack_shortlink":"https:\/\/wp.me\/pg298x-1Kd","_links":{"self":[{"href":"https:\/\/innoticiasbo.com\/index.php\/wp-json\/wp\/v2\/posts\/6709","targetHints":{"allow":["GET"]}}],"collection":[{"href":"https:\/\/innoticiasbo.com\/index.php\/wp-json\/wp\/v2\/posts"}],"about":[{"href":"https:\/\/innoticiasbo.com\/index.php\/wp-json\/wp\/v2\/types\/post"}],"author":[{"embeddable":true,"href":"https:\/\/innoticiasbo.com\/index.php\/wp-json\/wp\/v2\/users\/2"}],"replies":[{"embeddable":true,"href":"https:\/\/innoticiasbo.com\/index.php\/wp-json\/wp\/v2\/comments?post=6709"}],"version-history":[{"count":1,"href":"https:\/\/innoticiasbo.com\/index.php\/wp-json\/wp\/v2\/posts\/6709\/revisions"}],"predecessor-version":[{"id":6710,"href":"https:\/\/innoticiasbo.com\/index.php\/wp-json\/wp\/v2\/posts\/6709\/revisions\/6710"}],"wp:featuredmedia":[{"embeddable":true,"href":"https:\/\/innoticiasbo.com\/index.php\/wp-json\/wp\/v2\/media\/6708"}],"wp:attachment":[{"href":"https:\/\/innoticiasbo.com\/index.php\/wp-json\/wp\/v2\/media?parent=6709"}],"wp:term":[{"taxonomy":"category","embeddable":true,"href":"https:\/\/innoticiasbo.com\/index.php\/wp-json\/wp\/v2\/categories?post=6709"},{"taxonomy":"post_tag","embeddable":true,"href":"https:\/\/innoticiasbo.com\/index.php\/wp-json\/wp\/v2\/tags?post=6709"}],"curies":[{"name":"wp","href":"https:\/\/api.w.org\/{rel}","templated":true}]}}