{"id":6704,"date":"2025-06-10T20:25:01","date_gmt":"2025-06-11T00:25:01","guid":{"rendered":"https:\/\/innoticiasbo.com\/?p=6704"},"modified":"2025-06-10T20:25:43","modified_gmt":"2025-06-11T00:25:43","slug":"confirman-32-heridos-en-llallagua-y-la-policia-descarta-que-exista-algun-fallecido","status":"publish","type":"post","link":"https:\/\/innoticiasbo.com\/index.php\/2025\/06\/10\/confirman-32-heridos-en-llallagua-y-la-policia-descarta-que-exista-algun-fallecido\/","title":{"rendered":"CONFIRMAN 32 HERIDOS EN LLALLAGUA Y LA POLIC\u00cdA DESCARTA QUE EXISTA ALG\u00daN FALLECIDO"},"content":{"rendered":"<p>Potos\u00ed, 10 de junio de 2025.- El ataque de grupos evistas a la poblaci\u00f3n potosina de Llallagua dej\u00f3 al menos 32 heridos seg\u00fan la Defensor\u00eda del Pueblo, mientras que la Polic\u00eda de Potos\u00ed ha descartado que exista alg\u00fan fallecido.<\/p>\n<p><img data-recalc-dims=\"1\" loading=\"lazy\" decoding=\"async\" src=\"https:\/\/i0.wp.com\/innoticiasbo.com\/wp-content\/uploads\/2025\/06\/fb_img_17495777729945216210058785888030.jpg?resize=640%2C1138&#038;ssl=1\" class=\"wp-image-6700 alignnone size-full\" width=\"640\" height=\"1138\" srcset=\"https:\/\/i0.wp.com\/innoticiasbo.com\/wp-content\/uploads\/2025\/06\/fb_img_17495777729945216210058785888030.jpg?w=720&amp;ssl=1 720w, https:\/\/i0.wp.com\/innoticiasbo.com\/wp-content\/uploads\/2025\/06\/fb_img_17495777729945216210058785888030.jpg?resize=169%2C300&amp;ssl=1 169w, https:\/\/i0.wp.com\/innoticiasbo.com\/wp-content\/uploads\/2025\/06\/fb_img_17495777729945216210058785888030.jpg?resize=576%2C1024&amp;ssl=1 576w\" sizes=\"auto, (max-width: 640px) 100vw, 640px\" \/><\/p>\n<p>\u201cEs una l\u00e1stima que tengamos m\u00e1s de 32 personas heridas en Llallagua. Estamos rayando en lo irracional, no podemos, bajo el pretexto del derecho a la protesta, ocultar situaciones ileg\u00edtimas e ilegales\u201d, se\u00f1al\u00f3 el defensor del Pueblo, Pedro Callisaya.<\/p>\n<p>PEDIDO DE DESBLOQUEO DESAT\u00d3 LA FURIA<\/p>\n<p>Luego de que vecinos y transportistas marcharan exigiendo que se levanten los bloqueos, los ayllus evistas de la zona atacaron el pueblo de Llallagua con dinamitas, petardos y piedras. Tambi\u00e9n asaltaron instituciones, destruyeron la FELCV, vandalizaron instalaciones de la carrera de odontolog\u00eda y saquearon algunos comercios del pueblo.<\/p>\n<p><img data-recalc-dims=\"1\" loading=\"lazy\" decoding=\"async\" src=\"https:\/\/i0.wp.com\/innoticiasbo.com\/wp-content\/uploads\/2025\/06\/img-20250610-wa03325555719389904881258.jpg?resize=640%2C273&#038;ssl=1\" class=\"alignnone size-full wp-image-6701\" width=\"640\" height=\"273\" srcset=\"https:\/\/i0.wp.com\/innoticiasbo.com\/wp-content\/uploads\/2025\/06\/img-20250610-wa03325555719389904881258.jpg?w=1280&amp;ssl=1 1280w, https:\/\/i0.wp.com\/innoticiasbo.com\/wp-content\/uploads\/2025\/06\/img-20250610-wa03325555719389904881258.jpg?resize=300%2C128&amp;ssl=1 300w, https:\/\/i0.wp.com\/innoticiasbo.com\/wp-content\/uploads\/2025\/06\/img-20250610-wa03325555719389904881258.jpg?resize=1024%2C436&amp;ssl=1 1024w, https:\/\/i0.wp.com\/innoticiasbo.com\/wp-content\/uploads\/2025\/06\/img-20250610-wa03325555719389904881258.jpg?resize=768%2C327&amp;ssl=1 768w\" sizes=\"auto, (max-width: 640px) 100vw, 640px\" \/><\/p>\n<p>\u201cNo podemos naturalizar la violencia y no podemos permitir que a t\u00edtulo de derecho a la protesta provoquemos mayor sufrimiento al pueblo. El mensaje a los l\u00edderes de los movilizados y a las cabezas del Gobierno es que podamos dar una respuesta a la poblaci\u00f3n boliviana\u201d, apunt\u00f3 el defensor.<\/p>\n<p><img data-recalc-dims=\"1\" loading=\"lazy\" decoding=\"async\" src=\"https:\/\/i0.wp.com\/innoticiasbo.com\/wp-content\/uploads\/2025\/06\/img-20250610-wa0335435608629287435523.jpg?resize=640%2C273&#038;ssl=1\" class=\"alignnone size-full wp-image-6702\" width=\"640\" height=\"273\" srcset=\"https:\/\/i0.wp.com\/innoticiasbo.com\/wp-content\/uploads\/2025\/06\/img-20250610-wa0335435608629287435523.jpg?w=990&amp;ssl=1 990w, https:\/\/i0.wp.com\/innoticiasbo.com\/wp-content\/uploads\/2025\/06\/img-20250610-wa0335435608629287435523.jpg?resize=300%2C128&amp;ssl=1 300w, https:\/\/i0.wp.com\/innoticiasbo.com\/wp-content\/uploads\/2025\/06\/img-20250610-wa0335435608629287435523.jpg?resize=768%2C327&amp;ssl=1 768w\" sizes=\"auto, (max-width: 640px) 100vw, 640px\" \/><\/p>\n<p>NIEGAN EXISTENCIA DE UN FALLECIDO<\/p>\n<p>El vocero del Comando Departamental de la Polic\u00eda de Potos\u00ed, L\u00edmber Choque descart\u00f3 la existenci de un fallecido como reportaron los vecinos.<br \/>\n#Llallagua #heridos #ataque #ayllus #bloqueosevistas #policia #descartanfallecido #innoticias<\/p>\n","protected":false},"excerpt":{"rendered":"<p>Potos\u00ed, 10 de junio de 2025.- El ataque de grupos evistas a la poblaci\u00f3n potosina de Llallagua dej\u00f3 al menos 32 heridos seg\u00fan la Defensor\u00eda del Pueblo, mientras que la Polic\u00eda de Potos\u00ed ha descartado que exista alg\u00fan fallecido. \u201cEs una l\u00e1stima que tengamos m\u00e1s de 32 personas heridas en Llallagua. Estamos rayando en lo&#8230;<\/p>\n","protected":false},"author":2,"featured_media":6703,"comment_status":"open","ping_status":"open","sticky":false,"template":"","format":"standard","meta":{"_jetpack_memberships_contains_paid_content":false,"footnotes":"","jetpack_publicize_message":"","jetpack_publicize_feature_enabled":true,"jetpack_social_post_already_shared":true,"jetpack_social_options":{"image_generator_settings":{"template":"highway","enabled":false},"version":2}},"categories":[1,15],"tags":[551,726,339,168,145,22,729,34],"class_list":["post-6704","post","type-post","status-publish","format-standard","has-post-thumbnail","hentry","category-bolivia","category-seguridad","tag-ataque","tag-ayllus","tag-bloqueos","tag-evistas","tag-heridos","tag-innoticias","tag-llallagua","tag-potosi"],"jetpack_publicize_connections":[],"yoast_head":"<!-- This site is optimized with the Yoast SEO plugin v23.4 - https:\/\/yoast.com\/wordpress\/plugins\/seo\/ -->\n<title>CONFIRMAN 32 HERIDOS EN LLALLAGUA Y LA POLIC\u00cdA DESCARTA QUE EXISTA ALG\u00daN FALLECIDO - innoticiasbo.com<\/title>\n<meta name=\"robots\" content=\"index, follow, max-snippet:-1, max-image-preview:large, max-video-preview:-1\" \/>\n<link rel=\"canonical\" href=\"https:\/\/innoticiasbo.com\/index.php\/2025\/06\/10\/confirman-32-heridos-en-llallagua-y-la-policia-descarta-que-exista-algun-fallecido\/\" \/>\n<meta property=\"og:locale\" content=\"es_ES\" \/>\n<meta property=\"og:type\" content=\"article\" \/>\n<meta property=\"og:title\" content=\"CONFIRMAN 32 HERIDOS EN LLALLAGUA Y LA POLIC\u00cdA DESCARTA QUE EXISTA ALG\u00daN FALLECIDO - innoticiasbo.com\" \/>\n<meta property=\"og:description\" content=\"Potos\u00ed, 10 de junio de 2025.- El ataque de grupos evistas a la poblaci\u00f3n potosina de Llallagua dej\u00f3 al menos 32 heridos seg\u00fan la Defensor\u00eda del Pueblo, mientras que la Polic\u00eda de Potos\u00ed ha descartado que exista alg\u00fan fallecido. \u201cEs una l\u00e1stima que tengamos m\u00e1s de 32 personas heridas en Llallagua. Estamos rayando en lo...\" \/>\n<meta property=\"og:url\" content=\"https:\/\/innoticiasbo.com\/index.php\/2025\/06\/10\/confirman-32-heridos-en-llallagua-y-la-policia-descarta-que-exista-algun-fallecido\/\" \/>\n<meta property=\"og:site_name\" content=\"innoticiasbo.com\" \/>\n<meta property=\"article:publisher\" content=\"https:\/\/www.facebook.com\/innoticiasbolivia\" \/>\n<meta property=\"article:published_time\" content=\"2025-06-11T00:25:01+00:00\" \/>\n<meta property=\"article:modified_time\" content=\"2025-06-11T00:25:43+00:00\" \/>\n<meta property=\"og:image\" content=\"https:\/\/i0.wp.com\/innoticiasbo.com\/wp-content\/uploads\/2025\/06\/IMG-20250610-WA0332.jpg?fit=1280%2C545&ssl=1\" \/>\n\t<meta property=\"og:image:width\" content=\"1280\" \/>\n\t<meta property=\"og:image:height\" content=\"545\" \/>\n\t<meta property=\"og:image:type\" content=\"image\/jpeg\" \/>\n<meta name=\"author\" content=\"Prensa\" \/>\n<meta name=\"twitter:card\" content=\"summary_large_image\" \/>\n<meta name=\"twitter:creator\" content=\"@innoticiasbo\" \/>\n<meta name=\"twitter:site\" content=\"@innoticiasbo\" \/>\n<meta name=\"twitter:label1\" content=\"Escrito por\" \/>\n\t<meta name=\"twitter:data1\" content=\"Prensa\" \/>\n\t<meta name=\"twitter:label2\" content=\"Tiempo de lectura\" \/>\n\t<meta name=\"twitter:data2\" content=\"1 minuto\" \/>\n<script type=\"application\/ld+json\" class=\"yoast-schema-graph\">{\"@context\":\"https:\/\/schema.org\",\"@graph\":[{\"@type\":\"Article\",\"@id\":\"https:\/\/innoticiasbo.com\/index.php\/2025\/06\/10\/confirman-32-heridos-en-llallagua-y-la-policia-descarta-que-exista-algun-fallecido\/#article\",\"isPartOf\":{\"@id\":\"https:\/\/innoticiasbo.com\/index.php\/2025\/06\/10\/confirman-32-heridos-en-llallagua-y-la-policia-descarta-que-exista-algun-fallecido\/\"},\"author\":{\"name\":\"Prensa\",\"@id\":\"https:\/\/innoticiasbo.com\/#\/schema\/person\/589cd527c4211df1b943bdad85ec07ce\"},\"headline\":\"CONFIRMAN 32 HERIDOS EN LLALLAGUA Y LA POLIC\u00cdA DESCARTA QUE EXISTA ALG\u00daN FALLECIDO\",\"datePublished\":\"2025-06-11T00:25:01+00:00\",\"dateModified\":\"2025-06-11T00:25:43+00:00\",\"mainEntityOfPage\":{\"@id\":\"https:\/\/innoticiasbo.com\/index.php\/2025\/06\/10\/confirman-32-heridos-en-llallagua-y-la-policia-descarta-que-exista-algun-fallecido\/\"},\"wordCount\":243,\"commentCount\":1,\"publisher\":{\"@id\":\"https:\/\/innoticiasbo.com\/#organization\"},\"image\":{\"@id\":\"https:\/\/innoticiasbo.com\/index.php\/2025\/06\/10\/confirman-32-heridos-en-llallagua-y-la-policia-descarta-que-exista-algun-fallecido\/#primaryimage\"},\"thumbnailUrl\":\"https:\/\/i0.wp.com\/innoticiasbo.com\/wp-content\/uploads\/2025\/06\/IMG-20250610-WA0332.jpg?fit=1280%2C545&ssl=1\",\"keywords\":[\"ataque\",\"ayllus\",\"bloqueos\",\"evistas\",\"heridos\",\"innoticias\",\"Llallagua\",\"Potos\u00ed\"],\"articleSection\":[\"Bolivia\",\"Seguridad\"],\"inLanguage\":\"es\",\"potentialAction\":[{\"@type\":\"CommentAction\",\"name\":\"Comment\",\"target\":[\"https:\/\/innoticiasbo.com\/index.php\/2025\/06\/10\/confirman-32-heridos-en-llallagua-y-la-policia-descarta-que-exista-algun-fallecido\/#respond\"]}]},{\"@type\":\"WebPage\",\"@id\":\"https:\/\/innoticiasbo.com\/index.php\/2025\/06\/10\/confirman-32-heridos-en-llallagua-y-la-policia-descarta-que-exista-algun-fallecido\/\",\"url\":\"https:\/\/innoticiasbo.com\/index.php\/2025\/06\/10\/confirman-32-heridos-en-llallagua-y-la-policia-descarta-que-exista-algun-fallecido\/\",\"name\":\"CONFIRMAN 32 HERIDOS EN LLALLAGUA Y LA POLIC\u00cdA DESCARTA QUE EXISTA ALG\u00daN FALLECIDO - innoticiasbo.com\",\"isPartOf\":{\"@id\":\"https:\/\/innoticiasbo.com\/#website\"},\"primaryImageOfPage\":{\"@id\":\"https:\/\/innoticiasbo.com\/index.php\/2025\/06\/10\/confirman-32-heridos-en-llallagua-y-la-policia-descarta-que-exista-algun-fallecido\/#primaryimage\"},\"image\":{\"@id\":\"https:\/\/innoticiasbo.com\/index.php\/2025\/06\/10\/confirman-32-heridos-en-llallagua-y-la-policia-descarta-que-exista-algun-fallecido\/#primaryimage\"},\"thumbnailUrl\":\"https:\/\/i0.wp.com\/innoticiasbo.com\/wp-content\/uploads\/2025\/06\/IMG-20250610-WA0332.jpg?fit=1280%2C545&ssl=1\",\"datePublished\":\"2025-06-11T00:25:01+00:00\",\"dateModified\":\"2025-06-11T00:25:43+00:00\",\"breadcrumb\":{\"@id\":\"https:\/\/innoticiasbo.com\/index.php\/2025\/06\/10\/confirman-32-heridos-en-llallagua-y-la-policia-descarta-que-exista-algun-fallecido\/#breadcrumb\"},\"inLanguage\":\"es\",\"potentialAction\":[{\"@type\":\"ReadAction\",\"target\":[\"https:\/\/innoticiasbo.com\/index.php\/2025\/06\/10\/confirman-32-heridos-en-llallagua-y-la-policia-descarta-que-exista-algun-fallecido\/\"]}]},{\"@type\":\"ImageObject\",\"inLanguage\":\"es\",\"@id\":\"https:\/\/innoticiasbo.com\/index.php\/2025\/06\/10\/confirman-32-heridos-en-llallagua-y-la-policia-descarta-que-exista-algun-fallecido\/#primaryimage\",\"url\":\"https:\/\/i0.wp.com\/innoticiasbo.com\/wp-content\/uploads\/2025\/06\/IMG-20250610-WA0332.jpg?fit=1280%2C545&ssl=1\",\"contentUrl\":\"https:\/\/i0.wp.com\/innoticiasbo.com\/wp-content\/uploads\/2025\/06\/IMG-20250610-WA0332.jpg?fit=1280%2C545&ssl=1\",\"width\":1280,\"height\":545},{\"@type\":\"BreadcrumbList\",\"@id\":\"https:\/\/innoticiasbo.com\/index.php\/2025\/06\/10\/confirman-32-heridos-en-llallagua-y-la-policia-descarta-que-exista-algun-fallecido\/#breadcrumb\",\"itemListElement\":[{\"@type\":\"ListItem\",\"position\":1,\"name\":\"Portada\",\"item\":\"https:\/\/innoticiasbo.com\/\"},{\"@type\":\"ListItem\",\"position\":2,\"name\":\"CONFIRMAN 32 HERIDOS EN LLALLAGUA Y LA POLIC\u00cdA DESCARTA QUE EXISTA ALG\u00daN FALLECIDO\"}]},{\"@type\":\"WebSite\",\"@id\":\"https:\/\/innoticiasbo.com\/#website\",\"url\":\"https:\/\/innoticiasbo.com\/\",\"name\":\"innoticiasbo.com\",\"description\":\"\",\"publisher\":{\"@id\":\"https:\/\/innoticiasbo.com\/#organization\"},\"potentialAction\":[{\"@type\":\"SearchAction\",\"target\":{\"@type\":\"EntryPoint\",\"urlTemplate\":\"https:\/\/innoticiasbo.com\/?s={search_term_string}\"},\"query-input\":{\"@type\":\"PropertyValueSpecification\",\"valueRequired\":true,\"valueName\":\"search_term_string\"}}],\"inLanguage\":\"es\"},{\"@type\":\"Organization\",\"@id\":\"https:\/\/innoticiasbo.com\/#organization\",\"name\":\"innoticiasbo.com\",\"url\":\"https:\/\/innoticiasbo.com\/\",\"logo\":{\"@type\":\"ImageObject\",\"inLanguage\":\"es\",\"@id\":\"https:\/\/innoticiasbo.com\/#\/schema\/logo\/image\/\",\"url\":\"https:\/\/i0.wp.com\/innoticiasbo.com\/wp-content\/uploads\/2026\/04\/cropped-IN-LOGO.png?fit=1476%2C1476&ssl=1\",\"contentUrl\":\"https:\/\/i0.wp.com\/innoticiasbo.com\/wp-content\/uploads\/2026\/04\/cropped-IN-LOGO.png?fit=1476%2C1476&ssl=1\",\"width\":1476,\"height\":1476,\"caption\":\"innoticiasbo.com\"},\"image\":{\"@id\":\"https:\/\/innoticiasbo.com\/#\/schema\/logo\/image\/\"},\"sameAs\":[\"https:\/\/www.facebook.com\/innoticiasbolivia\",\"https:\/\/x.com\/innoticiasbo\",\"https:\/\/www.instagram.com\/innoticiasbo\",\"https:\/\/www.youtube.com\/innoticiasbo\"]},{\"@type\":\"Person\",\"@id\":\"https:\/\/innoticiasbo.com\/#\/schema\/person\/589cd527c4211df1b943bdad85ec07ce\",\"name\":\"Prensa\",\"image\":{\"@type\":\"ImageObject\",\"inLanguage\":\"es\",\"@id\":\"https:\/\/innoticiasbo.com\/#\/schema\/person\/image\/\",\"url\":\"https:\/\/secure.gravatar.com\/avatar\/d359bbdf112023c1c0a3ec7fe1600657?s=96&d=mm&r=g\",\"contentUrl\":\"https:\/\/secure.gravatar.com\/avatar\/d359bbdf112023c1c0a3ec7fe1600657?s=96&d=mm&r=g\",\"caption\":\"Prensa\"},\"sameAs\":[\"http:\/\/www.innoticiasbo.com\"],\"url\":\"https:\/\/innoticiasbo.com\/index.php\/author\/prensa\/\"}]}<\/script>\n<!-- \/ Yoast SEO plugin. -->","yoast_head_json":{"title":"CONFIRMAN 32 HERIDOS EN LLALLAGUA Y LA POLIC\u00cdA DESCARTA QUE EXISTA ALG\u00daN FALLECIDO - innoticiasbo.com","robots":{"index":"index","follow":"follow","max-snippet":"max-snippet:-1","max-image-preview":"max-image-preview:large","max-video-preview":"max-video-preview:-1"},"canonical":"https:\/\/innoticiasbo.com\/index.php\/2025\/06\/10\/confirman-32-heridos-en-llallagua-y-la-policia-descarta-que-exista-algun-fallecido\/","og_locale":"es_ES","og_type":"article","og_title":"CONFIRMAN 32 HERIDOS EN LLALLAGUA Y LA POLIC\u00cdA DESCARTA QUE EXISTA ALG\u00daN FALLECIDO - innoticiasbo.com","og_description":"Potos\u00ed, 10 de junio de 2025.- El ataque de grupos evistas a la poblaci\u00f3n potosina de Llallagua dej\u00f3 al menos 32 heridos seg\u00fan la Defensor\u00eda del Pueblo, mientras que la Polic\u00eda de Potos\u00ed ha descartado que exista alg\u00fan fallecido. \u201cEs una l\u00e1stima que tengamos m\u00e1s de 32 personas heridas en Llallagua. Estamos rayando en lo...","og_url":"https:\/\/innoticiasbo.com\/index.php\/2025\/06\/10\/confirman-32-heridos-en-llallagua-y-la-policia-descarta-que-exista-algun-fallecido\/","og_site_name":"innoticiasbo.com","article_publisher":"https:\/\/www.facebook.com\/innoticiasbolivia","article_published_time":"2025-06-11T00:25:01+00:00","article_modified_time":"2025-06-11T00:25:43+00:00","og_image":[{"width":1280,"height":545,"url":"https:\/\/i0.wp.com\/innoticiasbo.com\/wp-content\/uploads\/2025\/06\/IMG-20250610-WA0332.jpg?fit=1280%2C545&ssl=1","type":"image\/jpeg"}],"author":"Prensa","twitter_card":"summary_large_image","twitter_creator":"@innoticiasbo","twitter_site":"@innoticiasbo","twitter_misc":{"Escrito por":"Prensa","Tiempo de lectura":"1 minuto"},"schema":{"@context":"https:\/\/schema.org","@graph":[{"@type":"Article","@id":"https:\/\/innoticiasbo.com\/index.php\/2025\/06\/10\/confirman-32-heridos-en-llallagua-y-la-policia-descarta-que-exista-algun-fallecido\/#article","isPartOf":{"@id":"https:\/\/innoticiasbo.com\/index.php\/2025\/06\/10\/confirman-32-heridos-en-llallagua-y-la-policia-descarta-que-exista-algun-fallecido\/"},"author":{"name":"Prensa","@id":"https:\/\/innoticiasbo.com\/#\/schema\/person\/589cd527c4211df1b943bdad85ec07ce"},"headline":"CONFIRMAN 32 HERIDOS EN LLALLAGUA Y LA POLIC\u00cdA DESCARTA QUE EXISTA ALG\u00daN FALLECIDO","datePublished":"2025-06-11T00:25:01+00:00","dateModified":"2025-06-11T00:25:43+00:00","mainEntityOfPage":{"@id":"https:\/\/innoticiasbo.com\/index.php\/2025\/06\/10\/confirman-32-heridos-en-llallagua-y-la-policia-descarta-que-exista-algun-fallecido\/"},"wordCount":243,"commentCount":1,"publisher":{"@id":"https:\/\/innoticiasbo.com\/#organization"},"image":{"@id":"https:\/\/innoticiasbo.com\/index.php\/2025\/06\/10\/confirman-32-heridos-en-llallagua-y-la-policia-descarta-que-exista-algun-fallecido\/#primaryimage"},"thumbnailUrl":"https:\/\/i0.wp.com\/innoticiasbo.com\/wp-content\/uploads\/2025\/06\/IMG-20250610-WA0332.jpg?fit=1280%2C545&ssl=1","keywords":["ataque","ayllus","bloqueos","evistas","heridos","innoticias","Llallagua","Potos\u00ed"],"articleSection":["Bolivia","Seguridad"],"inLanguage":"es","potentialAction":[{"@type":"CommentAction","name":"Comment","target":["https:\/\/innoticiasbo.com\/index.php\/2025\/06\/10\/confirman-32-heridos-en-llallagua-y-la-policia-descarta-que-exista-algun-fallecido\/#respond"]}]},{"@type":"WebPage","@id":"https:\/\/innoticiasbo.com\/index.php\/2025\/06\/10\/confirman-32-heridos-en-llallagua-y-la-policia-descarta-que-exista-algun-fallecido\/","url":"https:\/\/innoticiasbo.com\/index.php\/2025\/06\/10\/confirman-32-heridos-en-llallagua-y-la-policia-descarta-que-exista-algun-fallecido\/","name":"CONFIRMAN 32 HERIDOS EN LLALLAGUA Y LA POLIC\u00cdA DESCARTA QUE EXISTA ALG\u00daN FALLECIDO - innoticiasbo.com","isPartOf":{"@id":"https:\/\/innoticiasbo.com\/#website"},"primaryImageOfPage":{"@id":"https:\/\/innoticiasbo.com\/index.php\/2025\/06\/10\/confirman-32-heridos-en-llallagua-y-la-policia-descarta-que-exista-algun-fallecido\/#primaryimage"},"image":{"@id":"https:\/\/innoticiasbo.com\/index.php\/2025\/06\/10\/confirman-32-heridos-en-llallagua-y-la-policia-descarta-que-exista-algun-fallecido\/#primaryimage"},"thumbnailUrl":"https:\/\/i0.wp.com\/innoticiasbo.com\/wp-content\/uploads\/2025\/06\/IMG-20250610-WA0332.jpg?fit=1280%2C545&ssl=1","datePublished":"2025-06-11T00:25:01+00:00","dateModified":"2025-06-11T00:25:43+00:00","breadcrumb":{"@id":"https:\/\/innoticiasbo.com\/index.php\/2025\/06\/10\/confirman-32-heridos-en-llallagua-y-la-policia-descarta-que-exista-algun-fallecido\/#breadcrumb"},"inLanguage":"es","potentialAction":[{"@type":"ReadAction","target":["https:\/\/innoticiasbo.com\/index.php\/2025\/06\/10\/confirman-32-heridos-en-llallagua-y-la-policia-descarta-que-exista-algun-fallecido\/"]}]},{"@type":"ImageObject","inLanguage":"es","@id":"https:\/\/innoticiasbo.com\/index.php\/2025\/06\/10\/confirman-32-heridos-en-llallagua-y-la-policia-descarta-que-exista-algun-fallecido\/#primaryimage","url":"https:\/\/i0.wp.com\/innoticiasbo.com\/wp-content\/uploads\/2025\/06\/IMG-20250610-WA0332.jpg?fit=1280%2C545&ssl=1","contentUrl":"https:\/\/i0.wp.com\/innoticiasbo.com\/wp-content\/uploads\/2025\/06\/IMG-20250610-WA0332.jpg?fit=1280%2C545&ssl=1","width":1280,"height":545},{"@type":"BreadcrumbList","@id":"https:\/\/innoticiasbo.com\/index.php\/2025\/06\/10\/confirman-32-heridos-en-llallagua-y-la-policia-descarta-que-exista-algun-fallecido\/#breadcrumb","itemListElement":[{"@type":"ListItem","position":1,"name":"Portada","item":"https:\/\/innoticiasbo.com\/"},{"@type":"ListItem","position":2,"name":"CONFIRMAN 32 HERIDOS EN LLALLAGUA Y LA POLIC\u00cdA DESCARTA QUE EXISTA ALG\u00daN FALLECIDO"}]},{"@type":"WebSite","@id":"https:\/\/innoticiasbo.com\/#website","url":"https:\/\/innoticiasbo.com\/","name":"innoticiasbo.com","description":"","publisher":{"@id":"https:\/\/innoticiasbo.com\/#organization"},"potentialAction":[{"@type":"SearchAction","target":{"@type":"EntryPoint","urlTemplate":"https:\/\/innoticiasbo.com\/?s={search_term_string}"},"query-input":{"@type":"PropertyValueSpecification","valueRequired":true,"valueName":"search_term_string"}}],"inLanguage":"es"},{"@type":"Organization","@id":"https:\/\/innoticiasbo.com\/#organization","name":"innoticiasbo.com","url":"https:\/\/innoticiasbo.com\/","logo":{"@type":"ImageObject","inLanguage":"es","@id":"https:\/\/innoticiasbo.com\/#\/schema\/logo\/image\/","url":"https:\/\/i0.wp.com\/innoticiasbo.com\/wp-content\/uploads\/2026\/04\/cropped-IN-LOGO.png?fit=1476%2C1476&ssl=1","contentUrl":"https:\/\/i0.wp.com\/innoticiasbo.com\/wp-content\/uploads\/2026\/04\/cropped-IN-LOGO.png?fit=1476%2C1476&ssl=1","width":1476,"height":1476,"caption":"innoticiasbo.com"},"image":{"@id":"https:\/\/innoticiasbo.com\/#\/schema\/logo\/image\/"},"sameAs":["https:\/\/www.facebook.com\/innoticiasbolivia","https:\/\/x.com\/innoticiasbo","https:\/\/www.instagram.com\/innoticiasbo","https:\/\/www.youtube.com\/innoticiasbo"]},{"@type":"Person","@id":"https:\/\/innoticiasbo.com\/#\/schema\/person\/589cd527c4211df1b943bdad85ec07ce","name":"Prensa","image":{"@type":"ImageObject","inLanguage":"es","@id":"https:\/\/innoticiasbo.com\/#\/schema\/person\/image\/","url":"https:\/\/secure.gravatar.com\/avatar\/d359bbdf112023c1c0a3ec7fe1600657?s=96&d=mm&r=g","contentUrl":"https:\/\/secure.gravatar.com\/avatar\/d359bbdf112023c1c0a3ec7fe1600657?s=96&d=mm&r=g","caption":"Prensa"},"sameAs":["http:\/\/www.innoticiasbo.com"],"url":"https:\/\/innoticiasbo.com\/index.php\/author\/prensa\/"}]}},"jetpack_featured_media_url":"https:\/\/i0.wp.com\/innoticiasbo.com\/wp-content\/uploads\/2025\/06\/IMG-20250610-WA0332.jpg?fit=1280%2C545&ssl=1","jetpack_likes_enabled":true,"jetpack_sharing_enabled":true,"jetpack_shortlink":"https:\/\/wp.me\/pg298x-1K8","_links":{"self":[{"href":"https:\/\/innoticiasbo.com\/index.php\/wp-json\/wp\/v2\/posts\/6704","targetHints":{"allow":["GET"]}}],"collection":[{"href":"https:\/\/innoticiasbo.com\/index.php\/wp-json\/wp\/v2\/posts"}],"about":[{"href":"https:\/\/innoticiasbo.com\/index.php\/wp-json\/wp\/v2\/types\/post"}],"author":[{"embeddable":true,"href":"https:\/\/innoticiasbo.com\/index.php\/wp-json\/wp\/v2\/users\/2"}],"replies":[{"embeddable":true,"href":"https:\/\/innoticiasbo.com\/index.php\/wp-json\/wp\/v2\/comments?post=6704"}],"version-history":[{"count":1,"href":"https:\/\/innoticiasbo.com\/index.php\/wp-json\/wp\/v2\/posts\/6704\/revisions"}],"predecessor-version":[{"id":6705,"href":"https:\/\/innoticiasbo.com\/index.php\/wp-json\/wp\/v2\/posts\/6704\/revisions\/6705"}],"wp:featuredmedia":[{"embeddable":true,"href":"https:\/\/innoticiasbo.com\/index.php\/wp-json\/wp\/v2\/media\/6703"}],"wp:attachment":[{"href":"https:\/\/innoticiasbo.com\/index.php\/wp-json\/wp\/v2\/media?parent=6704"}],"wp:term":[{"taxonomy":"category","embeddable":true,"href":"https:\/\/innoticiasbo.com\/index.php\/wp-json\/wp\/v2\/categories?post=6704"},{"taxonomy":"post_tag","embeddable":true,"href":"https:\/\/innoticiasbo.com\/index.php\/wp-json\/wp\/v2\/tags?post=6704"}],"curies":[{"name":"wp","href":"https:\/\/api.w.org\/{rel}","templated":true}]}}