{"id":6635,"date":"2025-06-09T14:07:21","date_gmt":"2025-06-09T18:07:21","guid":{"rendered":"https:\/\/innoticiasbo.com\/?p=6635"},"modified":"2025-06-09T14:09:11","modified_gmt":"2025-06-09T18:09:11","slug":"detencion-preventiva-para-siete-personas-halladas-con-armas-de-fuego","status":"publish","type":"post","link":"https:\/\/innoticiasbo.com\/index.php\/2025\/06\/09\/detencion-preventiva-para-siete-personas-halladas-con-armas-de-fuego\/","title":{"rendered":"DETENCI\u00d3N PREVENTIVA PARA SIETE PERSONAS HALLADAS CON ARMAS DE FUEGO"},"content":{"rendered":"<p>Cochabamba, 9 de junio de 2025.-  El Fiscal Departamental de Cochabamba, Osvaldo Tejerina Rios, inform\u00f3 hoy que, en audiencia de medidas cautelares, se demostr\u00f3 Israel H.A., Rosario C.C, Sharon N.P.P, Edwin R.C.F, Manuel J.S.M., Alan J.S.H y Daniel G.C (expolic\u00eda), de 26, 37, 24, 43, 41, 24 y 35 a\u00f1os de edad, respectivamente, son con probabilidad autores de los delitos de Tr\u00e1fico Il\u00edcito de Armas y Tenencia y Porte o Portaci\u00f3n Il\u00edcita, tras haber sido hallados con armas fuego, indumentaria policial y dinero falso en inmediaciones de la tranca de Pirque en Parotani en Cochabamba, por ello, el Juzgado Mixto de Instrucci\u00f3n y Familia de Vinto determin\u00f3 detenci\u00f3n preventiva para Israel y Edwin en el penal de San Pablo, Rosario y Sharon en la c\u00e1rcel de San Sebasti\u00e1n mujeres, Manuel y Alan en el recinto carcelario de San Sebasti\u00e1n varones y para Daniel en el penal de El Abra.<\/p>\n<p><img data-recalc-dims=\"1\" loading=\"lazy\" decoding=\"async\" src=\"https:\/\/i0.wp.com\/innoticiasbo.com\/wp-content\/uploads\/2025\/06\/img-20250606-wa03105038901866485625440.jpg?resize=640%2C360&#038;ssl=1\" class=\"wp-image-6633 alignnone size-full\" width=\"640\" height=\"360\" srcset=\"https:\/\/i0.wp.com\/innoticiasbo.com\/wp-content\/uploads\/2025\/06\/img-20250606-wa03105038901866485625440.jpg?w=1599&amp;ssl=1 1599w, https:\/\/i0.wp.com\/innoticiasbo.com\/wp-content\/uploads\/2025\/06\/img-20250606-wa03105038901866485625440.jpg?resize=300%2C169&amp;ssl=1 300w, https:\/\/i0.wp.com\/innoticiasbo.com\/wp-content\/uploads\/2025\/06\/img-20250606-wa03105038901866485625440.jpg?resize=1024%2C576&amp;ssl=1 1024w, https:\/\/i0.wp.com\/innoticiasbo.com\/wp-content\/uploads\/2025\/06\/img-20250606-wa03105038901866485625440.jpg?resize=768%2C432&amp;ssl=1 768w, https:\/\/i0.wp.com\/innoticiasbo.com\/wp-content\/uploads\/2025\/06\/img-20250606-wa03105038901866485625440.jpg?resize=1536%2C864&amp;ssl=1 1536w, https:\/\/i0.wp.com\/innoticiasbo.com\/wp-content\/uploads\/2025\/06\/img-20250606-wa03105038901866485625440.jpg?w=1280&amp;ssl=1 1280w\" sizes=\"auto, (max-width: 640px) 100vw, 640px\" \/><\/p>\n<p>\u201cTodos los elementos colectados en la investigaci\u00f3n fueron presentados en audiencia, como el acta de secuestro de las armas, el acta de registro de lugar del hecho y el muestrario fotogr\u00e1fico entre otros, por ello, la autoridad jurisdiccional determin\u00f3 la detenci\u00f3n preventiva de estas siete personas\u201d, dijo el Fiscal Departamental.<\/p>\n<p>Por su parte, el Fiscal de Materia asignado al caso, Javier Morales, se\u00f1al\u00f3 que el hecho se registr\u00f3 en inmediaciones de la tranca de Pirque, en la comunidad de Parotani del municipio de Cochabamba, el 06 de junio de 2025, cuando efectivos policiales realizaron un operativo de control para evitar la instalaci\u00f3n de bloqueos en le sector donde se aproxim\u00f3 una vagoneta guinda con siete ocupantes, a quienes se les pidi\u00f3 bajar del motorizado, uno de ellos al descender hizo caer un arma de fuego por lo que la polic\u00eda intervino y los aprehendi\u00f3.<\/p>\n<p>Tras la requisa al motorizado hallaron m\u00e1s armas de fuego, municiones, agentes qu\u00edmicos, manillas e indumentaria policial y dinero falso, los aprehendidos fueron llevados a dependencias policiales y luego puestos a disposici\u00f3n del Ministerio P\u00fablico.<\/p>\n","protected":false},"excerpt":{"rendered":"<p>Cochabamba, 9 de junio de 2025.- El Fiscal Departamental de Cochabamba, Osvaldo Tejerina Rios, inform\u00f3 hoy que, en audiencia de medidas cautelares, se demostr\u00f3 Israel H.A., Rosario C.C, Sharon N.P.P, Edwin R.C.F, Manuel J.S.M., Alan J.S.H y Daniel G.C (expolic\u00eda), de 26, 37, 24, 43, 41, 24 y 35 a\u00f1os de edad, respectivamente, son con&#8230;<\/p>\n","protected":false},"author":2,"featured_media":6634,"comment_status":"open","ping_status":"open","sticky":false,"template":"","format":"standard","meta":{"_jetpack_memberships_contains_paid_content":false,"footnotes":"","jetpack_publicize_message":"","jetpack_publicize_feature_enabled":true,"jetpack_social_post_already_shared":true,"jetpack_social_options":{"image_generator_settings":{"template":"highway","enabled":false},"version":2}},"categories":[1,15],"tags":[701,339,417,168,363,22],"class_list":["post-6635","post","type-post","status-publish","format-standard","has-post-thumbnail","hentry","category-bolivia","category-seguridad","tag-armas-de-fuego","tag-bloqueos","tag-detencion-preventiva","tag-evistas","tag-fiscalia","tag-innoticias"],"jetpack_publicize_connections":[],"yoast_head":"<!-- This site is optimized with the Yoast SEO plugin v23.4 - https:\/\/yoast.com\/wordpress\/plugins\/seo\/ -->\n<title>DETENCI\u00d3N PREVENTIVA PARA SIETE PERSONAS HALLADAS CON ARMAS DE FUEGO - innoticiasbo.com<\/title>\n<meta name=\"robots\" content=\"index, follow, max-snippet:-1, max-image-preview:large, max-video-preview:-1\" \/>\n<link rel=\"canonical\" href=\"https:\/\/innoticiasbo.com\/index.php\/2025\/06\/09\/detencion-preventiva-para-siete-personas-halladas-con-armas-de-fuego\/\" \/>\n<meta property=\"og:locale\" content=\"es_ES\" \/>\n<meta property=\"og:type\" content=\"article\" \/>\n<meta property=\"og:title\" content=\"DETENCI\u00d3N PREVENTIVA PARA SIETE PERSONAS HALLADAS CON ARMAS DE FUEGO - innoticiasbo.com\" \/>\n<meta property=\"og:description\" content=\"Cochabamba, 9 de junio de 2025.- El Fiscal Departamental de Cochabamba, Osvaldo Tejerina Rios, inform\u00f3 hoy que, en audiencia de medidas cautelares, se demostr\u00f3 Israel H.A., Rosario C.C, Sharon N.P.P, Edwin R.C.F, Manuel J.S.M., Alan J.S.H y Daniel G.C (expolic\u00eda), de 26, 37, 24, 43, 41, 24 y 35 a\u00f1os de edad, respectivamente, son con...\" \/>\n<meta property=\"og:url\" content=\"https:\/\/innoticiasbo.com\/index.php\/2025\/06\/09\/detencion-preventiva-para-siete-personas-halladas-con-armas-de-fuego\/\" \/>\n<meta property=\"og:site_name\" content=\"innoticiasbo.com\" \/>\n<meta property=\"article:publisher\" content=\"https:\/\/www.facebook.com\/innoticiasbolivia\" \/>\n<meta property=\"article:published_time\" content=\"2025-06-09T18:07:21+00:00\" \/>\n<meta property=\"article:modified_time\" content=\"2025-06-09T18:09:11+00:00\" \/>\n<meta property=\"og:image\" content=\"https:\/\/i0.wp.com\/innoticiasbo.com\/wp-content\/uploads\/2025\/06\/IMG-20250606-WA0127.jpg?fit=1155%2C827&ssl=1\" \/>\n\t<meta property=\"og:image:width\" content=\"1155\" \/>\n\t<meta property=\"og:image:height\" content=\"827\" \/>\n\t<meta property=\"og:image:type\" content=\"image\/jpeg\" \/>\n<meta name=\"author\" content=\"Prensa\" \/>\n<meta name=\"twitter:card\" content=\"summary_large_image\" \/>\n<meta name=\"twitter:creator\" content=\"@innoticiasbo\" \/>\n<meta name=\"twitter:site\" content=\"@innoticiasbo\" \/>\n<meta name=\"twitter:label1\" content=\"Escrito por\" \/>\n\t<meta name=\"twitter:data1\" content=\"Prensa\" \/>\n\t<meta name=\"twitter:label2\" content=\"Tiempo de lectura\" \/>\n\t<meta name=\"twitter:data2\" content=\"2 minutos\" \/>\n<script type=\"application\/ld+json\" class=\"yoast-schema-graph\">{\"@context\":\"https:\/\/schema.org\",\"@graph\":[{\"@type\":\"Article\",\"@id\":\"https:\/\/innoticiasbo.com\/index.php\/2025\/06\/09\/detencion-preventiva-para-siete-personas-halladas-con-armas-de-fuego\/#article\",\"isPartOf\":{\"@id\":\"https:\/\/innoticiasbo.com\/index.php\/2025\/06\/09\/detencion-preventiva-para-siete-personas-halladas-con-armas-de-fuego\/\"},\"author\":{\"name\":\"Prensa\",\"@id\":\"https:\/\/innoticiasbo.com\/#\/schema\/person\/589cd527c4211df1b943bdad85ec07ce\"},\"headline\":\"DETENCI\u00d3N PREVENTIVA PARA SIETE PERSONAS HALLADAS CON ARMAS DE FUEGO\",\"datePublished\":\"2025-06-09T18:07:21+00:00\",\"dateModified\":\"2025-06-09T18:09:11+00:00\",\"mainEntityOfPage\":{\"@id\":\"https:\/\/innoticiasbo.com\/index.php\/2025\/06\/09\/detencion-preventiva-para-siete-personas-halladas-con-armas-de-fuego\/\"},\"wordCount\":361,\"commentCount\":0,\"publisher\":{\"@id\":\"https:\/\/innoticiasbo.com\/#organization\"},\"image\":{\"@id\":\"https:\/\/innoticiasbo.com\/index.php\/2025\/06\/09\/detencion-preventiva-para-siete-personas-halladas-con-armas-de-fuego\/#primaryimage\"},\"thumbnailUrl\":\"https:\/\/i0.wp.com\/innoticiasbo.com\/wp-content\/uploads\/2025\/06\/IMG-20250606-WA0127.jpg?fit=1155%2C827&ssl=1\",\"keywords\":[\"armas de fuego\",\"bloqueos\",\"detenci\u00f3n preventiva\",\"evistas\",\"Fiscal\u00eda\",\"innoticias\"],\"articleSection\":[\"Bolivia\",\"Seguridad\"],\"inLanguage\":\"es\",\"potentialAction\":[{\"@type\":\"CommentAction\",\"name\":\"Comment\",\"target\":[\"https:\/\/innoticiasbo.com\/index.php\/2025\/06\/09\/detencion-preventiva-para-siete-personas-halladas-con-armas-de-fuego\/#respond\"]}]},{\"@type\":\"WebPage\",\"@id\":\"https:\/\/innoticiasbo.com\/index.php\/2025\/06\/09\/detencion-preventiva-para-siete-personas-halladas-con-armas-de-fuego\/\",\"url\":\"https:\/\/innoticiasbo.com\/index.php\/2025\/06\/09\/detencion-preventiva-para-siete-personas-halladas-con-armas-de-fuego\/\",\"name\":\"DETENCI\u00d3N PREVENTIVA PARA SIETE PERSONAS HALLADAS CON ARMAS DE FUEGO - innoticiasbo.com\",\"isPartOf\":{\"@id\":\"https:\/\/innoticiasbo.com\/#website\"},\"primaryImageOfPage\":{\"@id\":\"https:\/\/innoticiasbo.com\/index.php\/2025\/06\/09\/detencion-preventiva-para-siete-personas-halladas-con-armas-de-fuego\/#primaryimage\"},\"image\":{\"@id\":\"https:\/\/innoticiasbo.com\/index.php\/2025\/06\/09\/detencion-preventiva-para-siete-personas-halladas-con-armas-de-fuego\/#primaryimage\"},\"thumbnailUrl\":\"https:\/\/i0.wp.com\/innoticiasbo.com\/wp-content\/uploads\/2025\/06\/IMG-20250606-WA0127.jpg?fit=1155%2C827&ssl=1\",\"datePublished\":\"2025-06-09T18:07:21+00:00\",\"dateModified\":\"2025-06-09T18:09:11+00:00\",\"breadcrumb\":{\"@id\":\"https:\/\/innoticiasbo.com\/index.php\/2025\/06\/09\/detencion-preventiva-para-siete-personas-halladas-con-armas-de-fuego\/#breadcrumb\"},\"inLanguage\":\"es\",\"potentialAction\":[{\"@type\":\"ReadAction\",\"target\":[\"https:\/\/innoticiasbo.com\/index.php\/2025\/06\/09\/detencion-preventiva-para-siete-personas-halladas-con-armas-de-fuego\/\"]}]},{\"@type\":\"ImageObject\",\"inLanguage\":\"es\",\"@id\":\"https:\/\/innoticiasbo.com\/index.php\/2025\/06\/09\/detencion-preventiva-para-siete-personas-halladas-con-armas-de-fuego\/#primaryimage\",\"url\":\"https:\/\/i0.wp.com\/innoticiasbo.com\/wp-content\/uploads\/2025\/06\/IMG-20250606-WA0127.jpg?fit=1155%2C827&ssl=1\",\"contentUrl\":\"https:\/\/i0.wp.com\/innoticiasbo.com\/wp-content\/uploads\/2025\/06\/IMG-20250606-WA0127.jpg?fit=1155%2C827&ssl=1\",\"width\":1155,\"height\":827},{\"@type\":\"BreadcrumbList\",\"@id\":\"https:\/\/innoticiasbo.com\/index.php\/2025\/06\/09\/detencion-preventiva-para-siete-personas-halladas-con-armas-de-fuego\/#breadcrumb\",\"itemListElement\":[{\"@type\":\"ListItem\",\"position\":1,\"name\":\"Portada\",\"item\":\"https:\/\/innoticiasbo.com\/\"},{\"@type\":\"ListItem\",\"position\":2,\"name\":\"DETENCI\u00d3N PREVENTIVA PARA SIETE PERSONAS HALLADAS CON ARMAS DE FUEGO\"}]},{\"@type\":\"WebSite\",\"@id\":\"https:\/\/innoticiasbo.com\/#website\",\"url\":\"https:\/\/innoticiasbo.com\/\",\"name\":\"innoticiasbo.com\",\"description\":\"\",\"publisher\":{\"@id\":\"https:\/\/innoticiasbo.com\/#organization\"},\"potentialAction\":[{\"@type\":\"SearchAction\",\"target\":{\"@type\":\"EntryPoint\",\"urlTemplate\":\"https:\/\/innoticiasbo.com\/?s={search_term_string}\"},\"query-input\":{\"@type\":\"PropertyValueSpecification\",\"valueRequired\":true,\"valueName\":\"search_term_string\"}}],\"inLanguage\":\"es\"},{\"@type\":\"Organization\",\"@id\":\"https:\/\/innoticiasbo.com\/#organization\",\"name\":\"innoticiasbo.com\",\"url\":\"https:\/\/innoticiasbo.com\/\",\"logo\":{\"@type\":\"ImageObject\",\"inLanguage\":\"es\",\"@id\":\"https:\/\/innoticiasbo.com\/#\/schema\/logo\/image\/\",\"url\":\"https:\/\/i0.wp.com\/innoticiasbo.com\/wp-content\/uploads\/2026\/04\/cropped-IN-LOGO.png?fit=1476%2C1476&ssl=1\",\"contentUrl\":\"https:\/\/i0.wp.com\/innoticiasbo.com\/wp-content\/uploads\/2026\/04\/cropped-IN-LOGO.png?fit=1476%2C1476&ssl=1\",\"width\":1476,\"height\":1476,\"caption\":\"innoticiasbo.com\"},\"image\":{\"@id\":\"https:\/\/innoticiasbo.com\/#\/schema\/logo\/image\/\"},\"sameAs\":[\"https:\/\/www.facebook.com\/innoticiasbolivia\",\"https:\/\/x.com\/innoticiasbo\",\"https:\/\/www.instagram.com\/innoticiasbo\",\"https:\/\/www.youtube.com\/innoticiasbo\"]},{\"@type\":\"Person\",\"@id\":\"https:\/\/innoticiasbo.com\/#\/schema\/person\/589cd527c4211df1b943bdad85ec07ce\",\"name\":\"Prensa\",\"image\":{\"@type\":\"ImageObject\",\"inLanguage\":\"es\",\"@id\":\"https:\/\/innoticiasbo.com\/#\/schema\/person\/image\/\",\"url\":\"https:\/\/secure.gravatar.com\/avatar\/d359bbdf112023c1c0a3ec7fe1600657?s=96&d=mm&r=g\",\"contentUrl\":\"https:\/\/secure.gravatar.com\/avatar\/d359bbdf112023c1c0a3ec7fe1600657?s=96&d=mm&r=g\",\"caption\":\"Prensa\"},\"sameAs\":[\"http:\/\/www.innoticiasbo.com\"],\"url\":\"https:\/\/innoticiasbo.com\/index.php\/author\/prensa\/\"}]}<\/script>\n<!-- \/ Yoast SEO plugin. -->","yoast_head_json":{"title":"DETENCI\u00d3N PREVENTIVA PARA SIETE PERSONAS HALLADAS CON ARMAS DE FUEGO - innoticiasbo.com","robots":{"index":"index","follow":"follow","max-snippet":"max-snippet:-1","max-image-preview":"max-image-preview:large","max-video-preview":"max-video-preview:-1"},"canonical":"https:\/\/innoticiasbo.com\/index.php\/2025\/06\/09\/detencion-preventiva-para-siete-personas-halladas-con-armas-de-fuego\/","og_locale":"es_ES","og_type":"article","og_title":"DETENCI\u00d3N PREVENTIVA PARA SIETE PERSONAS HALLADAS CON ARMAS DE FUEGO - innoticiasbo.com","og_description":"Cochabamba, 9 de junio de 2025.- El Fiscal Departamental de Cochabamba, Osvaldo Tejerina Rios, inform\u00f3 hoy que, en audiencia de medidas cautelares, se demostr\u00f3 Israel H.A., Rosario C.C, Sharon N.P.P, Edwin R.C.F, Manuel J.S.M., Alan J.S.H y Daniel G.C (expolic\u00eda), de 26, 37, 24, 43, 41, 24 y 35 a\u00f1os de edad, respectivamente, son con...","og_url":"https:\/\/innoticiasbo.com\/index.php\/2025\/06\/09\/detencion-preventiva-para-siete-personas-halladas-con-armas-de-fuego\/","og_site_name":"innoticiasbo.com","article_publisher":"https:\/\/www.facebook.com\/innoticiasbolivia","article_published_time":"2025-06-09T18:07:21+00:00","article_modified_time":"2025-06-09T18:09:11+00:00","og_image":[{"width":1155,"height":827,"url":"https:\/\/i0.wp.com\/innoticiasbo.com\/wp-content\/uploads\/2025\/06\/IMG-20250606-WA0127.jpg?fit=1155%2C827&ssl=1","type":"image\/jpeg"}],"author":"Prensa","twitter_card":"summary_large_image","twitter_creator":"@innoticiasbo","twitter_site":"@innoticiasbo","twitter_misc":{"Escrito por":"Prensa","Tiempo de lectura":"2 minutos"},"schema":{"@context":"https:\/\/schema.org","@graph":[{"@type":"Article","@id":"https:\/\/innoticiasbo.com\/index.php\/2025\/06\/09\/detencion-preventiva-para-siete-personas-halladas-con-armas-de-fuego\/#article","isPartOf":{"@id":"https:\/\/innoticiasbo.com\/index.php\/2025\/06\/09\/detencion-preventiva-para-siete-personas-halladas-con-armas-de-fuego\/"},"author":{"name":"Prensa","@id":"https:\/\/innoticiasbo.com\/#\/schema\/person\/589cd527c4211df1b943bdad85ec07ce"},"headline":"DETENCI\u00d3N PREVENTIVA PARA SIETE PERSONAS HALLADAS CON ARMAS DE FUEGO","datePublished":"2025-06-09T18:07:21+00:00","dateModified":"2025-06-09T18:09:11+00:00","mainEntityOfPage":{"@id":"https:\/\/innoticiasbo.com\/index.php\/2025\/06\/09\/detencion-preventiva-para-siete-personas-halladas-con-armas-de-fuego\/"},"wordCount":361,"commentCount":0,"publisher":{"@id":"https:\/\/innoticiasbo.com\/#organization"},"image":{"@id":"https:\/\/innoticiasbo.com\/index.php\/2025\/06\/09\/detencion-preventiva-para-siete-personas-halladas-con-armas-de-fuego\/#primaryimage"},"thumbnailUrl":"https:\/\/i0.wp.com\/innoticiasbo.com\/wp-content\/uploads\/2025\/06\/IMG-20250606-WA0127.jpg?fit=1155%2C827&ssl=1","keywords":["armas de fuego","bloqueos","detenci\u00f3n preventiva","evistas","Fiscal\u00eda","innoticias"],"articleSection":["Bolivia","Seguridad"],"inLanguage":"es","potentialAction":[{"@type":"CommentAction","name":"Comment","target":["https:\/\/innoticiasbo.com\/index.php\/2025\/06\/09\/detencion-preventiva-para-siete-personas-halladas-con-armas-de-fuego\/#respond"]}]},{"@type":"WebPage","@id":"https:\/\/innoticiasbo.com\/index.php\/2025\/06\/09\/detencion-preventiva-para-siete-personas-halladas-con-armas-de-fuego\/","url":"https:\/\/innoticiasbo.com\/index.php\/2025\/06\/09\/detencion-preventiva-para-siete-personas-halladas-con-armas-de-fuego\/","name":"DETENCI\u00d3N PREVENTIVA PARA SIETE PERSONAS HALLADAS CON ARMAS DE FUEGO - innoticiasbo.com","isPartOf":{"@id":"https:\/\/innoticiasbo.com\/#website"},"primaryImageOfPage":{"@id":"https:\/\/innoticiasbo.com\/index.php\/2025\/06\/09\/detencion-preventiva-para-siete-personas-halladas-con-armas-de-fuego\/#primaryimage"},"image":{"@id":"https:\/\/innoticiasbo.com\/index.php\/2025\/06\/09\/detencion-preventiva-para-siete-personas-halladas-con-armas-de-fuego\/#primaryimage"},"thumbnailUrl":"https:\/\/i0.wp.com\/innoticiasbo.com\/wp-content\/uploads\/2025\/06\/IMG-20250606-WA0127.jpg?fit=1155%2C827&ssl=1","datePublished":"2025-06-09T18:07:21+00:00","dateModified":"2025-06-09T18:09:11+00:00","breadcrumb":{"@id":"https:\/\/innoticiasbo.com\/index.php\/2025\/06\/09\/detencion-preventiva-para-siete-personas-halladas-con-armas-de-fuego\/#breadcrumb"},"inLanguage":"es","potentialAction":[{"@type":"ReadAction","target":["https:\/\/innoticiasbo.com\/index.php\/2025\/06\/09\/detencion-preventiva-para-siete-personas-halladas-con-armas-de-fuego\/"]}]},{"@type":"ImageObject","inLanguage":"es","@id":"https:\/\/innoticiasbo.com\/index.php\/2025\/06\/09\/detencion-preventiva-para-siete-personas-halladas-con-armas-de-fuego\/#primaryimage","url":"https:\/\/i0.wp.com\/innoticiasbo.com\/wp-content\/uploads\/2025\/06\/IMG-20250606-WA0127.jpg?fit=1155%2C827&ssl=1","contentUrl":"https:\/\/i0.wp.com\/innoticiasbo.com\/wp-content\/uploads\/2025\/06\/IMG-20250606-WA0127.jpg?fit=1155%2C827&ssl=1","width":1155,"height":827},{"@type":"BreadcrumbList","@id":"https:\/\/innoticiasbo.com\/index.php\/2025\/06\/09\/detencion-preventiva-para-siete-personas-halladas-con-armas-de-fuego\/#breadcrumb","itemListElement":[{"@type":"ListItem","position":1,"name":"Portada","item":"https:\/\/innoticiasbo.com\/"},{"@type":"ListItem","position":2,"name":"DETENCI\u00d3N PREVENTIVA PARA SIETE PERSONAS HALLADAS CON ARMAS DE FUEGO"}]},{"@type":"WebSite","@id":"https:\/\/innoticiasbo.com\/#website","url":"https:\/\/innoticiasbo.com\/","name":"innoticiasbo.com","description":"","publisher":{"@id":"https:\/\/innoticiasbo.com\/#organization"},"potentialAction":[{"@type":"SearchAction","target":{"@type":"EntryPoint","urlTemplate":"https:\/\/innoticiasbo.com\/?s={search_term_string}"},"query-input":{"@type":"PropertyValueSpecification","valueRequired":true,"valueName":"search_term_string"}}],"inLanguage":"es"},{"@type":"Organization","@id":"https:\/\/innoticiasbo.com\/#organization","name":"innoticiasbo.com","url":"https:\/\/innoticiasbo.com\/","logo":{"@type":"ImageObject","inLanguage":"es","@id":"https:\/\/innoticiasbo.com\/#\/schema\/logo\/image\/","url":"https:\/\/i0.wp.com\/innoticiasbo.com\/wp-content\/uploads\/2026\/04\/cropped-IN-LOGO.png?fit=1476%2C1476&ssl=1","contentUrl":"https:\/\/i0.wp.com\/innoticiasbo.com\/wp-content\/uploads\/2026\/04\/cropped-IN-LOGO.png?fit=1476%2C1476&ssl=1","width":1476,"height":1476,"caption":"innoticiasbo.com"},"image":{"@id":"https:\/\/innoticiasbo.com\/#\/schema\/logo\/image\/"},"sameAs":["https:\/\/www.facebook.com\/innoticiasbolivia","https:\/\/x.com\/innoticiasbo","https:\/\/www.instagram.com\/innoticiasbo","https:\/\/www.youtube.com\/innoticiasbo"]},{"@type":"Person","@id":"https:\/\/innoticiasbo.com\/#\/schema\/person\/589cd527c4211df1b943bdad85ec07ce","name":"Prensa","image":{"@type":"ImageObject","inLanguage":"es","@id":"https:\/\/innoticiasbo.com\/#\/schema\/person\/image\/","url":"https:\/\/secure.gravatar.com\/avatar\/d359bbdf112023c1c0a3ec7fe1600657?s=96&d=mm&r=g","contentUrl":"https:\/\/secure.gravatar.com\/avatar\/d359bbdf112023c1c0a3ec7fe1600657?s=96&d=mm&r=g","caption":"Prensa"},"sameAs":["http:\/\/www.innoticiasbo.com"],"url":"https:\/\/innoticiasbo.com\/index.php\/author\/prensa\/"}]}},"jetpack_featured_media_url":"https:\/\/i0.wp.com\/innoticiasbo.com\/wp-content\/uploads\/2025\/06\/IMG-20250606-WA0127.jpg?fit=1155%2C827&ssl=1","jetpack_likes_enabled":true,"jetpack_sharing_enabled":true,"jetpack_shortlink":"https:\/\/wp.me\/pg298x-1J1","_links":{"self":[{"href":"https:\/\/innoticiasbo.com\/index.php\/wp-json\/wp\/v2\/posts\/6635","targetHints":{"allow":["GET"]}}],"collection":[{"href":"https:\/\/innoticiasbo.com\/index.php\/wp-json\/wp\/v2\/posts"}],"about":[{"href":"https:\/\/innoticiasbo.com\/index.php\/wp-json\/wp\/v2\/types\/post"}],"author":[{"embeddable":true,"href":"https:\/\/innoticiasbo.com\/index.php\/wp-json\/wp\/v2\/users\/2"}],"replies":[{"embeddable":true,"href":"https:\/\/innoticiasbo.com\/index.php\/wp-json\/wp\/v2\/comments?post=6635"}],"version-history":[{"count":1,"href":"https:\/\/innoticiasbo.com\/index.php\/wp-json\/wp\/v2\/posts\/6635\/revisions"}],"predecessor-version":[{"id":6636,"href":"https:\/\/innoticiasbo.com\/index.php\/wp-json\/wp\/v2\/posts\/6635\/revisions\/6636"}],"wp:featuredmedia":[{"embeddable":true,"href":"https:\/\/innoticiasbo.com\/index.php\/wp-json\/wp\/v2\/media\/6634"}],"wp:attachment":[{"href":"https:\/\/innoticiasbo.com\/index.php\/wp-json\/wp\/v2\/media?parent=6635"}],"wp:term":[{"taxonomy":"category","embeddable":true,"href":"https:\/\/innoticiasbo.com\/index.php\/wp-json\/wp\/v2\/categories?post=6635"},{"taxonomy":"post_tag","embeddable":true,"href":"https:\/\/innoticiasbo.com\/index.php\/wp-json\/wp\/v2\/tags?post=6635"}],"curies":[{"name":"wp","href":"https:\/\/api.w.org\/{rel}","templated":true}]}}