{"id":6555,"date":"2025-06-07T13:19:19","date_gmt":"2025-06-07T17:19:19","guid":{"rendered":"https:\/\/innoticiasbo.com\/?p=6555"},"modified":"2025-06-07T13:21:39","modified_gmt":"2025-06-07T17:21:39","slug":"arce-denuncia-que-el-evismo-viola-el-derecho-internacional-humanitario","status":"publish","type":"post","link":"https:\/\/innoticiasbo.com\/index.php\/2025\/06\/07\/arce-denuncia-que-el-evismo-viola-el-derecho-internacional-humanitario\/","title":{"rendered":"ARCE DENUNCIA&nbsp; QUE EL EVISMO VIOLA EL \u00abDERECHO INTERNACIONAL HUMANITARIO"},"content":{"rendered":"\n<p>La Paz, 7 de junio de 2025.- El presidente de Bolivia Luis Arce us\u00f3 sus redes sociales para denunciar\u00a0 que el evismo vulnera el derecho internacional humanitario en sus protestas.<\/p>\n\n\n\n<figure class=\"wp-block-image size-large\"><img data-recalc-dims=\"1\" loading=\"lazy\" decoding=\"async\" width=\"640\" height=\"360\" src=\"https:\/\/i0.wp.com\/innoticiasbo.com\/wp-content\/uploads\/2025\/06\/grafica-evo-vs-lucho150033773369212769.jpg?resize=640%2C360&#038;ssl=1\" alt=\"\" class=\"wp-image-6553\" srcset=\"https:\/\/i0.wp.com\/innoticiasbo.com\/wp-content\/uploads\/2025\/06\/grafica-evo-vs-lucho150033773369212769.jpg?resize=1024%2C576&amp;ssl=1 1024w, https:\/\/i0.wp.com\/innoticiasbo.com\/wp-content\/uploads\/2025\/06\/grafica-evo-vs-lucho150033773369212769.jpg?resize=300%2C169&amp;ssl=1 300w, https:\/\/i0.wp.com\/innoticiasbo.com\/wp-content\/uploads\/2025\/06\/grafica-evo-vs-lucho150033773369212769.jpg?resize=768%2C432&amp;ssl=1 768w, https:\/\/i0.wp.com\/innoticiasbo.com\/wp-content\/uploads\/2025\/06\/grafica-evo-vs-lucho150033773369212769.jpg?resize=1536%2C864&amp;ssl=1 1536w, https:\/\/i0.wp.com\/innoticiasbo.com\/wp-content\/uploads\/2025\/06\/grafica-evo-vs-lucho150033773369212769.jpg?w=1920&amp;ssl=1 1920w, https:\/\/i0.wp.com\/innoticiasbo.com\/wp-content\/uploads\/2025\/06\/grafica-evo-vs-lucho150033773369212769.jpg?w=1280&amp;ssl=1 1280w\" sizes=\"auto, (max-width: 640px) 100vw, 640px\" \/><\/figure>\n\n\n\n<p>\u00abDenunciamos ante el pueblo de Bolivia y la comunidad internacional la flagrante violaci\u00f3n del derecho internacional humanitario y de la Convenci\u00f3n Americana sobre Derechos Humanos, que garantizan el acceso a la salud, la integridad f\u00edsica y el libre tr\u00e1nsito. En cualquier conflicto, es fundamental el estricto apego y respeto a estas normativas internacionales para prevenir la escalada de violencia y la ruptura democr\u00e1tica. Aunque el evismo busque derrocar a un gobierno leg\u00edtimo y constitucional, y evitar elecciones generales para la renovaci\u00f3n de los \u00f3rganos Ejecutivo y Legislativo, nunca se debe tolerar un ataque a ambulancias.<\/p>\n\n\n\n<p>Los hechos ocurridos recientemente en el municipio de Vinto, donde grupos del tr\u00f3pico cochabambino detuvieron y agredieron f\u00edsica y psicol\u00f3gicamente a trabajadores de salud y polic\u00edas, son merecedores de una en\u00e9rgica condena internacional. Agredir al personal de salud en el ejercicio de sus funciones est\u00e1 condenado incluso en contextos de guerra. Lo ocurrido desnuda el verdadero rostro antidemocr\u00e1tico y deshumanizante del evismo, que no duda en castigar a la poblaci\u00f3n civil en busca de objetivos conservadores, reaccionarios y golpistas.<\/p>\n\n\n\n<p>Hacemos un llamado urgente a la paz y al respeto de los derechos fundamentales de cada persona. La salud y el bienestar de nuestra poblaci\u00f3n deben prevalecer por encima de cualquier inter\u00e9s pol\u00edtico o personal.<\/p>\n\n\n\n<p>Exhortamos al Ministerio P\u00fablico y a las instancias judiciales correspondientes a actuar con celeridad para identificar y procesar a los responsables de estas acciones que atentan contra la vida y la integridad de las personas.<\/p>\n\n\n\n<p>Llamamos a la ciudadan\u00eda a defender la paz, la institucionalidad y el Estado de Derecho, as\u00ed como a respaldar las elecciones del 17 de agosto, y a aislar y repudiar a quienes promueven la violencia y el caos.<\/p>\n\n\n\n<p>\u00a1No permitiremos que la violencia se apodere de nuestras carreteras y amenace la tranquilidad del pueblo boliviano!\u00bb, public\u00f3.<\/p>\n\n\n\n<p>#LuisArce #derechohumanitario #innoticias <\/p>\n","protected":false},"excerpt":{"rendered":"<p>La Paz, 7 de junio de 2025.- El presidente de Bolivia Luis Arce us\u00f3 sus redes sociales para denunciar\u00a0 que el evismo vulnera el derecho internacional humanitario en sus protestas. \u00abDenunciamos ante el pueblo de Bolivia y la comunidad internacional la flagrante violaci\u00f3n del derecho internacional humanitario y de la Convenci\u00f3n Americana sobre Derechos Humanos,&#8230;<\/p>\n","protected":false},"author":2,"featured_media":6554,"comment_status":"open","ping_status":"open","sticky":false,"template":"","format":"standard","meta":{"_jetpack_memberships_contains_paid_content":false,"footnotes":"","jetpack_publicize_message":"","jetpack_publicize_feature_enabled":true,"jetpack_social_post_already_shared":true,"jetpack_social_options":{"image_generator_settings":{"template":"highway","enabled":false},"version":2}},"categories":[1,3],"tags":[339,7,26,673,168,22,46],"class_list":["post-6555","post","type-post","status-publish","format-standard","has-post-thumbnail","hentry","category-bolivia","category-politica","tag-bloqueos","tag-bolivia","tag-denuncia","tag-derecho-humanitario","tag-evistas","tag-innoticias","tag-luis-arce-catacora"],"jetpack_publicize_connections":[],"yoast_head":"<!-- This site is optimized with the Yoast SEO plugin v23.4 - https:\/\/yoast.com\/wordpress\/plugins\/seo\/ -->\n<title>ARCE DENUNCIA&nbsp; QUE EL EVISMO VIOLA EL &quot;DERECHO INTERNACIONAL HUMANITARIO - innoticiasbo.com<\/title>\n<meta name=\"robots\" content=\"index, follow, max-snippet:-1, max-image-preview:large, max-video-preview:-1\" \/>\n<link rel=\"canonical\" href=\"https:\/\/innoticiasbo.com\/index.php\/2025\/06\/07\/arce-denuncia-que-el-evismo-viola-el-derecho-internacional-humanitario\/\" \/>\n<meta property=\"og:locale\" content=\"es_ES\" \/>\n<meta property=\"og:type\" content=\"article\" \/>\n<meta property=\"og:title\" content=\"ARCE DENUNCIA&nbsp; QUE EL EVISMO VIOLA EL &quot;DERECHO INTERNACIONAL HUMANITARIO - innoticiasbo.com\" \/>\n<meta property=\"og:description\" content=\"La Paz, 7 de junio de 2025.- El presidente de Bolivia Luis Arce us\u00f3 sus redes sociales para denunciar\u00a0 que el evismo vulnera el derecho internacional humanitario en sus protestas. \u00abDenunciamos ante el pueblo de Bolivia y la comunidad internacional la flagrante violaci\u00f3n del derecho internacional humanitario y de la Convenci\u00f3n Americana sobre Derechos Humanos,...\" \/>\n<meta property=\"og:url\" content=\"https:\/\/innoticiasbo.com\/index.php\/2025\/06\/07\/arce-denuncia-que-el-evismo-viola-el-derecho-internacional-humanitario\/\" \/>\n<meta property=\"og:site_name\" content=\"innoticiasbo.com\" \/>\n<meta property=\"article:publisher\" content=\"https:\/\/www.facebook.com\/innoticiasbolivia\" \/>\n<meta property=\"article:published_time\" content=\"2025-06-07T17:19:19+00:00\" \/>\n<meta property=\"article:modified_time\" content=\"2025-06-07T17:21:39+00:00\" \/>\n<meta property=\"og:image\" content=\"https:\/\/i0.wp.com\/innoticiasbo.com\/wp-content\/uploads\/2025\/06\/GRAFICA-EVO-VS-LUCHO.jpg?fit=1920%2C1080&ssl=1\" \/>\n\t<meta property=\"og:image:width\" content=\"1920\" \/>\n\t<meta property=\"og:image:height\" content=\"1080\" \/>\n\t<meta property=\"og:image:type\" content=\"image\/jpeg\" \/>\n<meta name=\"author\" content=\"Prensa\" \/>\n<meta name=\"twitter:card\" content=\"summary_large_image\" \/>\n<meta name=\"twitter:creator\" content=\"@innoticiasbo\" \/>\n<meta name=\"twitter:site\" content=\"@innoticiasbo\" \/>\n<meta name=\"twitter:label1\" content=\"Escrito por\" \/>\n\t<meta name=\"twitter:data1\" content=\"Prensa\" \/>\n\t<meta name=\"twitter:label2\" content=\"Tiempo de lectura\" \/>\n\t<meta name=\"twitter:data2\" content=\"2 minutos\" \/>\n<script type=\"application\/ld+json\" class=\"yoast-schema-graph\">{\"@context\":\"https:\/\/schema.org\",\"@graph\":[{\"@type\":\"Article\",\"@id\":\"https:\/\/innoticiasbo.com\/index.php\/2025\/06\/07\/arce-denuncia-que-el-evismo-viola-el-derecho-internacional-humanitario\/#article\",\"isPartOf\":{\"@id\":\"https:\/\/innoticiasbo.com\/index.php\/2025\/06\/07\/arce-denuncia-que-el-evismo-viola-el-derecho-internacional-humanitario\/\"},\"author\":{\"name\":\"Prensa\",\"@id\":\"https:\/\/innoticiasbo.com\/#\/schema\/person\/589cd527c4211df1b943bdad85ec07ce\"},\"headline\":\"ARCE DENUNCIA&nbsp; QUE EL EVISMO VIOLA EL \u00abDERECHO INTERNACIONAL HUMANITARIO\",\"datePublished\":\"2025-06-07T17:19:19+00:00\",\"dateModified\":\"2025-06-07T17:21:39+00:00\",\"mainEntityOfPage\":{\"@id\":\"https:\/\/innoticiasbo.com\/index.php\/2025\/06\/07\/arce-denuncia-que-el-evismo-viola-el-derecho-internacional-humanitario\/\"},\"wordCount\":361,\"commentCount\":0,\"publisher\":{\"@id\":\"https:\/\/innoticiasbo.com\/#organization\"},\"image\":{\"@id\":\"https:\/\/innoticiasbo.com\/index.php\/2025\/06\/07\/arce-denuncia-que-el-evismo-viola-el-derecho-internacional-humanitario\/#primaryimage\"},\"thumbnailUrl\":\"https:\/\/i0.wp.com\/innoticiasbo.com\/wp-content\/uploads\/2025\/06\/GRAFICA-EVO-VS-LUCHO.jpg?fit=1920%2C1080&ssl=1\",\"keywords\":[\"bloqueos\",\"Bolivia\",\"denuncia\",\"derecho humanitario\",\"evistas\",\"innoticias\",\"Luis Arce Catacora\"],\"articleSection\":[\"Bolivia\",\"Pol\u00edtica\"],\"inLanguage\":\"es\",\"potentialAction\":[{\"@type\":\"CommentAction\",\"name\":\"Comment\",\"target\":[\"https:\/\/innoticiasbo.com\/index.php\/2025\/06\/07\/arce-denuncia-que-el-evismo-viola-el-derecho-internacional-humanitario\/#respond\"]}]},{\"@type\":\"WebPage\",\"@id\":\"https:\/\/innoticiasbo.com\/index.php\/2025\/06\/07\/arce-denuncia-que-el-evismo-viola-el-derecho-internacional-humanitario\/\",\"url\":\"https:\/\/innoticiasbo.com\/index.php\/2025\/06\/07\/arce-denuncia-que-el-evismo-viola-el-derecho-internacional-humanitario\/\",\"name\":\"ARCE DENUNCIA&nbsp; QUE EL EVISMO VIOLA EL \\\"DERECHO INTERNACIONAL HUMANITARIO - innoticiasbo.com\",\"isPartOf\":{\"@id\":\"https:\/\/innoticiasbo.com\/#website\"},\"primaryImageOfPage\":{\"@id\":\"https:\/\/innoticiasbo.com\/index.php\/2025\/06\/07\/arce-denuncia-que-el-evismo-viola-el-derecho-internacional-humanitario\/#primaryimage\"},\"image\":{\"@id\":\"https:\/\/innoticiasbo.com\/index.php\/2025\/06\/07\/arce-denuncia-que-el-evismo-viola-el-derecho-internacional-humanitario\/#primaryimage\"},\"thumbnailUrl\":\"https:\/\/i0.wp.com\/innoticiasbo.com\/wp-content\/uploads\/2025\/06\/GRAFICA-EVO-VS-LUCHO.jpg?fit=1920%2C1080&ssl=1\",\"datePublished\":\"2025-06-07T17:19:19+00:00\",\"dateModified\":\"2025-06-07T17:21:39+00:00\",\"breadcrumb\":{\"@id\":\"https:\/\/innoticiasbo.com\/index.php\/2025\/06\/07\/arce-denuncia-que-el-evismo-viola-el-derecho-internacional-humanitario\/#breadcrumb\"},\"inLanguage\":\"es\",\"potentialAction\":[{\"@type\":\"ReadAction\",\"target\":[\"https:\/\/innoticiasbo.com\/index.php\/2025\/06\/07\/arce-denuncia-que-el-evismo-viola-el-derecho-internacional-humanitario\/\"]}]},{\"@type\":\"ImageObject\",\"inLanguage\":\"es\",\"@id\":\"https:\/\/innoticiasbo.com\/index.php\/2025\/06\/07\/arce-denuncia-que-el-evismo-viola-el-derecho-internacional-humanitario\/#primaryimage\",\"url\":\"https:\/\/i0.wp.com\/innoticiasbo.com\/wp-content\/uploads\/2025\/06\/GRAFICA-EVO-VS-LUCHO.jpg?fit=1920%2C1080&ssl=1\",\"contentUrl\":\"https:\/\/i0.wp.com\/innoticiasbo.com\/wp-content\/uploads\/2025\/06\/GRAFICA-EVO-VS-LUCHO.jpg?fit=1920%2C1080&ssl=1\",\"width\":1920,\"height\":1080},{\"@type\":\"BreadcrumbList\",\"@id\":\"https:\/\/innoticiasbo.com\/index.php\/2025\/06\/07\/arce-denuncia-que-el-evismo-viola-el-derecho-internacional-humanitario\/#breadcrumb\",\"itemListElement\":[{\"@type\":\"ListItem\",\"position\":1,\"name\":\"Portada\",\"item\":\"https:\/\/innoticiasbo.com\/\"},{\"@type\":\"ListItem\",\"position\":2,\"name\":\"ARCE DENUNCIA&nbsp; QUE EL EVISMO VIOLA EL \u00abDERECHO INTERNACIONAL HUMANITARIO\"}]},{\"@type\":\"WebSite\",\"@id\":\"https:\/\/innoticiasbo.com\/#website\",\"url\":\"https:\/\/innoticiasbo.com\/\",\"name\":\"innoticiasbo.com\",\"description\":\"\",\"publisher\":{\"@id\":\"https:\/\/innoticiasbo.com\/#organization\"},\"potentialAction\":[{\"@type\":\"SearchAction\",\"target\":{\"@type\":\"EntryPoint\",\"urlTemplate\":\"https:\/\/innoticiasbo.com\/?s={search_term_string}\"},\"query-input\":{\"@type\":\"PropertyValueSpecification\",\"valueRequired\":true,\"valueName\":\"search_term_string\"}}],\"inLanguage\":\"es\"},{\"@type\":\"Organization\",\"@id\":\"https:\/\/innoticiasbo.com\/#organization\",\"name\":\"innoticiasbo.com\",\"url\":\"https:\/\/innoticiasbo.com\/\",\"logo\":{\"@type\":\"ImageObject\",\"inLanguage\":\"es\",\"@id\":\"https:\/\/innoticiasbo.com\/#\/schema\/logo\/image\/\",\"url\":\"https:\/\/i0.wp.com\/innoticiasbo.com\/wp-content\/uploads\/2026\/04\/cropped-IN-LOGO.png?fit=1476%2C1476&ssl=1\",\"contentUrl\":\"https:\/\/i0.wp.com\/innoticiasbo.com\/wp-content\/uploads\/2026\/04\/cropped-IN-LOGO.png?fit=1476%2C1476&ssl=1\",\"width\":1476,\"height\":1476,\"caption\":\"innoticiasbo.com\"},\"image\":{\"@id\":\"https:\/\/innoticiasbo.com\/#\/schema\/logo\/image\/\"},\"sameAs\":[\"https:\/\/www.facebook.com\/innoticiasbolivia\",\"https:\/\/x.com\/innoticiasbo\",\"https:\/\/www.instagram.com\/innoticiasbo\",\"https:\/\/www.youtube.com\/innoticiasbo\"]},{\"@type\":\"Person\",\"@id\":\"https:\/\/innoticiasbo.com\/#\/schema\/person\/589cd527c4211df1b943bdad85ec07ce\",\"name\":\"Prensa\",\"image\":{\"@type\":\"ImageObject\",\"inLanguage\":\"es\",\"@id\":\"https:\/\/innoticiasbo.com\/#\/schema\/person\/image\/\",\"url\":\"https:\/\/secure.gravatar.com\/avatar\/d359bbdf112023c1c0a3ec7fe1600657?s=96&d=mm&r=g\",\"contentUrl\":\"https:\/\/secure.gravatar.com\/avatar\/d359bbdf112023c1c0a3ec7fe1600657?s=96&d=mm&r=g\",\"caption\":\"Prensa\"},\"sameAs\":[\"http:\/\/www.innoticiasbo.com\"],\"url\":\"https:\/\/innoticiasbo.com\/index.php\/author\/prensa\/\"}]}<\/script>\n<!-- \/ Yoast SEO plugin. -->","yoast_head_json":{"title":"ARCE DENUNCIA&nbsp; QUE EL EVISMO VIOLA EL \"DERECHO INTERNACIONAL HUMANITARIO - innoticiasbo.com","robots":{"index":"index","follow":"follow","max-snippet":"max-snippet:-1","max-image-preview":"max-image-preview:large","max-video-preview":"max-video-preview:-1"},"canonical":"https:\/\/innoticiasbo.com\/index.php\/2025\/06\/07\/arce-denuncia-que-el-evismo-viola-el-derecho-internacional-humanitario\/","og_locale":"es_ES","og_type":"article","og_title":"ARCE DENUNCIA&nbsp; QUE EL EVISMO VIOLA EL \"DERECHO INTERNACIONAL HUMANITARIO - innoticiasbo.com","og_description":"La Paz, 7 de junio de 2025.- El presidente de Bolivia Luis Arce us\u00f3 sus redes sociales para denunciar\u00a0 que el evismo vulnera el derecho internacional humanitario en sus protestas. \u00abDenunciamos ante el pueblo de Bolivia y la comunidad internacional la flagrante violaci\u00f3n del derecho internacional humanitario y de la Convenci\u00f3n Americana sobre Derechos Humanos,...","og_url":"https:\/\/innoticiasbo.com\/index.php\/2025\/06\/07\/arce-denuncia-que-el-evismo-viola-el-derecho-internacional-humanitario\/","og_site_name":"innoticiasbo.com","article_publisher":"https:\/\/www.facebook.com\/innoticiasbolivia","article_published_time":"2025-06-07T17:19:19+00:00","article_modified_time":"2025-06-07T17:21:39+00:00","og_image":[{"width":1920,"height":1080,"url":"https:\/\/i0.wp.com\/innoticiasbo.com\/wp-content\/uploads\/2025\/06\/GRAFICA-EVO-VS-LUCHO.jpg?fit=1920%2C1080&ssl=1","type":"image\/jpeg"}],"author":"Prensa","twitter_card":"summary_large_image","twitter_creator":"@innoticiasbo","twitter_site":"@innoticiasbo","twitter_misc":{"Escrito por":"Prensa","Tiempo de lectura":"2 minutos"},"schema":{"@context":"https:\/\/schema.org","@graph":[{"@type":"Article","@id":"https:\/\/innoticiasbo.com\/index.php\/2025\/06\/07\/arce-denuncia-que-el-evismo-viola-el-derecho-internacional-humanitario\/#article","isPartOf":{"@id":"https:\/\/innoticiasbo.com\/index.php\/2025\/06\/07\/arce-denuncia-que-el-evismo-viola-el-derecho-internacional-humanitario\/"},"author":{"name":"Prensa","@id":"https:\/\/innoticiasbo.com\/#\/schema\/person\/589cd527c4211df1b943bdad85ec07ce"},"headline":"ARCE DENUNCIA&nbsp; QUE EL EVISMO VIOLA EL \u00abDERECHO INTERNACIONAL HUMANITARIO","datePublished":"2025-06-07T17:19:19+00:00","dateModified":"2025-06-07T17:21:39+00:00","mainEntityOfPage":{"@id":"https:\/\/innoticiasbo.com\/index.php\/2025\/06\/07\/arce-denuncia-que-el-evismo-viola-el-derecho-internacional-humanitario\/"},"wordCount":361,"commentCount":0,"publisher":{"@id":"https:\/\/innoticiasbo.com\/#organization"},"image":{"@id":"https:\/\/innoticiasbo.com\/index.php\/2025\/06\/07\/arce-denuncia-que-el-evismo-viola-el-derecho-internacional-humanitario\/#primaryimage"},"thumbnailUrl":"https:\/\/i0.wp.com\/innoticiasbo.com\/wp-content\/uploads\/2025\/06\/GRAFICA-EVO-VS-LUCHO.jpg?fit=1920%2C1080&ssl=1","keywords":["bloqueos","Bolivia","denuncia","derecho humanitario","evistas","innoticias","Luis Arce Catacora"],"articleSection":["Bolivia","Pol\u00edtica"],"inLanguage":"es","potentialAction":[{"@type":"CommentAction","name":"Comment","target":["https:\/\/innoticiasbo.com\/index.php\/2025\/06\/07\/arce-denuncia-que-el-evismo-viola-el-derecho-internacional-humanitario\/#respond"]}]},{"@type":"WebPage","@id":"https:\/\/innoticiasbo.com\/index.php\/2025\/06\/07\/arce-denuncia-que-el-evismo-viola-el-derecho-internacional-humanitario\/","url":"https:\/\/innoticiasbo.com\/index.php\/2025\/06\/07\/arce-denuncia-que-el-evismo-viola-el-derecho-internacional-humanitario\/","name":"ARCE DENUNCIA&nbsp; QUE EL EVISMO VIOLA EL \"DERECHO INTERNACIONAL HUMANITARIO - innoticiasbo.com","isPartOf":{"@id":"https:\/\/innoticiasbo.com\/#website"},"primaryImageOfPage":{"@id":"https:\/\/innoticiasbo.com\/index.php\/2025\/06\/07\/arce-denuncia-que-el-evismo-viola-el-derecho-internacional-humanitario\/#primaryimage"},"image":{"@id":"https:\/\/innoticiasbo.com\/index.php\/2025\/06\/07\/arce-denuncia-que-el-evismo-viola-el-derecho-internacional-humanitario\/#primaryimage"},"thumbnailUrl":"https:\/\/i0.wp.com\/innoticiasbo.com\/wp-content\/uploads\/2025\/06\/GRAFICA-EVO-VS-LUCHO.jpg?fit=1920%2C1080&ssl=1","datePublished":"2025-06-07T17:19:19+00:00","dateModified":"2025-06-07T17:21:39+00:00","breadcrumb":{"@id":"https:\/\/innoticiasbo.com\/index.php\/2025\/06\/07\/arce-denuncia-que-el-evismo-viola-el-derecho-internacional-humanitario\/#breadcrumb"},"inLanguage":"es","potentialAction":[{"@type":"ReadAction","target":["https:\/\/innoticiasbo.com\/index.php\/2025\/06\/07\/arce-denuncia-que-el-evismo-viola-el-derecho-internacional-humanitario\/"]}]},{"@type":"ImageObject","inLanguage":"es","@id":"https:\/\/innoticiasbo.com\/index.php\/2025\/06\/07\/arce-denuncia-que-el-evismo-viola-el-derecho-internacional-humanitario\/#primaryimage","url":"https:\/\/i0.wp.com\/innoticiasbo.com\/wp-content\/uploads\/2025\/06\/GRAFICA-EVO-VS-LUCHO.jpg?fit=1920%2C1080&ssl=1","contentUrl":"https:\/\/i0.wp.com\/innoticiasbo.com\/wp-content\/uploads\/2025\/06\/GRAFICA-EVO-VS-LUCHO.jpg?fit=1920%2C1080&ssl=1","width":1920,"height":1080},{"@type":"BreadcrumbList","@id":"https:\/\/innoticiasbo.com\/index.php\/2025\/06\/07\/arce-denuncia-que-el-evismo-viola-el-derecho-internacional-humanitario\/#breadcrumb","itemListElement":[{"@type":"ListItem","position":1,"name":"Portada","item":"https:\/\/innoticiasbo.com\/"},{"@type":"ListItem","position":2,"name":"ARCE DENUNCIA&nbsp; QUE EL EVISMO VIOLA EL \u00abDERECHO INTERNACIONAL HUMANITARIO"}]},{"@type":"WebSite","@id":"https:\/\/innoticiasbo.com\/#website","url":"https:\/\/innoticiasbo.com\/","name":"innoticiasbo.com","description":"","publisher":{"@id":"https:\/\/innoticiasbo.com\/#organization"},"potentialAction":[{"@type":"SearchAction","target":{"@type":"EntryPoint","urlTemplate":"https:\/\/innoticiasbo.com\/?s={search_term_string}"},"query-input":{"@type":"PropertyValueSpecification","valueRequired":true,"valueName":"search_term_string"}}],"inLanguage":"es"},{"@type":"Organization","@id":"https:\/\/innoticiasbo.com\/#organization","name":"innoticiasbo.com","url":"https:\/\/innoticiasbo.com\/","logo":{"@type":"ImageObject","inLanguage":"es","@id":"https:\/\/innoticiasbo.com\/#\/schema\/logo\/image\/","url":"https:\/\/i0.wp.com\/innoticiasbo.com\/wp-content\/uploads\/2026\/04\/cropped-IN-LOGO.png?fit=1476%2C1476&ssl=1","contentUrl":"https:\/\/i0.wp.com\/innoticiasbo.com\/wp-content\/uploads\/2026\/04\/cropped-IN-LOGO.png?fit=1476%2C1476&ssl=1","width":1476,"height":1476,"caption":"innoticiasbo.com"},"image":{"@id":"https:\/\/innoticiasbo.com\/#\/schema\/logo\/image\/"},"sameAs":["https:\/\/www.facebook.com\/innoticiasbolivia","https:\/\/x.com\/innoticiasbo","https:\/\/www.instagram.com\/innoticiasbo","https:\/\/www.youtube.com\/innoticiasbo"]},{"@type":"Person","@id":"https:\/\/innoticiasbo.com\/#\/schema\/person\/589cd527c4211df1b943bdad85ec07ce","name":"Prensa","image":{"@type":"ImageObject","inLanguage":"es","@id":"https:\/\/innoticiasbo.com\/#\/schema\/person\/image\/","url":"https:\/\/secure.gravatar.com\/avatar\/d359bbdf112023c1c0a3ec7fe1600657?s=96&d=mm&r=g","contentUrl":"https:\/\/secure.gravatar.com\/avatar\/d359bbdf112023c1c0a3ec7fe1600657?s=96&d=mm&r=g","caption":"Prensa"},"sameAs":["http:\/\/www.innoticiasbo.com"],"url":"https:\/\/innoticiasbo.com\/index.php\/author\/prensa\/"}]}},"jetpack_featured_media_url":"https:\/\/i0.wp.com\/innoticiasbo.com\/wp-content\/uploads\/2025\/06\/GRAFICA-EVO-VS-LUCHO.jpg?fit=1920%2C1080&ssl=1","jetpack_likes_enabled":true,"jetpack_sharing_enabled":true,"jetpack_shortlink":"https:\/\/wp.me\/pg298x-1HJ","_links":{"self":[{"href":"https:\/\/innoticiasbo.com\/index.php\/wp-json\/wp\/v2\/posts\/6555","targetHints":{"allow":["GET"]}}],"collection":[{"href":"https:\/\/innoticiasbo.com\/index.php\/wp-json\/wp\/v2\/posts"}],"about":[{"href":"https:\/\/innoticiasbo.com\/index.php\/wp-json\/wp\/v2\/types\/post"}],"author":[{"embeddable":true,"href":"https:\/\/innoticiasbo.com\/index.php\/wp-json\/wp\/v2\/users\/2"}],"replies":[{"embeddable":true,"href":"https:\/\/innoticiasbo.com\/index.php\/wp-json\/wp\/v2\/comments?post=6555"}],"version-history":[{"count":1,"href":"https:\/\/innoticiasbo.com\/index.php\/wp-json\/wp\/v2\/posts\/6555\/revisions"}],"predecessor-version":[{"id":6556,"href":"https:\/\/innoticiasbo.com\/index.php\/wp-json\/wp\/v2\/posts\/6555\/revisions\/6556"}],"wp:featuredmedia":[{"embeddable":true,"href":"https:\/\/innoticiasbo.com\/index.php\/wp-json\/wp\/v2\/media\/6554"}],"wp:attachment":[{"href":"https:\/\/innoticiasbo.com\/index.php\/wp-json\/wp\/v2\/media?parent=6555"}],"wp:term":[{"taxonomy":"category","embeddable":true,"href":"https:\/\/innoticiasbo.com\/index.php\/wp-json\/wp\/v2\/categories?post=6555"},{"taxonomy":"post_tag","embeddable":true,"href":"https:\/\/innoticiasbo.com\/index.php\/wp-json\/wp\/v2\/tags?post=6555"}],"curies":[{"name":"wp","href":"https:\/\/api.w.org\/{rel}","templated":true}]}}